{"id":261556,"date":"2020-07-07T08:33:02","date_gmt":"2020-07-07T11:33:02","guid":{"rendered":"http:\/\/quersaberpolitica.com.br\/2016\/?p=261556"},"modified":"2020-07-06T19:00:40","modified_gmt":"2020-07-06T22:00:40","slug":"mulher-que-atacou-verbalmente-fiscal-da-vigilancia-sanitaria-e-demitida","status":"publish","type":"post","link":"https:\/\/blogdofarnesio.com.br\/?p=261556","title":{"rendered":"Mulher que atacou verbalmente fiscal da Vigil\u00e2ncia Sanit\u00e1ria \u00e9 demitida"},"content":{"rendered":"<figure class=\"horizontal\">Carolina Heringer e Rafael Nascimento de Souza\/<strong>Extra\u00a0\u00a0<\/strong><\/figure>\n<div class=\"story\">\n<p>A mulher que foi gravada\u00a0<a href=\"https:\/\/extra.globo.com\/noticias\/rio\/fiscal-da-vigilancia-sanitaria-do-rio-diz-apos-ataque-as-agressoes-nao-me-atingiram-estou-ali-para-protege-los-24517449.html\">atacando verbalmente o superintendente de educa\u00e7\u00e3o e projetos da Vigil\u00e2ncia Sanit\u00e1ria do Rio<\/a>, Fl\u00e1vio Gra\u00e7a, foi demitida. Ela \u00e9 engenheira qu\u00edmica, com especializa\u00e7\u00e3o em administra\u00e7\u00e3o de empresas, e tem 39 anos. Em nota, a empresa de transmiss\u00e3o de energia Taesa, onde ela trabalhava, confirmou a decis\u00e3o e afirmou que &#8220;compartilha a indigna\u00e7\u00e3o da sociedade em rela\u00e7\u00e3o a este lament\u00e1vel epis\u00f3dio, sobretudo em um momento no qual o n\u00famero de casos da doen\u00e7a segue em alta no Brasil e no mundo&#8221;.<\/p>\n<p align=\"justify\">O epis\u00f3dio que gerou bastante repercuss\u00e3o, principalmente nas redes sociais, foi exibido neste domingo no programa &#8220;Fant\u00e1stico&#8221;, da TV Globo. Durante uma fiscaliza\u00e7\u00e3o em um bar por volta de 21h de s\u00e1bado, dia 4, um casal foi filmado atacando Gra\u00e7a, que \u00e9 m\u00e9dico-veterin\u00e1rio e conduzia a opera\u00e7\u00e3o. Ambos exclu\u00edram perfis que mantinha em redes sociais.<\/p>\n<div id=\"pub-in-text-1\" class=\"dfp publicidade outstream clearfix advertising--loaded\" data-extra-advertising-format=\"in-text\" data-extra-advertising-index=\"1\" data-google-query-id=\"COOuy-fOueoCFYFE7AodHaQPpQ\">\n<div id=\"google_ads_iframe_\/85042905\/info.web.extra\/noticia\/rio\/materia_8__container__\"><iframe id=\"google_ads_iframe_\/85042905\/info.web.extra\/noticia\/rio\/materia_8\" title=\"3rd party ad content\" name=\"google_ads_iframe_\/85042905\/info.web.extra\/noticia\/rio\/materia_8\" width=\"2\" height=\"2\" frameborder=\"0\" marginwidth=\"0\" marginheight=\"0\" scrolling=\"no\" data-google-container-id=\"1\" data-load-complete=\"true\" data-mce-fragment=\"1\"><\/iframe><\/div>\n<\/div>\n<p>\u2014 Voc\u00ea n\u00e3o vai falar com o seu chefe, n\u00e3o? \u2014 perguntou o homem a Gra\u00e7a, dando a entender que ele pagava o sal\u00e1rio do superintendente.<\/p>\n<p>Na mesma sequ\u00eancia, a mulher interrompe a conversa e afirma:<\/p>\n<p>\u2014 A gente paga voc\u00ea, filho.<\/p>\n<p>No momento da confus\u00e3o, Fl\u00e1vio tenta explicar ao casal que existiam diversas irregularidades no espa\u00e7o e que os frequentadores n\u00e3o poderiam ficar aglomerados para evitar uma contamina\u00e7\u00e3o em massa. Pelo decreto da Prefeitura, cada mesa com as cadeiras deve ficar com pelo menos dois metros de dist\u00e2ncia umas das outras. Ao informar a determina\u00e7\u00e3o, o cliente, alterado, disse:<\/p>\n<p>\u2014 Cad\u00ea a sua trena? Eu quero saber como voc\u00ea mediu as pessoas.<\/p>\n<p>Por fim, ao chamar o homem de cidad\u00e3o, o ataque por parte da mulher:<\/p>\n<p>\u2014 Cidad\u00e3o, n\u00e3o. Engenheiro civil formado e melhor que voc\u00ea.<\/p>\n<figure><img decoding=\"async\" class=\"inline\" src=\"https:\/\/extra.globo.com\/incoming\/24517692-508-edc\/w448\/xcasal-vigilancia.jpg.pagespeed.ic.-8iNWkQfcb.jpg\" alt=\"Casal foi filmado intimidando fiscal da Vigil\u00e2ncia Sanit\u00e1ria\" \/><figcaption>Casal foi filmado intimidando fiscal da Vigil\u00e2ncia Sanit\u00e1ria Foto: Reprodu\u00e7\u00e3o\/TV Globo<\/figcaption><\/figure>\n<p>O espa\u00e7o onde o casal estava foi multado, e o dono teve que fechar o bar. Ap\u00f3s a veicula\u00e7\u00e3o da reportagem, Fl\u00e1vio \u2014 que \u00e9 mestre e doutor pela Universidade Federal Rural do Rio (UFRRJ) \u2014 conversou com o EXTRA e lamentou a atitude da dupla. Ainda segundo o superintendente, outro homem, que num primeiro momento se apresentou com advogado do estabelecimento, quis interromper a inspe\u00e7\u00e3o. N\u00e3o conseguiu. Logo depois, o advogado teria ido aos policiais militares que acompanhavam a a\u00e7\u00e3o e teria dito que era ele delegado e que a fiscaliza\u00e7\u00e3o tinha que ser suspensa. No entanto, a a\u00e7\u00e3o seguiu.<\/p>\n<p>\u2014 Naquele dia, n\u00f3s encontramos uma grande aglomera\u00e7\u00e3o no estabelecimento. Eu sempre registro a a\u00e7\u00e3o com um celular, para dar legitimidade. Quando eu passei a gravar, as pessoas come\u00e7aram a se levantar. N\u00e3o s\u00f3 aquela mo\u00e7a, mas outro rapaz. Eles vieram e disseram que eu n\u00e3o tinha direito de grav\u00e1-los e pediram direito \u00e0 imagem. Logo em seguida, falaram que iriam anotar o meu nome \u2014 afirma Fl\u00e1vio.<\/p>\n<p>Leia a nota da Taesa na \u00edntegra:<\/p>\n<p><em>A Taesa \u00e9 uma companhia comprometida com a seguran\u00e7a e a sa\u00fade n\u00e3o apenas de seus empregados, mas tamb\u00e9m com o bem-estar de toda a sociedade. Desde o in\u00edcio da pandemia da Covid-19, a Taesa implementou in\u00fameras iniciativas para proteger a sa\u00fade de seus profissionais e seus familiares, como o home-office para 100% do seu quadro administrativo, e a ado\u00e7\u00e3o de diversas outras medidas de prote\u00e7\u00e3o para as equipes que operam em campo.<\/em><\/p>\n<p><em>A companhia n\u00e3o compactua com qualquer comportamento que coloque em risco a sa\u00fade de outras pessoas ou com atitudes que desrespeitem o trabalho e a dignidade de profissionais que atuam na preven\u00e7\u00e3o e no controle da pandemia.<\/em><\/p>\n<p><em>A Taesa tomou conhecimento do envolvimento de uma de suas empregadas em um caso de desrespeito \u00e0s leis que visam reduzir o risco de cont\u00e1gio pelo novo coronav\u00edrus e compartilha a indigna\u00e7\u00e3o da sociedade em rela\u00e7\u00e3o a este lament\u00e1vel epis\u00f3dio, sobretudo em um momento no qual o n\u00famero de casos da doen\u00e7a segue em alta no Brasil e no mundo.<\/em><\/p>\n<p><em>A Taesa ressalta que segue respeitando o isolamento e as mais rigorosas regras de preven\u00e7\u00e3o ao coronav\u00edrus e que a empregada em quest\u00e3o desrespeitou a pol\u00edtica vigente na empresa. Diante dos fatos expostos, a Taesa decidiu por sua imediata demiss\u00e3o.<\/em><\/p>\n<\/div>\n","protected":false},"excerpt":{"rendered":"<p>Carolina Heringer e Rafael Nascimento de Souza\/Extra\u00a0\u00a0 A mulher que foi gravada\u00a0atacando verbalmente o superintendente de educa\u00e7\u00e3o e projetos da Vigil\u00e2ncia Sanit\u00e1ria do Rio, Fl\u00e1vio Gra\u00e7a, foi demitida. Ela \u00e9 engenheira qu\u00edmica, com especializa\u00e7\u00e3o em administra\u00e7\u00e3o de empresas, e tem 39 anos. Em nota, a empresa de transmiss\u00e3o de energia Taesa, onde ela trabalhava, confirmou a decis\u00e3o e afirmou que &#8220;compartilha a indigna\u00e7\u00e3o da sociedade em rela\u00e7\u00e3o a este lament\u00e1vel epis\u00f3dio, sobretudo em um momento no qual o n\u00famero de casos da doen\u00e7a segue em alta no Brasil e no mundo&#8221;. O epis\u00f3dio que gerou bastante repercuss\u00e3o, principalmente nas redes sociais, foi exibido neste domingo no programa &#8220;Fant\u00e1stico&#8221;, da TV Globo. Durante uma fiscaliza\u00e7\u00e3o em um bar por volta de&hellip; <\/p>\n","protected":false},"author":1,"featured_media":261557,"comment_status":"closed","ping_status":"closed","sticky":false,"template":"","format":"standard","meta":{"_acf_changed":false,"footnotes":""},"categories":[9],"tags":[],"class_list":["post-261556","post","type-post","status-publish","format-standard","has-post-thumbnail","hentry","category-policia"],"acf":[],"yoast_head":"<!-- This site is optimized with the Yoast SEO plugin v27.4 - https:\/\/yoast.com\/product\/yoast-seo-wordpress\/ -->\n<title>Mulher que atacou verbalmente fiscal da Vigil\u00e2ncia Sanit\u00e1ria \u00e9 demitida - Blog do Farn\u00e9sio<\/title>\n<meta name=\"robots\" content=\"index, follow, max-snippet:-1, max-image-preview:large, max-video-preview:-1\" \/>\n<link rel=\"canonical\" href=\"https:\/\/blogdofarnesio.com.br\/?p=261556\" \/>\n<meta property=\"og:locale\" content=\"pt_BR\" \/>\n<meta property=\"og:type\" content=\"article\" \/>\n<meta property=\"og:title\" content=\"Mulher que atacou verbalmente fiscal da Vigil\u00e2ncia Sanit\u00e1ria \u00e9 demitida - Blog do Farn\u00e9sio\" \/>\n<meta property=\"og:description\" content=\"Carolina Heringer e Rafael Nascimento de Souza\/Extra\u00a0\u00a0 A mulher que foi gravada\u00a0atacando verbalmente o superintendente de educa\u00e7\u00e3o e projetos da Vigil\u00e2ncia Sanit\u00e1ria do Rio, Fl\u00e1vio Gra\u00e7a, foi demitida. Ela \u00e9 engenheira qu\u00edmica, com especializa\u00e7\u00e3o em administra\u00e7\u00e3o de empresas, e tem 39 anos. Em nota, a empresa de transmiss\u00e3o de energia Taesa, onde ela trabalhava, confirmou a decis\u00e3o e afirmou que &#8220;compartilha a indigna\u00e7\u00e3o da sociedade em rela\u00e7\u00e3o a este lament\u00e1vel epis\u00f3dio, sobretudo em um momento no qual o n\u00famero de casos da doen\u00e7a segue em alta no Brasil e no mundo&#8221;. O epis\u00f3dio que gerou bastante repercuss\u00e3o, principalmente nas redes sociais, foi exibido neste domingo no programa &#8220;Fant\u00e1stico&#8221;, da TV Globo. Durante uma fiscaliza\u00e7\u00e3o em um bar por volta de&hellip;\" \/>\n<meta property=\"og:url\" content=\"https:\/\/blogdofarnesio.com.br\/?p=261556\" \/>\n<meta property=\"og:site_name\" content=\"Blog do Farn\u00e9sio\" \/>\n<meta property=\"article:publisher\" content=\"https:\/\/www.facebook.com\/BlogQuerSaberPolitica\/\" \/>\n<meta property=\"article:published_time\" content=\"2020-07-07T11:33:02+00:00\" \/>\n<meta property=\"og:image\" content=\"https:\/\/blogdofarnesio.com.br\/wp-content\/uploads\/2020\/07\/blogqspmulher-racista-xwhatsapp-image-2020-07-06-at-13.00.05.jpeg.jpg.pagespeed.ic_.KH0MPO0hCy.jpg\" \/>\n\t<meta property=\"og:image:width\" content=\"640\" \/>\n\t<meta property=\"og:image:height\" content=\"360\" \/>\n\t<meta property=\"og:image:type\" content=\"image\/jpeg\" \/>\n<meta name=\"author\" content=\"Farn\u00e9sio\" \/>\n<meta name=\"twitter:card\" content=\"summary_large_image\" \/>\n<meta name=\"twitter:label1\" content=\"Escrito por\" \/>\n\t<meta name=\"twitter:data1\" content=\"Farn\u00e9sio\" \/>\n\t<meta name=\"twitter:label2\" content=\"Est. tempo de leitura\" \/>\n\t<meta name=\"twitter:data2\" content=\"4 minutos\" \/>\n<script type=\"application\/ld+json\" class=\"yoast-schema-graph\">{\"@context\":\"https:\\\/\\\/schema.org\",\"@graph\":[{\"@type\":\"Article\",\"@id\":\"https:\\\/\\\/blogdofarnesio.com.br\\\/?p=261556#article\",\"isPartOf\":{\"@id\":\"https:\\\/\\\/blogdofarnesio.com.br\\\/?p=261556\"},\"author\":{\"name\":\"Farn\u00e9sio\",\"@id\":\"https:\\\/\\\/blogdofarnesio.com.br\\\/#\\\/schema\\\/person\\\/301c4acf522bccbfdb45af95b5b906a1\"},\"headline\":\"Mulher que atacou verbalmente fiscal da Vigil\u00e2ncia Sanit\u00e1ria \u00e9 demitida\",\"datePublished\":\"2020-07-07T11:33:02+00:00\",\"mainEntityOfPage\":{\"@id\":\"https:\\\/\\\/blogdofarnesio.com.br\\\/?p=261556\"},\"wordCount\":764,\"publisher\":{\"@id\":\"https:\\\/\\\/blogdofarnesio.com.br\\\/#organization\"},\"image\":{\"@id\":\"https:\\\/\\\/blogdofarnesio.com.br\\\/?p=261556#primaryimage\"},\"thumbnailUrl\":\"https:\\\/\\\/blogdofarnesio.com.br\\\/wp-content\\\/uploads\\\/2020\\\/07\\\/blogqspmulher-racista-xwhatsapp-image-2020-07-06-at-13.00.05.jpeg.jpg.pagespeed.ic_.KH0MPO0hCy.jpg\",\"articleSection\":[\"Pol\u00edcia\"],\"inLanguage\":\"pt-BR\"},{\"@type\":\"WebPage\",\"@id\":\"https:\\\/\\\/blogdofarnesio.com.br\\\/?p=261556\",\"url\":\"https:\\\/\\\/blogdofarnesio.com.br\\\/?p=261556\",\"name\":\"Mulher que atacou verbalmente fiscal da Vigil\u00e2ncia Sanit\u00e1ria \u00e9 demitida - Blog do Farn\u00e9sio\",\"isPartOf\":{\"@id\":\"https:\\\/\\\/blogdofarnesio.com.br\\\/#website\"},\"primaryImageOfPage\":{\"@id\":\"https:\\\/\\\/blogdofarnesio.com.br\\\/?p=261556#primaryimage\"},\"image\":{\"@id\":\"https:\\\/\\\/blogdofarnesio.com.br\\\/?p=261556#primaryimage\"},\"thumbnailUrl\":\"https:\\\/\\\/blogdofarnesio.com.br\\\/wp-content\\\/uploads\\\/2020\\\/07\\\/blogqspmulher-racista-xwhatsapp-image-2020-07-06-at-13.00.05.jpeg.jpg.pagespeed.ic_.KH0MPO0hCy.jpg\",\"datePublished\":\"2020-07-07T11:33:02+00:00\",\"breadcrumb\":{\"@id\":\"https:\\\/\\\/blogdofarnesio.com.br\\\/?p=261556#breadcrumb\"},\"inLanguage\":\"pt-BR\",\"potentialAction\":[{\"@type\":\"ReadAction\",\"target\":[\"https:\\\/\\\/blogdofarnesio.com.br\\\/?p=261556\"]}]},{\"@type\":\"ImageObject\",\"inLanguage\":\"pt-BR\",\"@id\":\"https:\\\/\\\/blogdofarnesio.com.br\\\/?p=261556#primaryimage\",\"url\":\"https:\\\/\\\/blogdofarnesio.com.br\\\/wp-content\\\/uploads\\\/2020\\\/07\\\/blogqspmulher-racista-xwhatsapp-image-2020-07-06-at-13.00.05.jpeg.jpg.pagespeed.ic_.KH0MPO0hCy.jpg\",\"contentUrl\":\"https:\\\/\\\/blogdofarnesio.com.br\\\/wp-content\\\/uploads\\\/2020\\\/07\\\/blogqspmulher-racista-xwhatsapp-image-2020-07-06-at-13.00.05.jpeg.jpg.pagespeed.ic_.KH0MPO0hCy.jpg\",\"width\":640,\"height\":360},{\"@type\":\"BreadcrumbList\",\"@id\":\"https:\\\/\\\/blogdofarnesio.com.br\\\/?p=261556#breadcrumb\",\"itemListElement\":[{\"@type\":\"ListItem\",\"position\":1,\"name\":\"In\u00edcio\",\"item\":\"https:\\\/\\\/blogdofarnesio.com.br\\\/\"},{\"@type\":\"ListItem\",\"position\":2,\"name\":\"Mulher que atacou verbalmente fiscal da Vigil\u00e2ncia Sanit\u00e1ria \u00e9 demitida\"}]},{\"@type\":\"WebSite\",\"@id\":\"https:\\\/\\\/blogdofarnesio.com.br\\\/#website\",\"url\":\"https:\\\/\\\/blogdofarnesio.com.br\\\/\",\"name\":\"Blog do Farn\u00e9sio\",\"description\":\"Quer Saber Pol\u00edtica?\",\"publisher\":{\"@id\":\"https:\\\/\\\/blogdofarnesio.com.br\\\/#organization\"},\"potentialAction\":[{\"@type\":\"SearchAction\",\"target\":{\"@type\":\"EntryPoint\",\"urlTemplate\":\"https:\\\/\\\/blogdofarnesio.com.br\\\/?s={search_term_string}\"},\"query-input\":{\"@type\":\"PropertyValueSpecification\",\"valueRequired\":true,\"valueName\":\"search_term_string\"}}],\"inLanguage\":\"pt-BR\"},{\"@type\":\"Organization\",\"@id\":\"https:\\\/\\\/blogdofarnesio.com.br\\\/#organization\",\"name\":\"Blog do Farn\u00e9sio\",\"url\":\"https:\\\/\\\/blogdofarnesio.com.br\\\/\",\"logo\":{\"@type\":\"ImageObject\",\"inLanguage\":\"pt-BR\",\"@id\":\"https:\\\/\\\/blogdofarnesio.com.br\\\/#\\\/schema\\\/logo\\\/image\\\/\",\"url\":\"https:\\\/\\\/blogdofarnesio.com.br\\\/wp-content\\\/uploads\\\/2026\\\/03\\\/cropped-logo_new-1.png\",\"contentUrl\":\"https:\\\/\\\/blogdofarnesio.com.br\\\/wp-content\\\/uploads\\\/2026\\\/03\\\/cropped-logo_new-1.png\",\"width\":881,\"height\":685,\"caption\":\"Blog do Farn\u00e9sio\"},\"image\":{\"@id\":\"https:\\\/\\\/blogdofarnesio.com.br\\\/#\\\/schema\\\/logo\\\/image\\\/\"},\"sameAs\":[\"https:\\\/\\\/www.facebook.com\\\/BlogQuerSaberPolitica\\\/\"]},{\"@type\":\"Person\",\"@id\":\"https:\\\/\\\/blogdofarnesio.com.br\\\/#\\\/schema\\\/person\\\/301c4acf522bccbfdb45af95b5b906a1\",\"name\":\"Farn\u00e9sio\",\"image\":{\"@type\":\"ImageObject\",\"inLanguage\":\"pt-BR\",\"@id\":\"https:\\\/\\\/secure.gravatar.com\\\/avatar\\\/df0c9a14567c056f8ad6876ba5bbd1e3e2c48023eb6807342fc4663adf549f38?s=96&d=mm&r=g\",\"url\":\"https:\\\/\\\/secure.gravatar.com\\\/avatar\\\/df0c9a14567c056f8ad6876ba5bbd1e3e2c48023eb6807342fc4663adf549f38?s=96&d=mm&r=g\",\"contentUrl\":\"https:\\\/\\\/secure.gravatar.com\\\/avatar\\\/df0c9a14567c056f8ad6876ba5bbd1e3e2c48023eb6807342fc4663adf549f38?s=96&d=mm&r=g\",\"caption\":\"Farn\u00e9sio\"},\"sameAs\":[\"https:\\\/\\\/quersaberpolitica.com.br\"],\"url\":\"https:\\\/\\\/blogdofarnesio.com.br\\\/?author=1\"}]}<\/script>\n<!-- \/ Yoast SEO plugin. -->","yoast_head_json":{"title":"Mulher que atacou verbalmente fiscal da Vigil\u00e2ncia Sanit\u00e1ria \u00e9 demitida - Blog do Farn\u00e9sio","robots":{"index":"index","follow":"follow","max-snippet":"max-snippet:-1","max-image-preview":"max-image-preview:large","max-video-preview":"max-video-preview:-1"},"canonical":"https:\/\/blogdofarnesio.com.br\/?p=261556","og_locale":"pt_BR","og_type":"article","og_title":"Mulher que atacou verbalmente fiscal da Vigil\u00e2ncia Sanit\u00e1ria \u00e9 demitida - Blog do Farn\u00e9sio","og_description":"Carolina Heringer e Rafael Nascimento de Souza\/Extra\u00a0\u00a0 A mulher que foi gravada\u00a0atacando verbalmente o superintendente de educa\u00e7\u00e3o e projetos da Vigil\u00e2ncia Sanit\u00e1ria do Rio, Fl\u00e1vio Gra\u00e7a, foi demitida. Ela \u00e9 engenheira qu\u00edmica, com especializa\u00e7\u00e3o em administra\u00e7\u00e3o de empresas, e tem 39 anos. Em nota, a empresa de transmiss\u00e3o de energia Taesa, onde ela trabalhava, confirmou a decis\u00e3o e afirmou que &#8220;compartilha a indigna\u00e7\u00e3o da sociedade em rela\u00e7\u00e3o a este lament\u00e1vel epis\u00f3dio, sobretudo em um momento no qual o n\u00famero de casos da doen\u00e7a segue em alta no Brasil e no mundo&#8221;. O epis\u00f3dio que gerou bastante repercuss\u00e3o, principalmente nas redes sociais, foi exibido neste domingo no programa &#8220;Fant\u00e1stico&#8221;, da TV Globo. Durante uma fiscaliza\u00e7\u00e3o em um bar por volta de&hellip;","og_url":"https:\/\/blogdofarnesio.com.br\/?p=261556","og_site_name":"Blog do Farn\u00e9sio","article_publisher":"https:\/\/www.facebook.com\/BlogQuerSaberPolitica\/","article_published_time":"2020-07-07T11:33:02+00:00","og_image":[{"width":640,"height":360,"url":"https:\/\/blogdofarnesio.com.br\/wp-content\/uploads\/2020\/07\/blogqspmulher-racista-xwhatsapp-image-2020-07-06-at-13.00.05.jpeg.jpg.pagespeed.ic_.KH0MPO0hCy.jpg","type":"image\/jpeg"}],"author":"Farn\u00e9sio","twitter_card":"summary_large_image","twitter_misc":{"Escrito por":"Farn\u00e9sio","Est. tempo de leitura":"4 minutos"},"schema":{"@context":"https:\/\/schema.org","@graph":[{"@type":"Article","@id":"https:\/\/blogdofarnesio.com.br\/?p=261556#article","isPartOf":{"@id":"https:\/\/blogdofarnesio.com.br\/?p=261556"},"author":{"name":"Farn\u00e9sio","@id":"https:\/\/blogdofarnesio.com.br\/#\/schema\/person\/301c4acf522bccbfdb45af95b5b906a1"},"headline":"Mulher que atacou verbalmente fiscal da Vigil\u00e2ncia Sanit\u00e1ria \u00e9 demitida","datePublished":"2020-07-07T11:33:02+00:00","mainEntityOfPage":{"@id":"https:\/\/blogdofarnesio.com.br\/?p=261556"},"wordCount":764,"publisher":{"@id":"https:\/\/blogdofarnesio.com.br\/#organization"},"image":{"@id":"https:\/\/blogdofarnesio.com.br\/?p=261556#primaryimage"},"thumbnailUrl":"https:\/\/blogdofarnesio.com.br\/wp-content\/uploads\/2020\/07\/blogqspmulher-racista-xwhatsapp-image-2020-07-06-at-13.00.05.jpeg.jpg.pagespeed.ic_.KH0MPO0hCy.jpg","articleSection":["Pol\u00edcia"],"inLanguage":"pt-BR"},{"@type":"WebPage","@id":"https:\/\/blogdofarnesio.com.br\/?p=261556","url":"https:\/\/blogdofarnesio.com.br\/?p=261556","name":"Mulher que atacou verbalmente fiscal da Vigil\u00e2ncia Sanit\u00e1ria \u00e9 demitida - Blog do Farn\u00e9sio","isPartOf":{"@id":"https:\/\/blogdofarnesio.com.br\/#website"},"primaryImageOfPage":{"@id":"https:\/\/blogdofarnesio.com.br\/?p=261556#primaryimage"},"image":{"@id":"https:\/\/blogdofarnesio.com.br\/?p=261556#primaryimage"},"thumbnailUrl":"https:\/\/blogdofarnesio.com.br\/wp-content\/uploads\/2020\/07\/blogqspmulher-racista-xwhatsapp-image-2020-07-06-at-13.00.05.jpeg.jpg.pagespeed.ic_.KH0MPO0hCy.jpg","datePublished":"2020-07-07T11:33:02+00:00","breadcrumb":{"@id":"https:\/\/blogdofarnesio.com.br\/?p=261556#breadcrumb"},"inLanguage":"pt-BR","potentialAction":[{"@type":"ReadAction","target":["https:\/\/blogdofarnesio.com.br\/?p=261556"]}]},{"@type":"ImageObject","inLanguage":"pt-BR","@id":"https:\/\/blogdofarnesio.com.br\/?p=261556#primaryimage","url":"https:\/\/blogdofarnesio.com.br\/wp-content\/uploads\/2020\/07\/blogqspmulher-racista-xwhatsapp-image-2020-07-06-at-13.00.05.jpeg.jpg.pagespeed.ic_.KH0MPO0hCy.jpg","contentUrl":"https:\/\/blogdofarnesio.com.br\/wp-content\/uploads\/2020\/07\/blogqspmulher-racista-xwhatsapp-image-2020-07-06-at-13.00.05.jpeg.jpg.pagespeed.ic_.KH0MPO0hCy.jpg","width":640,"height":360},{"@type":"BreadcrumbList","@id":"https:\/\/blogdofarnesio.com.br\/?p=261556#breadcrumb","itemListElement":[{"@type":"ListItem","position":1,"name":"In\u00edcio","item":"https:\/\/blogdofarnesio.com.br\/"},{"@type":"ListItem","position":2,"name":"Mulher que atacou verbalmente fiscal da Vigil\u00e2ncia Sanit\u00e1ria \u00e9 demitida"}]},{"@type":"WebSite","@id":"https:\/\/blogdofarnesio.com.br\/#website","url":"https:\/\/blogdofarnesio.com.br\/","name":"Blog do Farn\u00e9sio","description":"Quer Saber Pol\u00edtica?","publisher":{"@id":"https:\/\/blogdofarnesio.com.br\/#organization"},"potentialAction":[{"@type":"SearchAction","target":{"@type":"EntryPoint","urlTemplate":"https:\/\/blogdofarnesio.com.br\/?s={search_term_string}"},"query-input":{"@type":"PropertyValueSpecification","valueRequired":true,"valueName":"search_term_string"}}],"inLanguage":"pt-BR"},{"@type":"Organization","@id":"https:\/\/blogdofarnesio.com.br\/#organization","name":"Blog do Farn\u00e9sio","url":"https:\/\/blogdofarnesio.com.br\/","logo":{"@type":"ImageObject","inLanguage":"pt-BR","@id":"https:\/\/blogdofarnesio.com.br\/#\/schema\/logo\/image\/","url":"https:\/\/blogdofarnesio.com.br\/wp-content\/uploads\/2026\/03\/cropped-logo_new-1.png","contentUrl":"https:\/\/blogdofarnesio.com.br\/wp-content\/uploads\/2026\/03\/cropped-logo_new-1.png","width":881,"height":685,"caption":"Blog do Farn\u00e9sio"},"image":{"@id":"https:\/\/blogdofarnesio.com.br\/#\/schema\/logo\/image\/"},"sameAs":["https:\/\/www.facebook.com\/BlogQuerSaberPolitica\/"]},{"@type":"Person","@id":"https:\/\/blogdofarnesio.com.br\/#\/schema\/person\/301c4acf522bccbfdb45af95b5b906a1","name":"Farn\u00e9sio","image":{"@type":"ImageObject","inLanguage":"pt-BR","@id":"https:\/\/secure.gravatar.com\/avatar\/df0c9a14567c056f8ad6876ba5bbd1e3e2c48023eb6807342fc4663adf549f38?s=96&d=mm&r=g","url":"https:\/\/secure.gravatar.com\/avatar\/df0c9a14567c056f8ad6876ba5bbd1e3e2c48023eb6807342fc4663adf549f38?s=96&d=mm&r=g","contentUrl":"https:\/\/secure.gravatar.com\/avatar\/df0c9a14567c056f8ad6876ba5bbd1e3e2c48023eb6807342fc4663adf549f38?s=96&d=mm&r=g","caption":"Farn\u00e9sio"},"sameAs":["https:\/\/quersaberpolitica.com.br"],"url":"https:\/\/blogdofarnesio.com.br\/?author=1"}]}},"_links":{"self":[{"href":"https:\/\/blogdofarnesio.com.br\/index.php?rest_route=\/wp\/v2\/posts\/261556","targetHints":{"allow":["GET"]}}],"collection":[{"href":"https:\/\/blogdofarnesio.com.br\/index.php?rest_route=\/wp\/v2\/posts"}],"about":[{"href":"https:\/\/blogdofarnesio.com.br\/index.php?rest_route=\/wp\/v2\/types\/post"}],"author":[{"embeddable":true,"href":"https:\/\/blogdofarnesio.com.br\/index.php?rest_route=\/wp\/v2\/users\/1"}],"replies":[{"embeddable":true,"href":"https:\/\/blogdofarnesio.com.br\/index.php?rest_route=%2Fwp%2Fv2%2Fcomments&post=261556"}],"version-history":[{"count":0,"href":"https:\/\/blogdofarnesio.com.br\/index.php?rest_route=\/wp\/v2\/posts\/261556\/revisions"}],"wp:featuredmedia":[{"embeddable":true,"href":"https:\/\/blogdofarnesio.com.br\/index.php?rest_route=\/wp\/v2\/media\/261557"}],"wp:attachment":[{"href":"https:\/\/blogdofarnesio.com.br\/index.php?rest_route=%2Fwp%2Fv2%2Fmedia&parent=261556"}],"wp:term":[{"taxonomy":"category","embeddable":true,"href":"https:\/\/blogdofarnesio.com.br\/index.php?rest_route=%2Fwp%2Fv2%2Fcategories&post=261556"},{"taxonomy":"post_tag","embeddable":true,"href":"https:\/\/blogdofarnesio.com.br\/index.php?rest_route=%2Fwp%2Fv2%2Ftags&post=261556"}],"curies":[{"name":"wp","href":"https:\/\/api.w.org\/{rel}","templated":true}]}}