{"id":261550,"date":"2020-07-07T09:00:47","date_gmt":"2020-07-07T12:00:47","guid":{"rendered":"http:\/\/quersaberpolitica.com.br\/2016\/?p=261550"},"modified":"2020-07-06T18:42:11","modified_gmt":"2020-07-06T21:42:11","slug":"eleicoes-2020-apos-escolha-do-pv-carlos-neiva-faz-primeiro-pronunciamento-como-pre-candidato-a-prefeito-de-juazeiro","status":"publish","type":"post","link":"https:\/\/blogdofarnesio.com.br\/?p=261550","title":{"rendered":"Elei\u00e7\u00f5es 2020: Ap\u00f3s escolha do PV, Carlos Neiva faz primeiro pronunciamento como pr\u00e9 candidato a prefeito de Juazeiro"},"content":{"rendered":"<p>Carlos Neiva fez seu primeiro pronunciamento como pr\u00e9 candidato a prefeito de Juazeiro (BA) pelo Partido Verde (PV), na \u00faltima sexta-feira (03), em emissoras de r\u00e1dio locais. Neiva iniciou agradecendo aos militantes da legenda, que apoiaram a sua candidatura, entre eles, Ant\u00f4nio Lewis (cuscuz), M\u00e1rio Sp\u00ednola, Valdemar Borges e Wank Medrado.<br \/>\n\u201cRecebi a not\u00edcia com muita alegria, mas tamb\u00e9m com o devido senso de responsabilidade por ter sido escolhido pelos outros pr\u00e9- candidatos para represent\u00e1-los como porta voz e lideran\u00e7a do grupo para a execu\u00e7\u00e3o de um projeto coletivo. Faremos juntos esta caminhada para resgatar Juazeiro, ouvindo os anseios da popula\u00e7\u00e3o e agindo de maneira t\u00e9cnica, firme, mas democr\u00e1tica\u201d, comentou Neiva.<br \/>\nDurante a entrevista, Neiva respondeu aos questionamentos dos ouvintes sobre as \u00e1reas de sa\u00fade, educa\u00e7\u00e3o, infraestrutura e, especialmente, de desenvolvimento econ\u00f4mico, gera\u00e7\u00e3o de emprego e renda, dando \u00eanfase \u00e0s propostas para o munic\u00edpio de Juazeiro. Questionado por um ouvinte a respeito do seu posicionamento em rela\u00e7\u00e3o ao presidente Jair Bolsonaro e ao Governador Rui Costa, a quem ele apoiava, o pr\u00e9-candidato destacou que o seu projeto \u00e9 resgatar o munic\u00edpio.<br \/>\n\u201cEu apoio Juazeiro, temos que pensar no bem estar da nossa cidade. Juazeiro precisar de um gestor que entenda que tem que haver uma rela\u00e7\u00e3o de respeito, di\u00e1logo e cobran\u00e7a com as autoridades constitu\u00eddas, independentemente de lados, ou de partidos. Quem \u00e9 escolhido para dirigir os destinos de uma cidade n\u00e3o tem o direito de radicalizar em nada, tem que representar e defender as necessidades coletivas. O governador Rui Costa (PT) e o Prefeito de Salvador ACM Neto (DEM) s\u00e3o exemplos, pois embora tenham diferen\u00e7as partid\u00e1rias e ideol\u00f3gicas, se unem pela cidade de Salvador&#8221;, elucidou Neiva.<br \/>\nEle ressaltou ainda o seu posicionamento em rela\u00e7\u00e3o \u00e0 decis\u00e3o do Congresso Nacional de adiar as elei\u00e7\u00f5es. \u201cAcho muito adequada. Estamos vivendo um momento delicado, de muitas incertezas por causa da pandemia. Esse tempo dar\u00e1 condi\u00e7\u00e3o para as pessoas e a gest\u00e3o municipal se organizarem, al\u00e9m de termos mais tempo para discutir com a sociedade o melhor caminho para Juazeiro&#8221;, elucidou.<br \/>\nAo final de suas declara\u00e7\u00f5es, Carlos Neiva demonstra preocupa\u00e7\u00e3o com os efeitos gerados pela pandemia e pontua sobre a necessidade de aprender a conviver com a Coronav\u00edrus, para que a sociedade se aproxime o m\u00e1ximo poss\u00edvel do funcionamento normal. \u201cO primeiro passo \u00e9 tomar medidas imediatas, como testagem r\u00e1pida e em grande escala, a realiza\u00e7\u00e3o do tratamento dos infectados pela COVID-19 logo nos primeiros sintomas, para que mais vidas sejam salvas e nos aproximemos mais da normalidade, criando solu\u00e7\u00f5es para o desenvolvimento da economia, com gera\u00e7\u00e3o de emprego e renda\u201d, finalizou Carlos Neiva.<br \/>\nASCOM Carlos Neiva<\/p>\n","protected":false},"excerpt":{"rendered":"<p>Carlos Neiva fez seu primeiro pronunciamento como pr\u00e9 candidato a prefeito de Juazeiro (BA) pelo Partido Verde (PV), na \u00faltima sexta-feira (03), em emissoras de r\u00e1dio locais. Neiva iniciou agradecendo aos militantes da legenda, que apoiaram a sua candidatura, entre eles, Ant\u00f4nio Lewis (cuscuz), M\u00e1rio Sp\u00ednola, Valdemar Borges e Wank Medrado. \u201cRecebi a not\u00edcia com muita alegria, mas tamb\u00e9m com o devido senso de responsabilidade por ter sido escolhido pelos outros pr\u00e9- candidatos para represent\u00e1-los como porta voz e lideran\u00e7a do grupo para a execu\u00e7\u00e3o de um projeto coletivo. Faremos juntos esta caminhada para resgatar Juazeiro, ouvindo os anseios da popula\u00e7\u00e3o e agindo de maneira t\u00e9cnica, firme, mas democr\u00e1tica\u201d, comentou Neiva. Durante a entrevista, Neiva respondeu aos questionamentos dos ouvintes&hellip; <\/p>\n","protected":false},"author":1,"featured_media":143365,"comment_status":"closed","ping_status":"closed","sticky":false,"template":"","format":"standard","meta":{"_acf_changed":false,"footnotes":""},"categories":[34],"tags":[],"class_list":["post-261550","post","type-post","status-publish","format-standard","has-post-thumbnail","hentry","category-eleicoes"],"acf":[],"yoast_head":"<!-- This site is optimized with the Yoast SEO plugin v27.4 - https:\/\/yoast.com\/product\/yoast-seo-wordpress\/ -->\n<title>Elei\u00e7\u00f5es 2020: Ap\u00f3s escolha do PV, Carlos Neiva faz primeiro pronunciamento como pr\u00e9 candidato a prefeito de Juazeiro - Blog do Farn\u00e9sio<\/title>\n<meta name=\"robots\" content=\"index, follow, max-snippet:-1, max-image-preview:large, max-video-preview:-1\" \/>\n<link rel=\"canonical\" href=\"https:\/\/blogdofarnesio.com.br\/?p=261550\" \/>\n<meta property=\"og:locale\" content=\"pt_BR\" \/>\n<meta property=\"og:type\" content=\"article\" \/>\n<meta property=\"og:title\" content=\"Elei\u00e7\u00f5es 2020: Ap\u00f3s escolha do PV, Carlos Neiva faz primeiro pronunciamento como pr\u00e9 candidato a prefeito de Juazeiro - Blog do Farn\u00e9sio\" \/>\n<meta property=\"og:description\" content=\"Carlos Neiva fez seu primeiro pronunciamento como pr\u00e9 candidato a prefeito de Juazeiro (BA) pelo Partido Verde (PV), na \u00faltima sexta-feira (03), em emissoras de r\u00e1dio locais. Neiva iniciou agradecendo aos militantes da legenda, que apoiaram a sua candidatura, entre eles, Ant\u00f4nio Lewis (cuscuz), M\u00e1rio Sp\u00ednola, Valdemar Borges e Wank Medrado. \u201cRecebi a not\u00edcia com muita alegria, mas tamb\u00e9m com o devido senso de responsabilidade por ter sido escolhido pelos outros pr\u00e9- candidatos para represent\u00e1-los como porta voz e lideran\u00e7a do grupo para a execu\u00e7\u00e3o de um projeto coletivo. Faremos juntos esta caminhada para resgatar Juazeiro, ouvindo os anseios da popula\u00e7\u00e3o e agindo de maneira t\u00e9cnica, firme, mas democr\u00e1tica\u201d, comentou Neiva. Durante a entrevista, Neiva respondeu aos questionamentos dos ouvintes&hellip;\" \/>\n<meta property=\"og:url\" content=\"https:\/\/blogdofarnesio.com.br\/?p=261550\" \/>\n<meta property=\"og:site_name\" content=\"Blog do Farn\u00e9sio\" \/>\n<meta property=\"article:publisher\" content=\"https:\/\/www.facebook.com\/BlogQuerSaberPolitica\/\" \/>\n<meta property=\"article:published_time\" content=\"2020-07-07T12:00:47+00:00\" \/>\n<meta property=\"og:image\" content=\"https:\/\/blogdofarnesio.com.br\/wp-content\/uploads\/2016\/06\/blogqsp-carlosneiva.jpg\" \/>\n\t<meta property=\"og:image:width\" content=\"448\" \/>\n\t<meta property=\"og:image:height\" content=\"252\" \/>\n\t<meta property=\"og:image:type\" content=\"image\/jpeg\" \/>\n<meta name=\"author\" content=\"Farn\u00e9sio\" \/>\n<meta name=\"twitter:card\" content=\"summary_large_image\" \/>\n<meta name=\"twitter:label1\" content=\"Escrito por\" \/>\n\t<meta name=\"twitter:data1\" content=\"Farn\u00e9sio\" \/>\n\t<meta name=\"twitter:label2\" content=\"Est. tempo de leitura\" \/>\n\t<meta name=\"twitter:data2\" content=\"2 minutos\" \/>\n<script type=\"application\/ld+json\" class=\"yoast-schema-graph\">{\"@context\":\"https:\\\/\\\/schema.org\",\"@graph\":[{\"@type\":\"Article\",\"@id\":\"https:\\\/\\\/blogdofarnesio.com.br\\\/?p=261550#article\",\"isPartOf\":{\"@id\":\"https:\\\/\\\/blogdofarnesio.com.br\\\/?p=261550\"},\"author\":{\"name\":\"Farn\u00e9sio\",\"@id\":\"https:\\\/\\\/blogdofarnesio.com.br\\\/#\\\/schema\\\/person\\\/301c4acf522bccbfdb45af95b5b906a1\"},\"headline\":\"Elei\u00e7\u00f5es 2020: Ap\u00f3s escolha do PV, Carlos Neiva faz primeiro pronunciamento como pr\u00e9 candidato a prefeito de Juazeiro\",\"datePublished\":\"2020-07-07T12:00:47+00:00\",\"mainEntityOfPage\":{\"@id\":\"https:\\\/\\\/blogdofarnesio.com.br\\\/?p=261550\"},\"wordCount\":493,\"publisher\":{\"@id\":\"https:\\\/\\\/blogdofarnesio.com.br\\\/#organization\"},\"image\":{\"@id\":\"https:\\\/\\\/blogdofarnesio.com.br\\\/?p=261550#primaryimage\"},\"thumbnailUrl\":\"https:\\\/\\\/blogdofarnesio.com.br\\\/wp-content\\\/uploads\\\/2016\\\/06\\\/blogqsp-carlosneiva.jpg\",\"articleSection\":[\"Elei\u00e7\u00f5es\"],\"inLanguage\":\"pt-BR\"},{\"@type\":\"WebPage\",\"@id\":\"https:\\\/\\\/blogdofarnesio.com.br\\\/?p=261550\",\"url\":\"https:\\\/\\\/blogdofarnesio.com.br\\\/?p=261550\",\"name\":\"Elei\u00e7\u00f5es 2020: Ap\u00f3s escolha do PV, Carlos Neiva faz primeiro pronunciamento como pr\u00e9 candidato a prefeito de Juazeiro - Blog do Farn\u00e9sio\",\"isPartOf\":{\"@id\":\"https:\\\/\\\/blogdofarnesio.com.br\\\/#website\"},\"primaryImageOfPage\":{\"@id\":\"https:\\\/\\\/blogdofarnesio.com.br\\\/?p=261550#primaryimage\"},\"image\":{\"@id\":\"https:\\\/\\\/blogdofarnesio.com.br\\\/?p=261550#primaryimage\"},\"thumbnailUrl\":\"https:\\\/\\\/blogdofarnesio.com.br\\\/wp-content\\\/uploads\\\/2016\\\/06\\\/blogqsp-carlosneiva.jpg\",\"datePublished\":\"2020-07-07T12:00:47+00:00\",\"breadcrumb\":{\"@id\":\"https:\\\/\\\/blogdofarnesio.com.br\\\/?p=261550#breadcrumb\"},\"inLanguage\":\"pt-BR\",\"potentialAction\":[{\"@type\":\"ReadAction\",\"target\":[\"https:\\\/\\\/blogdofarnesio.com.br\\\/?p=261550\"]}]},{\"@type\":\"ImageObject\",\"inLanguage\":\"pt-BR\",\"@id\":\"https:\\\/\\\/blogdofarnesio.com.br\\\/?p=261550#primaryimage\",\"url\":\"https:\\\/\\\/blogdofarnesio.com.br\\\/wp-content\\\/uploads\\\/2016\\\/06\\\/blogqsp-carlosneiva.jpg\",\"contentUrl\":\"https:\\\/\\\/blogdofarnesio.com.br\\\/wp-content\\\/uploads\\\/2016\\\/06\\\/blogqsp-carlosneiva.jpg\",\"width\":448,\"height\":252,\"caption\":\"Carlos Neiva Foto Farn\u00e9sio Silva\"},{\"@type\":\"BreadcrumbList\",\"@id\":\"https:\\\/\\\/blogdofarnesio.com.br\\\/?p=261550#breadcrumb\",\"itemListElement\":[{\"@type\":\"ListItem\",\"position\":1,\"name\":\"In\u00edcio\",\"item\":\"https:\\\/\\\/blogdofarnesio.com.br\\\/\"},{\"@type\":\"ListItem\",\"position\":2,\"name\":\"Elei\u00e7\u00f5es 2020: Ap\u00f3s escolha do PV, Carlos Neiva faz primeiro pronunciamento como pr\u00e9 candidato a prefeito de Juazeiro\"}]},{\"@type\":\"WebSite\",\"@id\":\"https:\\\/\\\/blogdofarnesio.com.br\\\/#website\",\"url\":\"https:\\\/\\\/blogdofarnesio.com.br\\\/\",\"name\":\"Blog do Farn\u00e9sio\",\"description\":\"Quer Saber Pol\u00edtica?\",\"publisher\":{\"@id\":\"https:\\\/\\\/blogdofarnesio.com.br\\\/#organization\"},\"potentialAction\":[{\"@type\":\"SearchAction\",\"target\":{\"@type\":\"EntryPoint\",\"urlTemplate\":\"https:\\\/\\\/blogdofarnesio.com.br\\\/?s={search_term_string}\"},\"query-input\":{\"@type\":\"PropertyValueSpecification\",\"valueRequired\":true,\"valueName\":\"search_term_string\"}}],\"inLanguage\":\"pt-BR\"},{\"@type\":\"Organization\",\"@id\":\"https:\\\/\\\/blogdofarnesio.com.br\\\/#organization\",\"name\":\"Blog do Farn\u00e9sio\",\"url\":\"https:\\\/\\\/blogdofarnesio.com.br\\\/\",\"logo\":{\"@type\":\"ImageObject\",\"inLanguage\":\"pt-BR\",\"@id\":\"https:\\\/\\\/blogdofarnesio.com.br\\\/#\\\/schema\\\/logo\\\/image\\\/\",\"url\":\"https:\\\/\\\/blogdofarnesio.com.br\\\/wp-content\\\/uploads\\\/2026\\\/03\\\/cropped-logo_new-1.png\",\"contentUrl\":\"https:\\\/\\\/blogdofarnesio.com.br\\\/wp-content\\\/uploads\\\/2026\\\/03\\\/cropped-logo_new-1.png\",\"width\":881,\"height\":685,\"caption\":\"Blog do Farn\u00e9sio\"},\"image\":{\"@id\":\"https:\\\/\\\/blogdofarnesio.com.br\\\/#\\\/schema\\\/logo\\\/image\\\/\"},\"sameAs\":[\"https:\\\/\\\/www.facebook.com\\\/BlogQuerSaberPolitica\\\/\"]},{\"@type\":\"Person\",\"@id\":\"https:\\\/\\\/blogdofarnesio.com.br\\\/#\\\/schema\\\/person\\\/301c4acf522bccbfdb45af95b5b906a1\",\"name\":\"Farn\u00e9sio\",\"image\":{\"@type\":\"ImageObject\",\"inLanguage\":\"pt-BR\",\"@id\":\"https:\\\/\\\/secure.gravatar.com\\\/avatar\\\/df0c9a14567c056f8ad6876ba5bbd1e3e2c48023eb6807342fc4663adf549f38?s=96&d=mm&r=g\",\"url\":\"https:\\\/\\\/secure.gravatar.com\\\/avatar\\\/df0c9a14567c056f8ad6876ba5bbd1e3e2c48023eb6807342fc4663adf549f38?s=96&d=mm&r=g\",\"contentUrl\":\"https:\\\/\\\/secure.gravatar.com\\\/avatar\\\/df0c9a14567c056f8ad6876ba5bbd1e3e2c48023eb6807342fc4663adf549f38?s=96&d=mm&r=g\",\"caption\":\"Farn\u00e9sio\"},\"sameAs\":[\"https:\\\/\\\/quersaberpolitica.com.br\"],\"url\":\"https:\\\/\\\/blogdofarnesio.com.br\\\/?author=1\"}]}<\/script>\n<!-- \/ Yoast SEO plugin. -->","yoast_head_json":{"title":"Elei\u00e7\u00f5es 2020: Ap\u00f3s escolha do PV, Carlos Neiva faz primeiro pronunciamento como pr\u00e9 candidato a prefeito de Juazeiro - Blog do Farn\u00e9sio","robots":{"index":"index","follow":"follow","max-snippet":"max-snippet:-1","max-image-preview":"max-image-preview:large","max-video-preview":"max-video-preview:-1"},"canonical":"https:\/\/blogdofarnesio.com.br\/?p=261550","og_locale":"pt_BR","og_type":"article","og_title":"Elei\u00e7\u00f5es 2020: Ap\u00f3s escolha do PV, Carlos Neiva faz primeiro pronunciamento como pr\u00e9 candidato a prefeito de Juazeiro - Blog do Farn\u00e9sio","og_description":"Carlos Neiva fez seu primeiro pronunciamento como pr\u00e9 candidato a prefeito de Juazeiro (BA) pelo Partido Verde (PV), na \u00faltima sexta-feira (03), em emissoras de r\u00e1dio locais. Neiva iniciou agradecendo aos militantes da legenda, que apoiaram a sua candidatura, entre eles, Ant\u00f4nio Lewis (cuscuz), M\u00e1rio Sp\u00ednola, Valdemar Borges e Wank Medrado. \u201cRecebi a not\u00edcia com muita alegria, mas tamb\u00e9m com o devido senso de responsabilidade por ter sido escolhido pelos outros pr\u00e9- candidatos para represent\u00e1-los como porta voz e lideran\u00e7a do grupo para a execu\u00e7\u00e3o de um projeto coletivo. Faremos juntos esta caminhada para resgatar Juazeiro, ouvindo os anseios da popula\u00e7\u00e3o e agindo de maneira t\u00e9cnica, firme, mas democr\u00e1tica\u201d, comentou Neiva. Durante a entrevista, Neiva respondeu aos questionamentos dos ouvintes&hellip;","og_url":"https:\/\/blogdofarnesio.com.br\/?p=261550","og_site_name":"Blog do Farn\u00e9sio","article_publisher":"https:\/\/www.facebook.com\/BlogQuerSaberPolitica\/","article_published_time":"2020-07-07T12:00:47+00:00","og_image":[{"width":448,"height":252,"url":"https:\/\/blogdofarnesio.com.br\/wp-content\/uploads\/2016\/06\/blogqsp-carlosneiva.jpg","type":"image\/jpeg"}],"author":"Farn\u00e9sio","twitter_card":"summary_large_image","twitter_misc":{"Escrito por":"Farn\u00e9sio","Est. tempo de leitura":"2 minutos"},"schema":{"@context":"https:\/\/schema.org","@graph":[{"@type":"Article","@id":"https:\/\/blogdofarnesio.com.br\/?p=261550#article","isPartOf":{"@id":"https:\/\/blogdofarnesio.com.br\/?p=261550"},"author":{"name":"Farn\u00e9sio","@id":"https:\/\/blogdofarnesio.com.br\/#\/schema\/person\/301c4acf522bccbfdb45af95b5b906a1"},"headline":"Elei\u00e7\u00f5es 2020: Ap\u00f3s escolha do PV, Carlos Neiva faz primeiro pronunciamento como pr\u00e9 candidato a prefeito de Juazeiro","datePublished":"2020-07-07T12:00:47+00:00","mainEntityOfPage":{"@id":"https:\/\/blogdofarnesio.com.br\/?p=261550"},"wordCount":493,"publisher":{"@id":"https:\/\/blogdofarnesio.com.br\/#organization"},"image":{"@id":"https:\/\/blogdofarnesio.com.br\/?p=261550#primaryimage"},"thumbnailUrl":"https:\/\/blogdofarnesio.com.br\/wp-content\/uploads\/2016\/06\/blogqsp-carlosneiva.jpg","articleSection":["Elei\u00e7\u00f5es"],"inLanguage":"pt-BR"},{"@type":"WebPage","@id":"https:\/\/blogdofarnesio.com.br\/?p=261550","url":"https:\/\/blogdofarnesio.com.br\/?p=261550","name":"Elei\u00e7\u00f5es 2020: Ap\u00f3s escolha do PV, Carlos Neiva faz primeiro pronunciamento como pr\u00e9 candidato a prefeito de Juazeiro - Blog do Farn\u00e9sio","isPartOf":{"@id":"https:\/\/blogdofarnesio.com.br\/#website"},"primaryImageOfPage":{"@id":"https:\/\/blogdofarnesio.com.br\/?p=261550#primaryimage"},"image":{"@id":"https:\/\/blogdofarnesio.com.br\/?p=261550#primaryimage"},"thumbnailUrl":"https:\/\/blogdofarnesio.com.br\/wp-content\/uploads\/2016\/06\/blogqsp-carlosneiva.jpg","datePublished":"2020-07-07T12:00:47+00:00","breadcrumb":{"@id":"https:\/\/blogdofarnesio.com.br\/?p=261550#breadcrumb"},"inLanguage":"pt-BR","potentialAction":[{"@type":"ReadAction","target":["https:\/\/blogdofarnesio.com.br\/?p=261550"]}]},{"@type":"ImageObject","inLanguage":"pt-BR","@id":"https:\/\/blogdofarnesio.com.br\/?p=261550#primaryimage","url":"https:\/\/blogdofarnesio.com.br\/wp-content\/uploads\/2016\/06\/blogqsp-carlosneiva.jpg","contentUrl":"https:\/\/blogdofarnesio.com.br\/wp-content\/uploads\/2016\/06\/blogqsp-carlosneiva.jpg","width":448,"height":252,"caption":"Carlos Neiva Foto Farn\u00e9sio Silva"},{"@type":"BreadcrumbList","@id":"https:\/\/blogdofarnesio.com.br\/?p=261550#breadcrumb","itemListElement":[{"@type":"ListItem","position":1,"name":"In\u00edcio","item":"https:\/\/blogdofarnesio.com.br\/"},{"@type":"ListItem","position":2,"name":"Elei\u00e7\u00f5es 2020: Ap\u00f3s escolha do PV, Carlos Neiva faz primeiro pronunciamento como pr\u00e9 candidato a prefeito de Juazeiro"}]},{"@type":"WebSite","@id":"https:\/\/blogdofarnesio.com.br\/#website","url":"https:\/\/blogdofarnesio.com.br\/","name":"Blog do Farn\u00e9sio","description":"Quer Saber Pol\u00edtica?","publisher":{"@id":"https:\/\/blogdofarnesio.com.br\/#organization"},"potentialAction":[{"@type":"SearchAction","target":{"@type":"EntryPoint","urlTemplate":"https:\/\/blogdofarnesio.com.br\/?s={search_term_string}"},"query-input":{"@type":"PropertyValueSpecification","valueRequired":true,"valueName":"search_term_string"}}],"inLanguage":"pt-BR"},{"@type":"Organization","@id":"https:\/\/blogdofarnesio.com.br\/#organization","name":"Blog do Farn\u00e9sio","url":"https:\/\/blogdofarnesio.com.br\/","logo":{"@type":"ImageObject","inLanguage":"pt-BR","@id":"https:\/\/blogdofarnesio.com.br\/#\/schema\/logo\/image\/","url":"https:\/\/blogdofarnesio.com.br\/wp-content\/uploads\/2026\/03\/cropped-logo_new-1.png","contentUrl":"https:\/\/blogdofarnesio.com.br\/wp-content\/uploads\/2026\/03\/cropped-logo_new-1.png","width":881,"height":685,"caption":"Blog do Farn\u00e9sio"},"image":{"@id":"https:\/\/blogdofarnesio.com.br\/#\/schema\/logo\/image\/"},"sameAs":["https:\/\/www.facebook.com\/BlogQuerSaberPolitica\/"]},{"@type":"Person","@id":"https:\/\/blogdofarnesio.com.br\/#\/schema\/person\/301c4acf522bccbfdb45af95b5b906a1","name":"Farn\u00e9sio","image":{"@type":"ImageObject","inLanguage":"pt-BR","@id":"https:\/\/secure.gravatar.com\/avatar\/df0c9a14567c056f8ad6876ba5bbd1e3e2c48023eb6807342fc4663adf549f38?s=96&d=mm&r=g","url":"https:\/\/secure.gravatar.com\/avatar\/df0c9a14567c056f8ad6876ba5bbd1e3e2c48023eb6807342fc4663adf549f38?s=96&d=mm&r=g","contentUrl":"https:\/\/secure.gravatar.com\/avatar\/df0c9a14567c056f8ad6876ba5bbd1e3e2c48023eb6807342fc4663adf549f38?s=96&d=mm&r=g","caption":"Farn\u00e9sio"},"sameAs":["https:\/\/quersaberpolitica.com.br"],"url":"https:\/\/blogdofarnesio.com.br\/?author=1"}]}},"_links":{"self":[{"href":"https:\/\/blogdofarnesio.com.br\/index.php?rest_route=\/wp\/v2\/posts\/261550","targetHints":{"allow":["GET"]}}],"collection":[{"href":"https:\/\/blogdofarnesio.com.br\/index.php?rest_route=\/wp\/v2\/posts"}],"about":[{"href":"https:\/\/blogdofarnesio.com.br\/index.php?rest_route=\/wp\/v2\/types\/post"}],"author":[{"embeddable":true,"href":"https:\/\/blogdofarnesio.com.br\/index.php?rest_route=\/wp\/v2\/users\/1"}],"replies":[{"embeddable":true,"href":"https:\/\/blogdofarnesio.com.br\/index.php?rest_route=%2Fwp%2Fv2%2Fcomments&post=261550"}],"version-history":[{"count":0,"href":"https:\/\/blogdofarnesio.com.br\/index.php?rest_route=\/wp\/v2\/posts\/261550\/revisions"}],"wp:featuredmedia":[{"embeddable":true,"href":"https:\/\/blogdofarnesio.com.br\/index.php?rest_route=\/wp\/v2\/media\/143365"}],"wp:attachment":[{"href":"https:\/\/blogdofarnesio.com.br\/index.php?rest_route=%2Fwp%2Fv2%2Fmedia&parent=261550"}],"wp:term":[{"taxonomy":"category","embeddable":true,"href":"https:\/\/blogdofarnesio.com.br\/index.php?rest_route=%2Fwp%2Fv2%2Fcategories&post=261550"},{"taxonomy":"post_tag","embeddable":true,"href":"https:\/\/blogdofarnesio.com.br\/index.php?rest_route=%2Fwp%2Fv2%2Ftags&post=261550"}],"curies":[{"name":"wp","href":"https:\/\/api.w.org\/{rel}","templated":true}]}}