{"id":261546,"date":"2020-07-07T09:42:34","date_gmt":"2020-07-07T12:42:34","guid":{"rendered":"http:\/\/quersaberpolitica.com.br\/2016\/?p=261546"},"modified":"2020-07-06T19:03:53","modified_gmt":"2020-07-06T22:03:53","slug":"prefeitura-de-juazeiro-e-saae-levam-agua-para-mais-de-1-300-familias-da-regiao-de-massaroca","status":"publish","type":"post","link":"https:\/\/blogdofarnesio.com.br\/?p=261546","title":{"rendered":"Prefeitura de Juazeiro e SAAE levam \u00e1gua para mais de 1.300 fam\u00edlias da regi\u00e3o de Massaroca"},"content":{"rendered":"<div class=\"Ah oj\">\n<div class=\"rj\">A Prefeitura de Juazeiro por meio do Servi\u00e7o de \u00c1gua e Saneamento Ambiental \u2013 SAAE, em parceria com deputado estadual, Cris\u00f3stomo Lima (Z\u00f3) iniciou essa semana a amplia\u00e7\u00e3o da adutora no distrito de Massaroca, que ir\u00e1 beneficiar mais de 1.300 fam\u00edlias de 27 comunidades.<\/div>\n<\/div>\n<div class=\"Ph\" data-onclick=\"w\">\n<div id=\"cvcmsg_173252eea0864bf7\" class=\"yh\">\n<div id=\"cvcfullmsg_173252eea0864bf7\" class=\"Vh\">\n<div id=\"cvcmsgbod_173252eea0864bf7\" class=\"aj\">\n<div class=\"Ni\">\n<div class=\"ni pi \" dir=\"ltr\">\n<p>O prefeito Paulo Bomfim, junto com o diretor do SAAE Joaquim Neto, e lideran\u00e7as da regi\u00e3o acompanhou no \u00faltimo domingo (05) os servi\u00e7os que j\u00e1 est\u00e3o bem adiantados. \u201cSeguimos trabalhando para melhorar a vida das pessoas. Em mais uma a\u00e7\u00e3o, estamos levando um melhor abastecimento de \u00e1gua para diversas fam\u00edlias da regi\u00e3o de Massaroca com a amplia\u00e7\u00e3o dessa adutora.\u00a0\u00a0Com isso, estamos cumprindo mais um pleito das comunidades do interior, levando esse bem t\u00e3o precioso que \u00e9 a \u00e1gua, melhorando a qualidade de vida desse povo\u201d, pontuou o prefeito.<\/p>\n<p>Os 1.400 metros de tubula\u00e7\u00e3o de 200 mil\u00edmetros e uma nova bomba de 40 CV, com melhorias na capta\u00e7\u00e3o, vai aumentar a oferta de \u00e1gua em 60%, refor\u00e7ando o abastecimento na sede e estendendo para as comunidades:\u00a0\u00a0Ponta da Serra, Cacimba, Capim Grosso, Malhada da On\u00e7a, Barra do Angico, Tanque, Cai\u00e7ara, Bara\u00fana, Lagoa do meio, Po\u00e7as, Bangu\u00ea, Caldeir\u00e3o do Tib\u00e9rio, Papagaio, Lagoa do Jacar\u00e9, \u00c1gua Branca, Caldeir\u00e3o Grande, Lot\u00e9rio, Curral Novo, Queimada do Alto, Jacar\u00e9,\u00a0\u00a0Lagoa do Tanquinho, Canoa, Oliveira, Lagoa da Estrada, Saquinho, Ju\u00e1 e Lagoinha.<\/p>\n<\/div>\n<\/div>\n<\/div>\n<\/div>\n<\/div>\n<\/div>\n","protected":false},"excerpt":{"rendered":"<p>A Prefeitura de Juazeiro por meio do Servi\u00e7o de \u00c1gua e Saneamento Ambiental \u2013 SAAE, em parceria com deputado estadual, Cris\u00f3stomo Lima (Z\u00f3) iniciou essa semana a amplia\u00e7\u00e3o da adutora no distrito de Massaroca, que ir\u00e1 beneficiar mais de 1.300 fam\u00edlias de 27 comunidades. O prefeito Paulo Bomfim, junto com o diretor do SAAE Joaquim Neto, e lideran\u00e7as da regi\u00e3o acompanhou no \u00faltimo domingo (05) os servi\u00e7os que j\u00e1 est\u00e3o bem adiantados. \u201cSeguimos trabalhando para melhorar a vida das pessoas. Em mais uma a\u00e7\u00e3o, estamos levando um melhor abastecimento de \u00e1gua para diversas fam\u00edlias da regi\u00e3o de Massaroca com a amplia\u00e7\u00e3o dessa adutora.\u00a0\u00a0Com isso, estamos cumprindo mais um pleito das comunidades do interior, levando esse bem t\u00e3o precioso que \u00e9&hellip; <\/p>\n","protected":false},"author":1,"featured_media":261547,"comment_status":"closed","ping_status":"closed","sticky":false,"template":"","format":"standard","meta":{"_acf_changed":false,"footnotes":""},"categories":[1],"tags":[],"class_list":["post-261546","post","type-post","status-publish","format-standard","has-post-thumbnail","hentry","category-politica"],"acf":[],"yoast_head":"<!-- This site is optimized with the Yoast SEO plugin v27.4 - https:\/\/yoast.com\/product\/yoast-seo-wordpress\/ -->\n<title>Prefeitura de Juazeiro e SAAE levam \u00e1gua para mais de 1.300 fam\u00edlias da regi\u00e3o de Massaroca - Blog do Farn\u00e9sio<\/title>\n<meta name=\"robots\" content=\"index, follow, max-snippet:-1, max-image-preview:large, max-video-preview:-1\" \/>\n<link rel=\"canonical\" href=\"https:\/\/blogdofarnesio.com.br\/?p=261546\" \/>\n<meta property=\"og:locale\" content=\"pt_BR\" \/>\n<meta property=\"og:type\" content=\"article\" \/>\n<meta property=\"og:title\" content=\"Prefeitura de Juazeiro e SAAE levam \u00e1gua para mais de 1.300 fam\u00edlias da regi\u00e3o de Massaroca - Blog do Farn\u00e9sio\" \/>\n<meta property=\"og:description\" content=\"A Prefeitura de Juazeiro por meio do Servi\u00e7o de \u00c1gua e Saneamento Ambiental \u2013 SAAE, em parceria com deputado estadual, Cris\u00f3stomo Lima (Z\u00f3) iniciou essa semana a amplia\u00e7\u00e3o da adutora no distrito de Massaroca, que ir\u00e1 beneficiar mais de 1.300 fam\u00edlias de 27 comunidades. O prefeito Paulo Bomfim, junto com o diretor do SAAE Joaquim Neto, e lideran\u00e7as da regi\u00e3o acompanhou no \u00faltimo domingo (05) os servi\u00e7os que j\u00e1 est\u00e3o bem adiantados. \u201cSeguimos trabalhando para melhorar a vida das pessoas. Em mais uma a\u00e7\u00e3o, estamos levando um melhor abastecimento de \u00e1gua para diversas fam\u00edlias da regi\u00e3o de Massaroca com a amplia\u00e7\u00e3o dessa adutora.\u00a0\u00a0Com isso, estamos cumprindo mais um pleito das comunidades do interior, levando esse bem t\u00e3o precioso que \u00e9&hellip;\" \/>\n<meta property=\"og:url\" content=\"https:\/\/blogdofarnesio.com.br\/?p=261546\" \/>\n<meta property=\"og:site_name\" content=\"Blog do Farn\u00e9sio\" \/>\n<meta property=\"article:publisher\" content=\"https:\/\/www.facebook.com\/BlogQuerSaberPolitica\/\" \/>\n<meta property=\"article:published_time\" content=\"2020-07-07T12:42:34+00:00\" \/>\n<meta property=\"og:image\" content=\"https:\/\/blogdofarnesio.com.br\/wp-content\/uploads\/2020\/07\/Prefeitura-de-Juazeiro-e-SAAE-levam-\u00e1gua-para-mais-de-1.300-fam\u00edlias-da-regi\u00e3o-de-Massaroca-4-e1594073011224.jpg\" \/>\n\t<meta property=\"og:image:width\" content=\"680\" \/>\n\t<meta property=\"og:image:height\" content=\"357\" \/>\n\t<meta property=\"og:image:type\" content=\"image\/jpeg\" \/>\n<meta name=\"author\" content=\"Farn\u00e9sio\" \/>\n<meta name=\"twitter:card\" content=\"summary_large_image\" \/>\n<meta name=\"twitter:label1\" content=\"Escrito por\" \/>\n\t<meta name=\"twitter:data1\" content=\"Farn\u00e9sio\" \/>\n\t<meta name=\"twitter:label2\" content=\"Est. tempo de leitura\" \/>\n\t<meta name=\"twitter:data2\" content=\"1 minuto\" \/>\n<script type=\"application\/ld+json\" class=\"yoast-schema-graph\">{\"@context\":\"https:\\\/\\\/schema.org\",\"@graph\":[{\"@type\":\"Article\",\"@id\":\"https:\\\/\\\/blogdofarnesio.com.br\\\/?p=261546#article\",\"isPartOf\":{\"@id\":\"https:\\\/\\\/blogdofarnesio.com.br\\\/?p=261546\"},\"author\":{\"name\":\"Farn\u00e9sio\",\"@id\":\"https:\\\/\\\/blogdofarnesio.com.br\\\/#\\\/schema\\\/person\\\/301c4acf522bccbfdb45af95b5b906a1\"},\"headline\":\"Prefeitura de Juazeiro e SAAE levam \u00e1gua para mais de 1.300 fam\u00edlias da regi\u00e3o de Massaroca\",\"datePublished\":\"2020-07-07T12:42:34+00:00\",\"mainEntityOfPage\":{\"@id\":\"https:\\\/\\\/blogdofarnesio.com.br\\\/?p=261546\"},\"wordCount\":253,\"publisher\":{\"@id\":\"https:\\\/\\\/blogdofarnesio.com.br\\\/#organization\"},\"image\":{\"@id\":\"https:\\\/\\\/blogdofarnesio.com.br\\\/?p=261546#primaryimage\"},\"thumbnailUrl\":\"https:\\\/\\\/blogdofarnesio.com.br\\\/wp-content\\\/uploads\\\/2020\\\/07\\\/Prefeitura-de-Juazeiro-e-SAAE-levam-\u00e1gua-para-mais-de-1.300-fam\u00edlias-da-regi\u00e3o-de-Massaroca-4-e1594073011224.jpg\",\"articleSection\":[\"Pol\u00edtica\"],\"inLanguage\":\"pt-BR\"},{\"@type\":\"WebPage\",\"@id\":\"https:\\\/\\\/blogdofarnesio.com.br\\\/?p=261546\",\"url\":\"https:\\\/\\\/blogdofarnesio.com.br\\\/?p=261546\",\"name\":\"Prefeitura de Juazeiro e SAAE levam \u00e1gua para mais de 1.300 fam\u00edlias da regi\u00e3o de Massaroca - Blog do Farn\u00e9sio\",\"isPartOf\":{\"@id\":\"https:\\\/\\\/blogdofarnesio.com.br\\\/#website\"},\"primaryImageOfPage\":{\"@id\":\"https:\\\/\\\/blogdofarnesio.com.br\\\/?p=261546#primaryimage\"},\"image\":{\"@id\":\"https:\\\/\\\/blogdofarnesio.com.br\\\/?p=261546#primaryimage\"},\"thumbnailUrl\":\"https:\\\/\\\/blogdofarnesio.com.br\\\/wp-content\\\/uploads\\\/2020\\\/07\\\/Prefeitura-de-Juazeiro-e-SAAE-levam-\u00e1gua-para-mais-de-1.300-fam\u00edlias-da-regi\u00e3o-de-Massaroca-4-e1594073011224.jpg\",\"datePublished\":\"2020-07-07T12:42:34+00:00\",\"breadcrumb\":{\"@id\":\"https:\\\/\\\/blogdofarnesio.com.br\\\/?p=261546#breadcrumb\"},\"inLanguage\":\"pt-BR\",\"potentialAction\":[{\"@type\":\"ReadAction\",\"target\":[\"https:\\\/\\\/blogdofarnesio.com.br\\\/?p=261546\"]}]},{\"@type\":\"ImageObject\",\"inLanguage\":\"pt-BR\",\"@id\":\"https:\\\/\\\/blogdofarnesio.com.br\\\/?p=261546#primaryimage\",\"url\":\"https:\\\/\\\/blogdofarnesio.com.br\\\/wp-content\\\/uploads\\\/2020\\\/07\\\/Prefeitura-de-Juazeiro-e-SAAE-levam-\u00e1gua-para-mais-de-1.300-fam\u00edlias-da-regi\u00e3o-de-Massaroca-4-e1594073011224.jpg\",\"contentUrl\":\"https:\\\/\\\/blogdofarnesio.com.br\\\/wp-content\\\/uploads\\\/2020\\\/07\\\/Prefeitura-de-Juazeiro-e-SAAE-levam-\u00e1gua-para-mais-de-1.300-fam\u00edlias-da-regi\u00e3o-de-Massaroca-4-e1594073011224.jpg\",\"width\":680,\"height\":357},{\"@type\":\"BreadcrumbList\",\"@id\":\"https:\\\/\\\/blogdofarnesio.com.br\\\/?p=261546#breadcrumb\",\"itemListElement\":[{\"@type\":\"ListItem\",\"position\":1,\"name\":\"In\u00edcio\",\"item\":\"https:\\\/\\\/blogdofarnesio.com.br\\\/\"},{\"@type\":\"ListItem\",\"position\":2,\"name\":\"Prefeitura de Juazeiro e SAAE levam \u00e1gua para mais de 1.300 fam\u00edlias da regi\u00e3o de Massaroca\"}]},{\"@type\":\"WebSite\",\"@id\":\"https:\\\/\\\/blogdofarnesio.com.br\\\/#website\",\"url\":\"https:\\\/\\\/blogdofarnesio.com.br\\\/\",\"name\":\"Blog do Farn\u00e9sio\",\"description\":\"Quer Saber Pol\u00edtica?\",\"publisher\":{\"@id\":\"https:\\\/\\\/blogdofarnesio.com.br\\\/#organization\"},\"potentialAction\":[{\"@type\":\"SearchAction\",\"target\":{\"@type\":\"EntryPoint\",\"urlTemplate\":\"https:\\\/\\\/blogdofarnesio.com.br\\\/?s={search_term_string}\"},\"query-input\":{\"@type\":\"PropertyValueSpecification\",\"valueRequired\":true,\"valueName\":\"search_term_string\"}}],\"inLanguage\":\"pt-BR\"},{\"@type\":\"Organization\",\"@id\":\"https:\\\/\\\/blogdofarnesio.com.br\\\/#organization\",\"name\":\"Blog do Farn\u00e9sio\",\"url\":\"https:\\\/\\\/blogdofarnesio.com.br\\\/\",\"logo\":{\"@type\":\"ImageObject\",\"inLanguage\":\"pt-BR\",\"@id\":\"https:\\\/\\\/blogdofarnesio.com.br\\\/#\\\/schema\\\/logo\\\/image\\\/\",\"url\":\"https:\\\/\\\/blogdofarnesio.com.br\\\/wp-content\\\/uploads\\\/2026\\\/03\\\/cropped-logo_new-1.png\",\"contentUrl\":\"https:\\\/\\\/blogdofarnesio.com.br\\\/wp-content\\\/uploads\\\/2026\\\/03\\\/cropped-logo_new-1.png\",\"width\":881,\"height\":685,\"caption\":\"Blog do Farn\u00e9sio\"},\"image\":{\"@id\":\"https:\\\/\\\/blogdofarnesio.com.br\\\/#\\\/schema\\\/logo\\\/image\\\/\"},\"sameAs\":[\"https:\\\/\\\/www.facebook.com\\\/BlogQuerSaberPolitica\\\/\"]},{\"@type\":\"Person\",\"@id\":\"https:\\\/\\\/blogdofarnesio.com.br\\\/#\\\/schema\\\/person\\\/301c4acf522bccbfdb45af95b5b906a1\",\"name\":\"Farn\u00e9sio\",\"image\":{\"@type\":\"ImageObject\",\"inLanguage\":\"pt-BR\",\"@id\":\"https:\\\/\\\/secure.gravatar.com\\\/avatar\\\/df0c9a14567c056f8ad6876ba5bbd1e3e2c48023eb6807342fc4663adf549f38?s=96&d=mm&r=g\",\"url\":\"https:\\\/\\\/secure.gravatar.com\\\/avatar\\\/df0c9a14567c056f8ad6876ba5bbd1e3e2c48023eb6807342fc4663adf549f38?s=96&d=mm&r=g\",\"contentUrl\":\"https:\\\/\\\/secure.gravatar.com\\\/avatar\\\/df0c9a14567c056f8ad6876ba5bbd1e3e2c48023eb6807342fc4663adf549f38?s=96&d=mm&r=g\",\"caption\":\"Farn\u00e9sio\"},\"sameAs\":[\"https:\\\/\\\/quersaberpolitica.com.br\"],\"url\":\"https:\\\/\\\/blogdofarnesio.com.br\\\/?author=1\"}]}<\/script>\n<!-- \/ Yoast SEO plugin. -->","yoast_head_json":{"title":"Prefeitura de Juazeiro e SAAE levam \u00e1gua para mais de 1.300 fam\u00edlias da regi\u00e3o de Massaroca - Blog do Farn\u00e9sio","robots":{"index":"index","follow":"follow","max-snippet":"max-snippet:-1","max-image-preview":"max-image-preview:large","max-video-preview":"max-video-preview:-1"},"canonical":"https:\/\/blogdofarnesio.com.br\/?p=261546","og_locale":"pt_BR","og_type":"article","og_title":"Prefeitura de Juazeiro e SAAE levam \u00e1gua para mais de 1.300 fam\u00edlias da regi\u00e3o de Massaroca - Blog do Farn\u00e9sio","og_description":"A Prefeitura de Juazeiro por meio do Servi\u00e7o de \u00c1gua e Saneamento Ambiental \u2013 SAAE, em parceria com deputado estadual, Cris\u00f3stomo Lima (Z\u00f3) iniciou essa semana a amplia\u00e7\u00e3o da adutora no distrito de Massaroca, que ir\u00e1 beneficiar mais de 1.300 fam\u00edlias de 27 comunidades. O prefeito Paulo Bomfim, junto com o diretor do SAAE Joaquim Neto, e lideran\u00e7as da regi\u00e3o acompanhou no \u00faltimo domingo (05) os servi\u00e7os que j\u00e1 est\u00e3o bem adiantados. \u201cSeguimos trabalhando para melhorar a vida das pessoas. Em mais uma a\u00e7\u00e3o, estamos levando um melhor abastecimento de \u00e1gua para diversas fam\u00edlias da regi\u00e3o de Massaroca com a amplia\u00e7\u00e3o dessa adutora.\u00a0\u00a0Com isso, estamos cumprindo mais um pleito das comunidades do interior, levando esse bem t\u00e3o precioso que \u00e9&hellip;","og_url":"https:\/\/blogdofarnesio.com.br\/?p=261546","og_site_name":"Blog do Farn\u00e9sio","article_publisher":"https:\/\/www.facebook.com\/BlogQuerSaberPolitica\/","article_published_time":"2020-07-07T12:42:34+00:00","og_image":[{"width":680,"height":357,"url":"https:\/\/blogdofarnesio.com.br\/wp-content\/uploads\/2020\/07\/Prefeitura-de-Juazeiro-e-SAAE-levam-\u00e1gua-para-mais-de-1.300-fam\u00edlias-da-regi\u00e3o-de-Massaroca-4-e1594073011224.jpg","type":"image\/jpeg"}],"author":"Farn\u00e9sio","twitter_card":"summary_large_image","twitter_misc":{"Escrito por":"Farn\u00e9sio","Est. tempo de leitura":"1 minuto"},"schema":{"@context":"https:\/\/schema.org","@graph":[{"@type":"Article","@id":"https:\/\/blogdofarnesio.com.br\/?p=261546#article","isPartOf":{"@id":"https:\/\/blogdofarnesio.com.br\/?p=261546"},"author":{"name":"Farn\u00e9sio","@id":"https:\/\/blogdofarnesio.com.br\/#\/schema\/person\/301c4acf522bccbfdb45af95b5b906a1"},"headline":"Prefeitura de Juazeiro e SAAE levam \u00e1gua para mais de 1.300 fam\u00edlias da regi\u00e3o de Massaroca","datePublished":"2020-07-07T12:42:34+00:00","mainEntityOfPage":{"@id":"https:\/\/blogdofarnesio.com.br\/?p=261546"},"wordCount":253,"publisher":{"@id":"https:\/\/blogdofarnesio.com.br\/#organization"},"image":{"@id":"https:\/\/blogdofarnesio.com.br\/?p=261546#primaryimage"},"thumbnailUrl":"https:\/\/blogdofarnesio.com.br\/wp-content\/uploads\/2020\/07\/Prefeitura-de-Juazeiro-e-SAAE-levam-\u00e1gua-para-mais-de-1.300-fam\u00edlias-da-regi\u00e3o-de-Massaroca-4-e1594073011224.jpg","articleSection":["Pol\u00edtica"],"inLanguage":"pt-BR"},{"@type":"WebPage","@id":"https:\/\/blogdofarnesio.com.br\/?p=261546","url":"https:\/\/blogdofarnesio.com.br\/?p=261546","name":"Prefeitura de Juazeiro e SAAE levam \u00e1gua para mais de 1.300 fam\u00edlias da regi\u00e3o de Massaroca - Blog do Farn\u00e9sio","isPartOf":{"@id":"https:\/\/blogdofarnesio.com.br\/#website"},"primaryImageOfPage":{"@id":"https:\/\/blogdofarnesio.com.br\/?p=261546#primaryimage"},"image":{"@id":"https:\/\/blogdofarnesio.com.br\/?p=261546#primaryimage"},"thumbnailUrl":"https:\/\/blogdofarnesio.com.br\/wp-content\/uploads\/2020\/07\/Prefeitura-de-Juazeiro-e-SAAE-levam-\u00e1gua-para-mais-de-1.300-fam\u00edlias-da-regi\u00e3o-de-Massaroca-4-e1594073011224.jpg","datePublished":"2020-07-07T12:42:34+00:00","breadcrumb":{"@id":"https:\/\/blogdofarnesio.com.br\/?p=261546#breadcrumb"},"inLanguage":"pt-BR","potentialAction":[{"@type":"ReadAction","target":["https:\/\/blogdofarnesio.com.br\/?p=261546"]}]},{"@type":"ImageObject","inLanguage":"pt-BR","@id":"https:\/\/blogdofarnesio.com.br\/?p=261546#primaryimage","url":"https:\/\/blogdofarnesio.com.br\/wp-content\/uploads\/2020\/07\/Prefeitura-de-Juazeiro-e-SAAE-levam-\u00e1gua-para-mais-de-1.300-fam\u00edlias-da-regi\u00e3o-de-Massaroca-4-e1594073011224.jpg","contentUrl":"https:\/\/blogdofarnesio.com.br\/wp-content\/uploads\/2020\/07\/Prefeitura-de-Juazeiro-e-SAAE-levam-\u00e1gua-para-mais-de-1.300-fam\u00edlias-da-regi\u00e3o-de-Massaroca-4-e1594073011224.jpg","width":680,"height":357},{"@type":"BreadcrumbList","@id":"https:\/\/blogdofarnesio.com.br\/?p=261546#breadcrumb","itemListElement":[{"@type":"ListItem","position":1,"name":"In\u00edcio","item":"https:\/\/blogdofarnesio.com.br\/"},{"@type":"ListItem","position":2,"name":"Prefeitura de Juazeiro e SAAE levam \u00e1gua para mais de 1.300 fam\u00edlias da regi\u00e3o de Massaroca"}]},{"@type":"WebSite","@id":"https:\/\/blogdofarnesio.com.br\/#website","url":"https:\/\/blogdofarnesio.com.br\/","name":"Blog do Farn\u00e9sio","description":"Quer Saber Pol\u00edtica?","publisher":{"@id":"https:\/\/blogdofarnesio.com.br\/#organization"},"potentialAction":[{"@type":"SearchAction","target":{"@type":"EntryPoint","urlTemplate":"https:\/\/blogdofarnesio.com.br\/?s={search_term_string}"},"query-input":{"@type":"PropertyValueSpecification","valueRequired":true,"valueName":"search_term_string"}}],"inLanguage":"pt-BR"},{"@type":"Organization","@id":"https:\/\/blogdofarnesio.com.br\/#organization","name":"Blog do Farn\u00e9sio","url":"https:\/\/blogdofarnesio.com.br\/","logo":{"@type":"ImageObject","inLanguage":"pt-BR","@id":"https:\/\/blogdofarnesio.com.br\/#\/schema\/logo\/image\/","url":"https:\/\/blogdofarnesio.com.br\/wp-content\/uploads\/2026\/03\/cropped-logo_new-1.png","contentUrl":"https:\/\/blogdofarnesio.com.br\/wp-content\/uploads\/2026\/03\/cropped-logo_new-1.png","width":881,"height":685,"caption":"Blog do Farn\u00e9sio"},"image":{"@id":"https:\/\/blogdofarnesio.com.br\/#\/schema\/logo\/image\/"},"sameAs":["https:\/\/www.facebook.com\/BlogQuerSaberPolitica\/"]},{"@type":"Person","@id":"https:\/\/blogdofarnesio.com.br\/#\/schema\/person\/301c4acf522bccbfdb45af95b5b906a1","name":"Farn\u00e9sio","image":{"@type":"ImageObject","inLanguage":"pt-BR","@id":"https:\/\/secure.gravatar.com\/avatar\/df0c9a14567c056f8ad6876ba5bbd1e3e2c48023eb6807342fc4663adf549f38?s=96&d=mm&r=g","url":"https:\/\/secure.gravatar.com\/avatar\/df0c9a14567c056f8ad6876ba5bbd1e3e2c48023eb6807342fc4663adf549f38?s=96&d=mm&r=g","contentUrl":"https:\/\/secure.gravatar.com\/avatar\/df0c9a14567c056f8ad6876ba5bbd1e3e2c48023eb6807342fc4663adf549f38?s=96&d=mm&r=g","caption":"Farn\u00e9sio"},"sameAs":["https:\/\/quersaberpolitica.com.br"],"url":"https:\/\/blogdofarnesio.com.br\/?author=1"}]}},"_links":{"self":[{"href":"https:\/\/blogdofarnesio.com.br\/index.php?rest_route=\/wp\/v2\/posts\/261546","targetHints":{"allow":["GET"]}}],"collection":[{"href":"https:\/\/blogdofarnesio.com.br\/index.php?rest_route=\/wp\/v2\/posts"}],"about":[{"href":"https:\/\/blogdofarnesio.com.br\/index.php?rest_route=\/wp\/v2\/types\/post"}],"author":[{"embeddable":true,"href":"https:\/\/blogdofarnesio.com.br\/index.php?rest_route=\/wp\/v2\/users\/1"}],"replies":[{"embeddable":true,"href":"https:\/\/blogdofarnesio.com.br\/index.php?rest_route=%2Fwp%2Fv2%2Fcomments&post=261546"}],"version-history":[{"count":0,"href":"https:\/\/blogdofarnesio.com.br\/index.php?rest_route=\/wp\/v2\/posts\/261546\/revisions"}],"wp:featuredmedia":[{"embeddable":true,"href":"https:\/\/blogdofarnesio.com.br\/index.php?rest_route=\/wp\/v2\/media\/261547"}],"wp:attachment":[{"href":"https:\/\/blogdofarnesio.com.br\/index.php?rest_route=%2Fwp%2Fv2%2Fmedia&parent=261546"}],"wp:term":[{"taxonomy":"category","embeddable":true,"href":"https:\/\/blogdofarnesio.com.br\/index.php?rest_route=%2Fwp%2Fv2%2Fcategories&post=261546"},{"taxonomy":"post_tag","embeddable":true,"href":"https:\/\/blogdofarnesio.com.br\/index.php?rest_route=%2Fwp%2Fv2%2Ftags&post=261546"}],"curies":[{"name":"wp","href":"https:\/\/api.w.org\/{rel}","templated":true}]}}