{"id":26131,"date":"2013-02-03T09:00:35","date_gmt":"2013-02-03T12:00:35","guid":{"rendered":"http:\/\/www.quersaberpolitica.com.br\/?p=26131"},"modified":"2013-02-03T09:00:36","modified_gmt":"2013-02-03T12:00:36","slug":"ministerio-publico-federal-cobra-projetos-para-liberacao-da-ilha-do-fogo","status":"publish","type":"post","link":"https:\/\/blogdofarnesio.com.br\/?p=26131","title":{"rendered":"Minist\u00e9rio P\u00fablico Federal cobra projetos para libera\u00e7\u00e3o da Ilha do Fogo"},"content":{"rendered":"<p style=\"text-align: justify\"><a href=\"http:\/\/www.quersaberpolitica.com.br\/?attachment_id=26128\" rel=\"attachment wp-att-26128\"><img loading=\"lazy\" decoding=\"async\" class=\"alignleft size-medium wp-image-26128\" alt=\"blogqasp.ilha\" src=\"http:\/\/www.quersaberpolitica.com.br\/2016\/wp-content\/uploads\/2013\/02\/blogqasp.ilha_-300x226.jpg\" width=\"300\" height=\"226\" srcset=\"https:\/\/blogdofarnesio.com.br\/wp-content\/uploads\/2013\/02\/blogqasp.ilha_-300x226.jpg 300w, https:\/\/blogdofarnesio.com.br\/wp-content\/uploads\/2013\/02\/blogqasp.ilha_-398x300.jpg 398w, https:\/\/blogdofarnesio.com.br\/wp-content\/uploads\/2013\/02\/blogqasp.ilha_.jpg 430w\" sizes=\"auto, (max-width: 300px) 100vw, 300px\" \/><\/a>Ao tomar conhecimento que o Minist\u00e9rio P\u00fablico Federal, atrav\u00e9s da Procuradoria da Rep\u00fablica Polo Petrolina\/Juazeiro, estipulou prazo m\u00e1ximo de 10 (dez) dias para receber resposta se j\u00e1 foi enviado projeto \u00e0 Secretaria de Patrim\u00f4nio da Uni\u00e3o \u2013 SPU, para viabiliza\u00e7\u00e3o de infra estrutura para o funcionamento da Ilha do Fogo, com acesso da popula\u00e7\u00e3o de Juazeiro e Petrolina, o Comit\u00ea Popular de Defesa da Ilha do Fogo e do Rio S\u00e3o Francisco reuniu no \u00faltimo dia 30 de janeiro na Pro Reitoria de Extens\u00e3o, da UNIVASF, em Petrolina, diversas institui\u00e7\u00f5es para mais uma vez elaborarem documento, desta vez dirigido aquele Minist\u00e9rio P\u00fablico, dizendo o que caberia a cada uma, em rela\u00e7\u00e3o \u00e0 Ilha do Fogo, no caso da libera\u00e7\u00e3o da mesma para o p\u00fablico das duas cidades.<\/p>\n<p style=\"text-align: justify\">O que na verdade o Minist\u00e9rio P\u00fablico Federal queria saber era se j\u00e1 se existiam projetos vi\u00e1veis para funcionamento da Ilha do Fogo em caso de libera\u00e7\u00e3o do acesso da popula\u00e7\u00e3o.<!--more--> Sendo assim, o Comit\u00ea Popular de Defesa da Ilha do Fogo e do Rio S\u00e3o Francisco entrou em contato com a UNIVASF, IF-Sert\u00e3o, Articula\u00e7\u00e3o S\u00e3o Francisco Vivo, Prefeitura Municipal de Petrolina, Prefeitura Municipal de Juazeiro e os reuniu com o Coletivo Amigos da Ilha e com a Secretaria de Turismo de Petrolina, que foi a entidade respons\u00e1vel para responder ao Minist\u00e9rio P\u00fablico Federal.<\/p>\n<p style=\"text-align: justify\">Como resultado da reuni\u00e3o, foi elaborado o documento solicitado pelo Minist\u00e9rio P\u00fablico Federal e tamb\u00e9m foi criado um Grupo de Trabalho (GT) com as institui\u00e7\u00f5es presentes para darem celeridade aos projetos j\u00e1 em andamento, como \u00e9 o caso do \u201cMuseu do Ribeirinho\u201d, projeto pertencente \u00e0 UNIVASF assim como o projeto que a sociedade sanfranciscana vislumbra tanto, que \u00e9 a instala\u00e7\u00e3o de um \u201cmemorial\u201d, que servir\u00e1 para abrigar o patrim\u00f4nio que contar\u00e1 a hist\u00f3ria da navega\u00e7\u00e3o no Rio S\u00e3o Francisco, que poder\u00e1 funcionar no antigo galp\u00e3o, na Ilha do Fogo, da extinta FRANAVE \u2013 Companhia de Navega\u00e7\u00e3o do S\u00e3o Francisco. Al\u00e9m desses poss\u00edveis projetos ser\u00e3o avaliados diversos outros como o Parque da Serpente da Ilha do Fogo e os projetos do IF-Sert\u00e3o, tamb\u00e9m para aquela Ilha.<\/p>\n<p style=\"text-align: justify\">O GT continuar\u00e1 se reunindo para dar andamento aos projetos e as prefeituras de Petrolina e Juazeiro continuar\u00e3o integrando o Grupo para darem garantias de funcionamento \u00e0 Ilha do Fogo, com urbaniza\u00e7\u00e3o, coleta de lixo, seguran\u00e7a (no tocantes \u00e0s Guardas Municipais), ilumina\u00e7\u00e3o p\u00fablica, al\u00e9m da inser\u00e7\u00e3o da Ilha em eventos tur\u00edsticos e culturais. Representaram as prefeituras de Petrolina e Juazeiro, os secret\u00e1rios Iuric Pires e Carmi\u00e1ria, respectivamente. \u201cCaso a cria\u00e7\u00e3o da Guarda Tur\u00edstica de Petrolina, que est\u00e1 em an\u00e1lise pelo prefeito Julio Lossio, seja aprovada, e que \u00e9 um projeto da nossa secretaria, essa j\u00e1 ser\u00e1 uma garantia: a presen\u00e7a de uma dupla de guardas tur\u00edsticos na Ilha do Fogo\u201d, informou o Secret\u00e1rio de Turismo de Petrolina, Iuric Pires Martins.<\/p>\n<p style=\"text-align: justify\">\n","protected":false},"excerpt":{"rendered":"<p>Ao tomar conhecimento que o Minist\u00e9rio P\u00fablico Federal, atrav\u00e9s da Procuradoria da Rep\u00fablica Polo Petrolina\/Juazeiro, estipulou prazo m\u00e1ximo de 10 (dez) dias para receber resposta se j\u00e1 foi enviado projeto \u00e0 Secretaria de Patrim\u00f4nio da Uni\u00e3o \u2013 SPU, para viabiliza\u00e7\u00e3o de infra estrutura para o funcionamento da Ilha do Fogo, com acesso da popula\u00e7\u00e3o de Juazeiro e Petrolina, o Comit\u00ea Popular de Defesa da Ilha do Fogo e do Rio S\u00e3o Francisco reuniu no \u00faltimo dia 30 de janeiro na Pro Reitoria de Extens\u00e3o, da UNIVASF, em Petrolina, diversas institui\u00e7\u00f5es para mais uma vez elaborarem documento, desta vez dirigido aquele Minist\u00e9rio P\u00fablico, dizendo o que caberia a cada uma, em rela\u00e7\u00e3o \u00e0 Ilha do Fogo, no caso da libera\u00e7\u00e3o da&hellip; <\/p>\n","protected":false},"author":3,"featured_media":0,"comment_status":"open","ping_status":"open","sticky":false,"template":"","format":"standard","meta":{"_acf_changed":false,"footnotes":""},"categories":[14],"tags":[],"class_list":["post-26131","post","type-post","status-publish","format-standard","hentry","category-infraestrutura"],"acf":[],"yoast_head":"<!-- This site is optimized with the Yoast SEO plugin v27.4 - https:\/\/yoast.com\/product\/yoast-seo-wordpress\/ -->\n<title>Minist\u00e9rio P\u00fablico Federal cobra projetos para libera\u00e7\u00e3o da Ilha do Fogo - Blog do Farn\u00e9sio<\/title>\n<meta name=\"robots\" content=\"index, follow, max-snippet:-1, max-image-preview:large, max-video-preview:-1\" \/>\n<link rel=\"canonical\" href=\"https:\/\/blogdofarnesio.com.br\/?p=26131\" \/>\n<meta property=\"og:locale\" content=\"pt_BR\" \/>\n<meta property=\"og:type\" content=\"article\" \/>\n<meta property=\"og:title\" content=\"Minist\u00e9rio P\u00fablico Federal cobra projetos para libera\u00e7\u00e3o da Ilha do Fogo - Blog do Farn\u00e9sio\" \/>\n<meta property=\"og:description\" content=\"Ao tomar conhecimento que o Minist\u00e9rio P\u00fablico Federal, atrav\u00e9s da Procuradoria da Rep\u00fablica Polo Petrolina\/Juazeiro, estipulou prazo m\u00e1ximo de 10 (dez) dias para receber resposta se j\u00e1 foi enviado projeto \u00e0 Secretaria de Patrim\u00f4nio da Uni\u00e3o \u2013 SPU, para viabiliza\u00e7\u00e3o de infra estrutura para o funcionamento da Ilha do Fogo, com acesso da popula\u00e7\u00e3o de Juazeiro e Petrolina, o Comit\u00ea Popular de Defesa da Ilha do Fogo e do Rio S\u00e3o Francisco reuniu no \u00faltimo dia 30 de janeiro na Pro Reitoria de Extens\u00e3o, da UNIVASF, em Petrolina, diversas institui\u00e7\u00f5es para mais uma vez elaborarem documento, desta vez dirigido aquele Minist\u00e9rio P\u00fablico, dizendo o que caberia a cada uma, em rela\u00e7\u00e3o \u00e0 Ilha do Fogo, no caso da libera\u00e7\u00e3o da&hellip;\" \/>\n<meta property=\"og:url\" content=\"https:\/\/blogdofarnesio.com.br\/?p=26131\" \/>\n<meta property=\"og:site_name\" content=\"Blog do Farn\u00e9sio\" \/>\n<meta property=\"article:publisher\" content=\"https:\/\/www.facebook.com\/BlogQuerSaberPolitica\/\" \/>\n<meta property=\"article:published_time\" content=\"2013-02-03T12:00:35+00:00\" \/>\n<meta property=\"article:modified_time\" content=\"2013-02-03T12:00:36+00:00\" \/>\n<meta property=\"og:image\" content=\"http:\/\/www.quersaberpolitica.com.br\/2016\/wp-content\/uploads\/2013\/02\/blogqasp.ilha_-300x226.jpg\" \/>\n<meta name=\"author\" content=\"teste\" \/>\n<meta name=\"twitter:card\" content=\"summary_large_image\" \/>\n<meta name=\"twitter:label1\" content=\"Escrito por\" \/>\n\t<meta name=\"twitter:data1\" content=\"teste\" \/>\n\t<meta name=\"twitter:label2\" content=\"Est. tempo de leitura\" \/>\n\t<meta name=\"twitter:data2\" content=\"3 minutos\" \/>\n<script type=\"application\/ld+json\" class=\"yoast-schema-graph\">{\"@context\":\"https:\\\/\\\/schema.org\",\"@graph\":[{\"@type\":\"Article\",\"@id\":\"https:\\\/\\\/blogdofarnesio.com.br\\\/?p=26131#article\",\"isPartOf\":{\"@id\":\"https:\\\/\\\/blogdofarnesio.com.br\\\/?p=26131\"},\"author\":{\"name\":\"teste\",\"@id\":\"https:\\\/\\\/blogdofarnesio.com.br\\\/#\\\/schema\\\/person\\\/dd1bf5eba40b687199ba45ca6b97dff9\"},\"headline\":\"Minist\u00e9rio P\u00fablico Federal cobra projetos para libera\u00e7\u00e3o da Ilha do Fogo\",\"datePublished\":\"2013-02-03T12:00:35+00:00\",\"dateModified\":\"2013-02-03T12:00:36+00:00\",\"mainEntityOfPage\":{\"@id\":\"https:\\\/\\\/blogdofarnesio.com.br\\\/?p=26131\"},\"wordCount\":533,\"commentCount\":1,\"publisher\":{\"@id\":\"https:\\\/\\\/blogdofarnesio.com.br\\\/#organization\"},\"image\":{\"@id\":\"https:\\\/\\\/blogdofarnesio.com.br\\\/?p=26131#primaryimage\"},\"thumbnailUrl\":\"http:\\\/\\\/www.quersaberpolitica.com.br\\\/2016\\\/wp-content\\\/uploads\\\/2013\\\/02\\\/blogqasp.ilha_-300x226.jpg\",\"articleSection\":[\"Infraestrutura\"],\"inLanguage\":\"pt-BR\",\"potentialAction\":[{\"@type\":\"CommentAction\",\"name\":\"Comment\",\"target\":[\"https:\\\/\\\/blogdofarnesio.com.br\\\/?p=26131#respond\"]}]},{\"@type\":\"WebPage\",\"@id\":\"https:\\\/\\\/blogdofarnesio.com.br\\\/?p=26131\",\"url\":\"https:\\\/\\\/blogdofarnesio.com.br\\\/?p=26131\",\"name\":\"Minist\u00e9rio P\u00fablico Federal cobra projetos para libera\u00e7\u00e3o da Ilha do Fogo - Blog do Farn\u00e9sio\",\"isPartOf\":{\"@id\":\"https:\\\/\\\/blogdofarnesio.com.br\\\/#website\"},\"primaryImageOfPage\":{\"@id\":\"https:\\\/\\\/blogdofarnesio.com.br\\\/?p=26131#primaryimage\"},\"image\":{\"@id\":\"https:\\\/\\\/blogdofarnesio.com.br\\\/?p=26131#primaryimage\"},\"thumbnailUrl\":\"http:\\\/\\\/www.quersaberpolitica.com.br\\\/2016\\\/wp-content\\\/uploads\\\/2013\\\/02\\\/blogqasp.ilha_-300x226.jpg\",\"datePublished\":\"2013-02-03T12:00:35+00:00\",\"dateModified\":\"2013-02-03T12:00:36+00:00\",\"breadcrumb\":{\"@id\":\"https:\\\/\\\/blogdofarnesio.com.br\\\/?p=26131#breadcrumb\"},\"inLanguage\":\"pt-BR\",\"potentialAction\":[{\"@type\":\"ReadAction\",\"target\":[\"https:\\\/\\\/blogdofarnesio.com.br\\\/?p=26131\"]}]},{\"@type\":\"ImageObject\",\"inLanguage\":\"pt-BR\",\"@id\":\"https:\\\/\\\/blogdofarnesio.com.br\\\/?p=26131#primaryimage\",\"url\":\"http:\\\/\\\/www.quersaberpolitica.com.br\\\/2016\\\/wp-content\\\/uploads\\\/2013\\\/02\\\/blogqasp.ilha_-300x226.jpg\",\"contentUrl\":\"http:\\\/\\\/www.quersaberpolitica.com.br\\\/2016\\\/wp-content\\\/uploads\\\/2013\\\/02\\\/blogqasp.ilha_-300x226.jpg\"},{\"@type\":\"BreadcrumbList\",\"@id\":\"https:\\\/\\\/blogdofarnesio.com.br\\\/?p=26131#breadcrumb\",\"itemListElement\":[{\"@type\":\"ListItem\",\"position\":1,\"name\":\"In\u00edcio\",\"item\":\"https:\\\/\\\/blogdofarnesio.com.br\\\/\"},{\"@type\":\"ListItem\",\"position\":2,\"name\":\"Minist\u00e9rio P\u00fablico Federal cobra projetos para libera\u00e7\u00e3o da Ilha do Fogo\"}]},{\"@type\":\"WebSite\",\"@id\":\"https:\\\/\\\/blogdofarnesio.com.br\\\/#website\",\"url\":\"https:\\\/\\\/blogdofarnesio.com.br\\\/\",\"name\":\"Blog do Farn\u00e9sio\",\"description\":\"Quer Saber Pol\u00edtica?\",\"publisher\":{\"@id\":\"https:\\\/\\\/blogdofarnesio.com.br\\\/#organization\"},\"potentialAction\":[{\"@type\":\"SearchAction\",\"target\":{\"@type\":\"EntryPoint\",\"urlTemplate\":\"https:\\\/\\\/blogdofarnesio.com.br\\\/?s={search_term_string}\"},\"query-input\":{\"@type\":\"PropertyValueSpecification\",\"valueRequired\":true,\"valueName\":\"search_term_string\"}}],\"inLanguage\":\"pt-BR\"},{\"@type\":\"Organization\",\"@id\":\"https:\\\/\\\/blogdofarnesio.com.br\\\/#organization\",\"name\":\"Blog do Farn\u00e9sio\",\"url\":\"https:\\\/\\\/blogdofarnesio.com.br\\\/\",\"logo\":{\"@type\":\"ImageObject\",\"inLanguage\":\"pt-BR\",\"@id\":\"https:\\\/\\\/blogdofarnesio.com.br\\\/#\\\/schema\\\/logo\\\/image\\\/\",\"url\":\"https:\\\/\\\/blogdofarnesio.com.br\\\/wp-content\\\/uploads\\\/2026\\\/03\\\/cropped-logo_new-1.png\",\"contentUrl\":\"https:\\\/\\\/blogdofarnesio.com.br\\\/wp-content\\\/uploads\\\/2026\\\/03\\\/cropped-logo_new-1.png\",\"width\":881,\"height\":685,\"caption\":\"Blog do Farn\u00e9sio\"},\"image\":{\"@id\":\"https:\\\/\\\/blogdofarnesio.com.br\\\/#\\\/schema\\\/logo\\\/image\\\/\"},\"sameAs\":[\"https:\\\/\\\/www.facebook.com\\\/BlogQuerSaberPolitica\\\/\"]},{\"@type\":\"Person\",\"@id\":\"https:\\\/\\\/blogdofarnesio.com.br\\\/#\\\/schema\\\/person\\\/dd1bf5eba40b687199ba45ca6b97dff9\",\"name\":\"teste\",\"image\":{\"@type\":\"ImageObject\",\"inLanguage\":\"pt-BR\",\"@id\":\"https:\\\/\\\/secure.gravatar.com\\\/avatar\\\/2172498d4914b51e1d89a0f97957b035ac4938723a5cac208135d389b6972a6d?s=96&d=mm&r=g\",\"url\":\"https:\\\/\\\/secure.gravatar.com\\\/avatar\\\/2172498d4914b51e1d89a0f97957b035ac4938723a5cac208135d389b6972a6d?s=96&d=mm&r=g\",\"contentUrl\":\"https:\\\/\\\/secure.gravatar.com\\\/avatar\\\/2172498d4914b51e1d89a0f97957b035ac4938723a5cac208135d389b6972a6d?s=96&d=mm&r=g\",\"caption\":\"teste\"},\"url\":\"https:\\\/\\\/blogdofarnesio.com.br\\\/?author=3\"}]}<\/script>\n<!-- \/ Yoast SEO plugin. -->","yoast_head_json":{"title":"Minist\u00e9rio P\u00fablico Federal cobra projetos para libera\u00e7\u00e3o da Ilha do Fogo - Blog do Farn\u00e9sio","robots":{"index":"index","follow":"follow","max-snippet":"max-snippet:-1","max-image-preview":"max-image-preview:large","max-video-preview":"max-video-preview:-1"},"canonical":"https:\/\/blogdofarnesio.com.br\/?p=26131","og_locale":"pt_BR","og_type":"article","og_title":"Minist\u00e9rio P\u00fablico Federal cobra projetos para libera\u00e7\u00e3o da Ilha do Fogo - Blog do Farn\u00e9sio","og_description":"Ao tomar conhecimento que o Minist\u00e9rio P\u00fablico Federal, atrav\u00e9s da Procuradoria da Rep\u00fablica Polo Petrolina\/Juazeiro, estipulou prazo m\u00e1ximo de 10 (dez) dias para receber resposta se j\u00e1 foi enviado projeto \u00e0 Secretaria de Patrim\u00f4nio da Uni\u00e3o \u2013 SPU, para viabiliza\u00e7\u00e3o de infra estrutura para o funcionamento da Ilha do Fogo, com acesso da popula\u00e7\u00e3o de Juazeiro e Petrolina, o Comit\u00ea Popular de Defesa da Ilha do Fogo e do Rio S\u00e3o Francisco reuniu no \u00faltimo dia 30 de janeiro na Pro Reitoria de Extens\u00e3o, da UNIVASF, em Petrolina, diversas institui\u00e7\u00f5es para mais uma vez elaborarem documento, desta vez dirigido aquele Minist\u00e9rio P\u00fablico, dizendo o que caberia a cada uma, em rela\u00e7\u00e3o \u00e0 Ilha do Fogo, no caso da libera\u00e7\u00e3o da&hellip;","og_url":"https:\/\/blogdofarnesio.com.br\/?p=26131","og_site_name":"Blog do Farn\u00e9sio","article_publisher":"https:\/\/www.facebook.com\/BlogQuerSaberPolitica\/","article_published_time":"2013-02-03T12:00:35+00:00","article_modified_time":"2013-02-03T12:00:36+00:00","og_image":[{"url":"http:\/\/www.quersaberpolitica.com.br\/2016\/wp-content\/uploads\/2013\/02\/blogqasp.ilha_-300x226.jpg","type":"","width":"","height":""}],"author":"teste","twitter_card":"summary_large_image","twitter_misc":{"Escrito por":"teste","Est. tempo de leitura":"3 minutos"},"schema":{"@context":"https:\/\/schema.org","@graph":[{"@type":"Article","@id":"https:\/\/blogdofarnesio.com.br\/?p=26131#article","isPartOf":{"@id":"https:\/\/blogdofarnesio.com.br\/?p=26131"},"author":{"name":"teste","@id":"https:\/\/blogdofarnesio.com.br\/#\/schema\/person\/dd1bf5eba40b687199ba45ca6b97dff9"},"headline":"Minist\u00e9rio P\u00fablico Federal cobra projetos para libera\u00e7\u00e3o da Ilha do Fogo","datePublished":"2013-02-03T12:00:35+00:00","dateModified":"2013-02-03T12:00:36+00:00","mainEntityOfPage":{"@id":"https:\/\/blogdofarnesio.com.br\/?p=26131"},"wordCount":533,"commentCount":1,"publisher":{"@id":"https:\/\/blogdofarnesio.com.br\/#organization"},"image":{"@id":"https:\/\/blogdofarnesio.com.br\/?p=26131#primaryimage"},"thumbnailUrl":"http:\/\/www.quersaberpolitica.com.br\/2016\/wp-content\/uploads\/2013\/02\/blogqasp.ilha_-300x226.jpg","articleSection":["Infraestrutura"],"inLanguage":"pt-BR","potentialAction":[{"@type":"CommentAction","name":"Comment","target":["https:\/\/blogdofarnesio.com.br\/?p=26131#respond"]}]},{"@type":"WebPage","@id":"https:\/\/blogdofarnesio.com.br\/?p=26131","url":"https:\/\/blogdofarnesio.com.br\/?p=26131","name":"Minist\u00e9rio P\u00fablico Federal cobra projetos para libera\u00e7\u00e3o da Ilha do Fogo - Blog do Farn\u00e9sio","isPartOf":{"@id":"https:\/\/blogdofarnesio.com.br\/#website"},"primaryImageOfPage":{"@id":"https:\/\/blogdofarnesio.com.br\/?p=26131#primaryimage"},"image":{"@id":"https:\/\/blogdofarnesio.com.br\/?p=26131#primaryimage"},"thumbnailUrl":"http:\/\/www.quersaberpolitica.com.br\/2016\/wp-content\/uploads\/2013\/02\/blogqasp.ilha_-300x226.jpg","datePublished":"2013-02-03T12:00:35+00:00","dateModified":"2013-02-03T12:00:36+00:00","breadcrumb":{"@id":"https:\/\/blogdofarnesio.com.br\/?p=26131#breadcrumb"},"inLanguage":"pt-BR","potentialAction":[{"@type":"ReadAction","target":["https:\/\/blogdofarnesio.com.br\/?p=26131"]}]},{"@type":"ImageObject","inLanguage":"pt-BR","@id":"https:\/\/blogdofarnesio.com.br\/?p=26131#primaryimage","url":"http:\/\/www.quersaberpolitica.com.br\/2016\/wp-content\/uploads\/2013\/02\/blogqasp.ilha_-300x226.jpg","contentUrl":"http:\/\/www.quersaberpolitica.com.br\/2016\/wp-content\/uploads\/2013\/02\/blogqasp.ilha_-300x226.jpg"},{"@type":"BreadcrumbList","@id":"https:\/\/blogdofarnesio.com.br\/?p=26131#breadcrumb","itemListElement":[{"@type":"ListItem","position":1,"name":"In\u00edcio","item":"https:\/\/blogdofarnesio.com.br\/"},{"@type":"ListItem","position":2,"name":"Minist\u00e9rio P\u00fablico Federal cobra projetos para libera\u00e7\u00e3o da Ilha do Fogo"}]},{"@type":"WebSite","@id":"https:\/\/blogdofarnesio.com.br\/#website","url":"https:\/\/blogdofarnesio.com.br\/","name":"Blog do Farn\u00e9sio","description":"Quer Saber Pol\u00edtica?","publisher":{"@id":"https:\/\/blogdofarnesio.com.br\/#organization"},"potentialAction":[{"@type":"SearchAction","target":{"@type":"EntryPoint","urlTemplate":"https:\/\/blogdofarnesio.com.br\/?s={search_term_string}"},"query-input":{"@type":"PropertyValueSpecification","valueRequired":true,"valueName":"search_term_string"}}],"inLanguage":"pt-BR"},{"@type":"Organization","@id":"https:\/\/blogdofarnesio.com.br\/#organization","name":"Blog do Farn\u00e9sio","url":"https:\/\/blogdofarnesio.com.br\/","logo":{"@type":"ImageObject","inLanguage":"pt-BR","@id":"https:\/\/blogdofarnesio.com.br\/#\/schema\/logo\/image\/","url":"https:\/\/blogdofarnesio.com.br\/wp-content\/uploads\/2026\/03\/cropped-logo_new-1.png","contentUrl":"https:\/\/blogdofarnesio.com.br\/wp-content\/uploads\/2026\/03\/cropped-logo_new-1.png","width":881,"height":685,"caption":"Blog do Farn\u00e9sio"},"image":{"@id":"https:\/\/blogdofarnesio.com.br\/#\/schema\/logo\/image\/"},"sameAs":["https:\/\/www.facebook.com\/BlogQuerSaberPolitica\/"]},{"@type":"Person","@id":"https:\/\/blogdofarnesio.com.br\/#\/schema\/person\/dd1bf5eba40b687199ba45ca6b97dff9","name":"teste","image":{"@type":"ImageObject","inLanguage":"pt-BR","@id":"https:\/\/secure.gravatar.com\/avatar\/2172498d4914b51e1d89a0f97957b035ac4938723a5cac208135d389b6972a6d?s=96&d=mm&r=g","url":"https:\/\/secure.gravatar.com\/avatar\/2172498d4914b51e1d89a0f97957b035ac4938723a5cac208135d389b6972a6d?s=96&d=mm&r=g","contentUrl":"https:\/\/secure.gravatar.com\/avatar\/2172498d4914b51e1d89a0f97957b035ac4938723a5cac208135d389b6972a6d?s=96&d=mm&r=g","caption":"teste"},"url":"https:\/\/blogdofarnesio.com.br\/?author=3"}]}},"_links":{"self":[{"href":"https:\/\/blogdofarnesio.com.br\/index.php?rest_route=\/wp\/v2\/posts\/26131","targetHints":{"allow":["GET"]}}],"collection":[{"href":"https:\/\/blogdofarnesio.com.br\/index.php?rest_route=\/wp\/v2\/posts"}],"about":[{"href":"https:\/\/blogdofarnesio.com.br\/index.php?rest_route=\/wp\/v2\/types\/post"}],"author":[{"embeddable":true,"href":"https:\/\/blogdofarnesio.com.br\/index.php?rest_route=\/wp\/v2\/users\/3"}],"replies":[{"embeddable":true,"href":"https:\/\/blogdofarnesio.com.br\/index.php?rest_route=%2Fwp%2Fv2%2Fcomments&post=26131"}],"version-history":[{"count":0,"href":"https:\/\/blogdofarnesio.com.br\/index.php?rest_route=\/wp\/v2\/posts\/26131\/revisions"}],"wp:attachment":[{"href":"https:\/\/blogdofarnesio.com.br\/index.php?rest_route=%2Fwp%2Fv2%2Fmedia&parent=26131"}],"wp:term":[{"taxonomy":"category","embeddable":true,"href":"https:\/\/blogdofarnesio.com.br\/index.php?rest_route=%2Fwp%2Fv2%2Fcategories&post=26131"},{"taxonomy":"post_tag","embeddable":true,"href":"https:\/\/blogdofarnesio.com.br\/index.php?rest_route=%2Fwp%2Fv2%2Ftags&post=26131"}],"curies":[{"name":"wp","href":"https:\/\/api.w.org\/{rel}","templated":true}]}}