{"id":261156,"date":"2020-07-02T08:41:39","date_gmt":"2020-07-02T11:41:39","guid":{"rendered":"http:\/\/quersaberpolitica.com.br\/2016\/?p=261156"},"modified":"2020-07-01T19:50:09","modified_gmt":"2020-07-01T22:50:09","slug":"eleicoes-2020-camara-aprova-pec-que-adia-para-novembro-eleicoes-deste-ano","status":"publish","type":"post","link":"https:\/\/blogdofarnesio.com.br\/?p=261156","title":{"rendered":"Elei\u00e7\u00f5es 2020: C\u00e2mara aprova PEC que adia para novembro elei\u00e7\u00f5es deste ano"},"content":{"rendered":"<div class=\"row content-head non-featured \">\n<div class=\"title\"><\/div>\n<div class=\"medium-centered subtitle\">\n<h2 class=\"content-head__subtitle\">Calend\u00e1rio previa elei\u00e7\u00f5es nos dias 4 e 25 de outubro, mas PEC adia primeiro turno para 15 de novembro e o segundo, para 29 de novembro. Texto ser\u00e1 promulgado nesta quinta (2).<\/h2>\n<\/div>\n<\/div>\n<div class=\"content__signa-share\">\n<div class=\"content__signature\">\n<div class=\"content-publication-data\">\n<div class=\"content-publication-data__text\">\n<p class=\"content-publication-data__from\" title=\"Fernanda Calgaro, Luiz Felipe Barbi\u00e9ri e Sara Resende, G1 e TV Globo\">Por Fernanda Calgaro, Luiz Felipe Barbi\u00e9ri e Sara Resende, G1 e TV Globo \u2014<\/p>\n<\/div>\n<\/div>\n<\/div>\n<\/div>\n<div class=\"mc-article-body\">\n<article>\n<div class=\"mc-column content-text active-extra-styles \" data-block-type=\"unstyled\" data-block-weight=\"31\" data-block-id=\"2\">\n<p class=\"content-text__container \" data-track-category=\"Link no Texto\" data-track-links=\"\">A\u00a0<a href=\"https:\/\/g1.globo.com\/tudo-sobre\/camara-dos-deputados\/\">C\u00e2mara dos Deputados<\/a>\u00a0aprovou nesta quarta-feira (23) a proposta de emenda \u00e0 Constitui\u00e7\u00e3o (PEC) que\u00a0<a href=\"https:\/\/g1.globo.com\/politica\/eleicoes\/2020\/noticia\/2020\/06\/23\/senado-aprova-texto-base-da-pec-que-adia-eleicoes-municipais-deste-ano-para-novembro.ghtml\">adia para novembro as elei\u00e7\u00f5es municipais<\/a>\u00a0deste ano em raz\u00e3o da\u00a0<a href=\"https:\/\/g1.globo.com\/bemestar\/coronavirus\/noticia\/2020\/03\/11\/oms-declara-pandemia-de-coronavirus.ghtml\">pandemia<\/a>\u00a0do novo coronav\u00edrus.<\/p>\n<\/div>\n<div class=\"wall protected-content\">\n<div class=\"mc-column content-text active-extra-styles \" data-block-type=\"unstyled\" data-block-weight=\"36\" data-block-id=\"3\">\n<p class=\"content-text__container \" data-track-category=\"Link no Texto\" data-track-links=\"\">Pelo\u00a0<a href=\"https:\/\/g1.globo.com\/politica\/eleicoes\/2020\/noticia\/2019\/12\/18\/eleicoes-2020-confira-as-datas-do-calendario-eleitoral.ghtml\">calend\u00e1rio eleitoral<\/a>, o primeiro turno estava marcado para\u00a0<strong>4 de outubro<\/strong>, e o segundo, para\u00a0<strong>25 de outubro<\/strong>. A PEC adia o primeiro turno para\u00a0<strong>15 de novembro<\/strong>, e o segundo, para\u00a0<strong>29 de novembro<\/strong>.<\/p>\n<\/div>\n<div class=\"mc-column content-text active-extra-styles \" data-block-type=\"unstyled\" data-block-weight=\"30\" data-block-id=\"4\">\n<p class=\"content-text__container \" data-track-category=\"Link no Texto\" data-track-links=\"\">O texto-base foi aprovado em primeiro turno por\u00a0<a href=\"https:\/\/especiais.g1.globo.com\/politica\/2019\/o-voto-dos-deputados\/#\/projetos\/adiamento-das-eleicoes-de-2020-1-turno\/\" target=\"_blank\" rel=\"noopener noreferrer\">402 votos a 90<\/a>\u00a0(houve 4 absten\u00e7\u00f5es). No segundo turno, a PEC foi aprovada por 407 votos a 70 (houve 1 absten\u00e7\u00e3o).<\/p>\n<\/div>\n<div class=\"mc-column content-text active-extra-styles \" data-block-type=\"unstyled\" data-block-weight=\"26\" data-block-id=\"5\">\n<p class=\"content-text__container \" data-track-category=\"Link no Texto\" data-track-links=\"\">O texto\u00a0<a href=\"https:\/\/g1.globo.com\/politica\/eleicoes\/2020\/noticia\/2020\/06\/23\/senado-aprova-texto-base-da-pec-que-adia-eleicoes-municipais-deste-ano-para-novembro.ghtml\">j\u00e1 foi aprovado<\/a>\u00a0pelo\u00a0<a href=\"https:\/\/g1.globo.com\/tudo-sobre\/senado-federal\/\">Senado<\/a>\u00a0e seguir\u00e1 para promulga\u00e7\u00e3o, pelo Congresso Nacional. A sess\u00e3o est\u00e1 marcada para a manh\u00e3 desta quinta-feira (2).<\/p>\n<\/div>\n<div class=\"mc-column content-text active-extra-styles \" data-block-type=\"unstyled\" data-block-weight=\"35\" data-block-id=\"6\">\n<p class=\"content-text__container \" data-track-category=\"Link no Texto\" data-track-links=\"\">Na vota\u00e7\u00e3o em primeiro turno, os deputados aprovaram dois destaques, isto \u00e9, modifica\u00e7\u00f5es no texto. No entanto, t\u00e9cnicos da C\u00e2mara explicaram que as mudan\u00e7as n\u00e3o exigir\u00e3o que o texto volte para nova an\u00e1lise do Senado.<\/p>\n<\/div>\n<div class=\"mc-column content-text active-extra-styles \" data-block-type=\"unstyled\" data-block-weight=\"27\" data-block-id=\"7\">\n<p class=\"content-text__container \" data-track-category=\"Link no Texto\" data-track-links=\"\">O Tribunal Superior Eleitoral (TSE) tem defendido o adiamento como medida para minimizar o risco de cont\u00e1gio da doen\u00e7a, mas desde que seja ainda para este ano.<\/p>\n<\/div>\n<div class=\"mc-column content-media content-video\" data-block-type=\"backstage-video\" data-block-id=\"8\">\n<div class=\"content-media__container\">\n<div class=\"content-video__bigger-player-description-fixer\">\n<article class=\"content-video\">\n<section class=\"content-video__video-container\">\n<div class=\"content-video__video\">\n<div class=\"content-video__placeholder\" data-video-id=\"8666041\"><img decoding=\"async\" class=\"content-video__placeholder__thumb\" title=\"C\u00e2mara vota adiamento das elei\u00e7\u00f5es municipais nesta quarta-feira (1\u00ba)\" src=\"https:\/\/s02.video.glbimg.com\/x240\/8666041.jpg\" alt=\"C\u00e2mara vota adiamento das elei\u00e7\u00f5es municipais nesta quarta-feira (1\u00ba)\" \/><\/div>\n<div id=\"wp3-player-2\" class=\"clappr-player\" tabindex=\"9999\" data-player=\"\">\n<div class=\"container-overlay\"><\/div>\n<div class=\"dfp-ad-overlay dfp-ad-overlay--poster-mode\">\n<div><iframe src=\"https:\/\/imasdk.googleapis.com\/js\/core\/bridge3.392.0_pt_br.html#goog_696122960\" allowfullscreen=\"allowfullscreen\" data-mce-fragment=\"1\"><\/iframe><\/div>\n<\/div>\n<div class=\"container master-container pointer-enabled\" data-container=\"\" data-pip=\"\">\n<div class=\"poster\">\n<div class=\"poster__background\"><\/div>\n<div class=\"poster__background-overlay\"><\/div>\n<div class=\"poster__play-wrapper\"><\/div>\n<\/div>\n<div class=\"id-playback\" data-id-playback=\"\"><\/div>\n<\/div>\n<div class=\"media-control media-control-hide\">\n<div class=\"media-control-panel\">\n<div class=\"media-control-panel__back-layer\">\n<div class=\"media-control-position__left\"><\/div>\n<div class=\"media-control-position__center\"><\/div>\n<div class=\"media-control-position__right\"><\/div>\n<\/div>\n<div class=\"media-control-panel__upper\">\n<div class=\"opposites-container\">\n<div class=\"media-control-position__left\"><\/div>\n<div class=\"media-control-position__right\"><\/div>\n<\/div>\n<div class=\"media-control-position__center\"><\/div>\n<\/div>\n<div class=\"media-control-panel__middle\">\n<div class=\"media-control-position__left\"><\/div>\n<div class=\"media-control-position__center\"><\/div>\n<div class=\"media-control-position__right\"><\/div>\n<div class=\"quick-seek hidden media-control-element\">\n<div class=\"quick-seek-container\">\n<div class=\"quick-seek-placeholder quick-seek-placeholder--left\">\n<div class=\"quick-seek-placeholder-background quick-seek-placeholder-background--left\"><\/div>\n<div class=\"quick-seek-arrow-placeholder\"><\/div>\n<\/div>\n<div class=\"quick-seek-placeholder quick-seek-placeholder--right\">\n<div class=\"quick-seek-placeholder-background quick-seek-placeholder-background--right\"><\/div>\n<div class=\"quick-seek-arrow-placeholder\"><\/div>\n<\/div>\n<\/div>\n<\/div>\n<\/div>\n<div class=\"media-control-panel__between\">\n<div class=\"media-control-position__left\"><\/div>\n<div class=\"media-control-position__center\"><\/div>\n<div class=\"media-control-position__right\"><\/div>\n<p><button class=\"media-control-button skip-button skip-button--live_button skip-button--hidden media-control-element\" data-skip-button=\"\"><\/button><button class=\"media-control-button skip-button skip-button--recap skip-button--hidden media-control-element\" data-skip-button=\"\"><\/button><button class=\"media-control-button skip-button skip-button--intro skip-button--hidden media-control-element\" data-skip-button=\"\"><\/button><button class=\"media-control-button skip-button skip-button--left skip-button--start_over skip-button--hidden media-control-element\" data-skip-button=\"\"><\/button><\/div>\n<div class=\"media-control-panel__lower\" data-controls=\"\">\n<div class=\"media-control-position__center\">\n<div class=\"bar-container media-control-element\" data-seekbar=\"\">\n<div class=\"bar-background\" data-seekbar=\"\">\n<div class=\"bar-fill-1\" data-seekbar=\"\"><\/div>\n<div class=\"bar-fill-2\" data-seekbar=\"\"><\/div>\n<\/div>\n<div class=\"bar-scrubber\" data-seekbar=\"\">\n<div class=\"bar-scrubber-icon\" data-seekbar=\"\"><\/div>\n<\/div>\n<div class=\"thumb-preview thumb-preview--hidden\">\n<div class=\"thumb-preview__thumb\"><\/div>\n<div class=\"thumb-preview__position\"><\/div>\n<\/div>\n<\/div>\n<div class=\"bar-container__placeholder\"><\/div>\n<\/div>\n<div class=\"opposites-container\">\n<div class=\"media-control-position__left\"><button class=\"media-control-button play media-control-element\" data-playpause=\"\" aria-label=\"play\"><\/button><\/p>\n<div class=\"time-indicator media-control-element\"><span data-position=\"\">00:00<\/span><span class=\"separator\">\/<\/span><span data-duration=\"\">01:33<\/span><\/div>\n<div class=\"dfp-countdown media-control-element dfp-countdown--hidden\"><\/div>\n<\/div>\n<div class=\"media-control-position__between\">\n<div class=\"quick-seek-hint hidden media-control-element\"><\/div>\n<\/div>\n<div class=\"media-control-position__right\">\n<div class=\"drawer-container volume-hide media-control-element\" data-volume=\"\">\n<div class=\"drawer-icon-container\" data-volume=\"\"><\/div>\n<div class=\"bar-container\" data-volume=\"\">\n<div class=\"bar-background\" data-volume=\"\">\n<div class=\"bar-fill-1\" data-volume=\"\"><\/div>\n<div class=\"bar-hover\" data-volume=\"\"><\/div>\n<\/div>\n<div class=\"bar-scrubber\" data-volume=\"\">\n<div class=\"bar-scrubber-icon\" data-volume=\"\"><\/div>\n<\/div>\n<\/div>\n<\/div>\n<p><button class=\"media-control-button media-control-element\" data-fullscreen=\"\" aria-label=\"fullscreen\"><\/button><\/div>\n<\/div>\n<\/div>\n<div class=\"media-control-panel__front-layer\">\n<div class=\"media-control-position__left\"><\/div>\n<div class=\"media-control-position__center\"><\/div>\n<div class=\"media-control-position__right\"><\/div>\n<\/div>\n<div class=\"media-control-panel__modal\"><\/div>\n<\/div>\n<\/div>\n<\/div>\n<\/div>\n<\/section>\n<\/article>\n<\/div>\n<p class=\"content-media__description\">C\u00e2mara vota adiamento das elei\u00e7\u00f5es municipais nesta quarta-feira (1\u00ba)<\/p>\n<\/div>\n<\/div>\n<div class=\"content-ads content-ads--reveal\" data-block-type=\"ads\" data-block-id=\"9\">\n<div id=\"banner_materia2\" class=\"tag-manager-publicidade-container mc-has-reveal mc-has-ad-lazyload tag-manager-publicidade-banner_materia2 tag-manager-publicidade-container--carregado tag-manager-publicidade-container--visivel\" data-id=\"banner_materia2\" data-google-query-id=\"CKz9vZSRreoCFYNA7AodS4wExQ\" data-cid=\"138315966639\" data-lid=\"5409986085\">\n<div id=\"google_ads_iframe_\/95377733\/tvg_G1\/Politica\/Eleicoes_2__container__\"><iframe loading=\"lazy\" id=\"google_ads_iframe_\/95377733\/tvg_G1\/Politica\/Eleicoes_2\" title=\"3rd party ad content\" src=\"https:\/\/tpc.googlesyndication.com\/safeframe\/1-0-37\/html\/container.html\" name=\"\" width=\"970\" height=\"150\" frameborder=\"0\" marginwidth=\"0\" marginheight=\"0\" scrolling=\"no\" sandbox=\"allow-forms allow-pointer-lock allow-popups allow-popups-to-escape-sandbox allow-same-origin allow-scripts allow-top-navigation-by-user-activation\" data-is-safeframe=\"true\" data-google-container-id=\"3\" data-load-complete=\"true\" data-mce-fragment=\"1\"><\/iframe><\/div>\n<\/div>\n<\/div>\n<div class=\"mc-column content-text active-extra-styles\" data-block-type=\"raw\" data-block-weight=\"1\" data-block-id=\"10\">\n<div class=\"content-intertitle\">\n<h2>Data-limite<\/h2>\n<\/div>\n<\/div>\n<div class=\"mc-column content-text active-extra-styles \" data-block-type=\"unstyled\" data-block-weight=\"40\" data-block-id=\"11\">\n<p class=\"content-text__container \" data-track-category=\"Link no Texto\" data-track-links=\"\">Caso um munic\u00edpio ou estado n\u00e3o apresente condi\u00e7\u00f5es sanit\u00e1rias para realizar as elei\u00e7\u00f5es em novembro, o Congresso poder\u00e1 editar um decreto legislativo designando novas datas para a realiza\u00e7\u00e3o do pleito, tendo como data-limite o dia 27 de dezembro de 2020.<\/p>\n<\/div>\n<div class=\"mc-column content-text active-extra-styles \" data-block-type=\"unstyled\" data-block-weight=\"39\" data-block-id=\"12\">\n<p class=\"content-text__container \" data-track-category=\"Link no Texto\" data-track-links=\"\">Inicialmente, a proposta aprovada pelos deputados previa que, no caso dos munic\u00edpios nesta situa\u00e7\u00e3o, caberia ao TSE definir nova data. No entanto, os parlamentares aprovaram um destaque para modificar a PEC e deixar a regra igual \u00e0 dos estados.<\/p>\n<\/div>\n<div class=\"mc-column content-text active-extra-styles \" data-block-type=\"unstyled\" data-block-weight=\"36\" data-block-id=\"13\">\n<p class=\"content-text__container \" data-track-category=\"Link no Texto\" data-track-links=\"\">Outra mudan\u00e7a aprovada foi a supress\u00e3o de um dispositivo que dizia que caberia ao TSE promover a adequa\u00e7\u00e3o das resolu\u00e7\u00f5es anteriores ao novo calend\u00e1rio. Com isso, o entendimento \u00e9 que qualquer adequa\u00e7\u00e3o precisar\u00e1 passar pelo Legislativo..<\/p>\n<\/div>\n<div class=\"mc-column content-text active-extra-styles\" data-block-type=\"raw\" data-block-weight=\"2\" data-block-id=\"14\">\n<div class=\"content-intertitle\">\n<h2>Outros pontos<\/h2>\n<\/div>\n<\/div>\n<div class=\"mc-column content-text active-extra-styles \" data-block-type=\"unstyled\" data-block-weight=\"6\" data-block-id=\"15\">\n<p class=\"content-text__container \" data-track-category=\"Link no Texto\" data-track-links=\"\">Saiba outros pontos previstos na PEC:<\/p>\n<\/div>\n<div class=\"mc-column content-text active-extra-styles\" data-block-type=\"raw\" data-block-weight=\"141\" data-block-id=\"16\">\n<ul class=\"content-unordered-list\">\n<li><strong>Registro de candidaturas:\u00a0<\/strong>O prazo atual \u00e9 at\u00e9 15 de agosto. Pelo texto, os partidos poder\u00e3o solicitar \u00e0 Justi\u00e7a Eleitoral o registro dos candidatos at\u00e9 26 de setembro;<\/li>\n<li><strong>Conven\u00e7\u00f5es:\u00a0<\/strong>Hoje, o calend\u00e1rio eleitoral determina que as conven\u00e7\u00f5es dos partidos para a escolha de candidatos aconte\u00e7am entre 20 de julho e 5 de agosto. Pela PEC, o prazo passa a ser entre 31 de agosto e 16 de setembro e por meio virtual;<\/li>\n<li><strong>Propaganda:<\/strong>\u00a0A PEC altera ainda trecho da legisla\u00e7\u00e3o eleitoral que pro\u00edbe publicidade institucional nos tr\u00eas meses anteriores ao pleito. Pelo texto aprovado, as prefeituras poder\u00e3o, no segundo semestre deste ano, fazer publicidade institucional de atos e campanhas dos \u00f3rg\u00e3os p\u00fablicos municipais destinados ao enfrentamento \u00e0 pandemia do coronav\u00edrus e \u00e0 orienta\u00e7\u00e3o da popula\u00e7\u00e3o quanto a servi\u00e7os p\u00fablicos e a outros temas afetados pela pandemia. Eventuais condutas abusivas ser\u00e3o apuradas.<\/li>\n<\/ul>\n<\/div>\n<div class=\"mc-column content-text active-extra-styles\" data-block-type=\"raw\" data-block-weight=\"1\" data-block-id=\"17\">\n<div class=\"content-intertitle\">\n<h2>Datas<\/h2>\n<\/div>\n<\/div>\n<div class=\"mc-column content-text active-extra-styles \" data-block-type=\"unstyled\" data-block-weight=\"15\" data-block-id=\"18\">\n<p class=\"content-text__container \" data-track-category=\"Link no Texto\" data-track-links=\"\">A proposta fixa datas para a realiza\u00e7\u00e3o de eventos relacionados \u00e0 campanha eleitoral. Pelo texto:<\/p>\n<\/div>\n<div class=\"mc-column content-text active-extra-styles\" data-block-type=\"raw\" data-block-weight=\"215\" data-block-id=\"19\">\n<ul class=\"content-unordered-list\">\n<li><strong>a partir de 11 de agosto:<\/strong>\u00a0as emissoras ficam proibidas de transmitir programa apresentado ou comentado por pr\u00e9-candidato, sob pena de cancelamento do registro do benefici\u00e1rio;<\/li>\n<li><strong>entre 31 de agosto e 16 de setembro:\u00a0<\/strong>prazo para a realiza\u00e7\u00e3o das conven\u00e7\u00f5es para escolha dos candidatos pelos partidos e a delibera\u00e7\u00e3o sobre coliga\u00e7\u00f5es;<\/li>\n<li><strong>at\u00e9 26 de setembro:\u00a0<\/strong>prazo para que os partidos e coliga\u00e7\u00f5es solicitem \u00e0 Justi\u00e7a Eleitoral o registro de candidatos;<\/li>\n<li><strong>ap\u00f3s 26 de setembro:\u00a0<\/strong>prazo para in\u00edcio da propaganda eleitoral, tamb\u00e9m na internet;<\/li>\n<li><strong>a partir de 26 de setembro:\u00a0<\/strong>prazo para que a Justi\u00e7a Eleitoral convoque partidos e representa\u00e7\u00e3o das emissoras de r\u00e1dio e TV para elaborarem plano de m\u00eddia;<\/li>\n<li><strong>27 de outubro:\u00a0<\/strong>prazo para partidos pol\u00edticos, coliga\u00e7\u00f5es e candidatos divulgarem relat\u00f3rio discriminando as transfer\u00eancias do Fundo Partid\u00e1rio e do Fundo Especial de Financiamento de Campanha (Fundo Eleitoral), os recursos em dinheiro e os estim\u00e1veis em dinheiro recebidos, bem como os gastos realizados;<\/li>\n<li><strong>at\u00e9 15 de dezembro:<\/strong>\u00a0para o encaminhamento \u00e0 Justi\u00e7a Eleitoral do conjunto das presta\u00e7\u00f5es de contas de campanha dos candidatos e dos partidos pol\u00edticos, relativamente ao primeiro turno e, onde houver, ao segundo turno das elei\u00e7\u00f5es;<\/li>\n<li><strong>at\u00e9 18 de dezembro:\u00a0<\/strong>ser\u00e1 realizada a diploma\u00e7\u00e3o dos candidatos eleitos em todo pa\u00eds, salvo nos casos em que as elei\u00e7\u00f5es ainda n\u00e3o tiverem sido realizadas<\/li>\n<\/ul>\n<\/div>\n<\/div>\n<\/article>\n<\/div>\n","protected":false},"excerpt":{"rendered":"<p>Calend\u00e1rio previa elei\u00e7\u00f5es nos dias 4 e 25 de outubro, mas PEC adia primeiro turno para 15 de novembro e o segundo, para 29 de novembro. Texto ser\u00e1 promulgado nesta quinta (2). Por Fernanda Calgaro, Luiz Felipe Barbi\u00e9ri e Sara Resende, G1 e TV Globo \u2014 A\u00a0C\u00e2mara dos Deputados\u00a0aprovou nesta quarta-feira (23) a proposta de emenda \u00e0 Constitui\u00e7\u00e3o (PEC) que\u00a0adia para novembro as elei\u00e7\u00f5es municipais\u00a0deste ano em raz\u00e3o da\u00a0pandemia\u00a0do novo coronav\u00edrus. Pelo\u00a0calend\u00e1rio eleitoral, o primeiro turno estava marcado para\u00a04 de outubro, e o segundo, para\u00a025 de outubro. A PEC adia o primeiro turno para\u00a015 de novembro, e o segundo, para\u00a029 de novembro. O texto-base foi aprovado em primeiro turno por\u00a0402 votos a 90\u00a0(houve 4 absten\u00e7\u00f5es). No segundo turno, a PEC&hellip; <\/p>\n","protected":false},"author":1,"featured_media":231442,"comment_status":"closed","ping_status":"closed","sticky":false,"template":"","format":"standard","meta":{"_acf_changed":false,"footnotes":""},"categories":[1],"tags":[],"class_list":["post-261156","post","type-post","status-publish","format-standard","has-post-thumbnail","hentry","category-politica"],"acf":[],"yoast_head":"<!-- This site is optimized with the Yoast SEO plugin v27.4 - https:\/\/yoast.com\/product\/yoast-seo-wordpress\/ -->\n<title>Elei\u00e7\u00f5es 2020: C\u00e2mara aprova PEC que adia para novembro elei\u00e7\u00f5es deste ano - Blog do Farn\u00e9sio<\/title>\n<meta name=\"robots\" content=\"index, follow, max-snippet:-1, max-image-preview:large, max-video-preview:-1\" \/>\n<link rel=\"canonical\" href=\"https:\/\/blogdofarnesio.com.br\/?p=261156\" \/>\n<meta property=\"og:locale\" content=\"pt_BR\" \/>\n<meta property=\"og:type\" content=\"article\" \/>\n<meta property=\"og:title\" content=\"Elei\u00e7\u00f5es 2020: C\u00e2mara aprova PEC que adia para novembro elei\u00e7\u00f5es deste ano - Blog do Farn\u00e9sio\" \/>\n<meta property=\"og:description\" content=\"Calend\u00e1rio previa elei\u00e7\u00f5es nos dias 4 e 25 de outubro, mas PEC adia primeiro turno para 15 de novembro e o segundo, para 29 de novembro. Texto ser\u00e1 promulgado nesta quinta (2). Por Fernanda Calgaro, Luiz Felipe Barbi\u00e9ri e Sara Resende, G1 e TV Globo \u2014 A\u00a0C\u00e2mara dos Deputados\u00a0aprovou nesta quarta-feira (23) a proposta de emenda \u00e0 Constitui\u00e7\u00e3o (PEC) que\u00a0adia para novembro as elei\u00e7\u00f5es municipais\u00a0deste ano em raz\u00e3o da\u00a0pandemia\u00a0do novo coronav\u00edrus. Pelo\u00a0calend\u00e1rio eleitoral, o primeiro turno estava marcado para\u00a04 de outubro, e o segundo, para\u00a025 de outubro. A PEC adia o primeiro turno para\u00a015 de novembro, e o segundo, para\u00a029 de novembro. O texto-base foi aprovado em primeiro turno por\u00a0402 votos a 90\u00a0(houve 4 absten\u00e7\u00f5es). No segundo turno, a PEC&hellip;\" \/>\n<meta property=\"og:url\" content=\"https:\/\/blogdofarnesio.com.br\/?p=261156\" \/>\n<meta property=\"og:site_name\" content=\"Blog do Farn\u00e9sio\" \/>\n<meta property=\"article:publisher\" content=\"https:\/\/www.facebook.com\/BlogQuerSaberPolitica\/\" \/>\n<meta property=\"article:published_time\" content=\"2020-07-02T11:41:39+00:00\" \/>\n<meta property=\"og:image\" content=\"https:\/\/blogdofarnesio.com.br\/wp-content\/uploads\/2019\/06\/blogqsp-camara.jpg\" \/>\n\t<meta property=\"og:image:width\" content=\"380\" \/>\n\t<meta property=\"og:image:height\" content=\"280\" \/>\n\t<meta property=\"og:image:type\" content=\"image\/jpeg\" \/>\n<meta name=\"author\" content=\"Farn\u00e9sio\" \/>\n<meta name=\"twitter:card\" content=\"summary_large_image\" \/>\n<meta name=\"twitter:label1\" content=\"Escrito por\" \/>\n\t<meta name=\"twitter:data1\" content=\"Farn\u00e9sio\" \/>\n\t<meta name=\"twitter:label2\" content=\"Est. tempo de leitura\" \/>\n\t<meta name=\"twitter:data2\" content=\"4 minutos\" \/>\n<script type=\"application\/ld+json\" class=\"yoast-schema-graph\">{\"@context\":\"https:\\\/\\\/schema.org\",\"@graph\":[{\"@type\":\"Article\",\"@id\":\"https:\\\/\\\/blogdofarnesio.com.br\\\/?p=261156#article\",\"isPartOf\":{\"@id\":\"https:\\\/\\\/blogdofarnesio.com.br\\\/?p=261156\"},\"author\":{\"name\":\"Farn\u00e9sio\",\"@id\":\"https:\\\/\\\/blogdofarnesio.com.br\\\/#\\\/schema\\\/person\\\/301c4acf522bccbfdb45af95b5b906a1\"},\"headline\":\"Elei\u00e7\u00f5es 2020: C\u00e2mara aprova PEC que adia para novembro elei\u00e7\u00f5es deste ano\",\"datePublished\":\"2020-07-02T11:41:39+00:00\",\"mainEntityOfPage\":{\"@id\":\"https:\\\/\\\/blogdofarnesio.com.br\\\/?p=261156\"},\"wordCount\":788,\"publisher\":{\"@id\":\"https:\\\/\\\/blogdofarnesio.com.br\\\/#organization\"},\"image\":{\"@id\":\"https:\\\/\\\/blogdofarnesio.com.br\\\/?p=261156#primaryimage\"},\"thumbnailUrl\":\"https:\\\/\\\/blogdofarnesio.com.br\\\/wp-content\\\/uploads\\\/2019\\\/06\\\/blogqsp-camara.jpg\",\"articleSection\":[\"Pol\u00edtica\"],\"inLanguage\":\"pt-BR\"},{\"@type\":\"WebPage\",\"@id\":\"https:\\\/\\\/blogdofarnesio.com.br\\\/?p=261156\",\"url\":\"https:\\\/\\\/blogdofarnesio.com.br\\\/?p=261156\",\"name\":\"Elei\u00e7\u00f5es 2020: C\u00e2mara aprova PEC que adia para novembro elei\u00e7\u00f5es deste ano - Blog do Farn\u00e9sio\",\"isPartOf\":{\"@id\":\"https:\\\/\\\/blogdofarnesio.com.br\\\/#website\"},\"primaryImageOfPage\":{\"@id\":\"https:\\\/\\\/blogdofarnesio.com.br\\\/?p=261156#primaryimage\"},\"image\":{\"@id\":\"https:\\\/\\\/blogdofarnesio.com.br\\\/?p=261156#primaryimage\"},\"thumbnailUrl\":\"https:\\\/\\\/blogdofarnesio.com.br\\\/wp-content\\\/uploads\\\/2019\\\/06\\\/blogqsp-camara.jpg\",\"datePublished\":\"2020-07-02T11:41:39+00:00\",\"breadcrumb\":{\"@id\":\"https:\\\/\\\/blogdofarnesio.com.br\\\/?p=261156#breadcrumb\"},\"inLanguage\":\"pt-BR\",\"potentialAction\":[{\"@type\":\"ReadAction\",\"target\":[\"https:\\\/\\\/blogdofarnesio.com.br\\\/?p=261156\"]}]},{\"@type\":\"ImageObject\",\"inLanguage\":\"pt-BR\",\"@id\":\"https:\\\/\\\/blogdofarnesio.com.br\\\/?p=261156#primaryimage\",\"url\":\"https:\\\/\\\/blogdofarnesio.com.br\\\/wp-content\\\/uploads\\\/2019\\\/06\\\/blogqsp-camara.jpg\",\"contentUrl\":\"https:\\\/\\\/blogdofarnesio.com.br\\\/wp-content\\\/uploads\\\/2019\\\/06\\\/blogqsp-camara.jpg\",\"width\":380,\"height\":280},{\"@type\":\"BreadcrumbList\",\"@id\":\"https:\\\/\\\/blogdofarnesio.com.br\\\/?p=261156#breadcrumb\",\"itemListElement\":[{\"@type\":\"ListItem\",\"position\":1,\"name\":\"In\u00edcio\",\"item\":\"https:\\\/\\\/blogdofarnesio.com.br\\\/\"},{\"@type\":\"ListItem\",\"position\":2,\"name\":\"Elei\u00e7\u00f5es 2020: C\u00e2mara aprova PEC que adia para novembro elei\u00e7\u00f5es deste ano\"}]},{\"@type\":\"WebSite\",\"@id\":\"https:\\\/\\\/blogdofarnesio.com.br\\\/#website\",\"url\":\"https:\\\/\\\/blogdofarnesio.com.br\\\/\",\"name\":\"Blog do Farn\u00e9sio\",\"description\":\"Quer Saber Pol\u00edtica?\",\"publisher\":{\"@id\":\"https:\\\/\\\/blogdofarnesio.com.br\\\/#organization\"},\"potentialAction\":[{\"@type\":\"SearchAction\",\"target\":{\"@type\":\"EntryPoint\",\"urlTemplate\":\"https:\\\/\\\/blogdofarnesio.com.br\\\/?s={search_term_string}\"},\"query-input\":{\"@type\":\"PropertyValueSpecification\",\"valueRequired\":true,\"valueName\":\"search_term_string\"}}],\"inLanguage\":\"pt-BR\"},{\"@type\":\"Organization\",\"@id\":\"https:\\\/\\\/blogdofarnesio.com.br\\\/#organization\",\"name\":\"Blog do Farn\u00e9sio\",\"url\":\"https:\\\/\\\/blogdofarnesio.com.br\\\/\",\"logo\":{\"@type\":\"ImageObject\",\"inLanguage\":\"pt-BR\",\"@id\":\"https:\\\/\\\/blogdofarnesio.com.br\\\/#\\\/schema\\\/logo\\\/image\\\/\",\"url\":\"https:\\\/\\\/blogdofarnesio.com.br\\\/wp-content\\\/uploads\\\/2026\\\/03\\\/cropped-logo_new-1.png\",\"contentUrl\":\"https:\\\/\\\/blogdofarnesio.com.br\\\/wp-content\\\/uploads\\\/2026\\\/03\\\/cropped-logo_new-1.png\",\"width\":881,\"height\":685,\"caption\":\"Blog do Farn\u00e9sio\"},\"image\":{\"@id\":\"https:\\\/\\\/blogdofarnesio.com.br\\\/#\\\/schema\\\/logo\\\/image\\\/\"},\"sameAs\":[\"https:\\\/\\\/www.facebook.com\\\/BlogQuerSaberPolitica\\\/\"]},{\"@type\":\"Person\",\"@id\":\"https:\\\/\\\/blogdofarnesio.com.br\\\/#\\\/schema\\\/person\\\/301c4acf522bccbfdb45af95b5b906a1\",\"name\":\"Farn\u00e9sio\",\"image\":{\"@type\":\"ImageObject\",\"inLanguage\":\"pt-BR\",\"@id\":\"https:\\\/\\\/secure.gravatar.com\\\/avatar\\\/df0c9a14567c056f8ad6876ba5bbd1e3e2c48023eb6807342fc4663adf549f38?s=96&d=mm&r=g\",\"url\":\"https:\\\/\\\/secure.gravatar.com\\\/avatar\\\/df0c9a14567c056f8ad6876ba5bbd1e3e2c48023eb6807342fc4663adf549f38?s=96&d=mm&r=g\",\"contentUrl\":\"https:\\\/\\\/secure.gravatar.com\\\/avatar\\\/df0c9a14567c056f8ad6876ba5bbd1e3e2c48023eb6807342fc4663adf549f38?s=96&d=mm&r=g\",\"caption\":\"Farn\u00e9sio\"},\"sameAs\":[\"https:\\\/\\\/quersaberpolitica.com.br\"],\"url\":\"https:\\\/\\\/blogdofarnesio.com.br\\\/?author=1\"}]}<\/script>\n<!-- \/ Yoast SEO plugin. -->","yoast_head_json":{"title":"Elei\u00e7\u00f5es 2020: C\u00e2mara aprova PEC que adia para novembro elei\u00e7\u00f5es deste ano - Blog do Farn\u00e9sio","robots":{"index":"index","follow":"follow","max-snippet":"max-snippet:-1","max-image-preview":"max-image-preview:large","max-video-preview":"max-video-preview:-1"},"canonical":"https:\/\/blogdofarnesio.com.br\/?p=261156","og_locale":"pt_BR","og_type":"article","og_title":"Elei\u00e7\u00f5es 2020: C\u00e2mara aprova PEC que adia para novembro elei\u00e7\u00f5es deste ano - Blog do Farn\u00e9sio","og_description":"Calend\u00e1rio previa elei\u00e7\u00f5es nos dias 4 e 25 de outubro, mas PEC adia primeiro turno para 15 de novembro e o segundo, para 29 de novembro. Texto ser\u00e1 promulgado nesta quinta (2). Por Fernanda Calgaro, Luiz Felipe Barbi\u00e9ri e Sara Resende, G1 e TV Globo \u2014 A\u00a0C\u00e2mara dos Deputados\u00a0aprovou nesta quarta-feira (23) a proposta de emenda \u00e0 Constitui\u00e7\u00e3o (PEC) que\u00a0adia para novembro as elei\u00e7\u00f5es municipais\u00a0deste ano em raz\u00e3o da\u00a0pandemia\u00a0do novo coronav\u00edrus. Pelo\u00a0calend\u00e1rio eleitoral, o primeiro turno estava marcado para\u00a04 de outubro, e o segundo, para\u00a025 de outubro. A PEC adia o primeiro turno para\u00a015 de novembro, e o segundo, para\u00a029 de novembro. O texto-base foi aprovado em primeiro turno por\u00a0402 votos a 90\u00a0(houve 4 absten\u00e7\u00f5es). No segundo turno, a PEC&hellip;","og_url":"https:\/\/blogdofarnesio.com.br\/?p=261156","og_site_name":"Blog do Farn\u00e9sio","article_publisher":"https:\/\/www.facebook.com\/BlogQuerSaberPolitica\/","article_published_time":"2020-07-02T11:41:39+00:00","og_image":[{"width":380,"height":280,"url":"https:\/\/blogdofarnesio.com.br\/wp-content\/uploads\/2019\/06\/blogqsp-camara.jpg","type":"image\/jpeg"}],"author":"Farn\u00e9sio","twitter_card":"summary_large_image","twitter_misc":{"Escrito por":"Farn\u00e9sio","Est. tempo de leitura":"4 minutos"},"schema":{"@context":"https:\/\/schema.org","@graph":[{"@type":"Article","@id":"https:\/\/blogdofarnesio.com.br\/?p=261156#article","isPartOf":{"@id":"https:\/\/blogdofarnesio.com.br\/?p=261156"},"author":{"name":"Farn\u00e9sio","@id":"https:\/\/blogdofarnesio.com.br\/#\/schema\/person\/301c4acf522bccbfdb45af95b5b906a1"},"headline":"Elei\u00e7\u00f5es 2020: C\u00e2mara aprova PEC que adia para novembro elei\u00e7\u00f5es deste ano","datePublished":"2020-07-02T11:41:39+00:00","mainEntityOfPage":{"@id":"https:\/\/blogdofarnesio.com.br\/?p=261156"},"wordCount":788,"publisher":{"@id":"https:\/\/blogdofarnesio.com.br\/#organization"},"image":{"@id":"https:\/\/blogdofarnesio.com.br\/?p=261156#primaryimage"},"thumbnailUrl":"https:\/\/blogdofarnesio.com.br\/wp-content\/uploads\/2019\/06\/blogqsp-camara.jpg","articleSection":["Pol\u00edtica"],"inLanguage":"pt-BR"},{"@type":"WebPage","@id":"https:\/\/blogdofarnesio.com.br\/?p=261156","url":"https:\/\/blogdofarnesio.com.br\/?p=261156","name":"Elei\u00e7\u00f5es 2020: C\u00e2mara aprova PEC que adia para novembro elei\u00e7\u00f5es deste ano - Blog do Farn\u00e9sio","isPartOf":{"@id":"https:\/\/blogdofarnesio.com.br\/#website"},"primaryImageOfPage":{"@id":"https:\/\/blogdofarnesio.com.br\/?p=261156#primaryimage"},"image":{"@id":"https:\/\/blogdofarnesio.com.br\/?p=261156#primaryimage"},"thumbnailUrl":"https:\/\/blogdofarnesio.com.br\/wp-content\/uploads\/2019\/06\/blogqsp-camara.jpg","datePublished":"2020-07-02T11:41:39+00:00","breadcrumb":{"@id":"https:\/\/blogdofarnesio.com.br\/?p=261156#breadcrumb"},"inLanguage":"pt-BR","potentialAction":[{"@type":"ReadAction","target":["https:\/\/blogdofarnesio.com.br\/?p=261156"]}]},{"@type":"ImageObject","inLanguage":"pt-BR","@id":"https:\/\/blogdofarnesio.com.br\/?p=261156#primaryimage","url":"https:\/\/blogdofarnesio.com.br\/wp-content\/uploads\/2019\/06\/blogqsp-camara.jpg","contentUrl":"https:\/\/blogdofarnesio.com.br\/wp-content\/uploads\/2019\/06\/blogqsp-camara.jpg","width":380,"height":280},{"@type":"BreadcrumbList","@id":"https:\/\/blogdofarnesio.com.br\/?p=261156#breadcrumb","itemListElement":[{"@type":"ListItem","position":1,"name":"In\u00edcio","item":"https:\/\/blogdofarnesio.com.br\/"},{"@type":"ListItem","position":2,"name":"Elei\u00e7\u00f5es 2020: C\u00e2mara aprova PEC que adia para novembro elei\u00e7\u00f5es deste ano"}]},{"@type":"WebSite","@id":"https:\/\/blogdofarnesio.com.br\/#website","url":"https:\/\/blogdofarnesio.com.br\/","name":"Blog do Farn\u00e9sio","description":"Quer Saber Pol\u00edtica?","publisher":{"@id":"https:\/\/blogdofarnesio.com.br\/#organization"},"potentialAction":[{"@type":"SearchAction","target":{"@type":"EntryPoint","urlTemplate":"https:\/\/blogdofarnesio.com.br\/?s={search_term_string}"},"query-input":{"@type":"PropertyValueSpecification","valueRequired":true,"valueName":"search_term_string"}}],"inLanguage":"pt-BR"},{"@type":"Organization","@id":"https:\/\/blogdofarnesio.com.br\/#organization","name":"Blog do Farn\u00e9sio","url":"https:\/\/blogdofarnesio.com.br\/","logo":{"@type":"ImageObject","inLanguage":"pt-BR","@id":"https:\/\/blogdofarnesio.com.br\/#\/schema\/logo\/image\/","url":"https:\/\/blogdofarnesio.com.br\/wp-content\/uploads\/2026\/03\/cropped-logo_new-1.png","contentUrl":"https:\/\/blogdofarnesio.com.br\/wp-content\/uploads\/2026\/03\/cropped-logo_new-1.png","width":881,"height":685,"caption":"Blog do Farn\u00e9sio"},"image":{"@id":"https:\/\/blogdofarnesio.com.br\/#\/schema\/logo\/image\/"},"sameAs":["https:\/\/www.facebook.com\/BlogQuerSaberPolitica\/"]},{"@type":"Person","@id":"https:\/\/blogdofarnesio.com.br\/#\/schema\/person\/301c4acf522bccbfdb45af95b5b906a1","name":"Farn\u00e9sio","image":{"@type":"ImageObject","inLanguage":"pt-BR","@id":"https:\/\/secure.gravatar.com\/avatar\/df0c9a14567c056f8ad6876ba5bbd1e3e2c48023eb6807342fc4663adf549f38?s=96&d=mm&r=g","url":"https:\/\/secure.gravatar.com\/avatar\/df0c9a14567c056f8ad6876ba5bbd1e3e2c48023eb6807342fc4663adf549f38?s=96&d=mm&r=g","contentUrl":"https:\/\/secure.gravatar.com\/avatar\/df0c9a14567c056f8ad6876ba5bbd1e3e2c48023eb6807342fc4663adf549f38?s=96&d=mm&r=g","caption":"Farn\u00e9sio"},"sameAs":["https:\/\/quersaberpolitica.com.br"],"url":"https:\/\/blogdofarnesio.com.br\/?author=1"}]}},"_links":{"self":[{"href":"https:\/\/blogdofarnesio.com.br\/index.php?rest_route=\/wp\/v2\/posts\/261156","targetHints":{"allow":["GET"]}}],"collection":[{"href":"https:\/\/blogdofarnesio.com.br\/index.php?rest_route=\/wp\/v2\/posts"}],"about":[{"href":"https:\/\/blogdofarnesio.com.br\/index.php?rest_route=\/wp\/v2\/types\/post"}],"author":[{"embeddable":true,"href":"https:\/\/blogdofarnesio.com.br\/index.php?rest_route=\/wp\/v2\/users\/1"}],"replies":[{"embeddable":true,"href":"https:\/\/blogdofarnesio.com.br\/index.php?rest_route=%2Fwp%2Fv2%2Fcomments&post=261156"}],"version-history":[{"count":0,"href":"https:\/\/blogdofarnesio.com.br\/index.php?rest_route=\/wp\/v2\/posts\/261156\/revisions"}],"wp:featuredmedia":[{"embeddable":true,"href":"https:\/\/blogdofarnesio.com.br\/index.php?rest_route=\/wp\/v2\/media\/231442"}],"wp:attachment":[{"href":"https:\/\/blogdofarnesio.com.br\/index.php?rest_route=%2Fwp%2Fv2%2Fmedia&parent=261156"}],"wp:term":[{"taxonomy":"category","embeddable":true,"href":"https:\/\/blogdofarnesio.com.br\/index.php?rest_route=%2Fwp%2Fv2%2Fcategories&post=261156"},{"taxonomy":"post_tag","embeddable":true,"href":"https:\/\/blogdofarnesio.com.br\/index.php?rest_route=%2Fwp%2Fv2%2Ftags&post=261156"}],"curies":[{"name":"wp","href":"https:\/\/api.w.org\/{rel}","templated":true}]}}