{"id":261033,"date":"2020-07-01T08:42:26","date_gmt":"2020-07-01T11:42:26","guid":{"rendered":"http:\/\/quersaberpolitica.com.br\/2016\/?p=261033"},"modified":"2020-06-30T19:51:09","modified_gmt":"2020-06-30T22:51:09","slug":"juazeiro-inicia-entrega-do-segundo-kit-merenda-aos-alunos-da-rede-municipal-nesta-quarta-feira-1o","status":"publish","type":"post","link":"https:\/\/blogdofarnesio.com.br\/?p=261033","title":{"rendered":"Juazeiro inicia entrega do segundo kit merenda aos alunos da rede municipal, a partir desta quarta-feira (1\u00ba)"},"content":{"rendered":"<div class=\"Ls\">\n<div class=\"As\">\n<div class=\"Cs\">A Prefeitura, atrav\u00e9s da Secretaria de Educa\u00e7\u00e3o e Juventude \u2013 SEDUC inicia a entrega do segundo kit merenda nesta quarta-feira, 1\u00ba de julho, aos mais de 35 mil alunos da rede municipal de ensino, em Juazeiro. Com o objetivo de complementar a alimenta\u00e7\u00e3o dos alunos da rede municipal, no per\u00edodo de enfrentamento ao Coronav\u00edrus.<\/div>\n<div><\/div>\n<div class=\"Cs\">O prefeito Paulo Bomfim j\u00e1 decretou v\u00e1rias medidas, como a entrega dos kits merenda no primeiro e segundo semestre e a suspen\u00e7\u00e3o das aulas, buscando conter a expans\u00e3o da Covid 19, al\u00e9m de v\u00e1rias outras medidas de cuidados e preven\u00e7\u00e3o.<\/div>\n<\/div>\n<\/div>\n<div id=\"cv_\" class=\" Xg \">\n<div class=\"Zg\">\n<div class=\"Rg\">\n<div class=\"Li\">\n<div class=\"yj\">\n<div class=\"Ph\" data-onclick=\"w\">\n<div id=\"cvcmsg_173071cb5e24481a\" class=\"yh\">\n<div id=\"cvcfullmsg_173071cb5e24481a\" class=\"Vh\">\n<div id=\"cvcmsgbod_173071cb5e24481a\" class=\"aj\">\n<div class=\"Ni\">\n<div class=\"ni pi \" dir=\"ltr\">\n<p>Nos meses de abril e maio mais de 260 toneladas de alimentos, que somam mais de 35 mil\u00a0kits\u00a0merenda\u00a0para os alunos das 136 escolas da rede, localizadas nas zonas urbana e rural do munic\u00edpio. O\u00a0kit \u00e9 composto por feij\u00e3o, arroz, frango, carne, macarr\u00e3o, massa de milho, leite em p\u00f3, biscoito e frutas referentes \u00e0 Agricultura Familiar.<\/p>\n<p>\u201cOs\u00a0kits complementam a alimenta\u00e7\u00e3o das crian\u00e7as e adolescentes da nossa rede, uma decis\u00e3o muito importante do prefeito. Como fizemos no primeiro semestre, a entrega vai seguir o cronograma organizado pela equipe da SEDUC e as equipes escolares v\u00e3o entrar em contato com os pais informando o dia e hor\u00e1rio para buscar o kit na escola. Vamos iniciar a entrega nas EMEIs localizadas nas \u00e1reas mais carentes da cidade, seguindo todas as orienta\u00e7\u00f5es de distanciamento e higieniza\u00e7\u00e3o. Quero aproveitar e agradecer aos envolvidos nessa a\u00e7\u00e3o. Com a ajuda de todos vamos passar por esse momento t\u00e3o desafiador que estamos enfrentando\u201d, conclui a secret\u00e1ria da SEDUC, Lucinete Alves.<\/p>\n<p>Segundo o cronograma da SEDUC, na primeira semana receber\u00e3o os\u00a0kits\u00a0merenda\u00a0os alunos de 11 unidades da Educa\u00e7\u00e3o Infantil, as EMEIs Maria Suely, Jandira Borges, Caic, Ana Maria Morgado, Arlinda Alves, Gentil Dam\u00e1sio, Leni Lopes, Ant\u00f4nio Guilhermino, Apr\u00edgio Duarte, Nosso Senhor dos Aflitos e Anna Hilda.<\/p>\n<p><strong>\u00a0<\/strong><\/p>\n<p><strong>Confira o cronograma de entrega da primeira semana nas EMEIS.<\/strong><\/p>\n<table width=\"526\">\n<tbody>\n<tr>\n<td><strong>UNIDADE ESCOLAR<\/strong><\/td>\n<td><strong>DATA DE ENTREGA<\/strong><\/td>\n<\/tr>\n<tr>\n<td>1. EMEI MARIA SUELY<\/td>\n<td>01\/07<\/td>\n<\/tr>\n<tr>\n<td>2. EMEI JANDIRA BORGES<\/td>\n<td>01\/07<\/td>\n<\/tr>\n<tr>\n<td>3. EMEI CAIC<\/td>\n<td>02\/07<\/td>\n<\/tr>\n<tr>\n<td>4. EMEI ANA MARIA MORGADO<\/td>\n<td>02\/07<\/td>\n<\/tr>\n<tr>\n<td>5. EMEI ARLINDA ALVES<\/td>\n<td>03\/07<\/td>\n<\/tr>\n<tr>\n<td>6. EMEI GENTIL DAM\u00c1SIO<\/td>\n<td>03\/07<\/td>\n<\/tr>\n<tr>\n<td>7. EMEI LENI LOPES<\/td>\n<td>06\/07<\/td>\n<\/tr>\n<tr>\n<td>8. EMEI ANT\u00d4NIO GUILHERMINO<\/td>\n<td>06\/07<\/td>\n<\/tr>\n<tr>\n<td>9. EMEI APR\u00cdGIO DUARTE<\/td>\n<td>07\/07<\/td>\n<\/tr>\n<tr>\n<td>10. EMEI NOSSO SENHOR DOS AFLITOS<\/td>\n<td>07\/07<\/td>\n<\/tr>\n<tr>\n<td>11. EMEI ANNA HILDA<\/td>\n<\/tr>\n<\/tbody>\n<\/table>\n<\/div>\n<\/div>\n<\/div>\n<\/div>\n<\/div>\n<\/div>\n<\/div>\n<\/div>\n<\/div>\n<\/div>\n<\/div>\n","protected":false},"excerpt":{"rendered":"<p>A Prefeitura, atrav\u00e9s da Secretaria de Educa\u00e7\u00e3o e Juventude \u2013 SEDUC inicia a entrega do segundo kit merenda nesta quarta-feira, 1\u00ba de julho, aos mais de 35 mil alunos da rede municipal de ensino, em Juazeiro. Com o objetivo de complementar a alimenta\u00e7\u00e3o dos alunos da rede municipal, no per\u00edodo de enfrentamento ao Coronav\u00edrus. O prefeito Paulo Bomfim j\u00e1 decretou v\u00e1rias medidas, como a entrega dos kits merenda no primeiro e segundo semestre e a suspen\u00e7\u00e3o das aulas, buscando conter a expans\u00e3o da Covid 19, al\u00e9m de v\u00e1rias outras medidas de cuidados e preven\u00e7\u00e3o. Nos meses de abril e maio mais de 260 toneladas de alimentos, que somam mais de 35 mil\u00a0kits\u00a0merenda\u00a0para os alunos das 136 escolas da rede, localizadas&hellip; <\/p>\n","protected":false},"author":1,"featured_media":260421,"comment_status":"closed","ping_status":"closed","sticky":false,"template":"","format":"standard","meta":{"_acf_changed":false,"footnotes":""},"categories":[22],"tags":[],"class_list":["post-261033","post","type-post","status-publish","format-standard","has-post-thumbnail","hentry","category-acao-social"],"acf":[],"yoast_head":"<!-- This site is optimized with the Yoast SEO plugin v27.4 - https:\/\/yoast.com\/product\/yoast-seo-wordpress\/ -->\n<title>Juazeiro inicia entrega do segundo kit merenda aos alunos da rede municipal, a partir desta quarta-feira (1\u00ba) - Blog do Farn\u00e9sio<\/title>\n<meta name=\"robots\" content=\"index, follow, max-snippet:-1, max-image-preview:large, max-video-preview:-1\" \/>\n<link rel=\"canonical\" href=\"https:\/\/blogdofarnesio.com.br\/?p=261033\" \/>\n<meta property=\"og:locale\" content=\"pt_BR\" \/>\n<meta property=\"og:type\" content=\"article\" \/>\n<meta property=\"og:title\" content=\"Juazeiro inicia entrega do segundo kit merenda aos alunos da rede municipal, a partir desta quarta-feira (1\u00ba) - Blog do Farn\u00e9sio\" \/>\n<meta property=\"og:description\" content=\"A Prefeitura, atrav\u00e9s da Secretaria de Educa\u00e7\u00e3o e Juventude \u2013 SEDUC inicia a entrega do segundo kit merenda nesta quarta-feira, 1\u00ba de julho, aos mais de 35 mil alunos da rede municipal de ensino, em Juazeiro. Com o objetivo de complementar a alimenta\u00e7\u00e3o dos alunos da rede municipal, no per\u00edodo de enfrentamento ao Coronav\u00edrus. O prefeito Paulo Bomfim j\u00e1 decretou v\u00e1rias medidas, como a entrega dos kits merenda no primeiro e segundo semestre e a suspen\u00e7\u00e3o das aulas, buscando conter a expans\u00e3o da Covid 19, al\u00e9m de v\u00e1rias outras medidas de cuidados e preven\u00e7\u00e3o. Nos meses de abril e maio mais de 260 toneladas de alimentos, que somam mais de 35 mil\u00a0kits\u00a0merenda\u00a0para os alunos das 136 escolas da rede, localizadas&hellip;\" \/>\n<meta property=\"og:url\" content=\"https:\/\/blogdofarnesio.com.br\/?p=261033\" \/>\n<meta property=\"og:site_name\" content=\"Blog do Farn\u00e9sio\" \/>\n<meta property=\"article:publisher\" content=\"https:\/\/www.facebook.com\/BlogQuerSaberPolitica\/\" \/>\n<meta property=\"article:published_time\" content=\"2020-07-01T11:42:26+00:00\" \/>\n<meta property=\"og:image\" content=\"https:\/\/blogdofarnesio.com.br\/wp-content\/uploads\/2020\/06\/blogqspjua-entrega-segundo-kit-merenda-e1592916669792.jpg\" \/>\n\t<meta property=\"og:image:width\" content=\"632\" \/>\n\t<meta property=\"og:image:height\" content=\"356\" \/>\n\t<meta property=\"og:image:type\" content=\"image\/jpeg\" \/>\n<meta name=\"author\" content=\"Farn\u00e9sio\" \/>\n<meta name=\"twitter:card\" content=\"summary_large_image\" \/>\n<meta name=\"twitter:label1\" content=\"Escrito por\" \/>\n\t<meta name=\"twitter:data1\" content=\"Farn\u00e9sio\" \/>\n\t<meta name=\"twitter:label2\" content=\"Est. tempo de leitura\" \/>\n\t<meta name=\"twitter:data2\" content=\"2 minutos\" \/>\n<script type=\"application\/ld+json\" class=\"yoast-schema-graph\">{\"@context\":\"https:\\\/\\\/schema.org\",\"@graph\":[{\"@type\":\"Article\",\"@id\":\"https:\\\/\\\/blogdofarnesio.com.br\\\/?p=261033#article\",\"isPartOf\":{\"@id\":\"https:\\\/\\\/blogdofarnesio.com.br\\\/?p=261033\"},\"author\":{\"name\":\"Farn\u00e9sio\",\"@id\":\"https:\\\/\\\/blogdofarnesio.com.br\\\/#\\\/schema\\\/person\\\/301c4acf522bccbfdb45af95b5b906a1\"},\"headline\":\"Juazeiro inicia entrega do segundo kit merenda aos alunos da rede municipal, a partir desta quarta-feira (1\u00ba)\",\"datePublished\":\"2020-07-01T11:42:26+00:00\",\"mainEntityOfPage\":{\"@id\":\"https:\\\/\\\/blogdofarnesio.com.br\\\/?p=261033\"},\"wordCount\":395,\"publisher\":{\"@id\":\"https:\\\/\\\/blogdofarnesio.com.br\\\/#organization\"},\"image\":{\"@id\":\"https:\\\/\\\/blogdofarnesio.com.br\\\/?p=261033#primaryimage\"},\"thumbnailUrl\":\"https:\\\/\\\/blogdofarnesio.com.br\\\/wp-content\\\/uploads\\\/2020\\\/06\\\/blogqspjua-entrega-segundo-kit-merenda-e1592916669792.jpg\",\"articleSection\":[\"A\u00e7\u00e3o Social\"],\"inLanguage\":\"pt-BR\"},{\"@type\":\"WebPage\",\"@id\":\"https:\\\/\\\/blogdofarnesio.com.br\\\/?p=261033\",\"url\":\"https:\\\/\\\/blogdofarnesio.com.br\\\/?p=261033\",\"name\":\"Juazeiro inicia entrega do segundo kit merenda aos alunos da rede municipal, a partir desta quarta-feira (1\u00ba) - Blog do Farn\u00e9sio\",\"isPartOf\":{\"@id\":\"https:\\\/\\\/blogdofarnesio.com.br\\\/#website\"},\"primaryImageOfPage\":{\"@id\":\"https:\\\/\\\/blogdofarnesio.com.br\\\/?p=261033#primaryimage\"},\"image\":{\"@id\":\"https:\\\/\\\/blogdofarnesio.com.br\\\/?p=261033#primaryimage\"},\"thumbnailUrl\":\"https:\\\/\\\/blogdofarnesio.com.br\\\/wp-content\\\/uploads\\\/2020\\\/06\\\/blogqspjua-entrega-segundo-kit-merenda-e1592916669792.jpg\",\"datePublished\":\"2020-07-01T11:42:26+00:00\",\"breadcrumb\":{\"@id\":\"https:\\\/\\\/blogdofarnesio.com.br\\\/?p=261033#breadcrumb\"},\"inLanguage\":\"pt-BR\",\"potentialAction\":[{\"@type\":\"ReadAction\",\"target\":[\"https:\\\/\\\/blogdofarnesio.com.br\\\/?p=261033\"]}]},{\"@type\":\"ImageObject\",\"inLanguage\":\"pt-BR\",\"@id\":\"https:\\\/\\\/blogdofarnesio.com.br\\\/?p=261033#primaryimage\",\"url\":\"https:\\\/\\\/blogdofarnesio.com.br\\\/wp-content\\\/uploads\\\/2020\\\/06\\\/blogqspjua-entrega-segundo-kit-merenda-e1592916669792.jpg\",\"contentUrl\":\"https:\\\/\\\/blogdofarnesio.com.br\\\/wp-content\\\/uploads\\\/2020\\\/06\\\/blogqspjua-entrega-segundo-kit-merenda-e1592916669792.jpg\",\"width\":632,\"height\":356},{\"@type\":\"BreadcrumbList\",\"@id\":\"https:\\\/\\\/blogdofarnesio.com.br\\\/?p=261033#breadcrumb\",\"itemListElement\":[{\"@type\":\"ListItem\",\"position\":1,\"name\":\"In\u00edcio\",\"item\":\"https:\\\/\\\/blogdofarnesio.com.br\\\/\"},{\"@type\":\"ListItem\",\"position\":2,\"name\":\"Juazeiro inicia entrega do segundo kit merenda aos alunos da rede municipal, a partir desta quarta-feira (1\u00ba)\"}]},{\"@type\":\"WebSite\",\"@id\":\"https:\\\/\\\/blogdofarnesio.com.br\\\/#website\",\"url\":\"https:\\\/\\\/blogdofarnesio.com.br\\\/\",\"name\":\"Blog do Farn\u00e9sio\",\"description\":\"Quer Saber Pol\u00edtica?\",\"publisher\":{\"@id\":\"https:\\\/\\\/blogdofarnesio.com.br\\\/#organization\"},\"potentialAction\":[{\"@type\":\"SearchAction\",\"target\":{\"@type\":\"EntryPoint\",\"urlTemplate\":\"https:\\\/\\\/blogdofarnesio.com.br\\\/?s={search_term_string}\"},\"query-input\":{\"@type\":\"PropertyValueSpecification\",\"valueRequired\":true,\"valueName\":\"search_term_string\"}}],\"inLanguage\":\"pt-BR\"},{\"@type\":\"Organization\",\"@id\":\"https:\\\/\\\/blogdofarnesio.com.br\\\/#organization\",\"name\":\"Blog do Farn\u00e9sio\",\"url\":\"https:\\\/\\\/blogdofarnesio.com.br\\\/\",\"logo\":{\"@type\":\"ImageObject\",\"inLanguage\":\"pt-BR\",\"@id\":\"https:\\\/\\\/blogdofarnesio.com.br\\\/#\\\/schema\\\/logo\\\/image\\\/\",\"url\":\"https:\\\/\\\/blogdofarnesio.com.br\\\/wp-content\\\/uploads\\\/2026\\\/03\\\/cropped-logo_new-1.png\",\"contentUrl\":\"https:\\\/\\\/blogdofarnesio.com.br\\\/wp-content\\\/uploads\\\/2026\\\/03\\\/cropped-logo_new-1.png\",\"width\":881,\"height\":685,\"caption\":\"Blog do Farn\u00e9sio\"},\"image\":{\"@id\":\"https:\\\/\\\/blogdofarnesio.com.br\\\/#\\\/schema\\\/logo\\\/image\\\/\"},\"sameAs\":[\"https:\\\/\\\/www.facebook.com\\\/BlogQuerSaberPolitica\\\/\"]},{\"@type\":\"Person\",\"@id\":\"https:\\\/\\\/blogdofarnesio.com.br\\\/#\\\/schema\\\/person\\\/301c4acf522bccbfdb45af95b5b906a1\",\"name\":\"Farn\u00e9sio\",\"image\":{\"@type\":\"ImageObject\",\"inLanguage\":\"pt-BR\",\"@id\":\"https:\\\/\\\/secure.gravatar.com\\\/avatar\\\/df0c9a14567c056f8ad6876ba5bbd1e3e2c48023eb6807342fc4663adf549f38?s=96&d=mm&r=g\",\"url\":\"https:\\\/\\\/secure.gravatar.com\\\/avatar\\\/df0c9a14567c056f8ad6876ba5bbd1e3e2c48023eb6807342fc4663adf549f38?s=96&d=mm&r=g\",\"contentUrl\":\"https:\\\/\\\/secure.gravatar.com\\\/avatar\\\/df0c9a14567c056f8ad6876ba5bbd1e3e2c48023eb6807342fc4663adf549f38?s=96&d=mm&r=g\",\"caption\":\"Farn\u00e9sio\"},\"sameAs\":[\"https:\\\/\\\/quersaberpolitica.com.br\"],\"url\":\"https:\\\/\\\/blogdofarnesio.com.br\\\/?author=1\"}]}<\/script>\n<!-- \/ Yoast SEO plugin. -->","yoast_head_json":{"title":"Juazeiro inicia entrega do segundo kit merenda aos alunos da rede municipal, a partir desta quarta-feira (1\u00ba) - Blog do Farn\u00e9sio","robots":{"index":"index","follow":"follow","max-snippet":"max-snippet:-1","max-image-preview":"max-image-preview:large","max-video-preview":"max-video-preview:-1"},"canonical":"https:\/\/blogdofarnesio.com.br\/?p=261033","og_locale":"pt_BR","og_type":"article","og_title":"Juazeiro inicia entrega do segundo kit merenda aos alunos da rede municipal, a partir desta quarta-feira (1\u00ba) - Blog do Farn\u00e9sio","og_description":"A Prefeitura, atrav\u00e9s da Secretaria de Educa\u00e7\u00e3o e Juventude \u2013 SEDUC inicia a entrega do segundo kit merenda nesta quarta-feira, 1\u00ba de julho, aos mais de 35 mil alunos da rede municipal de ensino, em Juazeiro. Com o objetivo de complementar a alimenta\u00e7\u00e3o dos alunos da rede municipal, no per\u00edodo de enfrentamento ao Coronav\u00edrus. O prefeito Paulo Bomfim j\u00e1 decretou v\u00e1rias medidas, como a entrega dos kits merenda no primeiro e segundo semestre e a suspen\u00e7\u00e3o das aulas, buscando conter a expans\u00e3o da Covid 19, al\u00e9m de v\u00e1rias outras medidas de cuidados e preven\u00e7\u00e3o. Nos meses de abril e maio mais de 260 toneladas de alimentos, que somam mais de 35 mil\u00a0kits\u00a0merenda\u00a0para os alunos das 136 escolas da rede, localizadas&hellip;","og_url":"https:\/\/blogdofarnesio.com.br\/?p=261033","og_site_name":"Blog do Farn\u00e9sio","article_publisher":"https:\/\/www.facebook.com\/BlogQuerSaberPolitica\/","article_published_time":"2020-07-01T11:42:26+00:00","og_image":[{"width":632,"height":356,"url":"https:\/\/blogdofarnesio.com.br\/wp-content\/uploads\/2020\/06\/blogqspjua-entrega-segundo-kit-merenda-e1592916669792.jpg","type":"image\/jpeg"}],"author":"Farn\u00e9sio","twitter_card":"summary_large_image","twitter_misc":{"Escrito por":"Farn\u00e9sio","Est. tempo de leitura":"2 minutos"},"schema":{"@context":"https:\/\/schema.org","@graph":[{"@type":"Article","@id":"https:\/\/blogdofarnesio.com.br\/?p=261033#article","isPartOf":{"@id":"https:\/\/blogdofarnesio.com.br\/?p=261033"},"author":{"name":"Farn\u00e9sio","@id":"https:\/\/blogdofarnesio.com.br\/#\/schema\/person\/301c4acf522bccbfdb45af95b5b906a1"},"headline":"Juazeiro inicia entrega do segundo kit merenda aos alunos da rede municipal, a partir desta quarta-feira (1\u00ba)","datePublished":"2020-07-01T11:42:26+00:00","mainEntityOfPage":{"@id":"https:\/\/blogdofarnesio.com.br\/?p=261033"},"wordCount":395,"publisher":{"@id":"https:\/\/blogdofarnesio.com.br\/#organization"},"image":{"@id":"https:\/\/blogdofarnesio.com.br\/?p=261033#primaryimage"},"thumbnailUrl":"https:\/\/blogdofarnesio.com.br\/wp-content\/uploads\/2020\/06\/blogqspjua-entrega-segundo-kit-merenda-e1592916669792.jpg","articleSection":["A\u00e7\u00e3o Social"],"inLanguage":"pt-BR"},{"@type":"WebPage","@id":"https:\/\/blogdofarnesio.com.br\/?p=261033","url":"https:\/\/blogdofarnesio.com.br\/?p=261033","name":"Juazeiro inicia entrega do segundo kit merenda aos alunos da rede municipal, a partir desta quarta-feira (1\u00ba) - Blog do Farn\u00e9sio","isPartOf":{"@id":"https:\/\/blogdofarnesio.com.br\/#website"},"primaryImageOfPage":{"@id":"https:\/\/blogdofarnesio.com.br\/?p=261033#primaryimage"},"image":{"@id":"https:\/\/blogdofarnesio.com.br\/?p=261033#primaryimage"},"thumbnailUrl":"https:\/\/blogdofarnesio.com.br\/wp-content\/uploads\/2020\/06\/blogqspjua-entrega-segundo-kit-merenda-e1592916669792.jpg","datePublished":"2020-07-01T11:42:26+00:00","breadcrumb":{"@id":"https:\/\/blogdofarnesio.com.br\/?p=261033#breadcrumb"},"inLanguage":"pt-BR","potentialAction":[{"@type":"ReadAction","target":["https:\/\/blogdofarnesio.com.br\/?p=261033"]}]},{"@type":"ImageObject","inLanguage":"pt-BR","@id":"https:\/\/blogdofarnesio.com.br\/?p=261033#primaryimage","url":"https:\/\/blogdofarnesio.com.br\/wp-content\/uploads\/2020\/06\/blogqspjua-entrega-segundo-kit-merenda-e1592916669792.jpg","contentUrl":"https:\/\/blogdofarnesio.com.br\/wp-content\/uploads\/2020\/06\/blogqspjua-entrega-segundo-kit-merenda-e1592916669792.jpg","width":632,"height":356},{"@type":"BreadcrumbList","@id":"https:\/\/blogdofarnesio.com.br\/?p=261033#breadcrumb","itemListElement":[{"@type":"ListItem","position":1,"name":"In\u00edcio","item":"https:\/\/blogdofarnesio.com.br\/"},{"@type":"ListItem","position":2,"name":"Juazeiro inicia entrega do segundo kit merenda aos alunos da rede municipal, a partir desta quarta-feira (1\u00ba)"}]},{"@type":"WebSite","@id":"https:\/\/blogdofarnesio.com.br\/#website","url":"https:\/\/blogdofarnesio.com.br\/","name":"Blog do Farn\u00e9sio","description":"Quer Saber Pol\u00edtica?","publisher":{"@id":"https:\/\/blogdofarnesio.com.br\/#organization"},"potentialAction":[{"@type":"SearchAction","target":{"@type":"EntryPoint","urlTemplate":"https:\/\/blogdofarnesio.com.br\/?s={search_term_string}"},"query-input":{"@type":"PropertyValueSpecification","valueRequired":true,"valueName":"search_term_string"}}],"inLanguage":"pt-BR"},{"@type":"Organization","@id":"https:\/\/blogdofarnesio.com.br\/#organization","name":"Blog do Farn\u00e9sio","url":"https:\/\/blogdofarnesio.com.br\/","logo":{"@type":"ImageObject","inLanguage":"pt-BR","@id":"https:\/\/blogdofarnesio.com.br\/#\/schema\/logo\/image\/","url":"https:\/\/blogdofarnesio.com.br\/wp-content\/uploads\/2026\/03\/cropped-logo_new-1.png","contentUrl":"https:\/\/blogdofarnesio.com.br\/wp-content\/uploads\/2026\/03\/cropped-logo_new-1.png","width":881,"height":685,"caption":"Blog do Farn\u00e9sio"},"image":{"@id":"https:\/\/blogdofarnesio.com.br\/#\/schema\/logo\/image\/"},"sameAs":["https:\/\/www.facebook.com\/BlogQuerSaberPolitica\/"]},{"@type":"Person","@id":"https:\/\/blogdofarnesio.com.br\/#\/schema\/person\/301c4acf522bccbfdb45af95b5b906a1","name":"Farn\u00e9sio","image":{"@type":"ImageObject","inLanguage":"pt-BR","@id":"https:\/\/secure.gravatar.com\/avatar\/df0c9a14567c056f8ad6876ba5bbd1e3e2c48023eb6807342fc4663adf549f38?s=96&d=mm&r=g","url":"https:\/\/secure.gravatar.com\/avatar\/df0c9a14567c056f8ad6876ba5bbd1e3e2c48023eb6807342fc4663adf549f38?s=96&d=mm&r=g","contentUrl":"https:\/\/secure.gravatar.com\/avatar\/df0c9a14567c056f8ad6876ba5bbd1e3e2c48023eb6807342fc4663adf549f38?s=96&d=mm&r=g","caption":"Farn\u00e9sio"},"sameAs":["https:\/\/quersaberpolitica.com.br"],"url":"https:\/\/blogdofarnesio.com.br\/?author=1"}]}},"_links":{"self":[{"href":"https:\/\/blogdofarnesio.com.br\/index.php?rest_route=\/wp\/v2\/posts\/261033","targetHints":{"allow":["GET"]}}],"collection":[{"href":"https:\/\/blogdofarnesio.com.br\/index.php?rest_route=\/wp\/v2\/posts"}],"about":[{"href":"https:\/\/blogdofarnesio.com.br\/index.php?rest_route=\/wp\/v2\/types\/post"}],"author":[{"embeddable":true,"href":"https:\/\/blogdofarnesio.com.br\/index.php?rest_route=\/wp\/v2\/users\/1"}],"replies":[{"embeddable":true,"href":"https:\/\/blogdofarnesio.com.br\/index.php?rest_route=%2Fwp%2Fv2%2Fcomments&post=261033"}],"version-history":[{"count":0,"href":"https:\/\/blogdofarnesio.com.br\/index.php?rest_route=\/wp\/v2\/posts\/261033\/revisions"}],"wp:featuredmedia":[{"embeddable":true,"href":"https:\/\/blogdofarnesio.com.br\/index.php?rest_route=\/wp\/v2\/media\/260421"}],"wp:attachment":[{"href":"https:\/\/blogdofarnesio.com.br\/index.php?rest_route=%2Fwp%2Fv2%2Fmedia&parent=261033"}],"wp:term":[{"taxonomy":"category","embeddable":true,"href":"https:\/\/blogdofarnesio.com.br\/index.php?rest_route=%2Fwp%2Fv2%2Fcategories&post=261033"},{"taxonomy":"post_tag","embeddable":true,"href":"https:\/\/blogdofarnesio.com.br\/index.php?rest_route=%2Fwp%2Fv2%2Ftags&post=261033"}],"curies":[{"name":"wp","href":"https:\/\/api.w.org\/{rel}","templated":true}]}}