{"id":260993,"date":"2020-07-01T08:22:27","date_gmt":"2020-07-01T11:22:27","guid":{"rendered":"http:\/\/quersaberpolitica.com.br\/2016\/?p=260993"},"modified":"2020-06-30T19:46:48","modified_gmt":"2020-06-30T22:46:48","slug":"falta-de-planejamento-e-a-porta-de-entrada-para-o-desperdicio-do-recurso-publico-frisa-valgueiro-apos-denuncia-sobre-instalacao-de-ciclovia-em-petrolina","status":"publish","type":"post","link":"https:\/\/blogdofarnesio.com.br\/?p=260993","title":{"rendered":"&#8220;Falta de planejamento \u00e9 a porta de entrada para o desperd\u00edcio do recurso p\u00fablico\u201d, frisa Valgueiro, ap\u00f3s den\u00fancia sobre instala\u00e7\u00e3o de ciclovia em Petrolina"},"content":{"rendered":"<p style=\"font-weight: 400;\">A ciclovia ainda nem foi inaugurada e j\u00e1 apresenta rastros de uma elabora\u00e7\u00e3o mal feita para dificultar a vida de quem anda de bike. Al\u00e9m de enfrentarem diversos obst\u00e1culos nas vias p\u00fablicas comuns a todos os ve\u00edculos, os ciclistas tamb\u00e9m v\u00e3o precisar desviar dos empecilhos na pista exclusiva para eles na Estrada do Jatob\u00e1\/Carneiro, que custou R$ 1,6 milh\u00f5es aos cofres p\u00fablicos.<\/p>\n<p style=\"font-weight: 400;\">Entre os problemas, a postea\u00e7\u00e3o da ilumina\u00e7\u00e3o p\u00fablica est\u00e1 sendo instalada no leito da via que deveria estar livre aos ciclistas. \u00c9 a falta de planejamento do Governo Novo Tempo que impera.<\/p>\n<p style=\"font-weight: 400;\">Na ciclovia h\u00e1 espa\u00e7o sobrando antes da cal\u00e7ada, mas os postes est\u00e3o invadindo a pista exclusiva. Um ciclista que transita no local, enviou imagens da obra em andamento e demonstrou preocupa\u00e7\u00e3o pelo fato de que apresenta fragilidades e perigo aos usu\u00e1rios da via. \u201c\u00c9 uma reivindica\u00e7\u00e3o antiga de n\u00f3s ciclistas, esper\u00e1vamos que naquela oportunidade de an\u00fancio da obra, que seria uma instala\u00e7\u00e3o de ciclovias com total seguran\u00e7a ao usu\u00e1rio\u201d, relata J.M.S<\/p>\n<p style=\"font-weight: 400;\">A ordem de servi\u00e7o para in\u00edcio das obras foi assinada pelo prefeito Miguel Coelho em julho de 2019, com a presen\u00e7a de grupos de ciclistas do Vale do S\u00e3o Francisco e, pela dura\u00e7\u00e3o da obra desde o seu in\u00edcio, o cliclista, que prefere ter sua identidade preservada, disse que aguardava uma obra mais planejada. O prefeito anunciou que uma das ciclovias seria constru\u00edda entre o Posto L3, no final da Orla, e o Barcarola, na Estrada do Jatob\u00e1, totalizando 2 km de percurso.<\/p>\n<p style=\"font-weight: 400;\">A outra, come\u00e7aria da Cardoso de S\u00e1, seguindo pela Estrada das Pedrinhas, indo at\u00e9 o Cemit\u00e9rio Campo da Paz, beneficiando os Bairros Henrique Leite e Fernando Idalino, com 1,5 km de percurso. Na ocasi\u00e3o, prometeu que as duas pistas para ciclistas, que somariam 3,5 km de extens\u00e3o, trariam qualidade e seguran\u00e7a para a popula\u00e7\u00e3o.<\/p>\n<p style=\"font-weight: 400;\">O vereador Paulo Valgueiro ressalta as consequ\u00eancias de uma obra mal elaborada e os preju\u00edzos que podem acarretar aos ciclistas e aos cofres p\u00fablicos. \u201cEm Petrolina, j\u00e1 tem v\u00e1rios casos de mortes e feridos no tr\u00e2nsito por conta da falta de pistas exclusivas para os ciclistas, inclusive em locais onde foram feitas interse\u00e7\u00f5es mal projetadas, sem ilumina\u00e7\u00e3o, com buracos e desn\u00edveis.<\/p>\n<p style=\"font-weight: 400;\">Tudo isso representa risco para quem t\u00e1 pedalando. Agora, recebemos uma obra mal planejada e mal executada, o que beira o absurdo. As obras p\u00fablicas precisam ser bem elaboradas, bem projetada para trazer seguran\u00e7a e qualidade, pois a falta de planejamento \u00e9 a porta de entrada para o desperd\u00edcio do recurso p\u00fablico e a porteira escancarada pra corrup\u00e7\u00e3o&#8221;, frisa o l\u00edder da Bancada de Oposi\u00e7\u00e3o de Petrolina.<\/p>\n<p><strong>M\u00f4nia Ramos\/ Jornalista<\/strong><\/p>\n<p><strong><em>Assessoria de Imprensa<\/em><\/strong><\/p>\n","protected":false},"excerpt":{"rendered":"<p>A ciclovia ainda nem foi inaugurada e j\u00e1 apresenta rastros de uma elabora\u00e7\u00e3o mal feita para dificultar a vida de quem anda de bike. Al\u00e9m de enfrentarem diversos obst\u00e1culos nas vias p\u00fablicas comuns a todos os ve\u00edculos, os ciclistas tamb\u00e9m v\u00e3o precisar desviar dos empecilhos na pista exclusiva para eles na Estrada do Jatob\u00e1\/Carneiro, que custou R$ 1,6 milh\u00f5es aos cofres p\u00fablicos. Entre os problemas, a postea\u00e7\u00e3o da ilumina\u00e7\u00e3o p\u00fablica est\u00e1 sendo instalada no leito da via que deveria estar livre aos ciclistas. \u00c9 a falta de planejamento do Governo Novo Tempo que impera. Na ciclovia h\u00e1 espa\u00e7o sobrando antes da cal\u00e7ada, mas os postes est\u00e3o invadindo a pista exclusiva. Um ciclista que transita no local, enviou imagens da obra&hellip; <\/p>\n","protected":false},"author":1,"featured_media":260994,"comment_status":"closed","ping_status":"closed","sticky":false,"template":"","format":"standard","meta":{"_acf_changed":false,"footnotes":""},"categories":[1],"tags":[],"class_list":["post-260993","post","type-post","status-publish","format-standard","has-post-thumbnail","hentry","category-politica"],"acf":[],"yoast_head":"<!-- This site is optimized with the Yoast SEO plugin v27.4 - https:\/\/yoast.com\/product\/yoast-seo-wordpress\/ -->\n<title>&quot;Falta de planejamento \u00e9 a porta de entrada para o desperd\u00edcio do recurso p\u00fablico\u201d, frisa Valgueiro, ap\u00f3s den\u00fancia sobre instala\u00e7\u00e3o de ciclovia em Petrolina - Blog do Farn\u00e9sio<\/title>\n<meta name=\"robots\" content=\"index, follow, max-snippet:-1, max-image-preview:large, max-video-preview:-1\" \/>\n<link rel=\"canonical\" href=\"https:\/\/blogdofarnesio.com.br\/?p=260993\" \/>\n<meta property=\"og:locale\" content=\"pt_BR\" \/>\n<meta property=\"og:type\" content=\"article\" \/>\n<meta property=\"og:title\" content=\"&quot;Falta de planejamento \u00e9 a porta de entrada para o desperd\u00edcio do recurso p\u00fablico\u201d, frisa Valgueiro, ap\u00f3s den\u00fancia sobre instala\u00e7\u00e3o de ciclovia em Petrolina - Blog do Farn\u00e9sio\" \/>\n<meta property=\"og:description\" content=\"A ciclovia ainda nem foi inaugurada e j\u00e1 apresenta rastros de uma elabora\u00e7\u00e3o mal feita para dificultar a vida de quem anda de bike. Al\u00e9m de enfrentarem diversos obst\u00e1culos nas vias p\u00fablicas comuns a todos os ve\u00edculos, os ciclistas tamb\u00e9m v\u00e3o precisar desviar dos empecilhos na pista exclusiva para eles na Estrada do Jatob\u00e1\/Carneiro, que custou R$ 1,6 milh\u00f5es aos cofres p\u00fablicos. Entre os problemas, a postea\u00e7\u00e3o da ilumina\u00e7\u00e3o p\u00fablica est\u00e1 sendo instalada no leito da via que deveria estar livre aos ciclistas. \u00c9 a falta de planejamento do Governo Novo Tempo que impera. Na ciclovia h\u00e1 espa\u00e7o sobrando antes da cal\u00e7ada, mas os postes est\u00e3o invadindo a pista exclusiva. Um ciclista que transita no local, enviou imagens da obra&hellip;\" \/>\n<meta property=\"og:url\" content=\"https:\/\/blogdofarnesio.com.br\/?p=260993\" \/>\n<meta property=\"og:site_name\" content=\"Blog do Farn\u00e9sio\" \/>\n<meta property=\"article:publisher\" content=\"https:\/\/www.facebook.com\/BlogQuerSaberPolitica\/\" \/>\n<meta property=\"article:published_time\" content=\"2020-07-01T11:22:27+00:00\" \/>\n<meta property=\"og:image\" content=\"https:\/\/blogdofarnesio.com.br\/wp-content\/uploads\/2020\/06\/blogqsp-ciclovia-em-Petrolina-e1593537644988.jpg\" \/>\n\t<meta property=\"og:image:width\" content=\"660\" \/>\n\t<meta property=\"og:image:height\" content=\"418\" \/>\n\t<meta property=\"og:image:type\" content=\"image\/jpeg\" \/>\n<meta name=\"author\" content=\"Farn\u00e9sio\" \/>\n<meta name=\"twitter:card\" content=\"summary_large_image\" \/>\n<meta name=\"twitter:label1\" content=\"Escrito por\" \/>\n\t<meta name=\"twitter:data1\" content=\"Farn\u00e9sio\" \/>\n\t<meta name=\"twitter:label2\" content=\"Est. tempo de leitura\" \/>\n\t<meta name=\"twitter:data2\" content=\"2 minutos\" \/>\n<script type=\"application\/ld+json\" class=\"yoast-schema-graph\">{\"@context\":\"https:\\\/\\\/schema.org\",\"@graph\":[{\"@type\":\"Article\",\"@id\":\"https:\\\/\\\/blogdofarnesio.com.br\\\/?p=260993#article\",\"isPartOf\":{\"@id\":\"https:\\\/\\\/blogdofarnesio.com.br\\\/?p=260993\"},\"author\":{\"name\":\"Farn\u00e9sio\",\"@id\":\"https:\\\/\\\/blogdofarnesio.com.br\\\/#\\\/schema\\\/person\\\/301c4acf522bccbfdb45af95b5b906a1\"},\"headline\":\"&#8220;Falta de planejamento \u00e9 a porta de entrada para o desperd\u00edcio do recurso p\u00fablico\u201d, frisa Valgueiro, ap\u00f3s den\u00fancia sobre instala\u00e7\u00e3o de ciclovia em Petrolina\",\"datePublished\":\"2020-07-01T11:22:27+00:00\",\"mainEntityOfPage\":{\"@id\":\"https:\\\/\\\/blogdofarnesio.com.br\\\/?p=260993\"},\"wordCount\":512,\"publisher\":{\"@id\":\"https:\\\/\\\/blogdofarnesio.com.br\\\/#organization\"},\"image\":{\"@id\":\"https:\\\/\\\/blogdofarnesio.com.br\\\/?p=260993#primaryimage\"},\"thumbnailUrl\":\"https:\\\/\\\/blogdofarnesio.com.br\\\/wp-content\\\/uploads\\\/2020\\\/06\\\/blogqsp-ciclovia-em-Petrolina-e1593537644988.jpg\",\"articleSection\":[\"Pol\u00edtica\"],\"inLanguage\":\"pt-BR\"},{\"@type\":\"WebPage\",\"@id\":\"https:\\\/\\\/blogdofarnesio.com.br\\\/?p=260993\",\"url\":\"https:\\\/\\\/blogdofarnesio.com.br\\\/?p=260993\",\"name\":\"\\\"Falta de planejamento \u00e9 a porta de entrada para o desperd\u00edcio do recurso p\u00fablico\u201d, frisa Valgueiro, ap\u00f3s den\u00fancia sobre instala\u00e7\u00e3o de ciclovia em Petrolina - Blog do Farn\u00e9sio\",\"isPartOf\":{\"@id\":\"https:\\\/\\\/blogdofarnesio.com.br\\\/#website\"},\"primaryImageOfPage\":{\"@id\":\"https:\\\/\\\/blogdofarnesio.com.br\\\/?p=260993#primaryimage\"},\"image\":{\"@id\":\"https:\\\/\\\/blogdofarnesio.com.br\\\/?p=260993#primaryimage\"},\"thumbnailUrl\":\"https:\\\/\\\/blogdofarnesio.com.br\\\/wp-content\\\/uploads\\\/2020\\\/06\\\/blogqsp-ciclovia-em-Petrolina-e1593537644988.jpg\",\"datePublished\":\"2020-07-01T11:22:27+00:00\",\"breadcrumb\":{\"@id\":\"https:\\\/\\\/blogdofarnesio.com.br\\\/?p=260993#breadcrumb\"},\"inLanguage\":\"pt-BR\",\"potentialAction\":[{\"@type\":\"ReadAction\",\"target\":[\"https:\\\/\\\/blogdofarnesio.com.br\\\/?p=260993\"]}]},{\"@type\":\"ImageObject\",\"inLanguage\":\"pt-BR\",\"@id\":\"https:\\\/\\\/blogdofarnesio.com.br\\\/?p=260993#primaryimage\",\"url\":\"https:\\\/\\\/blogdofarnesio.com.br\\\/wp-content\\\/uploads\\\/2020\\\/06\\\/blogqsp-ciclovia-em-Petrolina-e1593537644988.jpg\",\"contentUrl\":\"https:\\\/\\\/blogdofarnesio.com.br\\\/wp-content\\\/uploads\\\/2020\\\/06\\\/blogqsp-ciclovia-em-Petrolina-e1593537644988.jpg\",\"width\":660,\"height\":418},{\"@type\":\"BreadcrumbList\",\"@id\":\"https:\\\/\\\/blogdofarnesio.com.br\\\/?p=260993#breadcrumb\",\"itemListElement\":[{\"@type\":\"ListItem\",\"position\":1,\"name\":\"In\u00edcio\",\"item\":\"https:\\\/\\\/blogdofarnesio.com.br\\\/\"},{\"@type\":\"ListItem\",\"position\":2,\"name\":\"&#8220;Falta de planejamento \u00e9 a porta de entrada para o desperd\u00edcio do recurso p\u00fablico\u201d, frisa Valgueiro, ap\u00f3s den\u00fancia sobre instala\u00e7\u00e3o de ciclovia em Petrolina\"}]},{\"@type\":\"WebSite\",\"@id\":\"https:\\\/\\\/blogdofarnesio.com.br\\\/#website\",\"url\":\"https:\\\/\\\/blogdofarnesio.com.br\\\/\",\"name\":\"Blog do Farn\u00e9sio\",\"description\":\"Quer Saber Pol\u00edtica?\",\"publisher\":{\"@id\":\"https:\\\/\\\/blogdofarnesio.com.br\\\/#organization\"},\"potentialAction\":[{\"@type\":\"SearchAction\",\"target\":{\"@type\":\"EntryPoint\",\"urlTemplate\":\"https:\\\/\\\/blogdofarnesio.com.br\\\/?s={search_term_string}\"},\"query-input\":{\"@type\":\"PropertyValueSpecification\",\"valueRequired\":true,\"valueName\":\"search_term_string\"}}],\"inLanguage\":\"pt-BR\"},{\"@type\":\"Organization\",\"@id\":\"https:\\\/\\\/blogdofarnesio.com.br\\\/#organization\",\"name\":\"Blog do Farn\u00e9sio\",\"url\":\"https:\\\/\\\/blogdofarnesio.com.br\\\/\",\"logo\":{\"@type\":\"ImageObject\",\"inLanguage\":\"pt-BR\",\"@id\":\"https:\\\/\\\/blogdofarnesio.com.br\\\/#\\\/schema\\\/logo\\\/image\\\/\",\"url\":\"https:\\\/\\\/blogdofarnesio.com.br\\\/wp-content\\\/uploads\\\/2026\\\/03\\\/cropped-logo_new-1.png\",\"contentUrl\":\"https:\\\/\\\/blogdofarnesio.com.br\\\/wp-content\\\/uploads\\\/2026\\\/03\\\/cropped-logo_new-1.png\",\"width\":881,\"height\":685,\"caption\":\"Blog do Farn\u00e9sio\"},\"image\":{\"@id\":\"https:\\\/\\\/blogdofarnesio.com.br\\\/#\\\/schema\\\/logo\\\/image\\\/\"},\"sameAs\":[\"https:\\\/\\\/www.facebook.com\\\/BlogQuerSaberPolitica\\\/\"]},{\"@type\":\"Person\",\"@id\":\"https:\\\/\\\/blogdofarnesio.com.br\\\/#\\\/schema\\\/person\\\/301c4acf522bccbfdb45af95b5b906a1\",\"name\":\"Farn\u00e9sio\",\"image\":{\"@type\":\"ImageObject\",\"inLanguage\":\"pt-BR\",\"@id\":\"https:\\\/\\\/secure.gravatar.com\\\/avatar\\\/df0c9a14567c056f8ad6876ba5bbd1e3e2c48023eb6807342fc4663adf549f38?s=96&d=mm&r=g\",\"url\":\"https:\\\/\\\/secure.gravatar.com\\\/avatar\\\/df0c9a14567c056f8ad6876ba5bbd1e3e2c48023eb6807342fc4663adf549f38?s=96&d=mm&r=g\",\"contentUrl\":\"https:\\\/\\\/secure.gravatar.com\\\/avatar\\\/df0c9a14567c056f8ad6876ba5bbd1e3e2c48023eb6807342fc4663adf549f38?s=96&d=mm&r=g\",\"caption\":\"Farn\u00e9sio\"},\"sameAs\":[\"https:\\\/\\\/quersaberpolitica.com.br\"],\"url\":\"https:\\\/\\\/blogdofarnesio.com.br\\\/?author=1\"}]}<\/script>\n<!-- \/ Yoast SEO plugin. -->","yoast_head_json":{"title":"\"Falta de planejamento \u00e9 a porta de entrada para o desperd\u00edcio do recurso p\u00fablico\u201d, frisa Valgueiro, ap\u00f3s den\u00fancia sobre instala\u00e7\u00e3o de ciclovia em Petrolina - Blog do Farn\u00e9sio","robots":{"index":"index","follow":"follow","max-snippet":"max-snippet:-1","max-image-preview":"max-image-preview:large","max-video-preview":"max-video-preview:-1"},"canonical":"https:\/\/blogdofarnesio.com.br\/?p=260993","og_locale":"pt_BR","og_type":"article","og_title":"\"Falta de planejamento \u00e9 a porta de entrada para o desperd\u00edcio do recurso p\u00fablico\u201d, frisa Valgueiro, ap\u00f3s den\u00fancia sobre instala\u00e7\u00e3o de ciclovia em Petrolina - Blog do Farn\u00e9sio","og_description":"A ciclovia ainda nem foi inaugurada e j\u00e1 apresenta rastros de uma elabora\u00e7\u00e3o mal feita para dificultar a vida de quem anda de bike. Al\u00e9m de enfrentarem diversos obst\u00e1culos nas vias p\u00fablicas comuns a todos os ve\u00edculos, os ciclistas tamb\u00e9m v\u00e3o precisar desviar dos empecilhos na pista exclusiva para eles na Estrada do Jatob\u00e1\/Carneiro, que custou R$ 1,6 milh\u00f5es aos cofres p\u00fablicos. Entre os problemas, a postea\u00e7\u00e3o da ilumina\u00e7\u00e3o p\u00fablica est\u00e1 sendo instalada no leito da via que deveria estar livre aos ciclistas. \u00c9 a falta de planejamento do Governo Novo Tempo que impera. Na ciclovia h\u00e1 espa\u00e7o sobrando antes da cal\u00e7ada, mas os postes est\u00e3o invadindo a pista exclusiva. Um ciclista que transita no local, enviou imagens da obra&hellip;","og_url":"https:\/\/blogdofarnesio.com.br\/?p=260993","og_site_name":"Blog do Farn\u00e9sio","article_publisher":"https:\/\/www.facebook.com\/BlogQuerSaberPolitica\/","article_published_time":"2020-07-01T11:22:27+00:00","og_image":[{"width":660,"height":418,"url":"https:\/\/blogdofarnesio.com.br\/wp-content\/uploads\/2020\/06\/blogqsp-ciclovia-em-Petrolina-e1593537644988.jpg","type":"image\/jpeg"}],"author":"Farn\u00e9sio","twitter_card":"summary_large_image","twitter_misc":{"Escrito por":"Farn\u00e9sio","Est. tempo de leitura":"2 minutos"},"schema":{"@context":"https:\/\/schema.org","@graph":[{"@type":"Article","@id":"https:\/\/blogdofarnesio.com.br\/?p=260993#article","isPartOf":{"@id":"https:\/\/blogdofarnesio.com.br\/?p=260993"},"author":{"name":"Farn\u00e9sio","@id":"https:\/\/blogdofarnesio.com.br\/#\/schema\/person\/301c4acf522bccbfdb45af95b5b906a1"},"headline":"&#8220;Falta de planejamento \u00e9 a porta de entrada para o desperd\u00edcio do recurso p\u00fablico\u201d, frisa Valgueiro, ap\u00f3s den\u00fancia sobre instala\u00e7\u00e3o de ciclovia em Petrolina","datePublished":"2020-07-01T11:22:27+00:00","mainEntityOfPage":{"@id":"https:\/\/blogdofarnesio.com.br\/?p=260993"},"wordCount":512,"publisher":{"@id":"https:\/\/blogdofarnesio.com.br\/#organization"},"image":{"@id":"https:\/\/blogdofarnesio.com.br\/?p=260993#primaryimage"},"thumbnailUrl":"https:\/\/blogdofarnesio.com.br\/wp-content\/uploads\/2020\/06\/blogqsp-ciclovia-em-Petrolina-e1593537644988.jpg","articleSection":["Pol\u00edtica"],"inLanguage":"pt-BR"},{"@type":"WebPage","@id":"https:\/\/blogdofarnesio.com.br\/?p=260993","url":"https:\/\/blogdofarnesio.com.br\/?p=260993","name":"\"Falta de planejamento \u00e9 a porta de entrada para o desperd\u00edcio do recurso p\u00fablico\u201d, frisa Valgueiro, ap\u00f3s den\u00fancia sobre instala\u00e7\u00e3o de ciclovia em Petrolina - Blog do Farn\u00e9sio","isPartOf":{"@id":"https:\/\/blogdofarnesio.com.br\/#website"},"primaryImageOfPage":{"@id":"https:\/\/blogdofarnesio.com.br\/?p=260993#primaryimage"},"image":{"@id":"https:\/\/blogdofarnesio.com.br\/?p=260993#primaryimage"},"thumbnailUrl":"https:\/\/blogdofarnesio.com.br\/wp-content\/uploads\/2020\/06\/blogqsp-ciclovia-em-Petrolina-e1593537644988.jpg","datePublished":"2020-07-01T11:22:27+00:00","breadcrumb":{"@id":"https:\/\/blogdofarnesio.com.br\/?p=260993#breadcrumb"},"inLanguage":"pt-BR","potentialAction":[{"@type":"ReadAction","target":["https:\/\/blogdofarnesio.com.br\/?p=260993"]}]},{"@type":"ImageObject","inLanguage":"pt-BR","@id":"https:\/\/blogdofarnesio.com.br\/?p=260993#primaryimage","url":"https:\/\/blogdofarnesio.com.br\/wp-content\/uploads\/2020\/06\/blogqsp-ciclovia-em-Petrolina-e1593537644988.jpg","contentUrl":"https:\/\/blogdofarnesio.com.br\/wp-content\/uploads\/2020\/06\/blogqsp-ciclovia-em-Petrolina-e1593537644988.jpg","width":660,"height":418},{"@type":"BreadcrumbList","@id":"https:\/\/blogdofarnesio.com.br\/?p=260993#breadcrumb","itemListElement":[{"@type":"ListItem","position":1,"name":"In\u00edcio","item":"https:\/\/blogdofarnesio.com.br\/"},{"@type":"ListItem","position":2,"name":"&#8220;Falta de planejamento \u00e9 a porta de entrada para o desperd\u00edcio do recurso p\u00fablico\u201d, frisa Valgueiro, ap\u00f3s den\u00fancia sobre instala\u00e7\u00e3o de ciclovia em Petrolina"}]},{"@type":"WebSite","@id":"https:\/\/blogdofarnesio.com.br\/#website","url":"https:\/\/blogdofarnesio.com.br\/","name":"Blog do Farn\u00e9sio","description":"Quer Saber Pol\u00edtica?","publisher":{"@id":"https:\/\/blogdofarnesio.com.br\/#organization"},"potentialAction":[{"@type":"SearchAction","target":{"@type":"EntryPoint","urlTemplate":"https:\/\/blogdofarnesio.com.br\/?s={search_term_string}"},"query-input":{"@type":"PropertyValueSpecification","valueRequired":true,"valueName":"search_term_string"}}],"inLanguage":"pt-BR"},{"@type":"Organization","@id":"https:\/\/blogdofarnesio.com.br\/#organization","name":"Blog do Farn\u00e9sio","url":"https:\/\/blogdofarnesio.com.br\/","logo":{"@type":"ImageObject","inLanguage":"pt-BR","@id":"https:\/\/blogdofarnesio.com.br\/#\/schema\/logo\/image\/","url":"https:\/\/blogdofarnesio.com.br\/wp-content\/uploads\/2026\/03\/cropped-logo_new-1.png","contentUrl":"https:\/\/blogdofarnesio.com.br\/wp-content\/uploads\/2026\/03\/cropped-logo_new-1.png","width":881,"height":685,"caption":"Blog do Farn\u00e9sio"},"image":{"@id":"https:\/\/blogdofarnesio.com.br\/#\/schema\/logo\/image\/"},"sameAs":["https:\/\/www.facebook.com\/BlogQuerSaberPolitica\/"]},{"@type":"Person","@id":"https:\/\/blogdofarnesio.com.br\/#\/schema\/person\/301c4acf522bccbfdb45af95b5b906a1","name":"Farn\u00e9sio","image":{"@type":"ImageObject","inLanguage":"pt-BR","@id":"https:\/\/secure.gravatar.com\/avatar\/df0c9a14567c056f8ad6876ba5bbd1e3e2c48023eb6807342fc4663adf549f38?s=96&d=mm&r=g","url":"https:\/\/secure.gravatar.com\/avatar\/df0c9a14567c056f8ad6876ba5bbd1e3e2c48023eb6807342fc4663adf549f38?s=96&d=mm&r=g","contentUrl":"https:\/\/secure.gravatar.com\/avatar\/df0c9a14567c056f8ad6876ba5bbd1e3e2c48023eb6807342fc4663adf549f38?s=96&d=mm&r=g","caption":"Farn\u00e9sio"},"sameAs":["https:\/\/quersaberpolitica.com.br"],"url":"https:\/\/blogdofarnesio.com.br\/?author=1"}]}},"_links":{"self":[{"href":"https:\/\/blogdofarnesio.com.br\/index.php?rest_route=\/wp\/v2\/posts\/260993","targetHints":{"allow":["GET"]}}],"collection":[{"href":"https:\/\/blogdofarnesio.com.br\/index.php?rest_route=\/wp\/v2\/posts"}],"about":[{"href":"https:\/\/blogdofarnesio.com.br\/index.php?rest_route=\/wp\/v2\/types\/post"}],"author":[{"embeddable":true,"href":"https:\/\/blogdofarnesio.com.br\/index.php?rest_route=\/wp\/v2\/users\/1"}],"replies":[{"embeddable":true,"href":"https:\/\/blogdofarnesio.com.br\/index.php?rest_route=%2Fwp%2Fv2%2Fcomments&post=260993"}],"version-history":[{"count":0,"href":"https:\/\/blogdofarnesio.com.br\/index.php?rest_route=\/wp\/v2\/posts\/260993\/revisions"}],"wp:featuredmedia":[{"embeddable":true,"href":"https:\/\/blogdofarnesio.com.br\/index.php?rest_route=\/wp\/v2\/media\/260994"}],"wp:attachment":[{"href":"https:\/\/blogdofarnesio.com.br\/index.php?rest_route=%2Fwp%2Fv2%2Fmedia&parent=260993"}],"wp:term":[{"taxonomy":"category","embeddable":true,"href":"https:\/\/blogdofarnesio.com.br\/index.php?rest_route=%2Fwp%2Fv2%2Fcategories&post=260993"},{"taxonomy":"post_tag","embeddable":true,"href":"https:\/\/blogdofarnesio.com.br\/index.php?rest_route=%2Fwp%2Fv2%2Ftags&post=260993"}],"curies":[{"name":"wp","href":"https:\/\/api.w.org\/{rel}","templated":true}]}}