{"id":260921,"date":"2020-06-30T07:43:06","date_gmt":"2020-06-30T10:43:06","guid":{"rendered":"http:\/\/quersaberpolitica.com.br\/2016\/?p=260921"},"modified":"2020-06-29T19:46:05","modified_gmt":"2020-06-29T22:46:05","slug":"governador-rui-costa-visita-juazeiro-vistoria-obra-e-anuncia-chegado-de-mais-respiradores-e-inauguracao-da-unacon","status":"publish","type":"post","link":"https:\/\/blogdofarnesio.com.br\/?p=260921","title":{"rendered":"Governador Rui Costa visita Juazeiro vistoria obra, anuncia chegado de mais respiradores e inaugura\u00e7\u00e3o da Unacon"},"content":{"rendered":"<p>O prefeito Paulo Bomfim recebeu o Governador Rui Costa em Juazeiro, nesta segunda-feira, 29, para vistoriar a obra de requalifica\u00e7\u00e3o da Avenida da Pedra do Lorde, que est\u00e1 em fase de finaliza\u00e7\u00e3o. Na oportunidade, anunciou que vai retornar a Juazeiro no fim de julho\/in\u00edcio de agosto para trazer mais 20 respiradores ao Hospital Regional e tamb\u00e9m inaugurar a Unidade Especializada de Oncologia (Unacon), al\u00e9m de reiterar que os 10 leitos de UTI contratados a um hospital da rede privada come\u00e7am a funcionar ainda esta semana. A vice-prefeita, Dra. Dulce Ribeiro e os deputados estaduais Z\u00f3 e Roberto Carlos acompanharam as atividades.<\/p>\n<p>Juazeiro foi a primeira cidade da Bahia a determinar a\u00e7\u00f5es no combate ao novo coronav\u00edrus. Recentemente, a Secretaria da Sa\u00fade iniciou programa de testagem para mapeamento imunol\u00f3gico, o que gerou aumento no n\u00famero de casos. O Governador fez breve avalia\u00e7\u00e3o da coordena\u00e7\u00e3o do prefeito Paulo Bomfim. \u201cEu acho que tomou as medidas como outros prefeitos tomaram, no momento correto. Nenhum munic\u00edpio \u00e9 uma ilha\u201d, declarou Rui Costa. O governador pediu novamente \u00e0 popula\u00e7\u00e3o que respeite as medidas, como distanciamento e isolamento social, al\u00e9m do toque de recolher, para que diminua o cont\u00e1gio e evitar a possibilidade de adoecimento em massa.<\/p>\n<p>Ainda durante a visita, Rui Costa pediu paci\u00eancia aos comerciantes. \u201cQuanto mais eficiente for o fechamento esta semana, maior a chance da pr\u00f3xima semana a gente repensar. Quanto menos eficiente for, mais semanas ser\u00e3o necess\u00e1rias com o com\u00e9rcio fechado\u201d, disse o Governador.<\/p>\n<p>Para o prefeito, receber o Governador \u00e9 sempre uma satisfa\u00e7\u00e3o para a popula\u00e7\u00e3o, al\u00e9m de refor\u00e7ar a parceria que temos com o Governo da Bahia. \u201cTemos dialogado praticamente todos os dias e ele tem atendido \u00e0s solicita\u00e7\u00f5es que fizemos. Anunciou mais respiradores e a Unacon ser\u00e1 inaugurada, al\u00e9m de j\u00e1 ter contratado os 10 leitos de UTI. Enquanto isso vamos tocando as obras que temos em parceria e com recursos pr\u00f3prios, como a Esta\u00e7\u00e3o do Saber, e protegendo a popula\u00e7\u00e3o de Juazeiro, como mais investimentos em sa\u00fade, principalmente no combate \u00e0 Covid 19\u201d, destacou Paulo Bomfim.<\/p>\n<p>Raphael Leal\/Ascom<\/p>\n","protected":false},"excerpt":{"rendered":"<p>O prefeito Paulo Bomfim recebeu o Governador Rui Costa em Juazeiro, nesta segunda-feira, 29, para vistoriar a obra de requalifica\u00e7\u00e3o da Avenida da Pedra do Lorde, que est\u00e1 em fase de finaliza\u00e7\u00e3o. Na oportunidade, anunciou que vai retornar a Juazeiro no fim de julho\/in\u00edcio de agosto para trazer mais 20 respiradores ao Hospital Regional e tamb\u00e9m inaugurar a Unidade Especializada de Oncologia (Unacon), al\u00e9m de reiterar que os 10 leitos de UTI contratados a um hospital da rede privada come\u00e7am a funcionar ainda esta semana. A vice-prefeita, Dra. Dulce Ribeiro e os deputados estaduais Z\u00f3 e Roberto Carlos acompanharam as atividades. Juazeiro foi a primeira cidade da Bahia a determinar a\u00e7\u00f5es no combate ao novo coronav\u00edrus. Recentemente, a Secretaria da&hellip; <\/p>\n","protected":false},"author":1,"featured_media":193695,"comment_status":"closed","ping_status":"closed","sticky":false,"template":"","format":"standard","meta":{"_acf_changed":false,"footnotes":""},"categories":[44],"tags":[],"class_list":["post-260921","post","type-post","status-publish","format-standard","has-post-thumbnail","hentry","category-administracao"],"acf":[],"yoast_head":"<!-- This site is optimized with the Yoast SEO plugin v27.4 - https:\/\/yoast.com\/product\/yoast-seo-wordpress\/ -->\n<title>Governador Rui Costa visita Juazeiro vistoria obra, anuncia chegado de mais respiradores e inaugura\u00e7\u00e3o da Unacon - Blog do Farn\u00e9sio<\/title>\n<meta name=\"robots\" content=\"index, follow, max-snippet:-1, max-image-preview:large, max-video-preview:-1\" \/>\n<link rel=\"canonical\" href=\"https:\/\/blogdofarnesio.com.br\/?p=260921\" \/>\n<meta property=\"og:locale\" content=\"pt_BR\" \/>\n<meta property=\"og:type\" content=\"article\" \/>\n<meta property=\"og:title\" content=\"Governador Rui Costa visita Juazeiro vistoria obra, anuncia chegado de mais respiradores e inaugura\u00e7\u00e3o da Unacon - Blog do Farn\u00e9sio\" \/>\n<meta property=\"og:description\" content=\"O prefeito Paulo Bomfim recebeu o Governador Rui Costa em Juazeiro, nesta segunda-feira, 29, para vistoriar a obra de requalifica\u00e7\u00e3o da Avenida da Pedra do Lorde, que est\u00e1 em fase de finaliza\u00e7\u00e3o. Na oportunidade, anunciou que vai retornar a Juazeiro no fim de julho\/in\u00edcio de agosto para trazer mais 20 respiradores ao Hospital Regional e tamb\u00e9m inaugurar a Unidade Especializada de Oncologia (Unacon), al\u00e9m de reiterar que os 10 leitos de UTI contratados a um hospital da rede privada come\u00e7am a funcionar ainda esta semana. A vice-prefeita, Dra. Dulce Ribeiro e os deputados estaduais Z\u00f3 e Roberto Carlos acompanharam as atividades. Juazeiro foi a primeira cidade da Bahia a determinar a\u00e7\u00f5es no combate ao novo coronav\u00edrus. Recentemente, a Secretaria da&hellip;\" \/>\n<meta property=\"og:url\" content=\"https:\/\/blogdofarnesio.com.br\/?p=260921\" \/>\n<meta property=\"og:site_name\" content=\"Blog do Farn\u00e9sio\" \/>\n<meta property=\"article:publisher\" content=\"https:\/\/www.facebook.com\/BlogQuerSaberPolitica\/\" \/>\n<meta property=\"article:published_time\" content=\"2020-06-30T10:43:06+00:00\" \/>\n<meta property=\"og:image\" content=\"https:\/\/blogdofarnesio.com.br\/wp-content\/uploads\/2018\/04\/blogqsp-Governador-em-Juazeiro-paulo-rui-.jpg\" \/>\n\t<meta property=\"og:image:width\" content=\"640\" \/>\n\t<meta property=\"og:image:height\" content=\"427\" \/>\n\t<meta property=\"og:image:type\" content=\"image\/jpeg\" \/>\n<meta name=\"author\" content=\"Farn\u00e9sio\" \/>\n<meta name=\"twitter:card\" content=\"summary_large_image\" \/>\n<meta name=\"twitter:label1\" content=\"Escrito por\" \/>\n\t<meta name=\"twitter:data1\" content=\"Farn\u00e9sio\" \/>\n\t<meta name=\"twitter:label2\" content=\"Est. tempo de leitura\" \/>\n\t<meta name=\"twitter:data2\" content=\"2 minutos\" \/>\n<script type=\"application\/ld+json\" class=\"yoast-schema-graph\">{\"@context\":\"https:\\\/\\\/schema.org\",\"@graph\":[{\"@type\":\"Article\",\"@id\":\"https:\\\/\\\/blogdofarnesio.com.br\\\/?p=260921#article\",\"isPartOf\":{\"@id\":\"https:\\\/\\\/blogdofarnesio.com.br\\\/?p=260921\"},\"author\":{\"name\":\"Farn\u00e9sio\",\"@id\":\"https:\\\/\\\/blogdofarnesio.com.br\\\/#\\\/schema\\\/person\\\/301c4acf522bccbfdb45af95b5b906a1\"},\"headline\":\"Governador Rui Costa visita Juazeiro vistoria obra, anuncia chegado de mais respiradores e inaugura\u00e7\u00e3o da Unacon\",\"datePublished\":\"2020-06-30T10:43:06+00:00\",\"mainEntityOfPage\":{\"@id\":\"https:\\\/\\\/blogdofarnesio.com.br\\\/?p=260921\"},\"wordCount\":383,\"publisher\":{\"@id\":\"https:\\\/\\\/blogdofarnesio.com.br\\\/#organization\"},\"image\":{\"@id\":\"https:\\\/\\\/blogdofarnesio.com.br\\\/?p=260921#primaryimage\"},\"thumbnailUrl\":\"https:\\\/\\\/blogdofarnesio.com.br\\\/wp-content\\\/uploads\\\/2018\\\/04\\\/blogqsp-Governador-em-Juazeiro-paulo-rui-.jpg\",\"articleSection\":[\"Administra\u00e7\u00e3o\"],\"inLanguage\":\"pt-BR\"},{\"@type\":\"WebPage\",\"@id\":\"https:\\\/\\\/blogdofarnesio.com.br\\\/?p=260921\",\"url\":\"https:\\\/\\\/blogdofarnesio.com.br\\\/?p=260921\",\"name\":\"Governador Rui Costa visita Juazeiro vistoria obra, anuncia chegado de mais respiradores e inaugura\u00e7\u00e3o da Unacon - Blog do Farn\u00e9sio\",\"isPartOf\":{\"@id\":\"https:\\\/\\\/blogdofarnesio.com.br\\\/#website\"},\"primaryImageOfPage\":{\"@id\":\"https:\\\/\\\/blogdofarnesio.com.br\\\/?p=260921#primaryimage\"},\"image\":{\"@id\":\"https:\\\/\\\/blogdofarnesio.com.br\\\/?p=260921#primaryimage\"},\"thumbnailUrl\":\"https:\\\/\\\/blogdofarnesio.com.br\\\/wp-content\\\/uploads\\\/2018\\\/04\\\/blogqsp-Governador-em-Juazeiro-paulo-rui-.jpg\",\"datePublished\":\"2020-06-30T10:43:06+00:00\",\"breadcrumb\":{\"@id\":\"https:\\\/\\\/blogdofarnesio.com.br\\\/?p=260921#breadcrumb\"},\"inLanguage\":\"pt-BR\",\"potentialAction\":[{\"@type\":\"ReadAction\",\"target\":[\"https:\\\/\\\/blogdofarnesio.com.br\\\/?p=260921\"]}]},{\"@type\":\"ImageObject\",\"inLanguage\":\"pt-BR\",\"@id\":\"https:\\\/\\\/blogdofarnesio.com.br\\\/?p=260921#primaryimage\",\"url\":\"https:\\\/\\\/blogdofarnesio.com.br\\\/wp-content\\\/uploads\\\/2018\\\/04\\\/blogqsp-Governador-em-Juazeiro-paulo-rui-.jpg\",\"contentUrl\":\"https:\\\/\\\/blogdofarnesio.com.br\\\/wp-content\\\/uploads\\\/2018\\\/04\\\/blogqsp-Governador-em-Juazeiro-paulo-rui-.jpg\",\"width\":640,\"height\":427,\"caption\":\"Imagem Ilustrativa\"},{\"@type\":\"BreadcrumbList\",\"@id\":\"https:\\\/\\\/blogdofarnesio.com.br\\\/?p=260921#breadcrumb\",\"itemListElement\":[{\"@type\":\"ListItem\",\"position\":1,\"name\":\"In\u00edcio\",\"item\":\"https:\\\/\\\/blogdofarnesio.com.br\\\/\"},{\"@type\":\"ListItem\",\"position\":2,\"name\":\"Governador Rui Costa visita Juazeiro vistoria obra, anuncia chegado de mais respiradores e inaugura\u00e7\u00e3o da Unacon\"}]},{\"@type\":\"WebSite\",\"@id\":\"https:\\\/\\\/blogdofarnesio.com.br\\\/#website\",\"url\":\"https:\\\/\\\/blogdofarnesio.com.br\\\/\",\"name\":\"Blog do Farn\u00e9sio\",\"description\":\"Quer Saber Pol\u00edtica?\",\"publisher\":{\"@id\":\"https:\\\/\\\/blogdofarnesio.com.br\\\/#organization\"},\"potentialAction\":[{\"@type\":\"SearchAction\",\"target\":{\"@type\":\"EntryPoint\",\"urlTemplate\":\"https:\\\/\\\/blogdofarnesio.com.br\\\/?s={search_term_string}\"},\"query-input\":{\"@type\":\"PropertyValueSpecification\",\"valueRequired\":true,\"valueName\":\"search_term_string\"}}],\"inLanguage\":\"pt-BR\"},{\"@type\":\"Organization\",\"@id\":\"https:\\\/\\\/blogdofarnesio.com.br\\\/#organization\",\"name\":\"Blog do Farn\u00e9sio\",\"url\":\"https:\\\/\\\/blogdofarnesio.com.br\\\/\",\"logo\":{\"@type\":\"ImageObject\",\"inLanguage\":\"pt-BR\",\"@id\":\"https:\\\/\\\/blogdofarnesio.com.br\\\/#\\\/schema\\\/logo\\\/image\\\/\",\"url\":\"https:\\\/\\\/blogdofarnesio.com.br\\\/wp-content\\\/uploads\\\/2026\\\/03\\\/cropped-logo_new-1.png\",\"contentUrl\":\"https:\\\/\\\/blogdofarnesio.com.br\\\/wp-content\\\/uploads\\\/2026\\\/03\\\/cropped-logo_new-1.png\",\"width\":881,\"height\":685,\"caption\":\"Blog do Farn\u00e9sio\"},\"image\":{\"@id\":\"https:\\\/\\\/blogdofarnesio.com.br\\\/#\\\/schema\\\/logo\\\/image\\\/\"},\"sameAs\":[\"https:\\\/\\\/www.facebook.com\\\/BlogQuerSaberPolitica\\\/\"]},{\"@type\":\"Person\",\"@id\":\"https:\\\/\\\/blogdofarnesio.com.br\\\/#\\\/schema\\\/person\\\/301c4acf522bccbfdb45af95b5b906a1\",\"name\":\"Farn\u00e9sio\",\"image\":{\"@type\":\"ImageObject\",\"inLanguage\":\"pt-BR\",\"@id\":\"https:\\\/\\\/secure.gravatar.com\\\/avatar\\\/df0c9a14567c056f8ad6876ba5bbd1e3e2c48023eb6807342fc4663adf549f38?s=96&d=mm&r=g\",\"url\":\"https:\\\/\\\/secure.gravatar.com\\\/avatar\\\/df0c9a14567c056f8ad6876ba5bbd1e3e2c48023eb6807342fc4663adf549f38?s=96&d=mm&r=g\",\"contentUrl\":\"https:\\\/\\\/secure.gravatar.com\\\/avatar\\\/df0c9a14567c056f8ad6876ba5bbd1e3e2c48023eb6807342fc4663adf549f38?s=96&d=mm&r=g\",\"caption\":\"Farn\u00e9sio\"},\"sameAs\":[\"https:\\\/\\\/quersaberpolitica.com.br\"],\"url\":\"https:\\\/\\\/blogdofarnesio.com.br\\\/?author=1\"}]}<\/script>\n<!-- \/ Yoast SEO plugin. -->","yoast_head_json":{"title":"Governador Rui Costa visita Juazeiro vistoria obra, anuncia chegado de mais respiradores e inaugura\u00e7\u00e3o da Unacon - Blog do Farn\u00e9sio","robots":{"index":"index","follow":"follow","max-snippet":"max-snippet:-1","max-image-preview":"max-image-preview:large","max-video-preview":"max-video-preview:-1"},"canonical":"https:\/\/blogdofarnesio.com.br\/?p=260921","og_locale":"pt_BR","og_type":"article","og_title":"Governador Rui Costa visita Juazeiro vistoria obra, anuncia chegado de mais respiradores e inaugura\u00e7\u00e3o da Unacon - Blog do Farn\u00e9sio","og_description":"O prefeito Paulo Bomfim recebeu o Governador Rui Costa em Juazeiro, nesta segunda-feira, 29, para vistoriar a obra de requalifica\u00e7\u00e3o da Avenida da Pedra do Lorde, que est\u00e1 em fase de finaliza\u00e7\u00e3o. Na oportunidade, anunciou que vai retornar a Juazeiro no fim de julho\/in\u00edcio de agosto para trazer mais 20 respiradores ao Hospital Regional e tamb\u00e9m inaugurar a Unidade Especializada de Oncologia (Unacon), al\u00e9m de reiterar que os 10 leitos de UTI contratados a um hospital da rede privada come\u00e7am a funcionar ainda esta semana. A vice-prefeita, Dra. Dulce Ribeiro e os deputados estaduais Z\u00f3 e Roberto Carlos acompanharam as atividades. Juazeiro foi a primeira cidade da Bahia a determinar a\u00e7\u00f5es no combate ao novo coronav\u00edrus. Recentemente, a Secretaria da&hellip;","og_url":"https:\/\/blogdofarnesio.com.br\/?p=260921","og_site_name":"Blog do Farn\u00e9sio","article_publisher":"https:\/\/www.facebook.com\/BlogQuerSaberPolitica\/","article_published_time":"2020-06-30T10:43:06+00:00","og_image":[{"width":640,"height":427,"url":"https:\/\/blogdofarnesio.com.br\/wp-content\/uploads\/2018\/04\/blogqsp-Governador-em-Juazeiro-paulo-rui-.jpg","type":"image\/jpeg"}],"author":"Farn\u00e9sio","twitter_card":"summary_large_image","twitter_misc":{"Escrito por":"Farn\u00e9sio","Est. tempo de leitura":"2 minutos"},"schema":{"@context":"https:\/\/schema.org","@graph":[{"@type":"Article","@id":"https:\/\/blogdofarnesio.com.br\/?p=260921#article","isPartOf":{"@id":"https:\/\/blogdofarnesio.com.br\/?p=260921"},"author":{"name":"Farn\u00e9sio","@id":"https:\/\/blogdofarnesio.com.br\/#\/schema\/person\/301c4acf522bccbfdb45af95b5b906a1"},"headline":"Governador Rui Costa visita Juazeiro vistoria obra, anuncia chegado de mais respiradores e inaugura\u00e7\u00e3o da Unacon","datePublished":"2020-06-30T10:43:06+00:00","mainEntityOfPage":{"@id":"https:\/\/blogdofarnesio.com.br\/?p=260921"},"wordCount":383,"publisher":{"@id":"https:\/\/blogdofarnesio.com.br\/#organization"},"image":{"@id":"https:\/\/blogdofarnesio.com.br\/?p=260921#primaryimage"},"thumbnailUrl":"https:\/\/blogdofarnesio.com.br\/wp-content\/uploads\/2018\/04\/blogqsp-Governador-em-Juazeiro-paulo-rui-.jpg","articleSection":["Administra\u00e7\u00e3o"],"inLanguage":"pt-BR"},{"@type":"WebPage","@id":"https:\/\/blogdofarnesio.com.br\/?p=260921","url":"https:\/\/blogdofarnesio.com.br\/?p=260921","name":"Governador Rui Costa visita Juazeiro vistoria obra, anuncia chegado de mais respiradores e inaugura\u00e7\u00e3o da Unacon - Blog do Farn\u00e9sio","isPartOf":{"@id":"https:\/\/blogdofarnesio.com.br\/#website"},"primaryImageOfPage":{"@id":"https:\/\/blogdofarnesio.com.br\/?p=260921#primaryimage"},"image":{"@id":"https:\/\/blogdofarnesio.com.br\/?p=260921#primaryimage"},"thumbnailUrl":"https:\/\/blogdofarnesio.com.br\/wp-content\/uploads\/2018\/04\/blogqsp-Governador-em-Juazeiro-paulo-rui-.jpg","datePublished":"2020-06-30T10:43:06+00:00","breadcrumb":{"@id":"https:\/\/blogdofarnesio.com.br\/?p=260921#breadcrumb"},"inLanguage":"pt-BR","potentialAction":[{"@type":"ReadAction","target":["https:\/\/blogdofarnesio.com.br\/?p=260921"]}]},{"@type":"ImageObject","inLanguage":"pt-BR","@id":"https:\/\/blogdofarnesio.com.br\/?p=260921#primaryimage","url":"https:\/\/blogdofarnesio.com.br\/wp-content\/uploads\/2018\/04\/blogqsp-Governador-em-Juazeiro-paulo-rui-.jpg","contentUrl":"https:\/\/blogdofarnesio.com.br\/wp-content\/uploads\/2018\/04\/blogqsp-Governador-em-Juazeiro-paulo-rui-.jpg","width":640,"height":427,"caption":"Imagem Ilustrativa"},{"@type":"BreadcrumbList","@id":"https:\/\/blogdofarnesio.com.br\/?p=260921#breadcrumb","itemListElement":[{"@type":"ListItem","position":1,"name":"In\u00edcio","item":"https:\/\/blogdofarnesio.com.br\/"},{"@type":"ListItem","position":2,"name":"Governador Rui Costa visita Juazeiro vistoria obra, anuncia chegado de mais respiradores e inaugura\u00e7\u00e3o da Unacon"}]},{"@type":"WebSite","@id":"https:\/\/blogdofarnesio.com.br\/#website","url":"https:\/\/blogdofarnesio.com.br\/","name":"Blog do Farn\u00e9sio","description":"Quer Saber Pol\u00edtica?","publisher":{"@id":"https:\/\/blogdofarnesio.com.br\/#organization"},"potentialAction":[{"@type":"SearchAction","target":{"@type":"EntryPoint","urlTemplate":"https:\/\/blogdofarnesio.com.br\/?s={search_term_string}"},"query-input":{"@type":"PropertyValueSpecification","valueRequired":true,"valueName":"search_term_string"}}],"inLanguage":"pt-BR"},{"@type":"Organization","@id":"https:\/\/blogdofarnesio.com.br\/#organization","name":"Blog do Farn\u00e9sio","url":"https:\/\/blogdofarnesio.com.br\/","logo":{"@type":"ImageObject","inLanguage":"pt-BR","@id":"https:\/\/blogdofarnesio.com.br\/#\/schema\/logo\/image\/","url":"https:\/\/blogdofarnesio.com.br\/wp-content\/uploads\/2026\/03\/cropped-logo_new-1.png","contentUrl":"https:\/\/blogdofarnesio.com.br\/wp-content\/uploads\/2026\/03\/cropped-logo_new-1.png","width":881,"height":685,"caption":"Blog do Farn\u00e9sio"},"image":{"@id":"https:\/\/blogdofarnesio.com.br\/#\/schema\/logo\/image\/"},"sameAs":["https:\/\/www.facebook.com\/BlogQuerSaberPolitica\/"]},{"@type":"Person","@id":"https:\/\/blogdofarnesio.com.br\/#\/schema\/person\/301c4acf522bccbfdb45af95b5b906a1","name":"Farn\u00e9sio","image":{"@type":"ImageObject","inLanguage":"pt-BR","@id":"https:\/\/secure.gravatar.com\/avatar\/df0c9a14567c056f8ad6876ba5bbd1e3e2c48023eb6807342fc4663adf549f38?s=96&d=mm&r=g","url":"https:\/\/secure.gravatar.com\/avatar\/df0c9a14567c056f8ad6876ba5bbd1e3e2c48023eb6807342fc4663adf549f38?s=96&d=mm&r=g","contentUrl":"https:\/\/secure.gravatar.com\/avatar\/df0c9a14567c056f8ad6876ba5bbd1e3e2c48023eb6807342fc4663adf549f38?s=96&d=mm&r=g","caption":"Farn\u00e9sio"},"sameAs":["https:\/\/quersaberpolitica.com.br"],"url":"https:\/\/blogdofarnesio.com.br\/?author=1"}]}},"_links":{"self":[{"href":"https:\/\/blogdofarnesio.com.br\/index.php?rest_route=\/wp\/v2\/posts\/260921","targetHints":{"allow":["GET"]}}],"collection":[{"href":"https:\/\/blogdofarnesio.com.br\/index.php?rest_route=\/wp\/v2\/posts"}],"about":[{"href":"https:\/\/blogdofarnesio.com.br\/index.php?rest_route=\/wp\/v2\/types\/post"}],"author":[{"embeddable":true,"href":"https:\/\/blogdofarnesio.com.br\/index.php?rest_route=\/wp\/v2\/users\/1"}],"replies":[{"embeddable":true,"href":"https:\/\/blogdofarnesio.com.br\/index.php?rest_route=%2Fwp%2Fv2%2Fcomments&post=260921"}],"version-history":[{"count":0,"href":"https:\/\/blogdofarnesio.com.br\/index.php?rest_route=\/wp\/v2\/posts\/260921\/revisions"}],"wp:featuredmedia":[{"embeddable":true,"href":"https:\/\/blogdofarnesio.com.br\/index.php?rest_route=\/wp\/v2\/media\/193695"}],"wp:attachment":[{"href":"https:\/\/blogdofarnesio.com.br\/index.php?rest_route=%2Fwp%2Fv2%2Fmedia&parent=260921"}],"wp:term":[{"taxonomy":"category","embeddable":true,"href":"https:\/\/blogdofarnesio.com.br\/index.php?rest_route=%2Fwp%2Fv2%2Fcategories&post=260921"},{"taxonomy":"post_tag","embeddable":true,"href":"https:\/\/blogdofarnesio.com.br\/index.php?rest_route=%2Fwp%2Fv2%2Ftags&post=260921"}],"curies":[{"name":"wp","href":"https:\/\/api.w.org\/{rel}","templated":true}]}}