{"id":260919,"date":"2020-06-29T19:41:46","date_gmt":"2020-06-29T22:41:46","guid":{"rendered":"http:\/\/quersaberpolitica.com.br\/2016\/?p=260919"},"modified":"2020-06-29T20:13:53","modified_gmt":"2020-06-29T23:13:53","slug":"sobradinho-registra-um-caso-do-novo-coronavirus-e-confirma-a-107a-cura-clinica-nesta-segunda-feira-29","status":"publish","type":"post","link":"https:\/\/blogdofarnesio.com.br\/?p=260919","title":{"rendered":"Sobradinho registra um caso do novo coronav\u00edrus, e confirma a 107\u00aa cura cl\u00ednica, nesta segunda feira (29)"},"content":{"rendered":"<div>\n<div>Em Boletim Epidemiol\u00f3gico divulgado nesta segunda feira (29), a Secretaria de Sa\u00fade de Sobradinho registrou um caso do novo coronav\u00edrus, e a 107\u00aa cura cl\u00ednica. O caso confirmado \u00e9 de uma mulher de 41 anos, diagnosticada atrav\u00e9s de teste r\u00e1pido.<\/div>\n<\/div>\n<div>\n<div><\/div>\n<\/div>\n<div>\n<div>Com esta atualiza\u00e7\u00e3o, o munic\u00edpio passa a contabilizar 149 casos da infec\u00e7\u00e3o,e 107 curas cl\u00ednicas, sendo que dos 32 ainda positivados,1 est\u00e1 internado em hospital pertencente a rede PEBA e 31 assintom\u00e1ticos encontram-se em isolamento domiciliar, aguardando o prazo para cura cl\u00ednica. At\u00e9 esta segunda feira (29), o munic\u00edpio registra um n\u00famero maior de curados clinicamente do que pacientes na fase ativa da doen\u00e7a. Dez \u00f3bitos foram registrados.<\/div>\n<\/div>\n<div>\n<div><\/div>\n<\/div>\n<div>\n<div>A Secretaria de Sa\u00fade informa que a testagem est\u00e1 sendo realizada atendendo rigorosamente as recomenda\u00e7\u00f5es m\u00e9dicas. At\u00e9 o momento, Sobradinho soma 910 testes j\u00e1 realizados, entre os testes r\u00e1pido e os que s\u00e3o feitos pelo Laborat\u00f3rio Central (Lacen).<\/div>\n<\/div>\n<div>\n<div><\/div>\n<\/div>\n<div>\n<div>Qualquer d\u00favida ou den\u00fancias referentes a Covid 19, a popula\u00e7\u00e3o pode ligar para: Vigil\u00e2ncia Sanit\u00e1ria: (74) 98814 0095 ou Vigil\u00e2ncia Epidemiol\u00f3gica: (74) 9 8818 3736.<\/div>\n<\/div>\n<div>\n<div><\/div>\n<\/div>\n<div>\n<div>Ascom PMS<\/div>\n<\/div>\n","protected":false},"excerpt":{"rendered":"<p>Em Boletim Epidemiol\u00f3gico divulgado nesta segunda feira (29), a Secretaria de Sa\u00fade de Sobradinho registrou um caso do novo coronav\u00edrus, e a 107\u00aa cura cl\u00ednica. O caso confirmado \u00e9 de uma mulher de 41 anos, diagnosticada atrav\u00e9s de teste r\u00e1pido. Com esta atualiza\u00e7\u00e3o, o munic\u00edpio passa a contabilizar 149 casos da infec\u00e7\u00e3o,e 107 curas cl\u00ednicas, sendo que dos 32 ainda positivados,1 est\u00e1 internado em hospital pertencente a rede PEBA e 31 assintom\u00e1ticos encontram-se em isolamento domiciliar, aguardando o prazo para cura cl\u00ednica. At\u00e9 esta segunda feira (29), o munic\u00edpio registra um n\u00famero maior de curados clinicamente do que pacientes na fase ativa da doen\u00e7a. Dez \u00f3bitos foram registrados. A Secretaria de Sa\u00fade informa que a testagem est\u00e1 sendo realizada atendendo&hellip; <\/p>\n","protected":false},"author":1,"featured_media":260588,"comment_status":"closed","ping_status":"closed","sticky":false,"template":"","format":"standard","meta":{"_acf_changed":false,"footnotes":""},"categories":[4],"tags":[],"class_list":["post-260919","post","type-post","status-publish","format-standard","has-post-thumbnail","hentry","category-saude"],"acf":[],"yoast_head":"<!-- This site is optimized with the Yoast SEO plugin v27.4 - https:\/\/yoast.com\/product\/yoast-seo-wordpress\/ -->\n<title>Sobradinho registra um caso do novo coronav\u00edrus, e confirma a 107\u00aa cura cl\u00ednica, nesta segunda feira (29) - Blog do Farn\u00e9sio<\/title>\n<meta name=\"robots\" content=\"index, follow, max-snippet:-1, max-image-preview:large, max-video-preview:-1\" \/>\n<link rel=\"canonical\" href=\"https:\/\/blogdofarnesio.com.br\/?p=260919\" \/>\n<meta property=\"og:locale\" content=\"pt_BR\" \/>\n<meta property=\"og:type\" content=\"article\" \/>\n<meta property=\"og:title\" content=\"Sobradinho registra um caso do novo coronav\u00edrus, e confirma a 107\u00aa cura cl\u00ednica, nesta segunda feira (29) - Blog do Farn\u00e9sio\" \/>\n<meta property=\"og:description\" content=\"Em Boletim Epidemiol\u00f3gico divulgado nesta segunda feira (29), a Secretaria de Sa\u00fade de Sobradinho registrou um caso do novo coronav\u00edrus, e a 107\u00aa cura cl\u00ednica. O caso confirmado \u00e9 de uma mulher de 41 anos, diagnosticada atrav\u00e9s de teste r\u00e1pido. Com esta atualiza\u00e7\u00e3o, o munic\u00edpio passa a contabilizar 149 casos da infec\u00e7\u00e3o,e 107 curas cl\u00ednicas, sendo que dos 32 ainda positivados,1 est\u00e1 internado em hospital pertencente a rede PEBA e 31 assintom\u00e1ticos encontram-se em isolamento domiciliar, aguardando o prazo para cura cl\u00ednica. At\u00e9 esta segunda feira (29), o munic\u00edpio registra um n\u00famero maior de curados clinicamente do que pacientes na fase ativa da doen\u00e7a. Dez \u00f3bitos foram registrados. A Secretaria de Sa\u00fade informa que a testagem est\u00e1 sendo realizada atendendo&hellip;\" \/>\n<meta property=\"og:url\" content=\"https:\/\/blogdofarnesio.com.br\/?p=260919\" \/>\n<meta property=\"og:site_name\" content=\"Blog do Farn\u00e9sio\" \/>\n<meta property=\"article:publisher\" content=\"https:\/\/www.facebook.com\/BlogQuerSaberPolitica\/\" \/>\n<meta property=\"article:published_time\" content=\"2020-06-29T22:41:46+00:00\" \/>\n<meta property=\"article:modified_time\" content=\"2020-06-29T23:13:53+00:00\" \/>\n<meta property=\"og:image\" content=\"https:\/\/blogdofarnesio.com.br\/wp-content\/uploads\/2020\/06\/sobradinho-e1593470461603.jpg\" \/>\n\t<meta property=\"og:image:width\" content=\"680\" \/>\n\t<meta property=\"og:image:height\" content=\"509\" \/>\n\t<meta property=\"og:image:type\" content=\"image\/jpeg\" \/>\n<meta name=\"author\" content=\"Farn\u00e9sio\" \/>\n<meta name=\"twitter:card\" content=\"summary_large_image\" \/>\n<meta name=\"twitter:label1\" content=\"Escrito por\" \/>\n\t<meta name=\"twitter:data1\" content=\"Farn\u00e9sio\" \/>\n\t<meta name=\"twitter:label2\" content=\"Est. tempo de leitura\" \/>\n\t<meta name=\"twitter:data2\" content=\"1 minuto\" \/>\n<script type=\"application\/ld+json\" class=\"yoast-schema-graph\">{\"@context\":\"https:\\\/\\\/schema.org\",\"@graph\":[{\"@type\":\"Article\",\"@id\":\"https:\\\/\\\/blogdofarnesio.com.br\\\/?p=260919#article\",\"isPartOf\":{\"@id\":\"https:\\\/\\\/blogdofarnesio.com.br\\\/?p=260919\"},\"author\":{\"name\":\"Farn\u00e9sio\",\"@id\":\"https:\\\/\\\/blogdofarnesio.com.br\\\/#\\\/schema\\\/person\\\/301c4acf522bccbfdb45af95b5b906a1\"},\"headline\":\"Sobradinho registra um caso do novo coronav\u00edrus, e confirma a 107\u00aa cura cl\u00ednica, nesta segunda feira (29)\",\"datePublished\":\"2020-06-29T22:41:46+00:00\",\"dateModified\":\"2020-06-29T23:13:53+00:00\",\"mainEntityOfPage\":{\"@id\":\"https:\\\/\\\/blogdofarnesio.com.br\\\/?p=260919\"},\"wordCount\":201,\"publisher\":{\"@id\":\"https:\\\/\\\/blogdofarnesio.com.br\\\/#organization\"},\"image\":{\"@id\":\"https:\\\/\\\/blogdofarnesio.com.br\\\/?p=260919#primaryimage\"},\"thumbnailUrl\":\"https:\\\/\\\/blogdofarnesio.com.br\\\/wp-content\\\/uploads\\\/2020\\\/06\\\/sobradinho-e1593470461603.jpg\",\"articleSection\":[\"Sa\u00fade\"],\"inLanguage\":\"pt-BR\"},{\"@type\":\"WebPage\",\"@id\":\"https:\\\/\\\/blogdofarnesio.com.br\\\/?p=260919\",\"url\":\"https:\\\/\\\/blogdofarnesio.com.br\\\/?p=260919\",\"name\":\"Sobradinho registra um caso do novo coronav\u00edrus, e confirma a 107\u00aa cura cl\u00ednica, nesta segunda feira (29) - Blog do Farn\u00e9sio\",\"isPartOf\":{\"@id\":\"https:\\\/\\\/blogdofarnesio.com.br\\\/#website\"},\"primaryImageOfPage\":{\"@id\":\"https:\\\/\\\/blogdofarnesio.com.br\\\/?p=260919#primaryimage\"},\"image\":{\"@id\":\"https:\\\/\\\/blogdofarnesio.com.br\\\/?p=260919#primaryimage\"},\"thumbnailUrl\":\"https:\\\/\\\/blogdofarnesio.com.br\\\/wp-content\\\/uploads\\\/2020\\\/06\\\/sobradinho-e1593470461603.jpg\",\"datePublished\":\"2020-06-29T22:41:46+00:00\",\"dateModified\":\"2020-06-29T23:13:53+00:00\",\"breadcrumb\":{\"@id\":\"https:\\\/\\\/blogdofarnesio.com.br\\\/?p=260919#breadcrumb\"},\"inLanguage\":\"pt-BR\",\"potentialAction\":[{\"@type\":\"ReadAction\",\"target\":[\"https:\\\/\\\/blogdofarnesio.com.br\\\/?p=260919\"]}]},{\"@type\":\"ImageObject\",\"inLanguage\":\"pt-BR\",\"@id\":\"https:\\\/\\\/blogdofarnesio.com.br\\\/?p=260919#primaryimage\",\"url\":\"https:\\\/\\\/blogdofarnesio.com.br\\\/wp-content\\\/uploads\\\/2020\\\/06\\\/sobradinho-e1593470461603.jpg\",\"contentUrl\":\"https:\\\/\\\/blogdofarnesio.com.br\\\/wp-content\\\/uploads\\\/2020\\\/06\\\/sobradinho-e1593470461603.jpg\",\"width\":680,\"height\":509},{\"@type\":\"BreadcrumbList\",\"@id\":\"https:\\\/\\\/blogdofarnesio.com.br\\\/?p=260919#breadcrumb\",\"itemListElement\":[{\"@type\":\"ListItem\",\"position\":1,\"name\":\"In\u00edcio\",\"item\":\"https:\\\/\\\/blogdofarnesio.com.br\\\/\"},{\"@type\":\"ListItem\",\"position\":2,\"name\":\"Sobradinho registra um caso do novo coronav\u00edrus, e confirma a 107\u00aa cura cl\u00ednica, nesta segunda feira (29)\"}]},{\"@type\":\"WebSite\",\"@id\":\"https:\\\/\\\/blogdofarnesio.com.br\\\/#website\",\"url\":\"https:\\\/\\\/blogdofarnesio.com.br\\\/\",\"name\":\"Blog do Farn\u00e9sio\",\"description\":\"Quer Saber Pol\u00edtica?\",\"publisher\":{\"@id\":\"https:\\\/\\\/blogdofarnesio.com.br\\\/#organization\"},\"potentialAction\":[{\"@type\":\"SearchAction\",\"target\":{\"@type\":\"EntryPoint\",\"urlTemplate\":\"https:\\\/\\\/blogdofarnesio.com.br\\\/?s={search_term_string}\"},\"query-input\":{\"@type\":\"PropertyValueSpecification\",\"valueRequired\":true,\"valueName\":\"search_term_string\"}}],\"inLanguage\":\"pt-BR\"},{\"@type\":\"Organization\",\"@id\":\"https:\\\/\\\/blogdofarnesio.com.br\\\/#organization\",\"name\":\"Blog do Farn\u00e9sio\",\"url\":\"https:\\\/\\\/blogdofarnesio.com.br\\\/\",\"logo\":{\"@type\":\"ImageObject\",\"inLanguage\":\"pt-BR\",\"@id\":\"https:\\\/\\\/blogdofarnesio.com.br\\\/#\\\/schema\\\/logo\\\/image\\\/\",\"url\":\"https:\\\/\\\/blogdofarnesio.com.br\\\/wp-content\\\/uploads\\\/2026\\\/03\\\/cropped-logo_new-1.png\",\"contentUrl\":\"https:\\\/\\\/blogdofarnesio.com.br\\\/wp-content\\\/uploads\\\/2026\\\/03\\\/cropped-logo_new-1.png\",\"width\":881,\"height\":685,\"caption\":\"Blog do Farn\u00e9sio\"},\"image\":{\"@id\":\"https:\\\/\\\/blogdofarnesio.com.br\\\/#\\\/schema\\\/logo\\\/image\\\/\"},\"sameAs\":[\"https:\\\/\\\/www.facebook.com\\\/BlogQuerSaberPolitica\\\/\"]},{\"@type\":\"Person\",\"@id\":\"https:\\\/\\\/blogdofarnesio.com.br\\\/#\\\/schema\\\/person\\\/301c4acf522bccbfdb45af95b5b906a1\",\"name\":\"Farn\u00e9sio\",\"image\":{\"@type\":\"ImageObject\",\"inLanguage\":\"pt-BR\",\"@id\":\"https:\\\/\\\/secure.gravatar.com\\\/avatar\\\/df0c9a14567c056f8ad6876ba5bbd1e3e2c48023eb6807342fc4663adf549f38?s=96&d=mm&r=g\",\"url\":\"https:\\\/\\\/secure.gravatar.com\\\/avatar\\\/df0c9a14567c056f8ad6876ba5bbd1e3e2c48023eb6807342fc4663adf549f38?s=96&d=mm&r=g\",\"contentUrl\":\"https:\\\/\\\/secure.gravatar.com\\\/avatar\\\/df0c9a14567c056f8ad6876ba5bbd1e3e2c48023eb6807342fc4663adf549f38?s=96&d=mm&r=g\",\"caption\":\"Farn\u00e9sio\"},\"sameAs\":[\"https:\\\/\\\/quersaberpolitica.com.br\"],\"url\":\"https:\\\/\\\/blogdofarnesio.com.br\\\/?author=1\"}]}<\/script>\n<!-- \/ Yoast SEO plugin. -->","yoast_head_json":{"title":"Sobradinho registra um caso do novo coronav\u00edrus, e confirma a 107\u00aa cura cl\u00ednica, nesta segunda feira (29) - Blog do Farn\u00e9sio","robots":{"index":"index","follow":"follow","max-snippet":"max-snippet:-1","max-image-preview":"max-image-preview:large","max-video-preview":"max-video-preview:-1"},"canonical":"https:\/\/blogdofarnesio.com.br\/?p=260919","og_locale":"pt_BR","og_type":"article","og_title":"Sobradinho registra um caso do novo coronav\u00edrus, e confirma a 107\u00aa cura cl\u00ednica, nesta segunda feira (29) - Blog do Farn\u00e9sio","og_description":"Em Boletim Epidemiol\u00f3gico divulgado nesta segunda feira (29), a Secretaria de Sa\u00fade de Sobradinho registrou um caso do novo coronav\u00edrus, e a 107\u00aa cura cl\u00ednica. O caso confirmado \u00e9 de uma mulher de 41 anos, diagnosticada atrav\u00e9s de teste r\u00e1pido. Com esta atualiza\u00e7\u00e3o, o munic\u00edpio passa a contabilizar 149 casos da infec\u00e7\u00e3o,e 107 curas cl\u00ednicas, sendo que dos 32 ainda positivados,1 est\u00e1 internado em hospital pertencente a rede PEBA e 31 assintom\u00e1ticos encontram-se em isolamento domiciliar, aguardando o prazo para cura cl\u00ednica. At\u00e9 esta segunda feira (29), o munic\u00edpio registra um n\u00famero maior de curados clinicamente do que pacientes na fase ativa da doen\u00e7a. Dez \u00f3bitos foram registrados. A Secretaria de Sa\u00fade informa que a testagem est\u00e1 sendo realizada atendendo&hellip;","og_url":"https:\/\/blogdofarnesio.com.br\/?p=260919","og_site_name":"Blog do Farn\u00e9sio","article_publisher":"https:\/\/www.facebook.com\/BlogQuerSaberPolitica\/","article_published_time":"2020-06-29T22:41:46+00:00","article_modified_time":"2020-06-29T23:13:53+00:00","og_image":[{"width":680,"height":509,"url":"https:\/\/blogdofarnesio.com.br\/wp-content\/uploads\/2020\/06\/sobradinho-e1593470461603.jpg","type":"image\/jpeg"}],"author":"Farn\u00e9sio","twitter_card":"summary_large_image","twitter_misc":{"Escrito por":"Farn\u00e9sio","Est. tempo de leitura":"1 minuto"},"schema":{"@context":"https:\/\/schema.org","@graph":[{"@type":"Article","@id":"https:\/\/blogdofarnesio.com.br\/?p=260919#article","isPartOf":{"@id":"https:\/\/blogdofarnesio.com.br\/?p=260919"},"author":{"name":"Farn\u00e9sio","@id":"https:\/\/blogdofarnesio.com.br\/#\/schema\/person\/301c4acf522bccbfdb45af95b5b906a1"},"headline":"Sobradinho registra um caso do novo coronav\u00edrus, e confirma a 107\u00aa cura cl\u00ednica, nesta segunda feira (29)","datePublished":"2020-06-29T22:41:46+00:00","dateModified":"2020-06-29T23:13:53+00:00","mainEntityOfPage":{"@id":"https:\/\/blogdofarnesio.com.br\/?p=260919"},"wordCount":201,"publisher":{"@id":"https:\/\/blogdofarnesio.com.br\/#organization"},"image":{"@id":"https:\/\/blogdofarnesio.com.br\/?p=260919#primaryimage"},"thumbnailUrl":"https:\/\/blogdofarnesio.com.br\/wp-content\/uploads\/2020\/06\/sobradinho-e1593470461603.jpg","articleSection":["Sa\u00fade"],"inLanguage":"pt-BR"},{"@type":"WebPage","@id":"https:\/\/blogdofarnesio.com.br\/?p=260919","url":"https:\/\/blogdofarnesio.com.br\/?p=260919","name":"Sobradinho registra um caso do novo coronav\u00edrus, e confirma a 107\u00aa cura cl\u00ednica, nesta segunda feira (29) - Blog do Farn\u00e9sio","isPartOf":{"@id":"https:\/\/blogdofarnesio.com.br\/#website"},"primaryImageOfPage":{"@id":"https:\/\/blogdofarnesio.com.br\/?p=260919#primaryimage"},"image":{"@id":"https:\/\/blogdofarnesio.com.br\/?p=260919#primaryimage"},"thumbnailUrl":"https:\/\/blogdofarnesio.com.br\/wp-content\/uploads\/2020\/06\/sobradinho-e1593470461603.jpg","datePublished":"2020-06-29T22:41:46+00:00","dateModified":"2020-06-29T23:13:53+00:00","breadcrumb":{"@id":"https:\/\/blogdofarnesio.com.br\/?p=260919#breadcrumb"},"inLanguage":"pt-BR","potentialAction":[{"@type":"ReadAction","target":["https:\/\/blogdofarnesio.com.br\/?p=260919"]}]},{"@type":"ImageObject","inLanguage":"pt-BR","@id":"https:\/\/blogdofarnesio.com.br\/?p=260919#primaryimage","url":"https:\/\/blogdofarnesio.com.br\/wp-content\/uploads\/2020\/06\/sobradinho-e1593470461603.jpg","contentUrl":"https:\/\/blogdofarnesio.com.br\/wp-content\/uploads\/2020\/06\/sobradinho-e1593470461603.jpg","width":680,"height":509},{"@type":"BreadcrumbList","@id":"https:\/\/blogdofarnesio.com.br\/?p=260919#breadcrumb","itemListElement":[{"@type":"ListItem","position":1,"name":"In\u00edcio","item":"https:\/\/blogdofarnesio.com.br\/"},{"@type":"ListItem","position":2,"name":"Sobradinho registra um caso do novo coronav\u00edrus, e confirma a 107\u00aa cura cl\u00ednica, nesta segunda feira (29)"}]},{"@type":"WebSite","@id":"https:\/\/blogdofarnesio.com.br\/#website","url":"https:\/\/blogdofarnesio.com.br\/","name":"Blog do Farn\u00e9sio","description":"Quer Saber Pol\u00edtica?","publisher":{"@id":"https:\/\/blogdofarnesio.com.br\/#organization"},"potentialAction":[{"@type":"SearchAction","target":{"@type":"EntryPoint","urlTemplate":"https:\/\/blogdofarnesio.com.br\/?s={search_term_string}"},"query-input":{"@type":"PropertyValueSpecification","valueRequired":true,"valueName":"search_term_string"}}],"inLanguage":"pt-BR"},{"@type":"Organization","@id":"https:\/\/blogdofarnesio.com.br\/#organization","name":"Blog do Farn\u00e9sio","url":"https:\/\/blogdofarnesio.com.br\/","logo":{"@type":"ImageObject","inLanguage":"pt-BR","@id":"https:\/\/blogdofarnesio.com.br\/#\/schema\/logo\/image\/","url":"https:\/\/blogdofarnesio.com.br\/wp-content\/uploads\/2026\/03\/cropped-logo_new-1.png","contentUrl":"https:\/\/blogdofarnesio.com.br\/wp-content\/uploads\/2026\/03\/cropped-logo_new-1.png","width":881,"height":685,"caption":"Blog do Farn\u00e9sio"},"image":{"@id":"https:\/\/blogdofarnesio.com.br\/#\/schema\/logo\/image\/"},"sameAs":["https:\/\/www.facebook.com\/BlogQuerSaberPolitica\/"]},{"@type":"Person","@id":"https:\/\/blogdofarnesio.com.br\/#\/schema\/person\/301c4acf522bccbfdb45af95b5b906a1","name":"Farn\u00e9sio","image":{"@type":"ImageObject","inLanguage":"pt-BR","@id":"https:\/\/secure.gravatar.com\/avatar\/df0c9a14567c056f8ad6876ba5bbd1e3e2c48023eb6807342fc4663adf549f38?s=96&d=mm&r=g","url":"https:\/\/secure.gravatar.com\/avatar\/df0c9a14567c056f8ad6876ba5bbd1e3e2c48023eb6807342fc4663adf549f38?s=96&d=mm&r=g","contentUrl":"https:\/\/secure.gravatar.com\/avatar\/df0c9a14567c056f8ad6876ba5bbd1e3e2c48023eb6807342fc4663adf549f38?s=96&d=mm&r=g","caption":"Farn\u00e9sio"},"sameAs":["https:\/\/quersaberpolitica.com.br"],"url":"https:\/\/blogdofarnesio.com.br\/?author=1"}]}},"_links":{"self":[{"href":"https:\/\/blogdofarnesio.com.br\/index.php?rest_route=\/wp\/v2\/posts\/260919","targetHints":{"allow":["GET"]}}],"collection":[{"href":"https:\/\/blogdofarnesio.com.br\/index.php?rest_route=\/wp\/v2\/posts"}],"about":[{"href":"https:\/\/blogdofarnesio.com.br\/index.php?rest_route=\/wp\/v2\/types\/post"}],"author":[{"embeddable":true,"href":"https:\/\/blogdofarnesio.com.br\/index.php?rest_route=\/wp\/v2\/users\/1"}],"replies":[{"embeddable":true,"href":"https:\/\/blogdofarnesio.com.br\/index.php?rest_route=%2Fwp%2Fv2%2Fcomments&post=260919"}],"version-history":[{"count":0,"href":"https:\/\/blogdofarnesio.com.br\/index.php?rest_route=\/wp\/v2\/posts\/260919\/revisions"}],"wp:featuredmedia":[{"embeddable":true,"href":"https:\/\/blogdofarnesio.com.br\/index.php?rest_route=\/wp\/v2\/media\/260588"}],"wp:attachment":[{"href":"https:\/\/blogdofarnesio.com.br\/index.php?rest_route=%2Fwp%2Fv2%2Fmedia&parent=260919"}],"wp:term":[{"taxonomy":"category","embeddable":true,"href":"https:\/\/blogdofarnesio.com.br\/index.php?rest_route=%2Fwp%2Fv2%2Fcategories&post=260919"},{"taxonomy":"post_tag","embeddable":true,"href":"https:\/\/blogdofarnesio.com.br\/index.php?rest_route=%2Fwp%2Fv2%2Ftags&post=260919"}],"curies":[{"name":"wp","href":"https:\/\/api.w.org\/{rel}","templated":true}]}}