{"id":260915,"date":"2020-06-29T17:56:12","date_gmt":"2020-06-29T20:56:12","guid":{"rendered":"http:\/\/quersaberpolitica.com.br\/2016\/?p=260915"},"modified":"2020-06-29T17:56:12","modified_gmt":"2020-06-29T20:56:12","slug":"boletim-da-segunda-feira-em-juazeiro-com-54-novos-casos-da-covid-19-15-novas-curas-e-lamenta-mais-um-obito","status":"publish","type":"post","link":"https:\/\/blogdofarnesio.com.br\/?p=260915","title":{"rendered":"Boletim da segunda feira em Juazeiro com 54 novos casos  da COVID 19, 15 novas curas e lamenta mais um \u00f3bito"},"content":{"rendered":"<p>Nesta segunda-feira (29), a Secretaria da Sa\u00fade em Juazeiro informa que registra neste boletim, a confirma\u00e7\u00e3o de mais 54 casos de pacientes com a COVID 19 na cidade. Com este dado chega a 639 o n\u00famero de pacientes positivos para a doen\u00e7a. Do total de casos confirmados, cinco s\u00e3o profissionais de sa\u00fade e dois s\u00e3o da \u00e1rea de seguran\u00e7a. Todos os resultados foram por teste r\u00e1pido, os pacientes t\u00eam idades entre 1 e 63 anos, est\u00e3o em isolamento domiciliar, sem gravidade e sendo acompanhados pelas equipes de sa\u00fade do munic\u00edpio.\u00a0Juazeiro ainda registra ainda 15 recupera\u00e7\u00f5es contabilizando 201 curas cl\u00ednicas<\/p>\n<p>Sobre o \u00f3bito, a SESAU informa que o paciente \u00e9 do sexo masculino, tinha 65 anos, era hipertenso e diab\u00e9tico, estava internado em unidade hospitalar refer\u00eancia para COVID 19 em Salvador. Com este registro, Juazeiro chega a 26 \u00f3bitos decorrentes da COVID 19.<\/p>\n<p>Dos 639 casos confirmados, 347 s\u00e3o do sexo feminino, 292 do sexo masculino e deste quantitativo, 71 s\u00e3o profissionais de sa\u00fade. A Secretaria ressalta que tem 384 pessoas em isolamento domiciliar, 28 pacientes internados sendo 17 em leitos de UTI e 11 em leitos intermedi\u00e1rios, estes em unidades hospitalares pertencentes \u00e0 rede PEBA e tamb\u00e9m na UPA da cidade, unidade refer\u00eancia para COVID 19 aos juazeirenses. Nesta atualiza\u00e7\u00e3o h\u00e1 o registro de 4.618 notifica\u00e7\u00f5es, sendo que 3.881 exames j\u00e1 foram descartados por testarem negativo, e outros 98 est\u00e3o aguardando resultado ou coleta.<\/p>\n<p>Para o H1N1 n\u00e3o h\u00e1 altera\u00e7\u00e3o nos dados, permanecem as 73 notifica\u00e7\u00f5es com confirma\u00e7\u00e3o de 18 casos, incluindo dois \u00f3bitos. Os demais pacientes positivos para H1N1 est\u00e3o em seus domic\u00edlios e sem gravidade, uma vez que existe tratamento para a enfermidade. Est\u00e3o em investiga\u00e7\u00e3o 28 exames e outros 27 j\u00e1 foram descartados.<\/p>\n<p><strong>Descritivo de pacientes de Juazeiro em leitos de UTI e intermedi\u00e1rios na cidade e em hospitais refer\u00eancias para a COVID 19 atrav\u00e9s da rede PEBA, rede privada e na UPA.<\/strong><\/p>\n<p>A UPA de Juazeiro conta com oito leitos equipados com respiradores e n\u00e3o h\u00e1 nenhum paciente internado. Para atendimento intermedi\u00e1rio a unidade tem 12 leitos e dois est\u00e3o ocupados com uma taxa de 16,66% de ocupa\u00e7\u00e3o.<\/p>\n<p>Dos oito leitos de UTI em funcionalidade do Hospital Regional de Juazeiro, cinco est\u00e3o ocupados com pacientes da cidade.\u00a0 Dos 29 leitos intermedi\u00e1rios, seis est\u00e3o com pacientes de Juazeiro.<\/p>\n<p>O Hospital S\u00e3o Pedro em Remanso tem 10 leitos de UTI e cinco pacientes de Juazeiro est\u00e3o internados na unidade. Dos 30 leitos intermedi\u00e1rios, um est\u00e1 ocupado com paciente de Juazeiro. O Hospital Ernesto Sim\u00f5es em Salvador permanece com um paciente de Juazeiro em estado grave na UTI da unidade e o Hospital Espanhol tamb\u00e9m\u00a0 tem um paciente de Juazeiro internado na UTI.<\/p>\n<p>Dos cinco leitos de UTI disponibilizados pelo\u00a0 Hospital Neurocardio para atendimento a pacientes COVID 19 pelo SUS, tr\u00eas est\u00e3o com pacientes de Juazeiro e na rede privada em leitos intermedi\u00e1rios o Hospital Neurocardio tem um paciente de Juazeiro. O Hospital Memorial dos cinco leitos de UTI disponibilizados para atendimento SUS tem nesta segunda-feira dois pacientes de Juazeiro internados na unidade. O Hospital PROMATRE tem um paciente internado em leito intermedi\u00e1rio p\u00fablico.<\/p>\n<p>D\u00e9bora Sousa\/SESAU<\/p>\n","protected":false},"excerpt":{"rendered":"<p>Nesta segunda-feira (29), a Secretaria da Sa\u00fade em Juazeiro informa que registra neste boletim, a confirma\u00e7\u00e3o de mais 54 casos de pacientes com a COVID 19 na cidade. Com este dado chega a 639 o n\u00famero de pacientes positivos para a doen\u00e7a. Do total de casos confirmados, cinco s\u00e3o profissionais de sa\u00fade e dois s\u00e3o da \u00e1rea de seguran\u00e7a. Todos os resultados foram por teste r\u00e1pido, os pacientes t\u00eam idades entre 1 e 63 anos, est\u00e3o em isolamento domiciliar, sem gravidade e sendo acompanhados pelas equipes de sa\u00fade do munic\u00edpio.\u00a0Juazeiro ainda registra ainda 15 recupera\u00e7\u00f5es contabilizando 201 curas cl\u00ednicas Sobre o \u00f3bito, a SESAU informa que o paciente \u00e9 do sexo masculino, tinha 65 anos, era hipertenso e diab\u00e9tico, estava&hellip; <\/p>\n","protected":false},"author":1,"featured_media":260839,"comment_status":"closed","ping_status":"closed","sticky":false,"template":"","format":"standard","meta":{"_acf_changed":false,"footnotes":""},"categories":[4],"tags":[],"class_list":["post-260915","post","type-post","status-publish","format-standard","has-post-thumbnail","hentry","category-saude"],"acf":[],"yoast_head":"<!-- This site is optimized with the Yoast SEO plugin v27.4 - https:\/\/yoast.com\/product\/yoast-seo-wordpress\/ -->\n<title>Boletim da segunda feira em Juazeiro com 54 novos casos da COVID 19, 15 novas curas e lamenta mais um \u00f3bito - Blog do Farn\u00e9sio<\/title>\n<meta name=\"robots\" content=\"index, follow, max-snippet:-1, max-image-preview:large, max-video-preview:-1\" \/>\n<link rel=\"canonical\" href=\"https:\/\/blogdofarnesio.com.br\/?p=260915\" \/>\n<meta property=\"og:locale\" content=\"pt_BR\" \/>\n<meta property=\"og:type\" content=\"article\" \/>\n<meta property=\"og:title\" content=\"Boletim da segunda feira em Juazeiro com 54 novos casos da COVID 19, 15 novas curas e lamenta mais um \u00f3bito - Blog do Farn\u00e9sio\" \/>\n<meta property=\"og:description\" content=\"Nesta segunda-feira (29), a Secretaria da Sa\u00fade em Juazeiro informa que registra neste boletim, a confirma\u00e7\u00e3o de mais 54 casos de pacientes com a COVID 19 na cidade. Com este dado chega a 639 o n\u00famero de pacientes positivos para a doen\u00e7a. Do total de casos confirmados, cinco s\u00e3o profissionais de sa\u00fade e dois s\u00e3o da \u00e1rea de seguran\u00e7a. Todos os resultados foram por teste r\u00e1pido, os pacientes t\u00eam idades entre 1 e 63 anos, est\u00e3o em isolamento domiciliar, sem gravidade e sendo acompanhados pelas equipes de sa\u00fade do munic\u00edpio.\u00a0Juazeiro ainda registra ainda 15 recupera\u00e7\u00f5es contabilizando 201 curas cl\u00ednicas Sobre o \u00f3bito, a SESAU informa que o paciente \u00e9 do sexo masculino, tinha 65 anos, era hipertenso e diab\u00e9tico, estava&hellip;\" \/>\n<meta property=\"og:url\" content=\"https:\/\/blogdofarnesio.com.br\/?p=260915\" \/>\n<meta property=\"og:site_name\" content=\"Blog do Farn\u00e9sio\" \/>\n<meta property=\"article:publisher\" content=\"https:\/\/www.facebook.com\/BlogQuerSaberPolitica\/\" \/>\n<meta property=\"article:published_time\" content=\"2020-06-29T20:56:12+00:00\" \/>\n<meta property=\"og:image\" content=\"https:\/\/blogdofarnesio.com.br\/wp-content\/uploads\/2020\/06\/blogqspjuazeiro-panoramica-Foto-Farn\u00e9sio-Silva-2-e1593464048893.jpg\" \/>\n\t<meta property=\"og:image:width\" content=\"800\" \/>\n\t<meta property=\"og:image:height\" content=\"382\" \/>\n\t<meta property=\"og:image:type\" content=\"image\/jpeg\" \/>\n<meta name=\"author\" content=\"Farn\u00e9sio\" \/>\n<meta name=\"twitter:card\" content=\"summary_large_image\" \/>\n<meta name=\"twitter:label1\" content=\"Escrito por\" \/>\n\t<meta name=\"twitter:data1\" content=\"Farn\u00e9sio\" \/>\n\t<meta name=\"twitter:label2\" content=\"Est. tempo de leitura\" \/>\n\t<meta name=\"twitter:data2\" content=\"3 minutos\" \/>\n<script type=\"application\/ld+json\" class=\"yoast-schema-graph\">{\"@context\":\"https:\\\/\\\/schema.org\",\"@graph\":[{\"@type\":\"Article\",\"@id\":\"https:\\\/\\\/blogdofarnesio.com.br\\\/?p=260915#article\",\"isPartOf\":{\"@id\":\"https:\\\/\\\/blogdofarnesio.com.br\\\/?p=260915\"},\"author\":{\"name\":\"Farn\u00e9sio\",\"@id\":\"https:\\\/\\\/blogdofarnesio.com.br\\\/#\\\/schema\\\/person\\\/301c4acf522bccbfdb45af95b5b906a1\"},\"headline\":\"Boletim da segunda feira em Juazeiro com 54 novos casos da COVID 19, 15 novas curas e lamenta mais um \u00f3bito\",\"datePublished\":\"2020-06-29T20:56:12+00:00\",\"mainEntityOfPage\":{\"@id\":\"https:\\\/\\\/blogdofarnesio.com.br\\\/?p=260915\"},\"wordCount\":557,\"publisher\":{\"@id\":\"https:\\\/\\\/blogdofarnesio.com.br\\\/#organization\"},\"image\":{\"@id\":\"https:\\\/\\\/blogdofarnesio.com.br\\\/?p=260915#primaryimage\"},\"thumbnailUrl\":\"https:\\\/\\\/blogdofarnesio.com.br\\\/wp-content\\\/uploads\\\/2020\\\/06\\\/blogqspjuazeiro-panoramica-Foto-Farn\u00e9sio-Silva-2-e1593464048893.jpg\",\"articleSection\":[\"Sa\u00fade\"],\"inLanguage\":\"pt-BR\"},{\"@type\":\"WebPage\",\"@id\":\"https:\\\/\\\/blogdofarnesio.com.br\\\/?p=260915\",\"url\":\"https:\\\/\\\/blogdofarnesio.com.br\\\/?p=260915\",\"name\":\"Boletim da segunda feira em Juazeiro com 54 novos casos da COVID 19, 15 novas curas e lamenta mais um \u00f3bito - Blog do Farn\u00e9sio\",\"isPartOf\":{\"@id\":\"https:\\\/\\\/blogdofarnesio.com.br\\\/#website\"},\"primaryImageOfPage\":{\"@id\":\"https:\\\/\\\/blogdofarnesio.com.br\\\/?p=260915#primaryimage\"},\"image\":{\"@id\":\"https:\\\/\\\/blogdofarnesio.com.br\\\/?p=260915#primaryimage\"},\"thumbnailUrl\":\"https:\\\/\\\/blogdofarnesio.com.br\\\/wp-content\\\/uploads\\\/2020\\\/06\\\/blogqspjuazeiro-panoramica-Foto-Farn\u00e9sio-Silva-2-e1593464048893.jpg\",\"datePublished\":\"2020-06-29T20:56:12+00:00\",\"breadcrumb\":{\"@id\":\"https:\\\/\\\/blogdofarnesio.com.br\\\/?p=260915#breadcrumb\"},\"inLanguage\":\"pt-BR\",\"potentialAction\":[{\"@type\":\"ReadAction\",\"target\":[\"https:\\\/\\\/blogdofarnesio.com.br\\\/?p=260915\"]}]},{\"@type\":\"ImageObject\",\"inLanguage\":\"pt-BR\",\"@id\":\"https:\\\/\\\/blogdofarnesio.com.br\\\/?p=260915#primaryimage\",\"url\":\"https:\\\/\\\/blogdofarnesio.com.br\\\/wp-content\\\/uploads\\\/2020\\\/06\\\/blogqspjuazeiro-panoramica-Foto-Farn\u00e9sio-Silva-2-e1593464048893.jpg\",\"contentUrl\":\"https:\\\/\\\/blogdofarnesio.com.br\\\/wp-content\\\/uploads\\\/2020\\\/06\\\/blogqspjuazeiro-panoramica-Foto-Farn\u00e9sio-Silva-2-e1593464048893.jpg\",\"width\":800,\"height\":382,\"caption\":\"Juazeiro BA Foto Farn\u00e9sio Silva\"},{\"@type\":\"BreadcrumbList\",\"@id\":\"https:\\\/\\\/blogdofarnesio.com.br\\\/?p=260915#breadcrumb\",\"itemListElement\":[{\"@type\":\"ListItem\",\"position\":1,\"name\":\"In\u00edcio\",\"item\":\"https:\\\/\\\/blogdofarnesio.com.br\\\/\"},{\"@type\":\"ListItem\",\"position\":2,\"name\":\"Boletim da segunda feira em Juazeiro com 54 novos casos da COVID 19, 15 novas curas e lamenta mais um \u00f3bito\"}]},{\"@type\":\"WebSite\",\"@id\":\"https:\\\/\\\/blogdofarnesio.com.br\\\/#website\",\"url\":\"https:\\\/\\\/blogdofarnesio.com.br\\\/\",\"name\":\"Blog do Farn\u00e9sio\",\"description\":\"Quer Saber Pol\u00edtica?\",\"publisher\":{\"@id\":\"https:\\\/\\\/blogdofarnesio.com.br\\\/#organization\"},\"potentialAction\":[{\"@type\":\"SearchAction\",\"target\":{\"@type\":\"EntryPoint\",\"urlTemplate\":\"https:\\\/\\\/blogdofarnesio.com.br\\\/?s={search_term_string}\"},\"query-input\":{\"@type\":\"PropertyValueSpecification\",\"valueRequired\":true,\"valueName\":\"search_term_string\"}}],\"inLanguage\":\"pt-BR\"},{\"@type\":\"Organization\",\"@id\":\"https:\\\/\\\/blogdofarnesio.com.br\\\/#organization\",\"name\":\"Blog do Farn\u00e9sio\",\"url\":\"https:\\\/\\\/blogdofarnesio.com.br\\\/\",\"logo\":{\"@type\":\"ImageObject\",\"inLanguage\":\"pt-BR\",\"@id\":\"https:\\\/\\\/blogdofarnesio.com.br\\\/#\\\/schema\\\/logo\\\/image\\\/\",\"url\":\"https:\\\/\\\/blogdofarnesio.com.br\\\/wp-content\\\/uploads\\\/2026\\\/03\\\/cropped-logo_new-1.png\",\"contentUrl\":\"https:\\\/\\\/blogdofarnesio.com.br\\\/wp-content\\\/uploads\\\/2026\\\/03\\\/cropped-logo_new-1.png\",\"width\":881,\"height\":685,\"caption\":\"Blog do Farn\u00e9sio\"},\"image\":{\"@id\":\"https:\\\/\\\/blogdofarnesio.com.br\\\/#\\\/schema\\\/logo\\\/image\\\/\"},\"sameAs\":[\"https:\\\/\\\/www.facebook.com\\\/BlogQuerSaberPolitica\\\/\"]},{\"@type\":\"Person\",\"@id\":\"https:\\\/\\\/blogdofarnesio.com.br\\\/#\\\/schema\\\/person\\\/301c4acf522bccbfdb45af95b5b906a1\",\"name\":\"Farn\u00e9sio\",\"image\":{\"@type\":\"ImageObject\",\"inLanguage\":\"pt-BR\",\"@id\":\"https:\\\/\\\/secure.gravatar.com\\\/avatar\\\/df0c9a14567c056f8ad6876ba5bbd1e3e2c48023eb6807342fc4663adf549f38?s=96&d=mm&r=g\",\"url\":\"https:\\\/\\\/secure.gravatar.com\\\/avatar\\\/df0c9a14567c056f8ad6876ba5bbd1e3e2c48023eb6807342fc4663adf549f38?s=96&d=mm&r=g\",\"contentUrl\":\"https:\\\/\\\/secure.gravatar.com\\\/avatar\\\/df0c9a14567c056f8ad6876ba5bbd1e3e2c48023eb6807342fc4663adf549f38?s=96&d=mm&r=g\",\"caption\":\"Farn\u00e9sio\"},\"sameAs\":[\"https:\\\/\\\/quersaberpolitica.com.br\"],\"url\":\"https:\\\/\\\/blogdofarnesio.com.br\\\/?author=1\"}]}<\/script>\n<!-- \/ Yoast SEO plugin. -->","yoast_head_json":{"title":"Boletim da segunda feira em Juazeiro com 54 novos casos da COVID 19, 15 novas curas e lamenta mais um \u00f3bito - Blog do Farn\u00e9sio","robots":{"index":"index","follow":"follow","max-snippet":"max-snippet:-1","max-image-preview":"max-image-preview:large","max-video-preview":"max-video-preview:-1"},"canonical":"https:\/\/blogdofarnesio.com.br\/?p=260915","og_locale":"pt_BR","og_type":"article","og_title":"Boletim da segunda feira em Juazeiro com 54 novos casos da COVID 19, 15 novas curas e lamenta mais um \u00f3bito - Blog do Farn\u00e9sio","og_description":"Nesta segunda-feira (29), a Secretaria da Sa\u00fade em Juazeiro informa que registra neste boletim, a confirma\u00e7\u00e3o de mais 54 casos de pacientes com a COVID 19 na cidade. Com este dado chega a 639 o n\u00famero de pacientes positivos para a doen\u00e7a. Do total de casos confirmados, cinco s\u00e3o profissionais de sa\u00fade e dois s\u00e3o da \u00e1rea de seguran\u00e7a. Todos os resultados foram por teste r\u00e1pido, os pacientes t\u00eam idades entre 1 e 63 anos, est\u00e3o em isolamento domiciliar, sem gravidade e sendo acompanhados pelas equipes de sa\u00fade do munic\u00edpio.\u00a0Juazeiro ainda registra ainda 15 recupera\u00e7\u00f5es contabilizando 201 curas cl\u00ednicas Sobre o \u00f3bito, a SESAU informa que o paciente \u00e9 do sexo masculino, tinha 65 anos, era hipertenso e diab\u00e9tico, estava&hellip;","og_url":"https:\/\/blogdofarnesio.com.br\/?p=260915","og_site_name":"Blog do Farn\u00e9sio","article_publisher":"https:\/\/www.facebook.com\/BlogQuerSaberPolitica\/","article_published_time":"2020-06-29T20:56:12+00:00","og_image":[{"width":800,"height":382,"url":"https:\/\/blogdofarnesio.com.br\/wp-content\/uploads\/2020\/06\/blogqspjuazeiro-panoramica-Foto-Farn\u00e9sio-Silva-2-e1593464048893.jpg","type":"image\/jpeg"}],"author":"Farn\u00e9sio","twitter_card":"summary_large_image","twitter_misc":{"Escrito por":"Farn\u00e9sio","Est. tempo de leitura":"3 minutos"},"schema":{"@context":"https:\/\/schema.org","@graph":[{"@type":"Article","@id":"https:\/\/blogdofarnesio.com.br\/?p=260915#article","isPartOf":{"@id":"https:\/\/blogdofarnesio.com.br\/?p=260915"},"author":{"name":"Farn\u00e9sio","@id":"https:\/\/blogdofarnesio.com.br\/#\/schema\/person\/301c4acf522bccbfdb45af95b5b906a1"},"headline":"Boletim da segunda feira em Juazeiro com 54 novos casos da COVID 19, 15 novas curas e lamenta mais um \u00f3bito","datePublished":"2020-06-29T20:56:12+00:00","mainEntityOfPage":{"@id":"https:\/\/blogdofarnesio.com.br\/?p=260915"},"wordCount":557,"publisher":{"@id":"https:\/\/blogdofarnesio.com.br\/#organization"},"image":{"@id":"https:\/\/blogdofarnesio.com.br\/?p=260915#primaryimage"},"thumbnailUrl":"https:\/\/blogdofarnesio.com.br\/wp-content\/uploads\/2020\/06\/blogqspjuazeiro-panoramica-Foto-Farn\u00e9sio-Silva-2-e1593464048893.jpg","articleSection":["Sa\u00fade"],"inLanguage":"pt-BR"},{"@type":"WebPage","@id":"https:\/\/blogdofarnesio.com.br\/?p=260915","url":"https:\/\/blogdofarnesio.com.br\/?p=260915","name":"Boletim da segunda feira em Juazeiro com 54 novos casos da COVID 19, 15 novas curas e lamenta mais um \u00f3bito - Blog do Farn\u00e9sio","isPartOf":{"@id":"https:\/\/blogdofarnesio.com.br\/#website"},"primaryImageOfPage":{"@id":"https:\/\/blogdofarnesio.com.br\/?p=260915#primaryimage"},"image":{"@id":"https:\/\/blogdofarnesio.com.br\/?p=260915#primaryimage"},"thumbnailUrl":"https:\/\/blogdofarnesio.com.br\/wp-content\/uploads\/2020\/06\/blogqspjuazeiro-panoramica-Foto-Farn\u00e9sio-Silva-2-e1593464048893.jpg","datePublished":"2020-06-29T20:56:12+00:00","breadcrumb":{"@id":"https:\/\/blogdofarnesio.com.br\/?p=260915#breadcrumb"},"inLanguage":"pt-BR","potentialAction":[{"@type":"ReadAction","target":["https:\/\/blogdofarnesio.com.br\/?p=260915"]}]},{"@type":"ImageObject","inLanguage":"pt-BR","@id":"https:\/\/blogdofarnesio.com.br\/?p=260915#primaryimage","url":"https:\/\/blogdofarnesio.com.br\/wp-content\/uploads\/2020\/06\/blogqspjuazeiro-panoramica-Foto-Farn\u00e9sio-Silva-2-e1593464048893.jpg","contentUrl":"https:\/\/blogdofarnesio.com.br\/wp-content\/uploads\/2020\/06\/blogqspjuazeiro-panoramica-Foto-Farn\u00e9sio-Silva-2-e1593464048893.jpg","width":800,"height":382,"caption":"Juazeiro BA Foto Farn\u00e9sio Silva"},{"@type":"BreadcrumbList","@id":"https:\/\/blogdofarnesio.com.br\/?p=260915#breadcrumb","itemListElement":[{"@type":"ListItem","position":1,"name":"In\u00edcio","item":"https:\/\/blogdofarnesio.com.br\/"},{"@type":"ListItem","position":2,"name":"Boletim da segunda feira em Juazeiro com 54 novos casos da COVID 19, 15 novas curas e lamenta mais um \u00f3bito"}]},{"@type":"WebSite","@id":"https:\/\/blogdofarnesio.com.br\/#website","url":"https:\/\/blogdofarnesio.com.br\/","name":"Blog do Farn\u00e9sio","description":"Quer Saber Pol\u00edtica?","publisher":{"@id":"https:\/\/blogdofarnesio.com.br\/#organization"},"potentialAction":[{"@type":"SearchAction","target":{"@type":"EntryPoint","urlTemplate":"https:\/\/blogdofarnesio.com.br\/?s={search_term_string}"},"query-input":{"@type":"PropertyValueSpecification","valueRequired":true,"valueName":"search_term_string"}}],"inLanguage":"pt-BR"},{"@type":"Organization","@id":"https:\/\/blogdofarnesio.com.br\/#organization","name":"Blog do Farn\u00e9sio","url":"https:\/\/blogdofarnesio.com.br\/","logo":{"@type":"ImageObject","inLanguage":"pt-BR","@id":"https:\/\/blogdofarnesio.com.br\/#\/schema\/logo\/image\/","url":"https:\/\/blogdofarnesio.com.br\/wp-content\/uploads\/2026\/03\/cropped-logo_new-1.png","contentUrl":"https:\/\/blogdofarnesio.com.br\/wp-content\/uploads\/2026\/03\/cropped-logo_new-1.png","width":881,"height":685,"caption":"Blog do Farn\u00e9sio"},"image":{"@id":"https:\/\/blogdofarnesio.com.br\/#\/schema\/logo\/image\/"},"sameAs":["https:\/\/www.facebook.com\/BlogQuerSaberPolitica\/"]},{"@type":"Person","@id":"https:\/\/blogdofarnesio.com.br\/#\/schema\/person\/301c4acf522bccbfdb45af95b5b906a1","name":"Farn\u00e9sio","image":{"@type":"ImageObject","inLanguage":"pt-BR","@id":"https:\/\/secure.gravatar.com\/avatar\/df0c9a14567c056f8ad6876ba5bbd1e3e2c48023eb6807342fc4663adf549f38?s=96&d=mm&r=g","url":"https:\/\/secure.gravatar.com\/avatar\/df0c9a14567c056f8ad6876ba5bbd1e3e2c48023eb6807342fc4663adf549f38?s=96&d=mm&r=g","contentUrl":"https:\/\/secure.gravatar.com\/avatar\/df0c9a14567c056f8ad6876ba5bbd1e3e2c48023eb6807342fc4663adf549f38?s=96&d=mm&r=g","caption":"Farn\u00e9sio"},"sameAs":["https:\/\/quersaberpolitica.com.br"],"url":"https:\/\/blogdofarnesio.com.br\/?author=1"}]}},"_links":{"self":[{"href":"https:\/\/blogdofarnesio.com.br\/index.php?rest_route=\/wp\/v2\/posts\/260915","targetHints":{"allow":["GET"]}}],"collection":[{"href":"https:\/\/blogdofarnesio.com.br\/index.php?rest_route=\/wp\/v2\/posts"}],"about":[{"href":"https:\/\/blogdofarnesio.com.br\/index.php?rest_route=\/wp\/v2\/types\/post"}],"author":[{"embeddable":true,"href":"https:\/\/blogdofarnesio.com.br\/index.php?rest_route=\/wp\/v2\/users\/1"}],"replies":[{"embeddable":true,"href":"https:\/\/blogdofarnesio.com.br\/index.php?rest_route=%2Fwp%2Fv2%2Fcomments&post=260915"}],"version-history":[{"count":0,"href":"https:\/\/blogdofarnesio.com.br\/index.php?rest_route=\/wp\/v2\/posts\/260915\/revisions"}],"wp:featuredmedia":[{"embeddable":true,"href":"https:\/\/blogdofarnesio.com.br\/index.php?rest_route=\/wp\/v2\/media\/260839"}],"wp:attachment":[{"href":"https:\/\/blogdofarnesio.com.br\/index.php?rest_route=%2Fwp%2Fv2%2Fmedia&parent=260915"}],"wp:term":[{"taxonomy":"category","embeddable":true,"href":"https:\/\/blogdofarnesio.com.br\/index.php?rest_route=%2Fwp%2Fv2%2Fcategories&post=260915"},{"taxonomy":"post_tag","embeddable":true,"href":"https:\/\/blogdofarnesio.com.br\/index.php?rest_route=%2Fwp%2Fv2%2Ftags&post=260915"}],"curies":[{"name":"wp","href":"https:\/\/api.w.org\/{rel}","templated":true}]}}