{"id":260911,"date":"2020-06-30T07:20:50","date_gmt":"2020-06-30T10:20:50","guid":{"rendered":"http:\/\/quersaberpolitica.com.br\/2016\/?p=260911"},"modified":"2020-06-29T15:10:56","modified_gmt":"2020-06-29T18:10:56","slug":"atencao-hoje-e-o-ultimo-dia-da-campanha-de-vacinacao-contra-gripe-influenza","status":"publish","type":"post","link":"https:\/\/blogdofarnesio.com.br\/?p=260911","title":{"rendered":"Aten\u00e7\u00e3o !!! Hoje \u00e9 o \u00faltimo dia da Campanha de vacina\u00e7\u00e3o contra gripe (Influenza)"},"content":{"rendered":"<p>A Prefeitura de Juazeiro atrav\u00e9s da Secretaria da Sa\u00fade (SESAU) informa que a Campanha Nacional de Vacina\u00e7\u00e3o contra Influenza ser\u00e1 encerrada no munic\u00edpio nesta ter\u00e7a-feira (30). As vacinas, que est\u00e3o sendo aplicadas nas Unidades B\u00e1sicas de Sa\u00fade, sede e interior, est\u00e3o dispon\u00edveis para todos os p\u00fablicos alvos contemplados ao longo da campanha. A SESAU ressalta que at\u00e9 o momento, apenas a meta de vacina\u00e7\u00e3o para idosos e profissionais de sa\u00fade foi atingida.<\/p>\n<p>Al\u00e9m dos idosos e profissionais de sa\u00fade, funcion\u00e1rios do sistema prisional, popula\u00e7\u00e3o ind\u00edgena e a privada de liberdade, professores, profissionais das for\u00e7as de seguran\u00e7a e salvamento, portadores de doen\u00e7as cr\u00f4nicas e outras cl\u00ednicas especiais, crian\u00e7as de 6 meses a menores de 6 anos (5 anos,11 meses e 29 dias), mulheres gr\u00e1vidas, m\u00e3es no p\u00f3s-parto, jovens de 12 a 21 anos sob medida socioeducativa, pessoas com 55 anos ou mais e pessoas com defici\u00eancias devem procurar os postos de sa\u00fade para vacina\u00e7\u00e3o.<\/p>\n<p>O superintendente de Aten\u00e7\u00e3o B\u00e1sica, Gilberto Lib\u00f3rio, ressalta que \u201ctodas as pessoas que estiverem inclu\u00eddas nesses grupos priorit\u00e1rios precisam procurar as unidades de sa\u00fade do munic\u00edpio para serem vacinadas. \u00c9 essencial diante do cen\u00e1rio de pandemia que vivenciamos que o maior n\u00famero de pessoas seja imunizado e que possamos atingir todas as metas de vacina\u00e7\u00e3o. Importante lembrar que essa vacina n\u00e3o protege contra o coronav\u00edrus, mas\u00a0auxilia os profissionais de sa\u00fade na exclus\u00e3o do\u00a0diagn\u00f3stico\u00a0da gripe, uma vez que os sintomas s\u00e3o parecidos\u201d, frisou.<\/p>\n<p>Na sede, a vacina\u00e7\u00e3o acontece nos postos de sa\u00fade nos dois turnos e na zona rural no per\u00edodo da manh\u00e3. A SESAU lembra que para realizar a imuniza\u00e7\u00e3o \u00e9 necess\u00e1rio apresentar documento oficial com foto, cart\u00e3o do SUS e caderneta de\u00a0vacina\u00e7\u00e3o, caso n\u00e3o disponha desta \u00faltima, os profissionais da unidade emitir\u00e3o na hora.<\/p>\n","protected":false},"excerpt":{"rendered":"<p>A Prefeitura de Juazeiro atrav\u00e9s da Secretaria da Sa\u00fade (SESAU) informa que a Campanha Nacional de Vacina\u00e7\u00e3o contra Influenza ser\u00e1 encerrada no munic\u00edpio nesta ter\u00e7a-feira (30). As vacinas, que est\u00e3o sendo aplicadas nas Unidades B\u00e1sicas de Sa\u00fade, sede e interior, est\u00e3o dispon\u00edveis para todos os p\u00fablicos alvos contemplados ao longo da campanha. A SESAU ressalta que at\u00e9 o momento, apenas a meta de vacina\u00e7\u00e3o para idosos e profissionais de sa\u00fade foi atingida. Al\u00e9m dos idosos e profissionais de sa\u00fade, funcion\u00e1rios do sistema prisional, popula\u00e7\u00e3o ind\u00edgena e a privada de liberdade, professores, profissionais das for\u00e7as de seguran\u00e7a e salvamento, portadores de doen\u00e7as cr\u00f4nicas e outras cl\u00ednicas especiais, crian\u00e7as de 6 meses a menores de 6 anos (5 anos,11 meses e 29&hellip; <\/p>\n","protected":false},"author":1,"featured_media":36883,"comment_status":"closed","ping_status":"closed","sticky":false,"template":"","format":"standard","meta":{"_acf_changed":false,"footnotes":""},"categories":[4],"tags":[],"class_list":["post-260911","post","type-post","status-publish","format-standard","has-post-thumbnail","hentry","category-saude"],"acf":[],"yoast_head":"<!-- This site is optimized with the Yoast SEO plugin v27.4 - https:\/\/yoast.com\/product\/yoast-seo-wordpress\/ -->\n<title>Aten\u00e7\u00e3o !!! Hoje \u00e9 o \u00faltimo dia da Campanha de vacina\u00e7\u00e3o contra gripe (Influenza) - Blog do Farn\u00e9sio<\/title>\n<meta name=\"robots\" content=\"index, follow, max-snippet:-1, max-image-preview:large, max-video-preview:-1\" \/>\n<link rel=\"canonical\" href=\"https:\/\/blogdofarnesio.com.br\/?p=260911\" \/>\n<meta property=\"og:locale\" content=\"pt_BR\" \/>\n<meta property=\"og:type\" content=\"article\" \/>\n<meta property=\"og:title\" content=\"Aten\u00e7\u00e3o !!! Hoje \u00e9 o \u00faltimo dia da Campanha de vacina\u00e7\u00e3o contra gripe (Influenza) - Blog do Farn\u00e9sio\" \/>\n<meta property=\"og:description\" content=\"A Prefeitura de Juazeiro atrav\u00e9s da Secretaria da Sa\u00fade (SESAU) informa que a Campanha Nacional de Vacina\u00e7\u00e3o contra Influenza ser\u00e1 encerrada no munic\u00edpio nesta ter\u00e7a-feira (30). As vacinas, que est\u00e3o sendo aplicadas nas Unidades B\u00e1sicas de Sa\u00fade, sede e interior, est\u00e3o dispon\u00edveis para todos os p\u00fablicos alvos contemplados ao longo da campanha. A SESAU ressalta que at\u00e9 o momento, apenas a meta de vacina\u00e7\u00e3o para idosos e profissionais de sa\u00fade foi atingida. Al\u00e9m dos idosos e profissionais de sa\u00fade, funcion\u00e1rios do sistema prisional, popula\u00e7\u00e3o ind\u00edgena e a privada de liberdade, professores, profissionais das for\u00e7as de seguran\u00e7a e salvamento, portadores de doen\u00e7as cr\u00f4nicas e outras cl\u00ednicas especiais, crian\u00e7as de 6 meses a menores de 6 anos (5 anos,11 meses e 29&hellip;\" \/>\n<meta property=\"og:url\" content=\"https:\/\/blogdofarnesio.com.br\/?p=260911\" \/>\n<meta property=\"og:site_name\" content=\"Blog do Farn\u00e9sio\" \/>\n<meta property=\"article:publisher\" content=\"https:\/\/www.facebook.com\/BlogQuerSaberPolitica\/\" \/>\n<meta property=\"article:published_time\" content=\"2020-06-30T10:20:50+00:00\" \/>\n<meta property=\"og:image\" content=\"https:\/\/blogdofarnesio.com.br\/wp-content\/uploads\/2013\/04\/BLOgqs.gripe_.jpg\" \/>\n\t<meta property=\"og:image:width\" content=\"403\" \/>\n\t<meta property=\"og:image:height\" content=\"314\" \/>\n\t<meta property=\"og:image:type\" content=\"image\/jpeg\" \/>\n<meta name=\"author\" content=\"Farn\u00e9sio\" \/>\n<meta name=\"twitter:card\" content=\"summary_large_image\" \/>\n<meta name=\"twitter:label1\" content=\"Escrito por\" \/>\n\t<meta name=\"twitter:data1\" content=\"Farn\u00e9sio\" \/>\n\t<meta name=\"twitter:label2\" content=\"Est. tempo de leitura\" \/>\n\t<meta name=\"twitter:data2\" content=\"2 minutos\" \/>\n<script type=\"application\/ld+json\" class=\"yoast-schema-graph\">{\"@context\":\"https:\\\/\\\/schema.org\",\"@graph\":[{\"@type\":\"Article\",\"@id\":\"https:\\\/\\\/blogdofarnesio.com.br\\\/?p=260911#article\",\"isPartOf\":{\"@id\":\"https:\\\/\\\/blogdofarnesio.com.br\\\/?p=260911\"},\"author\":{\"name\":\"Farn\u00e9sio\",\"@id\":\"https:\\\/\\\/blogdofarnesio.com.br\\\/#\\\/schema\\\/person\\\/301c4acf522bccbfdb45af95b5b906a1\"},\"headline\":\"Aten\u00e7\u00e3o !!! Hoje \u00e9 o \u00faltimo dia da Campanha de vacina\u00e7\u00e3o contra gripe (Influenza)\",\"datePublished\":\"2020-06-30T10:20:50+00:00\",\"mainEntityOfPage\":{\"@id\":\"https:\\\/\\\/blogdofarnesio.com.br\\\/?p=260911\"},\"wordCount\":351,\"publisher\":{\"@id\":\"https:\\\/\\\/blogdofarnesio.com.br\\\/#organization\"},\"image\":{\"@id\":\"https:\\\/\\\/blogdofarnesio.com.br\\\/?p=260911#primaryimage\"},\"thumbnailUrl\":\"https:\\\/\\\/blogdofarnesio.com.br\\\/wp-content\\\/uploads\\\/2013\\\/04\\\/BLOgqs.gripe_.jpg\",\"articleSection\":[\"Sa\u00fade\"],\"inLanguage\":\"pt-BR\"},{\"@type\":\"WebPage\",\"@id\":\"https:\\\/\\\/blogdofarnesio.com.br\\\/?p=260911\",\"url\":\"https:\\\/\\\/blogdofarnesio.com.br\\\/?p=260911\",\"name\":\"Aten\u00e7\u00e3o !!! Hoje \u00e9 o \u00faltimo dia da Campanha de vacina\u00e7\u00e3o contra gripe (Influenza) - Blog do Farn\u00e9sio\",\"isPartOf\":{\"@id\":\"https:\\\/\\\/blogdofarnesio.com.br\\\/#website\"},\"primaryImageOfPage\":{\"@id\":\"https:\\\/\\\/blogdofarnesio.com.br\\\/?p=260911#primaryimage\"},\"image\":{\"@id\":\"https:\\\/\\\/blogdofarnesio.com.br\\\/?p=260911#primaryimage\"},\"thumbnailUrl\":\"https:\\\/\\\/blogdofarnesio.com.br\\\/wp-content\\\/uploads\\\/2013\\\/04\\\/BLOgqs.gripe_.jpg\",\"datePublished\":\"2020-06-30T10:20:50+00:00\",\"breadcrumb\":{\"@id\":\"https:\\\/\\\/blogdofarnesio.com.br\\\/?p=260911#breadcrumb\"},\"inLanguage\":\"pt-BR\",\"potentialAction\":[{\"@type\":\"ReadAction\",\"target\":[\"https:\\\/\\\/blogdofarnesio.com.br\\\/?p=260911\"]}]},{\"@type\":\"ImageObject\",\"inLanguage\":\"pt-BR\",\"@id\":\"https:\\\/\\\/blogdofarnesio.com.br\\\/?p=260911#primaryimage\",\"url\":\"https:\\\/\\\/blogdofarnesio.com.br\\\/wp-content\\\/uploads\\\/2013\\\/04\\\/BLOgqs.gripe_.jpg\",\"contentUrl\":\"https:\\\/\\\/blogdofarnesio.com.br\\\/wp-content\\\/uploads\\\/2013\\\/04\\\/BLOgqs.gripe_.jpg\",\"width\":403,\"height\":314},{\"@type\":\"BreadcrumbList\",\"@id\":\"https:\\\/\\\/blogdofarnesio.com.br\\\/?p=260911#breadcrumb\",\"itemListElement\":[{\"@type\":\"ListItem\",\"position\":1,\"name\":\"In\u00edcio\",\"item\":\"https:\\\/\\\/blogdofarnesio.com.br\\\/\"},{\"@type\":\"ListItem\",\"position\":2,\"name\":\"Aten\u00e7\u00e3o !!! Hoje \u00e9 o \u00faltimo dia da Campanha de vacina\u00e7\u00e3o contra gripe (Influenza)\"}]},{\"@type\":\"WebSite\",\"@id\":\"https:\\\/\\\/blogdofarnesio.com.br\\\/#website\",\"url\":\"https:\\\/\\\/blogdofarnesio.com.br\\\/\",\"name\":\"Blog do Farn\u00e9sio\",\"description\":\"Quer Saber Pol\u00edtica?\",\"publisher\":{\"@id\":\"https:\\\/\\\/blogdofarnesio.com.br\\\/#organization\"},\"potentialAction\":[{\"@type\":\"SearchAction\",\"target\":{\"@type\":\"EntryPoint\",\"urlTemplate\":\"https:\\\/\\\/blogdofarnesio.com.br\\\/?s={search_term_string}\"},\"query-input\":{\"@type\":\"PropertyValueSpecification\",\"valueRequired\":true,\"valueName\":\"search_term_string\"}}],\"inLanguage\":\"pt-BR\"},{\"@type\":\"Organization\",\"@id\":\"https:\\\/\\\/blogdofarnesio.com.br\\\/#organization\",\"name\":\"Blog do Farn\u00e9sio\",\"url\":\"https:\\\/\\\/blogdofarnesio.com.br\\\/\",\"logo\":{\"@type\":\"ImageObject\",\"inLanguage\":\"pt-BR\",\"@id\":\"https:\\\/\\\/blogdofarnesio.com.br\\\/#\\\/schema\\\/logo\\\/image\\\/\",\"url\":\"https:\\\/\\\/blogdofarnesio.com.br\\\/wp-content\\\/uploads\\\/2026\\\/03\\\/cropped-logo_new-1.png\",\"contentUrl\":\"https:\\\/\\\/blogdofarnesio.com.br\\\/wp-content\\\/uploads\\\/2026\\\/03\\\/cropped-logo_new-1.png\",\"width\":881,\"height\":685,\"caption\":\"Blog do Farn\u00e9sio\"},\"image\":{\"@id\":\"https:\\\/\\\/blogdofarnesio.com.br\\\/#\\\/schema\\\/logo\\\/image\\\/\"},\"sameAs\":[\"https:\\\/\\\/www.facebook.com\\\/BlogQuerSaberPolitica\\\/\"]},{\"@type\":\"Person\",\"@id\":\"https:\\\/\\\/blogdofarnesio.com.br\\\/#\\\/schema\\\/person\\\/301c4acf522bccbfdb45af95b5b906a1\",\"name\":\"Farn\u00e9sio\",\"image\":{\"@type\":\"ImageObject\",\"inLanguage\":\"pt-BR\",\"@id\":\"https:\\\/\\\/secure.gravatar.com\\\/avatar\\\/df0c9a14567c056f8ad6876ba5bbd1e3e2c48023eb6807342fc4663adf549f38?s=96&d=mm&r=g\",\"url\":\"https:\\\/\\\/secure.gravatar.com\\\/avatar\\\/df0c9a14567c056f8ad6876ba5bbd1e3e2c48023eb6807342fc4663adf549f38?s=96&d=mm&r=g\",\"contentUrl\":\"https:\\\/\\\/secure.gravatar.com\\\/avatar\\\/df0c9a14567c056f8ad6876ba5bbd1e3e2c48023eb6807342fc4663adf549f38?s=96&d=mm&r=g\",\"caption\":\"Farn\u00e9sio\"},\"sameAs\":[\"https:\\\/\\\/quersaberpolitica.com.br\"],\"url\":\"https:\\\/\\\/blogdofarnesio.com.br\\\/?author=1\"}]}<\/script>\n<!-- \/ Yoast SEO plugin. -->","yoast_head_json":{"title":"Aten\u00e7\u00e3o !!! Hoje \u00e9 o \u00faltimo dia da Campanha de vacina\u00e7\u00e3o contra gripe (Influenza) - Blog do Farn\u00e9sio","robots":{"index":"index","follow":"follow","max-snippet":"max-snippet:-1","max-image-preview":"max-image-preview:large","max-video-preview":"max-video-preview:-1"},"canonical":"https:\/\/blogdofarnesio.com.br\/?p=260911","og_locale":"pt_BR","og_type":"article","og_title":"Aten\u00e7\u00e3o !!! Hoje \u00e9 o \u00faltimo dia da Campanha de vacina\u00e7\u00e3o contra gripe (Influenza) - Blog do Farn\u00e9sio","og_description":"A Prefeitura de Juazeiro atrav\u00e9s da Secretaria da Sa\u00fade (SESAU) informa que a Campanha Nacional de Vacina\u00e7\u00e3o contra Influenza ser\u00e1 encerrada no munic\u00edpio nesta ter\u00e7a-feira (30). As vacinas, que est\u00e3o sendo aplicadas nas Unidades B\u00e1sicas de Sa\u00fade, sede e interior, est\u00e3o dispon\u00edveis para todos os p\u00fablicos alvos contemplados ao longo da campanha. A SESAU ressalta que at\u00e9 o momento, apenas a meta de vacina\u00e7\u00e3o para idosos e profissionais de sa\u00fade foi atingida. Al\u00e9m dos idosos e profissionais de sa\u00fade, funcion\u00e1rios do sistema prisional, popula\u00e7\u00e3o ind\u00edgena e a privada de liberdade, professores, profissionais das for\u00e7as de seguran\u00e7a e salvamento, portadores de doen\u00e7as cr\u00f4nicas e outras cl\u00ednicas especiais, crian\u00e7as de 6 meses a menores de 6 anos (5 anos,11 meses e 29&hellip;","og_url":"https:\/\/blogdofarnesio.com.br\/?p=260911","og_site_name":"Blog do Farn\u00e9sio","article_publisher":"https:\/\/www.facebook.com\/BlogQuerSaberPolitica\/","article_published_time":"2020-06-30T10:20:50+00:00","og_image":[{"width":403,"height":314,"url":"https:\/\/blogdofarnesio.com.br\/wp-content\/uploads\/2013\/04\/BLOgqs.gripe_.jpg","type":"image\/jpeg"}],"author":"Farn\u00e9sio","twitter_card":"summary_large_image","twitter_misc":{"Escrito por":"Farn\u00e9sio","Est. tempo de leitura":"2 minutos"},"schema":{"@context":"https:\/\/schema.org","@graph":[{"@type":"Article","@id":"https:\/\/blogdofarnesio.com.br\/?p=260911#article","isPartOf":{"@id":"https:\/\/blogdofarnesio.com.br\/?p=260911"},"author":{"name":"Farn\u00e9sio","@id":"https:\/\/blogdofarnesio.com.br\/#\/schema\/person\/301c4acf522bccbfdb45af95b5b906a1"},"headline":"Aten\u00e7\u00e3o !!! Hoje \u00e9 o \u00faltimo dia da Campanha de vacina\u00e7\u00e3o contra gripe (Influenza)","datePublished":"2020-06-30T10:20:50+00:00","mainEntityOfPage":{"@id":"https:\/\/blogdofarnesio.com.br\/?p=260911"},"wordCount":351,"publisher":{"@id":"https:\/\/blogdofarnesio.com.br\/#organization"},"image":{"@id":"https:\/\/blogdofarnesio.com.br\/?p=260911#primaryimage"},"thumbnailUrl":"https:\/\/blogdofarnesio.com.br\/wp-content\/uploads\/2013\/04\/BLOgqs.gripe_.jpg","articleSection":["Sa\u00fade"],"inLanguage":"pt-BR"},{"@type":"WebPage","@id":"https:\/\/blogdofarnesio.com.br\/?p=260911","url":"https:\/\/blogdofarnesio.com.br\/?p=260911","name":"Aten\u00e7\u00e3o !!! Hoje \u00e9 o \u00faltimo dia da Campanha de vacina\u00e7\u00e3o contra gripe (Influenza) - Blog do Farn\u00e9sio","isPartOf":{"@id":"https:\/\/blogdofarnesio.com.br\/#website"},"primaryImageOfPage":{"@id":"https:\/\/blogdofarnesio.com.br\/?p=260911#primaryimage"},"image":{"@id":"https:\/\/blogdofarnesio.com.br\/?p=260911#primaryimage"},"thumbnailUrl":"https:\/\/blogdofarnesio.com.br\/wp-content\/uploads\/2013\/04\/BLOgqs.gripe_.jpg","datePublished":"2020-06-30T10:20:50+00:00","breadcrumb":{"@id":"https:\/\/blogdofarnesio.com.br\/?p=260911#breadcrumb"},"inLanguage":"pt-BR","potentialAction":[{"@type":"ReadAction","target":["https:\/\/blogdofarnesio.com.br\/?p=260911"]}]},{"@type":"ImageObject","inLanguage":"pt-BR","@id":"https:\/\/blogdofarnesio.com.br\/?p=260911#primaryimage","url":"https:\/\/blogdofarnesio.com.br\/wp-content\/uploads\/2013\/04\/BLOgqs.gripe_.jpg","contentUrl":"https:\/\/blogdofarnesio.com.br\/wp-content\/uploads\/2013\/04\/BLOgqs.gripe_.jpg","width":403,"height":314},{"@type":"BreadcrumbList","@id":"https:\/\/blogdofarnesio.com.br\/?p=260911#breadcrumb","itemListElement":[{"@type":"ListItem","position":1,"name":"In\u00edcio","item":"https:\/\/blogdofarnesio.com.br\/"},{"@type":"ListItem","position":2,"name":"Aten\u00e7\u00e3o !!! Hoje \u00e9 o \u00faltimo dia da Campanha de vacina\u00e7\u00e3o contra gripe (Influenza)"}]},{"@type":"WebSite","@id":"https:\/\/blogdofarnesio.com.br\/#website","url":"https:\/\/blogdofarnesio.com.br\/","name":"Blog do Farn\u00e9sio","description":"Quer Saber Pol\u00edtica?","publisher":{"@id":"https:\/\/blogdofarnesio.com.br\/#organization"},"potentialAction":[{"@type":"SearchAction","target":{"@type":"EntryPoint","urlTemplate":"https:\/\/blogdofarnesio.com.br\/?s={search_term_string}"},"query-input":{"@type":"PropertyValueSpecification","valueRequired":true,"valueName":"search_term_string"}}],"inLanguage":"pt-BR"},{"@type":"Organization","@id":"https:\/\/blogdofarnesio.com.br\/#organization","name":"Blog do Farn\u00e9sio","url":"https:\/\/blogdofarnesio.com.br\/","logo":{"@type":"ImageObject","inLanguage":"pt-BR","@id":"https:\/\/blogdofarnesio.com.br\/#\/schema\/logo\/image\/","url":"https:\/\/blogdofarnesio.com.br\/wp-content\/uploads\/2026\/03\/cropped-logo_new-1.png","contentUrl":"https:\/\/blogdofarnesio.com.br\/wp-content\/uploads\/2026\/03\/cropped-logo_new-1.png","width":881,"height":685,"caption":"Blog do Farn\u00e9sio"},"image":{"@id":"https:\/\/blogdofarnesio.com.br\/#\/schema\/logo\/image\/"},"sameAs":["https:\/\/www.facebook.com\/BlogQuerSaberPolitica\/"]},{"@type":"Person","@id":"https:\/\/blogdofarnesio.com.br\/#\/schema\/person\/301c4acf522bccbfdb45af95b5b906a1","name":"Farn\u00e9sio","image":{"@type":"ImageObject","inLanguage":"pt-BR","@id":"https:\/\/secure.gravatar.com\/avatar\/df0c9a14567c056f8ad6876ba5bbd1e3e2c48023eb6807342fc4663adf549f38?s=96&d=mm&r=g","url":"https:\/\/secure.gravatar.com\/avatar\/df0c9a14567c056f8ad6876ba5bbd1e3e2c48023eb6807342fc4663adf549f38?s=96&d=mm&r=g","contentUrl":"https:\/\/secure.gravatar.com\/avatar\/df0c9a14567c056f8ad6876ba5bbd1e3e2c48023eb6807342fc4663adf549f38?s=96&d=mm&r=g","caption":"Farn\u00e9sio"},"sameAs":["https:\/\/quersaberpolitica.com.br"],"url":"https:\/\/blogdofarnesio.com.br\/?author=1"}]}},"_links":{"self":[{"href":"https:\/\/blogdofarnesio.com.br\/index.php?rest_route=\/wp\/v2\/posts\/260911","targetHints":{"allow":["GET"]}}],"collection":[{"href":"https:\/\/blogdofarnesio.com.br\/index.php?rest_route=\/wp\/v2\/posts"}],"about":[{"href":"https:\/\/blogdofarnesio.com.br\/index.php?rest_route=\/wp\/v2\/types\/post"}],"author":[{"embeddable":true,"href":"https:\/\/blogdofarnesio.com.br\/index.php?rest_route=\/wp\/v2\/users\/1"}],"replies":[{"embeddable":true,"href":"https:\/\/blogdofarnesio.com.br\/index.php?rest_route=%2Fwp%2Fv2%2Fcomments&post=260911"}],"version-history":[{"count":0,"href":"https:\/\/blogdofarnesio.com.br\/index.php?rest_route=\/wp\/v2\/posts\/260911\/revisions"}],"wp:featuredmedia":[{"embeddable":true,"href":"https:\/\/blogdofarnesio.com.br\/index.php?rest_route=\/wp\/v2\/media\/36883"}],"wp:attachment":[{"href":"https:\/\/blogdofarnesio.com.br\/index.php?rest_route=%2Fwp%2Fv2%2Fmedia&parent=260911"}],"wp:term":[{"taxonomy":"category","embeddable":true,"href":"https:\/\/blogdofarnesio.com.br\/index.php?rest_route=%2Fwp%2Fv2%2Fcategories&post=260911"},{"taxonomy":"post_tag","embeddable":true,"href":"https:\/\/blogdofarnesio.com.br\/index.php?rest_route=%2Fwp%2Fv2%2Ftags&post=260911"}],"curies":[{"name":"wp","href":"https:\/\/api.w.org\/{rel}","templated":true}]}}