{"id":260907,"date":"2020-06-29T16:00:13","date_gmt":"2020-06-29T19:00:13","guid":{"rendered":"http:\/\/quersaberpolitica.com.br\/2016\/?p=260907"},"modified":"2020-06-29T13:33:09","modified_gmt":"2020-06-29T16:33:09","slug":"vereadora-pede-prestacao-de-contas-da-camara-ao-presidente-da-casa","status":"publish","type":"post","link":"https:\/\/blogdofarnesio.com.br\/?p=260907","title":{"rendered":"Vereadora pede presta\u00e7\u00e3o de contas da C\u00e2mara ao presidente da casa"},"content":{"rendered":"<div class=\"Ah oj\">\n<div class=\"rj\">A vereadora Cristina Costa apresentou o requerimento n\u00ba 164\/2020, que solicita do Presidente da C\u00e2mara de Vereadores de Petrolina a presta\u00e7\u00e3o de contas da Casa Pl\u00ednio Amorim, com o objetivo de primar pela transpar\u00eancia das contas p\u00fablicas para com a popula\u00e7\u00e3o.<\/div>\n<\/div>\n<div class=\"Ph\" data-onclick=\"w\">\n<div id=\"cvcmsg_17300d087a0bcb94\" class=\"yh\">\n<div id=\"cvcfullmsg_17300d087a0bcb94\" class=\"Vh\">\n<div id=\"cvcmsgbod_17300d087a0bcb94\" class=\"aj\">\n<div class=\"Ni\">\n<div class=\"ni pi \" dir=\"ltr\">\n<div dir=\"ltr\"><\/div>\n<div dir=\"ltr\">A parlamentar pediu que seja detalhado todas as despesas da C\u00e2mara, desde os gastos com transportes, constando as especifica\u00e7\u00f5es das placas e modelos dos ve\u00edculos, os custos com funcion\u00e1rios pontuados nominalmente e despesas com o contrato da empresa UNIKA.<\/div>\n<div dir=\"ltr\">\n\u201cAcreditamos que com os balancetes descritos, os vereadores v\u00e3o poder analisar todas as despesas e, assim, tomarmos a decis\u00e3o de como direcionar melhor os recursos financeiros da C\u00e2mara.<\/div>\n<div dir=\"ltr\">Afinal, estamos vivenciando uma pandemia e precisamos verificar como auxiliar a popula\u00e7\u00e3o e rever os gastos p\u00fablicos.\u201d, explicou Costa.<\/p>\n<p>O requerimento foi apresentado pela vereadora na \u00faltima Sess\u00e3o virtual, ocorrida na ter\u00e7a-feira (23\/06).<\/p>\n<p>Assessoria de Imprensa<br \/>\nCristina Costa<\/p><\/div>\n<\/div>\n<\/div>\n<\/div>\n<\/div>\n<\/div>\n<\/div>\n","protected":false},"excerpt":{"rendered":"<p>A vereadora Cristina Costa apresentou o requerimento n\u00ba 164\/2020, que solicita do Presidente da C\u00e2mara de Vereadores de Petrolina a presta\u00e7\u00e3o de contas da Casa Pl\u00ednio Amorim, com o objetivo de primar pela transpar\u00eancia das contas p\u00fablicas para com a popula\u00e7\u00e3o. A parlamentar pediu que seja detalhado todas as despesas da C\u00e2mara, desde os gastos com transportes, constando as especifica\u00e7\u00f5es das placas e modelos dos ve\u00edculos, os custos com funcion\u00e1rios pontuados nominalmente e despesas com o contrato da empresa UNIKA. \u201cAcreditamos que com os balancetes descritos, os vereadores v\u00e3o poder analisar todas as despesas e, assim, tomarmos a decis\u00e3o de como direcionar melhor os recursos financeiros da C\u00e2mara. Afinal, estamos vivenciando uma pandemia e precisamos verificar como auxiliar a popula\u00e7\u00e3o&hellip; <\/p>\n","protected":false},"author":1,"featured_media":21987,"comment_status":"closed","ping_status":"closed","sticky":false,"template":"","format":"standard","meta":{"_acf_changed":false,"footnotes":""},"categories":[1],"tags":[],"class_list":["post-260907","post","type-post","status-publish","format-standard","has-post-thumbnail","hentry","category-politica"],"acf":[],"yoast_head":"<!-- This site is optimized with the Yoast SEO plugin v27.4 - https:\/\/yoast.com\/product\/yoast-seo-wordpress\/ -->\n<title>Vereadora pede presta\u00e7\u00e3o de contas da C\u00e2mara ao presidente da casa - Blog do Farn\u00e9sio<\/title>\n<meta name=\"robots\" content=\"index, follow, max-snippet:-1, max-image-preview:large, max-video-preview:-1\" \/>\n<link rel=\"canonical\" href=\"https:\/\/blogdofarnesio.com.br\/?p=260907\" \/>\n<meta property=\"og:locale\" content=\"pt_BR\" \/>\n<meta property=\"og:type\" content=\"article\" \/>\n<meta property=\"og:title\" content=\"Vereadora pede presta\u00e7\u00e3o de contas da C\u00e2mara ao presidente da casa - Blog do Farn\u00e9sio\" \/>\n<meta property=\"og:description\" content=\"A vereadora Cristina Costa apresentou o requerimento n\u00ba 164\/2020, que solicita do Presidente da C\u00e2mara de Vereadores de Petrolina a presta\u00e7\u00e3o de contas da Casa Pl\u00ednio Amorim, com o objetivo de primar pela transpar\u00eancia das contas p\u00fablicas para com a popula\u00e7\u00e3o. A parlamentar pediu que seja detalhado todas as despesas da C\u00e2mara, desde os gastos com transportes, constando as especifica\u00e7\u00f5es das placas e modelos dos ve\u00edculos, os custos com funcion\u00e1rios pontuados nominalmente e despesas com o contrato da empresa UNIKA. \u201cAcreditamos que com os balancetes descritos, os vereadores v\u00e3o poder analisar todas as despesas e, assim, tomarmos a decis\u00e3o de como direcionar melhor os recursos financeiros da C\u00e2mara. Afinal, estamos vivenciando uma pandemia e precisamos verificar como auxiliar a popula\u00e7\u00e3o&hellip;\" \/>\n<meta property=\"og:url\" content=\"https:\/\/blogdofarnesio.com.br\/?p=260907\" \/>\n<meta property=\"og:site_name\" content=\"Blog do Farn\u00e9sio\" \/>\n<meta property=\"article:publisher\" content=\"https:\/\/www.facebook.com\/BlogQuerSaberPolitica\/\" \/>\n<meta property=\"article:published_time\" content=\"2020-06-29T19:00:13+00:00\" \/>\n<meta property=\"og:image\" content=\"https:\/\/blogdofarnesio.com.br\/wp-content\/uploads\/2013\/01\/blogqspvereosorio-Foto-Farn\u00e9sio-Silva.jpg\" \/>\n\t<meta property=\"og:image:width\" content=\"448\" \/>\n\t<meta property=\"og:image:height\" content=\"298\" \/>\n\t<meta property=\"og:image:type\" content=\"image\/jpeg\" \/>\n<meta name=\"author\" content=\"Farn\u00e9sio\" \/>\n<meta name=\"twitter:card\" content=\"summary_large_image\" \/>\n<meta name=\"twitter:label1\" content=\"Escrito por\" \/>\n\t<meta name=\"twitter:data1\" content=\"Farn\u00e9sio\" \/>\n\t<meta name=\"twitter:label2\" content=\"Est. tempo de leitura\" \/>\n\t<meta name=\"twitter:data2\" content=\"1 minuto\" \/>\n<script type=\"application\/ld+json\" class=\"yoast-schema-graph\">{\"@context\":\"https:\\\/\\\/schema.org\",\"@graph\":[{\"@type\":\"Article\",\"@id\":\"https:\\\/\\\/blogdofarnesio.com.br\\\/?p=260907#article\",\"isPartOf\":{\"@id\":\"https:\\\/\\\/blogdofarnesio.com.br\\\/?p=260907\"},\"author\":{\"name\":\"Farn\u00e9sio\",\"@id\":\"https:\\\/\\\/blogdofarnesio.com.br\\\/#\\\/schema\\\/person\\\/301c4acf522bccbfdb45af95b5b906a1\"},\"headline\":\"Vereadora pede presta\u00e7\u00e3o de contas da C\u00e2mara ao presidente da casa\",\"datePublished\":\"2020-06-29T19:00:13+00:00\",\"mainEntityOfPage\":{\"@id\":\"https:\\\/\\\/blogdofarnesio.com.br\\\/?p=260907\"},\"wordCount\":174,\"publisher\":{\"@id\":\"https:\\\/\\\/blogdofarnesio.com.br\\\/#organization\"},\"image\":{\"@id\":\"https:\\\/\\\/blogdofarnesio.com.br\\\/?p=260907#primaryimage\"},\"thumbnailUrl\":\"https:\\\/\\\/blogdofarnesio.com.br\\\/wp-content\\\/uploads\\\/2013\\\/01\\\/blogqspvereosorio-Foto-Farn\u00e9sio-Silva.jpg\",\"articleSection\":[\"Pol\u00edtica\"],\"inLanguage\":\"pt-BR\"},{\"@type\":\"WebPage\",\"@id\":\"https:\\\/\\\/blogdofarnesio.com.br\\\/?p=260907\",\"url\":\"https:\\\/\\\/blogdofarnesio.com.br\\\/?p=260907\",\"name\":\"Vereadora pede presta\u00e7\u00e3o de contas da C\u00e2mara ao presidente da casa - Blog do Farn\u00e9sio\",\"isPartOf\":{\"@id\":\"https:\\\/\\\/blogdofarnesio.com.br\\\/#website\"},\"primaryImageOfPage\":{\"@id\":\"https:\\\/\\\/blogdofarnesio.com.br\\\/?p=260907#primaryimage\"},\"image\":{\"@id\":\"https:\\\/\\\/blogdofarnesio.com.br\\\/?p=260907#primaryimage\"},\"thumbnailUrl\":\"https:\\\/\\\/blogdofarnesio.com.br\\\/wp-content\\\/uploads\\\/2013\\\/01\\\/blogqspvereosorio-Foto-Farn\u00e9sio-Silva.jpg\",\"datePublished\":\"2020-06-29T19:00:13+00:00\",\"breadcrumb\":{\"@id\":\"https:\\\/\\\/blogdofarnesio.com.br\\\/?p=260907#breadcrumb\"},\"inLanguage\":\"pt-BR\",\"potentialAction\":[{\"@type\":\"ReadAction\",\"target\":[\"https:\\\/\\\/blogdofarnesio.com.br\\\/?p=260907\"]}]},{\"@type\":\"ImageObject\",\"inLanguage\":\"pt-BR\",\"@id\":\"https:\\\/\\\/blogdofarnesio.com.br\\\/?p=260907#primaryimage\",\"url\":\"https:\\\/\\\/blogdofarnesio.com.br\\\/wp-content\\\/uploads\\\/2013\\\/01\\\/blogqspvereosorio-Foto-Farn\u00e9sio-Silva.jpg\",\"contentUrl\":\"https:\\\/\\\/blogdofarnesio.com.br\\\/wp-content\\\/uploads\\\/2013\\\/01\\\/blogqspvereosorio-Foto-Farn\u00e9sio-Silva.jpg\",\"width\":448,\"height\":298,\"caption\":\"Vereador Oz\u00f3rio Siqueira\"},{\"@type\":\"BreadcrumbList\",\"@id\":\"https:\\\/\\\/blogdofarnesio.com.br\\\/?p=260907#breadcrumb\",\"itemListElement\":[{\"@type\":\"ListItem\",\"position\":1,\"name\":\"In\u00edcio\",\"item\":\"https:\\\/\\\/blogdofarnesio.com.br\\\/\"},{\"@type\":\"ListItem\",\"position\":2,\"name\":\"Vereadora pede presta\u00e7\u00e3o de contas da C\u00e2mara ao presidente da casa\"}]},{\"@type\":\"WebSite\",\"@id\":\"https:\\\/\\\/blogdofarnesio.com.br\\\/#website\",\"url\":\"https:\\\/\\\/blogdofarnesio.com.br\\\/\",\"name\":\"Blog do Farn\u00e9sio\",\"description\":\"Quer Saber Pol\u00edtica?\",\"publisher\":{\"@id\":\"https:\\\/\\\/blogdofarnesio.com.br\\\/#organization\"},\"potentialAction\":[{\"@type\":\"SearchAction\",\"target\":{\"@type\":\"EntryPoint\",\"urlTemplate\":\"https:\\\/\\\/blogdofarnesio.com.br\\\/?s={search_term_string}\"},\"query-input\":{\"@type\":\"PropertyValueSpecification\",\"valueRequired\":true,\"valueName\":\"search_term_string\"}}],\"inLanguage\":\"pt-BR\"},{\"@type\":\"Organization\",\"@id\":\"https:\\\/\\\/blogdofarnesio.com.br\\\/#organization\",\"name\":\"Blog do Farn\u00e9sio\",\"url\":\"https:\\\/\\\/blogdofarnesio.com.br\\\/\",\"logo\":{\"@type\":\"ImageObject\",\"inLanguage\":\"pt-BR\",\"@id\":\"https:\\\/\\\/blogdofarnesio.com.br\\\/#\\\/schema\\\/logo\\\/image\\\/\",\"url\":\"https:\\\/\\\/blogdofarnesio.com.br\\\/wp-content\\\/uploads\\\/2026\\\/03\\\/cropped-logo_new-1.png\",\"contentUrl\":\"https:\\\/\\\/blogdofarnesio.com.br\\\/wp-content\\\/uploads\\\/2026\\\/03\\\/cropped-logo_new-1.png\",\"width\":881,\"height\":685,\"caption\":\"Blog do Farn\u00e9sio\"},\"image\":{\"@id\":\"https:\\\/\\\/blogdofarnesio.com.br\\\/#\\\/schema\\\/logo\\\/image\\\/\"},\"sameAs\":[\"https:\\\/\\\/www.facebook.com\\\/BlogQuerSaberPolitica\\\/\"]},{\"@type\":\"Person\",\"@id\":\"https:\\\/\\\/blogdofarnesio.com.br\\\/#\\\/schema\\\/person\\\/301c4acf522bccbfdb45af95b5b906a1\",\"name\":\"Farn\u00e9sio\",\"image\":{\"@type\":\"ImageObject\",\"inLanguage\":\"pt-BR\",\"@id\":\"https:\\\/\\\/secure.gravatar.com\\\/avatar\\\/df0c9a14567c056f8ad6876ba5bbd1e3e2c48023eb6807342fc4663adf549f38?s=96&d=mm&r=g\",\"url\":\"https:\\\/\\\/secure.gravatar.com\\\/avatar\\\/df0c9a14567c056f8ad6876ba5bbd1e3e2c48023eb6807342fc4663adf549f38?s=96&d=mm&r=g\",\"contentUrl\":\"https:\\\/\\\/secure.gravatar.com\\\/avatar\\\/df0c9a14567c056f8ad6876ba5bbd1e3e2c48023eb6807342fc4663adf549f38?s=96&d=mm&r=g\",\"caption\":\"Farn\u00e9sio\"},\"sameAs\":[\"https:\\\/\\\/quersaberpolitica.com.br\"],\"url\":\"https:\\\/\\\/blogdofarnesio.com.br\\\/?author=1\"}]}<\/script>\n<!-- \/ Yoast SEO plugin. -->","yoast_head_json":{"title":"Vereadora pede presta\u00e7\u00e3o de contas da C\u00e2mara ao presidente da casa - Blog do Farn\u00e9sio","robots":{"index":"index","follow":"follow","max-snippet":"max-snippet:-1","max-image-preview":"max-image-preview:large","max-video-preview":"max-video-preview:-1"},"canonical":"https:\/\/blogdofarnesio.com.br\/?p=260907","og_locale":"pt_BR","og_type":"article","og_title":"Vereadora pede presta\u00e7\u00e3o de contas da C\u00e2mara ao presidente da casa - Blog do Farn\u00e9sio","og_description":"A vereadora Cristina Costa apresentou o requerimento n\u00ba 164\/2020, que solicita do Presidente da C\u00e2mara de Vereadores de Petrolina a presta\u00e7\u00e3o de contas da Casa Pl\u00ednio Amorim, com o objetivo de primar pela transpar\u00eancia das contas p\u00fablicas para com a popula\u00e7\u00e3o. A parlamentar pediu que seja detalhado todas as despesas da C\u00e2mara, desde os gastos com transportes, constando as especifica\u00e7\u00f5es das placas e modelos dos ve\u00edculos, os custos com funcion\u00e1rios pontuados nominalmente e despesas com o contrato da empresa UNIKA. \u201cAcreditamos que com os balancetes descritos, os vereadores v\u00e3o poder analisar todas as despesas e, assim, tomarmos a decis\u00e3o de como direcionar melhor os recursos financeiros da C\u00e2mara. Afinal, estamos vivenciando uma pandemia e precisamos verificar como auxiliar a popula\u00e7\u00e3o&hellip;","og_url":"https:\/\/blogdofarnesio.com.br\/?p=260907","og_site_name":"Blog do Farn\u00e9sio","article_publisher":"https:\/\/www.facebook.com\/BlogQuerSaberPolitica\/","article_published_time":"2020-06-29T19:00:13+00:00","og_image":[{"width":448,"height":298,"url":"https:\/\/blogdofarnesio.com.br\/wp-content\/uploads\/2013\/01\/blogqspvereosorio-Foto-Farn\u00e9sio-Silva.jpg","type":"image\/jpeg"}],"author":"Farn\u00e9sio","twitter_card":"summary_large_image","twitter_misc":{"Escrito por":"Farn\u00e9sio","Est. tempo de leitura":"1 minuto"},"schema":{"@context":"https:\/\/schema.org","@graph":[{"@type":"Article","@id":"https:\/\/blogdofarnesio.com.br\/?p=260907#article","isPartOf":{"@id":"https:\/\/blogdofarnesio.com.br\/?p=260907"},"author":{"name":"Farn\u00e9sio","@id":"https:\/\/blogdofarnesio.com.br\/#\/schema\/person\/301c4acf522bccbfdb45af95b5b906a1"},"headline":"Vereadora pede presta\u00e7\u00e3o de contas da C\u00e2mara ao presidente da casa","datePublished":"2020-06-29T19:00:13+00:00","mainEntityOfPage":{"@id":"https:\/\/blogdofarnesio.com.br\/?p=260907"},"wordCount":174,"publisher":{"@id":"https:\/\/blogdofarnesio.com.br\/#organization"},"image":{"@id":"https:\/\/blogdofarnesio.com.br\/?p=260907#primaryimage"},"thumbnailUrl":"https:\/\/blogdofarnesio.com.br\/wp-content\/uploads\/2013\/01\/blogqspvereosorio-Foto-Farn\u00e9sio-Silva.jpg","articleSection":["Pol\u00edtica"],"inLanguage":"pt-BR"},{"@type":"WebPage","@id":"https:\/\/blogdofarnesio.com.br\/?p=260907","url":"https:\/\/blogdofarnesio.com.br\/?p=260907","name":"Vereadora pede presta\u00e7\u00e3o de contas da C\u00e2mara ao presidente da casa - Blog do Farn\u00e9sio","isPartOf":{"@id":"https:\/\/blogdofarnesio.com.br\/#website"},"primaryImageOfPage":{"@id":"https:\/\/blogdofarnesio.com.br\/?p=260907#primaryimage"},"image":{"@id":"https:\/\/blogdofarnesio.com.br\/?p=260907#primaryimage"},"thumbnailUrl":"https:\/\/blogdofarnesio.com.br\/wp-content\/uploads\/2013\/01\/blogqspvereosorio-Foto-Farn\u00e9sio-Silva.jpg","datePublished":"2020-06-29T19:00:13+00:00","breadcrumb":{"@id":"https:\/\/blogdofarnesio.com.br\/?p=260907#breadcrumb"},"inLanguage":"pt-BR","potentialAction":[{"@type":"ReadAction","target":["https:\/\/blogdofarnesio.com.br\/?p=260907"]}]},{"@type":"ImageObject","inLanguage":"pt-BR","@id":"https:\/\/blogdofarnesio.com.br\/?p=260907#primaryimage","url":"https:\/\/blogdofarnesio.com.br\/wp-content\/uploads\/2013\/01\/blogqspvereosorio-Foto-Farn\u00e9sio-Silva.jpg","contentUrl":"https:\/\/blogdofarnesio.com.br\/wp-content\/uploads\/2013\/01\/blogqspvereosorio-Foto-Farn\u00e9sio-Silva.jpg","width":448,"height":298,"caption":"Vereador Oz\u00f3rio Siqueira"},{"@type":"BreadcrumbList","@id":"https:\/\/blogdofarnesio.com.br\/?p=260907#breadcrumb","itemListElement":[{"@type":"ListItem","position":1,"name":"In\u00edcio","item":"https:\/\/blogdofarnesio.com.br\/"},{"@type":"ListItem","position":2,"name":"Vereadora pede presta\u00e7\u00e3o de contas da C\u00e2mara ao presidente da casa"}]},{"@type":"WebSite","@id":"https:\/\/blogdofarnesio.com.br\/#website","url":"https:\/\/blogdofarnesio.com.br\/","name":"Blog do Farn\u00e9sio","description":"Quer Saber Pol\u00edtica?","publisher":{"@id":"https:\/\/blogdofarnesio.com.br\/#organization"},"potentialAction":[{"@type":"SearchAction","target":{"@type":"EntryPoint","urlTemplate":"https:\/\/blogdofarnesio.com.br\/?s={search_term_string}"},"query-input":{"@type":"PropertyValueSpecification","valueRequired":true,"valueName":"search_term_string"}}],"inLanguage":"pt-BR"},{"@type":"Organization","@id":"https:\/\/blogdofarnesio.com.br\/#organization","name":"Blog do Farn\u00e9sio","url":"https:\/\/blogdofarnesio.com.br\/","logo":{"@type":"ImageObject","inLanguage":"pt-BR","@id":"https:\/\/blogdofarnesio.com.br\/#\/schema\/logo\/image\/","url":"https:\/\/blogdofarnesio.com.br\/wp-content\/uploads\/2026\/03\/cropped-logo_new-1.png","contentUrl":"https:\/\/blogdofarnesio.com.br\/wp-content\/uploads\/2026\/03\/cropped-logo_new-1.png","width":881,"height":685,"caption":"Blog do Farn\u00e9sio"},"image":{"@id":"https:\/\/blogdofarnesio.com.br\/#\/schema\/logo\/image\/"},"sameAs":["https:\/\/www.facebook.com\/BlogQuerSaberPolitica\/"]},{"@type":"Person","@id":"https:\/\/blogdofarnesio.com.br\/#\/schema\/person\/301c4acf522bccbfdb45af95b5b906a1","name":"Farn\u00e9sio","image":{"@type":"ImageObject","inLanguage":"pt-BR","@id":"https:\/\/secure.gravatar.com\/avatar\/df0c9a14567c056f8ad6876ba5bbd1e3e2c48023eb6807342fc4663adf549f38?s=96&d=mm&r=g","url":"https:\/\/secure.gravatar.com\/avatar\/df0c9a14567c056f8ad6876ba5bbd1e3e2c48023eb6807342fc4663adf549f38?s=96&d=mm&r=g","contentUrl":"https:\/\/secure.gravatar.com\/avatar\/df0c9a14567c056f8ad6876ba5bbd1e3e2c48023eb6807342fc4663adf549f38?s=96&d=mm&r=g","caption":"Farn\u00e9sio"},"sameAs":["https:\/\/quersaberpolitica.com.br"],"url":"https:\/\/blogdofarnesio.com.br\/?author=1"}]}},"_links":{"self":[{"href":"https:\/\/blogdofarnesio.com.br\/index.php?rest_route=\/wp\/v2\/posts\/260907","targetHints":{"allow":["GET"]}}],"collection":[{"href":"https:\/\/blogdofarnesio.com.br\/index.php?rest_route=\/wp\/v2\/posts"}],"about":[{"href":"https:\/\/blogdofarnesio.com.br\/index.php?rest_route=\/wp\/v2\/types\/post"}],"author":[{"embeddable":true,"href":"https:\/\/blogdofarnesio.com.br\/index.php?rest_route=\/wp\/v2\/users\/1"}],"replies":[{"embeddable":true,"href":"https:\/\/blogdofarnesio.com.br\/index.php?rest_route=%2Fwp%2Fv2%2Fcomments&post=260907"}],"version-history":[{"count":0,"href":"https:\/\/blogdofarnesio.com.br\/index.php?rest_route=\/wp\/v2\/posts\/260907\/revisions"}],"wp:featuredmedia":[{"embeddable":true,"href":"https:\/\/blogdofarnesio.com.br\/index.php?rest_route=\/wp\/v2\/media\/21987"}],"wp:attachment":[{"href":"https:\/\/blogdofarnesio.com.br\/index.php?rest_route=%2Fwp%2Fv2%2Fmedia&parent=260907"}],"wp:term":[{"taxonomy":"category","embeddable":true,"href":"https:\/\/blogdofarnesio.com.br\/index.php?rest_route=%2Fwp%2Fv2%2Fcategories&post=260907"},{"taxonomy":"post_tag","embeddable":true,"href":"https:\/\/blogdofarnesio.com.br\/index.php?rest_route=%2Fwp%2Fv2%2Ftags&post=260907"}],"curies":[{"name":"wp","href":"https:\/\/api.w.org\/{rel}","templated":true}]}}