{"id":260897,"date":"2020-06-29T14:20:13","date_gmt":"2020-06-29T17:20:13","guid":{"rendered":"http:\/\/quersaberpolitica.com.br\/2016\/?p=260897"},"modified":"2020-06-29T11:57:17","modified_gmt":"2020-06-29T14:57:17","slug":"intensificado-mutirao-de-limpeza-nos-residenciais-praia-do-rodeadouro-e-morada-do-salitre","status":"publish","type":"post","link":"https:\/\/blogdofarnesio.com.br\/?p=260897","title":{"rendered":"Intensificado mutir\u00e3o de limpeza nos Residenciais Praia do Rodeadouro e Morada do Salitre"},"content":{"rendered":"<p>Nesta segunda-feira (29), a Prefeitura de Juazeiro iniciou mais um mutir\u00e3o de limpeza nos Residenciais Praia do Rodeadouro e Morada do Salitre. Os servi\u00e7os realizados s\u00e3o capina\u00e7\u00e3o, varri\u00e7\u00e3o, pintura de meio fio e recolhimento dos res\u00edduos.<\/p>\n<p>Para o secret\u00e1rio de Servi\u00e7os P\u00fablicos Celso Leal, a Prefeitura tem cumprido o seu papel, realizando frequentemente mutir\u00f5es de limpeza nos residenciais da cidade, mas \u00e9 preciso que os moradores colaborem n\u00e3o jogando lixo e entulho nas ruas. \u201cN\u00f3s, temos cumprido nosso dever de levar os servi\u00e7os \u00e0 popula\u00e7\u00e3o lembrando que \u00e9 sempre um trabalho conjunto. Precisamos do apoio da popula\u00e7\u00e3o para que n\u00e3o descarte irregularmente esses res\u00edduos\u201d, ressaltou.<\/p>\n<p>Celso Leal acrescentou ainda que apesar da limpeza e coleta domiciliar serem realizadas permanentemente em todos os residenciais, \u201cv\u00e1rios pontos de descarte irregular de lixo est\u00e3o sendo identificados nas vias e logradouros p\u00fablicos com grandes quantidades de res\u00edduos, tanto dom\u00e9sticos quanto provenientes de obras e reformas\u201d.<\/p>\n<p>\u201cA prefeitura est\u00e1 de parab\u00e9ns pelo cuidado com os residenciais. Estamos muito felizes com os servi\u00e7os, pois percebemos que a limpeza est\u00e1 sendo realizada constantemente. Mas, \u00e9 necess\u00e1rio que os moradores daqui tomem consci\u00eancia e evitar estar jogando lixo nas ruas, porque isso acaba que prejudicando todos n\u00f3s\u201d, pontuou a moradora do Residencial Praia do Rodeaouro, Cicera Maria dos Anjos.<\/p>\n<p>A Secretaria ressalta que, para solicitar quaisquer servi\u00e7os, a popula\u00e7\u00e3o pode ligar para o telefone 3612 5411, informando o endere\u00e7o, a demanda e um ponto de refer\u00eancia ou por meio de of\u00edcio no endere\u00e7o Quadra H, n\u00ba 14, Distrito Industrial do S\u00e3o Francisco. A solicita\u00e7\u00e3o pode ser feita de segunda a sexta-feira das 8h \u00e0s 14h.<\/p>\n<p>Luzete Nobre\/SESP<\/p>\n","protected":false},"excerpt":{"rendered":"<p>Nesta segunda-feira (29), a Prefeitura de Juazeiro iniciou mais um mutir\u00e3o de limpeza nos Residenciais Praia do Rodeadouro e Morada do Salitre. Os servi\u00e7os realizados s\u00e3o capina\u00e7\u00e3o, varri\u00e7\u00e3o, pintura de meio fio e recolhimento dos res\u00edduos. Para o secret\u00e1rio de Servi\u00e7os P\u00fablicos Celso Leal, a Prefeitura tem cumprido o seu papel, realizando frequentemente mutir\u00f5es de limpeza nos residenciais da cidade, mas \u00e9 preciso que os moradores colaborem n\u00e3o jogando lixo e entulho nas ruas. \u201cN\u00f3s, temos cumprido nosso dever de levar os servi\u00e7os \u00e0 popula\u00e7\u00e3o lembrando que \u00e9 sempre um trabalho conjunto. Precisamos do apoio da popula\u00e7\u00e3o para que n\u00e3o descarte irregularmente esses res\u00edduos\u201d, ressaltou. Celso Leal acrescentou ainda que apesar da limpeza e coleta domiciliar serem realizadas permanentemente em&hellip; <\/p>\n","protected":false},"author":1,"featured_media":259182,"comment_status":"closed","ping_status":"closed","sticky":false,"template":"","format":"standard","meta":{"_acf_changed":false,"footnotes":""},"categories":[44],"tags":[],"class_list":["post-260897","post","type-post","status-publish","format-standard","has-post-thumbnail","hentry","category-administracao"],"acf":[],"yoast_head":"<!-- This site is optimized with the Yoast SEO plugin v27.4 - https:\/\/yoast.com\/product\/yoast-seo-wordpress\/ -->\n<title>Intensificado mutir\u00e3o de limpeza nos Residenciais Praia do Rodeadouro e Morada do Salitre - Blog do Farn\u00e9sio<\/title>\n<meta name=\"robots\" content=\"index, follow, max-snippet:-1, max-image-preview:large, max-video-preview:-1\" \/>\n<link rel=\"canonical\" href=\"https:\/\/blogdofarnesio.com.br\/?p=260897\" \/>\n<meta property=\"og:locale\" content=\"pt_BR\" \/>\n<meta property=\"og:type\" content=\"article\" \/>\n<meta property=\"og:title\" content=\"Intensificado mutir\u00e3o de limpeza nos Residenciais Praia do Rodeadouro e Morada do Salitre - Blog do Farn\u00e9sio\" \/>\n<meta property=\"og:description\" content=\"Nesta segunda-feira (29), a Prefeitura de Juazeiro iniciou mais um mutir\u00e3o de limpeza nos Residenciais Praia do Rodeadouro e Morada do Salitre. Os servi\u00e7os realizados s\u00e3o capina\u00e7\u00e3o, varri\u00e7\u00e3o, pintura de meio fio e recolhimento dos res\u00edduos. Para o secret\u00e1rio de Servi\u00e7os P\u00fablicos Celso Leal, a Prefeitura tem cumprido o seu papel, realizando frequentemente mutir\u00f5es de limpeza nos residenciais da cidade, mas \u00e9 preciso que os moradores colaborem n\u00e3o jogando lixo e entulho nas ruas. \u201cN\u00f3s, temos cumprido nosso dever de levar os servi\u00e7os \u00e0 popula\u00e7\u00e3o lembrando que \u00e9 sempre um trabalho conjunto. Precisamos do apoio da popula\u00e7\u00e3o para que n\u00e3o descarte irregularmente esses res\u00edduos\u201d, ressaltou. Celso Leal acrescentou ainda que apesar da limpeza e coleta domiciliar serem realizadas permanentemente em&hellip;\" \/>\n<meta property=\"og:url\" content=\"https:\/\/blogdofarnesio.com.br\/?p=260897\" \/>\n<meta property=\"og:site_name\" content=\"Blog do Farn\u00e9sio\" \/>\n<meta property=\"article:publisher\" content=\"https:\/\/www.facebook.com\/BlogQuerSaberPolitica\/\" \/>\n<meta property=\"article:published_time\" content=\"2020-06-29T17:20:13+00:00\" \/>\n<meta property=\"og:image\" content=\"https:\/\/blogdofarnesio.com.br\/wp-content\/uploads\/2020\/06\/blogqspjua-limpeza-nos-residenciais-de-Juazeiro-1-e1591636750403.jpg\" \/>\n\t<meta property=\"og:image:width\" content=\"688\" \/>\n\t<meta property=\"og:image:height\" content=\"422\" \/>\n\t<meta property=\"og:image:type\" content=\"image\/jpeg\" \/>\n<meta name=\"author\" content=\"Farn\u00e9sio\" \/>\n<meta name=\"twitter:card\" content=\"summary_large_image\" \/>\n<meta name=\"twitter:label1\" content=\"Escrito por\" \/>\n\t<meta name=\"twitter:data1\" content=\"Farn\u00e9sio\" \/>\n\t<meta name=\"twitter:label2\" content=\"Est. tempo de leitura\" \/>\n\t<meta name=\"twitter:data2\" content=\"1 minuto\" \/>\n<script type=\"application\/ld+json\" class=\"yoast-schema-graph\">{\"@context\":\"https:\\\/\\\/schema.org\",\"@graph\":[{\"@type\":\"Article\",\"@id\":\"https:\\\/\\\/blogdofarnesio.com.br\\\/?p=260897#article\",\"isPartOf\":{\"@id\":\"https:\\\/\\\/blogdofarnesio.com.br\\\/?p=260897\"},\"author\":{\"name\":\"Farn\u00e9sio\",\"@id\":\"https:\\\/\\\/blogdofarnesio.com.br\\\/#\\\/schema\\\/person\\\/301c4acf522bccbfdb45af95b5b906a1\"},\"headline\":\"Intensificado mutir\u00e3o de limpeza nos Residenciais Praia do Rodeadouro e Morada do Salitre\",\"datePublished\":\"2020-06-29T17:20:13+00:00\",\"mainEntityOfPage\":{\"@id\":\"https:\\\/\\\/blogdofarnesio.com.br\\\/?p=260897\"},\"wordCount\":311,\"publisher\":{\"@id\":\"https:\\\/\\\/blogdofarnesio.com.br\\\/#organization\"},\"image\":{\"@id\":\"https:\\\/\\\/blogdofarnesio.com.br\\\/?p=260897#primaryimage\"},\"thumbnailUrl\":\"https:\\\/\\\/blogdofarnesio.com.br\\\/wp-content\\\/uploads\\\/2020\\\/06\\\/blogqspjua-limpeza-nos-residenciais-de-Juazeiro-1-e1591636750403.jpg\",\"articleSection\":[\"Administra\u00e7\u00e3o\"],\"inLanguage\":\"pt-BR\"},{\"@type\":\"WebPage\",\"@id\":\"https:\\\/\\\/blogdofarnesio.com.br\\\/?p=260897\",\"url\":\"https:\\\/\\\/blogdofarnesio.com.br\\\/?p=260897\",\"name\":\"Intensificado mutir\u00e3o de limpeza nos Residenciais Praia do Rodeadouro e Morada do Salitre - Blog do Farn\u00e9sio\",\"isPartOf\":{\"@id\":\"https:\\\/\\\/blogdofarnesio.com.br\\\/#website\"},\"primaryImageOfPage\":{\"@id\":\"https:\\\/\\\/blogdofarnesio.com.br\\\/?p=260897#primaryimage\"},\"image\":{\"@id\":\"https:\\\/\\\/blogdofarnesio.com.br\\\/?p=260897#primaryimage\"},\"thumbnailUrl\":\"https:\\\/\\\/blogdofarnesio.com.br\\\/wp-content\\\/uploads\\\/2020\\\/06\\\/blogqspjua-limpeza-nos-residenciais-de-Juazeiro-1-e1591636750403.jpg\",\"datePublished\":\"2020-06-29T17:20:13+00:00\",\"breadcrumb\":{\"@id\":\"https:\\\/\\\/blogdofarnesio.com.br\\\/?p=260897#breadcrumb\"},\"inLanguage\":\"pt-BR\",\"potentialAction\":[{\"@type\":\"ReadAction\",\"target\":[\"https:\\\/\\\/blogdofarnesio.com.br\\\/?p=260897\"]}]},{\"@type\":\"ImageObject\",\"inLanguage\":\"pt-BR\",\"@id\":\"https:\\\/\\\/blogdofarnesio.com.br\\\/?p=260897#primaryimage\",\"url\":\"https:\\\/\\\/blogdofarnesio.com.br\\\/wp-content\\\/uploads\\\/2020\\\/06\\\/blogqspjua-limpeza-nos-residenciais-de-Juazeiro-1-e1591636750403.jpg\",\"contentUrl\":\"https:\\\/\\\/blogdofarnesio.com.br\\\/wp-content\\\/uploads\\\/2020\\\/06\\\/blogqspjua-limpeza-nos-residenciais-de-Juazeiro-1-e1591636750403.jpg\",\"width\":688,\"height\":422},{\"@type\":\"BreadcrumbList\",\"@id\":\"https:\\\/\\\/blogdofarnesio.com.br\\\/?p=260897#breadcrumb\",\"itemListElement\":[{\"@type\":\"ListItem\",\"position\":1,\"name\":\"In\u00edcio\",\"item\":\"https:\\\/\\\/blogdofarnesio.com.br\\\/\"},{\"@type\":\"ListItem\",\"position\":2,\"name\":\"Intensificado mutir\u00e3o de limpeza nos Residenciais Praia do Rodeadouro e Morada do Salitre\"}]},{\"@type\":\"WebSite\",\"@id\":\"https:\\\/\\\/blogdofarnesio.com.br\\\/#website\",\"url\":\"https:\\\/\\\/blogdofarnesio.com.br\\\/\",\"name\":\"Blog do Farn\u00e9sio\",\"description\":\"Quer Saber Pol\u00edtica?\",\"publisher\":{\"@id\":\"https:\\\/\\\/blogdofarnesio.com.br\\\/#organization\"},\"potentialAction\":[{\"@type\":\"SearchAction\",\"target\":{\"@type\":\"EntryPoint\",\"urlTemplate\":\"https:\\\/\\\/blogdofarnesio.com.br\\\/?s={search_term_string}\"},\"query-input\":{\"@type\":\"PropertyValueSpecification\",\"valueRequired\":true,\"valueName\":\"search_term_string\"}}],\"inLanguage\":\"pt-BR\"},{\"@type\":\"Organization\",\"@id\":\"https:\\\/\\\/blogdofarnesio.com.br\\\/#organization\",\"name\":\"Blog do Farn\u00e9sio\",\"url\":\"https:\\\/\\\/blogdofarnesio.com.br\\\/\",\"logo\":{\"@type\":\"ImageObject\",\"inLanguage\":\"pt-BR\",\"@id\":\"https:\\\/\\\/blogdofarnesio.com.br\\\/#\\\/schema\\\/logo\\\/image\\\/\",\"url\":\"https:\\\/\\\/blogdofarnesio.com.br\\\/wp-content\\\/uploads\\\/2026\\\/03\\\/cropped-logo_new-1.png\",\"contentUrl\":\"https:\\\/\\\/blogdofarnesio.com.br\\\/wp-content\\\/uploads\\\/2026\\\/03\\\/cropped-logo_new-1.png\",\"width\":881,\"height\":685,\"caption\":\"Blog do Farn\u00e9sio\"},\"image\":{\"@id\":\"https:\\\/\\\/blogdofarnesio.com.br\\\/#\\\/schema\\\/logo\\\/image\\\/\"},\"sameAs\":[\"https:\\\/\\\/www.facebook.com\\\/BlogQuerSaberPolitica\\\/\"]},{\"@type\":\"Person\",\"@id\":\"https:\\\/\\\/blogdofarnesio.com.br\\\/#\\\/schema\\\/person\\\/301c4acf522bccbfdb45af95b5b906a1\",\"name\":\"Farn\u00e9sio\",\"image\":{\"@type\":\"ImageObject\",\"inLanguage\":\"pt-BR\",\"@id\":\"https:\\\/\\\/secure.gravatar.com\\\/avatar\\\/df0c9a14567c056f8ad6876ba5bbd1e3e2c48023eb6807342fc4663adf549f38?s=96&d=mm&r=g\",\"url\":\"https:\\\/\\\/secure.gravatar.com\\\/avatar\\\/df0c9a14567c056f8ad6876ba5bbd1e3e2c48023eb6807342fc4663adf549f38?s=96&d=mm&r=g\",\"contentUrl\":\"https:\\\/\\\/secure.gravatar.com\\\/avatar\\\/df0c9a14567c056f8ad6876ba5bbd1e3e2c48023eb6807342fc4663adf549f38?s=96&d=mm&r=g\",\"caption\":\"Farn\u00e9sio\"},\"sameAs\":[\"https:\\\/\\\/quersaberpolitica.com.br\"],\"url\":\"https:\\\/\\\/blogdofarnesio.com.br\\\/?author=1\"}]}<\/script>\n<!-- \/ Yoast SEO plugin. -->","yoast_head_json":{"title":"Intensificado mutir\u00e3o de limpeza nos Residenciais Praia do Rodeadouro e Morada do Salitre - Blog do Farn\u00e9sio","robots":{"index":"index","follow":"follow","max-snippet":"max-snippet:-1","max-image-preview":"max-image-preview:large","max-video-preview":"max-video-preview:-1"},"canonical":"https:\/\/blogdofarnesio.com.br\/?p=260897","og_locale":"pt_BR","og_type":"article","og_title":"Intensificado mutir\u00e3o de limpeza nos Residenciais Praia do Rodeadouro e Morada do Salitre - Blog do Farn\u00e9sio","og_description":"Nesta segunda-feira (29), a Prefeitura de Juazeiro iniciou mais um mutir\u00e3o de limpeza nos Residenciais Praia do Rodeadouro e Morada do Salitre. Os servi\u00e7os realizados s\u00e3o capina\u00e7\u00e3o, varri\u00e7\u00e3o, pintura de meio fio e recolhimento dos res\u00edduos. Para o secret\u00e1rio de Servi\u00e7os P\u00fablicos Celso Leal, a Prefeitura tem cumprido o seu papel, realizando frequentemente mutir\u00f5es de limpeza nos residenciais da cidade, mas \u00e9 preciso que os moradores colaborem n\u00e3o jogando lixo e entulho nas ruas. \u201cN\u00f3s, temos cumprido nosso dever de levar os servi\u00e7os \u00e0 popula\u00e7\u00e3o lembrando que \u00e9 sempre um trabalho conjunto. Precisamos do apoio da popula\u00e7\u00e3o para que n\u00e3o descarte irregularmente esses res\u00edduos\u201d, ressaltou. Celso Leal acrescentou ainda que apesar da limpeza e coleta domiciliar serem realizadas permanentemente em&hellip;","og_url":"https:\/\/blogdofarnesio.com.br\/?p=260897","og_site_name":"Blog do Farn\u00e9sio","article_publisher":"https:\/\/www.facebook.com\/BlogQuerSaberPolitica\/","article_published_time":"2020-06-29T17:20:13+00:00","og_image":[{"width":688,"height":422,"url":"https:\/\/blogdofarnesio.com.br\/wp-content\/uploads\/2020\/06\/blogqspjua-limpeza-nos-residenciais-de-Juazeiro-1-e1591636750403.jpg","type":"image\/jpeg"}],"author":"Farn\u00e9sio","twitter_card":"summary_large_image","twitter_misc":{"Escrito por":"Farn\u00e9sio","Est. tempo de leitura":"1 minuto"},"schema":{"@context":"https:\/\/schema.org","@graph":[{"@type":"Article","@id":"https:\/\/blogdofarnesio.com.br\/?p=260897#article","isPartOf":{"@id":"https:\/\/blogdofarnesio.com.br\/?p=260897"},"author":{"name":"Farn\u00e9sio","@id":"https:\/\/blogdofarnesio.com.br\/#\/schema\/person\/301c4acf522bccbfdb45af95b5b906a1"},"headline":"Intensificado mutir\u00e3o de limpeza nos Residenciais Praia do Rodeadouro e Morada do Salitre","datePublished":"2020-06-29T17:20:13+00:00","mainEntityOfPage":{"@id":"https:\/\/blogdofarnesio.com.br\/?p=260897"},"wordCount":311,"publisher":{"@id":"https:\/\/blogdofarnesio.com.br\/#organization"},"image":{"@id":"https:\/\/blogdofarnesio.com.br\/?p=260897#primaryimage"},"thumbnailUrl":"https:\/\/blogdofarnesio.com.br\/wp-content\/uploads\/2020\/06\/blogqspjua-limpeza-nos-residenciais-de-Juazeiro-1-e1591636750403.jpg","articleSection":["Administra\u00e7\u00e3o"],"inLanguage":"pt-BR"},{"@type":"WebPage","@id":"https:\/\/blogdofarnesio.com.br\/?p=260897","url":"https:\/\/blogdofarnesio.com.br\/?p=260897","name":"Intensificado mutir\u00e3o de limpeza nos Residenciais Praia do Rodeadouro e Morada do Salitre - Blog do Farn\u00e9sio","isPartOf":{"@id":"https:\/\/blogdofarnesio.com.br\/#website"},"primaryImageOfPage":{"@id":"https:\/\/blogdofarnesio.com.br\/?p=260897#primaryimage"},"image":{"@id":"https:\/\/blogdofarnesio.com.br\/?p=260897#primaryimage"},"thumbnailUrl":"https:\/\/blogdofarnesio.com.br\/wp-content\/uploads\/2020\/06\/blogqspjua-limpeza-nos-residenciais-de-Juazeiro-1-e1591636750403.jpg","datePublished":"2020-06-29T17:20:13+00:00","breadcrumb":{"@id":"https:\/\/blogdofarnesio.com.br\/?p=260897#breadcrumb"},"inLanguage":"pt-BR","potentialAction":[{"@type":"ReadAction","target":["https:\/\/blogdofarnesio.com.br\/?p=260897"]}]},{"@type":"ImageObject","inLanguage":"pt-BR","@id":"https:\/\/blogdofarnesio.com.br\/?p=260897#primaryimage","url":"https:\/\/blogdofarnesio.com.br\/wp-content\/uploads\/2020\/06\/blogqspjua-limpeza-nos-residenciais-de-Juazeiro-1-e1591636750403.jpg","contentUrl":"https:\/\/blogdofarnesio.com.br\/wp-content\/uploads\/2020\/06\/blogqspjua-limpeza-nos-residenciais-de-Juazeiro-1-e1591636750403.jpg","width":688,"height":422},{"@type":"BreadcrumbList","@id":"https:\/\/blogdofarnesio.com.br\/?p=260897#breadcrumb","itemListElement":[{"@type":"ListItem","position":1,"name":"In\u00edcio","item":"https:\/\/blogdofarnesio.com.br\/"},{"@type":"ListItem","position":2,"name":"Intensificado mutir\u00e3o de limpeza nos Residenciais Praia do Rodeadouro e Morada do Salitre"}]},{"@type":"WebSite","@id":"https:\/\/blogdofarnesio.com.br\/#website","url":"https:\/\/blogdofarnesio.com.br\/","name":"Blog do Farn\u00e9sio","description":"Quer Saber Pol\u00edtica?","publisher":{"@id":"https:\/\/blogdofarnesio.com.br\/#organization"},"potentialAction":[{"@type":"SearchAction","target":{"@type":"EntryPoint","urlTemplate":"https:\/\/blogdofarnesio.com.br\/?s={search_term_string}"},"query-input":{"@type":"PropertyValueSpecification","valueRequired":true,"valueName":"search_term_string"}}],"inLanguage":"pt-BR"},{"@type":"Organization","@id":"https:\/\/blogdofarnesio.com.br\/#organization","name":"Blog do Farn\u00e9sio","url":"https:\/\/blogdofarnesio.com.br\/","logo":{"@type":"ImageObject","inLanguage":"pt-BR","@id":"https:\/\/blogdofarnesio.com.br\/#\/schema\/logo\/image\/","url":"https:\/\/blogdofarnesio.com.br\/wp-content\/uploads\/2026\/03\/cropped-logo_new-1.png","contentUrl":"https:\/\/blogdofarnesio.com.br\/wp-content\/uploads\/2026\/03\/cropped-logo_new-1.png","width":881,"height":685,"caption":"Blog do Farn\u00e9sio"},"image":{"@id":"https:\/\/blogdofarnesio.com.br\/#\/schema\/logo\/image\/"},"sameAs":["https:\/\/www.facebook.com\/BlogQuerSaberPolitica\/"]},{"@type":"Person","@id":"https:\/\/blogdofarnesio.com.br\/#\/schema\/person\/301c4acf522bccbfdb45af95b5b906a1","name":"Farn\u00e9sio","image":{"@type":"ImageObject","inLanguage":"pt-BR","@id":"https:\/\/secure.gravatar.com\/avatar\/df0c9a14567c056f8ad6876ba5bbd1e3e2c48023eb6807342fc4663adf549f38?s=96&d=mm&r=g","url":"https:\/\/secure.gravatar.com\/avatar\/df0c9a14567c056f8ad6876ba5bbd1e3e2c48023eb6807342fc4663adf549f38?s=96&d=mm&r=g","contentUrl":"https:\/\/secure.gravatar.com\/avatar\/df0c9a14567c056f8ad6876ba5bbd1e3e2c48023eb6807342fc4663adf549f38?s=96&d=mm&r=g","caption":"Farn\u00e9sio"},"sameAs":["https:\/\/quersaberpolitica.com.br"],"url":"https:\/\/blogdofarnesio.com.br\/?author=1"}]}},"_links":{"self":[{"href":"https:\/\/blogdofarnesio.com.br\/index.php?rest_route=\/wp\/v2\/posts\/260897","targetHints":{"allow":["GET"]}}],"collection":[{"href":"https:\/\/blogdofarnesio.com.br\/index.php?rest_route=\/wp\/v2\/posts"}],"about":[{"href":"https:\/\/blogdofarnesio.com.br\/index.php?rest_route=\/wp\/v2\/types\/post"}],"author":[{"embeddable":true,"href":"https:\/\/blogdofarnesio.com.br\/index.php?rest_route=\/wp\/v2\/users\/1"}],"replies":[{"embeddable":true,"href":"https:\/\/blogdofarnesio.com.br\/index.php?rest_route=%2Fwp%2Fv2%2Fcomments&post=260897"}],"version-history":[{"count":0,"href":"https:\/\/blogdofarnesio.com.br\/index.php?rest_route=\/wp\/v2\/posts\/260897\/revisions"}],"wp:featuredmedia":[{"embeddable":true,"href":"https:\/\/blogdofarnesio.com.br\/index.php?rest_route=\/wp\/v2\/media\/259182"}],"wp:attachment":[{"href":"https:\/\/blogdofarnesio.com.br\/index.php?rest_route=%2Fwp%2Fv2%2Fmedia&parent=260897"}],"wp:term":[{"taxonomy":"category","embeddable":true,"href":"https:\/\/blogdofarnesio.com.br\/index.php?rest_route=%2Fwp%2Fv2%2Fcategories&post=260897"},{"taxonomy":"post_tag","embeddable":true,"href":"https:\/\/blogdofarnesio.com.br\/index.php?rest_route=%2Fwp%2Fv2%2Ftags&post=260897"}],"curies":[{"name":"wp","href":"https:\/\/api.w.org\/{rel}","templated":true}]}}