{"id":260886,"date":"2020-06-29T11:02:08","date_gmt":"2020-06-29T14:02:08","guid":{"rendered":"http:\/\/quersaberpolitica.com.br\/2016\/?p=260886"},"modified":"2020-06-29T08:56:20","modified_gmt":"2020-06-29T11:56:20","slug":"projeto-de-lei-determina-retirada-de-estatuas-de-escravocratas-em-espacos-publicos-na-bahia","status":"publish","type":"post","link":"https:\/\/blogdofarnesio.com.br\/?p=260886","title":{"rendered":"Projeto de lei determina retirada de est\u00e1tuas de escravocratas em espa\u00e7os p\u00fablicos na Bahia"},"content":{"rendered":"<div class=\"box-title\"><\/div>\n<div class=\"box-body\" data-io-article-url=\"https:\/\/www.bahianoticias.com.br\/\">\n<div class=\"text-center\">\n<div class=\"box-img\">Diante de iniciativas semelhantes pelo mundo, um projeto de lei (PL) que determina a retirada obras com exalta\u00e7\u00e3o ou tributo a figuras hist\u00f3ricas ligadas \u00e0 escravid\u00e3o em espa\u00e7os p\u00fablicos na Bahia, foi apresentado na Assembleia Legislativa da Bahia (ALBA) pelo deputado Hilton Coelho (Psol).<\/div>\n<\/div>\n<div class=\"text-descricao\">\n<p><img decoding=\"async\" class=\"img-center img-responsive aligncenter\" src=\"https:\/\/www.bahianoticias.com.br\/fotos\/entretenimento_noticias\/38044\/IMAGEM_NOTICIA_5.jpg?checksum=1593373075\" alt=\"Projeto de lei determina retirada de est\u00e1tuas de escravocratas em espa\u00e7os p\u00fablicos na Bahia\" \/><\/p>\n<div class=\"img-legenda\">Est\u00e1tua do traficante de escravos Joaquim Pereira Marinho, Salvador | Foto: FGM<\/div>\n<p>De acordo com o projeto, est\u00e1tuas, monumentos, placas ou qualquer outra forma de homenagem a pessoas que estiveram ligadas ao com\u00e9rcio escravagista dever\u00e3o ser removidas de \u201cpr\u00e9dios, espa\u00e7os p\u00fablicos, ruas, rodovias, viadutos, logradouros, e de toda e qualquer obra ou bem p\u00fablico\u201d, em toda Bahia. As pe\u00e7as, ent\u00e3o, devem ser encaminhadas para um Museu estadual criado para este fim, tamb\u00e9m previsto no PL.<\/p>\n<p>\u201cO projeto prev\u00ea a cria\u00e7\u00e3o do \u2018Museu da Hist\u00f3ria da Escravid\u00e3o e Inven\u00e7\u00e3o da Liberdade\u2019, na regi\u00e3o portu\u00e1ria de Salvador, para onde ser\u00e3o destinadas as pe\u00e7as retiradas. Ele ter\u00e1 uma sess\u00e3o educacional, com visitas guiadas para estudantes do ensino m\u00e9dio da rede p\u00fablica estadual, onde as pe\u00e7as ser\u00e3o contextualizadas adequadamente, permitindo a compreens\u00e3o sobre o tr\u00e1fico de africanos e a escraviza\u00e7\u00e3o de seus descendentes.<\/p>\n<p>Ter\u00e1 espa\u00e7o para interven\u00e7\u00f5es art\u00edsticas que se relacionem com o objetivo do equipamento, a conscientiza\u00e7\u00e3o e reflex\u00e3o sobre os males causados pelo com\u00e9rcio atl\u00e2ntico de africanos escravizados e seus impactos na sociedade brasileira contempor\u00e2nea\u201d, explica o parlamentar.<\/p>\n<p>Antes disso, uma comiss\u00e3o ficar\u00e1 respons\u00e1vel por fazer um relat\u00f3rio com os principais personagens hist\u00f3ricos que contribu\u00edram para a escravid\u00e3o no Brasil. A partir da\u00ed, dever\u00e1 localizar as pe\u00e7as que se enquadram na proposta.<\/p>\n<\/div>\n<\/div>\n","protected":false},"excerpt":{"rendered":"<p>Diante de iniciativas semelhantes pelo mundo, um projeto de lei (PL) que determina a retirada obras com exalta\u00e7\u00e3o ou tributo a figuras hist\u00f3ricas ligadas \u00e0 escravid\u00e3o em espa\u00e7os p\u00fablicos na Bahia, foi apresentado na Assembleia Legislativa da Bahia (ALBA) pelo deputado Hilton Coelho (Psol). Est\u00e1tua do traficante de escravos Joaquim Pereira Marinho, Salvador | Foto: FGM De acordo com o projeto, est\u00e1tuas, monumentos, placas ou qualquer outra forma de homenagem a pessoas que estiveram ligadas ao com\u00e9rcio escravagista dever\u00e3o ser removidas de \u201cpr\u00e9dios, espa\u00e7os p\u00fablicos, ruas, rodovias, viadutos, logradouros, e de toda e qualquer obra ou bem p\u00fablico\u201d, em toda Bahia. As pe\u00e7as, ent\u00e3o, devem ser encaminhadas para um Museu estadual criado para este fim, tamb\u00e9m previsto no PL. \u201cO&hellip; <\/p>\n","protected":false},"author":1,"featured_media":153040,"comment_status":"closed","ping_status":"closed","sticky":false,"template":"","format":"standard","meta":{"_acf_changed":false,"footnotes":""},"categories":[1],"tags":[],"class_list":["post-260886","post","type-post","status-publish","format-standard","has-post-thumbnail","hentry","category-politica"],"acf":[],"yoast_head":"<!-- This site is optimized with the Yoast SEO plugin v27.4 - https:\/\/yoast.com\/product\/yoast-seo-wordpress\/ -->\n<title>Projeto de lei determina retirada de est\u00e1tuas de escravocratas em espa\u00e7os p\u00fablicos na Bahia - Blog do Farn\u00e9sio<\/title>\n<meta name=\"robots\" content=\"index, follow, max-snippet:-1, max-image-preview:large, max-video-preview:-1\" \/>\n<link rel=\"canonical\" href=\"https:\/\/blogdofarnesio.com.br\/?p=260886\" \/>\n<meta property=\"og:locale\" content=\"pt_BR\" \/>\n<meta property=\"og:type\" content=\"article\" \/>\n<meta property=\"og:title\" content=\"Projeto de lei determina retirada de est\u00e1tuas de escravocratas em espa\u00e7os p\u00fablicos na Bahia - Blog do Farn\u00e9sio\" \/>\n<meta property=\"og:description\" content=\"Diante de iniciativas semelhantes pelo mundo, um projeto de lei (PL) que determina a retirada obras com exalta\u00e7\u00e3o ou tributo a figuras hist\u00f3ricas ligadas \u00e0 escravid\u00e3o em espa\u00e7os p\u00fablicos na Bahia, foi apresentado na Assembleia Legislativa da Bahia (ALBA) pelo deputado Hilton Coelho (Psol). Est\u00e1tua do traficante de escravos Joaquim Pereira Marinho, Salvador | Foto: FGM De acordo com o projeto, est\u00e1tuas, monumentos, placas ou qualquer outra forma de homenagem a pessoas que estiveram ligadas ao com\u00e9rcio escravagista dever\u00e3o ser removidas de \u201cpr\u00e9dios, espa\u00e7os p\u00fablicos, ruas, rodovias, viadutos, logradouros, e de toda e qualquer obra ou bem p\u00fablico\u201d, em toda Bahia. As pe\u00e7as, ent\u00e3o, devem ser encaminhadas para um Museu estadual criado para este fim, tamb\u00e9m previsto no PL. \u201cO&hellip;\" \/>\n<meta property=\"og:url\" content=\"https:\/\/blogdofarnesio.com.br\/?p=260886\" \/>\n<meta property=\"og:site_name\" content=\"Blog do Farn\u00e9sio\" \/>\n<meta property=\"article:publisher\" content=\"https:\/\/www.facebook.com\/BlogQuerSaberPolitica\/\" \/>\n<meta property=\"article:published_time\" content=\"2020-06-29T14:02:08+00:00\" \/>\n<meta property=\"og:image\" content=\"https:\/\/blogdofarnesio.com.br\/wp-content\/uploads\/2016\/12\/blogqsp-trabalhoescravo.jpg\" \/>\n\t<meta property=\"og:image:width\" content=\"640\" \/>\n\t<meta property=\"og:image:height\" content=\"426\" \/>\n\t<meta property=\"og:image:type\" content=\"image\/jpeg\" \/>\n<meta name=\"author\" content=\"Farn\u00e9sio\" \/>\n<meta name=\"twitter:card\" content=\"summary_large_image\" \/>\n<meta name=\"twitter:label1\" content=\"Escrito por\" \/>\n\t<meta name=\"twitter:data1\" content=\"Farn\u00e9sio\" \/>\n\t<meta name=\"twitter:label2\" content=\"Est. tempo de leitura\" \/>\n\t<meta name=\"twitter:data2\" content=\"1 minuto\" \/>\n<script type=\"application\/ld+json\" class=\"yoast-schema-graph\">{\"@context\":\"https:\\\/\\\/schema.org\",\"@graph\":[{\"@type\":\"Article\",\"@id\":\"https:\\\/\\\/blogdofarnesio.com.br\\\/?p=260886#article\",\"isPartOf\":{\"@id\":\"https:\\\/\\\/blogdofarnesio.com.br\\\/?p=260886\"},\"author\":{\"name\":\"Farn\u00e9sio\",\"@id\":\"https:\\\/\\\/blogdofarnesio.com.br\\\/#\\\/schema\\\/person\\\/301c4acf522bccbfdb45af95b5b906a1\"},\"headline\":\"Projeto de lei determina retirada de est\u00e1tuas de escravocratas em espa\u00e7os p\u00fablicos na Bahia\",\"datePublished\":\"2020-06-29T14:02:08+00:00\",\"mainEntityOfPage\":{\"@id\":\"https:\\\/\\\/blogdofarnesio.com.br\\\/?p=260886\"},\"wordCount\":316,\"publisher\":{\"@id\":\"https:\\\/\\\/blogdofarnesio.com.br\\\/#organization\"},\"image\":{\"@id\":\"https:\\\/\\\/blogdofarnesio.com.br\\\/?p=260886#primaryimage\"},\"thumbnailUrl\":\"https:\\\/\\\/blogdofarnesio.com.br\\\/wp-content\\\/uploads\\\/2016\\\/12\\\/blogqsp-trabalhoescravo.jpg\",\"articleSection\":[\"Pol\u00edtica\"],\"inLanguage\":\"pt-BR\"},{\"@type\":\"WebPage\",\"@id\":\"https:\\\/\\\/blogdofarnesio.com.br\\\/?p=260886\",\"url\":\"https:\\\/\\\/blogdofarnesio.com.br\\\/?p=260886\",\"name\":\"Projeto de lei determina retirada de est\u00e1tuas de escravocratas em espa\u00e7os p\u00fablicos na Bahia - Blog do Farn\u00e9sio\",\"isPartOf\":{\"@id\":\"https:\\\/\\\/blogdofarnesio.com.br\\\/#website\"},\"primaryImageOfPage\":{\"@id\":\"https:\\\/\\\/blogdofarnesio.com.br\\\/?p=260886#primaryimage\"},\"image\":{\"@id\":\"https:\\\/\\\/blogdofarnesio.com.br\\\/?p=260886#primaryimage\"},\"thumbnailUrl\":\"https:\\\/\\\/blogdofarnesio.com.br\\\/wp-content\\\/uploads\\\/2016\\\/12\\\/blogqsp-trabalhoescravo.jpg\",\"datePublished\":\"2020-06-29T14:02:08+00:00\",\"breadcrumb\":{\"@id\":\"https:\\\/\\\/blogdofarnesio.com.br\\\/?p=260886#breadcrumb\"},\"inLanguage\":\"pt-BR\",\"potentialAction\":[{\"@type\":\"ReadAction\",\"target\":[\"https:\\\/\\\/blogdofarnesio.com.br\\\/?p=260886\"]}]},{\"@type\":\"ImageObject\",\"inLanguage\":\"pt-BR\",\"@id\":\"https:\\\/\\\/blogdofarnesio.com.br\\\/?p=260886#primaryimage\",\"url\":\"https:\\\/\\\/blogdofarnesio.com.br\\\/wp-content\\\/uploads\\\/2016\\\/12\\\/blogqsp-trabalhoescravo.jpg\",\"contentUrl\":\"https:\\\/\\\/blogdofarnesio.com.br\\\/wp-content\\\/uploads\\\/2016\\\/12\\\/blogqsp-trabalhoescravo.jpg\",\"width\":640,\"height\":426},{\"@type\":\"BreadcrumbList\",\"@id\":\"https:\\\/\\\/blogdofarnesio.com.br\\\/?p=260886#breadcrumb\",\"itemListElement\":[{\"@type\":\"ListItem\",\"position\":1,\"name\":\"In\u00edcio\",\"item\":\"https:\\\/\\\/blogdofarnesio.com.br\\\/\"},{\"@type\":\"ListItem\",\"position\":2,\"name\":\"Projeto de lei determina retirada de est\u00e1tuas de escravocratas em espa\u00e7os p\u00fablicos na Bahia\"}]},{\"@type\":\"WebSite\",\"@id\":\"https:\\\/\\\/blogdofarnesio.com.br\\\/#website\",\"url\":\"https:\\\/\\\/blogdofarnesio.com.br\\\/\",\"name\":\"Blog do Farn\u00e9sio\",\"description\":\"Quer Saber Pol\u00edtica?\",\"publisher\":{\"@id\":\"https:\\\/\\\/blogdofarnesio.com.br\\\/#organization\"},\"potentialAction\":[{\"@type\":\"SearchAction\",\"target\":{\"@type\":\"EntryPoint\",\"urlTemplate\":\"https:\\\/\\\/blogdofarnesio.com.br\\\/?s={search_term_string}\"},\"query-input\":{\"@type\":\"PropertyValueSpecification\",\"valueRequired\":true,\"valueName\":\"search_term_string\"}}],\"inLanguage\":\"pt-BR\"},{\"@type\":\"Organization\",\"@id\":\"https:\\\/\\\/blogdofarnesio.com.br\\\/#organization\",\"name\":\"Blog do Farn\u00e9sio\",\"url\":\"https:\\\/\\\/blogdofarnesio.com.br\\\/\",\"logo\":{\"@type\":\"ImageObject\",\"inLanguage\":\"pt-BR\",\"@id\":\"https:\\\/\\\/blogdofarnesio.com.br\\\/#\\\/schema\\\/logo\\\/image\\\/\",\"url\":\"https:\\\/\\\/blogdofarnesio.com.br\\\/wp-content\\\/uploads\\\/2026\\\/03\\\/cropped-logo_new-1.png\",\"contentUrl\":\"https:\\\/\\\/blogdofarnesio.com.br\\\/wp-content\\\/uploads\\\/2026\\\/03\\\/cropped-logo_new-1.png\",\"width\":881,\"height\":685,\"caption\":\"Blog do Farn\u00e9sio\"},\"image\":{\"@id\":\"https:\\\/\\\/blogdofarnesio.com.br\\\/#\\\/schema\\\/logo\\\/image\\\/\"},\"sameAs\":[\"https:\\\/\\\/www.facebook.com\\\/BlogQuerSaberPolitica\\\/\"]},{\"@type\":\"Person\",\"@id\":\"https:\\\/\\\/blogdofarnesio.com.br\\\/#\\\/schema\\\/person\\\/301c4acf522bccbfdb45af95b5b906a1\",\"name\":\"Farn\u00e9sio\",\"image\":{\"@type\":\"ImageObject\",\"inLanguage\":\"pt-BR\",\"@id\":\"https:\\\/\\\/secure.gravatar.com\\\/avatar\\\/df0c9a14567c056f8ad6876ba5bbd1e3e2c48023eb6807342fc4663adf549f38?s=96&d=mm&r=g\",\"url\":\"https:\\\/\\\/secure.gravatar.com\\\/avatar\\\/df0c9a14567c056f8ad6876ba5bbd1e3e2c48023eb6807342fc4663adf549f38?s=96&d=mm&r=g\",\"contentUrl\":\"https:\\\/\\\/secure.gravatar.com\\\/avatar\\\/df0c9a14567c056f8ad6876ba5bbd1e3e2c48023eb6807342fc4663adf549f38?s=96&d=mm&r=g\",\"caption\":\"Farn\u00e9sio\"},\"sameAs\":[\"https:\\\/\\\/quersaberpolitica.com.br\"],\"url\":\"https:\\\/\\\/blogdofarnesio.com.br\\\/?author=1\"}]}<\/script>\n<!-- \/ Yoast SEO plugin. -->","yoast_head_json":{"title":"Projeto de lei determina retirada de est\u00e1tuas de escravocratas em espa\u00e7os p\u00fablicos na Bahia - Blog do Farn\u00e9sio","robots":{"index":"index","follow":"follow","max-snippet":"max-snippet:-1","max-image-preview":"max-image-preview:large","max-video-preview":"max-video-preview:-1"},"canonical":"https:\/\/blogdofarnesio.com.br\/?p=260886","og_locale":"pt_BR","og_type":"article","og_title":"Projeto de lei determina retirada de est\u00e1tuas de escravocratas em espa\u00e7os p\u00fablicos na Bahia - Blog do Farn\u00e9sio","og_description":"Diante de iniciativas semelhantes pelo mundo, um projeto de lei (PL) que determina a retirada obras com exalta\u00e7\u00e3o ou tributo a figuras hist\u00f3ricas ligadas \u00e0 escravid\u00e3o em espa\u00e7os p\u00fablicos na Bahia, foi apresentado na Assembleia Legislativa da Bahia (ALBA) pelo deputado Hilton Coelho (Psol). Est\u00e1tua do traficante de escravos Joaquim Pereira Marinho, Salvador | Foto: FGM De acordo com o projeto, est\u00e1tuas, monumentos, placas ou qualquer outra forma de homenagem a pessoas que estiveram ligadas ao com\u00e9rcio escravagista dever\u00e3o ser removidas de \u201cpr\u00e9dios, espa\u00e7os p\u00fablicos, ruas, rodovias, viadutos, logradouros, e de toda e qualquer obra ou bem p\u00fablico\u201d, em toda Bahia. As pe\u00e7as, ent\u00e3o, devem ser encaminhadas para um Museu estadual criado para este fim, tamb\u00e9m previsto no PL. \u201cO&hellip;","og_url":"https:\/\/blogdofarnesio.com.br\/?p=260886","og_site_name":"Blog do Farn\u00e9sio","article_publisher":"https:\/\/www.facebook.com\/BlogQuerSaberPolitica\/","article_published_time":"2020-06-29T14:02:08+00:00","og_image":[{"width":640,"height":426,"url":"https:\/\/blogdofarnesio.com.br\/wp-content\/uploads\/2016\/12\/blogqsp-trabalhoescravo.jpg","type":"image\/jpeg"}],"author":"Farn\u00e9sio","twitter_card":"summary_large_image","twitter_misc":{"Escrito por":"Farn\u00e9sio","Est. tempo de leitura":"1 minuto"},"schema":{"@context":"https:\/\/schema.org","@graph":[{"@type":"Article","@id":"https:\/\/blogdofarnesio.com.br\/?p=260886#article","isPartOf":{"@id":"https:\/\/blogdofarnesio.com.br\/?p=260886"},"author":{"name":"Farn\u00e9sio","@id":"https:\/\/blogdofarnesio.com.br\/#\/schema\/person\/301c4acf522bccbfdb45af95b5b906a1"},"headline":"Projeto de lei determina retirada de est\u00e1tuas de escravocratas em espa\u00e7os p\u00fablicos na Bahia","datePublished":"2020-06-29T14:02:08+00:00","mainEntityOfPage":{"@id":"https:\/\/blogdofarnesio.com.br\/?p=260886"},"wordCount":316,"publisher":{"@id":"https:\/\/blogdofarnesio.com.br\/#organization"},"image":{"@id":"https:\/\/blogdofarnesio.com.br\/?p=260886#primaryimage"},"thumbnailUrl":"https:\/\/blogdofarnesio.com.br\/wp-content\/uploads\/2016\/12\/blogqsp-trabalhoescravo.jpg","articleSection":["Pol\u00edtica"],"inLanguage":"pt-BR"},{"@type":"WebPage","@id":"https:\/\/blogdofarnesio.com.br\/?p=260886","url":"https:\/\/blogdofarnesio.com.br\/?p=260886","name":"Projeto de lei determina retirada de est\u00e1tuas de escravocratas em espa\u00e7os p\u00fablicos na Bahia - Blog do Farn\u00e9sio","isPartOf":{"@id":"https:\/\/blogdofarnesio.com.br\/#website"},"primaryImageOfPage":{"@id":"https:\/\/blogdofarnesio.com.br\/?p=260886#primaryimage"},"image":{"@id":"https:\/\/blogdofarnesio.com.br\/?p=260886#primaryimage"},"thumbnailUrl":"https:\/\/blogdofarnesio.com.br\/wp-content\/uploads\/2016\/12\/blogqsp-trabalhoescravo.jpg","datePublished":"2020-06-29T14:02:08+00:00","breadcrumb":{"@id":"https:\/\/blogdofarnesio.com.br\/?p=260886#breadcrumb"},"inLanguage":"pt-BR","potentialAction":[{"@type":"ReadAction","target":["https:\/\/blogdofarnesio.com.br\/?p=260886"]}]},{"@type":"ImageObject","inLanguage":"pt-BR","@id":"https:\/\/blogdofarnesio.com.br\/?p=260886#primaryimage","url":"https:\/\/blogdofarnesio.com.br\/wp-content\/uploads\/2016\/12\/blogqsp-trabalhoescravo.jpg","contentUrl":"https:\/\/blogdofarnesio.com.br\/wp-content\/uploads\/2016\/12\/blogqsp-trabalhoescravo.jpg","width":640,"height":426},{"@type":"BreadcrumbList","@id":"https:\/\/blogdofarnesio.com.br\/?p=260886#breadcrumb","itemListElement":[{"@type":"ListItem","position":1,"name":"In\u00edcio","item":"https:\/\/blogdofarnesio.com.br\/"},{"@type":"ListItem","position":2,"name":"Projeto de lei determina retirada de est\u00e1tuas de escravocratas em espa\u00e7os p\u00fablicos na Bahia"}]},{"@type":"WebSite","@id":"https:\/\/blogdofarnesio.com.br\/#website","url":"https:\/\/blogdofarnesio.com.br\/","name":"Blog do Farn\u00e9sio","description":"Quer Saber Pol\u00edtica?","publisher":{"@id":"https:\/\/blogdofarnesio.com.br\/#organization"},"potentialAction":[{"@type":"SearchAction","target":{"@type":"EntryPoint","urlTemplate":"https:\/\/blogdofarnesio.com.br\/?s={search_term_string}"},"query-input":{"@type":"PropertyValueSpecification","valueRequired":true,"valueName":"search_term_string"}}],"inLanguage":"pt-BR"},{"@type":"Organization","@id":"https:\/\/blogdofarnesio.com.br\/#organization","name":"Blog do Farn\u00e9sio","url":"https:\/\/blogdofarnesio.com.br\/","logo":{"@type":"ImageObject","inLanguage":"pt-BR","@id":"https:\/\/blogdofarnesio.com.br\/#\/schema\/logo\/image\/","url":"https:\/\/blogdofarnesio.com.br\/wp-content\/uploads\/2026\/03\/cropped-logo_new-1.png","contentUrl":"https:\/\/blogdofarnesio.com.br\/wp-content\/uploads\/2026\/03\/cropped-logo_new-1.png","width":881,"height":685,"caption":"Blog do Farn\u00e9sio"},"image":{"@id":"https:\/\/blogdofarnesio.com.br\/#\/schema\/logo\/image\/"},"sameAs":["https:\/\/www.facebook.com\/BlogQuerSaberPolitica\/"]},{"@type":"Person","@id":"https:\/\/blogdofarnesio.com.br\/#\/schema\/person\/301c4acf522bccbfdb45af95b5b906a1","name":"Farn\u00e9sio","image":{"@type":"ImageObject","inLanguage":"pt-BR","@id":"https:\/\/secure.gravatar.com\/avatar\/df0c9a14567c056f8ad6876ba5bbd1e3e2c48023eb6807342fc4663adf549f38?s=96&d=mm&r=g","url":"https:\/\/secure.gravatar.com\/avatar\/df0c9a14567c056f8ad6876ba5bbd1e3e2c48023eb6807342fc4663adf549f38?s=96&d=mm&r=g","contentUrl":"https:\/\/secure.gravatar.com\/avatar\/df0c9a14567c056f8ad6876ba5bbd1e3e2c48023eb6807342fc4663adf549f38?s=96&d=mm&r=g","caption":"Farn\u00e9sio"},"sameAs":["https:\/\/quersaberpolitica.com.br"],"url":"https:\/\/blogdofarnesio.com.br\/?author=1"}]}},"_links":{"self":[{"href":"https:\/\/blogdofarnesio.com.br\/index.php?rest_route=\/wp\/v2\/posts\/260886","targetHints":{"allow":["GET"]}}],"collection":[{"href":"https:\/\/blogdofarnesio.com.br\/index.php?rest_route=\/wp\/v2\/posts"}],"about":[{"href":"https:\/\/blogdofarnesio.com.br\/index.php?rest_route=\/wp\/v2\/types\/post"}],"author":[{"embeddable":true,"href":"https:\/\/blogdofarnesio.com.br\/index.php?rest_route=\/wp\/v2\/users\/1"}],"replies":[{"embeddable":true,"href":"https:\/\/blogdofarnesio.com.br\/index.php?rest_route=%2Fwp%2Fv2%2Fcomments&post=260886"}],"version-history":[{"count":0,"href":"https:\/\/blogdofarnesio.com.br\/index.php?rest_route=\/wp\/v2\/posts\/260886\/revisions"}],"wp:featuredmedia":[{"embeddable":true,"href":"https:\/\/blogdofarnesio.com.br\/index.php?rest_route=\/wp\/v2\/media\/153040"}],"wp:attachment":[{"href":"https:\/\/blogdofarnesio.com.br\/index.php?rest_route=%2Fwp%2Fv2%2Fmedia&parent=260886"}],"wp:term":[{"taxonomy":"category","embeddable":true,"href":"https:\/\/blogdofarnesio.com.br\/index.php?rest_route=%2Fwp%2Fv2%2Fcategories&post=260886"},{"taxonomy":"post_tag","embeddable":true,"href":"https:\/\/blogdofarnesio.com.br\/index.php?rest_route=%2Fwp%2Fv2%2Ftags&post=260886"}],"curies":[{"name":"wp","href":"https:\/\/api.w.org\/{rel}","templated":true}]}}