{"id":259249,"date":"2020-06-09T11:02:26","date_gmt":"2020-06-09T14:02:26","guid":{"rendered":"http:\/\/quersaberpolitica.com.br\/2016\/?p=259249"},"modified":"2020-06-09T09:26:46","modified_gmt":"2020-06-09T12:26:46","slug":"a-guerra-dos-numeros-e-a-manobra-do-governo-bolsonaro","status":"publish","type":"post","link":"https:\/\/blogdofarnesio.com.br\/?p=259249","title":{"rendered":"A guerra dos n\u00fameros e a &#8216;manobra&#8217; do governo Bolsonaro"},"content":{"rendered":"<p><strong>VEJA<\/strong> &#8211; At\u00e9 o momento, a pandemia do novo coronav\u00edrus j\u00e1 deixou <b>7.136.366<\/b>\u00a0contaminados e\u00a0<b>406.913<\/b>\u00a0mortos no mundo. No Brasil s\u00e3o\u00a0<b>707.412<\/b>\u00a0contaminados e\u00a0<b>37.134<\/b>\u00a0mortos.<\/p>\n<div>Depois das desastradas investidas do governo para mudar o m\u00e9todo de divulga\u00e7\u00e3o dos dados da Covid-19 em pleno auge da pandemia, Alexandre de Moraes\u00a0<b><a title=\"determinou\" href=\"http:\/\/click.emailabril.com.br\/?qs=6cfdbb8738cc201949a9493912876731207e7467f4bea45ec157c0c0a1267061ff5fae99defaeb1d45bc0736ccf8ec1dd0eb3978c147cef4\" target=\"_blank\" rel=\"noopener noreferrer\" data-saferedirecturl=\"https:\/\/www.google.com\/url?q=http:\/\/click.emailabril.com.br\/?qs%3D6cfdbb8738cc201949a9493912876731207e7467f4bea45ec157c0c0a1267061ff5fae99defaeb1d45bc0736ccf8ec1dd0eb3978c147cef4&amp;source=gmail&amp;ust=1591791541859000&amp;usg=AFQjCNFiwkMLMRIyys7aM3I2xxchJOe6uw\">determinou<\/a>\u00a0<\/b>que o Minist\u00e9rio da Sa\u00fade volte a incluir os n\u00fameros acumulados nos boletins. Na decis\u00e3o, o ministro do STF afirmou que o desafio da crise sanit\u00e1ria &#8220;n\u00e3o pode ser minimizado&#8221;.<\/div>\n<div><\/div>\n<div>A repercuss\u00e3o negativa tamb\u00e9m fez a pasta voltar a anunciar o balan\u00e7o mais cedo,\u00a0<b><a title=\"\u00e0s 18h\" href=\"http:\/\/click.emailabril.com.br\/?qs=6cfdbb8738cc20199c0528caa394826135815b1b59f87030d56ab56b35e7e89d315f7ae044c2dcfd1bbcc47b96ad3596b64a794d41feef0d\" target=\"_blank\" rel=\"noopener noreferrer\" data-saferedirecturl=\"https:\/\/www.google.com\/url?q=http:\/\/click.emailabril.com.br\/?qs%3D6cfdbb8738cc20199c0528caa394826135815b1b59f87030d56ab56b35e7e89d315f7ae044c2dcfd1bbcc47b96ad3596b64a794d41feef0d&amp;source=gmail&amp;ust=1591791541859000&amp;usg=AFQjCNGSt4f_HyXf2siOX5XeeTwYkVq--w\">\u00e0s 18h<\/a><\/b>. Al\u00e9m disso, o general Eduardo Pazuello, interino da Sa\u00fade, foi convidado a\u00a0<b><a title=\"dar explica\u00e7\u00f5es\" href=\"http:\/\/click.emailabril.com.br\/?qs=6cfdbb8738cc20196d563620ac81bb310df3fab99d5ada4af31eba7fbb1b811e0f2670d46a3d3884a5ebebe96554a5caf7dbc93423c45375\" target=\"_blank\" rel=\"noopener noreferrer\" data-saferedirecturl=\"https:\/\/www.google.com\/url?q=http:\/\/click.emailabril.com.br\/?qs%3D6cfdbb8738cc20196d563620ac81bb310df3fab99d5ada4af31eba7fbb1b811e0f2670d46a3d3884a5ebebe96554a5caf7dbc93423c45375&amp;source=gmail&amp;ust=1591791541859000&amp;usg=AFQjCNF0Z-h2mXDqwcoliAltY6dECuVGdg\">dar explica\u00e7\u00f5es<\/a><\/b>\u00a0na C\u00e2mara sobre o caso. Segundo o minist\u00e9rio, os dados divergentes que sa\u00edram no mesmo dia teriam sido provocados por &#8220;duplica\u00e7\u00f5es&#8221;\u00a0nas informa\u00e7\u00f5es das secretarias. A falta de transpar\u00eancia deixou um clima de\u00a0<b><a title=\"medo e persegui\u00e7\u00e3o\" href=\"http:\/\/click.emailabril.com.br\/?qs=86666099ed36bf05f0651f33cf7d75a46d1e83f844f4ee46f5caaf20bbce5bd9bf3770fb68fb2267c9aaa14217b4ee8ae779546be1fff744\" target=\"_blank\" rel=\"noopener noreferrer\" data-saferedirecturl=\"https:\/\/www.google.com\/url?q=http:\/\/click.emailabril.com.br\/?qs%3D86666099ed36bf05f0651f33cf7d75a46d1e83f844f4ee46f5caaf20bbce5bd9bf3770fb68fb2267c9aaa14217b4ee8ae779546be1fff744&amp;source=gmail&amp;ust=1591791541859000&amp;usg=AFQjCNEdQQS_3fm_oltBVhOBrxAb353sZw\">medo e persegui\u00e7\u00e3o<\/a>\u00a0<\/b>\u00a0entre os t\u00e9cnicos da pasta.<\/div>\n","protected":false},"excerpt":{"rendered":"<p>VEJA &#8211; At\u00e9 o momento, a pandemia do novo coronav\u00edrus j\u00e1 deixou 7.136.366\u00a0contaminados e\u00a0406.913\u00a0mortos no mundo. No Brasil s\u00e3o\u00a0707.412\u00a0contaminados e\u00a037.134\u00a0mortos. Depois das desastradas investidas do governo para mudar o m\u00e9todo de divulga\u00e7\u00e3o dos dados da Covid-19 em pleno auge da pandemia, Alexandre de Moraes\u00a0determinou\u00a0que o Minist\u00e9rio da Sa\u00fade volte a incluir os n\u00fameros acumulados nos boletins. Na decis\u00e3o, o ministro do STF afirmou que o desafio da crise sanit\u00e1ria &#8220;n\u00e3o pode ser minimizado&#8221;. A repercuss\u00e3o negativa tamb\u00e9m fez a pasta voltar a anunciar o balan\u00e7o mais cedo,\u00a0\u00e0s 18h. Al\u00e9m disso, o general Eduardo Pazuello, interino da Sa\u00fade, foi convidado a\u00a0dar explica\u00e7\u00f5es\u00a0na C\u00e2mara sobre o caso. Segundo o minist\u00e9rio, os dados divergentes que sa\u00edram no mesmo dia teriam sido provocados por&hellip; <\/p>\n","protected":false},"author":1,"featured_media":251245,"comment_status":"closed","ping_status":"closed","sticky":false,"template":"","format":"standard","meta":{"_acf_changed":false,"footnotes":""},"categories":[4],"tags":[],"class_list":["post-259249","post","type-post","status-publish","format-standard","has-post-thumbnail","hentry","category-saude"],"acf":[],"yoast_head":"<!-- This site is optimized with the Yoast SEO plugin v27.4 - https:\/\/yoast.com\/product\/yoast-seo-wordpress\/ -->\n<title>A guerra dos n\u00fameros e a &#039;manobra&#039; do governo Bolsonaro - Blog do Farn\u00e9sio<\/title>\n<meta name=\"robots\" content=\"index, follow, max-snippet:-1, max-image-preview:large, max-video-preview:-1\" \/>\n<link rel=\"canonical\" href=\"https:\/\/blogdofarnesio.com.br\/?p=259249\" \/>\n<meta property=\"og:locale\" content=\"pt_BR\" \/>\n<meta property=\"og:type\" content=\"article\" \/>\n<meta property=\"og:title\" content=\"A guerra dos n\u00fameros e a &#039;manobra&#039; do governo Bolsonaro - Blog do Farn\u00e9sio\" \/>\n<meta property=\"og:description\" content=\"VEJA &#8211; At\u00e9 o momento, a pandemia do novo coronav\u00edrus j\u00e1 deixou 7.136.366\u00a0contaminados e\u00a0406.913\u00a0mortos no mundo. No Brasil s\u00e3o\u00a0707.412\u00a0contaminados e\u00a037.134\u00a0mortos. Depois das desastradas investidas do governo para mudar o m\u00e9todo de divulga\u00e7\u00e3o dos dados da Covid-19 em pleno auge da pandemia, Alexandre de Moraes\u00a0determinou\u00a0que o Minist\u00e9rio da Sa\u00fade volte a incluir os n\u00fameros acumulados nos boletins. Na decis\u00e3o, o ministro do STF afirmou que o desafio da crise sanit\u00e1ria &#8220;n\u00e3o pode ser minimizado&#8221;. A repercuss\u00e3o negativa tamb\u00e9m fez a pasta voltar a anunciar o balan\u00e7o mais cedo,\u00a0\u00e0s 18h. Al\u00e9m disso, o general Eduardo Pazuello, interino da Sa\u00fade, foi convidado a\u00a0dar explica\u00e7\u00f5es\u00a0na C\u00e2mara sobre o caso. Segundo o minist\u00e9rio, os dados divergentes que sa\u00edram no mesmo dia teriam sido provocados por&hellip;\" \/>\n<meta property=\"og:url\" content=\"https:\/\/blogdofarnesio.com.br\/?p=259249\" \/>\n<meta property=\"og:site_name\" content=\"Blog do Farn\u00e9sio\" \/>\n<meta property=\"article:publisher\" content=\"https:\/\/www.facebook.com\/BlogQuerSaberPolitica\/\" \/>\n<meta property=\"article:published_time\" content=\"2020-06-09T14:02:26+00:00\" \/>\n<meta property=\"og:image\" content=\"https:\/\/blogdofarnesio.com.br\/wp-content\/uploads\/2020\/02\/blogqspcoronavirus-pernambuco.jpg\" \/>\n\t<meta property=\"og:image:width\" content=\"748\" \/>\n\t<meta property=\"og:image:height\" content=\"410\" \/>\n\t<meta property=\"og:image:type\" content=\"image\/jpeg\" \/>\n<meta name=\"author\" content=\"Farn\u00e9sio\" \/>\n<meta name=\"twitter:card\" content=\"summary_large_image\" \/>\n<meta name=\"twitter:label1\" content=\"Escrito por\" \/>\n\t<meta name=\"twitter:data1\" content=\"Farn\u00e9sio\" \/>\n\t<meta name=\"twitter:label2\" content=\"Est. tempo de leitura\" \/>\n\t<meta name=\"twitter:data2\" content=\"1 minuto\" \/>\n<script type=\"application\/ld+json\" class=\"yoast-schema-graph\">{\"@context\":\"https:\\\/\\\/schema.org\",\"@graph\":[{\"@type\":\"Article\",\"@id\":\"https:\\\/\\\/blogdofarnesio.com.br\\\/?p=259249#article\",\"isPartOf\":{\"@id\":\"https:\\\/\\\/blogdofarnesio.com.br\\\/?p=259249\"},\"author\":{\"name\":\"Farn\u00e9sio\",\"@id\":\"https:\\\/\\\/blogdofarnesio.com.br\\\/#\\\/schema\\\/person\\\/301c4acf522bccbfdb45af95b5b906a1\"},\"headline\":\"A guerra dos n\u00fameros e a &#8216;manobra&#8217; do governo Bolsonaro\",\"datePublished\":\"2020-06-09T14:02:26+00:00\",\"mainEntityOfPage\":{\"@id\":\"https:\\\/\\\/blogdofarnesio.com.br\\\/?p=259249\"},\"wordCount\":184,\"publisher\":{\"@id\":\"https:\\\/\\\/blogdofarnesio.com.br\\\/#organization\"},\"image\":{\"@id\":\"https:\\\/\\\/blogdofarnesio.com.br\\\/?p=259249#primaryimage\"},\"thumbnailUrl\":\"https:\\\/\\\/blogdofarnesio.com.br\\\/wp-content\\\/uploads\\\/2020\\\/02\\\/blogqspcoronavirus-pernambuco.jpg\",\"articleSection\":[\"Sa\u00fade\"],\"inLanguage\":\"pt-BR\"},{\"@type\":\"WebPage\",\"@id\":\"https:\\\/\\\/blogdofarnesio.com.br\\\/?p=259249\",\"url\":\"https:\\\/\\\/blogdofarnesio.com.br\\\/?p=259249\",\"name\":\"A guerra dos n\u00fameros e a 'manobra' do governo Bolsonaro - Blog do Farn\u00e9sio\",\"isPartOf\":{\"@id\":\"https:\\\/\\\/blogdofarnesio.com.br\\\/#website\"},\"primaryImageOfPage\":{\"@id\":\"https:\\\/\\\/blogdofarnesio.com.br\\\/?p=259249#primaryimage\"},\"image\":{\"@id\":\"https:\\\/\\\/blogdofarnesio.com.br\\\/?p=259249#primaryimage\"},\"thumbnailUrl\":\"https:\\\/\\\/blogdofarnesio.com.br\\\/wp-content\\\/uploads\\\/2020\\\/02\\\/blogqspcoronavirus-pernambuco.jpg\",\"datePublished\":\"2020-06-09T14:02:26+00:00\",\"breadcrumb\":{\"@id\":\"https:\\\/\\\/blogdofarnesio.com.br\\\/?p=259249#breadcrumb\"},\"inLanguage\":\"pt-BR\",\"potentialAction\":[{\"@type\":\"ReadAction\",\"target\":[\"https:\\\/\\\/blogdofarnesio.com.br\\\/?p=259249\"]}]},{\"@type\":\"ImageObject\",\"inLanguage\":\"pt-BR\",\"@id\":\"https:\\\/\\\/blogdofarnesio.com.br\\\/?p=259249#primaryimage\",\"url\":\"https:\\\/\\\/blogdofarnesio.com.br\\\/wp-content\\\/uploads\\\/2020\\\/02\\\/blogqspcoronavirus-pernambuco.jpg\",\"contentUrl\":\"https:\\\/\\\/blogdofarnesio.com.br\\\/wp-content\\\/uploads\\\/2020\\\/02\\\/blogqspcoronavirus-pernambuco.jpg\",\"width\":748,\"height\":410},{\"@type\":\"BreadcrumbList\",\"@id\":\"https:\\\/\\\/blogdofarnesio.com.br\\\/?p=259249#breadcrumb\",\"itemListElement\":[{\"@type\":\"ListItem\",\"position\":1,\"name\":\"In\u00edcio\",\"item\":\"https:\\\/\\\/blogdofarnesio.com.br\\\/\"},{\"@type\":\"ListItem\",\"position\":2,\"name\":\"A guerra dos n\u00fameros e a &#8216;manobra&#8217; do governo Bolsonaro\"}]},{\"@type\":\"WebSite\",\"@id\":\"https:\\\/\\\/blogdofarnesio.com.br\\\/#website\",\"url\":\"https:\\\/\\\/blogdofarnesio.com.br\\\/\",\"name\":\"Blog do Farn\u00e9sio\",\"description\":\"Quer Saber Pol\u00edtica?\",\"publisher\":{\"@id\":\"https:\\\/\\\/blogdofarnesio.com.br\\\/#organization\"},\"potentialAction\":[{\"@type\":\"SearchAction\",\"target\":{\"@type\":\"EntryPoint\",\"urlTemplate\":\"https:\\\/\\\/blogdofarnesio.com.br\\\/?s={search_term_string}\"},\"query-input\":{\"@type\":\"PropertyValueSpecification\",\"valueRequired\":true,\"valueName\":\"search_term_string\"}}],\"inLanguage\":\"pt-BR\"},{\"@type\":\"Organization\",\"@id\":\"https:\\\/\\\/blogdofarnesio.com.br\\\/#organization\",\"name\":\"Blog do Farn\u00e9sio\",\"url\":\"https:\\\/\\\/blogdofarnesio.com.br\\\/\",\"logo\":{\"@type\":\"ImageObject\",\"inLanguage\":\"pt-BR\",\"@id\":\"https:\\\/\\\/blogdofarnesio.com.br\\\/#\\\/schema\\\/logo\\\/image\\\/\",\"url\":\"https:\\\/\\\/blogdofarnesio.com.br\\\/wp-content\\\/uploads\\\/2026\\\/03\\\/cropped-logo_new-1.png\",\"contentUrl\":\"https:\\\/\\\/blogdofarnesio.com.br\\\/wp-content\\\/uploads\\\/2026\\\/03\\\/cropped-logo_new-1.png\",\"width\":881,\"height\":685,\"caption\":\"Blog do Farn\u00e9sio\"},\"image\":{\"@id\":\"https:\\\/\\\/blogdofarnesio.com.br\\\/#\\\/schema\\\/logo\\\/image\\\/\"},\"sameAs\":[\"https:\\\/\\\/www.facebook.com\\\/BlogQuerSaberPolitica\\\/\"]},{\"@type\":\"Person\",\"@id\":\"https:\\\/\\\/blogdofarnesio.com.br\\\/#\\\/schema\\\/person\\\/301c4acf522bccbfdb45af95b5b906a1\",\"name\":\"Farn\u00e9sio\",\"image\":{\"@type\":\"ImageObject\",\"inLanguage\":\"pt-BR\",\"@id\":\"https:\\\/\\\/secure.gravatar.com\\\/avatar\\\/df0c9a14567c056f8ad6876ba5bbd1e3e2c48023eb6807342fc4663adf549f38?s=96&d=mm&r=g\",\"url\":\"https:\\\/\\\/secure.gravatar.com\\\/avatar\\\/df0c9a14567c056f8ad6876ba5bbd1e3e2c48023eb6807342fc4663adf549f38?s=96&d=mm&r=g\",\"contentUrl\":\"https:\\\/\\\/secure.gravatar.com\\\/avatar\\\/df0c9a14567c056f8ad6876ba5bbd1e3e2c48023eb6807342fc4663adf549f38?s=96&d=mm&r=g\",\"caption\":\"Farn\u00e9sio\"},\"sameAs\":[\"https:\\\/\\\/quersaberpolitica.com.br\"],\"url\":\"https:\\\/\\\/blogdofarnesio.com.br\\\/?author=1\"}]}<\/script>\n<!-- \/ Yoast SEO plugin. -->","yoast_head_json":{"title":"A guerra dos n\u00fameros e a 'manobra' do governo Bolsonaro - Blog do Farn\u00e9sio","robots":{"index":"index","follow":"follow","max-snippet":"max-snippet:-1","max-image-preview":"max-image-preview:large","max-video-preview":"max-video-preview:-1"},"canonical":"https:\/\/blogdofarnesio.com.br\/?p=259249","og_locale":"pt_BR","og_type":"article","og_title":"A guerra dos n\u00fameros e a 'manobra' do governo Bolsonaro - Blog do Farn\u00e9sio","og_description":"VEJA &#8211; At\u00e9 o momento, a pandemia do novo coronav\u00edrus j\u00e1 deixou 7.136.366\u00a0contaminados e\u00a0406.913\u00a0mortos no mundo. No Brasil s\u00e3o\u00a0707.412\u00a0contaminados e\u00a037.134\u00a0mortos. Depois das desastradas investidas do governo para mudar o m\u00e9todo de divulga\u00e7\u00e3o dos dados da Covid-19 em pleno auge da pandemia, Alexandre de Moraes\u00a0determinou\u00a0que o Minist\u00e9rio da Sa\u00fade volte a incluir os n\u00fameros acumulados nos boletins. Na decis\u00e3o, o ministro do STF afirmou que o desafio da crise sanit\u00e1ria &#8220;n\u00e3o pode ser minimizado&#8221;. A repercuss\u00e3o negativa tamb\u00e9m fez a pasta voltar a anunciar o balan\u00e7o mais cedo,\u00a0\u00e0s 18h. Al\u00e9m disso, o general Eduardo Pazuello, interino da Sa\u00fade, foi convidado a\u00a0dar explica\u00e7\u00f5es\u00a0na C\u00e2mara sobre o caso. Segundo o minist\u00e9rio, os dados divergentes que sa\u00edram no mesmo dia teriam sido provocados por&hellip;","og_url":"https:\/\/blogdofarnesio.com.br\/?p=259249","og_site_name":"Blog do Farn\u00e9sio","article_publisher":"https:\/\/www.facebook.com\/BlogQuerSaberPolitica\/","article_published_time":"2020-06-09T14:02:26+00:00","og_image":[{"width":748,"height":410,"url":"https:\/\/blogdofarnesio.com.br\/wp-content\/uploads\/2020\/02\/blogqspcoronavirus-pernambuco.jpg","type":"image\/jpeg"}],"author":"Farn\u00e9sio","twitter_card":"summary_large_image","twitter_misc":{"Escrito por":"Farn\u00e9sio","Est. tempo de leitura":"1 minuto"},"schema":{"@context":"https:\/\/schema.org","@graph":[{"@type":"Article","@id":"https:\/\/blogdofarnesio.com.br\/?p=259249#article","isPartOf":{"@id":"https:\/\/blogdofarnesio.com.br\/?p=259249"},"author":{"name":"Farn\u00e9sio","@id":"https:\/\/blogdofarnesio.com.br\/#\/schema\/person\/301c4acf522bccbfdb45af95b5b906a1"},"headline":"A guerra dos n\u00fameros e a &#8216;manobra&#8217; do governo Bolsonaro","datePublished":"2020-06-09T14:02:26+00:00","mainEntityOfPage":{"@id":"https:\/\/blogdofarnesio.com.br\/?p=259249"},"wordCount":184,"publisher":{"@id":"https:\/\/blogdofarnesio.com.br\/#organization"},"image":{"@id":"https:\/\/blogdofarnesio.com.br\/?p=259249#primaryimage"},"thumbnailUrl":"https:\/\/blogdofarnesio.com.br\/wp-content\/uploads\/2020\/02\/blogqspcoronavirus-pernambuco.jpg","articleSection":["Sa\u00fade"],"inLanguage":"pt-BR"},{"@type":"WebPage","@id":"https:\/\/blogdofarnesio.com.br\/?p=259249","url":"https:\/\/blogdofarnesio.com.br\/?p=259249","name":"A guerra dos n\u00fameros e a 'manobra' do governo Bolsonaro - Blog do Farn\u00e9sio","isPartOf":{"@id":"https:\/\/blogdofarnesio.com.br\/#website"},"primaryImageOfPage":{"@id":"https:\/\/blogdofarnesio.com.br\/?p=259249#primaryimage"},"image":{"@id":"https:\/\/blogdofarnesio.com.br\/?p=259249#primaryimage"},"thumbnailUrl":"https:\/\/blogdofarnesio.com.br\/wp-content\/uploads\/2020\/02\/blogqspcoronavirus-pernambuco.jpg","datePublished":"2020-06-09T14:02:26+00:00","breadcrumb":{"@id":"https:\/\/blogdofarnesio.com.br\/?p=259249#breadcrumb"},"inLanguage":"pt-BR","potentialAction":[{"@type":"ReadAction","target":["https:\/\/blogdofarnesio.com.br\/?p=259249"]}]},{"@type":"ImageObject","inLanguage":"pt-BR","@id":"https:\/\/blogdofarnesio.com.br\/?p=259249#primaryimage","url":"https:\/\/blogdofarnesio.com.br\/wp-content\/uploads\/2020\/02\/blogqspcoronavirus-pernambuco.jpg","contentUrl":"https:\/\/blogdofarnesio.com.br\/wp-content\/uploads\/2020\/02\/blogqspcoronavirus-pernambuco.jpg","width":748,"height":410},{"@type":"BreadcrumbList","@id":"https:\/\/blogdofarnesio.com.br\/?p=259249#breadcrumb","itemListElement":[{"@type":"ListItem","position":1,"name":"In\u00edcio","item":"https:\/\/blogdofarnesio.com.br\/"},{"@type":"ListItem","position":2,"name":"A guerra dos n\u00fameros e a &#8216;manobra&#8217; do governo Bolsonaro"}]},{"@type":"WebSite","@id":"https:\/\/blogdofarnesio.com.br\/#website","url":"https:\/\/blogdofarnesio.com.br\/","name":"Blog do Farn\u00e9sio","description":"Quer Saber Pol\u00edtica?","publisher":{"@id":"https:\/\/blogdofarnesio.com.br\/#organization"},"potentialAction":[{"@type":"SearchAction","target":{"@type":"EntryPoint","urlTemplate":"https:\/\/blogdofarnesio.com.br\/?s={search_term_string}"},"query-input":{"@type":"PropertyValueSpecification","valueRequired":true,"valueName":"search_term_string"}}],"inLanguage":"pt-BR"},{"@type":"Organization","@id":"https:\/\/blogdofarnesio.com.br\/#organization","name":"Blog do Farn\u00e9sio","url":"https:\/\/blogdofarnesio.com.br\/","logo":{"@type":"ImageObject","inLanguage":"pt-BR","@id":"https:\/\/blogdofarnesio.com.br\/#\/schema\/logo\/image\/","url":"https:\/\/blogdofarnesio.com.br\/wp-content\/uploads\/2026\/03\/cropped-logo_new-1.png","contentUrl":"https:\/\/blogdofarnesio.com.br\/wp-content\/uploads\/2026\/03\/cropped-logo_new-1.png","width":881,"height":685,"caption":"Blog do Farn\u00e9sio"},"image":{"@id":"https:\/\/blogdofarnesio.com.br\/#\/schema\/logo\/image\/"},"sameAs":["https:\/\/www.facebook.com\/BlogQuerSaberPolitica\/"]},{"@type":"Person","@id":"https:\/\/blogdofarnesio.com.br\/#\/schema\/person\/301c4acf522bccbfdb45af95b5b906a1","name":"Farn\u00e9sio","image":{"@type":"ImageObject","inLanguage":"pt-BR","@id":"https:\/\/secure.gravatar.com\/avatar\/df0c9a14567c056f8ad6876ba5bbd1e3e2c48023eb6807342fc4663adf549f38?s=96&d=mm&r=g","url":"https:\/\/secure.gravatar.com\/avatar\/df0c9a14567c056f8ad6876ba5bbd1e3e2c48023eb6807342fc4663adf549f38?s=96&d=mm&r=g","contentUrl":"https:\/\/secure.gravatar.com\/avatar\/df0c9a14567c056f8ad6876ba5bbd1e3e2c48023eb6807342fc4663adf549f38?s=96&d=mm&r=g","caption":"Farn\u00e9sio"},"sameAs":["https:\/\/quersaberpolitica.com.br"],"url":"https:\/\/blogdofarnesio.com.br\/?author=1"}]}},"_links":{"self":[{"href":"https:\/\/blogdofarnesio.com.br\/index.php?rest_route=\/wp\/v2\/posts\/259249","targetHints":{"allow":["GET"]}}],"collection":[{"href":"https:\/\/blogdofarnesio.com.br\/index.php?rest_route=\/wp\/v2\/posts"}],"about":[{"href":"https:\/\/blogdofarnesio.com.br\/index.php?rest_route=\/wp\/v2\/types\/post"}],"author":[{"embeddable":true,"href":"https:\/\/blogdofarnesio.com.br\/index.php?rest_route=\/wp\/v2\/users\/1"}],"replies":[{"embeddable":true,"href":"https:\/\/blogdofarnesio.com.br\/index.php?rest_route=%2Fwp%2Fv2%2Fcomments&post=259249"}],"version-history":[{"count":0,"href":"https:\/\/blogdofarnesio.com.br\/index.php?rest_route=\/wp\/v2\/posts\/259249\/revisions"}],"wp:featuredmedia":[{"embeddable":true,"href":"https:\/\/blogdofarnesio.com.br\/index.php?rest_route=\/wp\/v2\/media\/251245"}],"wp:attachment":[{"href":"https:\/\/blogdofarnesio.com.br\/index.php?rest_route=%2Fwp%2Fv2%2Fmedia&parent=259249"}],"wp:term":[{"taxonomy":"category","embeddable":true,"href":"https:\/\/blogdofarnesio.com.br\/index.php?rest_route=%2Fwp%2Fv2%2Fcategories&post=259249"},{"taxonomy":"post_tag","embeddable":true,"href":"https:\/\/blogdofarnesio.com.br\/index.php?rest_route=%2Fwp%2Fv2%2Ftags&post=259249"}],"curies":[{"name":"wp","href":"https:\/\/api.w.org\/{rel}","templated":true}]}}