{"id":259242,"date":"2020-06-09T09:20:17","date_gmt":"2020-06-09T12:20:17","guid":{"rendered":"http:\/\/quersaberpolitica.com.br\/2016\/?p=259242"},"modified":"2020-06-09T08:39:15","modified_gmt":"2020-06-09T11:39:15","slug":"em-debate-vereadores-executivo-e-conselheiros-do-ipj-concordam-com-a-necessidade-de-votar-moratoria-da-divida","status":"publish","type":"post","link":"https:\/\/blogdofarnesio.com.br\/?p=259242","title":{"rendered":"Em debate, Vereadores, Executivo e Conselheiros do IPJ  concordam com a necessidade de votar morat\u00f3ria da d\u00edvida"},"content":{"rendered":"<p>O Presidente Alex Tanuri, representando a C\u00e2mara de Vereadores de Juazeiro, participou na tarde desta segunda-feira (08\/06) de uma reuni\u00e3o entre os maiores interessados no Projeto de Lei encaminhado pelo Executivo Municipal que prev\u00ea suspens\u00e3o tempor\u00e1ria e excepcional, e mar\u00e7o a dezembro de 2020, do pagamento da d\u00edvida do Executivo Municipal com o Instituto de Previd\u00eancia de Juazeiro.<\/p>\n<p>Jos\u00e9 Su\u00e9lio Ferreira, Presidente do Conselho Deliberativo do IPJ, reconhece \u201cas dificuldades vividas em raz\u00e3o da pandemia\u201d e n\u00e3o \u00e9 contr\u00e1rio \u00e0 aprova\u00e7\u00e3o da morat\u00f3ria, desde que haja posicionamento sobre uma d\u00edvida do Executivo com o IPJ no valor de 2,5 milh\u00f5es e analisa que \u201cOs recursos ser\u00e3o ressarcidos ao Instituto a partir do ano que vem, com juros e corre\u00e7\u00e3o. \u00c9 uma aplica\u00e7\u00e3o no Executivo municipal, mais rent\u00e1vel que no mercado financeiro\u201d.<\/p>\n<p>O Presidente do Conselho Fiscal do IPJ, Gilmar Nery, tem uma posi\u00e7\u00e3o de que n\u00e3o se deveria aceitar essa morat\u00f3ria: \u201c\u00c9 preciso ficar bem claro que meu posicionamento \u00e9 contr\u00e1rio a isso\u201d e explica: \u201cEssa reuni\u00e3o, que foi extensiva a todos os conselheiros, n\u00e3o foi uma vota\u00e7\u00e3o para aprovar ou n\u00e3o. \u00c9 uma decis\u00e3o do Executivo que nem poderia, nem precisa passar, pelo Conselho. \u00c9 uma quest\u00e3o \u00fanica do Munic\u00edpio, mas Alex Tanuri pediu, disse que s\u00f3 colocaria essa mat\u00e9ria quando fosse ouvida a opini\u00e3o dos Conselhos\u201d.<\/p>\n<p>Apesar do posicionamento contr\u00e1rio, sempre lembrando que n\u00e3o \u00e9 posi\u00e7\u00e3o oficial ou delibera\u00e7\u00e3o dos Conselhos, Gilmar Nery, explica que \u201ca prefeitura tem uma d\u00edvida com o IPJ de 2 milh\u00f5es, quinhentos e setenta e sete mil reais, que precisa ser confessada pelo Munic\u00edpio e o posicionamento, favor\u00e1vel ou n\u00e3o, depende da manifesta\u00e7\u00e3o do munic\u00edpio de quando vai repassar esse valor\u201d e ao final registra o compromisso do Secret\u00e1rio Vilmar Ferreira de colocar os Conselhos do IPJ com o Procurador e resolver essa quest\u00e3o\u201d. O posicionamento ficou condicionado ao encaminhamento dessa quest\u00e3o.<\/p>\n<p>Al\u00e9m da d\u00edvida que os Conselhos querem reconhecida, Nery ainda cobrou a realiza\u00e7\u00e3o de concurso p\u00fablico: \u201cDesde que o munic\u00edpio resolva essas quest\u00f5es de concurso p\u00fablico, do resgate dos 2,5 milh\u00f5es e a gente poderia at\u00e9 estar favor\u00e1vel ao (morat\u00f3ria no) repasse do munic\u00edpio. De mar\u00e7o a dezembro\u201d.<\/p>\n<p>O Diretor Presidente do IPJ, Antonio Carlos dos Santos, emitiu uma nota p\u00fablica onde reitera a mesma posi\u00e7\u00e3o de defesa do projeto, acrescentando que \u201c\u00e9 preciso deixar claro que o objetivo do projeto submetido \u00e0 aprecia\u00e7\u00e3o do Poder Legislativo n\u00e3o autoriza a utiliza\u00e7\u00e3o dos recursos previdenci\u00e1rios para execu\u00e7\u00e3o de qualquer tipo de a\u00e7\u00e3o de combate \u00e0 COVID-19. Os recursos previdenci\u00e1rios somente podem ser utilizados para os fins previstos na Constitui\u00e7\u00e3o Federal e isso n\u00e3o est\u00e1 sendo discutido\u201d.<\/p>\n<p>\u201c\u00c9 muito importante que isso fique claro, pois da forma leviana como o assunto foi tratado, fica parecendo que o IPJ estaria perdendo dinheiro ou que tais valores seriam utilizados para finalidade ilegal, o que n\u00e3o \u00e9 verdade\u201d &#8211; Explica na nota.<\/p>\n<p>Para Vilmar Ferreira, Secret\u00e1rio de Gest\u00e3o da Prefeitura de Juazeiro, o projeto \u00e9 uma proposi\u00e7\u00e3o definida na Lei Complementar n\u00ba. 173\/2020 autorizando a concess\u00e3o de morat\u00f3ria no pagamento de d\u00edvidas do executivo municipal a autarquias e \u00f3rg\u00e3os previdenci\u00e1rios locais. N\u00e3o interfere na receita atual, n\u00e3o cria mais obriga\u00e7\u00f5es e n\u00e3o autoriza o uso destes recursos em outra finalidade.<\/p>\n<p>Alex Tanuri, se disse satisfeito de poder participar deste processo de discuss\u00e3o, \u201cesclarecedor e transparente\u201d. \u201cA C\u00e2mara vota sempre visando o interesse da maioria e este projeto atende a todos os servidores\u201d, garantindo que acompanhar\u00e1 as demandas colocadas pelos Presidente dos Conselhos e que a C\u00e2mara de Vereadores de Juazeiro apresentar\u00e1 uma emenda coletiva determinando que o Executivo municipal preste contas mensalmente dos recursos que deixarem de ser pagos ao IPJ.<\/p>\n<p>Participaram da reuni\u00e3o, realizada por video conferencia, conduzida pelo Presidente Alex Tanuri, diversos outros Conselheiros do IPJ.<\/p>\n","protected":false},"excerpt":{"rendered":"<p>O Presidente Alex Tanuri, representando a C\u00e2mara de Vereadores de Juazeiro, participou na tarde desta segunda-feira (08\/06) de uma reuni\u00e3o entre os maiores interessados no Projeto de Lei encaminhado pelo Executivo Municipal que prev\u00ea suspens\u00e3o tempor\u00e1ria e excepcional, e mar\u00e7o a dezembro de 2020, do pagamento da d\u00edvida do Executivo Municipal com o Instituto de Previd\u00eancia de Juazeiro. Jos\u00e9 Su\u00e9lio Ferreira, Presidente do Conselho Deliberativo do IPJ, reconhece \u201cas dificuldades vividas em raz\u00e3o da pandemia\u201d e n\u00e3o \u00e9 contr\u00e1rio \u00e0 aprova\u00e7\u00e3o da morat\u00f3ria, desde que haja posicionamento sobre uma d\u00edvida do Executivo com o IPJ no valor de 2,5 milh\u00f5es e analisa que \u201cOs recursos ser\u00e3o ressarcidos ao Instituto a partir do ano que vem, com juros e corre\u00e7\u00e3o. \u00c9&hellip; <\/p>\n","protected":false},"author":1,"featured_media":259243,"comment_status":"closed","ping_status":"closed","sticky":false,"template":"","format":"standard","meta":{"_acf_changed":false,"footnotes":""},"categories":[1],"tags":[],"class_list":["post-259242","post","type-post","status-publish","format-standard","has-post-thumbnail","hentry","category-politica"],"acf":[],"yoast_head":"<!-- This site is optimized with the Yoast SEO plugin v27.4 - https:\/\/yoast.com\/product\/yoast-seo-wordpress\/ -->\n<title>Em debate, Vereadores, Executivo e Conselheiros do IPJ concordam com a necessidade de votar morat\u00f3ria da d\u00edvida - Blog do Farn\u00e9sio<\/title>\n<meta name=\"robots\" content=\"index, follow, max-snippet:-1, max-image-preview:large, max-video-preview:-1\" \/>\n<link rel=\"canonical\" href=\"https:\/\/blogdofarnesio.com.br\/?p=259242\" \/>\n<meta property=\"og:locale\" content=\"pt_BR\" \/>\n<meta property=\"og:type\" content=\"article\" \/>\n<meta property=\"og:title\" content=\"Em debate, Vereadores, Executivo e Conselheiros do IPJ concordam com a necessidade de votar morat\u00f3ria da d\u00edvida - Blog do Farn\u00e9sio\" \/>\n<meta property=\"og:description\" content=\"O Presidente Alex Tanuri, representando a C\u00e2mara de Vereadores de Juazeiro, participou na tarde desta segunda-feira (08\/06) de uma reuni\u00e3o entre os maiores interessados no Projeto de Lei encaminhado pelo Executivo Municipal que prev\u00ea suspens\u00e3o tempor\u00e1ria e excepcional, e mar\u00e7o a dezembro de 2020, do pagamento da d\u00edvida do Executivo Municipal com o Instituto de Previd\u00eancia de Juazeiro. Jos\u00e9 Su\u00e9lio Ferreira, Presidente do Conselho Deliberativo do IPJ, reconhece \u201cas dificuldades vividas em raz\u00e3o da pandemia\u201d e n\u00e3o \u00e9 contr\u00e1rio \u00e0 aprova\u00e7\u00e3o da morat\u00f3ria, desde que haja posicionamento sobre uma d\u00edvida do Executivo com o IPJ no valor de 2,5 milh\u00f5es e analisa que \u201cOs recursos ser\u00e3o ressarcidos ao Instituto a partir do ano que vem, com juros e corre\u00e7\u00e3o. \u00c9&hellip;\" \/>\n<meta property=\"og:url\" content=\"https:\/\/blogdofarnesio.com.br\/?p=259242\" \/>\n<meta property=\"og:site_name\" content=\"Blog do Farn\u00e9sio\" \/>\n<meta property=\"article:publisher\" content=\"https:\/\/www.facebook.com\/BlogQuerSaberPolitica\/\" \/>\n<meta property=\"article:published_time\" content=\"2020-06-09T12:20:17+00:00\" \/>\n<meta property=\"og:image\" content=\"https:\/\/blogdofarnesio.com.br\/wp-content\/uploads\/2020\/06\/blogqslive-pjua-ver-APLB-e-IPJ-e-Executivo-e1591702729696.jpeg\" \/>\n\t<meta property=\"og:image:width\" content=\"642\" \/>\n\t<meta property=\"og:image:height\" content=\"271\" \/>\n\t<meta property=\"og:image:type\" content=\"image\/jpeg\" \/>\n<meta name=\"author\" content=\"Farn\u00e9sio\" \/>\n<meta name=\"twitter:card\" content=\"summary_large_image\" \/>\n<meta name=\"twitter:label1\" content=\"Escrito por\" \/>\n\t<meta name=\"twitter:data1\" content=\"Farn\u00e9sio\" \/>\n\t<meta name=\"twitter:label2\" content=\"Est. tempo de leitura\" \/>\n\t<meta name=\"twitter:data2\" content=\"3 minutos\" \/>\n<script type=\"application\/ld+json\" class=\"yoast-schema-graph\">{\"@context\":\"https:\\\/\\\/schema.org\",\"@graph\":[{\"@type\":\"Article\",\"@id\":\"https:\\\/\\\/blogdofarnesio.com.br\\\/?p=259242#article\",\"isPartOf\":{\"@id\":\"https:\\\/\\\/blogdofarnesio.com.br\\\/?p=259242\"},\"author\":{\"name\":\"Farn\u00e9sio\",\"@id\":\"https:\\\/\\\/blogdofarnesio.com.br\\\/#\\\/schema\\\/person\\\/301c4acf522bccbfdb45af95b5b906a1\"},\"headline\":\"Em debate, Vereadores, Executivo e Conselheiros do IPJ concordam com a necessidade de votar morat\u00f3ria da d\u00edvida\",\"datePublished\":\"2020-06-09T12:20:17+00:00\",\"mainEntityOfPage\":{\"@id\":\"https:\\\/\\\/blogdofarnesio.com.br\\\/?p=259242\"},\"wordCount\":707,\"publisher\":{\"@id\":\"https:\\\/\\\/blogdofarnesio.com.br\\\/#organization\"},\"image\":{\"@id\":\"https:\\\/\\\/blogdofarnesio.com.br\\\/?p=259242#primaryimage\"},\"thumbnailUrl\":\"https:\\\/\\\/blogdofarnesio.com.br\\\/wp-content\\\/uploads\\\/2020\\\/06\\\/blogqslive-pjua-ver-APLB-e-IPJ-e-Executivo-e1591702729696.jpeg\",\"articleSection\":[\"Pol\u00edtica\"],\"inLanguage\":\"pt-BR\"},{\"@type\":\"WebPage\",\"@id\":\"https:\\\/\\\/blogdofarnesio.com.br\\\/?p=259242\",\"url\":\"https:\\\/\\\/blogdofarnesio.com.br\\\/?p=259242\",\"name\":\"Em debate, Vereadores, Executivo e Conselheiros do IPJ concordam com a necessidade de votar morat\u00f3ria da d\u00edvida - Blog do Farn\u00e9sio\",\"isPartOf\":{\"@id\":\"https:\\\/\\\/blogdofarnesio.com.br\\\/#website\"},\"primaryImageOfPage\":{\"@id\":\"https:\\\/\\\/blogdofarnesio.com.br\\\/?p=259242#primaryimage\"},\"image\":{\"@id\":\"https:\\\/\\\/blogdofarnesio.com.br\\\/?p=259242#primaryimage\"},\"thumbnailUrl\":\"https:\\\/\\\/blogdofarnesio.com.br\\\/wp-content\\\/uploads\\\/2020\\\/06\\\/blogqslive-pjua-ver-APLB-e-IPJ-e-Executivo-e1591702729696.jpeg\",\"datePublished\":\"2020-06-09T12:20:17+00:00\",\"breadcrumb\":{\"@id\":\"https:\\\/\\\/blogdofarnesio.com.br\\\/?p=259242#breadcrumb\"},\"inLanguage\":\"pt-BR\",\"potentialAction\":[{\"@type\":\"ReadAction\",\"target\":[\"https:\\\/\\\/blogdofarnesio.com.br\\\/?p=259242\"]}]},{\"@type\":\"ImageObject\",\"inLanguage\":\"pt-BR\",\"@id\":\"https:\\\/\\\/blogdofarnesio.com.br\\\/?p=259242#primaryimage\",\"url\":\"https:\\\/\\\/blogdofarnesio.com.br\\\/wp-content\\\/uploads\\\/2020\\\/06\\\/blogqslive-pjua-ver-APLB-e-IPJ-e-Executivo-e1591702729696.jpeg\",\"contentUrl\":\"https:\\\/\\\/blogdofarnesio.com.br\\\/wp-content\\\/uploads\\\/2020\\\/06\\\/blogqslive-pjua-ver-APLB-e-IPJ-e-Executivo-e1591702729696.jpeg\",\"width\":642,\"height\":271},{\"@type\":\"BreadcrumbList\",\"@id\":\"https:\\\/\\\/blogdofarnesio.com.br\\\/?p=259242#breadcrumb\",\"itemListElement\":[{\"@type\":\"ListItem\",\"position\":1,\"name\":\"In\u00edcio\",\"item\":\"https:\\\/\\\/blogdofarnesio.com.br\\\/\"},{\"@type\":\"ListItem\",\"position\":2,\"name\":\"Em debate, Vereadores, Executivo e Conselheiros do IPJ concordam com a necessidade de votar morat\u00f3ria da d\u00edvida\"}]},{\"@type\":\"WebSite\",\"@id\":\"https:\\\/\\\/blogdofarnesio.com.br\\\/#website\",\"url\":\"https:\\\/\\\/blogdofarnesio.com.br\\\/\",\"name\":\"Blog do Farn\u00e9sio\",\"description\":\"Quer Saber Pol\u00edtica?\",\"publisher\":{\"@id\":\"https:\\\/\\\/blogdofarnesio.com.br\\\/#organization\"},\"potentialAction\":[{\"@type\":\"SearchAction\",\"target\":{\"@type\":\"EntryPoint\",\"urlTemplate\":\"https:\\\/\\\/blogdofarnesio.com.br\\\/?s={search_term_string}\"},\"query-input\":{\"@type\":\"PropertyValueSpecification\",\"valueRequired\":true,\"valueName\":\"search_term_string\"}}],\"inLanguage\":\"pt-BR\"},{\"@type\":\"Organization\",\"@id\":\"https:\\\/\\\/blogdofarnesio.com.br\\\/#organization\",\"name\":\"Blog do Farn\u00e9sio\",\"url\":\"https:\\\/\\\/blogdofarnesio.com.br\\\/\",\"logo\":{\"@type\":\"ImageObject\",\"inLanguage\":\"pt-BR\",\"@id\":\"https:\\\/\\\/blogdofarnesio.com.br\\\/#\\\/schema\\\/logo\\\/image\\\/\",\"url\":\"https:\\\/\\\/blogdofarnesio.com.br\\\/wp-content\\\/uploads\\\/2026\\\/03\\\/cropped-logo_new-1.png\",\"contentUrl\":\"https:\\\/\\\/blogdofarnesio.com.br\\\/wp-content\\\/uploads\\\/2026\\\/03\\\/cropped-logo_new-1.png\",\"width\":881,\"height\":685,\"caption\":\"Blog do Farn\u00e9sio\"},\"image\":{\"@id\":\"https:\\\/\\\/blogdofarnesio.com.br\\\/#\\\/schema\\\/logo\\\/image\\\/\"},\"sameAs\":[\"https:\\\/\\\/www.facebook.com\\\/BlogQuerSaberPolitica\\\/\"]},{\"@type\":\"Person\",\"@id\":\"https:\\\/\\\/blogdofarnesio.com.br\\\/#\\\/schema\\\/person\\\/301c4acf522bccbfdb45af95b5b906a1\",\"name\":\"Farn\u00e9sio\",\"image\":{\"@type\":\"ImageObject\",\"inLanguage\":\"pt-BR\",\"@id\":\"https:\\\/\\\/secure.gravatar.com\\\/avatar\\\/df0c9a14567c056f8ad6876ba5bbd1e3e2c48023eb6807342fc4663adf549f38?s=96&d=mm&r=g\",\"url\":\"https:\\\/\\\/secure.gravatar.com\\\/avatar\\\/df0c9a14567c056f8ad6876ba5bbd1e3e2c48023eb6807342fc4663adf549f38?s=96&d=mm&r=g\",\"contentUrl\":\"https:\\\/\\\/secure.gravatar.com\\\/avatar\\\/df0c9a14567c056f8ad6876ba5bbd1e3e2c48023eb6807342fc4663adf549f38?s=96&d=mm&r=g\",\"caption\":\"Farn\u00e9sio\"},\"sameAs\":[\"https:\\\/\\\/quersaberpolitica.com.br\"],\"url\":\"https:\\\/\\\/blogdofarnesio.com.br\\\/?author=1\"}]}<\/script>\n<!-- \/ Yoast SEO plugin. -->","yoast_head_json":{"title":"Em debate, Vereadores, Executivo e Conselheiros do IPJ concordam com a necessidade de votar morat\u00f3ria da d\u00edvida - Blog do Farn\u00e9sio","robots":{"index":"index","follow":"follow","max-snippet":"max-snippet:-1","max-image-preview":"max-image-preview:large","max-video-preview":"max-video-preview:-1"},"canonical":"https:\/\/blogdofarnesio.com.br\/?p=259242","og_locale":"pt_BR","og_type":"article","og_title":"Em debate, Vereadores, Executivo e Conselheiros do IPJ concordam com a necessidade de votar morat\u00f3ria da d\u00edvida - Blog do Farn\u00e9sio","og_description":"O Presidente Alex Tanuri, representando a C\u00e2mara de Vereadores de Juazeiro, participou na tarde desta segunda-feira (08\/06) de uma reuni\u00e3o entre os maiores interessados no Projeto de Lei encaminhado pelo Executivo Municipal que prev\u00ea suspens\u00e3o tempor\u00e1ria e excepcional, e mar\u00e7o a dezembro de 2020, do pagamento da d\u00edvida do Executivo Municipal com o Instituto de Previd\u00eancia de Juazeiro. Jos\u00e9 Su\u00e9lio Ferreira, Presidente do Conselho Deliberativo do IPJ, reconhece \u201cas dificuldades vividas em raz\u00e3o da pandemia\u201d e n\u00e3o \u00e9 contr\u00e1rio \u00e0 aprova\u00e7\u00e3o da morat\u00f3ria, desde que haja posicionamento sobre uma d\u00edvida do Executivo com o IPJ no valor de 2,5 milh\u00f5es e analisa que \u201cOs recursos ser\u00e3o ressarcidos ao Instituto a partir do ano que vem, com juros e corre\u00e7\u00e3o. \u00c9&hellip;","og_url":"https:\/\/blogdofarnesio.com.br\/?p=259242","og_site_name":"Blog do Farn\u00e9sio","article_publisher":"https:\/\/www.facebook.com\/BlogQuerSaberPolitica\/","article_published_time":"2020-06-09T12:20:17+00:00","og_image":[{"width":642,"height":271,"url":"https:\/\/blogdofarnesio.com.br\/wp-content\/uploads\/2020\/06\/blogqslive-pjua-ver-APLB-e-IPJ-e-Executivo-e1591702729696.jpeg","type":"image\/jpeg"}],"author":"Farn\u00e9sio","twitter_card":"summary_large_image","twitter_misc":{"Escrito por":"Farn\u00e9sio","Est. tempo de leitura":"3 minutos"},"schema":{"@context":"https:\/\/schema.org","@graph":[{"@type":"Article","@id":"https:\/\/blogdofarnesio.com.br\/?p=259242#article","isPartOf":{"@id":"https:\/\/blogdofarnesio.com.br\/?p=259242"},"author":{"name":"Farn\u00e9sio","@id":"https:\/\/blogdofarnesio.com.br\/#\/schema\/person\/301c4acf522bccbfdb45af95b5b906a1"},"headline":"Em debate, Vereadores, Executivo e Conselheiros do IPJ concordam com a necessidade de votar morat\u00f3ria da d\u00edvida","datePublished":"2020-06-09T12:20:17+00:00","mainEntityOfPage":{"@id":"https:\/\/blogdofarnesio.com.br\/?p=259242"},"wordCount":707,"publisher":{"@id":"https:\/\/blogdofarnesio.com.br\/#organization"},"image":{"@id":"https:\/\/blogdofarnesio.com.br\/?p=259242#primaryimage"},"thumbnailUrl":"https:\/\/blogdofarnesio.com.br\/wp-content\/uploads\/2020\/06\/blogqslive-pjua-ver-APLB-e-IPJ-e-Executivo-e1591702729696.jpeg","articleSection":["Pol\u00edtica"],"inLanguage":"pt-BR"},{"@type":"WebPage","@id":"https:\/\/blogdofarnesio.com.br\/?p=259242","url":"https:\/\/blogdofarnesio.com.br\/?p=259242","name":"Em debate, Vereadores, Executivo e Conselheiros do IPJ concordam com a necessidade de votar morat\u00f3ria da d\u00edvida - Blog do Farn\u00e9sio","isPartOf":{"@id":"https:\/\/blogdofarnesio.com.br\/#website"},"primaryImageOfPage":{"@id":"https:\/\/blogdofarnesio.com.br\/?p=259242#primaryimage"},"image":{"@id":"https:\/\/blogdofarnesio.com.br\/?p=259242#primaryimage"},"thumbnailUrl":"https:\/\/blogdofarnesio.com.br\/wp-content\/uploads\/2020\/06\/blogqslive-pjua-ver-APLB-e-IPJ-e-Executivo-e1591702729696.jpeg","datePublished":"2020-06-09T12:20:17+00:00","breadcrumb":{"@id":"https:\/\/blogdofarnesio.com.br\/?p=259242#breadcrumb"},"inLanguage":"pt-BR","potentialAction":[{"@type":"ReadAction","target":["https:\/\/blogdofarnesio.com.br\/?p=259242"]}]},{"@type":"ImageObject","inLanguage":"pt-BR","@id":"https:\/\/blogdofarnesio.com.br\/?p=259242#primaryimage","url":"https:\/\/blogdofarnesio.com.br\/wp-content\/uploads\/2020\/06\/blogqslive-pjua-ver-APLB-e-IPJ-e-Executivo-e1591702729696.jpeg","contentUrl":"https:\/\/blogdofarnesio.com.br\/wp-content\/uploads\/2020\/06\/blogqslive-pjua-ver-APLB-e-IPJ-e-Executivo-e1591702729696.jpeg","width":642,"height":271},{"@type":"BreadcrumbList","@id":"https:\/\/blogdofarnesio.com.br\/?p=259242#breadcrumb","itemListElement":[{"@type":"ListItem","position":1,"name":"In\u00edcio","item":"https:\/\/blogdofarnesio.com.br\/"},{"@type":"ListItem","position":2,"name":"Em debate, Vereadores, Executivo e Conselheiros do IPJ concordam com a necessidade de votar morat\u00f3ria da d\u00edvida"}]},{"@type":"WebSite","@id":"https:\/\/blogdofarnesio.com.br\/#website","url":"https:\/\/blogdofarnesio.com.br\/","name":"Blog do Farn\u00e9sio","description":"Quer Saber Pol\u00edtica?","publisher":{"@id":"https:\/\/blogdofarnesio.com.br\/#organization"},"potentialAction":[{"@type":"SearchAction","target":{"@type":"EntryPoint","urlTemplate":"https:\/\/blogdofarnesio.com.br\/?s={search_term_string}"},"query-input":{"@type":"PropertyValueSpecification","valueRequired":true,"valueName":"search_term_string"}}],"inLanguage":"pt-BR"},{"@type":"Organization","@id":"https:\/\/blogdofarnesio.com.br\/#organization","name":"Blog do Farn\u00e9sio","url":"https:\/\/blogdofarnesio.com.br\/","logo":{"@type":"ImageObject","inLanguage":"pt-BR","@id":"https:\/\/blogdofarnesio.com.br\/#\/schema\/logo\/image\/","url":"https:\/\/blogdofarnesio.com.br\/wp-content\/uploads\/2026\/03\/cropped-logo_new-1.png","contentUrl":"https:\/\/blogdofarnesio.com.br\/wp-content\/uploads\/2026\/03\/cropped-logo_new-1.png","width":881,"height":685,"caption":"Blog do Farn\u00e9sio"},"image":{"@id":"https:\/\/blogdofarnesio.com.br\/#\/schema\/logo\/image\/"},"sameAs":["https:\/\/www.facebook.com\/BlogQuerSaberPolitica\/"]},{"@type":"Person","@id":"https:\/\/blogdofarnesio.com.br\/#\/schema\/person\/301c4acf522bccbfdb45af95b5b906a1","name":"Farn\u00e9sio","image":{"@type":"ImageObject","inLanguage":"pt-BR","@id":"https:\/\/secure.gravatar.com\/avatar\/df0c9a14567c056f8ad6876ba5bbd1e3e2c48023eb6807342fc4663adf549f38?s=96&d=mm&r=g","url":"https:\/\/secure.gravatar.com\/avatar\/df0c9a14567c056f8ad6876ba5bbd1e3e2c48023eb6807342fc4663adf549f38?s=96&d=mm&r=g","contentUrl":"https:\/\/secure.gravatar.com\/avatar\/df0c9a14567c056f8ad6876ba5bbd1e3e2c48023eb6807342fc4663adf549f38?s=96&d=mm&r=g","caption":"Farn\u00e9sio"},"sameAs":["https:\/\/quersaberpolitica.com.br"],"url":"https:\/\/blogdofarnesio.com.br\/?author=1"}]}},"_links":{"self":[{"href":"https:\/\/blogdofarnesio.com.br\/index.php?rest_route=\/wp\/v2\/posts\/259242","targetHints":{"allow":["GET"]}}],"collection":[{"href":"https:\/\/blogdofarnesio.com.br\/index.php?rest_route=\/wp\/v2\/posts"}],"about":[{"href":"https:\/\/blogdofarnesio.com.br\/index.php?rest_route=\/wp\/v2\/types\/post"}],"author":[{"embeddable":true,"href":"https:\/\/blogdofarnesio.com.br\/index.php?rest_route=\/wp\/v2\/users\/1"}],"replies":[{"embeddable":true,"href":"https:\/\/blogdofarnesio.com.br\/index.php?rest_route=%2Fwp%2Fv2%2Fcomments&post=259242"}],"version-history":[{"count":0,"href":"https:\/\/blogdofarnesio.com.br\/index.php?rest_route=\/wp\/v2\/posts\/259242\/revisions"}],"wp:featuredmedia":[{"embeddable":true,"href":"https:\/\/blogdofarnesio.com.br\/index.php?rest_route=\/wp\/v2\/media\/259243"}],"wp:attachment":[{"href":"https:\/\/blogdofarnesio.com.br\/index.php?rest_route=%2Fwp%2Fv2%2Fmedia&parent=259242"}],"wp:term":[{"taxonomy":"category","embeddable":true,"href":"https:\/\/blogdofarnesio.com.br\/index.php?rest_route=%2Fwp%2Fv2%2Fcategories&post=259242"},{"taxonomy":"post_tag","embeddable":true,"href":"https:\/\/blogdofarnesio.com.br\/index.php?rest_route=%2Fwp%2Fv2%2Ftags&post=259242"}],"curies":[{"name":"wp","href":"https:\/\/api.w.org\/{rel}","templated":true}]}}