{"id":259237,"date":"2020-06-09T08:32:11","date_gmt":"2020-06-09T11:32:11","guid":{"rendered":"http:\/\/quersaberpolitica.com.br\/2016\/?p=259237"},"modified":"2020-06-08T19:55:11","modified_gmt":"2020-06-08T22:55:11","slug":"jovem-confessa-ter-assassinado-a-mae-com-chutes-na-cabeca-apos-ela-solta-lo-da-prisao","status":"publish","type":"post","link":"https:\/\/blogdofarnesio.com.br\/?p=259237","title":{"rendered":"Jovem confessa ter assassinado a m\u00e3e com chutes na cabe\u00e7a ap\u00f3s ela solta-lo da pris\u00e3o"},"content":{"rendered":"<figure class=\"horizontal\"><figcaption>Carolina Heringer\/<strong>Extra &#8211;\u00a0<\/strong><\/figcaption><\/figure>\n<div class=\"story\">\n<p>Igor Gomes Moraes Alves, de 29 anos, preso em flagrante na madrugada desse domingo por ter matado a pr\u00f3pria m\u00e3e, L\u00facia Regina Gomes Alves, de 69 anos, confessou o crime \u00e0 pol\u00edcia. Segundo informa\u00e7\u00f5s da delegada Cristiane Carvalho, da Delegacia de Homic\u00eddios da capital, o rapaz descreveu que primeiro deu socos na cabe\u00e7a da m\u00e3e, depois a asfixiou, colocou os dedos em seus olhos e, por fim, chutou a cabe\u00e7a da idosa. O crime aconteceu no apartamento de L\u00facia, na Barra da Tijuca, Zona Oeste do Rio.<\/p>\n<p>&#8211; Sem mostrar nenhum tipo de remorso, ele admitiu ter usado meio cruel para cometer o assassinato &#8211; afirmou a delegada.<\/p>\n<p>A Delegacia de Homic\u00eddios ainda investiga a motiva\u00e7\u00e3o do crime. Segundo testemunhas ouvidas pela pol\u00edcia, Igor foi \u00e0 casa da m\u00e3e no s\u00e1bado e houve uma intensa discuss\u00e3o entre ambos. A briga chamou a aten\u00e7\u00e3o dos vizinhos, que acionaram o s\u00edndico do condom\u00ednio da v\u00edtima. O homem interfonou para o apartamento de L\u00facia e foi Igor quem atendeu, aparentando estar alterado. No entanto, o rapaz disse ao s\u00edndico que estava tudo bem no apartamento.<\/p>\n<p>Ap\u00f3s ter recebido a liga\u00e7\u00e3o, Igor desceu pela escada de inc\u00eandio e pulou o muro do pr\u00e9dio. Os policiais da DH foram acionados e, ao chegarem ao apartamento da v\u00edtima, havia um endere\u00e7o escrito em um papel que estava em cima da mesa. Eles foram ao local e descobriram que era onde Igor residia. Chegando ao pr\u00e9dio, em um condom\u00ednio de luxo tamb\u00e9m na Barra da Tijuca, foram informados pelo porteiro de que o jovem havia chegado fazia pouco tempo e parecia estar alterado.<\/p>\n<p>Os policiais subiram at\u00e9 o apartamento de Igor e o encontraram dormindo. Ele foi preso em flagrante pelo crime de feminic\u00eddio. No local, os agentes encontraram uma mala com documentos de L\u00facia e cerca de R$ 600 em esp\u00e9cie.<\/p>\n<p><strong>Solto na v\u00e9spera do crime<\/strong><\/p>\n<p>Igor havia sido preso em flagrante por policiais militares na \u00faltima quinta-feira, acusado de tr\u00e1fico de drogas. O homem foi abordado por agentes do Programa Barra Presente, que receberam den\u00fancia sobre um homem que estava em atitude suspeita dentro de um Honda Civic preto parado na praia da Barra. Dentro do carro, os PMs encontraram um recipiente de vidro com maconha, duas pedras de coca\u00edna e uma balan\u00e7a. Igor foi levado para a 16\u00aa DP (Barra da Tijuca), onde foi autuado por tr\u00e1fico de drogas.<\/p>\n<p>No s\u00e1bado, assistido por um advogado pago pela m\u00e3e na audi\u00eancia de cust\u00f3dia, Igor foi solto pelo juiz, sob alega\u00e7\u00e3o de que o crime cometido por ele era sem viol\u00eancia ou grave amea\u00e7a, al\u00e9m de o rapaz n\u00e3o ter anota\u00e7\u00f5es em sua ficha criminal. Al\u00e9m disso, o magistrado frisou a recomenda\u00e7\u00e3o dada pelo Conselho Nacional de Justi\u00e7a (CNJ), para que a pris\u00e3o seja mantida apenas em casos excepcionais. No pr\u00f3prio s\u00e1bado, Igor foi liberado.<\/p>\n<p>Aos agentes da DH, ao ser preso, Igor relatou que havia sido recentemente preso e afirmou n\u00e3o trabalhar. Ele disse que se sustentava com uma mesada da m\u00e3e. O pai de Igor faleceu h\u00e1 cerca de 15 anos.<\/p>\n<\/div>\n","protected":false},"excerpt":{"rendered":"<p>Carolina Heringer\/Extra &#8211;\u00a0 Igor Gomes Moraes Alves, de 29 anos, preso em flagrante na madrugada desse domingo por ter matado a pr\u00f3pria m\u00e3e, L\u00facia Regina Gomes Alves, de 69 anos, confessou o crime \u00e0 pol\u00edcia. Segundo informa\u00e7\u00f5s da delegada Cristiane Carvalho, da Delegacia de Homic\u00eddios da capital, o rapaz descreveu que primeiro deu socos na cabe\u00e7a da m\u00e3e, depois a asfixiou, colocou os dedos em seus olhos e, por fim, chutou a cabe\u00e7a da idosa. O crime aconteceu no apartamento de L\u00facia, na Barra da Tijuca, Zona Oeste do Rio. &#8211; Sem mostrar nenhum tipo de remorso, ele admitiu ter usado meio cruel para cometer o assassinato &#8211; afirmou a delegada. A Delegacia de Homic\u00eddios ainda investiga a motiva\u00e7\u00e3o do&hellip; <\/p>\n","protected":false},"author":1,"featured_media":259238,"comment_status":"closed","ping_status":"closed","sticky":false,"template":"","format":"standard","meta":{"_acf_changed":false,"footnotes":""},"categories":[1],"tags":[],"class_list":["post-259237","post","type-post","status-publish","format-standard","has-post-thumbnail","hentry","category-politica"],"acf":[],"yoast_head":"<!-- This site is optimized with the Yoast SEO plugin v27.4 - https:\/\/yoast.com\/product\/yoast-seo-wordpress\/ -->\n<title>Jovem confessa ter assassinado a m\u00e3e com chutes na cabe\u00e7a ap\u00f3s ela solta-lo da pris\u00e3o - Blog do Farn\u00e9sio<\/title>\n<meta name=\"robots\" content=\"index, follow, max-snippet:-1, max-image-preview:large, max-video-preview:-1\" \/>\n<link rel=\"canonical\" href=\"https:\/\/blogdofarnesio.com.br\/?p=259237\" \/>\n<meta property=\"og:locale\" content=\"pt_BR\" \/>\n<meta property=\"og:type\" content=\"article\" \/>\n<meta property=\"og:title\" content=\"Jovem confessa ter assassinado a m\u00e3e com chutes na cabe\u00e7a ap\u00f3s ela solta-lo da pris\u00e3o - Blog do Farn\u00e9sio\" \/>\n<meta property=\"og:description\" content=\"Carolina Heringer\/Extra &#8211;\u00a0 Igor Gomes Moraes Alves, de 29 anos, preso em flagrante na madrugada desse domingo por ter matado a pr\u00f3pria m\u00e3e, L\u00facia Regina Gomes Alves, de 69 anos, confessou o crime \u00e0 pol\u00edcia. Segundo informa\u00e7\u00f5s da delegada Cristiane Carvalho, da Delegacia de Homic\u00eddios da capital, o rapaz descreveu que primeiro deu socos na cabe\u00e7a da m\u00e3e, depois a asfixiou, colocou os dedos em seus olhos e, por fim, chutou a cabe\u00e7a da idosa. O crime aconteceu no apartamento de L\u00facia, na Barra da Tijuca, Zona Oeste do Rio. &#8211; Sem mostrar nenhum tipo de remorso, ele admitiu ter usado meio cruel para cometer o assassinato &#8211; afirmou a delegada. A Delegacia de Homic\u00eddios ainda investiga a motiva\u00e7\u00e3o do&hellip;\" \/>\n<meta property=\"og:url\" content=\"https:\/\/blogdofarnesio.com.br\/?p=259237\" \/>\n<meta property=\"og:site_name\" content=\"Blog do Farn\u00e9sio\" \/>\n<meta property=\"article:publisher\" content=\"https:\/\/www.facebook.com\/BlogQuerSaberPolitica\/\" \/>\n<meta property=\"article:published_time\" content=\"2020-06-09T11:32:11+00:00\" \/>\n<meta property=\"og:image\" content=\"https:\/\/blogdofarnesio.com.br\/wp-content\/uploads\/2020\/06\/blogqspigor-matou-mae.jpg\" \/>\n\t<meta property=\"og:image:width\" content=\"640\" \/>\n\t<meta property=\"og:image:height\" content=\"360\" \/>\n\t<meta property=\"og:image:type\" content=\"image\/jpeg\" \/>\n<meta name=\"author\" content=\"Farn\u00e9sio\" \/>\n<meta name=\"twitter:card\" content=\"summary_large_image\" \/>\n<meta name=\"twitter:label1\" content=\"Escrito por\" \/>\n\t<meta name=\"twitter:data1\" content=\"Farn\u00e9sio\" \/>\n\t<meta name=\"twitter:label2\" content=\"Est. tempo de leitura\" \/>\n\t<meta name=\"twitter:data2\" content=\"3 minutos\" \/>\n<script type=\"application\/ld+json\" class=\"yoast-schema-graph\">{\"@context\":\"https:\\\/\\\/schema.org\",\"@graph\":[{\"@type\":\"Article\",\"@id\":\"https:\\\/\\\/blogdofarnesio.com.br\\\/?p=259237#article\",\"isPartOf\":{\"@id\":\"https:\\\/\\\/blogdofarnesio.com.br\\\/?p=259237\"},\"author\":{\"name\":\"Farn\u00e9sio\",\"@id\":\"https:\\\/\\\/blogdofarnesio.com.br\\\/#\\\/schema\\\/person\\\/301c4acf522bccbfdb45af95b5b906a1\"},\"headline\":\"Jovem confessa ter assassinado a m\u00e3e com chutes na cabe\u00e7a ap\u00f3s ela solta-lo da pris\u00e3o\",\"datePublished\":\"2020-06-09T11:32:11+00:00\",\"mainEntityOfPage\":{\"@id\":\"https:\\\/\\\/blogdofarnesio.com.br\\\/?p=259237\"},\"wordCount\":581,\"publisher\":{\"@id\":\"https:\\\/\\\/blogdofarnesio.com.br\\\/#organization\"},\"image\":{\"@id\":\"https:\\\/\\\/blogdofarnesio.com.br\\\/?p=259237#primaryimage\"},\"thumbnailUrl\":\"https:\\\/\\\/blogdofarnesio.com.br\\\/wp-content\\\/uploads\\\/2020\\\/06\\\/blogqspigor-matou-mae.jpg\",\"articleSection\":[\"Pol\u00edtica\"],\"inLanguage\":\"pt-BR\"},{\"@type\":\"WebPage\",\"@id\":\"https:\\\/\\\/blogdofarnesio.com.br\\\/?p=259237\",\"url\":\"https:\\\/\\\/blogdofarnesio.com.br\\\/?p=259237\",\"name\":\"Jovem confessa ter assassinado a m\u00e3e com chutes na cabe\u00e7a ap\u00f3s ela solta-lo da pris\u00e3o - Blog do Farn\u00e9sio\",\"isPartOf\":{\"@id\":\"https:\\\/\\\/blogdofarnesio.com.br\\\/#website\"},\"primaryImageOfPage\":{\"@id\":\"https:\\\/\\\/blogdofarnesio.com.br\\\/?p=259237#primaryimage\"},\"image\":{\"@id\":\"https:\\\/\\\/blogdofarnesio.com.br\\\/?p=259237#primaryimage\"},\"thumbnailUrl\":\"https:\\\/\\\/blogdofarnesio.com.br\\\/wp-content\\\/uploads\\\/2020\\\/06\\\/blogqspigor-matou-mae.jpg\",\"datePublished\":\"2020-06-09T11:32:11+00:00\",\"breadcrumb\":{\"@id\":\"https:\\\/\\\/blogdofarnesio.com.br\\\/?p=259237#breadcrumb\"},\"inLanguage\":\"pt-BR\",\"potentialAction\":[{\"@type\":\"ReadAction\",\"target\":[\"https:\\\/\\\/blogdofarnesio.com.br\\\/?p=259237\"]}]},{\"@type\":\"ImageObject\",\"inLanguage\":\"pt-BR\",\"@id\":\"https:\\\/\\\/blogdofarnesio.com.br\\\/?p=259237#primaryimage\",\"url\":\"https:\\\/\\\/blogdofarnesio.com.br\\\/wp-content\\\/uploads\\\/2020\\\/06\\\/blogqspigor-matou-mae.jpg\",\"contentUrl\":\"https:\\\/\\\/blogdofarnesio.com.br\\\/wp-content\\\/uploads\\\/2020\\\/06\\\/blogqspigor-matou-mae.jpg\",\"width\":640,\"height\":360},{\"@type\":\"BreadcrumbList\",\"@id\":\"https:\\\/\\\/blogdofarnesio.com.br\\\/?p=259237#breadcrumb\",\"itemListElement\":[{\"@type\":\"ListItem\",\"position\":1,\"name\":\"In\u00edcio\",\"item\":\"https:\\\/\\\/blogdofarnesio.com.br\\\/\"},{\"@type\":\"ListItem\",\"position\":2,\"name\":\"Jovem confessa ter assassinado a m\u00e3e com chutes na cabe\u00e7a ap\u00f3s ela solta-lo da pris\u00e3o\"}]},{\"@type\":\"WebSite\",\"@id\":\"https:\\\/\\\/blogdofarnesio.com.br\\\/#website\",\"url\":\"https:\\\/\\\/blogdofarnesio.com.br\\\/\",\"name\":\"Blog do Farn\u00e9sio\",\"description\":\"Quer Saber Pol\u00edtica?\",\"publisher\":{\"@id\":\"https:\\\/\\\/blogdofarnesio.com.br\\\/#organization\"},\"potentialAction\":[{\"@type\":\"SearchAction\",\"target\":{\"@type\":\"EntryPoint\",\"urlTemplate\":\"https:\\\/\\\/blogdofarnesio.com.br\\\/?s={search_term_string}\"},\"query-input\":{\"@type\":\"PropertyValueSpecification\",\"valueRequired\":true,\"valueName\":\"search_term_string\"}}],\"inLanguage\":\"pt-BR\"},{\"@type\":\"Organization\",\"@id\":\"https:\\\/\\\/blogdofarnesio.com.br\\\/#organization\",\"name\":\"Blog do Farn\u00e9sio\",\"url\":\"https:\\\/\\\/blogdofarnesio.com.br\\\/\",\"logo\":{\"@type\":\"ImageObject\",\"inLanguage\":\"pt-BR\",\"@id\":\"https:\\\/\\\/blogdofarnesio.com.br\\\/#\\\/schema\\\/logo\\\/image\\\/\",\"url\":\"https:\\\/\\\/blogdofarnesio.com.br\\\/wp-content\\\/uploads\\\/2026\\\/03\\\/cropped-logo_new-1.png\",\"contentUrl\":\"https:\\\/\\\/blogdofarnesio.com.br\\\/wp-content\\\/uploads\\\/2026\\\/03\\\/cropped-logo_new-1.png\",\"width\":881,\"height\":685,\"caption\":\"Blog do Farn\u00e9sio\"},\"image\":{\"@id\":\"https:\\\/\\\/blogdofarnesio.com.br\\\/#\\\/schema\\\/logo\\\/image\\\/\"},\"sameAs\":[\"https:\\\/\\\/www.facebook.com\\\/BlogQuerSaberPolitica\\\/\"]},{\"@type\":\"Person\",\"@id\":\"https:\\\/\\\/blogdofarnesio.com.br\\\/#\\\/schema\\\/person\\\/301c4acf522bccbfdb45af95b5b906a1\",\"name\":\"Farn\u00e9sio\",\"image\":{\"@type\":\"ImageObject\",\"inLanguage\":\"pt-BR\",\"@id\":\"https:\\\/\\\/secure.gravatar.com\\\/avatar\\\/df0c9a14567c056f8ad6876ba5bbd1e3e2c48023eb6807342fc4663adf549f38?s=96&d=mm&r=g\",\"url\":\"https:\\\/\\\/secure.gravatar.com\\\/avatar\\\/df0c9a14567c056f8ad6876ba5bbd1e3e2c48023eb6807342fc4663adf549f38?s=96&d=mm&r=g\",\"contentUrl\":\"https:\\\/\\\/secure.gravatar.com\\\/avatar\\\/df0c9a14567c056f8ad6876ba5bbd1e3e2c48023eb6807342fc4663adf549f38?s=96&d=mm&r=g\",\"caption\":\"Farn\u00e9sio\"},\"sameAs\":[\"https:\\\/\\\/quersaberpolitica.com.br\"],\"url\":\"https:\\\/\\\/blogdofarnesio.com.br\\\/?author=1\"}]}<\/script>\n<!-- \/ Yoast SEO plugin. -->","yoast_head_json":{"title":"Jovem confessa ter assassinado a m\u00e3e com chutes na cabe\u00e7a ap\u00f3s ela solta-lo da pris\u00e3o - Blog do Farn\u00e9sio","robots":{"index":"index","follow":"follow","max-snippet":"max-snippet:-1","max-image-preview":"max-image-preview:large","max-video-preview":"max-video-preview:-1"},"canonical":"https:\/\/blogdofarnesio.com.br\/?p=259237","og_locale":"pt_BR","og_type":"article","og_title":"Jovem confessa ter assassinado a m\u00e3e com chutes na cabe\u00e7a ap\u00f3s ela solta-lo da pris\u00e3o - Blog do Farn\u00e9sio","og_description":"Carolina Heringer\/Extra &#8211;\u00a0 Igor Gomes Moraes Alves, de 29 anos, preso em flagrante na madrugada desse domingo por ter matado a pr\u00f3pria m\u00e3e, L\u00facia Regina Gomes Alves, de 69 anos, confessou o crime \u00e0 pol\u00edcia. Segundo informa\u00e7\u00f5s da delegada Cristiane Carvalho, da Delegacia de Homic\u00eddios da capital, o rapaz descreveu que primeiro deu socos na cabe\u00e7a da m\u00e3e, depois a asfixiou, colocou os dedos em seus olhos e, por fim, chutou a cabe\u00e7a da idosa. O crime aconteceu no apartamento de L\u00facia, na Barra da Tijuca, Zona Oeste do Rio. &#8211; Sem mostrar nenhum tipo de remorso, ele admitiu ter usado meio cruel para cometer o assassinato &#8211; afirmou a delegada. A Delegacia de Homic\u00eddios ainda investiga a motiva\u00e7\u00e3o do&hellip;","og_url":"https:\/\/blogdofarnesio.com.br\/?p=259237","og_site_name":"Blog do Farn\u00e9sio","article_publisher":"https:\/\/www.facebook.com\/BlogQuerSaberPolitica\/","article_published_time":"2020-06-09T11:32:11+00:00","og_image":[{"width":640,"height":360,"url":"https:\/\/blogdofarnesio.com.br\/wp-content\/uploads\/2020\/06\/blogqspigor-matou-mae.jpg","type":"image\/jpeg"}],"author":"Farn\u00e9sio","twitter_card":"summary_large_image","twitter_misc":{"Escrito por":"Farn\u00e9sio","Est. tempo de leitura":"3 minutos"},"schema":{"@context":"https:\/\/schema.org","@graph":[{"@type":"Article","@id":"https:\/\/blogdofarnesio.com.br\/?p=259237#article","isPartOf":{"@id":"https:\/\/blogdofarnesio.com.br\/?p=259237"},"author":{"name":"Farn\u00e9sio","@id":"https:\/\/blogdofarnesio.com.br\/#\/schema\/person\/301c4acf522bccbfdb45af95b5b906a1"},"headline":"Jovem confessa ter assassinado a m\u00e3e com chutes na cabe\u00e7a ap\u00f3s ela solta-lo da pris\u00e3o","datePublished":"2020-06-09T11:32:11+00:00","mainEntityOfPage":{"@id":"https:\/\/blogdofarnesio.com.br\/?p=259237"},"wordCount":581,"publisher":{"@id":"https:\/\/blogdofarnesio.com.br\/#organization"},"image":{"@id":"https:\/\/blogdofarnesio.com.br\/?p=259237#primaryimage"},"thumbnailUrl":"https:\/\/blogdofarnesio.com.br\/wp-content\/uploads\/2020\/06\/blogqspigor-matou-mae.jpg","articleSection":["Pol\u00edtica"],"inLanguage":"pt-BR"},{"@type":"WebPage","@id":"https:\/\/blogdofarnesio.com.br\/?p=259237","url":"https:\/\/blogdofarnesio.com.br\/?p=259237","name":"Jovem confessa ter assassinado a m\u00e3e com chutes na cabe\u00e7a ap\u00f3s ela solta-lo da pris\u00e3o - Blog do Farn\u00e9sio","isPartOf":{"@id":"https:\/\/blogdofarnesio.com.br\/#website"},"primaryImageOfPage":{"@id":"https:\/\/blogdofarnesio.com.br\/?p=259237#primaryimage"},"image":{"@id":"https:\/\/blogdofarnesio.com.br\/?p=259237#primaryimage"},"thumbnailUrl":"https:\/\/blogdofarnesio.com.br\/wp-content\/uploads\/2020\/06\/blogqspigor-matou-mae.jpg","datePublished":"2020-06-09T11:32:11+00:00","breadcrumb":{"@id":"https:\/\/blogdofarnesio.com.br\/?p=259237#breadcrumb"},"inLanguage":"pt-BR","potentialAction":[{"@type":"ReadAction","target":["https:\/\/blogdofarnesio.com.br\/?p=259237"]}]},{"@type":"ImageObject","inLanguage":"pt-BR","@id":"https:\/\/blogdofarnesio.com.br\/?p=259237#primaryimage","url":"https:\/\/blogdofarnesio.com.br\/wp-content\/uploads\/2020\/06\/blogqspigor-matou-mae.jpg","contentUrl":"https:\/\/blogdofarnesio.com.br\/wp-content\/uploads\/2020\/06\/blogqspigor-matou-mae.jpg","width":640,"height":360},{"@type":"BreadcrumbList","@id":"https:\/\/blogdofarnesio.com.br\/?p=259237#breadcrumb","itemListElement":[{"@type":"ListItem","position":1,"name":"In\u00edcio","item":"https:\/\/blogdofarnesio.com.br\/"},{"@type":"ListItem","position":2,"name":"Jovem confessa ter assassinado a m\u00e3e com chutes na cabe\u00e7a ap\u00f3s ela solta-lo da pris\u00e3o"}]},{"@type":"WebSite","@id":"https:\/\/blogdofarnesio.com.br\/#website","url":"https:\/\/blogdofarnesio.com.br\/","name":"Blog do Farn\u00e9sio","description":"Quer Saber Pol\u00edtica?","publisher":{"@id":"https:\/\/blogdofarnesio.com.br\/#organization"},"potentialAction":[{"@type":"SearchAction","target":{"@type":"EntryPoint","urlTemplate":"https:\/\/blogdofarnesio.com.br\/?s={search_term_string}"},"query-input":{"@type":"PropertyValueSpecification","valueRequired":true,"valueName":"search_term_string"}}],"inLanguage":"pt-BR"},{"@type":"Organization","@id":"https:\/\/blogdofarnesio.com.br\/#organization","name":"Blog do Farn\u00e9sio","url":"https:\/\/blogdofarnesio.com.br\/","logo":{"@type":"ImageObject","inLanguage":"pt-BR","@id":"https:\/\/blogdofarnesio.com.br\/#\/schema\/logo\/image\/","url":"https:\/\/blogdofarnesio.com.br\/wp-content\/uploads\/2026\/03\/cropped-logo_new-1.png","contentUrl":"https:\/\/blogdofarnesio.com.br\/wp-content\/uploads\/2026\/03\/cropped-logo_new-1.png","width":881,"height":685,"caption":"Blog do Farn\u00e9sio"},"image":{"@id":"https:\/\/blogdofarnesio.com.br\/#\/schema\/logo\/image\/"},"sameAs":["https:\/\/www.facebook.com\/BlogQuerSaberPolitica\/"]},{"@type":"Person","@id":"https:\/\/blogdofarnesio.com.br\/#\/schema\/person\/301c4acf522bccbfdb45af95b5b906a1","name":"Farn\u00e9sio","image":{"@type":"ImageObject","inLanguage":"pt-BR","@id":"https:\/\/secure.gravatar.com\/avatar\/df0c9a14567c056f8ad6876ba5bbd1e3e2c48023eb6807342fc4663adf549f38?s=96&d=mm&r=g","url":"https:\/\/secure.gravatar.com\/avatar\/df0c9a14567c056f8ad6876ba5bbd1e3e2c48023eb6807342fc4663adf549f38?s=96&d=mm&r=g","contentUrl":"https:\/\/secure.gravatar.com\/avatar\/df0c9a14567c056f8ad6876ba5bbd1e3e2c48023eb6807342fc4663adf549f38?s=96&d=mm&r=g","caption":"Farn\u00e9sio"},"sameAs":["https:\/\/quersaberpolitica.com.br"],"url":"https:\/\/blogdofarnesio.com.br\/?author=1"}]}},"_links":{"self":[{"href":"https:\/\/blogdofarnesio.com.br\/index.php?rest_route=\/wp\/v2\/posts\/259237","targetHints":{"allow":["GET"]}}],"collection":[{"href":"https:\/\/blogdofarnesio.com.br\/index.php?rest_route=\/wp\/v2\/posts"}],"about":[{"href":"https:\/\/blogdofarnesio.com.br\/index.php?rest_route=\/wp\/v2\/types\/post"}],"author":[{"embeddable":true,"href":"https:\/\/blogdofarnesio.com.br\/index.php?rest_route=\/wp\/v2\/users\/1"}],"replies":[{"embeddable":true,"href":"https:\/\/blogdofarnesio.com.br\/index.php?rest_route=%2Fwp%2Fv2%2Fcomments&post=259237"}],"version-history":[{"count":0,"href":"https:\/\/blogdofarnesio.com.br\/index.php?rest_route=\/wp\/v2\/posts\/259237\/revisions"}],"wp:featuredmedia":[{"embeddable":true,"href":"https:\/\/blogdofarnesio.com.br\/index.php?rest_route=\/wp\/v2\/media\/259238"}],"wp:attachment":[{"href":"https:\/\/blogdofarnesio.com.br\/index.php?rest_route=%2Fwp%2Fv2%2Fmedia&parent=259237"}],"wp:term":[{"taxonomy":"category","embeddable":true,"href":"https:\/\/blogdofarnesio.com.br\/index.php?rest_route=%2Fwp%2Fv2%2Fcategories&post=259237"},{"taxonomy":"post_tag","embeddable":true,"href":"https:\/\/blogdofarnesio.com.br\/index.php?rest_route=%2Fwp%2Fv2%2Ftags&post=259237"}],"curies":[{"name":"wp","href":"https:\/\/api.w.org\/{rel}","templated":true}]}}