{"id":259210,"date":"2020-06-09T10:21:41","date_gmt":"2020-06-09T13:21:41","guid":{"rendered":"http:\/\/quersaberpolitica.com.br\/2016\/?p=259210"},"modified":"2020-06-09T08:34:05","modified_gmt":"2020-06-09T11:34:05","slug":"prefeitura-de-sento-se-decreta-fechamento-dos-servicos-nao-essenciais","status":"publish","type":"post","link":"https:\/\/blogdofarnesio.com.br\/?p=259210","title":{"rendered":"Prefeitura de Sento-S\u00e9 decreta fechamento dos servi\u00e7os n\u00e3o essenciais"},"content":{"rendered":"<p>Nesta segunda-feira, 08\/06, em Di\u00e1rio Oficial (Decreto N\u00ba 062), a Prefeitura de Sento-S\u00e9 determinou o fechamento dos servi\u00e7os n\u00e3o essenciais, por conta do crescente n\u00famero de casos da COVID-19 (Coronav\u00edrus) no munic\u00edpio.<\/p>\n<p>Ainda, fica permitido apenas o funcionamento de supermercados, mercadinhos, padarias, farm\u00e1cias, a\u00e7ougues, verdureiros e estabelecimentos do mesmo g\u00eanero.<\/p>\n<p>Por\u00e9m, os propriet\u00e1rios t\u00eam a obriga\u00e7\u00e3o de fornecer aos funcion\u00e1rios m\u00e1scaras de prote\u00e7\u00e3o, mecanismos de higiene e desinfec\u00e7\u00e3o de m\u00e3os (sab\u00e3o l\u00edquido, papel toalha e\/ou \u00e1lcool \u00e0 70%), para proteger a sa\u00fade do trabalhador e ao cliente tamb\u00e9m sab\u00e3o l\u00edquido, papel toalha e\/ou \u00e1lcool \u00e0 70%.<\/p>\n<p>Al\u00e9m disso, fica suspenso o funcionamento dos estabelecimentos comerciais n\u00e3o essenciais dos ramos de aviamentos, materiais de pesca, confec\u00e7\u00f5es, tecidos, acess\u00f3rios, cal\u00e7ados, perfumarias, m\u00f3veis, eletrodom\u00e9sticos, eletr\u00f4nicos, oficinas, sal\u00f5es de beleza, barbearias, centros est\u00e9ticos, especiaria, papelarias, lan houses, paisagismos, gr\u00e1ficas, miudezas, joalheria, feira livre, material de constru\u00e7\u00e3o, autope\u00e7as, lava-jato e mercado municipal.<\/p>\n<p>J\u00e1, no que diz respeito as lanchonetes, sorveterias, pizzarias, a\u00e7aiterias, bares, trailers e barracas de alimenta\u00e7\u00e3o, restaurantes e demais estabelecimentos que comercializem alimentos prontos para consumo, \u00e9 permitido, apenas, o preparo para entrega em domic\u00edlio (delivery).<\/p>\n<p>Tamb\u00e9m, as academias, clubes sociais e esportivos, Gin\u00e1sio de Esportes, Campos de Futebol, Quadras de Futsal e Quadras de Society continuam fechados.<\/p>\n<p>Logo, com medidas mais restritivas, o estado de emerg\u00eancia em sa\u00fade p\u00fablica no o munic\u00edpio tem validade at\u00e9 dia 22 de junho de 2020 e pode ser prorrogado.<\/p>\n<p>&nbsp;<\/p>\n<p>Segundo a Prefeita, Ana Passos, Sento-S\u00e9 tem 18 casos confirmados, \u201ccom o aumento de pessoas contaminadas, precisamos tomar medidas mais rigorosas, para tentar diminuir a circula\u00e7\u00e3o do Coronav\u00edrus no nosso munic\u00edpio\u201d.<\/p>\n<p>\u201cFique em casa, quando for sair use m\u00e1scara. Mesmo separados somos mais fortes\u201d, disse Ana.<\/p>\n<p>T\u00e2mara T\u00e1rcia\/Ascom PMSSE<\/p>\n","protected":false},"excerpt":{"rendered":"<p>Nesta segunda-feira, 08\/06, em Di\u00e1rio Oficial (Decreto N\u00ba 062), a Prefeitura de Sento-S\u00e9 determinou o fechamento dos servi\u00e7os n\u00e3o essenciais, por conta do crescente n\u00famero de casos da COVID-19 (Coronav\u00edrus) no munic\u00edpio. Ainda, fica permitido apenas o funcionamento de supermercados, mercadinhos, padarias, farm\u00e1cias, a\u00e7ougues, verdureiros e estabelecimentos do mesmo g\u00eanero. Por\u00e9m, os propriet\u00e1rios t\u00eam a obriga\u00e7\u00e3o de fornecer aos funcion\u00e1rios m\u00e1scaras de prote\u00e7\u00e3o, mecanismos de higiene e desinfec\u00e7\u00e3o de m\u00e3os (sab\u00e3o l\u00edquido, papel toalha e\/ou \u00e1lcool \u00e0 70%), para proteger a sa\u00fade do trabalhador e ao cliente tamb\u00e9m sab\u00e3o l\u00edquido, papel toalha e\/ou \u00e1lcool \u00e0 70%. Al\u00e9m disso, fica suspenso o funcionamento dos estabelecimentos comerciais n\u00e3o essenciais dos ramos de aviamentos, materiais de pesca, confec\u00e7\u00f5es, tecidos, acess\u00f3rios, cal\u00e7ados, perfumarias, m\u00f3veis,&hellip; <\/p>\n","protected":false},"author":1,"featured_media":253828,"comment_status":"closed","ping_status":"closed","sticky":false,"template":"","format":"standard","meta":{"_acf_changed":false,"footnotes":""},"categories":[27],"tags":[],"class_list":["post-259210","post","type-post","status-publish","format-standard","has-post-thumbnail","hentry","category-cidades"],"acf":[],"yoast_head":"<!-- This site is optimized with the Yoast SEO plugin v27.4 - https:\/\/yoast.com\/product\/yoast-seo-wordpress\/ -->\n<title>Prefeitura de Sento-S\u00e9 decreta fechamento dos servi\u00e7os n\u00e3o essenciais - Blog do Farn\u00e9sio<\/title>\n<meta name=\"robots\" content=\"index, follow, max-snippet:-1, max-image-preview:large, max-video-preview:-1\" \/>\n<link rel=\"canonical\" href=\"https:\/\/blogdofarnesio.com.br\/?p=259210\" \/>\n<meta property=\"og:locale\" content=\"pt_BR\" \/>\n<meta property=\"og:type\" content=\"article\" \/>\n<meta property=\"og:title\" content=\"Prefeitura de Sento-S\u00e9 decreta fechamento dos servi\u00e7os n\u00e3o essenciais - Blog do Farn\u00e9sio\" \/>\n<meta property=\"og:description\" content=\"Nesta segunda-feira, 08\/06, em Di\u00e1rio Oficial (Decreto N\u00ba 062), a Prefeitura de Sento-S\u00e9 determinou o fechamento dos servi\u00e7os n\u00e3o essenciais, por conta do crescente n\u00famero de casos da COVID-19 (Coronav\u00edrus) no munic\u00edpio. Ainda, fica permitido apenas o funcionamento de supermercados, mercadinhos, padarias, farm\u00e1cias, a\u00e7ougues, verdureiros e estabelecimentos do mesmo g\u00eanero. Por\u00e9m, os propriet\u00e1rios t\u00eam a obriga\u00e7\u00e3o de fornecer aos funcion\u00e1rios m\u00e1scaras de prote\u00e7\u00e3o, mecanismos de higiene e desinfec\u00e7\u00e3o de m\u00e3os (sab\u00e3o l\u00edquido, papel toalha e\/ou \u00e1lcool \u00e0 70%), para proteger a sa\u00fade do trabalhador e ao cliente tamb\u00e9m sab\u00e3o l\u00edquido, papel toalha e\/ou \u00e1lcool \u00e0 70%. Al\u00e9m disso, fica suspenso o funcionamento dos estabelecimentos comerciais n\u00e3o essenciais dos ramos de aviamentos, materiais de pesca, confec\u00e7\u00f5es, tecidos, acess\u00f3rios, cal\u00e7ados, perfumarias, m\u00f3veis,&hellip;\" \/>\n<meta property=\"og:url\" content=\"https:\/\/blogdofarnesio.com.br\/?p=259210\" \/>\n<meta property=\"og:site_name\" content=\"Blog do Farn\u00e9sio\" \/>\n<meta property=\"article:publisher\" content=\"https:\/\/www.facebook.com\/BlogQuerSaberPolitica\/\" \/>\n<meta property=\"article:published_time\" content=\"2020-06-09T13:21:41+00:00\" \/>\n<meta property=\"og:image\" content=\"https:\/\/blogdofarnesio.com.br\/wp-content\/uploads\/2020\/03\/blogqspsentose-CONTRA-O-CORONA.jpeg\" \/>\n\t<meta property=\"og:image:width\" content=\"700\" \/>\n\t<meta property=\"og:image:height\" content=\"372\" \/>\n\t<meta property=\"og:image:type\" content=\"image\/jpeg\" \/>\n<meta name=\"author\" content=\"Farn\u00e9sio\" \/>\n<meta name=\"twitter:card\" content=\"summary_large_image\" \/>\n<meta name=\"twitter:label1\" content=\"Escrito por\" \/>\n\t<meta name=\"twitter:data1\" content=\"Farn\u00e9sio\" \/>\n\t<meta name=\"twitter:label2\" content=\"Est. tempo de leitura\" \/>\n\t<meta name=\"twitter:data2\" content=\"2 minutos\" \/>\n<script type=\"application\/ld+json\" class=\"yoast-schema-graph\">{\"@context\":\"https:\\\/\\\/schema.org\",\"@graph\":[{\"@type\":\"Article\",\"@id\":\"https:\\\/\\\/blogdofarnesio.com.br\\\/?p=259210#article\",\"isPartOf\":{\"@id\":\"https:\\\/\\\/blogdofarnesio.com.br\\\/?p=259210\"},\"author\":{\"name\":\"Farn\u00e9sio\",\"@id\":\"https:\\\/\\\/blogdofarnesio.com.br\\\/#\\\/schema\\\/person\\\/301c4acf522bccbfdb45af95b5b906a1\"},\"headline\":\"Prefeitura de Sento-S\u00e9 decreta fechamento dos servi\u00e7os n\u00e3o essenciais\",\"datePublished\":\"2020-06-09T13:21:41+00:00\",\"mainEntityOfPage\":{\"@id\":\"https:\\\/\\\/blogdofarnesio.com.br\\\/?p=259210\"},\"wordCount\":339,\"publisher\":{\"@id\":\"https:\\\/\\\/blogdofarnesio.com.br\\\/#organization\"},\"image\":{\"@id\":\"https:\\\/\\\/blogdofarnesio.com.br\\\/?p=259210#primaryimage\"},\"thumbnailUrl\":\"https:\\\/\\\/blogdofarnesio.com.br\\\/wp-content\\\/uploads\\\/2020\\\/03\\\/blogqspsentose-CONTRA-O-CORONA.jpeg\",\"articleSection\":[\"Cidades\"],\"inLanguage\":\"pt-BR\"},{\"@type\":\"WebPage\",\"@id\":\"https:\\\/\\\/blogdofarnesio.com.br\\\/?p=259210\",\"url\":\"https:\\\/\\\/blogdofarnesio.com.br\\\/?p=259210\",\"name\":\"Prefeitura de Sento-S\u00e9 decreta fechamento dos servi\u00e7os n\u00e3o essenciais - Blog do Farn\u00e9sio\",\"isPartOf\":{\"@id\":\"https:\\\/\\\/blogdofarnesio.com.br\\\/#website\"},\"primaryImageOfPage\":{\"@id\":\"https:\\\/\\\/blogdofarnesio.com.br\\\/?p=259210#primaryimage\"},\"image\":{\"@id\":\"https:\\\/\\\/blogdofarnesio.com.br\\\/?p=259210#primaryimage\"},\"thumbnailUrl\":\"https:\\\/\\\/blogdofarnesio.com.br\\\/wp-content\\\/uploads\\\/2020\\\/03\\\/blogqspsentose-CONTRA-O-CORONA.jpeg\",\"datePublished\":\"2020-06-09T13:21:41+00:00\",\"breadcrumb\":{\"@id\":\"https:\\\/\\\/blogdofarnesio.com.br\\\/?p=259210#breadcrumb\"},\"inLanguage\":\"pt-BR\",\"potentialAction\":[{\"@type\":\"ReadAction\",\"target\":[\"https:\\\/\\\/blogdofarnesio.com.br\\\/?p=259210\"]}]},{\"@type\":\"ImageObject\",\"inLanguage\":\"pt-BR\",\"@id\":\"https:\\\/\\\/blogdofarnesio.com.br\\\/?p=259210#primaryimage\",\"url\":\"https:\\\/\\\/blogdofarnesio.com.br\\\/wp-content\\\/uploads\\\/2020\\\/03\\\/blogqspsentose-CONTRA-O-CORONA.jpeg\",\"contentUrl\":\"https:\\\/\\\/blogdofarnesio.com.br\\\/wp-content\\\/uploads\\\/2020\\\/03\\\/blogqspsentose-CONTRA-O-CORONA.jpeg\",\"width\":700,\"height\":372},{\"@type\":\"BreadcrumbList\",\"@id\":\"https:\\\/\\\/blogdofarnesio.com.br\\\/?p=259210#breadcrumb\",\"itemListElement\":[{\"@type\":\"ListItem\",\"position\":1,\"name\":\"In\u00edcio\",\"item\":\"https:\\\/\\\/blogdofarnesio.com.br\\\/\"},{\"@type\":\"ListItem\",\"position\":2,\"name\":\"Prefeitura de Sento-S\u00e9 decreta fechamento dos servi\u00e7os n\u00e3o essenciais\"}]},{\"@type\":\"WebSite\",\"@id\":\"https:\\\/\\\/blogdofarnesio.com.br\\\/#website\",\"url\":\"https:\\\/\\\/blogdofarnesio.com.br\\\/\",\"name\":\"Blog do Farn\u00e9sio\",\"description\":\"Quer Saber Pol\u00edtica?\",\"publisher\":{\"@id\":\"https:\\\/\\\/blogdofarnesio.com.br\\\/#organization\"},\"potentialAction\":[{\"@type\":\"SearchAction\",\"target\":{\"@type\":\"EntryPoint\",\"urlTemplate\":\"https:\\\/\\\/blogdofarnesio.com.br\\\/?s={search_term_string}\"},\"query-input\":{\"@type\":\"PropertyValueSpecification\",\"valueRequired\":true,\"valueName\":\"search_term_string\"}}],\"inLanguage\":\"pt-BR\"},{\"@type\":\"Organization\",\"@id\":\"https:\\\/\\\/blogdofarnesio.com.br\\\/#organization\",\"name\":\"Blog do Farn\u00e9sio\",\"url\":\"https:\\\/\\\/blogdofarnesio.com.br\\\/\",\"logo\":{\"@type\":\"ImageObject\",\"inLanguage\":\"pt-BR\",\"@id\":\"https:\\\/\\\/blogdofarnesio.com.br\\\/#\\\/schema\\\/logo\\\/image\\\/\",\"url\":\"https:\\\/\\\/blogdofarnesio.com.br\\\/wp-content\\\/uploads\\\/2026\\\/03\\\/cropped-logo_new-1.png\",\"contentUrl\":\"https:\\\/\\\/blogdofarnesio.com.br\\\/wp-content\\\/uploads\\\/2026\\\/03\\\/cropped-logo_new-1.png\",\"width\":881,\"height\":685,\"caption\":\"Blog do Farn\u00e9sio\"},\"image\":{\"@id\":\"https:\\\/\\\/blogdofarnesio.com.br\\\/#\\\/schema\\\/logo\\\/image\\\/\"},\"sameAs\":[\"https:\\\/\\\/www.facebook.com\\\/BlogQuerSaberPolitica\\\/\"]},{\"@type\":\"Person\",\"@id\":\"https:\\\/\\\/blogdofarnesio.com.br\\\/#\\\/schema\\\/person\\\/301c4acf522bccbfdb45af95b5b906a1\",\"name\":\"Farn\u00e9sio\",\"image\":{\"@type\":\"ImageObject\",\"inLanguage\":\"pt-BR\",\"@id\":\"https:\\\/\\\/secure.gravatar.com\\\/avatar\\\/df0c9a14567c056f8ad6876ba5bbd1e3e2c48023eb6807342fc4663adf549f38?s=96&d=mm&r=g\",\"url\":\"https:\\\/\\\/secure.gravatar.com\\\/avatar\\\/df0c9a14567c056f8ad6876ba5bbd1e3e2c48023eb6807342fc4663adf549f38?s=96&d=mm&r=g\",\"contentUrl\":\"https:\\\/\\\/secure.gravatar.com\\\/avatar\\\/df0c9a14567c056f8ad6876ba5bbd1e3e2c48023eb6807342fc4663adf549f38?s=96&d=mm&r=g\",\"caption\":\"Farn\u00e9sio\"},\"sameAs\":[\"https:\\\/\\\/quersaberpolitica.com.br\"],\"url\":\"https:\\\/\\\/blogdofarnesio.com.br\\\/?author=1\"}]}<\/script>\n<!-- \/ Yoast SEO plugin. -->","yoast_head_json":{"title":"Prefeitura de Sento-S\u00e9 decreta fechamento dos servi\u00e7os n\u00e3o essenciais - Blog do Farn\u00e9sio","robots":{"index":"index","follow":"follow","max-snippet":"max-snippet:-1","max-image-preview":"max-image-preview:large","max-video-preview":"max-video-preview:-1"},"canonical":"https:\/\/blogdofarnesio.com.br\/?p=259210","og_locale":"pt_BR","og_type":"article","og_title":"Prefeitura de Sento-S\u00e9 decreta fechamento dos servi\u00e7os n\u00e3o essenciais - Blog do Farn\u00e9sio","og_description":"Nesta segunda-feira, 08\/06, em Di\u00e1rio Oficial (Decreto N\u00ba 062), a Prefeitura de Sento-S\u00e9 determinou o fechamento dos servi\u00e7os n\u00e3o essenciais, por conta do crescente n\u00famero de casos da COVID-19 (Coronav\u00edrus) no munic\u00edpio. Ainda, fica permitido apenas o funcionamento de supermercados, mercadinhos, padarias, farm\u00e1cias, a\u00e7ougues, verdureiros e estabelecimentos do mesmo g\u00eanero. Por\u00e9m, os propriet\u00e1rios t\u00eam a obriga\u00e7\u00e3o de fornecer aos funcion\u00e1rios m\u00e1scaras de prote\u00e7\u00e3o, mecanismos de higiene e desinfec\u00e7\u00e3o de m\u00e3os (sab\u00e3o l\u00edquido, papel toalha e\/ou \u00e1lcool \u00e0 70%), para proteger a sa\u00fade do trabalhador e ao cliente tamb\u00e9m sab\u00e3o l\u00edquido, papel toalha e\/ou \u00e1lcool \u00e0 70%. Al\u00e9m disso, fica suspenso o funcionamento dos estabelecimentos comerciais n\u00e3o essenciais dos ramos de aviamentos, materiais de pesca, confec\u00e7\u00f5es, tecidos, acess\u00f3rios, cal\u00e7ados, perfumarias, m\u00f3veis,&hellip;","og_url":"https:\/\/blogdofarnesio.com.br\/?p=259210","og_site_name":"Blog do Farn\u00e9sio","article_publisher":"https:\/\/www.facebook.com\/BlogQuerSaberPolitica\/","article_published_time":"2020-06-09T13:21:41+00:00","og_image":[{"width":700,"height":372,"url":"https:\/\/blogdofarnesio.com.br\/wp-content\/uploads\/2020\/03\/blogqspsentose-CONTRA-O-CORONA.jpeg","type":"image\/jpeg"}],"author":"Farn\u00e9sio","twitter_card":"summary_large_image","twitter_misc":{"Escrito por":"Farn\u00e9sio","Est. tempo de leitura":"2 minutos"},"schema":{"@context":"https:\/\/schema.org","@graph":[{"@type":"Article","@id":"https:\/\/blogdofarnesio.com.br\/?p=259210#article","isPartOf":{"@id":"https:\/\/blogdofarnesio.com.br\/?p=259210"},"author":{"name":"Farn\u00e9sio","@id":"https:\/\/blogdofarnesio.com.br\/#\/schema\/person\/301c4acf522bccbfdb45af95b5b906a1"},"headline":"Prefeitura de Sento-S\u00e9 decreta fechamento dos servi\u00e7os n\u00e3o essenciais","datePublished":"2020-06-09T13:21:41+00:00","mainEntityOfPage":{"@id":"https:\/\/blogdofarnesio.com.br\/?p=259210"},"wordCount":339,"publisher":{"@id":"https:\/\/blogdofarnesio.com.br\/#organization"},"image":{"@id":"https:\/\/blogdofarnesio.com.br\/?p=259210#primaryimage"},"thumbnailUrl":"https:\/\/blogdofarnesio.com.br\/wp-content\/uploads\/2020\/03\/blogqspsentose-CONTRA-O-CORONA.jpeg","articleSection":["Cidades"],"inLanguage":"pt-BR"},{"@type":"WebPage","@id":"https:\/\/blogdofarnesio.com.br\/?p=259210","url":"https:\/\/blogdofarnesio.com.br\/?p=259210","name":"Prefeitura de Sento-S\u00e9 decreta fechamento dos servi\u00e7os n\u00e3o essenciais - Blog do Farn\u00e9sio","isPartOf":{"@id":"https:\/\/blogdofarnesio.com.br\/#website"},"primaryImageOfPage":{"@id":"https:\/\/blogdofarnesio.com.br\/?p=259210#primaryimage"},"image":{"@id":"https:\/\/blogdofarnesio.com.br\/?p=259210#primaryimage"},"thumbnailUrl":"https:\/\/blogdofarnesio.com.br\/wp-content\/uploads\/2020\/03\/blogqspsentose-CONTRA-O-CORONA.jpeg","datePublished":"2020-06-09T13:21:41+00:00","breadcrumb":{"@id":"https:\/\/blogdofarnesio.com.br\/?p=259210#breadcrumb"},"inLanguage":"pt-BR","potentialAction":[{"@type":"ReadAction","target":["https:\/\/blogdofarnesio.com.br\/?p=259210"]}]},{"@type":"ImageObject","inLanguage":"pt-BR","@id":"https:\/\/blogdofarnesio.com.br\/?p=259210#primaryimage","url":"https:\/\/blogdofarnesio.com.br\/wp-content\/uploads\/2020\/03\/blogqspsentose-CONTRA-O-CORONA.jpeg","contentUrl":"https:\/\/blogdofarnesio.com.br\/wp-content\/uploads\/2020\/03\/blogqspsentose-CONTRA-O-CORONA.jpeg","width":700,"height":372},{"@type":"BreadcrumbList","@id":"https:\/\/blogdofarnesio.com.br\/?p=259210#breadcrumb","itemListElement":[{"@type":"ListItem","position":1,"name":"In\u00edcio","item":"https:\/\/blogdofarnesio.com.br\/"},{"@type":"ListItem","position":2,"name":"Prefeitura de Sento-S\u00e9 decreta fechamento dos servi\u00e7os n\u00e3o essenciais"}]},{"@type":"WebSite","@id":"https:\/\/blogdofarnesio.com.br\/#website","url":"https:\/\/blogdofarnesio.com.br\/","name":"Blog do Farn\u00e9sio","description":"Quer Saber Pol\u00edtica?","publisher":{"@id":"https:\/\/blogdofarnesio.com.br\/#organization"},"potentialAction":[{"@type":"SearchAction","target":{"@type":"EntryPoint","urlTemplate":"https:\/\/blogdofarnesio.com.br\/?s={search_term_string}"},"query-input":{"@type":"PropertyValueSpecification","valueRequired":true,"valueName":"search_term_string"}}],"inLanguage":"pt-BR"},{"@type":"Organization","@id":"https:\/\/blogdofarnesio.com.br\/#organization","name":"Blog do Farn\u00e9sio","url":"https:\/\/blogdofarnesio.com.br\/","logo":{"@type":"ImageObject","inLanguage":"pt-BR","@id":"https:\/\/blogdofarnesio.com.br\/#\/schema\/logo\/image\/","url":"https:\/\/blogdofarnesio.com.br\/wp-content\/uploads\/2026\/03\/cropped-logo_new-1.png","contentUrl":"https:\/\/blogdofarnesio.com.br\/wp-content\/uploads\/2026\/03\/cropped-logo_new-1.png","width":881,"height":685,"caption":"Blog do Farn\u00e9sio"},"image":{"@id":"https:\/\/blogdofarnesio.com.br\/#\/schema\/logo\/image\/"},"sameAs":["https:\/\/www.facebook.com\/BlogQuerSaberPolitica\/"]},{"@type":"Person","@id":"https:\/\/blogdofarnesio.com.br\/#\/schema\/person\/301c4acf522bccbfdb45af95b5b906a1","name":"Farn\u00e9sio","image":{"@type":"ImageObject","inLanguage":"pt-BR","@id":"https:\/\/secure.gravatar.com\/avatar\/df0c9a14567c056f8ad6876ba5bbd1e3e2c48023eb6807342fc4663adf549f38?s=96&d=mm&r=g","url":"https:\/\/secure.gravatar.com\/avatar\/df0c9a14567c056f8ad6876ba5bbd1e3e2c48023eb6807342fc4663adf549f38?s=96&d=mm&r=g","contentUrl":"https:\/\/secure.gravatar.com\/avatar\/df0c9a14567c056f8ad6876ba5bbd1e3e2c48023eb6807342fc4663adf549f38?s=96&d=mm&r=g","caption":"Farn\u00e9sio"},"sameAs":["https:\/\/quersaberpolitica.com.br"],"url":"https:\/\/blogdofarnesio.com.br\/?author=1"}]}},"_links":{"self":[{"href":"https:\/\/blogdofarnesio.com.br\/index.php?rest_route=\/wp\/v2\/posts\/259210","targetHints":{"allow":["GET"]}}],"collection":[{"href":"https:\/\/blogdofarnesio.com.br\/index.php?rest_route=\/wp\/v2\/posts"}],"about":[{"href":"https:\/\/blogdofarnesio.com.br\/index.php?rest_route=\/wp\/v2\/types\/post"}],"author":[{"embeddable":true,"href":"https:\/\/blogdofarnesio.com.br\/index.php?rest_route=\/wp\/v2\/users\/1"}],"replies":[{"embeddable":true,"href":"https:\/\/blogdofarnesio.com.br\/index.php?rest_route=%2Fwp%2Fv2%2Fcomments&post=259210"}],"version-history":[{"count":0,"href":"https:\/\/blogdofarnesio.com.br\/index.php?rest_route=\/wp\/v2\/posts\/259210\/revisions"}],"wp:featuredmedia":[{"embeddable":true,"href":"https:\/\/blogdofarnesio.com.br\/index.php?rest_route=\/wp\/v2\/media\/253828"}],"wp:attachment":[{"href":"https:\/\/blogdofarnesio.com.br\/index.php?rest_route=%2Fwp%2Fv2%2Fmedia&parent=259210"}],"wp:term":[{"taxonomy":"category","embeddable":true,"href":"https:\/\/blogdofarnesio.com.br\/index.php?rest_route=%2Fwp%2Fv2%2Fcategories&post=259210"},{"taxonomy":"post_tag","embeddable":true,"href":"https:\/\/blogdofarnesio.com.br\/index.php?rest_route=%2Fwp%2Fv2%2Ftags&post=259210"}],"curies":[{"name":"wp","href":"https:\/\/api.w.org\/{rel}","templated":true}]}}