{"id":259205,"date":"2020-06-08T17:37:06","date_gmt":"2020-06-08T20:37:06","guid":{"rendered":"http:\/\/quersaberpolitica.com.br\/2016\/?p=259205"},"modified":"2020-06-08T17:39:44","modified_gmt":"2020-06-08T20:39:44","slug":"259205-2","status":"publish","type":"post","link":"https:\/\/blogdofarnesio.com.br\/?p=259205","title":{"rendered":"Uma morte e mais nove casos de covid s\u00e3o confirmados nesta segunda feira em Juazeiro"},"content":{"rendered":"<p>No boletim desta segunda-feira (08), a Secretaria da Sa\u00fade informa que nas \u00faltimas 24h registrou mais nove novos casos e lamenta mais um \u00f3bito pela COVID 19. Os pacientes diagnosticados pela doen\u00e7a s\u00e3o seis policiais militares. Estes fizerem o teste r\u00e1pido atrav\u00e9s do mapeamento do status imunol\u00f3gico que teve inicio nos profissionais de sa\u00fade e agora est\u00e1 acontecendo nas for\u00e7as de seguran\u00e7a. Os outros tr\u00eas pacientes n\u00e3o s\u00e3o de profissionais testados pelo mapeamento.<\/p>\n<p>A SESAU lamenta informar que registra mais um \u00f3bito em decorr\u00eancia da doen\u00e7a, de um jovem de 27 anos que tinha a obesidade\u00a0com comorbidade. O mesmo estava internado na ala particular do Hospital Promatre e faleceu na noite deste domingo (07). Todos os casos tiveram resultado por meio do Teste R\u00e1pido. As idades dos casos confirmados s\u00e3o de 19 a 57 anos. Dos nove casos, oito s\u00e3o do sexo masculino e um do sexo feminino.<\/p>\n<p>Para o novo coronav\u00edrus, Juazeiro tem 1.066 notifica\u00e7\u00f5es sendo que 801 exames j\u00e1 foram descartados por testarem negativo para a doen\u00e7a e outros 125 est\u00e3o aguardando resultado ou coleta. Com os dados desta segunda-feira, Juazeiro registra 140 casos confirmados da doen\u00e7a sendo que 49 j\u00e1 est\u00e3o recuperados, ou seja, com cura cl\u00ednica. Do total de casos confirmados, 61 s\u00e3o do sexo feminino, 79 do sexo masculino e deste quantitativo, 40 s\u00e3o profissionais de sa\u00fade.<\/p>\n<p>Para o H1N1 n\u00e3o h\u00e1 altera\u00e7\u00e3o nos dados, permanecem as 73 notifica\u00e7\u00f5es com confirma\u00e7\u00e3o de 18 casos, incluindo dois \u00f3bitos. Os demais pacientes positivos para H1N1 est\u00e3o em seus domic\u00edlios e sem gravidade, uma vez que existe tratamento para a enfermidade. Est\u00e3o em investiga\u00e7\u00e3o 28 exames e outros 27 j\u00e1 foram descartados.<\/p>\n<p>A secretaria permanece testando e monitorando pacientes de acordo com as diretrizes e normas t\u00e9cnicas do Governo do Estado da Bahia e do Minist\u00e9rio da Sa\u00fade, por isto o aumento consider\u00e1vel nas notifica\u00e7\u00f5es para a doen\u00e7a. Qualquer d\u00favida referente \u00e0 COVID 19 a popula\u00e7\u00e3o pode tirar atrav\u00e9s do WhatsApp (74) 99819- 3089 em hor\u00e1rio comercial e dias \u00fateis de segunda a sexta-<\/p>\n","protected":false},"excerpt":{"rendered":"<p>No boletim desta segunda-feira (08), a Secretaria da Sa\u00fade informa que nas \u00faltimas 24h registrou mais nove novos casos e lamenta mais um \u00f3bito pela COVID 19. Os pacientes diagnosticados pela doen\u00e7a s\u00e3o seis policiais militares. Estes fizerem o teste r\u00e1pido atrav\u00e9s do mapeamento do status imunol\u00f3gico que teve inicio nos profissionais de sa\u00fade e agora est\u00e1 acontecendo nas for\u00e7as de seguran\u00e7a. Os outros tr\u00eas pacientes n\u00e3o s\u00e3o de profissionais testados pelo mapeamento. A SESAU lamenta informar que registra mais um \u00f3bito em decorr\u00eancia da doen\u00e7a, de um jovem de 27 anos que tinha a obesidade\u00a0com comorbidade. O mesmo estava internado na ala particular do Hospital Promatre e faleceu na noite deste domingo (07). Todos os casos tiveram resultado por&hellip; <\/p>\n","protected":false},"author":1,"featured_media":259206,"comment_status":"closed","ping_status":"closed","sticky":false,"template":"","format":"standard","meta":{"_acf_changed":false,"footnotes":""},"categories":[4],"tags":[],"class_list":["post-259205","post","type-post","status-publish","format-standard","has-post-thumbnail","hentry","category-saude"],"acf":[],"yoast_head":"<!-- This site is optimized with the Yoast SEO plugin v27.4 - https:\/\/yoast.com\/product\/yoast-seo-wordpress\/ -->\n<title>Uma morte e mais nove casos de covid s\u00e3o confirmados nesta segunda feira em Juazeiro - Blog do Farn\u00e9sio<\/title>\n<meta name=\"robots\" content=\"index, follow, max-snippet:-1, max-image-preview:large, max-video-preview:-1\" \/>\n<link rel=\"canonical\" href=\"https:\/\/blogdofarnesio.com.br\/?p=259205\" \/>\n<meta property=\"og:locale\" content=\"pt_BR\" \/>\n<meta property=\"og:type\" content=\"article\" \/>\n<meta property=\"og:title\" content=\"Uma morte e mais nove casos de covid s\u00e3o confirmados nesta segunda feira em Juazeiro - Blog do Farn\u00e9sio\" \/>\n<meta property=\"og:description\" content=\"No boletim desta segunda-feira (08), a Secretaria da Sa\u00fade informa que nas \u00faltimas 24h registrou mais nove novos casos e lamenta mais um \u00f3bito pela COVID 19. Os pacientes diagnosticados pela doen\u00e7a s\u00e3o seis policiais militares. Estes fizerem o teste r\u00e1pido atrav\u00e9s do mapeamento do status imunol\u00f3gico que teve inicio nos profissionais de sa\u00fade e agora est\u00e1 acontecendo nas for\u00e7as de seguran\u00e7a. Os outros tr\u00eas pacientes n\u00e3o s\u00e3o de profissionais testados pelo mapeamento. A SESAU lamenta informar que registra mais um \u00f3bito em decorr\u00eancia da doen\u00e7a, de um jovem de 27 anos que tinha a obesidade\u00a0com comorbidade. O mesmo estava internado na ala particular do Hospital Promatre e faleceu na noite deste domingo (07). Todos os casos tiveram resultado por&hellip;\" \/>\n<meta property=\"og:url\" content=\"https:\/\/blogdofarnesio.com.br\/?p=259205\" \/>\n<meta property=\"og:site_name\" content=\"Blog do Farn\u00e9sio\" \/>\n<meta property=\"article:publisher\" content=\"https:\/\/www.facebook.com\/BlogQuerSaberPolitica\/\" \/>\n<meta property=\"article:published_time\" content=\"2020-06-08T20:37:06+00:00\" \/>\n<meta property=\"article:modified_time\" content=\"2020-06-08T20:39:44+00:00\" \/>\n<meta property=\"og:image\" content=\"https:\/\/blogdofarnesio.com.br\/wp-content\/uploads\/2020\/06\/Atualiza\u00e7\u00e3o-de-dados-08-06.jpg\" \/>\n\t<meta property=\"og:image:width\" content=\"800\" \/>\n\t<meta property=\"og:image:height\" content=\"800\" \/>\n\t<meta property=\"og:image:type\" content=\"image\/jpeg\" \/>\n<meta name=\"author\" content=\"Farn\u00e9sio\" \/>\n<meta name=\"twitter:card\" content=\"summary_large_image\" \/>\n<meta name=\"twitter:label1\" content=\"Escrito por\" \/>\n\t<meta name=\"twitter:data1\" content=\"Farn\u00e9sio\" \/>\n\t<meta name=\"twitter:label2\" content=\"Est. tempo de leitura\" \/>\n\t<meta name=\"twitter:data2\" content=\"2 minutos\" \/>\n<script type=\"application\/ld+json\" class=\"yoast-schema-graph\">{\"@context\":\"https:\\\/\\\/schema.org\",\"@graph\":[{\"@type\":\"Article\",\"@id\":\"https:\\\/\\\/blogdofarnesio.com.br\\\/?p=259205#article\",\"isPartOf\":{\"@id\":\"https:\\\/\\\/blogdofarnesio.com.br\\\/?p=259205\"},\"author\":{\"name\":\"Farn\u00e9sio\",\"@id\":\"https:\\\/\\\/blogdofarnesio.com.br\\\/#\\\/schema\\\/person\\\/301c4acf522bccbfdb45af95b5b906a1\"},\"headline\":\"Uma morte e mais nove casos de covid s\u00e3o confirmados nesta segunda feira em Juazeiro\",\"datePublished\":\"2020-06-08T20:37:06+00:00\",\"dateModified\":\"2020-06-08T20:39:44+00:00\",\"mainEntityOfPage\":{\"@id\":\"https:\\\/\\\/blogdofarnesio.com.br\\\/?p=259205\"},\"wordCount\":378,\"publisher\":{\"@id\":\"https:\\\/\\\/blogdofarnesio.com.br\\\/#organization\"},\"image\":{\"@id\":\"https:\\\/\\\/blogdofarnesio.com.br\\\/?p=259205#primaryimage\"},\"thumbnailUrl\":\"https:\\\/\\\/blogdofarnesio.com.br\\\/wp-content\\\/uploads\\\/2020\\\/06\\\/Atualiza\u00e7\u00e3o-de-dados-08-06.jpg\",\"articleSection\":[\"Sa\u00fade\"],\"inLanguage\":\"pt-BR\"},{\"@type\":\"WebPage\",\"@id\":\"https:\\\/\\\/blogdofarnesio.com.br\\\/?p=259205\",\"url\":\"https:\\\/\\\/blogdofarnesio.com.br\\\/?p=259205\",\"name\":\"Uma morte e mais nove casos de covid s\u00e3o confirmados nesta segunda feira em Juazeiro - Blog do Farn\u00e9sio\",\"isPartOf\":{\"@id\":\"https:\\\/\\\/blogdofarnesio.com.br\\\/#website\"},\"primaryImageOfPage\":{\"@id\":\"https:\\\/\\\/blogdofarnesio.com.br\\\/?p=259205#primaryimage\"},\"image\":{\"@id\":\"https:\\\/\\\/blogdofarnesio.com.br\\\/?p=259205#primaryimage\"},\"thumbnailUrl\":\"https:\\\/\\\/blogdofarnesio.com.br\\\/wp-content\\\/uploads\\\/2020\\\/06\\\/Atualiza\u00e7\u00e3o-de-dados-08-06.jpg\",\"datePublished\":\"2020-06-08T20:37:06+00:00\",\"dateModified\":\"2020-06-08T20:39:44+00:00\",\"breadcrumb\":{\"@id\":\"https:\\\/\\\/blogdofarnesio.com.br\\\/?p=259205#breadcrumb\"},\"inLanguage\":\"pt-BR\",\"potentialAction\":[{\"@type\":\"ReadAction\",\"target\":[\"https:\\\/\\\/blogdofarnesio.com.br\\\/?p=259205\"]}]},{\"@type\":\"ImageObject\",\"inLanguage\":\"pt-BR\",\"@id\":\"https:\\\/\\\/blogdofarnesio.com.br\\\/?p=259205#primaryimage\",\"url\":\"https:\\\/\\\/blogdofarnesio.com.br\\\/wp-content\\\/uploads\\\/2020\\\/06\\\/Atualiza\u00e7\u00e3o-de-dados-08-06.jpg\",\"contentUrl\":\"https:\\\/\\\/blogdofarnesio.com.br\\\/wp-content\\\/uploads\\\/2020\\\/06\\\/Atualiza\u00e7\u00e3o-de-dados-08-06.jpg\",\"width\":800,\"height\":800},{\"@type\":\"BreadcrumbList\",\"@id\":\"https:\\\/\\\/blogdofarnesio.com.br\\\/?p=259205#breadcrumb\",\"itemListElement\":[{\"@type\":\"ListItem\",\"position\":1,\"name\":\"In\u00edcio\",\"item\":\"https:\\\/\\\/blogdofarnesio.com.br\\\/\"},{\"@type\":\"ListItem\",\"position\":2,\"name\":\"Uma morte e mais nove casos de covid s\u00e3o confirmados nesta segunda feira em Juazeiro\"}]},{\"@type\":\"WebSite\",\"@id\":\"https:\\\/\\\/blogdofarnesio.com.br\\\/#website\",\"url\":\"https:\\\/\\\/blogdofarnesio.com.br\\\/\",\"name\":\"Blog do Farn\u00e9sio\",\"description\":\"Quer Saber Pol\u00edtica?\",\"publisher\":{\"@id\":\"https:\\\/\\\/blogdofarnesio.com.br\\\/#organization\"},\"potentialAction\":[{\"@type\":\"SearchAction\",\"target\":{\"@type\":\"EntryPoint\",\"urlTemplate\":\"https:\\\/\\\/blogdofarnesio.com.br\\\/?s={search_term_string}\"},\"query-input\":{\"@type\":\"PropertyValueSpecification\",\"valueRequired\":true,\"valueName\":\"search_term_string\"}}],\"inLanguage\":\"pt-BR\"},{\"@type\":\"Organization\",\"@id\":\"https:\\\/\\\/blogdofarnesio.com.br\\\/#organization\",\"name\":\"Blog do Farn\u00e9sio\",\"url\":\"https:\\\/\\\/blogdofarnesio.com.br\\\/\",\"logo\":{\"@type\":\"ImageObject\",\"inLanguage\":\"pt-BR\",\"@id\":\"https:\\\/\\\/blogdofarnesio.com.br\\\/#\\\/schema\\\/logo\\\/image\\\/\",\"url\":\"https:\\\/\\\/blogdofarnesio.com.br\\\/wp-content\\\/uploads\\\/2026\\\/03\\\/cropped-logo_new-1.png\",\"contentUrl\":\"https:\\\/\\\/blogdofarnesio.com.br\\\/wp-content\\\/uploads\\\/2026\\\/03\\\/cropped-logo_new-1.png\",\"width\":881,\"height\":685,\"caption\":\"Blog do Farn\u00e9sio\"},\"image\":{\"@id\":\"https:\\\/\\\/blogdofarnesio.com.br\\\/#\\\/schema\\\/logo\\\/image\\\/\"},\"sameAs\":[\"https:\\\/\\\/www.facebook.com\\\/BlogQuerSaberPolitica\\\/\"]},{\"@type\":\"Person\",\"@id\":\"https:\\\/\\\/blogdofarnesio.com.br\\\/#\\\/schema\\\/person\\\/301c4acf522bccbfdb45af95b5b906a1\",\"name\":\"Farn\u00e9sio\",\"image\":{\"@type\":\"ImageObject\",\"inLanguage\":\"pt-BR\",\"@id\":\"https:\\\/\\\/secure.gravatar.com\\\/avatar\\\/df0c9a14567c056f8ad6876ba5bbd1e3e2c48023eb6807342fc4663adf549f38?s=96&d=mm&r=g\",\"url\":\"https:\\\/\\\/secure.gravatar.com\\\/avatar\\\/df0c9a14567c056f8ad6876ba5bbd1e3e2c48023eb6807342fc4663adf549f38?s=96&d=mm&r=g\",\"contentUrl\":\"https:\\\/\\\/secure.gravatar.com\\\/avatar\\\/df0c9a14567c056f8ad6876ba5bbd1e3e2c48023eb6807342fc4663adf549f38?s=96&d=mm&r=g\",\"caption\":\"Farn\u00e9sio\"},\"sameAs\":[\"https:\\\/\\\/quersaberpolitica.com.br\"],\"url\":\"https:\\\/\\\/blogdofarnesio.com.br\\\/?author=1\"}]}<\/script>\n<!-- \/ Yoast SEO plugin. -->","yoast_head_json":{"title":"Uma morte e mais nove casos de covid s\u00e3o confirmados nesta segunda feira em Juazeiro - Blog do Farn\u00e9sio","robots":{"index":"index","follow":"follow","max-snippet":"max-snippet:-1","max-image-preview":"max-image-preview:large","max-video-preview":"max-video-preview:-1"},"canonical":"https:\/\/blogdofarnesio.com.br\/?p=259205","og_locale":"pt_BR","og_type":"article","og_title":"Uma morte e mais nove casos de covid s\u00e3o confirmados nesta segunda feira em Juazeiro - Blog do Farn\u00e9sio","og_description":"No boletim desta segunda-feira (08), a Secretaria da Sa\u00fade informa que nas \u00faltimas 24h registrou mais nove novos casos e lamenta mais um \u00f3bito pela COVID 19. Os pacientes diagnosticados pela doen\u00e7a s\u00e3o seis policiais militares. Estes fizerem o teste r\u00e1pido atrav\u00e9s do mapeamento do status imunol\u00f3gico que teve inicio nos profissionais de sa\u00fade e agora est\u00e1 acontecendo nas for\u00e7as de seguran\u00e7a. Os outros tr\u00eas pacientes n\u00e3o s\u00e3o de profissionais testados pelo mapeamento. A SESAU lamenta informar que registra mais um \u00f3bito em decorr\u00eancia da doen\u00e7a, de um jovem de 27 anos que tinha a obesidade\u00a0com comorbidade. O mesmo estava internado na ala particular do Hospital Promatre e faleceu na noite deste domingo (07). Todos os casos tiveram resultado por&hellip;","og_url":"https:\/\/blogdofarnesio.com.br\/?p=259205","og_site_name":"Blog do Farn\u00e9sio","article_publisher":"https:\/\/www.facebook.com\/BlogQuerSaberPolitica\/","article_published_time":"2020-06-08T20:37:06+00:00","article_modified_time":"2020-06-08T20:39:44+00:00","og_image":[{"width":800,"height":800,"url":"https:\/\/blogdofarnesio.com.br\/wp-content\/uploads\/2020\/06\/Atualiza\u00e7\u00e3o-de-dados-08-06.jpg","type":"image\/jpeg"}],"author":"Farn\u00e9sio","twitter_card":"summary_large_image","twitter_misc":{"Escrito por":"Farn\u00e9sio","Est. tempo de leitura":"2 minutos"},"schema":{"@context":"https:\/\/schema.org","@graph":[{"@type":"Article","@id":"https:\/\/blogdofarnesio.com.br\/?p=259205#article","isPartOf":{"@id":"https:\/\/blogdofarnesio.com.br\/?p=259205"},"author":{"name":"Farn\u00e9sio","@id":"https:\/\/blogdofarnesio.com.br\/#\/schema\/person\/301c4acf522bccbfdb45af95b5b906a1"},"headline":"Uma morte e mais nove casos de covid s\u00e3o confirmados nesta segunda feira em Juazeiro","datePublished":"2020-06-08T20:37:06+00:00","dateModified":"2020-06-08T20:39:44+00:00","mainEntityOfPage":{"@id":"https:\/\/blogdofarnesio.com.br\/?p=259205"},"wordCount":378,"publisher":{"@id":"https:\/\/blogdofarnesio.com.br\/#organization"},"image":{"@id":"https:\/\/blogdofarnesio.com.br\/?p=259205#primaryimage"},"thumbnailUrl":"https:\/\/blogdofarnesio.com.br\/wp-content\/uploads\/2020\/06\/Atualiza\u00e7\u00e3o-de-dados-08-06.jpg","articleSection":["Sa\u00fade"],"inLanguage":"pt-BR"},{"@type":"WebPage","@id":"https:\/\/blogdofarnesio.com.br\/?p=259205","url":"https:\/\/blogdofarnesio.com.br\/?p=259205","name":"Uma morte e mais nove casos de covid s\u00e3o confirmados nesta segunda feira em Juazeiro - Blog do Farn\u00e9sio","isPartOf":{"@id":"https:\/\/blogdofarnesio.com.br\/#website"},"primaryImageOfPage":{"@id":"https:\/\/blogdofarnesio.com.br\/?p=259205#primaryimage"},"image":{"@id":"https:\/\/blogdofarnesio.com.br\/?p=259205#primaryimage"},"thumbnailUrl":"https:\/\/blogdofarnesio.com.br\/wp-content\/uploads\/2020\/06\/Atualiza\u00e7\u00e3o-de-dados-08-06.jpg","datePublished":"2020-06-08T20:37:06+00:00","dateModified":"2020-06-08T20:39:44+00:00","breadcrumb":{"@id":"https:\/\/blogdofarnesio.com.br\/?p=259205#breadcrumb"},"inLanguage":"pt-BR","potentialAction":[{"@type":"ReadAction","target":["https:\/\/blogdofarnesio.com.br\/?p=259205"]}]},{"@type":"ImageObject","inLanguage":"pt-BR","@id":"https:\/\/blogdofarnesio.com.br\/?p=259205#primaryimage","url":"https:\/\/blogdofarnesio.com.br\/wp-content\/uploads\/2020\/06\/Atualiza\u00e7\u00e3o-de-dados-08-06.jpg","contentUrl":"https:\/\/blogdofarnesio.com.br\/wp-content\/uploads\/2020\/06\/Atualiza\u00e7\u00e3o-de-dados-08-06.jpg","width":800,"height":800},{"@type":"BreadcrumbList","@id":"https:\/\/blogdofarnesio.com.br\/?p=259205#breadcrumb","itemListElement":[{"@type":"ListItem","position":1,"name":"In\u00edcio","item":"https:\/\/blogdofarnesio.com.br\/"},{"@type":"ListItem","position":2,"name":"Uma morte e mais nove casos de covid s\u00e3o confirmados nesta segunda feira em Juazeiro"}]},{"@type":"WebSite","@id":"https:\/\/blogdofarnesio.com.br\/#website","url":"https:\/\/blogdofarnesio.com.br\/","name":"Blog do Farn\u00e9sio","description":"Quer Saber Pol\u00edtica?","publisher":{"@id":"https:\/\/blogdofarnesio.com.br\/#organization"},"potentialAction":[{"@type":"SearchAction","target":{"@type":"EntryPoint","urlTemplate":"https:\/\/blogdofarnesio.com.br\/?s={search_term_string}"},"query-input":{"@type":"PropertyValueSpecification","valueRequired":true,"valueName":"search_term_string"}}],"inLanguage":"pt-BR"},{"@type":"Organization","@id":"https:\/\/blogdofarnesio.com.br\/#organization","name":"Blog do Farn\u00e9sio","url":"https:\/\/blogdofarnesio.com.br\/","logo":{"@type":"ImageObject","inLanguage":"pt-BR","@id":"https:\/\/blogdofarnesio.com.br\/#\/schema\/logo\/image\/","url":"https:\/\/blogdofarnesio.com.br\/wp-content\/uploads\/2026\/03\/cropped-logo_new-1.png","contentUrl":"https:\/\/blogdofarnesio.com.br\/wp-content\/uploads\/2026\/03\/cropped-logo_new-1.png","width":881,"height":685,"caption":"Blog do Farn\u00e9sio"},"image":{"@id":"https:\/\/blogdofarnesio.com.br\/#\/schema\/logo\/image\/"},"sameAs":["https:\/\/www.facebook.com\/BlogQuerSaberPolitica\/"]},{"@type":"Person","@id":"https:\/\/blogdofarnesio.com.br\/#\/schema\/person\/301c4acf522bccbfdb45af95b5b906a1","name":"Farn\u00e9sio","image":{"@type":"ImageObject","inLanguage":"pt-BR","@id":"https:\/\/secure.gravatar.com\/avatar\/df0c9a14567c056f8ad6876ba5bbd1e3e2c48023eb6807342fc4663adf549f38?s=96&d=mm&r=g","url":"https:\/\/secure.gravatar.com\/avatar\/df0c9a14567c056f8ad6876ba5bbd1e3e2c48023eb6807342fc4663adf549f38?s=96&d=mm&r=g","contentUrl":"https:\/\/secure.gravatar.com\/avatar\/df0c9a14567c056f8ad6876ba5bbd1e3e2c48023eb6807342fc4663adf549f38?s=96&d=mm&r=g","caption":"Farn\u00e9sio"},"sameAs":["https:\/\/quersaberpolitica.com.br"],"url":"https:\/\/blogdofarnesio.com.br\/?author=1"}]}},"_links":{"self":[{"href":"https:\/\/blogdofarnesio.com.br\/index.php?rest_route=\/wp\/v2\/posts\/259205","targetHints":{"allow":["GET"]}}],"collection":[{"href":"https:\/\/blogdofarnesio.com.br\/index.php?rest_route=\/wp\/v2\/posts"}],"about":[{"href":"https:\/\/blogdofarnesio.com.br\/index.php?rest_route=\/wp\/v2\/types\/post"}],"author":[{"embeddable":true,"href":"https:\/\/blogdofarnesio.com.br\/index.php?rest_route=\/wp\/v2\/users\/1"}],"replies":[{"embeddable":true,"href":"https:\/\/blogdofarnesio.com.br\/index.php?rest_route=%2Fwp%2Fv2%2Fcomments&post=259205"}],"version-history":[{"count":0,"href":"https:\/\/blogdofarnesio.com.br\/index.php?rest_route=\/wp\/v2\/posts\/259205\/revisions"}],"wp:featuredmedia":[{"embeddable":true,"href":"https:\/\/blogdofarnesio.com.br\/index.php?rest_route=\/wp\/v2\/media\/259206"}],"wp:attachment":[{"href":"https:\/\/blogdofarnesio.com.br\/index.php?rest_route=%2Fwp%2Fv2%2Fmedia&parent=259205"}],"wp:term":[{"taxonomy":"category","embeddable":true,"href":"https:\/\/blogdofarnesio.com.br\/index.php?rest_route=%2Fwp%2Fv2%2Fcategories&post=259205"},{"taxonomy":"post_tag","embeddable":true,"href":"https:\/\/blogdofarnesio.com.br\/index.php?rest_route=%2Fwp%2Fv2%2Ftags&post=259205"}],"curies":[{"name":"wp","href":"https:\/\/api.w.org\/{rel}","templated":true}]}}