{"id":259202,"date":"2020-06-09T07:41:24","date_gmt":"2020-06-09T10:41:24","guid":{"rendered":"http:\/\/quersaberpolitica.com.br\/2016\/?p=259202"},"modified":"2020-06-08T17:33:51","modified_gmt":"2020-06-08T20:33:51","slug":"prefeito-luiz-vicente-berti-prorroga-decreto-com-medidas-restritivas-ate-15-de-junho","status":"publish","type":"post","link":"https:\/\/blogdofarnesio.com.br\/?p=259202","title":{"rendered":"Prefeito Luiz Vicente Berti prorroga decreto com medidas restritivas at\u00e9 15 de junho"},"content":{"rendered":"<div class=\"Ah oj\">\n<div class=\"rj\">Considerando o crescimento de casos de Covid 19, em Sobradinho, onde j\u00e1 foram registradas 51 confirma\u00e7\u00f5es da infec\u00e7\u00e3o, e 4 \u00f3bitos, em novo Decreto Municipal, o Prefeito Luiz Vicente Berti prorrogou a vig\u00eancia das medidas de distanciamento social at\u00e9 o dia 15 de junho, pr\u00f3xima segunda-feira.<\/div>\n<\/div>\n<div class=\"Ph\" data-onclick=\"w\">\n<div id=\"cvcmsg_172958e1d188164c\" class=\"yh\">\n<div id=\"cvcfullmsg_172958e1d188164c\" class=\"Vh\">\n<div id=\"cvcmsgbod_172958e1d188164c\" class=\"aj\">\n<div class=\"Ni\">\n<div class=\"ni pi \" dir=\"ltr\">\n<div dir=\"ltr\">\n<p>Continuam valendo todas as medidas restritivas previstas nos decretos anteriores, e entre os dias 08 e 15 de junho poder\u00e3o funcionar at\u00e9 \u00e0s 17 horas, farm\u00e1cias, supermercados, laborat\u00f3rios, SAAE, estabelecimentos de sa\u00fade humana e animal, casas que forne\u00e7am produtos para alimenta\u00e7\u00e3o animal e suporte \u00e0 agricultura, casas lot\u00e9ricas, correspondentes banc\u00e1rios, ag\u00eancias banc\u00e1rias. Postos de gasolina e funer\u00e1rias, poder\u00e3o funcionar nos seus hor\u00e1rios habituais; padarias at\u00e9 \u00e0s 19 horas.<\/p>\n<p>O com\u00e9rcio tamb\u00e9m est\u00e1 autorizado a funcionar de segunda \u00e0 sexta, das 8 \u00e0s 14 horas, e aos s\u00e1bados, das 8 \u00e0s 12.<\/p>\n<p>Lembrando que, cada estabelecimento comercial se comprometeu em instalar pias na \u00e1rea externa para que os clientes fa\u00e7am a higieniza\u00e7\u00e3o das m\u00e3os, antes de entrar nas lojas, al\u00e9m disso o acesso de pessoas dever\u00e1 ser limitado a, no m\u00e1ximo, 01 pessoa a cada 2m2 de \u00e1rea e os lojistas dever\u00e3o disponibilizar \u00e1lcool em gel 70\u00ba ou produto similar para os clientes.<\/p>\n<p>Os estabelecimentos do ramo de alimenta\u00e7\u00e3o devem continuar atendendo exclusivamente no sistema delivery, at\u00e9 a meia noite.<\/p>\n<p>Continuam suspensas as atividades nas academias de gin\u00e1stica, clubes sociais e esportivos, Gin\u00e1sio de Esportes, Campos de Futebol, Quadras de Futsal e Quadras de Society, bares, restaurantes e lanchonetes.<\/p>\n<p>At\u00e9 o dia 15 de junho de 2020, os templos religiosos poder\u00e3o abrir at\u00e9 as 20:00, desde que seja permitido o acesso de, no m\u00e1ximo, 20 (vinte) pessoas para Igrejas com mais de 500m\u00b2 e, no m\u00e1ximo, 10 (dez) pessoas para as demais, mantendo o distanciamento m\u00ednimo de 2,0 (dois) metros entre as cadeiras, uma pessoa a cada dois metros quadrados e com membros e fieis utilizando m\u00e1scaras.<\/p>\n<p>O Toque de Recolher continua valendo. Portanto, est\u00e1 proibida a circula\u00e7\u00e3o de pessoas e ve\u00edculos nas vias p\u00fablicas, no per\u00edodo das 20 \u00e0s 5 horas da manh\u00e3. Somente poder\u00e3o circular neste hor\u00e1rio, profissionais de sa\u00fade e de outros servi\u00e7os essenciais, ou pessoas que precisem acessar algum servi\u00e7o de sa\u00fade.<\/p>\n<p>Tamb\u00e9m continua suspensa a circula\u00e7\u00e3o de transportes intermunicipais e interestaduais.<\/p>\n<p>&#8220;N\u00f3s que fazemos parte do Comit\u00ea de Opera\u00e7\u00f5es de Emerg\u00eancia em Sa\u00fade P\u00fablica, criando para ado\u00e7\u00e3o de medidas e monitoramento da pandemia do novo coronav\u00edrus, em Sobradinho, at\u00e9 o momento, n\u00e3o consideramos a necessidade de medidas mais r\u00edgidas, como o \u201clockdown\u201d. Estamos monitorando a evolu\u00e7\u00e3o dos n\u00fameros, a taxa de isolamento social e o comportamento das pessoas em rela\u00e7\u00e3o ao distanciamento social. Caso haja necessidade, poderemos flexibilizar ou intensificar as medidas restritivas. Tudo vai depender do n\u00famero de casos nesta semana e da atitude dos moradores em respeitar as recomenda\u00e7\u00f5es&#8221;, informou o Prefeito Luiz Vicente Berti.<\/p>\n<p>O gestor municipal refor\u00e7ou o pedido para que as pessoas permane\u00e7am em casa, e, caso seja necess\u00e1rio ir as ruas, o uso de m\u00e1scaras \u00e9 obrigat\u00f3rio.<\/p>\n<p>Ascom PMS<\/p>\n<\/div>\n<\/div>\n<\/div>\n<\/div>\n<\/div>\n<\/div>\n<\/div>\n","protected":false},"excerpt":{"rendered":"<p>Considerando o crescimento de casos de Covid 19, em Sobradinho, onde j\u00e1 foram registradas 51 confirma\u00e7\u00f5es da infec\u00e7\u00e3o, e 4 \u00f3bitos, em novo Decreto Municipal, o Prefeito Luiz Vicente Berti prorrogou a vig\u00eancia das medidas de distanciamento social at\u00e9 o dia 15 de junho, pr\u00f3xima segunda-feira. Continuam valendo todas as medidas restritivas previstas nos decretos anteriores, e entre os dias 08 e 15 de junho poder\u00e3o funcionar at\u00e9 \u00e0s 17 horas, farm\u00e1cias, supermercados, laborat\u00f3rios, SAAE, estabelecimentos de sa\u00fade humana e animal, casas que forne\u00e7am produtos para alimenta\u00e7\u00e3o animal e suporte \u00e0 agricultura, casas lot\u00e9ricas, correspondentes banc\u00e1rios, ag\u00eancias banc\u00e1rias. Postos de gasolina e funer\u00e1rias, poder\u00e3o funcionar nos seus hor\u00e1rios habituais; padarias at\u00e9 \u00e0s 19 horas. O com\u00e9rcio tamb\u00e9m est\u00e1 autorizado a&hellip; <\/p>\n","protected":false},"author":1,"featured_media":259203,"comment_status":"closed","ping_status":"closed","sticky":false,"template":"","format":"standard","meta":{"_acf_changed":false,"footnotes":""},"categories":[1],"tags":[],"class_list":["post-259202","post","type-post","status-publish","format-standard","has-post-thumbnail","hentry","category-politica"],"acf":[],"yoast_head":"<!-- This site is optimized with the Yoast SEO plugin v27.4 - https:\/\/yoast.com\/product\/yoast-seo-wordpress\/ -->\n<title>Prefeito Luiz Vicente Berti prorroga decreto com medidas restritivas at\u00e9 15 de junho - Blog do Farn\u00e9sio<\/title>\n<meta name=\"robots\" content=\"index, follow, max-snippet:-1, max-image-preview:large, max-video-preview:-1\" \/>\n<link rel=\"canonical\" href=\"https:\/\/blogdofarnesio.com.br\/?p=259202\" \/>\n<meta property=\"og:locale\" content=\"pt_BR\" \/>\n<meta property=\"og:type\" content=\"article\" \/>\n<meta property=\"og:title\" content=\"Prefeito Luiz Vicente Berti prorroga decreto com medidas restritivas at\u00e9 15 de junho - Blog do Farn\u00e9sio\" \/>\n<meta property=\"og:description\" content=\"Considerando o crescimento de casos de Covid 19, em Sobradinho, onde j\u00e1 foram registradas 51 confirma\u00e7\u00f5es da infec\u00e7\u00e3o, e 4 \u00f3bitos, em novo Decreto Municipal, o Prefeito Luiz Vicente Berti prorrogou a vig\u00eancia das medidas de distanciamento social at\u00e9 o dia 15 de junho, pr\u00f3xima segunda-feira. Continuam valendo todas as medidas restritivas previstas nos decretos anteriores, e entre os dias 08 e 15 de junho poder\u00e3o funcionar at\u00e9 \u00e0s 17 horas, farm\u00e1cias, supermercados, laborat\u00f3rios, SAAE, estabelecimentos de sa\u00fade humana e animal, casas que forne\u00e7am produtos para alimenta\u00e7\u00e3o animal e suporte \u00e0 agricultura, casas lot\u00e9ricas, correspondentes banc\u00e1rios, ag\u00eancias banc\u00e1rias. Postos de gasolina e funer\u00e1rias, poder\u00e3o funcionar nos seus hor\u00e1rios habituais; padarias at\u00e9 \u00e0s 19 horas. O com\u00e9rcio tamb\u00e9m est\u00e1 autorizado a&hellip;\" \/>\n<meta property=\"og:url\" content=\"https:\/\/blogdofarnesio.com.br\/?p=259202\" \/>\n<meta property=\"og:site_name\" content=\"Blog do Farn\u00e9sio\" \/>\n<meta property=\"article:publisher\" content=\"https:\/\/www.facebook.com\/BlogQuerSaberPolitica\/\" \/>\n<meta property=\"article:published_time\" content=\"2020-06-09T10:41:24+00:00\" \/>\n<meta property=\"og:image\" content=\"https:\/\/blogdofarnesio.com.br\/wp-content\/uploads\/2020\/06\/COMUNICADO-SOBRADINHO.jpg\" \/>\n\t<meta property=\"og:image:width\" content=\"1280\" \/>\n\t<meta property=\"og:image:height\" content=\"810\" \/>\n\t<meta property=\"og:image:type\" content=\"image\/jpeg\" \/>\n<meta name=\"author\" content=\"Farn\u00e9sio\" \/>\n<meta name=\"twitter:card\" content=\"summary_large_image\" \/>\n<meta name=\"twitter:label1\" content=\"Escrito por\" \/>\n\t<meta name=\"twitter:data1\" content=\"Farn\u00e9sio\" \/>\n\t<meta name=\"twitter:label2\" content=\"Est. tempo de leitura\" \/>\n\t<meta name=\"twitter:data2\" content=\"3 minutos\" \/>\n<script type=\"application\/ld+json\" class=\"yoast-schema-graph\">{\"@context\":\"https:\\\/\\\/schema.org\",\"@graph\":[{\"@type\":\"Article\",\"@id\":\"https:\\\/\\\/blogdofarnesio.com.br\\\/?p=259202#article\",\"isPartOf\":{\"@id\":\"https:\\\/\\\/blogdofarnesio.com.br\\\/?p=259202\"},\"author\":{\"name\":\"Farn\u00e9sio\",\"@id\":\"https:\\\/\\\/blogdofarnesio.com.br\\\/#\\\/schema\\\/person\\\/301c4acf522bccbfdb45af95b5b906a1\"},\"headline\":\"Prefeito Luiz Vicente Berti prorroga decreto com medidas restritivas at\u00e9 15 de junho\",\"datePublished\":\"2020-06-09T10:41:24+00:00\",\"mainEntityOfPage\":{\"@id\":\"https:\\\/\\\/blogdofarnesio.com.br\\\/?p=259202\"},\"wordCount\":547,\"publisher\":{\"@id\":\"https:\\\/\\\/blogdofarnesio.com.br\\\/#organization\"},\"image\":{\"@id\":\"https:\\\/\\\/blogdofarnesio.com.br\\\/?p=259202#primaryimage\"},\"thumbnailUrl\":\"https:\\\/\\\/blogdofarnesio.com.br\\\/wp-content\\\/uploads\\\/2020\\\/06\\\/COMUNICADO-SOBRADINHO.jpg\",\"articleSection\":[\"Pol\u00edtica\"],\"inLanguage\":\"pt-BR\"},{\"@type\":\"WebPage\",\"@id\":\"https:\\\/\\\/blogdofarnesio.com.br\\\/?p=259202\",\"url\":\"https:\\\/\\\/blogdofarnesio.com.br\\\/?p=259202\",\"name\":\"Prefeito Luiz Vicente Berti prorroga decreto com medidas restritivas at\u00e9 15 de junho - Blog do Farn\u00e9sio\",\"isPartOf\":{\"@id\":\"https:\\\/\\\/blogdofarnesio.com.br\\\/#website\"},\"primaryImageOfPage\":{\"@id\":\"https:\\\/\\\/blogdofarnesio.com.br\\\/?p=259202#primaryimage\"},\"image\":{\"@id\":\"https:\\\/\\\/blogdofarnesio.com.br\\\/?p=259202#primaryimage\"},\"thumbnailUrl\":\"https:\\\/\\\/blogdofarnesio.com.br\\\/wp-content\\\/uploads\\\/2020\\\/06\\\/COMUNICADO-SOBRADINHO.jpg\",\"datePublished\":\"2020-06-09T10:41:24+00:00\",\"breadcrumb\":{\"@id\":\"https:\\\/\\\/blogdofarnesio.com.br\\\/?p=259202#breadcrumb\"},\"inLanguage\":\"pt-BR\",\"potentialAction\":[{\"@type\":\"ReadAction\",\"target\":[\"https:\\\/\\\/blogdofarnesio.com.br\\\/?p=259202\"]}]},{\"@type\":\"ImageObject\",\"inLanguage\":\"pt-BR\",\"@id\":\"https:\\\/\\\/blogdofarnesio.com.br\\\/?p=259202#primaryimage\",\"url\":\"https:\\\/\\\/blogdofarnesio.com.br\\\/wp-content\\\/uploads\\\/2020\\\/06\\\/COMUNICADO-SOBRADINHO.jpg\",\"contentUrl\":\"https:\\\/\\\/blogdofarnesio.com.br\\\/wp-content\\\/uploads\\\/2020\\\/06\\\/COMUNICADO-SOBRADINHO.jpg\",\"width\":1280,\"height\":810},{\"@type\":\"BreadcrumbList\",\"@id\":\"https:\\\/\\\/blogdofarnesio.com.br\\\/?p=259202#breadcrumb\",\"itemListElement\":[{\"@type\":\"ListItem\",\"position\":1,\"name\":\"In\u00edcio\",\"item\":\"https:\\\/\\\/blogdofarnesio.com.br\\\/\"},{\"@type\":\"ListItem\",\"position\":2,\"name\":\"Prefeito Luiz Vicente Berti prorroga decreto com medidas restritivas at\u00e9 15 de junho\"}]},{\"@type\":\"WebSite\",\"@id\":\"https:\\\/\\\/blogdofarnesio.com.br\\\/#website\",\"url\":\"https:\\\/\\\/blogdofarnesio.com.br\\\/\",\"name\":\"Blog do Farn\u00e9sio\",\"description\":\"Quer Saber Pol\u00edtica?\",\"publisher\":{\"@id\":\"https:\\\/\\\/blogdofarnesio.com.br\\\/#organization\"},\"potentialAction\":[{\"@type\":\"SearchAction\",\"target\":{\"@type\":\"EntryPoint\",\"urlTemplate\":\"https:\\\/\\\/blogdofarnesio.com.br\\\/?s={search_term_string}\"},\"query-input\":{\"@type\":\"PropertyValueSpecification\",\"valueRequired\":true,\"valueName\":\"search_term_string\"}}],\"inLanguage\":\"pt-BR\"},{\"@type\":\"Organization\",\"@id\":\"https:\\\/\\\/blogdofarnesio.com.br\\\/#organization\",\"name\":\"Blog do Farn\u00e9sio\",\"url\":\"https:\\\/\\\/blogdofarnesio.com.br\\\/\",\"logo\":{\"@type\":\"ImageObject\",\"inLanguage\":\"pt-BR\",\"@id\":\"https:\\\/\\\/blogdofarnesio.com.br\\\/#\\\/schema\\\/logo\\\/image\\\/\",\"url\":\"https:\\\/\\\/blogdofarnesio.com.br\\\/wp-content\\\/uploads\\\/2026\\\/03\\\/cropped-logo_new-1.png\",\"contentUrl\":\"https:\\\/\\\/blogdofarnesio.com.br\\\/wp-content\\\/uploads\\\/2026\\\/03\\\/cropped-logo_new-1.png\",\"width\":881,\"height\":685,\"caption\":\"Blog do Farn\u00e9sio\"},\"image\":{\"@id\":\"https:\\\/\\\/blogdofarnesio.com.br\\\/#\\\/schema\\\/logo\\\/image\\\/\"},\"sameAs\":[\"https:\\\/\\\/www.facebook.com\\\/BlogQuerSaberPolitica\\\/\"]},{\"@type\":\"Person\",\"@id\":\"https:\\\/\\\/blogdofarnesio.com.br\\\/#\\\/schema\\\/person\\\/301c4acf522bccbfdb45af95b5b906a1\",\"name\":\"Farn\u00e9sio\",\"image\":{\"@type\":\"ImageObject\",\"inLanguage\":\"pt-BR\",\"@id\":\"https:\\\/\\\/secure.gravatar.com\\\/avatar\\\/df0c9a14567c056f8ad6876ba5bbd1e3e2c48023eb6807342fc4663adf549f38?s=96&d=mm&r=g\",\"url\":\"https:\\\/\\\/secure.gravatar.com\\\/avatar\\\/df0c9a14567c056f8ad6876ba5bbd1e3e2c48023eb6807342fc4663adf549f38?s=96&d=mm&r=g\",\"contentUrl\":\"https:\\\/\\\/secure.gravatar.com\\\/avatar\\\/df0c9a14567c056f8ad6876ba5bbd1e3e2c48023eb6807342fc4663adf549f38?s=96&d=mm&r=g\",\"caption\":\"Farn\u00e9sio\"},\"sameAs\":[\"https:\\\/\\\/quersaberpolitica.com.br\"],\"url\":\"https:\\\/\\\/blogdofarnesio.com.br\\\/?author=1\"}]}<\/script>\n<!-- \/ Yoast SEO plugin. -->","yoast_head_json":{"title":"Prefeito Luiz Vicente Berti prorroga decreto com medidas restritivas at\u00e9 15 de junho - Blog do Farn\u00e9sio","robots":{"index":"index","follow":"follow","max-snippet":"max-snippet:-1","max-image-preview":"max-image-preview:large","max-video-preview":"max-video-preview:-1"},"canonical":"https:\/\/blogdofarnesio.com.br\/?p=259202","og_locale":"pt_BR","og_type":"article","og_title":"Prefeito Luiz Vicente Berti prorroga decreto com medidas restritivas at\u00e9 15 de junho - Blog do Farn\u00e9sio","og_description":"Considerando o crescimento de casos de Covid 19, em Sobradinho, onde j\u00e1 foram registradas 51 confirma\u00e7\u00f5es da infec\u00e7\u00e3o, e 4 \u00f3bitos, em novo Decreto Municipal, o Prefeito Luiz Vicente Berti prorrogou a vig\u00eancia das medidas de distanciamento social at\u00e9 o dia 15 de junho, pr\u00f3xima segunda-feira. Continuam valendo todas as medidas restritivas previstas nos decretos anteriores, e entre os dias 08 e 15 de junho poder\u00e3o funcionar at\u00e9 \u00e0s 17 horas, farm\u00e1cias, supermercados, laborat\u00f3rios, SAAE, estabelecimentos de sa\u00fade humana e animal, casas que forne\u00e7am produtos para alimenta\u00e7\u00e3o animal e suporte \u00e0 agricultura, casas lot\u00e9ricas, correspondentes banc\u00e1rios, ag\u00eancias banc\u00e1rias. Postos de gasolina e funer\u00e1rias, poder\u00e3o funcionar nos seus hor\u00e1rios habituais; padarias at\u00e9 \u00e0s 19 horas. O com\u00e9rcio tamb\u00e9m est\u00e1 autorizado a&hellip;","og_url":"https:\/\/blogdofarnesio.com.br\/?p=259202","og_site_name":"Blog do Farn\u00e9sio","article_publisher":"https:\/\/www.facebook.com\/BlogQuerSaberPolitica\/","article_published_time":"2020-06-09T10:41:24+00:00","og_image":[{"width":1280,"height":810,"url":"https:\/\/blogdofarnesio.com.br\/wp-content\/uploads\/2020\/06\/COMUNICADO-SOBRADINHO.jpg","type":"image\/jpeg"}],"author":"Farn\u00e9sio","twitter_card":"summary_large_image","twitter_misc":{"Escrito por":"Farn\u00e9sio","Est. tempo de leitura":"3 minutos"},"schema":{"@context":"https:\/\/schema.org","@graph":[{"@type":"Article","@id":"https:\/\/blogdofarnesio.com.br\/?p=259202#article","isPartOf":{"@id":"https:\/\/blogdofarnesio.com.br\/?p=259202"},"author":{"name":"Farn\u00e9sio","@id":"https:\/\/blogdofarnesio.com.br\/#\/schema\/person\/301c4acf522bccbfdb45af95b5b906a1"},"headline":"Prefeito Luiz Vicente Berti prorroga decreto com medidas restritivas at\u00e9 15 de junho","datePublished":"2020-06-09T10:41:24+00:00","mainEntityOfPage":{"@id":"https:\/\/blogdofarnesio.com.br\/?p=259202"},"wordCount":547,"publisher":{"@id":"https:\/\/blogdofarnesio.com.br\/#organization"},"image":{"@id":"https:\/\/blogdofarnesio.com.br\/?p=259202#primaryimage"},"thumbnailUrl":"https:\/\/blogdofarnesio.com.br\/wp-content\/uploads\/2020\/06\/COMUNICADO-SOBRADINHO.jpg","articleSection":["Pol\u00edtica"],"inLanguage":"pt-BR"},{"@type":"WebPage","@id":"https:\/\/blogdofarnesio.com.br\/?p=259202","url":"https:\/\/blogdofarnesio.com.br\/?p=259202","name":"Prefeito Luiz Vicente Berti prorroga decreto com medidas restritivas at\u00e9 15 de junho - Blog do Farn\u00e9sio","isPartOf":{"@id":"https:\/\/blogdofarnesio.com.br\/#website"},"primaryImageOfPage":{"@id":"https:\/\/blogdofarnesio.com.br\/?p=259202#primaryimage"},"image":{"@id":"https:\/\/blogdofarnesio.com.br\/?p=259202#primaryimage"},"thumbnailUrl":"https:\/\/blogdofarnesio.com.br\/wp-content\/uploads\/2020\/06\/COMUNICADO-SOBRADINHO.jpg","datePublished":"2020-06-09T10:41:24+00:00","breadcrumb":{"@id":"https:\/\/blogdofarnesio.com.br\/?p=259202#breadcrumb"},"inLanguage":"pt-BR","potentialAction":[{"@type":"ReadAction","target":["https:\/\/blogdofarnesio.com.br\/?p=259202"]}]},{"@type":"ImageObject","inLanguage":"pt-BR","@id":"https:\/\/blogdofarnesio.com.br\/?p=259202#primaryimage","url":"https:\/\/blogdofarnesio.com.br\/wp-content\/uploads\/2020\/06\/COMUNICADO-SOBRADINHO.jpg","contentUrl":"https:\/\/blogdofarnesio.com.br\/wp-content\/uploads\/2020\/06\/COMUNICADO-SOBRADINHO.jpg","width":1280,"height":810},{"@type":"BreadcrumbList","@id":"https:\/\/blogdofarnesio.com.br\/?p=259202#breadcrumb","itemListElement":[{"@type":"ListItem","position":1,"name":"In\u00edcio","item":"https:\/\/blogdofarnesio.com.br\/"},{"@type":"ListItem","position":2,"name":"Prefeito Luiz Vicente Berti prorroga decreto com medidas restritivas at\u00e9 15 de junho"}]},{"@type":"WebSite","@id":"https:\/\/blogdofarnesio.com.br\/#website","url":"https:\/\/blogdofarnesio.com.br\/","name":"Blog do Farn\u00e9sio","description":"Quer Saber Pol\u00edtica?","publisher":{"@id":"https:\/\/blogdofarnesio.com.br\/#organization"},"potentialAction":[{"@type":"SearchAction","target":{"@type":"EntryPoint","urlTemplate":"https:\/\/blogdofarnesio.com.br\/?s={search_term_string}"},"query-input":{"@type":"PropertyValueSpecification","valueRequired":true,"valueName":"search_term_string"}}],"inLanguage":"pt-BR"},{"@type":"Organization","@id":"https:\/\/blogdofarnesio.com.br\/#organization","name":"Blog do Farn\u00e9sio","url":"https:\/\/blogdofarnesio.com.br\/","logo":{"@type":"ImageObject","inLanguage":"pt-BR","@id":"https:\/\/blogdofarnesio.com.br\/#\/schema\/logo\/image\/","url":"https:\/\/blogdofarnesio.com.br\/wp-content\/uploads\/2026\/03\/cropped-logo_new-1.png","contentUrl":"https:\/\/blogdofarnesio.com.br\/wp-content\/uploads\/2026\/03\/cropped-logo_new-1.png","width":881,"height":685,"caption":"Blog do Farn\u00e9sio"},"image":{"@id":"https:\/\/blogdofarnesio.com.br\/#\/schema\/logo\/image\/"},"sameAs":["https:\/\/www.facebook.com\/BlogQuerSaberPolitica\/"]},{"@type":"Person","@id":"https:\/\/blogdofarnesio.com.br\/#\/schema\/person\/301c4acf522bccbfdb45af95b5b906a1","name":"Farn\u00e9sio","image":{"@type":"ImageObject","inLanguage":"pt-BR","@id":"https:\/\/secure.gravatar.com\/avatar\/df0c9a14567c056f8ad6876ba5bbd1e3e2c48023eb6807342fc4663adf549f38?s=96&d=mm&r=g","url":"https:\/\/secure.gravatar.com\/avatar\/df0c9a14567c056f8ad6876ba5bbd1e3e2c48023eb6807342fc4663adf549f38?s=96&d=mm&r=g","contentUrl":"https:\/\/secure.gravatar.com\/avatar\/df0c9a14567c056f8ad6876ba5bbd1e3e2c48023eb6807342fc4663adf549f38?s=96&d=mm&r=g","caption":"Farn\u00e9sio"},"sameAs":["https:\/\/quersaberpolitica.com.br"],"url":"https:\/\/blogdofarnesio.com.br\/?author=1"}]}},"_links":{"self":[{"href":"https:\/\/blogdofarnesio.com.br\/index.php?rest_route=\/wp\/v2\/posts\/259202","targetHints":{"allow":["GET"]}}],"collection":[{"href":"https:\/\/blogdofarnesio.com.br\/index.php?rest_route=\/wp\/v2\/posts"}],"about":[{"href":"https:\/\/blogdofarnesio.com.br\/index.php?rest_route=\/wp\/v2\/types\/post"}],"author":[{"embeddable":true,"href":"https:\/\/blogdofarnesio.com.br\/index.php?rest_route=\/wp\/v2\/users\/1"}],"replies":[{"embeddable":true,"href":"https:\/\/blogdofarnesio.com.br\/index.php?rest_route=%2Fwp%2Fv2%2Fcomments&post=259202"}],"version-history":[{"count":0,"href":"https:\/\/blogdofarnesio.com.br\/index.php?rest_route=\/wp\/v2\/posts\/259202\/revisions"}],"wp:featuredmedia":[{"embeddable":true,"href":"https:\/\/blogdofarnesio.com.br\/index.php?rest_route=\/wp\/v2\/media\/259203"}],"wp:attachment":[{"href":"https:\/\/blogdofarnesio.com.br\/index.php?rest_route=%2Fwp%2Fv2%2Fmedia&parent=259202"}],"wp:term":[{"taxonomy":"category","embeddable":true,"href":"https:\/\/blogdofarnesio.com.br\/index.php?rest_route=%2Fwp%2Fv2%2Fcategories&post=259202"},{"taxonomy":"post_tag","embeddable":true,"href":"https:\/\/blogdofarnesio.com.br\/index.php?rest_route=%2Fwp%2Fv2%2Ftags&post=259202"}],"curies":[{"name":"wp","href":"https:\/\/api.w.org\/{rel}","templated":true}]}}