{"id":259197,"date":"2020-06-08T17:31:01","date_gmt":"2020-06-08T20:31:01","guid":{"rendered":"http:\/\/quersaberpolitica.com.br\/2016\/?p=259197"},"modified":"2020-06-08T17:01:36","modified_gmt":"2020-06-08T20:01:36","slug":"brasil-e-destaque-no-mundo-por-esconder-dados-de-mortes-por-covid-19-oms-cobra-transparencia","status":"publish","type":"post","link":"https:\/\/blogdofarnesio.com.br\/2020\/06\/brasil-e-destaque-no-mundo-por-esconder-dados-de-mortes-por-covid-19-oms-cobra-transparencia\/","title":{"rendered":"BRASIL \u00c9 DESTAQUE NO MUNDO POR ESCONDER DADOS DE MORTES POR COVID-19. OMS COBRA TRANSPAR\u00caNCIA"},"content":{"rendered":"<header class=\"article-header article-header--\">\n<div class=\"article-header__container\">\n<div class=\"article-header__content\"><\/div>\n<\/div>\n<\/header>\n<div class=\"article__content-container protected-content\"><main class=\"main-content\"><\/p>\n<figure class=\"article__picture article__picture--logoBBC\"><img decoding=\"async\" title=\"BBC topo (Foto: BBC)\" src=\"https:\/\/oglobo.globo.com\/in\/23845177-BINARY-2019\/7\/31\/14\/88x22xbbc-topo.jpg.pagespeed.ic.hyGddjOsoi.jpg\" alt=\"BBC topo (Foto: BBC)\" \/><\/figure>\n<p>A decis\u00e3o do Minist\u00e9rio da Sa\u00fade de mudar a forma de divulgar os dados sobre a covid-19 no Brasil gerou repercuss\u00e3o internacional, com os principais jornais do mundo destacando negativamente as mudan\u00e7as. Com o t\u00edtulo &#8220;Bolsonaro esconde n\u00famero de mortes e total de casos por coronav\u00edrus no Brasil&#8221;, o jornal brit\u00e2nico The Guardian chamou a iniciativa do governo brasileiro de &#8220;movimento extraordin\u00e1rio que os cr\u00edticos chamam de tentativa de esconder o verdadeiro n\u00famero de v\u00edtimas da doen\u00e7a&#8221;.<\/p>\n<p>A reportagem, publicada na vers\u00e3o eletr\u00f4nica do di\u00e1rio no domingo (7 de junho), lembra que a decis\u00e3o ocorre &#8220;ap\u00f3s meses de cr\u00edticas de especialistas que dizem que as estat\u00edsticas do Brasil s\u00e3o terrivelmente deficientes e, em alguns casos, manipuladas, o que significa que talvez nunca seja poss\u00edvel obter uma compreens\u00e3o real da profundidade da pandemia no pa\u00eds&#8221;.<\/p>\n<p>No fim do dia, o Guardian publicou nova reportagem, dessa vez com o t\u00edtulo &#8220;Brasil deixa de divulgar n\u00famero de mortos por Covid-19 e apaga dados do site oficial&#8221;. Nela, o rep\u00f3rter Dom Phillips, correspondente do jornal no Rio de Janeiro, ressalta que o governo brasileiro foi acusado de &#8220;totalitarismo e censura&#8221; pela nova metodologia.<\/p>\n<p>&#8220;Brasil acusado de ocultar dados sobre crise de coronav\u00edrus&#8221; foi a manchete do tamb\u00e9m brit\u00e2nico Financial Times. O jornal descreve Bolsonaro como &#8220;presidente de extrema direita&#8221;, que &#8220;h\u00e1 muito tempo \u00e9 acusado de subestimar a gravidade do surto, levando ao despedimento de um ministro da sa\u00fade e \u00e0 demiss\u00e3o de outro, e \u00e0 nomea\u00e7\u00e3o de um general sem experi\u00eancia em sa\u00fade p\u00fablica para substitu\u00ed-los&#8221;.<\/p>\n<p>Nesta segunda-feira,\u00a0<a href=\"https:\/\/oglobo.globo.com\/sociedade\/coronavirus\/oms-pede-que-brasil-seja-transparente-com-informacoes-sobre-covid-19-24468473\">a Organiza\u00e7\u00e3o Mundial de Sa\u00fade (OMS) pediu &#8220;transpar\u00eancia&#8221; ao Brasil no combate ao novo coronav\u00edrus. Em entrevista coletiva \u00e0 imprensa, a organiza\u00e7\u00e3o ponderou que a pandemia ainda est\u00e1 &#8220;longe de acabar&#8221;, com crescimento na Am\u00e9rica Latina.<\/a><\/p>\n<p>O jornal americano The Washington Post foi na mesma linha, com a manchete &#8220;\u00c0 medida que as mortes por coronav\u00edrus no Brasil aumentam, Bolsonaro limita a divulga\u00e7\u00e3o de dados&#8221;. De acordo com o jornal, um dos mais influentes dos Estados Unidos, &#8220;a retirada repentina dos dados acumulados provocou uma avalanche de cr\u00edticas quando as pessoas nas cidades retornaram \u00e0s suas varandas para bater em panelas e detratores sugeriram que o governo federal estava tentando ocultar a gravidade de uma crise de sa\u00fade p\u00fablica que pouco fez para resolver&#8221;.<\/p>\n<p>J\u00e1 a rede de TV americana ABC News reproduziu texto da ag\u00eancia internacional de not\u00edcias Associated Press dizendo que o Brasil eliminou dados do total de mortos pela Covid-19 e deixou especialistas perplexos.<\/p>\n<p>Influente no mundo \u00e1rabe, a emissora Al Jazeera publicou reportagem em seu site com o t\u00edtulo &#8220;Brasil deixa de publicar n\u00fameros de coronav\u00edrus&#8221;.<\/p>\n<h2>BALAN\u00c7OS INCOMPLETOS<\/h2>\n<p>Desde a \u00faltima sexta-feira, o governo passou a informar somente o n\u00famero de casos e mortos registrados nas \u00faltimas 24 horas (e n\u00e3o o total), omitindo do site informa\u00e7\u00f5es do acumulado de casos, al\u00e9m do detalhamento por Estados.<\/p>\n<p>Mas, ap\u00f3s forte press\u00e3o de pol\u00edticos, especialistas e integrantes do Judici\u00e1rio, deu sinais de recuo e prometeu retomar a divulga\u00e7\u00e3o detalhada do impacto da doen\u00e7a.<\/p>\n<p>O Minist\u00e9rio P\u00fablico Federal chegou a instaurar procedimento para averiguar o caso e deu um prazo de 72 horas para que o ministro interino, Eduardo Pazuello, apresentasse explica\u00e7\u00f5es.<\/p>\n<p>Na noite de domingo, o Minist\u00e9rio da Sa\u00fade divulgou duas notas informando que est\u00e1 finalizando uma plataforma com n\u00fameros detalhados da pandemia.<\/p>\n<p>Na \u00faltima delas, a pasta voltou a falar em problemas t\u00e9cnicos e se comprometeu a divulgar os dados tendo como base a data da morte e n\u00e3o a data em que se confirmou que a pessoa morreu por coronav\u00edrus registrada pelas autoridades.<\/p>\n<p>At\u00e9 ent\u00e3o, o balan\u00e7o inclu\u00eda todas as mortes cuja confirma\u00e7\u00e3o da doen\u00e7a havia ocorrido nas 24 horas anteriores, ou seja, abrangia tamb\u00e9m casos de \u00f3bitos antigos, cuja confirma\u00e7\u00e3o de infec\u00e7\u00e3o do novo coronav\u00edrus apenas se deu dentro desse prazo.<\/p>\n<p>O Minist\u00e9rio da Sa\u00fade tamb\u00e9m informou que vai deixar acess\u00edvel para consulta o acumulado de casos, ap\u00f3s preocupa\u00e7\u00f5es de que aqueles cuja confirma\u00e7\u00e3o atrasasse sumissem dos registros oficiais.<\/p>\n<p>Segundo o governo, a nova plataforma vai mostrar dados do Brasil, de regi\u00f5es, Estados, capitais e regi\u00f5es metropolitanas &#8220;com os respectivos gr\u00e1ficos de evolu\u00e7\u00e3o di\u00e1ria dos novos registros&#8221;.<\/p>\n<p>Essa p\u00e1gina interativa seria colocada no ar nos pr\u00f3ximos dias, acrescentou o Minist\u00e9rio da Sa\u00fade no domingo.<\/p>\n<p>&#8220;O Minist\u00e9rio da Sa\u00fade est\u00e1 finalizando a adequa\u00e7\u00e3o da divulga\u00e7\u00e3o e ferramentas de informa\u00e7\u00e3o sobre casos e \u00f3bitos de Covid-19. Neste domingo (7), poder\u00e3o ser conferidos os extratos da plataforma em desenvolvimento referentes ao Brasil, regi\u00f5es nacionais, estados, capitais\/regi\u00f5es metropolitanas, com os respectivos gr\u00e1ficos de evolu\u00e7\u00e3o di\u00e1ria dos novos registros&#8221;, disse o \u00f3rg\u00e3o, em nota.<\/p>\n<p>O comunicado acrescenta que &#8220;o objetivo \u00e9 que, nos pr\u00f3ximos dias, estejam dispon\u00edveis em uma p\u00e1gina interativa que possa trazer os resultados desejados pelo usu\u00e1rio. Assim, ser\u00e1 poss\u00edvel acompanhar com maior precis\u00e3o a din\u00e2mica da doen\u00e7a no pa\u00eds e ajustar as a\u00e7\u00f5es do poder p\u00fablico diante a cada momento da resposta brasileira \u00e0 doen\u00e7a&#8221;.<\/p>\n<figure class=\"article__picture article__picture--horizontal\"><img decoding=\"async\" class=\"article__picture-image image--loaded\" src=\"https:\/\/ogimg.infoglobo.com.br\/in\/24468552-d50-1ba\/FT1086A\/652\/xbrasil.jpg.pagespeed.ic.BzDqNeM9sT.jpg\" alt=\"Brasil tem 3\u00ba maior n\u00famero de mortos por covid-19 no mundo Foto: Reuters\" data-src=\"https:\/\/ogimg.infoglobo.com.br\/in\/24468552-d50-1ba\/FT1086A\/652\/xbrasil.jpg.pagespeed.ic.BzDqNeM9sT.jpg\" \/><figcaption class=\"article__picture-caption\">Brasil tem 3\u00ba maior n\u00famero de mortos por covid-19 no mundo Foto: Reuters<\/figcaption><\/figure>\n<p>Apesar disso, n\u00e3o houve informa\u00e7\u00f5es sobre o hor\u00e1rio em que as atualiza\u00e7\u00f5es di\u00e1rias v\u00e3o ocorrer. Nos \u00faltimos dias, os n\u00fameros atualizados passaram a ser divulgados por volta das 22h, em vez de no fim da tarde.<\/p>\n<p>Ap\u00f3s a decis\u00e3o do governo de mudar a forma de divulgados os dados da covid-19, o Conass (Conselho Nacional dos Secret\u00e1rios de Sa\u00fade) elaborou um painel pr\u00f3prio de informa\u00e7\u00f5es, reunindo dados de contaminados e de \u00f3bitos em contagem paralela \u00e0 do governo federal.<\/p>\n<h2>CONFUS\u00c3O<\/h2>\n<p>Em meio \u00e0 pol\u00eamica, dois dados divergentes foram divulgados em um intervalo de poucas horas no domingo.<\/p>\n<p>Por volta de 20h30, o primeiro balan\u00e7o do Minist\u00e9rio da Sa\u00fade informava que 1.382 mortes haviam sido registradas nas \u00faltimas 24 horas. O n\u00famero seria um recorde para domingo, dia da semana normalmente com menos confirma\u00e7\u00f5es de casos.<\/p>\n<p>Uma hora e meia depois, por volta das 22h, o n\u00famero de \u00f3bitos confirmados caiu para 525, o que poderia indicar que a nova metodologia j\u00e1 estaria sendo usada.<\/p>\n<p>O total de casos confirmados nas \u00faltimas 24 horas tamb\u00e9m apresentou discrep\u00e2ncias. O primeiro n\u00famero divulgado contabilizava 12.581 casos. O segundo, por sua vez, registrava 18.912 casos.<\/p>\n<p>O Minist\u00e9rio da Sa\u00fade n\u00e3o apresentou explica\u00e7\u00f5es para a diverg\u00eancia entre os n\u00fameros.<\/p>\n<p><\/main><\/div>\n","protected":false},"excerpt":{"rendered":"<p>A decis\u00e3o do Minist\u00e9rio da Sa\u00fade de mudar a forma de divulgar os dados sobre a covid-19 no Brasil gerou repercuss\u00e3o internacional, com os principais jornais do mundo destacando negativamente as mudan\u00e7as. Com o t\u00edtulo &#8220;Bolsonaro esconde n\u00famero de mortes e total de casos por coronav\u00edrus no Brasil&#8221;, o jornal brit\u00e2nico The Guardian chamou a iniciativa do governo brasileiro de &#8220;movimento extraordin\u00e1rio que os cr\u00edticos chamam de tentativa de esconder o verdadeiro n\u00famero de v\u00edtimas da doen\u00e7a&#8221;. A reportagem, publicada na vers\u00e3o eletr\u00f4nica do di\u00e1rio no domingo (7 de junho), lembra que a decis\u00e3o ocorre &#8220;ap\u00f3s meses de cr\u00edticas de especialistas que dizem que as estat\u00edsticas do Brasil s\u00e3o terrivelmente deficientes e, em alguns casos, manipuladas, o que significa que&hellip; <\/p>\n","protected":false},"author":1,"featured_media":259198,"comment_status":"closed","ping_status":"closed","sticky":false,"template":"","format":"standard","meta":{"_acf_changed":false,"footnotes":""},"categories":[1],"tags":[],"class_list":["post-259197","post","type-post","status-publish","format-standard","has-post-thumbnail","hentry","category-politica"],"acf":[],"yoast_head":"<!-- This site is optimized with the Yoast SEO plugin v27.5 - https:\/\/yoast.com\/product\/yoast-seo-wordpress\/ -->\n<title>BRASIL \u00c9 DESTAQUE NO MUNDO POR ESCONDER DADOS DE MORTES POR COVID-19. OMS COBRA TRANSPAR\u00caNCIA - Blog do Farn\u00e9sio<\/title>\n<meta name=\"robots\" content=\"index, follow, max-snippet:-1, max-image-preview:large, max-video-preview:-1\" \/>\n<link rel=\"canonical\" href=\"https:\/\/blogdofarnesio.com.br\/2020\/06\/brasil-e-destaque-no-mundo-por-esconder-dados-de-mortes-por-covid-19-oms-cobra-transparencia\/\" \/>\n<meta property=\"og:locale\" content=\"pt_BR\" \/>\n<meta property=\"og:type\" content=\"article\" \/>\n<meta property=\"og:title\" content=\"BRASIL \u00c9 DESTAQUE NO MUNDO POR ESCONDER DADOS DE MORTES POR COVID-19. OMS COBRA TRANSPAR\u00caNCIA - Blog do Farn\u00e9sio\" \/>\n<meta property=\"og:description\" content=\"A decis\u00e3o do Minist\u00e9rio da Sa\u00fade de mudar a forma de divulgar os dados sobre a covid-19 no Brasil gerou repercuss\u00e3o internacional, com os principais jornais do mundo destacando negativamente as mudan\u00e7as. Com o t\u00edtulo &#8220;Bolsonaro esconde n\u00famero de mortes e total de casos por coronav\u00edrus no Brasil&#8221;, o jornal brit\u00e2nico The Guardian chamou a iniciativa do governo brasileiro de &#8220;movimento extraordin\u00e1rio que os cr\u00edticos chamam de tentativa de esconder o verdadeiro n\u00famero de v\u00edtimas da doen\u00e7a&#8221;. A reportagem, publicada na vers\u00e3o eletr\u00f4nica do di\u00e1rio no domingo (7 de junho), lembra que a decis\u00e3o ocorre &#8220;ap\u00f3s meses de cr\u00edticas de especialistas que dizem que as estat\u00edsticas do Brasil s\u00e3o terrivelmente deficientes e, em alguns casos, manipuladas, o que significa que&hellip;\" \/>\n<meta property=\"og:url\" content=\"https:\/\/blogdofarnesio.com.br\/2020\/06\/brasil-e-destaque-no-mundo-por-esconder-dados-de-mortes-por-covid-19-oms-cobra-transparencia\/\" \/>\n<meta property=\"og:site_name\" content=\"Blog do Farn\u00e9sio\" \/>\n<meta property=\"article:publisher\" content=\"https:\/\/www.facebook.com\/BlogQuerSaberPolitica\/\" \/>\n<meta property=\"article:published_time\" content=\"2020-06-08T20:31:01+00:00\" \/>\n<meta property=\"og:image\" content=\"https:\/\/blogdofarnesio.com.br\/wp-content\/uploads\/2020\/06\/blogqspbolsonaro-repercuss\u00e3o-xguardian.jpg.pagespeed.ic_.kpiF-IJJya-e1591646463693.jpg\" \/>\n\t<meta property=\"og:image:width\" content=\"686\" \/>\n\t<meta property=\"og:image:height\" content=\"412\" \/>\n\t<meta property=\"og:image:type\" content=\"image\/jpeg\" \/>\n<meta name=\"author\" content=\"Farn\u00e9sio\" \/>\n<meta name=\"twitter:card\" content=\"summary_large_image\" \/>\n<meta name=\"twitter:label1\" content=\"Escrito por\" \/>\n\t<meta name=\"twitter:data1\" content=\"Farn\u00e9sio\" \/>\n\t<meta name=\"twitter:label2\" content=\"Est. tempo de leitura\" \/>\n\t<meta name=\"twitter:data2\" content=\"6 minutos\" \/>\n<script type=\"application\/ld+json\" class=\"yoast-schema-graph\">{\"@context\":\"https:\\\/\\\/schema.org\",\"@graph\":[{\"@type\":\"Article\",\"@id\":\"https:\\\/\\\/blogdofarnesio.com.br\\\/2020\\\/06\\\/brasil-e-destaque-no-mundo-por-esconder-dados-de-mortes-por-covid-19-oms-cobra-transparencia\\\/#article\",\"isPartOf\":{\"@id\":\"https:\\\/\\\/blogdofarnesio.com.br\\\/2020\\\/06\\\/brasil-e-destaque-no-mundo-por-esconder-dados-de-mortes-por-covid-19-oms-cobra-transparencia\\\/\"},\"author\":{\"name\":\"Farn\u00e9sio\",\"@id\":\"https:\\\/\\\/blogdofarnesio.com.br\\\/#\\\/schema\\\/person\\\/301c4acf522bccbfdb45af95b5b906a1\"},\"headline\":\"BRASIL \u00c9 DESTAQUE NO MUNDO POR ESCONDER DADOS DE MORTES POR COVID-19. OMS COBRA TRANSPAR\u00caNCIA\",\"datePublished\":\"2020-06-08T20:31:01+00:00\",\"mainEntityOfPage\":{\"@id\":\"https:\\\/\\\/blogdofarnesio.com.br\\\/2020\\\/06\\\/brasil-e-destaque-no-mundo-por-esconder-dados-de-mortes-por-covid-19-oms-cobra-transparencia\\\/\"},\"wordCount\":1179,\"publisher\":{\"@id\":\"https:\\\/\\\/blogdofarnesio.com.br\\\/#organization\"},\"image\":{\"@id\":\"https:\\\/\\\/blogdofarnesio.com.br\\\/2020\\\/06\\\/brasil-e-destaque-no-mundo-por-esconder-dados-de-mortes-por-covid-19-oms-cobra-transparencia\\\/#primaryimage\"},\"thumbnailUrl\":\"https:\\\/\\\/blogdofarnesio.com.br\\\/wp-content\\\/uploads\\\/2020\\\/06\\\/blogqspbolsonaro-repercuss\u00e3o-xguardian.jpg.pagespeed.ic_.kpiF-IJJya-e1591646463693.jpg\",\"articleSection\":[\"Pol\u00edtica\"],\"inLanguage\":\"pt-BR\"},{\"@type\":\"WebPage\",\"@id\":\"https:\\\/\\\/blogdofarnesio.com.br\\\/2020\\\/06\\\/brasil-e-destaque-no-mundo-por-esconder-dados-de-mortes-por-covid-19-oms-cobra-transparencia\\\/\",\"url\":\"https:\\\/\\\/blogdofarnesio.com.br\\\/2020\\\/06\\\/brasil-e-destaque-no-mundo-por-esconder-dados-de-mortes-por-covid-19-oms-cobra-transparencia\\\/\",\"name\":\"BRASIL \u00c9 DESTAQUE NO MUNDO POR ESCONDER DADOS DE MORTES POR COVID-19. OMS COBRA TRANSPAR\u00caNCIA - Blog do Farn\u00e9sio\",\"isPartOf\":{\"@id\":\"https:\\\/\\\/blogdofarnesio.com.br\\\/#website\"},\"primaryImageOfPage\":{\"@id\":\"https:\\\/\\\/blogdofarnesio.com.br\\\/2020\\\/06\\\/brasil-e-destaque-no-mundo-por-esconder-dados-de-mortes-por-covid-19-oms-cobra-transparencia\\\/#primaryimage\"},\"image\":{\"@id\":\"https:\\\/\\\/blogdofarnesio.com.br\\\/2020\\\/06\\\/brasil-e-destaque-no-mundo-por-esconder-dados-de-mortes-por-covid-19-oms-cobra-transparencia\\\/#primaryimage\"},\"thumbnailUrl\":\"https:\\\/\\\/blogdofarnesio.com.br\\\/wp-content\\\/uploads\\\/2020\\\/06\\\/blogqspbolsonaro-repercuss\u00e3o-xguardian.jpg.pagespeed.ic_.kpiF-IJJya-e1591646463693.jpg\",\"datePublished\":\"2020-06-08T20:31:01+00:00\",\"breadcrumb\":{\"@id\":\"https:\\\/\\\/blogdofarnesio.com.br\\\/2020\\\/06\\\/brasil-e-destaque-no-mundo-por-esconder-dados-de-mortes-por-covid-19-oms-cobra-transparencia\\\/#breadcrumb\"},\"inLanguage\":\"pt-BR\",\"potentialAction\":[{\"@type\":\"ReadAction\",\"target\":[\"https:\\\/\\\/blogdofarnesio.com.br\\\/2020\\\/06\\\/brasil-e-destaque-no-mundo-por-esconder-dados-de-mortes-por-covid-19-oms-cobra-transparencia\\\/\"]}]},{\"@type\":\"ImageObject\",\"inLanguage\":\"pt-BR\",\"@id\":\"https:\\\/\\\/blogdofarnesio.com.br\\\/2020\\\/06\\\/brasil-e-destaque-no-mundo-por-esconder-dados-de-mortes-por-covid-19-oms-cobra-transparencia\\\/#primaryimage\",\"url\":\"https:\\\/\\\/blogdofarnesio.com.br\\\/wp-content\\\/uploads\\\/2020\\\/06\\\/blogqspbolsonaro-repercuss\u00e3o-xguardian.jpg.pagespeed.ic_.kpiF-IJJya-e1591646463693.jpg\",\"contentUrl\":\"https:\\\/\\\/blogdofarnesio.com.br\\\/wp-content\\\/uploads\\\/2020\\\/06\\\/blogqspbolsonaro-repercuss\u00e3o-xguardian.jpg.pagespeed.ic_.kpiF-IJJya-e1591646463693.jpg\",\"width\":686,\"height\":412},{\"@type\":\"BreadcrumbList\",\"@id\":\"https:\\\/\\\/blogdofarnesio.com.br\\\/2020\\\/06\\\/brasil-e-destaque-no-mundo-por-esconder-dados-de-mortes-por-covid-19-oms-cobra-transparencia\\\/#breadcrumb\",\"itemListElement\":[{\"@type\":\"ListItem\",\"position\":1,\"name\":\"In\u00edcio\",\"item\":\"https:\\\/\\\/blogdofarnesio.com.br\\\/\"},{\"@type\":\"ListItem\",\"position\":2,\"name\":\"BRASIL \u00c9 DESTAQUE NO MUNDO POR ESCONDER DADOS DE MORTES POR COVID-19. OMS COBRA TRANSPAR\u00caNCIA\"}]},{\"@type\":\"WebSite\",\"@id\":\"https:\\\/\\\/blogdofarnesio.com.br\\\/#website\",\"url\":\"https:\\\/\\\/blogdofarnesio.com.br\\\/\",\"name\":\"Blog do Farn\u00e9sio\",\"description\":\"Quer Saber Pol\u00edtica?\",\"publisher\":{\"@id\":\"https:\\\/\\\/blogdofarnesio.com.br\\\/#organization\"},\"potentialAction\":[{\"@type\":\"SearchAction\",\"target\":{\"@type\":\"EntryPoint\",\"urlTemplate\":\"https:\\\/\\\/blogdofarnesio.com.br\\\/?s={search_term_string}\"},\"query-input\":{\"@type\":\"PropertyValueSpecification\",\"valueRequired\":true,\"valueName\":\"search_term_string\"}}],\"inLanguage\":\"pt-BR\"},{\"@type\":\"Organization\",\"@id\":\"https:\\\/\\\/blogdofarnesio.com.br\\\/#organization\",\"name\":\"Blog do Farn\u00e9sio\",\"url\":\"https:\\\/\\\/blogdofarnesio.com.br\\\/\",\"logo\":{\"@type\":\"ImageObject\",\"inLanguage\":\"pt-BR\",\"@id\":\"https:\\\/\\\/blogdofarnesio.com.br\\\/#\\\/schema\\\/logo\\\/image\\\/\",\"url\":\"https:\\\/\\\/blogdofarnesio.com.br\\\/wp-content\\\/uploads\\\/2026\\\/03\\\/cropped-logo_new-1.png\",\"contentUrl\":\"https:\\\/\\\/blogdofarnesio.com.br\\\/wp-content\\\/uploads\\\/2026\\\/03\\\/cropped-logo_new-1.png\",\"width\":881,\"height\":685,\"caption\":\"Blog do Farn\u00e9sio\"},\"image\":{\"@id\":\"https:\\\/\\\/blogdofarnesio.com.br\\\/#\\\/schema\\\/logo\\\/image\\\/\"},\"sameAs\":[\"https:\\\/\\\/www.facebook.com\\\/BlogQuerSaberPolitica\\\/\"]},{\"@type\":\"Person\",\"@id\":\"https:\\\/\\\/blogdofarnesio.com.br\\\/#\\\/schema\\\/person\\\/301c4acf522bccbfdb45af95b5b906a1\",\"name\":\"Farn\u00e9sio\",\"image\":{\"@type\":\"ImageObject\",\"inLanguage\":\"pt-BR\",\"@id\":\"https:\\\/\\\/secure.gravatar.com\\\/avatar\\\/df0c9a14567c056f8ad6876ba5bbd1e3e2c48023eb6807342fc4663adf549f38?s=96&d=mm&r=g\",\"url\":\"https:\\\/\\\/secure.gravatar.com\\\/avatar\\\/df0c9a14567c056f8ad6876ba5bbd1e3e2c48023eb6807342fc4663adf549f38?s=96&d=mm&r=g\",\"contentUrl\":\"https:\\\/\\\/secure.gravatar.com\\\/avatar\\\/df0c9a14567c056f8ad6876ba5bbd1e3e2c48023eb6807342fc4663adf549f38?s=96&d=mm&r=g\",\"caption\":\"Farn\u00e9sio\"},\"sameAs\":[\"https:\\\/\\\/quersaberpolitica.com.br\"],\"url\":\"https:\\\/\\\/blogdofarnesio.com.br\\\/author\\\/farnesio\\\/\"}]}<\/script>\n<!-- \/ Yoast SEO plugin. -->","yoast_head_json":{"title":"BRASIL \u00c9 DESTAQUE NO MUNDO POR ESCONDER DADOS DE MORTES POR COVID-19. OMS COBRA TRANSPAR\u00caNCIA - Blog do Farn\u00e9sio","robots":{"index":"index","follow":"follow","max-snippet":"max-snippet:-1","max-image-preview":"max-image-preview:large","max-video-preview":"max-video-preview:-1"},"canonical":"https:\/\/blogdofarnesio.com.br\/2020\/06\/brasil-e-destaque-no-mundo-por-esconder-dados-de-mortes-por-covid-19-oms-cobra-transparencia\/","og_locale":"pt_BR","og_type":"article","og_title":"BRASIL \u00c9 DESTAQUE NO MUNDO POR ESCONDER DADOS DE MORTES POR COVID-19. OMS COBRA TRANSPAR\u00caNCIA - Blog do Farn\u00e9sio","og_description":"A decis\u00e3o do Minist\u00e9rio da Sa\u00fade de mudar a forma de divulgar os dados sobre a covid-19 no Brasil gerou repercuss\u00e3o internacional, com os principais jornais do mundo destacando negativamente as mudan\u00e7as. Com o t\u00edtulo &#8220;Bolsonaro esconde n\u00famero de mortes e total de casos por coronav\u00edrus no Brasil&#8221;, o jornal brit\u00e2nico The Guardian chamou a iniciativa do governo brasileiro de &#8220;movimento extraordin\u00e1rio que os cr\u00edticos chamam de tentativa de esconder o verdadeiro n\u00famero de v\u00edtimas da doen\u00e7a&#8221;. A reportagem, publicada na vers\u00e3o eletr\u00f4nica do di\u00e1rio no domingo (7 de junho), lembra que a decis\u00e3o ocorre &#8220;ap\u00f3s meses de cr\u00edticas de especialistas que dizem que as estat\u00edsticas do Brasil s\u00e3o terrivelmente deficientes e, em alguns casos, manipuladas, o que significa que&hellip;","og_url":"https:\/\/blogdofarnesio.com.br\/2020\/06\/brasil-e-destaque-no-mundo-por-esconder-dados-de-mortes-por-covid-19-oms-cobra-transparencia\/","og_site_name":"Blog do Farn\u00e9sio","article_publisher":"https:\/\/www.facebook.com\/BlogQuerSaberPolitica\/","article_published_time":"2020-06-08T20:31:01+00:00","og_image":[{"width":686,"height":412,"url":"https:\/\/blogdofarnesio.com.br\/wp-content\/uploads\/2020\/06\/blogqspbolsonaro-repercuss\u00e3o-xguardian.jpg.pagespeed.ic_.kpiF-IJJya-e1591646463693.jpg","type":"image\/jpeg"}],"author":"Farn\u00e9sio","twitter_card":"summary_large_image","twitter_misc":{"Escrito por":"Farn\u00e9sio","Est. tempo de leitura":"6 minutos"},"schema":{"@context":"https:\/\/schema.org","@graph":[{"@type":"Article","@id":"https:\/\/blogdofarnesio.com.br\/2020\/06\/brasil-e-destaque-no-mundo-por-esconder-dados-de-mortes-por-covid-19-oms-cobra-transparencia\/#article","isPartOf":{"@id":"https:\/\/blogdofarnesio.com.br\/2020\/06\/brasil-e-destaque-no-mundo-por-esconder-dados-de-mortes-por-covid-19-oms-cobra-transparencia\/"},"author":{"name":"Farn\u00e9sio","@id":"https:\/\/blogdofarnesio.com.br\/#\/schema\/person\/301c4acf522bccbfdb45af95b5b906a1"},"headline":"BRASIL \u00c9 DESTAQUE NO MUNDO POR ESCONDER DADOS DE MORTES POR COVID-19. OMS COBRA TRANSPAR\u00caNCIA","datePublished":"2020-06-08T20:31:01+00:00","mainEntityOfPage":{"@id":"https:\/\/blogdofarnesio.com.br\/2020\/06\/brasil-e-destaque-no-mundo-por-esconder-dados-de-mortes-por-covid-19-oms-cobra-transparencia\/"},"wordCount":1179,"publisher":{"@id":"https:\/\/blogdofarnesio.com.br\/#organization"},"image":{"@id":"https:\/\/blogdofarnesio.com.br\/2020\/06\/brasil-e-destaque-no-mundo-por-esconder-dados-de-mortes-por-covid-19-oms-cobra-transparencia\/#primaryimage"},"thumbnailUrl":"https:\/\/blogdofarnesio.com.br\/wp-content\/uploads\/2020\/06\/blogqspbolsonaro-repercuss\u00e3o-xguardian.jpg.pagespeed.ic_.kpiF-IJJya-e1591646463693.jpg","articleSection":["Pol\u00edtica"],"inLanguage":"pt-BR"},{"@type":"WebPage","@id":"https:\/\/blogdofarnesio.com.br\/2020\/06\/brasil-e-destaque-no-mundo-por-esconder-dados-de-mortes-por-covid-19-oms-cobra-transparencia\/","url":"https:\/\/blogdofarnesio.com.br\/2020\/06\/brasil-e-destaque-no-mundo-por-esconder-dados-de-mortes-por-covid-19-oms-cobra-transparencia\/","name":"BRASIL \u00c9 DESTAQUE NO MUNDO POR ESCONDER DADOS DE MORTES POR COVID-19. OMS COBRA TRANSPAR\u00caNCIA - Blog do Farn\u00e9sio","isPartOf":{"@id":"https:\/\/blogdofarnesio.com.br\/#website"},"primaryImageOfPage":{"@id":"https:\/\/blogdofarnesio.com.br\/2020\/06\/brasil-e-destaque-no-mundo-por-esconder-dados-de-mortes-por-covid-19-oms-cobra-transparencia\/#primaryimage"},"image":{"@id":"https:\/\/blogdofarnesio.com.br\/2020\/06\/brasil-e-destaque-no-mundo-por-esconder-dados-de-mortes-por-covid-19-oms-cobra-transparencia\/#primaryimage"},"thumbnailUrl":"https:\/\/blogdofarnesio.com.br\/wp-content\/uploads\/2020\/06\/blogqspbolsonaro-repercuss\u00e3o-xguardian.jpg.pagespeed.ic_.kpiF-IJJya-e1591646463693.jpg","datePublished":"2020-06-08T20:31:01+00:00","breadcrumb":{"@id":"https:\/\/blogdofarnesio.com.br\/2020\/06\/brasil-e-destaque-no-mundo-por-esconder-dados-de-mortes-por-covid-19-oms-cobra-transparencia\/#breadcrumb"},"inLanguage":"pt-BR","potentialAction":[{"@type":"ReadAction","target":["https:\/\/blogdofarnesio.com.br\/2020\/06\/brasil-e-destaque-no-mundo-por-esconder-dados-de-mortes-por-covid-19-oms-cobra-transparencia\/"]}]},{"@type":"ImageObject","inLanguage":"pt-BR","@id":"https:\/\/blogdofarnesio.com.br\/2020\/06\/brasil-e-destaque-no-mundo-por-esconder-dados-de-mortes-por-covid-19-oms-cobra-transparencia\/#primaryimage","url":"https:\/\/blogdofarnesio.com.br\/wp-content\/uploads\/2020\/06\/blogqspbolsonaro-repercuss\u00e3o-xguardian.jpg.pagespeed.ic_.kpiF-IJJya-e1591646463693.jpg","contentUrl":"https:\/\/blogdofarnesio.com.br\/wp-content\/uploads\/2020\/06\/blogqspbolsonaro-repercuss\u00e3o-xguardian.jpg.pagespeed.ic_.kpiF-IJJya-e1591646463693.jpg","width":686,"height":412},{"@type":"BreadcrumbList","@id":"https:\/\/blogdofarnesio.com.br\/2020\/06\/brasil-e-destaque-no-mundo-por-esconder-dados-de-mortes-por-covid-19-oms-cobra-transparencia\/#breadcrumb","itemListElement":[{"@type":"ListItem","position":1,"name":"In\u00edcio","item":"https:\/\/blogdofarnesio.com.br\/"},{"@type":"ListItem","position":2,"name":"BRASIL \u00c9 DESTAQUE NO MUNDO POR ESCONDER DADOS DE MORTES POR COVID-19. OMS COBRA TRANSPAR\u00caNCIA"}]},{"@type":"WebSite","@id":"https:\/\/blogdofarnesio.com.br\/#website","url":"https:\/\/blogdofarnesio.com.br\/","name":"Blog do Farn\u00e9sio","description":"Quer Saber Pol\u00edtica?","publisher":{"@id":"https:\/\/blogdofarnesio.com.br\/#organization"},"potentialAction":[{"@type":"SearchAction","target":{"@type":"EntryPoint","urlTemplate":"https:\/\/blogdofarnesio.com.br\/?s={search_term_string}"},"query-input":{"@type":"PropertyValueSpecification","valueRequired":true,"valueName":"search_term_string"}}],"inLanguage":"pt-BR"},{"@type":"Organization","@id":"https:\/\/blogdofarnesio.com.br\/#organization","name":"Blog do Farn\u00e9sio","url":"https:\/\/blogdofarnesio.com.br\/","logo":{"@type":"ImageObject","inLanguage":"pt-BR","@id":"https:\/\/blogdofarnesio.com.br\/#\/schema\/logo\/image\/","url":"https:\/\/blogdofarnesio.com.br\/wp-content\/uploads\/2026\/03\/cropped-logo_new-1.png","contentUrl":"https:\/\/blogdofarnesio.com.br\/wp-content\/uploads\/2026\/03\/cropped-logo_new-1.png","width":881,"height":685,"caption":"Blog do Farn\u00e9sio"},"image":{"@id":"https:\/\/blogdofarnesio.com.br\/#\/schema\/logo\/image\/"},"sameAs":["https:\/\/www.facebook.com\/BlogQuerSaberPolitica\/"]},{"@type":"Person","@id":"https:\/\/blogdofarnesio.com.br\/#\/schema\/person\/301c4acf522bccbfdb45af95b5b906a1","name":"Farn\u00e9sio","image":{"@type":"ImageObject","inLanguage":"pt-BR","@id":"https:\/\/secure.gravatar.com\/avatar\/df0c9a14567c056f8ad6876ba5bbd1e3e2c48023eb6807342fc4663adf549f38?s=96&d=mm&r=g","url":"https:\/\/secure.gravatar.com\/avatar\/df0c9a14567c056f8ad6876ba5bbd1e3e2c48023eb6807342fc4663adf549f38?s=96&d=mm&r=g","contentUrl":"https:\/\/secure.gravatar.com\/avatar\/df0c9a14567c056f8ad6876ba5bbd1e3e2c48023eb6807342fc4663adf549f38?s=96&d=mm&r=g","caption":"Farn\u00e9sio"},"sameAs":["https:\/\/quersaberpolitica.com.br"],"url":"https:\/\/blogdofarnesio.com.br\/author\/farnesio\/"}]}},"_links":{"self":[{"href":"https:\/\/blogdofarnesio.com.br\/wp-json\/wp\/v2\/posts\/259197","targetHints":{"allow":["GET"]}}],"collection":[{"href":"https:\/\/blogdofarnesio.com.br\/wp-json\/wp\/v2\/posts"}],"about":[{"href":"https:\/\/blogdofarnesio.com.br\/wp-json\/wp\/v2\/types\/post"}],"author":[{"embeddable":true,"href":"https:\/\/blogdofarnesio.com.br\/wp-json\/wp\/v2\/users\/1"}],"replies":[{"embeddable":true,"href":"https:\/\/blogdofarnesio.com.br\/wp-json\/wp\/v2\/comments?post=259197"}],"version-history":[{"count":0,"href":"https:\/\/blogdofarnesio.com.br\/wp-json\/wp\/v2\/posts\/259197\/revisions"}],"wp:featuredmedia":[{"embeddable":true,"href":"https:\/\/blogdofarnesio.com.br\/wp-json\/wp\/v2\/media\/259198"}],"wp:attachment":[{"href":"https:\/\/blogdofarnesio.com.br\/wp-json\/wp\/v2\/media?parent=259197"}],"wp:term":[{"taxonomy":"category","embeddable":true,"href":"https:\/\/blogdofarnesio.com.br\/wp-json\/wp\/v2\/categories?post=259197"},{"taxonomy":"post_tag","embeddable":true,"href":"https:\/\/blogdofarnesio.com.br\/wp-json\/wp\/v2\/tags?post=259197"}],"curies":[{"name":"wp","href":"https:\/\/api.w.org\/{rel}","templated":true}]}}