{"id":259191,"date":"2020-06-09T07:20:44","date_gmt":"2020-06-09T10:20:44","guid":{"rendered":"http:\/\/quersaberpolitica.com.br\/2016\/?p=259191"},"modified":"2020-06-08T16:51:43","modified_gmt":"2020-06-08T19:51:43","slug":"prefeito-apresenta-balanco-do-status-de-mapeamento-imunologico-que-ja-aplicou-mais-de-2-mil-testes-em-profissionais-que-atuam-na-linha-de-frente-do-combate-a-covid-19-no-municipio","status":"publish","type":"post","link":"https:\/\/blogdofarnesio.com.br\/?p=259191","title":{"rendered":"Prefeito apresenta balan\u00e7o do status de mapeamento imunol\u00f3gico que j\u00e1 aplicou mais de 2 mil testes em profissionais que atuam na linha de frente do combate \u00e0 COVID-19 no munic\u00edpio"},"content":{"rendered":"<p>O prefeito Paulo Bomfim acompanhado da secret\u00e1ria de Sa\u00fade Fab\u00edola Ribeiro apresentou na manh\u00e3 desta segunda-feira (08) um balan\u00e7o do mapeamento do status imunol\u00f3gico iniciado no munic\u00edpio na \u00faltima semana. At\u00e9 o momento, mais de 2 mil pessoas j\u00e1 foram testadas atrav\u00e9s do mapeamento que est\u00e1 contemplando profissionais que est\u00e3o atuando na linha de frente do combate \u00e0 pandemia do novo coronav\u00edrus, entre eles: policiais, guardas municipais, servidores da sa\u00fade e imprensa. O prefeito anunciou ainda, a intensifica\u00e7\u00e3o do combate ao v\u00edrus nos bairros e regi\u00f5es com maior incid\u00eancia da doen\u00e7a.<\/p>\n<p>Durante a coletiva, entre outros dados, a secret\u00e1ria apresentou n\u00fameros referentes \u00e0 taxa de letalidade do v\u00edrus, coeficiente de incid\u00eancia, bairros com maior n\u00famero de infectados, n\u00famero de casos identificados atrav\u00e9s da notifica\u00e7\u00e3o e atrav\u00e9s do mapeamento imunol\u00f3gico, al\u00e9m de informar que atualmente a taxa de ocupa\u00e7\u00e3o global de leitos dispon\u00edveis \u00e9 de 32%.<\/p>\n<p>Ela destacou que, das 2.198 pessoas testadas atrav\u00e9s desse mapeamento, 52 apresentaram resultado positivo e foram orientadas a seguirem para o isolamento. \u201cEsses profissionais examinados est\u00e3o assintom\u00e1ticos e, com a testagem, conseguimos identificar quais est\u00e3o positivos e afast\u00e1-los de seu ambiente de trabalho, evitando assim a propaga\u00e7\u00e3o do v\u00edrus. Com a conclus\u00e3o desta testagem inicial teremos uma no\u00e7\u00e3o geral da situa\u00e7\u00e3o desses profissionais que est\u00e3o atuando na linha de frente\u201d, pontuou. A secret\u00e1ria destacou ainda que outras medidas de combate \u00e0 COVID-19 continuam sendo intensificadas no munic\u00edpio, entre elas, a medi\u00e7\u00e3o de temperatura com barreiras sanit\u00e1rias em locais estrat\u00e9gicos da cidade, capacita\u00e7\u00e3o de profissionais e desinfec\u00e7\u00e3o de ruas.<\/p>\n<p>O prefeito Paulo Bomfim destacou a import\u00e2ncia da realiza\u00e7\u00e3o do mapeamento dentre as medidas de combate ao novo coronav\u00edrus em Juazeiro, ressaltando que os n\u00fameros de casos positivos divulgados no \u00faltimo boletim n\u00e3o t\u00eam rela\u00e7\u00e3o com a abertura do com\u00e9rcio. \u201c\u00c9 importante fazer essa ressalva porque muitas pessoas podem associar esses dados \u00e0 abertura do com\u00e9rcio que foi iniciada h\u00e1 uma semana, mas esses dados s\u00e3o fruto do mapeamento que iniciamos. Esses profissionais j\u00e1 estavam nas ruas, atuando na linha de frente. Continuaremos com essa testagem porque consideramos que nesse momento, ela \u00e9 essencial para verificar a imunidade de nossa popula\u00e7\u00e3o\u201d, afirmou.<\/p>\n<p>Em rela\u00e7\u00e3o \u00e0 abertura gradual do com\u00e9rcio, que est\u00e1 em sua primeira fase, o prefeito afirmou que o Comit\u00ea de Enfrentamento \u00e0 Pandemia tem feito avalia\u00e7\u00f5es constantes da situa\u00e7\u00e3o atual do v\u00edrus na cidade. \u201cEu tenho o papel de proteger a popula\u00e7\u00e3o. As equipes de fiscaliza\u00e7\u00e3o est\u00e3o nas ruas verificando se os decretos est\u00e3o sendo cumpridos e se necess\u00e1rio seremos mais duros. A sa\u00fade da nossa popula\u00e7\u00e3o ser\u00e1 sempre a prioridade\u201d, completou.<\/p>\n<p>O prefeito ainda anunciou durante a coletiva que as a\u00e7\u00f5es de combate \u00e0 COVID-19 ser\u00e3o intensificadas nos pr\u00f3ximos dias nos bairros e regi\u00f5es onde apresentam os maiores n\u00fameros de casos positivos da doen\u00e7a. De acordo com ele, ser\u00e1 realizada a desinfec\u00e7\u00e3o das ruas e montados pontos para realiza\u00e7\u00e3o de testes r\u00e1pidos nestes locais.<\/p>\n<p>Por Fabiana Diniz\/SESAU<\/p>\n","protected":false},"excerpt":{"rendered":"<p>O prefeito Paulo Bomfim acompanhado da secret\u00e1ria de Sa\u00fade Fab\u00edola Ribeiro apresentou na manh\u00e3 desta segunda-feira (08) um balan\u00e7o do mapeamento do status imunol\u00f3gico iniciado no munic\u00edpio na \u00faltima semana. At\u00e9 o momento, mais de 2 mil pessoas j\u00e1 foram testadas atrav\u00e9s do mapeamento que est\u00e1 contemplando profissionais que est\u00e3o atuando na linha de frente do combate \u00e0 pandemia do novo coronav\u00edrus, entre eles: policiais, guardas municipais, servidores da sa\u00fade e imprensa. O prefeito anunciou ainda, a intensifica\u00e7\u00e3o do combate ao v\u00edrus nos bairros e regi\u00f5es com maior incid\u00eancia da doen\u00e7a. Durante a coletiva, entre outros dados, a secret\u00e1ria apresentou n\u00fameros referentes \u00e0 taxa de letalidade do v\u00edrus, coeficiente de incid\u00eancia, bairros com maior n\u00famero de infectados, n\u00famero de casos&hellip; <\/p>\n","protected":false},"author":1,"featured_media":259192,"comment_status":"closed","ping_status":"closed","sticky":false,"template":"","format":"standard","meta":{"_acf_changed":false,"footnotes":""},"categories":[44],"tags":[],"class_list":["post-259191","post","type-post","status-publish","format-standard","has-post-thumbnail","hentry","category-administracao"],"acf":[],"yoast_head":"<!-- This site is optimized with the Yoast SEO plugin v27.4 - https:\/\/yoast.com\/product\/yoast-seo-wordpress\/ -->\n<title>Prefeito apresenta balan\u00e7o do status de mapeamento imunol\u00f3gico que j\u00e1 aplicou mais de 2 mil testes em profissionais que atuam na linha de frente do combate \u00e0 COVID-19 no munic\u00edpio - Blog do Farn\u00e9sio<\/title>\n<meta name=\"robots\" content=\"index, follow, max-snippet:-1, max-image-preview:large, max-video-preview:-1\" \/>\n<link rel=\"canonical\" href=\"https:\/\/blogdofarnesio.com.br\/?p=259191\" \/>\n<meta property=\"og:locale\" content=\"pt_BR\" \/>\n<meta property=\"og:type\" content=\"article\" \/>\n<meta property=\"og:title\" content=\"Prefeito apresenta balan\u00e7o do status de mapeamento imunol\u00f3gico que j\u00e1 aplicou mais de 2 mil testes em profissionais que atuam na linha de frente do combate \u00e0 COVID-19 no munic\u00edpio - Blog do Farn\u00e9sio\" \/>\n<meta property=\"og:description\" content=\"O prefeito Paulo Bomfim acompanhado da secret\u00e1ria de Sa\u00fade Fab\u00edola Ribeiro apresentou na manh\u00e3 desta segunda-feira (08) um balan\u00e7o do mapeamento do status imunol\u00f3gico iniciado no munic\u00edpio na \u00faltima semana. At\u00e9 o momento, mais de 2 mil pessoas j\u00e1 foram testadas atrav\u00e9s do mapeamento que est\u00e1 contemplando profissionais que est\u00e3o atuando na linha de frente do combate \u00e0 pandemia do novo coronav\u00edrus, entre eles: policiais, guardas municipais, servidores da sa\u00fade e imprensa. O prefeito anunciou ainda, a intensifica\u00e7\u00e3o do combate ao v\u00edrus nos bairros e regi\u00f5es com maior incid\u00eancia da doen\u00e7a. Durante a coletiva, entre outros dados, a secret\u00e1ria apresentou n\u00fameros referentes \u00e0 taxa de letalidade do v\u00edrus, coeficiente de incid\u00eancia, bairros com maior n\u00famero de infectados, n\u00famero de casos&hellip;\" \/>\n<meta property=\"og:url\" content=\"https:\/\/blogdofarnesio.com.br\/?p=259191\" \/>\n<meta property=\"og:site_name\" content=\"Blog do Farn\u00e9sio\" \/>\n<meta property=\"article:publisher\" content=\"https:\/\/www.facebook.com\/BlogQuerSaberPolitica\/\" \/>\n<meta property=\"article:published_time\" content=\"2020-06-09T10:20:44+00:00\" \/>\n<meta property=\"og:image\" content=\"https:\/\/blogdofarnesio.com.br\/wp-content\/uploads\/2020\/06\/blogqspjua-pbomfim-balan\u00e7o-mapeamento-imunol\u00f3gico-e1591645810226.jpg\" \/>\n\t<meta property=\"og:image:width\" content=\"680\" \/>\n\t<meta property=\"og:image:height\" content=\"340\" \/>\n\t<meta property=\"og:image:type\" content=\"image\/jpeg\" \/>\n<meta name=\"author\" content=\"Farn\u00e9sio\" \/>\n<meta name=\"twitter:card\" content=\"summary_large_image\" \/>\n<meta name=\"twitter:label1\" content=\"Escrito por\" \/>\n\t<meta name=\"twitter:data1\" content=\"Farn\u00e9sio\" \/>\n\t<meta name=\"twitter:label2\" content=\"Est. tempo de leitura\" \/>\n\t<meta name=\"twitter:data2\" content=\"3 minutos\" \/>\n<script type=\"application\/ld+json\" class=\"yoast-schema-graph\">{\"@context\":\"https:\\\/\\\/schema.org\",\"@graph\":[{\"@type\":\"Article\",\"@id\":\"https:\\\/\\\/blogdofarnesio.com.br\\\/?p=259191#article\",\"isPartOf\":{\"@id\":\"https:\\\/\\\/blogdofarnesio.com.br\\\/?p=259191\"},\"author\":{\"name\":\"Farn\u00e9sio\",\"@id\":\"https:\\\/\\\/blogdofarnesio.com.br\\\/#\\\/schema\\\/person\\\/301c4acf522bccbfdb45af95b5b906a1\"},\"headline\":\"Prefeito apresenta balan\u00e7o do status de mapeamento imunol\u00f3gico que j\u00e1 aplicou mais de 2 mil testes em profissionais que atuam na linha de frente do combate \u00e0 COVID-19 no munic\u00edpio\",\"datePublished\":\"2020-06-09T10:20:44+00:00\",\"mainEntityOfPage\":{\"@id\":\"https:\\\/\\\/blogdofarnesio.com.br\\\/?p=259191\"},\"wordCount\":578,\"publisher\":{\"@id\":\"https:\\\/\\\/blogdofarnesio.com.br\\\/#organization\"},\"image\":{\"@id\":\"https:\\\/\\\/blogdofarnesio.com.br\\\/?p=259191#primaryimage\"},\"thumbnailUrl\":\"https:\\\/\\\/blogdofarnesio.com.br\\\/wp-content\\\/uploads\\\/2020\\\/06\\\/blogqspjua-pbomfim-balan\u00e7o-mapeamento-imunol\u00f3gico-e1591645810226.jpg\",\"articleSection\":[\"Administra\u00e7\u00e3o\"],\"inLanguage\":\"pt-BR\"},{\"@type\":\"WebPage\",\"@id\":\"https:\\\/\\\/blogdofarnesio.com.br\\\/?p=259191\",\"url\":\"https:\\\/\\\/blogdofarnesio.com.br\\\/?p=259191\",\"name\":\"Prefeito apresenta balan\u00e7o do status de mapeamento imunol\u00f3gico que j\u00e1 aplicou mais de 2 mil testes em profissionais que atuam na linha de frente do combate \u00e0 COVID-19 no munic\u00edpio - Blog do Farn\u00e9sio\",\"isPartOf\":{\"@id\":\"https:\\\/\\\/blogdofarnesio.com.br\\\/#website\"},\"primaryImageOfPage\":{\"@id\":\"https:\\\/\\\/blogdofarnesio.com.br\\\/?p=259191#primaryimage\"},\"image\":{\"@id\":\"https:\\\/\\\/blogdofarnesio.com.br\\\/?p=259191#primaryimage\"},\"thumbnailUrl\":\"https:\\\/\\\/blogdofarnesio.com.br\\\/wp-content\\\/uploads\\\/2020\\\/06\\\/blogqspjua-pbomfim-balan\u00e7o-mapeamento-imunol\u00f3gico-e1591645810226.jpg\",\"datePublished\":\"2020-06-09T10:20:44+00:00\",\"breadcrumb\":{\"@id\":\"https:\\\/\\\/blogdofarnesio.com.br\\\/?p=259191#breadcrumb\"},\"inLanguage\":\"pt-BR\",\"potentialAction\":[{\"@type\":\"ReadAction\",\"target\":[\"https:\\\/\\\/blogdofarnesio.com.br\\\/?p=259191\"]}]},{\"@type\":\"ImageObject\",\"inLanguage\":\"pt-BR\",\"@id\":\"https:\\\/\\\/blogdofarnesio.com.br\\\/?p=259191#primaryimage\",\"url\":\"https:\\\/\\\/blogdofarnesio.com.br\\\/wp-content\\\/uploads\\\/2020\\\/06\\\/blogqspjua-pbomfim-balan\u00e7o-mapeamento-imunol\u00f3gico-e1591645810226.jpg\",\"contentUrl\":\"https:\\\/\\\/blogdofarnesio.com.br\\\/wp-content\\\/uploads\\\/2020\\\/06\\\/blogqspjua-pbomfim-balan\u00e7o-mapeamento-imunol\u00f3gico-e1591645810226.jpg\",\"width\":680,\"height\":340},{\"@type\":\"BreadcrumbList\",\"@id\":\"https:\\\/\\\/blogdofarnesio.com.br\\\/?p=259191#breadcrumb\",\"itemListElement\":[{\"@type\":\"ListItem\",\"position\":1,\"name\":\"In\u00edcio\",\"item\":\"https:\\\/\\\/blogdofarnesio.com.br\\\/\"},{\"@type\":\"ListItem\",\"position\":2,\"name\":\"Prefeito apresenta balan\u00e7o do status de mapeamento imunol\u00f3gico que j\u00e1 aplicou mais de 2 mil testes em profissionais que atuam na linha de frente do combate \u00e0 COVID-19 no munic\u00edpio\"}]},{\"@type\":\"WebSite\",\"@id\":\"https:\\\/\\\/blogdofarnesio.com.br\\\/#website\",\"url\":\"https:\\\/\\\/blogdofarnesio.com.br\\\/\",\"name\":\"Blog do Farn\u00e9sio\",\"description\":\"Quer Saber Pol\u00edtica?\",\"publisher\":{\"@id\":\"https:\\\/\\\/blogdofarnesio.com.br\\\/#organization\"},\"potentialAction\":[{\"@type\":\"SearchAction\",\"target\":{\"@type\":\"EntryPoint\",\"urlTemplate\":\"https:\\\/\\\/blogdofarnesio.com.br\\\/?s={search_term_string}\"},\"query-input\":{\"@type\":\"PropertyValueSpecification\",\"valueRequired\":true,\"valueName\":\"search_term_string\"}}],\"inLanguage\":\"pt-BR\"},{\"@type\":\"Organization\",\"@id\":\"https:\\\/\\\/blogdofarnesio.com.br\\\/#organization\",\"name\":\"Blog do Farn\u00e9sio\",\"url\":\"https:\\\/\\\/blogdofarnesio.com.br\\\/\",\"logo\":{\"@type\":\"ImageObject\",\"inLanguage\":\"pt-BR\",\"@id\":\"https:\\\/\\\/blogdofarnesio.com.br\\\/#\\\/schema\\\/logo\\\/image\\\/\",\"url\":\"https:\\\/\\\/blogdofarnesio.com.br\\\/wp-content\\\/uploads\\\/2026\\\/03\\\/cropped-logo_new-1.png\",\"contentUrl\":\"https:\\\/\\\/blogdofarnesio.com.br\\\/wp-content\\\/uploads\\\/2026\\\/03\\\/cropped-logo_new-1.png\",\"width\":881,\"height\":685,\"caption\":\"Blog do Farn\u00e9sio\"},\"image\":{\"@id\":\"https:\\\/\\\/blogdofarnesio.com.br\\\/#\\\/schema\\\/logo\\\/image\\\/\"},\"sameAs\":[\"https:\\\/\\\/www.facebook.com\\\/BlogQuerSaberPolitica\\\/\"]},{\"@type\":\"Person\",\"@id\":\"https:\\\/\\\/blogdofarnesio.com.br\\\/#\\\/schema\\\/person\\\/301c4acf522bccbfdb45af95b5b906a1\",\"name\":\"Farn\u00e9sio\",\"image\":{\"@type\":\"ImageObject\",\"inLanguage\":\"pt-BR\",\"@id\":\"https:\\\/\\\/secure.gravatar.com\\\/avatar\\\/df0c9a14567c056f8ad6876ba5bbd1e3e2c48023eb6807342fc4663adf549f38?s=96&d=mm&r=g\",\"url\":\"https:\\\/\\\/secure.gravatar.com\\\/avatar\\\/df0c9a14567c056f8ad6876ba5bbd1e3e2c48023eb6807342fc4663adf549f38?s=96&d=mm&r=g\",\"contentUrl\":\"https:\\\/\\\/secure.gravatar.com\\\/avatar\\\/df0c9a14567c056f8ad6876ba5bbd1e3e2c48023eb6807342fc4663adf549f38?s=96&d=mm&r=g\",\"caption\":\"Farn\u00e9sio\"},\"sameAs\":[\"https:\\\/\\\/quersaberpolitica.com.br\"],\"url\":\"https:\\\/\\\/blogdofarnesio.com.br\\\/?author=1\"}]}<\/script>\n<!-- \/ Yoast SEO plugin. -->","yoast_head_json":{"title":"Prefeito apresenta balan\u00e7o do status de mapeamento imunol\u00f3gico que j\u00e1 aplicou mais de 2 mil testes em profissionais que atuam na linha de frente do combate \u00e0 COVID-19 no munic\u00edpio - Blog do Farn\u00e9sio","robots":{"index":"index","follow":"follow","max-snippet":"max-snippet:-1","max-image-preview":"max-image-preview:large","max-video-preview":"max-video-preview:-1"},"canonical":"https:\/\/blogdofarnesio.com.br\/?p=259191","og_locale":"pt_BR","og_type":"article","og_title":"Prefeito apresenta balan\u00e7o do status de mapeamento imunol\u00f3gico que j\u00e1 aplicou mais de 2 mil testes em profissionais que atuam na linha de frente do combate \u00e0 COVID-19 no munic\u00edpio - Blog do Farn\u00e9sio","og_description":"O prefeito Paulo Bomfim acompanhado da secret\u00e1ria de Sa\u00fade Fab\u00edola Ribeiro apresentou na manh\u00e3 desta segunda-feira (08) um balan\u00e7o do mapeamento do status imunol\u00f3gico iniciado no munic\u00edpio na \u00faltima semana. At\u00e9 o momento, mais de 2 mil pessoas j\u00e1 foram testadas atrav\u00e9s do mapeamento que est\u00e1 contemplando profissionais que est\u00e3o atuando na linha de frente do combate \u00e0 pandemia do novo coronav\u00edrus, entre eles: policiais, guardas municipais, servidores da sa\u00fade e imprensa. O prefeito anunciou ainda, a intensifica\u00e7\u00e3o do combate ao v\u00edrus nos bairros e regi\u00f5es com maior incid\u00eancia da doen\u00e7a. Durante a coletiva, entre outros dados, a secret\u00e1ria apresentou n\u00fameros referentes \u00e0 taxa de letalidade do v\u00edrus, coeficiente de incid\u00eancia, bairros com maior n\u00famero de infectados, n\u00famero de casos&hellip;","og_url":"https:\/\/blogdofarnesio.com.br\/?p=259191","og_site_name":"Blog do Farn\u00e9sio","article_publisher":"https:\/\/www.facebook.com\/BlogQuerSaberPolitica\/","article_published_time":"2020-06-09T10:20:44+00:00","og_image":[{"width":680,"height":340,"url":"https:\/\/blogdofarnesio.com.br\/wp-content\/uploads\/2020\/06\/blogqspjua-pbomfim-balan\u00e7o-mapeamento-imunol\u00f3gico-e1591645810226.jpg","type":"image\/jpeg"}],"author":"Farn\u00e9sio","twitter_card":"summary_large_image","twitter_misc":{"Escrito por":"Farn\u00e9sio","Est. tempo de leitura":"3 minutos"},"schema":{"@context":"https:\/\/schema.org","@graph":[{"@type":"Article","@id":"https:\/\/blogdofarnesio.com.br\/?p=259191#article","isPartOf":{"@id":"https:\/\/blogdofarnesio.com.br\/?p=259191"},"author":{"name":"Farn\u00e9sio","@id":"https:\/\/blogdofarnesio.com.br\/#\/schema\/person\/301c4acf522bccbfdb45af95b5b906a1"},"headline":"Prefeito apresenta balan\u00e7o do status de mapeamento imunol\u00f3gico que j\u00e1 aplicou mais de 2 mil testes em profissionais que atuam na linha de frente do combate \u00e0 COVID-19 no munic\u00edpio","datePublished":"2020-06-09T10:20:44+00:00","mainEntityOfPage":{"@id":"https:\/\/blogdofarnesio.com.br\/?p=259191"},"wordCount":578,"publisher":{"@id":"https:\/\/blogdofarnesio.com.br\/#organization"},"image":{"@id":"https:\/\/blogdofarnesio.com.br\/?p=259191#primaryimage"},"thumbnailUrl":"https:\/\/blogdofarnesio.com.br\/wp-content\/uploads\/2020\/06\/blogqspjua-pbomfim-balan\u00e7o-mapeamento-imunol\u00f3gico-e1591645810226.jpg","articleSection":["Administra\u00e7\u00e3o"],"inLanguage":"pt-BR"},{"@type":"WebPage","@id":"https:\/\/blogdofarnesio.com.br\/?p=259191","url":"https:\/\/blogdofarnesio.com.br\/?p=259191","name":"Prefeito apresenta balan\u00e7o do status de mapeamento imunol\u00f3gico que j\u00e1 aplicou mais de 2 mil testes em profissionais que atuam na linha de frente do combate \u00e0 COVID-19 no munic\u00edpio - Blog do Farn\u00e9sio","isPartOf":{"@id":"https:\/\/blogdofarnesio.com.br\/#website"},"primaryImageOfPage":{"@id":"https:\/\/blogdofarnesio.com.br\/?p=259191#primaryimage"},"image":{"@id":"https:\/\/blogdofarnesio.com.br\/?p=259191#primaryimage"},"thumbnailUrl":"https:\/\/blogdofarnesio.com.br\/wp-content\/uploads\/2020\/06\/blogqspjua-pbomfim-balan\u00e7o-mapeamento-imunol\u00f3gico-e1591645810226.jpg","datePublished":"2020-06-09T10:20:44+00:00","breadcrumb":{"@id":"https:\/\/blogdofarnesio.com.br\/?p=259191#breadcrumb"},"inLanguage":"pt-BR","potentialAction":[{"@type":"ReadAction","target":["https:\/\/blogdofarnesio.com.br\/?p=259191"]}]},{"@type":"ImageObject","inLanguage":"pt-BR","@id":"https:\/\/blogdofarnesio.com.br\/?p=259191#primaryimage","url":"https:\/\/blogdofarnesio.com.br\/wp-content\/uploads\/2020\/06\/blogqspjua-pbomfim-balan\u00e7o-mapeamento-imunol\u00f3gico-e1591645810226.jpg","contentUrl":"https:\/\/blogdofarnesio.com.br\/wp-content\/uploads\/2020\/06\/blogqspjua-pbomfim-balan\u00e7o-mapeamento-imunol\u00f3gico-e1591645810226.jpg","width":680,"height":340},{"@type":"BreadcrumbList","@id":"https:\/\/blogdofarnesio.com.br\/?p=259191#breadcrumb","itemListElement":[{"@type":"ListItem","position":1,"name":"In\u00edcio","item":"https:\/\/blogdofarnesio.com.br\/"},{"@type":"ListItem","position":2,"name":"Prefeito apresenta balan\u00e7o do status de mapeamento imunol\u00f3gico que j\u00e1 aplicou mais de 2 mil testes em profissionais que atuam na linha de frente do combate \u00e0 COVID-19 no munic\u00edpio"}]},{"@type":"WebSite","@id":"https:\/\/blogdofarnesio.com.br\/#website","url":"https:\/\/blogdofarnesio.com.br\/","name":"Blog do Farn\u00e9sio","description":"Quer Saber Pol\u00edtica?","publisher":{"@id":"https:\/\/blogdofarnesio.com.br\/#organization"},"potentialAction":[{"@type":"SearchAction","target":{"@type":"EntryPoint","urlTemplate":"https:\/\/blogdofarnesio.com.br\/?s={search_term_string}"},"query-input":{"@type":"PropertyValueSpecification","valueRequired":true,"valueName":"search_term_string"}}],"inLanguage":"pt-BR"},{"@type":"Organization","@id":"https:\/\/blogdofarnesio.com.br\/#organization","name":"Blog do Farn\u00e9sio","url":"https:\/\/blogdofarnesio.com.br\/","logo":{"@type":"ImageObject","inLanguage":"pt-BR","@id":"https:\/\/blogdofarnesio.com.br\/#\/schema\/logo\/image\/","url":"https:\/\/blogdofarnesio.com.br\/wp-content\/uploads\/2026\/03\/cropped-logo_new-1.png","contentUrl":"https:\/\/blogdofarnesio.com.br\/wp-content\/uploads\/2026\/03\/cropped-logo_new-1.png","width":881,"height":685,"caption":"Blog do Farn\u00e9sio"},"image":{"@id":"https:\/\/blogdofarnesio.com.br\/#\/schema\/logo\/image\/"},"sameAs":["https:\/\/www.facebook.com\/BlogQuerSaberPolitica\/"]},{"@type":"Person","@id":"https:\/\/blogdofarnesio.com.br\/#\/schema\/person\/301c4acf522bccbfdb45af95b5b906a1","name":"Farn\u00e9sio","image":{"@type":"ImageObject","inLanguage":"pt-BR","@id":"https:\/\/secure.gravatar.com\/avatar\/df0c9a14567c056f8ad6876ba5bbd1e3e2c48023eb6807342fc4663adf549f38?s=96&d=mm&r=g","url":"https:\/\/secure.gravatar.com\/avatar\/df0c9a14567c056f8ad6876ba5bbd1e3e2c48023eb6807342fc4663adf549f38?s=96&d=mm&r=g","contentUrl":"https:\/\/secure.gravatar.com\/avatar\/df0c9a14567c056f8ad6876ba5bbd1e3e2c48023eb6807342fc4663adf549f38?s=96&d=mm&r=g","caption":"Farn\u00e9sio"},"sameAs":["https:\/\/quersaberpolitica.com.br"],"url":"https:\/\/blogdofarnesio.com.br\/?author=1"}]}},"_links":{"self":[{"href":"https:\/\/blogdofarnesio.com.br\/index.php?rest_route=\/wp\/v2\/posts\/259191","targetHints":{"allow":["GET"]}}],"collection":[{"href":"https:\/\/blogdofarnesio.com.br\/index.php?rest_route=\/wp\/v2\/posts"}],"about":[{"href":"https:\/\/blogdofarnesio.com.br\/index.php?rest_route=\/wp\/v2\/types\/post"}],"author":[{"embeddable":true,"href":"https:\/\/blogdofarnesio.com.br\/index.php?rest_route=\/wp\/v2\/users\/1"}],"replies":[{"embeddable":true,"href":"https:\/\/blogdofarnesio.com.br\/index.php?rest_route=%2Fwp%2Fv2%2Fcomments&post=259191"}],"version-history":[{"count":0,"href":"https:\/\/blogdofarnesio.com.br\/index.php?rest_route=\/wp\/v2\/posts\/259191\/revisions"}],"wp:featuredmedia":[{"embeddable":true,"href":"https:\/\/blogdofarnesio.com.br\/index.php?rest_route=\/wp\/v2\/media\/259192"}],"wp:attachment":[{"href":"https:\/\/blogdofarnesio.com.br\/index.php?rest_route=%2Fwp%2Fv2%2Fmedia&parent=259191"}],"wp:term":[{"taxonomy":"category","embeddable":true,"href":"https:\/\/blogdofarnesio.com.br\/index.php?rest_route=%2Fwp%2Fv2%2Fcategories&post=259191"},{"taxonomy":"post_tag","embeddable":true,"href":"https:\/\/blogdofarnesio.com.br\/index.php?rest_route=%2Fwp%2Fv2%2Ftags&post=259191"}],"curies":[{"name":"wp","href":"https:\/\/api.w.org\/{rel}","templated":true}]}}