{"id":258094,"date":"2020-05-26T14:40:27","date_gmt":"2020-05-26T17:40:27","guid":{"rendered":"http:\/\/quersaberpolitica.com.br\/2016\/?p=258094"},"modified":"2020-05-26T13:33:34","modified_gmt":"2020-05-26T16:33:34","slug":"entenda-como-vai-funcionar-o-atendimento-no-hospital-de-campanha-de-petrolina","status":"publish","type":"post","link":"https:\/\/blogdofarnesio.com.br\/?p=258094","title":{"rendered":"Entenda como vai funcionar o atendimento no hospital de campanha de Petrolina"},"content":{"rendered":"<p style=\"font-weight: 400;\">O primeiro hospital de campanha de Petrolina, montado pela prefeitura no Monte Carmelo e inaugurado oficialmente nesta segunda-feira (25), atender\u00e1 casos suspeitos ou confirmados da Covid-19, que apresentem quadro cl\u00ednico de menor gravidade com crit\u00e9rios para interna\u00e7\u00e3o e que tenham passado por atendimento e regula\u00e7\u00e3o da Aten\u00e7\u00e3o B\u00e1sica, ou seja, pelo posto de sa\u00fade.<\/p>\n<p style=\"font-weight: 400;\">Pessoas com sintomas gripais precisam procurar uma unidade de sa\u00fade e passar por avalia\u00e7\u00e3o m\u00e9dica, que ir\u00e1 analisar a situa\u00e7\u00e3o cl\u00ednica do paciente e definir se ele precisa ser internado no hospital de campanha, que funcionar\u00e1 totalmente regulado, pelos profissionais das Unidades B\u00e1sicas de Sa\u00fade (UBSs). Aos s\u00e1bados, domingos e feriados ou a partir das 17h (j\u00e1 que os postos fecham nesse hor\u00e1rio), os pacientes dever\u00e3o procurar a Unidade de Pronto Atendimento (UPA). Casos graves ser\u00e3o encaminhados para UPA ou Hospital Universit\u00e1rio (HU). A transfer\u00eancia dos pacientes ser\u00e1 feita exclusivamente por meio de uma ambul\u00e2ncia que ficar\u00e1 no hospital de campanha.<\/p>\n<p style=\"font-weight: 400;\">Os leitos foram organizados de acordo com os crit\u00e9rios de seguran\u00e7a do Minist\u00e9rio da Sa\u00fade, respeitando dist\u00e2ncia m\u00ednima de um metro. Pessoas confirmadas com covid-19 ficar\u00e3o em uma ala separada dos suspeitos. O hospital, que tem capacidade de 100 leitos, conta com profissionais devidamente capacitados de acordo com o quadro de pandemia mundial. A equipe \u00e9 composta por profissionais que ocupam cadastro reserva aberto pela prefeitura.<\/p>\n<p style=\"font-weight: 400;\">&#8212;&#8212;&#8212;&#8212;&#8212;&#8212;&#8212;&#8212;&#8211;<\/p>\n<p style=\"font-weight: 400;\">Fotos: Jonas Santos\/PMP<\/p>\n<p>Texto\u00a0: Duda Oliveira \u2013 Assessor de Comunica\u00e7\u00e3o<\/p>\n","protected":false},"excerpt":{"rendered":"<p>O primeiro hospital de campanha de Petrolina, montado pela prefeitura no Monte Carmelo e inaugurado oficialmente nesta segunda-feira (25), atender\u00e1 casos suspeitos ou confirmados da Covid-19, que apresentem quadro cl\u00ednico de menor gravidade com crit\u00e9rios para interna\u00e7\u00e3o e que tenham passado por atendimento e regula\u00e7\u00e3o da Aten\u00e7\u00e3o B\u00e1sica, ou seja, pelo posto de sa\u00fade. Pessoas com sintomas gripais precisam procurar uma unidade de sa\u00fade e passar por avalia\u00e7\u00e3o m\u00e9dica, que ir\u00e1 analisar a situa\u00e7\u00e3o cl\u00ednica do paciente e definir se ele precisa ser internado no hospital de campanha, que funcionar\u00e1 totalmente regulado, pelos profissionais das Unidades B\u00e1sicas de Sa\u00fade (UBSs). Aos s\u00e1bados, domingos e feriados ou a partir das 17h (j\u00e1 que os postos fecham nesse hor\u00e1rio), os pacientes dever\u00e3o&hellip; <\/p>\n","protected":false},"author":1,"featured_media":258095,"comment_status":"closed","ping_status":"closed","sticky":false,"template":"","format":"standard","meta":{"_acf_changed":false,"footnotes":""},"categories":[4],"tags":[],"class_list":["post-258094","post","type-post","status-publish","format-standard","has-post-thumbnail","hentry","category-saude"],"acf":[],"yoast_head":"<!-- This site is optimized with the Yoast SEO plugin v27.4 - https:\/\/yoast.com\/product\/yoast-seo-wordpress\/ -->\n<title>Entenda como vai funcionar o atendimento no hospital de campanha de Petrolina - Blog do Farn\u00e9sio<\/title>\n<meta name=\"robots\" content=\"index, follow, max-snippet:-1, max-image-preview:large, max-video-preview:-1\" \/>\n<link rel=\"canonical\" href=\"https:\/\/blogdofarnesio.com.br\/?p=258094\" \/>\n<meta property=\"og:locale\" content=\"pt_BR\" \/>\n<meta property=\"og:type\" content=\"article\" \/>\n<meta property=\"og:title\" content=\"Entenda como vai funcionar o atendimento no hospital de campanha de Petrolina - Blog do Farn\u00e9sio\" \/>\n<meta property=\"og:description\" content=\"O primeiro hospital de campanha de Petrolina, montado pela prefeitura no Monte Carmelo e inaugurado oficialmente nesta segunda-feira (25), atender\u00e1 casos suspeitos ou confirmados da Covid-19, que apresentem quadro cl\u00ednico de menor gravidade com crit\u00e9rios para interna\u00e7\u00e3o e que tenham passado por atendimento e regula\u00e7\u00e3o da Aten\u00e7\u00e3o B\u00e1sica, ou seja, pelo posto de sa\u00fade. Pessoas com sintomas gripais precisam procurar uma unidade de sa\u00fade e passar por avalia\u00e7\u00e3o m\u00e9dica, que ir\u00e1 analisar a situa\u00e7\u00e3o cl\u00ednica do paciente e definir se ele precisa ser internado no hospital de campanha, que funcionar\u00e1 totalmente regulado, pelos profissionais das Unidades B\u00e1sicas de Sa\u00fade (UBSs). Aos s\u00e1bados, domingos e feriados ou a partir das 17h (j\u00e1 que os postos fecham nesse hor\u00e1rio), os pacientes dever\u00e3o&hellip;\" \/>\n<meta property=\"og:url\" content=\"https:\/\/blogdofarnesio.com.br\/?p=258094\" \/>\n<meta property=\"og:site_name\" content=\"Blog do Farn\u00e9sio\" \/>\n<meta property=\"article:publisher\" content=\"https:\/\/www.facebook.com\/BlogQuerSaberPolitica\/\" \/>\n<meta property=\"article:published_time\" content=\"2020-05-26T17:40:27+00:00\" \/>\n<meta property=\"og:image\" content=\"https:\/\/blogdofarnesio.com.br\/wp-content\/uploads\/2020\/05\/blogqsppet.HOSPITAL-DE-CAMPANHA-e1590497987310.jpg\" \/>\n\t<meta property=\"og:image:width\" content=\"680\" \/>\n\t<meta property=\"og:image:height\" content=\"453\" \/>\n\t<meta property=\"og:image:type\" content=\"image\/jpeg\" \/>\n<meta name=\"author\" content=\"Farn\u00e9sio\" \/>\n<meta name=\"twitter:card\" content=\"summary_large_image\" \/>\n<meta name=\"twitter:label1\" content=\"Escrito por\" \/>\n\t<meta name=\"twitter:data1\" content=\"Farn\u00e9sio\" \/>\n\t<meta name=\"twitter:label2\" content=\"Est. tempo de leitura\" \/>\n\t<meta name=\"twitter:data2\" content=\"1 minuto\" \/>\n<script type=\"application\/ld+json\" class=\"yoast-schema-graph\">{\"@context\":\"https:\\\/\\\/schema.org\",\"@graph\":[{\"@type\":\"Article\",\"@id\":\"https:\\\/\\\/blogdofarnesio.com.br\\\/?p=258094#article\",\"isPartOf\":{\"@id\":\"https:\\\/\\\/blogdofarnesio.com.br\\\/?p=258094\"},\"author\":{\"name\":\"Farn\u00e9sio\",\"@id\":\"https:\\\/\\\/blogdofarnesio.com.br\\\/#\\\/schema\\\/person\\\/301c4acf522bccbfdb45af95b5b906a1\"},\"headline\":\"Entenda como vai funcionar o atendimento no hospital de campanha de Petrolina\",\"datePublished\":\"2020-05-26T17:40:27+00:00\",\"mainEntityOfPage\":{\"@id\":\"https:\\\/\\\/blogdofarnesio.com.br\\\/?p=258094\"},\"wordCount\":270,\"publisher\":{\"@id\":\"https:\\\/\\\/blogdofarnesio.com.br\\\/#organization\"},\"image\":{\"@id\":\"https:\\\/\\\/blogdofarnesio.com.br\\\/?p=258094#primaryimage\"},\"thumbnailUrl\":\"https:\\\/\\\/blogdofarnesio.com.br\\\/wp-content\\\/uploads\\\/2020\\\/05\\\/blogqsppet.HOSPITAL-DE-CAMPANHA-e1590497987310.jpg\",\"articleSection\":[\"Sa\u00fade\"],\"inLanguage\":\"pt-BR\"},{\"@type\":\"WebPage\",\"@id\":\"https:\\\/\\\/blogdofarnesio.com.br\\\/?p=258094\",\"url\":\"https:\\\/\\\/blogdofarnesio.com.br\\\/?p=258094\",\"name\":\"Entenda como vai funcionar o atendimento no hospital de campanha de Petrolina - Blog do Farn\u00e9sio\",\"isPartOf\":{\"@id\":\"https:\\\/\\\/blogdofarnesio.com.br\\\/#website\"},\"primaryImageOfPage\":{\"@id\":\"https:\\\/\\\/blogdofarnesio.com.br\\\/?p=258094#primaryimage\"},\"image\":{\"@id\":\"https:\\\/\\\/blogdofarnesio.com.br\\\/?p=258094#primaryimage\"},\"thumbnailUrl\":\"https:\\\/\\\/blogdofarnesio.com.br\\\/wp-content\\\/uploads\\\/2020\\\/05\\\/blogqsppet.HOSPITAL-DE-CAMPANHA-e1590497987310.jpg\",\"datePublished\":\"2020-05-26T17:40:27+00:00\",\"breadcrumb\":{\"@id\":\"https:\\\/\\\/blogdofarnesio.com.br\\\/?p=258094#breadcrumb\"},\"inLanguage\":\"pt-BR\",\"potentialAction\":[{\"@type\":\"ReadAction\",\"target\":[\"https:\\\/\\\/blogdofarnesio.com.br\\\/?p=258094\"]}]},{\"@type\":\"ImageObject\",\"inLanguage\":\"pt-BR\",\"@id\":\"https:\\\/\\\/blogdofarnesio.com.br\\\/?p=258094#primaryimage\",\"url\":\"https:\\\/\\\/blogdofarnesio.com.br\\\/wp-content\\\/uploads\\\/2020\\\/05\\\/blogqsppet.HOSPITAL-DE-CAMPANHA-e1590497987310.jpg\",\"contentUrl\":\"https:\\\/\\\/blogdofarnesio.com.br\\\/wp-content\\\/uploads\\\/2020\\\/05\\\/blogqsppet.HOSPITAL-DE-CAMPANHA-e1590497987310.jpg\",\"width\":680,\"height\":453},{\"@type\":\"BreadcrumbList\",\"@id\":\"https:\\\/\\\/blogdofarnesio.com.br\\\/?p=258094#breadcrumb\",\"itemListElement\":[{\"@type\":\"ListItem\",\"position\":1,\"name\":\"In\u00edcio\",\"item\":\"https:\\\/\\\/blogdofarnesio.com.br\\\/\"},{\"@type\":\"ListItem\",\"position\":2,\"name\":\"Entenda como vai funcionar o atendimento no hospital de campanha de Petrolina\"}]},{\"@type\":\"WebSite\",\"@id\":\"https:\\\/\\\/blogdofarnesio.com.br\\\/#website\",\"url\":\"https:\\\/\\\/blogdofarnesio.com.br\\\/\",\"name\":\"Blog do Farn\u00e9sio\",\"description\":\"Quer Saber Pol\u00edtica?\",\"publisher\":{\"@id\":\"https:\\\/\\\/blogdofarnesio.com.br\\\/#organization\"},\"potentialAction\":[{\"@type\":\"SearchAction\",\"target\":{\"@type\":\"EntryPoint\",\"urlTemplate\":\"https:\\\/\\\/blogdofarnesio.com.br\\\/?s={search_term_string}\"},\"query-input\":{\"@type\":\"PropertyValueSpecification\",\"valueRequired\":true,\"valueName\":\"search_term_string\"}}],\"inLanguage\":\"pt-BR\"},{\"@type\":\"Organization\",\"@id\":\"https:\\\/\\\/blogdofarnesio.com.br\\\/#organization\",\"name\":\"Blog do Farn\u00e9sio\",\"url\":\"https:\\\/\\\/blogdofarnesio.com.br\\\/\",\"logo\":{\"@type\":\"ImageObject\",\"inLanguage\":\"pt-BR\",\"@id\":\"https:\\\/\\\/blogdofarnesio.com.br\\\/#\\\/schema\\\/logo\\\/image\\\/\",\"url\":\"https:\\\/\\\/blogdofarnesio.com.br\\\/wp-content\\\/uploads\\\/2026\\\/03\\\/cropped-logo_new-1.png\",\"contentUrl\":\"https:\\\/\\\/blogdofarnesio.com.br\\\/wp-content\\\/uploads\\\/2026\\\/03\\\/cropped-logo_new-1.png\",\"width\":881,\"height\":685,\"caption\":\"Blog do Farn\u00e9sio\"},\"image\":{\"@id\":\"https:\\\/\\\/blogdofarnesio.com.br\\\/#\\\/schema\\\/logo\\\/image\\\/\"},\"sameAs\":[\"https:\\\/\\\/www.facebook.com\\\/BlogQuerSaberPolitica\\\/\"]},{\"@type\":\"Person\",\"@id\":\"https:\\\/\\\/blogdofarnesio.com.br\\\/#\\\/schema\\\/person\\\/301c4acf522bccbfdb45af95b5b906a1\",\"name\":\"Farn\u00e9sio\",\"image\":{\"@type\":\"ImageObject\",\"inLanguage\":\"pt-BR\",\"@id\":\"https:\\\/\\\/secure.gravatar.com\\\/avatar\\\/df0c9a14567c056f8ad6876ba5bbd1e3e2c48023eb6807342fc4663adf549f38?s=96&d=mm&r=g\",\"url\":\"https:\\\/\\\/secure.gravatar.com\\\/avatar\\\/df0c9a14567c056f8ad6876ba5bbd1e3e2c48023eb6807342fc4663adf549f38?s=96&d=mm&r=g\",\"contentUrl\":\"https:\\\/\\\/secure.gravatar.com\\\/avatar\\\/df0c9a14567c056f8ad6876ba5bbd1e3e2c48023eb6807342fc4663adf549f38?s=96&d=mm&r=g\",\"caption\":\"Farn\u00e9sio\"},\"sameAs\":[\"https:\\\/\\\/quersaberpolitica.com.br\"],\"url\":\"https:\\\/\\\/blogdofarnesio.com.br\\\/?author=1\"}]}<\/script>\n<!-- \/ Yoast SEO plugin. -->","yoast_head_json":{"title":"Entenda como vai funcionar o atendimento no hospital de campanha de Petrolina - Blog do Farn\u00e9sio","robots":{"index":"index","follow":"follow","max-snippet":"max-snippet:-1","max-image-preview":"max-image-preview:large","max-video-preview":"max-video-preview:-1"},"canonical":"https:\/\/blogdofarnesio.com.br\/?p=258094","og_locale":"pt_BR","og_type":"article","og_title":"Entenda como vai funcionar o atendimento no hospital de campanha de Petrolina - Blog do Farn\u00e9sio","og_description":"O primeiro hospital de campanha de Petrolina, montado pela prefeitura no Monte Carmelo e inaugurado oficialmente nesta segunda-feira (25), atender\u00e1 casos suspeitos ou confirmados da Covid-19, que apresentem quadro cl\u00ednico de menor gravidade com crit\u00e9rios para interna\u00e7\u00e3o e que tenham passado por atendimento e regula\u00e7\u00e3o da Aten\u00e7\u00e3o B\u00e1sica, ou seja, pelo posto de sa\u00fade. Pessoas com sintomas gripais precisam procurar uma unidade de sa\u00fade e passar por avalia\u00e7\u00e3o m\u00e9dica, que ir\u00e1 analisar a situa\u00e7\u00e3o cl\u00ednica do paciente e definir se ele precisa ser internado no hospital de campanha, que funcionar\u00e1 totalmente regulado, pelos profissionais das Unidades B\u00e1sicas de Sa\u00fade (UBSs). Aos s\u00e1bados, domingos e feriados ou a partir das 17h (j\u00e1 que os postos fecham nesse hor\u00e1rio), os pacientes dever\u00e3o&hellip;","og_url":"https:\/\/blogdofarnesio.com.br\/?p=258094","og_site_name":"Blog do Farn\u00e9sio","article_publisher":"https:\/\/www.facebook.com\/BlogQuerSaberPolitica\/","article_published_time":"2020-05-26T17:40:27+00:00","og_image":[{"width":680,"height":453,"url":"https:\/\/blogdofarnesio.com.br\/wp-content\/uploads\/2020\/05\/blogqsppet.HOSPITAL-DE-CAMPANHA-e1590497987310.jpg","type":"image\/jpeg"}],"author":"Farn\u00e9sio","twitter_card":"summary_large_image","twitter_misc":{"Escrito por":"Farn\u00e9sio","Est. tempo de leitura":"1 minuto"},"schema":{"@context":"https:\/\/schema.org","@graph":[{"@type":"Article","@id":"https:\/\/blogdofarnesio.com.br\/?p=258094#article","isPartOf":{"@id":"https:\/\/blogdofarnesio.com.br\/?p=258094"},"author":{"name":"Farn\u00e9sio","@id":"https:\/\/blogdofarnesio.com.br\/#\/schema\/person\/301c4acf522bccbfdb45af95b5b906a1"},"headline":"Entenda como vai funcionar o atendimento no hospital de campanha de Petrolina","datePublished":"2020-05-26T17:40:27+00:00","mainEntityOfPage":{"@id":"https:\/\/blogdofarnesio.com.br\/?p=258094"},"wordCount":270,"publisher":{"@id":"https:\/\/blogdofarnesio.com.br\/#organization"},"image":{"@id":"https:\/\/blogdofarnesio.com.br\/?p=258094#primaryimage"},"thumbnailUrl":"https:\/\/blogdofarnesio.com.br\/wp-content\/uploads\/2020\/05\/blogqsppet.HOSPITAL-DE-CAMPANHA-e1590497987310.jpg","articleSection":["Sa\u00fade"],"inLanguage":"pt-BR"},{"@type":"WebPage","@id":"https:\/\/blogdofarnesio.com.br\/?p=258094","url":"https:\/\/blogdofarnesio.com.br\/?p=258094","name":"Entenda como vai funcionar o atendimento no hospital de campanha de Petrolina - Blog do Farn\u00e9sio","isPartOf":{"@id":"https:\/\/blogdofarnesio.com.br\/#website"},"primaryImageOfPage":{"@id":"https:\/\/blogdofarnesio.com.br\/?p=258094#primaryimage"},"image":{"@id":"https:\/\/blogdofarnesio.com.br\/?p=258094#primaryimage"},"thumbnailUrl":"https:\/\/blogdofarnesio.com.br\/wp-content\/uploads\/2020\/05\/blogqsppet.HOSPITAL-DE-CAMPANHA-e1590497987310.jpg","datePublished":"2020-05-26T17:40:27+00:00","breadcrumb":{"@id":"https:\/\/blogdofarnesio.com.br\/?p=258094#breadcrumb"},"inLanguage":"pt-BR","potentialAction":[{"@type":"ReadAction","target":["https:\/\/blogdofarnesio.com.br\/?p=258094"]}]},{"@type":"ImageObject","inLanguage":"pt-BR","@id":"https:\/\/blogdofarnesio.com.br\/?p=258094#primaryimage","url":"https:\/\/blogdofarnesio.com.br\/wp-content\/uploads\/2020\/05\/blogqsppet.HOSPITAL-DE-CAMPANHA-e1590497987310.jpg","contentUrl":"https:\/\/blogdofarnesio.com.br\/wp-content\/uploads\/2020\/05\/blogqsppet.HOSPITAL-DE-CAMPANHA-e1590497987310.jpg","width":680,"height":453},{"@type":"BreadcrumbList","@id":"https:\/\/blogdofarnesio.com.br\/?p=258094#breadcrumb","itemListElement":[{"@type":"ListItem","position":1,"name":"In\u00edcio","item":"https:\/\/blogdofarnesio.com.br\/"},{"@type":"ListItem","position":2,"name":"Entenda como vai funcionar o atendimento no hospital de campanha de Petrolina"}]},{"@type":"WebSite","@id":"https:\/\/blogdofarnesio.com.br\/#website","url":"https:\/\/blogdofarnesio.com.br\/","name":"Blog do Farn\u00e9sio","description":"Quer Saber Pol\u00edtica?","publisher":{"@id":"https:\/\/blogdofarnesio.com.br\/#organization"},"potentialAction":[{"@type":"SearchAction","target":{"@type":"EntryPoint","urlTemplate":"https:\/\/blogdofarnesio.com.br\/?s={search_term_string}"},"query-input":{"@type":"PropertyValueSpecification","valueRequired":true,"valueName":"search_term_string"}}],"inLanguage":"pt-BR"},{"@type":"Organization","@id":"https:\/\/blogdofarnesio.com.br\/#organization","name":"Blog do Farn\u00e9sio","url":"https:\/\/blogdofarnesio.com.br\/","logo":{"@type":"ImageObject","inLanguage":"pt-BR","@id":"https:\/\/blogdofarnesio.com.br\/#\/schema\/logo\/image\/","url":"https:\/\/blogdofarnesio.com.br\/wp-content\/uploads\/2026\/03\/cropped-logo_new-1.png","contentUrl":"https:\/\/blogdofarnesio.com.br\/wp-content\/uploads\/2026\/03\/cropped-logo_new-1.png","width":881,"height":685,"caption":"Blog do Farn\u00e9sio"},"image":{"@id":"https:\/\/blogdofarnesio.com.br\/#\/schema\/logo\/image\/"},"sameAs":["https:\/\/www.facebook.com\/BlogQuerSaberPolitica\/"]},{"@type":"Person","@id":"https:\/\/blogdofarnesio.com.br\/#\/schema\/person\/301c4acf522bccbfdb45af95b5b906a1","name":"Farn\u00e9sio","image":{"@type":"ImageObject","inLanguage":"pt-BR","@id":"https:\/\/secure.gravatar.com\/avatar\/df0c9a14567c056f8ad6876ba5bbd1e3e2c48023eb6807342fc4663adf549f38?s=96&d=mm&r=g","url":"https:\/\/secure.gravatar.com\/avatar\/df0c9a14567c056f8ad6876ba5bbd1e3e2c48023eb6807342fc4663adf549f38?s=96&d=mm&r=g","contentUrl":"https:\/\/secure.gravatar.com\/avatar\/df0c9a14567c056f8ad6876ba5bbd1e3e2c48023eb6807342fc4663adf549f38?s=96&d=mm&r=g","caption":"Farn\u00e9sio"},"sameAs":["https:\/\/quersaberpolitica.com.br"],"url":"https:\/\/blogdofarnesio.com.br\/?author=1"}]}},"_links":{"self":[{"href":"https:\/\/blogdofarnesio.com.br\/index.php?rest_route=\/wp\/v2\/posts\/258094","targetHints":{"allow":["GET"]}}],"collection":[{"href":"https:\/\/blogdofarnesio.com.br\/index.php?rest_route=\/wp\/v2\/posts"}],"about":[{"href":"https:\/\/blogdofarnesio.com.br\/index.php?rest_route=\/wp\/v2\/types\/post"}],"author":[{"embeddable":true,"href":"https:\/\/blogdofarnesio.com.br\/index.php?rest_route=\/wp\/v2\/users\/1"}],"replies":[{"embeddable":true,"href":"https:\/\/blogdofarnesio.com.br\/index.php?rest_route=%2Fwp%2Fv2%2Fcomments&post=258094"}],"version-history":[{"count":0,"href":"https:\/\/blogdofarnesio.com.br\/index.php?rest_route=\/wp\/v2\/posts\/258094\/revisions"}],"wp:featuredmedia":[{"embeddable":true,"href":"https:\/\/blogdofarnesio.com.br\/index.php?rest_route=\/wp\/v2\/media\/258095"}],"wp:attachment":[{"href":"https:\/\/blogdofarnesio.com.br\/index.php?rest_route=%2Fwp%2Fv2%2Fmedia&parent=258094"}],"wp:term":[{"taxonomy":"category","embeddable":true,"href":"https:\/\/blogdofarnesio.com.br\/index.php?rest_route=%2Fwp%2Fv2%2Fcategories&post=258094"},{"taxonomy":"post_tag","embeddable":true,"href":"https:\/\/blogdofarnesio.com.br\/index.php?rest_route=%2Fwp%2Fv2%2Ftags&post=258094"}],"curies":[{"name":"wp","href":"https:\/\/api.w.org\/{rel}","templated":true}]}}