{"id":257446,"date":"2020-05-18T14:40:18","date_gmt":"2020-05-18T17:40:18","guid":{"rendered":"http:\/\/quersaberpolitica.com.br\/2016\/?p=257446"},"modified":"2020-05-18T13:22:20","modified_gmt":"2020-05-18T16:22:20","slug":"sessao-virtual-da-camara-de-juazeiro-vai-discutir-antecipacao-do-13o-tarifa-de-esgoto-e-festival-de-arte","status":"publish","type":"post","link":"https:\/\/blogdofarnesio.com.br\/?p=257446","title":{"rendered":"Sess\u00e3o Virtual da C\u00e2mara de Juazeiro vai discutir antecipa\u00e7\u00e3o do 13\u00ba, tarifa de esgoto e festival de arte"},"content":{"rendered":"<p>Dando continuidade \u00e0s sess\u00f5es virtuais a C\u00e2mara de Vereadores de Juazeiro realizar\u00e1 na tarde desta segunda-feira (18\/05) sess\u00e3o ordin\u00e1ria para discutir e votar tr\u00eas Projetos de Lei enviados pelo Executivo municipal. O primeiro projeto \u00e9 autoriza\u00e7\u00e3o para o Executivo Municipal, antecipar o pagamento de 50% do 13\u00ba sal\u00e1rio do servidor, na data do seu anivers\u00e1rio, em decorr\u00eancia dos impactos econ\u00f4micos ocasionados pela atual Pandemia do Covid-19.<\/p>\n<p>Atrelado as necessidades decorrentes nesse cen\u00e1rio em que vivemos, a outra proposta \u00e9 sobre a determina\u00e7\u00e3o de que a tarifa de esgoto permanecer\u00e1 no mesmo percentual cobrado na conta referente ao per\u00edodo de consumo do m\u00eas imediatamente anterior \u00e0 decreta\u00e7\u00e3o da situa\u00e7\u00e3o de emerg\u00eancia no Munic\u00edpio de Juazeiro, durante a vig\u00eancia do estado de calamidade no Munic\u00edpio de Juazeiro, decorrente da COVID-19 e da incid\u00eancia de H1N1.<\/p>\n<p>Tamb\u00e9m ser\u00e1 discutida e votada proposta que objetiva, em car\u00e1ter excepcional decorrente dos impactos sociais, culturais e econ\u00f4micos ocasionados pela atual Pandemia do Covid-19, oficializar a realiza\u00e7\u00e3o do \u201cFestival de Arte contra a Pandemia\u201d, a ser realizado pela Prefeitura Municipal de Juazeiro, por interm\u00e9dio da Secretaria Municipal de Cultura, Turismo e Esporte.<\/p>\n<p>\u201cS\u00e3o projetos importantes para os servidores e para a economia de Juazeiro, para a popula\u00e7\u00e3o mais necessitada e para a melhoria da conviv\u00eancia com a pandemia\u201d \u2013 analisa o Presidente Alex Tanuri \u2013 \u201cEncaminhamos convoca\u00e7\u00e3o para todos os vereadores e estou refor\u00e7ando o convite \u00e0 popula\u00e7\u00e3o para que assista e participe virtualmente dessa sess\u00e3o que ser\u00e1 transmitida pelos canais das redes sociais da C\u00e2mara e pela p\u00e1gina oficial\u201d<\/p>\n<p>A sess\u00e3o virtual, com espa\u00e7o para pronunciamentos e vota\u00e7\u00e3o\u00a0\u00a0est\u00e1 marcada para \u00e0s 15:00 horas e pode ser assistida na p\u00e1gina oficial da C\u00e2mara (<a href=\"https:\/\/www.juazeiro.ba.leg.br\/\" target=\"_blank\" rel=\"noopener noreferrer\" data-saferedirecturl=\"https:\/\/www.google.com\/url?q=https:\/\/www.juazeiro.ba.leg.br\/&amp;source=gmail&amp;ust=1589905057314000&amp;usg=AFQjCNGOEpKWj138MVLNm16AHKa_DWU6Ag\">https:\/\/www.juazeiro.ba.leg.<wbr \/>br\/<\/a>) e pelo\u00a0\u00a0facebook\u00a0\u00a0<a href=\"https:\/\/www.facebook.com\/camarajuazeirooficial\" target=\"_blank\" rel=\"noopener noreferrer\" data-saferedirecturl=\"https:\/\/www.google.com\/url?q=https:\/\/www.facebook.com\/camarajuazeirooficial&amp;source=gmail&amp;ust=1589905057314000&amp;usg=AFQjCNESdUkni3fTvnU1ptCHpHkIXLs0Ig\">https:\/\/www.facebook.com\/<wbr \/>camarajuazeirooficial<\/a>.<\/p>\n","protected":false},"excerpt":{"rendered":"<p>Dando continuidade \u00e0s sess\u00f5es virtuais a C\u00e2mara de Vereadores de Juazeiro realizar\u00e1 na tarde desta segunda-feira (18\/05) sess\u00e3o ordin\u00e1ria para discutir e votar tr\u00eas Projetos de Lei enviados pelo Executivo municipal. O primeiro projeto \u00e9 autoriza\u00e7\u00e3o para o Executivo Municipal, antecipar o pagamento de 50% do 13\u00ba sal\u00e1rio do servidor, na data do seu anivers\u00e1rio, em decorr\u00eancia dos impactos econ\u00f4micos ocasionados pela atual Pandemia do Covid-19. Atrelado as necessidades decorrentes nesse cen\u00e1rio em que vivemos, a outra proposta \u00e9 sobre a determina\u00e7\u00e3o de que a tarifa de esgoto permanecer\u00e1 no mesmo percentual cobrado na conta referente ao per\u00edodo de consumo do m\u00eas imediatamente anterior \u00e0 decreta\u00e7\u00e3o da situa\u00e7\u00e3o de emerg\u00eancia no Munic\u00edpio de Juazeiro, durante a vig\u00eancia do estado de&hellip; <\/p>\n","protected":false},"author":1,"featured_media":256419,"comment_status":"closed","ping_status":"closed","sticky":false,"template":"","format":"standard","meta":{"_acf_changed":false,"footnotes":""},"categories":[1],"tags":[],"class_list":["post-257446","post","type-post","status-publish","format-standard","has-post-thumbnail","hentry","category-politica"],"acf":[],"yoast_head":"<!-- This site is optimized with the Yoast SEO plugin v27.4 - https:\/\/yoast.com\/product\/yoast-seo-wordpress\/ -->\n<title>Sess\u00e3o Virtual da C\u00e2mara de Juazeiro vai discutir antecipa\u00e7\u00e3o do 13\u00ba, tarifa de esgoto e festival de arte - Blog do Farn\u00e9sio<\/title>\n<meta name=\"robots\" content=\"index, follow, max-snippet:-1, max-image-preview:large, max-video-preview:-1\" \/>\n<link rel=\"canonical\" href=\"https:\/\/blogdofarnesio.com.br\/?p=257446\" \/>\n<meta property=\"og:locale\" content=\"pt_BR\" \/>\n<meta property=\"og:type\" content=\"article\" \/>\n<meta property=\"og:title\" content=\"Sess\u00e3o Virtual da C\u00e2mara de Juazeiro vai discutir antecipa\u00e7\u00e3o do 13\u00ba, tarifa de esgoto e festival de arte - Blog do Farn\u00e9sio\" \/>\n<meta property=\"og:description\" content=\"Dando continuidade \u00e0s sess\u00f5es virtuais a C\u00e2mara de Vereadores de Juazeiro realizar\u00e1 na tarde desta segunda-feira (18\/05) sess\u00e3o ordin\u00e1ria para discutir e votar tr\u00eas Projetos de Lei enviados pelo Executivo municipal. O primeiro projeto \u00e9 autoriza\u00e7\u00e3o para o Executivo Municipal, antecipar o pagamento de 50% do 13\u00ba sal\u00e1rio do servidor, na data do seu anivers\u00e1rio, em decorr\u00eancia dos impactos econ\u00f4micos ocasionados pela atual Pandemia do Covid-19. Atrelado as necessidades decorrentes nesse cen\u00e1rio em que vivemos, a outra proposta \u00e9 sobre a determina\u00e7\u00e3o de que a tarifa de esgoto permanecer\u00e1 no mesmo percentual cobrado na conta referente ao per\u00edodo de consumo do m\u00eas imediatamente anterior \u00e0 decreta\u00e7\u00e3o da situa\u00e7\u00e3o de emerg\u00eancia no Munic\u00edpio de Juazeiro, durante a vig\u00eancia do estado de&hellip;\" \/>\n<meta property=\"og:url\" content=\"https:\/\/blogdofarnesio.com.br\/?p=257446\" \/>\n<meta property=\"og:site_name\" content=\"Blog do Farn\u00e9sio\" \/>\n<meta property=\"article:publisher\" content=\"https:\/\/www.facebook.com\/BlogQuerSaberPolitica\/\" \/>\n<meta property=\"article:published_time\" content=\"2020-05-18T17:40:18+00:00\" \/>\n<meta property=\"og:image\" content=\"https:\/\/blogdofarnesio.com.br\/wp-content\/uploads\/2020\/05\/blogqspjua-camara-virtual-e1589818910684.jpg\" \/>\n\t<meta property=\"og:image:width\" content=\"478\" \/>\n\t<meta property=\"og:image:height\" content=\"361\" \/>\n\t<meta property=\"og:image:type\" content=\"image\/jpeg\" \/>\n<meta name=\"author\" content=\"Farn\u00e9sio\" \/>\n<meta name=\"twitter:card\" content=\"summary_large_image\" \/>\n<meta name=\"twitter:label1\" content=\"Escrito por\" \/>\n\t<meta name=\"twitter:data1\" content=\"Farn\u00e9sio\" \/>\n\t<meta name=\"twitter:label2\" content=\"Est. tempo de leitura\" \/>\n\t<meta name=\"twitter:data2\" content=\"2 minutos\" \/>\n<script type=\"application\/ld+json\" class=\"yoast-schema-graph\">{\"@context\":\"https:\\\/\\\/schema.org\",\"@graph\":[{\"@type\":\"Article\",\"@id\":\"https:\\\/\\\/blogdofarnesio.com.br\\\/?p=257446#article\",\"isPartOf\":{\"@id\":\"https:\\\/\\\/blogdofarnesio.com.br\\\/?p=257446\"},\"author\":{\"name\":\"Farn\u00e9sio\",\"@id\":\"https:\\\/\\\/blogdofarnesio.com.br\\\/#\\\/schema\\\/person\\\/301c4acf522bccbfdb45af95b5b906a1\"},\"headline\":\"Sess\u00e3o Virtual da C\u00e2mara de Juazeiro vai discutir antecipa\u00e7\u00e3o do 13\u00ba, tarifa de esgoto e festival de arte\",\"datePublished\":\"2020-05-18T17:40:18+00:00\",\"mainEntityOfPage\":{\"@id\":\"https:\\\/\\\/blogdofarnesio.com.br\\\/?p=257446\"},\"wordCount\":342,\"publisher\":{\"@id\":\"https:\\\/\\\/blogdofarnesio.com.br\\\/#organization\"},\"image\":{\"@id\":\"https:\\\/\\\/blogdofarnesio.com.br\\\/?p=257446#primaryimage\"},\"thumbnailUrl\":\"https:\\\/\\\/blogdofarnesio.com.br\\\/wp-content\\\/uploads\\\/2020\\\/05\\\/blogqspjua-camara-virtual-e1589818910684.jpg\",\"articleSection\":[\"Pol\u00edtica\"],\"inLanguage\":\"pt-BR\"},{\"@type\":\"WebPage\",\"@id\":\"https:\\\/\\\/blogdofarnesio.com.br\\\/?p=257446\",\"url\":\"https:\\\/\\\/blogdofarnesio.com.br\\\/?p=257446\",\"name\":\"Sess\u00e3o Virtual da C\u00e2mara de Juazeiro vai discutir antecipa\u00e7\u00e3o do 13\u00ba, tarifa de esgoto e festival de arte - Blog do Farn\u00e9sio\",\"isPartOf\":{\"@id\":\"https:\\\/\\\/blogdofarnesio.com.br\\\/#website\"},\"primaryImageOfPage\":{\"@id\":\"https:\\\/\\\/blogdofarnesio.com.br\\\/?p=257446#primaryimage\"},\"image\":{\"@id\":\"https:\\\/\\\/blogdofarnesio.com.br\\\/?p=257446#primaryimage\"},\"thumbnailUrl\":\"https:\\\/\\\/blogdofarnesio.com.br\\\/wp-content\\\/uploads\\\/2020\\\/05\\\/blogqspjua-camara-virtual-e1589818910684.jpg\",\"datePublished\":\"2020-05-18T17:40:18+00:00\",\"breadcrumb\":{\"@id\":\"https:\\\/\\\/blogdofarnesio.com.br\\\/?p=257446#breadcrumb\"},\"inLanguage\":\"pt-BR\",\"potentialAction\":[{\"@type\":\"ReadAction\",\"target\":[\"https:\\\/\\\/blogdofarnesio.com.br\\\/?p=257446\"]}]},{\"@type\":\"ImageObject\",\"inLanguage\":\"pt-BR\",\"@id\":\"https:\\\/\\\/blogdofarnesio.com.br\\\/?p=257446#primaryimage\",\"url\":\"https:\\\/\\\/blogdofarnesio.com.br\\\/wp-content\\\/uploads\\\/2020\\\/05\\\/blogqspjua-camara-virtual-e1589818910684.jpg\",\"contentUrl\":\"https:\\\/\\\/blogdofarnesio.com.br\\\/wp-content\\\/uploads\\\/2020\\\/05\\\/blogqspjua-camara-virtual-e1589818910684.jpg\",\"width\":478,\"height\":361},{\"@type\":\"BreadcrumbList\",\"@id\":\"https:\\\/\\\/blogdofarnesio.com.br\\\/?p=257446#breadcrumb\",\"itemListElement\":[{\"@type\":\"ListItem\",\"position\":1,\"name\":\"In\u00edcio\",\"item\":\"https:\\\/\\\/blogdofarnesio.com.br\\\/\"},{\"@type\":\"ListItem\",\"position\":2,\"name\":\"Sess\u00e3o Virtual da C\u00e2mara de Juazeiro vai discutir antecipa\u00e7\u00e3o do 13\u00ba, tarifa de esgoto e festival de arte\"}]},{\"@type\":\"WebSite\",\"@id\":\"https:\\\/\\\/blogdofarnesio.com.br\\\/#website\",\"url\":\"https:\\\/\\\/blogdofarnesio.com.br\\\/\",\"name\":\"Blog do Farn\u00e9sio\",\"description\":\"Quer Saber Pol\u00edtica?\",\"publisher\":{\"@id\":\"https:\\\/\\\/blogdofarnesio.com.br\\\/#organization\"},\"potentialAction\":[{\"@type\":\"SearchAction\",\"target\":{\"@type\":\"EntryPoint\",\"urlTemplate\":\"https:\\\/\\\/blogdofarnesio.com.br\\\/?s={search_term_string}\"},\"query-input\":{\"@type\":\"PropertyValueSpecification\",\"valueRequired\":true,\"valueName\":\"search_term_string\"}}],\"inLanguage\":\"pt-BR\"},{\"@type\":\"Organization\",\"@id\":\"https:\\\/\\\/blogdofarnesio.com.br\\\/#organization\",\"name\":\"Blog do Farn\u00e9sio\",\"url\":\"https:\\\/\\\/blogdofarnesio.com.br\\\/\",\"logo\":{\"@type\":\"ImageObject\",\"inLanguage\":\"pt-BR\",\"@id\":\"https:\\\/\\\/blogdofarnesio.com.br\\\/#\\\/schema\\\/logo\\\/image\\\/\",\"url\":\"https:\\\/\\\/blogdofarnesio.com.br\\\/wp-content\\\/uploads\\\/2026\\\/03\\\/cropped-logo_new-1.png\",\"contentUrl\":\"https:\\\/\\\/blogdofarnesio.com.br\\\/wp-content\\\/uploads\\\/2026\\\/03\\\/cropped-logo_new-1.png\",\"width\":881,\"height\":685,\"caption\":\"Blog do Farn\u00e9sio\"},\"image\":{\"@id\":\"https:\\\/\\\/blogdofarnesio.com.br\\\/#\\\/schema\\\/logo\\\/image\\\/\"},\"sameAs\":[\"https:\\\/\\\/www.facebook.com\\\/BlogQuerSaberPolitica\\\/\"]},{\"@type\":\"Person\",\"@id\":\"https:\\\/\\\/blogdofarnesio.com.br\\\/#\\\/schema\\\/person\\\/301c4acf522bccbfdb45af95b5b906a1\",\"name\":\"Farn\u00e9sio\",\"image\":{\"@type\":\"ImageObject\",\"inLanguage\":\"pt-BR\",\"@id\":\"https:\\\/\\\/secure.gravatar.com\\\/avatar\\\/df0c9a14567c056f8ad6876ba5bbd1e3e2c48023eb6807342fc4663adf549f38?s=96&d=mm&r=g\",\"url\":\"https:\\\/\\\/secure.gravatar.com\\\/avatar\\\/df0c9a14567c056f8ad6876ba5bbd1e3e2c48023eb6807342fc4663adf549f38?s=96&d=mm&r=g\",\"contentUrl\":\"https:\\\/\\\/secure.gravatar.com\\\/avatar\\\/df0c9a14567c056f8ad6876ba5bbd1e3e2c48023eb6807342fc4663adf549f38?s=96&d=mm&r=g\",\"caption\":\"Farn\u00e9sio\"},\"sameAs\":[\"https:\\\/\\\/quersaberpolitica.com.br\"],\"url\":\"https:\\\/\\\/blogdofarnesio.com.br\\\/?author=1\"}]}<\/script>\n<!-- \/ Yoast SEO plugin. -->","yoast_head_json":{"title":"Sess\u00e3o Virtual da C\u00e2mara de Juazeiro vai discutir antecipa\u00e7\u00e3o do 13\u00ba, tarifa de esgoto e festival de arte - Blog do Farn\u00e9sio","robots":{"index":"index","follow":"follow","max-snippet":"max-snippet:-1","max-image-preview":"max-image-preview:large","max-video-preview":"max-video-preview:-1"},"canonical":"https:\/\/blogdofarnesio.com.br\/?p=257446","og_locale":"pt_BR","og_type":"article","og_title":"Sess\u00e3o Virtual da C\u00e2mara de Juazeiro vai discutir antecipa\u00e7\u00e3o do 13\u00ba, tarifa de esgoto e festival de arte - Blog do Farn\u00e9sio","og_description":"Dando continuidade \u00e0s sess\u00f5es virtuais a C\u00e2mara de Vereadores de Juazeiro realizar\u00e1 na tarde desta segunda-feira (18\/05) sess\u00e3o ordin\u00e1ria para discutir e votar tr\u00eas Projetos de Lei enviados pelo Executivo municipal. O primeiro projeto \u00e9 autoriza\u00e7\u00e3o para o Executivo Municipal, antecipar o pagamento de 50% do 13\u00ba sal\u00e1rio do servidor, na data do seu anivers\u00e1rio, em decorr\u00eancia dos impactos econ\u00f4micos ocasionados pela atual Pandemia do Covid-19. Atrelado as necessidades decorrentes nesse cen\u00e1rio em que vivemos, a outra proposta \u00e9 sobre a determina\u00e7\u00e3o de que a tarifa de esgoto permanecer\u00e1 no mesmo percentual cobrado na conta referente ao per\u00edodo de consumo do m\u00eas imediatamente anterior \u00e0 decreta\u00e7\u00e3o da situa\u00e7\u00e3o de emerg\u00eancia no Munic\u00edpio de Juazeiro, durante a vig\u00eancia do estado de&hellip;","og_url":"https:\/\/blogdofarnesio.com.br\/?p=257446","og_site_name":"Blog do Farn\u00e9sio","article_publisher":"https:\/\/www.facebook.com\/BlogQuerSaberPolitica\/","article_published_time":"2020-05-18T17:40:18+00:00","og_image":[{"width":478,"height":361,"url":"https:\/\/blogdofarnesio.com.br\/wp-content\/uploads\/2020\/05\/blogqspjua-camara-virtual-e1589818910684.jpg","type":"image\/jpeg"}],"author":"Farn\u00e9sio","twitter_card":"summary_large_image","twitter_misc":{"Escrito por":"Farn\u00e9sio","Est. tempo de leitura":"2 minutos"},"schema":{"@context":"https:\/\/schema.org","@graph":[{"@type":"Article","@id":"https:\/\/blogdofarnesio.com.br\/?p=257446#article","isPartOf":{"@id":"https:\/\/blogdofarnesio.com.br\/?p=257446"},"author":{"name":"Farn\u00e9sio","@id":"https:\/\/blogdofarnesio.com.br\/#\/schema\/person\/301c4acf522bccbfdb45af95b5b906a1"},"headline":"Sess\u00e3o Virtual da C\u00e2mara de Juazeiro vai discutir antecipa\u00e7\u00e3o do 13\u00ba, tarifa de esgoto e festival de arte","datePublished":"2020-05-18T17:40:18+00:00","mainEntityOfPage":{"@id":"https:\/\/blogdofarnesio.com.br\/?p=257446"},"wordCount":342,"publisher":{"@id":"https:\/\/blogdofarnesio.com.br\/#organization"},"image":{"@id":"https:\/\/blogdofarnesio.com.br\/?p=257446#primaryimage"},"thumbnailUrl":"https:\/\/blogdofarnesio.com.br\/wp-content\/uploads\/2020\/05\/blogqspjua-camara-virtual-e1589818910684.jpg","articleSection":["Pol\u00edtica"],"inLanguage":"pt-BR"},{"@type":"WebPage","@id":"https:\/\/blogdofarnesio.com.br\/?p=257446","url":"https:\/\/blogdofarnesio.com.br\/?p=257446","name":"Sess\u00e3o Virtual da C\u00e2mara de Juazeiro vai discutir antecipa\u00e7\u00e3o do 13\u00ba, tarifa de esgoto e festival de arte - Blog do Farn\u00e9sio","isPartOf":{"@id":"https:\/\/blogdofarnesio.com.br\/#website"},"primaryImageOfPage":{"@id":"https:\/\/blogdofarnesio.com.br\/?p=257446#primaryimage"},"image":{"@id":"https:\/\/blogdofarnesio.com.br\/?p=257446#primaryimage"},"thumbnailUrl":"https:\/\/blogdofarnesio.com.br\/wp-content\/uploads\/2020\/05\/blogqspjua-camara-virtual-e1589818910684.jpg","datePublished":"2020-05-18T17:40:18+00:00","breadcrumb":{"@id":"https:\/\/blogdofarnesio.com.br\/?p=257446#breadcrumb"},"inLanguage":"pt-BR","potentialAction":[{"@type":"ReadAction","target":["https:\/\/blogdofarnesio.com.br\/?p=257446"]}]},{"@type":"ImageObject","inLanguage":"pt-BR","@id":"https:\/\/blogdofarnesio.com.br\/?p=257446#primaryimage","url":"https:\/\/blogdofarnesio.com.br\/wp-content\/uploads\/2020\/05\/blogqspjua-camara-virtual-e1589818910684.jpg","contentUrl":"https:\/\/blogdofarnesio.com.br\/wp-content\/uploads\/2020\/05\/blogqspjua-camara-virtual-e1589818910684.jpg","width":478,"height":361},{"@type":"BreadcrumbList","@id":"https:\/\/blogdofarnesio.com.br\/?p=257446#breadcrumb","itemListElement":[{"@type":"ListItem","position":1,"name":"In\u00edcio","item":"https:\/\/blogdofarnesio.com.br\/"},{"@type":"ListItem","position":2,"name":"Sess\u00e3o Virtual da C\u00e2mara de Juazeiro vai discutir antecipa\u00e7\u00e3o do 13\u00ba, tarifa de esgoto e festival de arte"}]},{"@type":"WebSite","@id":"https:\/\/blogdofarnesio.com.br\/#website","url":"https:\/\/blogdofarnesio.com.br\/","name":"Blog do Farn\u00e9sio","description":"Quer Saber Pol\u00edtica?","publisher":{"@id":"https:\/\/blogdofarnesio.com.br\/#organization"},"potentialAction":[{"@type":"SearchAction","target":{"@type":"EntryPoint","urlTemplate":"https:\/\/blogdofarnesio.com.br\/?s={search_term_string}"},"query-input":{"@type":"PropertyValueSpecification","valueRequired":true,"valueName":"search_term_string"}}],"inLanguage":"pt-BR"},{"@type":"Organization","@id":"https:\/\/blogdofarnesio.com.br\/#organization","name":"Blog do Farn\u00e9sio","url":"https:\/\/blogdofarnesio.com.br\/","logo":{"@type":"ImageObject","inLanguage":"pt-BR","@id":"https:\/\/blogdofarnesio.com.br\/#\/schema\/logo\/image\/","url":"https:\/\/blogdofarnesio.com.br\/wp-content\/uploads\/2026\/03\/cropped-logo_new-1.png","contentUrl":"https:\/\/blogdofarnesio.com.br\/wp-content\/uploads\/2026\/03\/cropped-logo_new-1.png","width":881,"height":685,"caption":"Blog do Farn\u00e9sio"},"image":{"@id":"https:\/\/blogdofarnesio.com.br\/#\/schema\/logo\/image\/"},"sameAs":["https:\/\/www.facebook.com\/BlogQuerSaberPolitica\/"]},{"@type":"Person","@id":"https:\/\/blogdofarnesio.com.br\/#\/schema\/person\/301c4acf522bccbfdb45af95b5b906a1","name":"Farn\u00e9sio","image":{"@type":"ImageObject","inLanguage":"pt-BR","@id":"https:\/\/secure.gravatar.com\/avatar\/df0c9a14567c056f8ad6876ba5bbd1e3e2c48023eb6807342fc4663adf549f38?s=96&d=mm&r=g","url":"https:\/\/secure.gravatar.com\/avatar\/df0c9a14567c056f8ad6876ba5bbd1e3e2c48023eb6807342fc4663adf549f38?s=96&d=mm&r=g","contentUrl":"https:\/\/secure.gravatar.com\/avatar\/df0c9a14567c056f8ad6876ba5bbd1e3e2c48023eb6807342fc4663adf549f38?s=96&d=mm&r=g","caption":"Farn\u00e9sio"},"sameAs":["https:\/\/quersaberpolitica.com.br"],"url":"https:\/\/blogdofarnesio.com.br\/?author=1"}]}},"_links":{"self":[{"href":"https:\/\/blogdofarnesio.com.br\/index.php?rest_route=\/wp\/v2\/posts\/257446","targetHints":{"allow":["GET"]}}],"collection":[{"href":"https:\/\/blogdofarnesio.com.br\/index.php?rest_route=\/wp\/v2\/posts"}],"about":[{"href":"https:\/\/blogdofarnesio.com.br\/index.php?rest_route=\/wp\/v2\/types\/post"}],"author":[{"embeddable":true,"href":"https:\/\/blogdofarnesio.com.br\/index.php?rest_route=\/wp\/v2\/users\/1"}],"replies":[{"embeddable":true,"href":"https:\/\/blogdofarnesio.com.br\/index.php?rest_route=%2Fwp%2Fv2%2Fcomments&post=257446"}],"version-history":[{"count":0,"href":"https:\/\/blogdofarnesio.com.br\/index.php?rest_route=\/wp\/v2\/posts\/257446\/revisions"}],"wp:featuredmedia":[{"embeddable":true,"href":"https:\/\/blogdofarnesio.com.br\/index.php?rest_route=\/wp\/v2\/media\/256419"}],"wp:attachment":[{"href":"https:\/\/blogdofarnesio.com.br\/index.php?rest_route=%2Fwp%2Fv2%2Fmedia&parent=257446"}],"wp:term":[{"taxonomy":"category","embeddable":true,"href":"https:\/\/blogdofarnesio.com.br\/index.php?rest_route=%2Fwp%2Fv2%2Fcategories&post=257446"},{"taxonomy":"post_tag","embeddable":true,"href":"https:\/\/blogdofarnesio.com.br\/index.php?rest_route=%2Fwp%2Fv2%2Ftags&post=257446"}],"curies":[{"name":"wp","href":"https:\/\/api.w.org\/{rel}","templated":true}]}}