{"id":256829,"date":"2020-05-10T09:30:25","date_gmt":"2020-05-10T12:30:25","guid":{"rendered":"http:\/\/quersaberpolitica.com.br\/2016\/?p=256829"},"modified":"2020-05-10T09:09:55","modified_gmt":"2020-05-10T12:09:55","slug":"governo-de-pernambuco-reforca-combate-ao-novo-coronavirus-com-a-construcao-de-tres-hospitais-de-campanha-no-interior","status":"publish","type":"post","link":"https:\/\/blogdofarnesio.com.br\/?p=256829","title":{"rendered":"Governo de Pernambuco refor\u00e7a combate ao novo coronav\u00edrus com a constru\u00e7\u00e3o de tr\u00eas hospitais de campanha no interior"},"content":{"rendered":"<header class=\"entry-header\">\n<h1 class=\"entry-title\"><span style=\"font-size: 16px;\">blogfolhadosertao.com &#8211;\u00a0<\/span><\/h1>\n<\/header>\n<div class=\"entry-content\">\n<div class=\"_1A8HAnrUwiod5V_K23G0jW _2dudd1Co_AQo__3Mg48CAr\">\n<div class=\"_1rGA5291Yki5ZAtnlCWE_6\">\n<div class=\"_1RXgKvT5uZsOz60ou2Py5p\">\n<div title=\"Governo do Estado inicia constru\u00e7\u00e3o de tr\u00eas hospitais de campanha no interior e amplia\u00e7\u00e3o de unidade na RMR\" role=\"heading\" aria-level=\"2\">\n<div class=\"_1A8HAnrUwiod5V_K23G0jW _2dudd1Co_AQo__3Mg48CAr\">\n<div title=\"Governo do Estado inicia constru\u00e7\u00e3o de tr\u00eas hospitais de campanha no interior e amplia\u00e7\u00e3o de unidade na RMR\" role=\"heading\" aria-level=\"2\">Al\u00e9m da imlanta\u00e7\u00e3o dos hospitais de campanha em Caruaru, Serra Talhada e <strong>Petrolina<\/strong>, o governo tamb\u00e9m ampliar\u00e1 a\u00a0\u00a0maternidade Brites de Albuquerque, em Olinda, transformada em hospital de refer\u00eancia para\u00a0 o covid-19. Trata-se de um investimento de R$5 milh\u00f5es.<\/div>\n<\/div>\n<div class=\"aKEZUGyWi5haT6riFXgvp customScrollBar\" tabindex=\"-1\">\n<div class=\"wide-content-host\">\n<div class=\"_2Tgrtrj5ACwo2I6mKHcBME\">\n<div class=\"_2zOpJb7ZbCN0X1DoeFyiYw JWNdg1hee9_Rz6bIGvG1c allowTextSelection\">\n<div class=\"rps_24ed\">\n<p class=\"x_MsoNormal\">Com um investimento de aproximadamente R$ 5 milh\u00f5es, o Governo de Pernambuco deu in\u00edcio \u00e0 instala\u00e7\u00e3o de mais tr\u00eas hospitais de campanha. As unidades ser\u00e3o implantadas nas cidades de Caruaru (Agreste), Serra Talhada (Sert\u00e3o do Paje\u00fa) e Petrolina (Sert\u00e3o do S\u00e3o Francisco). Al\u00e9m disso, a maternidade Brites de Albuquerque, em Olinda, transformada em hospital de refer\u00eancia para Covid-19, passar\u00e1 por uma amplia\u00e7\u00e3o da sua estrutura. Assim, ser\u00e3o ofertadas pelo Estado, no total, 342 novas vagas para pacientes do novo coronav\u00edrus.<\/p>\n<p class=\"x_MsoNormal\">\u201cNosso gabinete de crise voltou a se reunir para analisar as a\u00e7\u00f5es j\u00e1 realizadas e discutir o nosso planejamento para os pr\u00f3ximos dias e semanas. Come\u00e7amos a constru\u00e7\u00e3o de tr\u00eas hospitais de campanha no interior, que v\u00e3o nos ajudar muito no enfrentamento \u00e0 Covid-19. Cada um deles contar\u00e1 com cerca de 100 leitos, refor\u00e7ando a rede estadual j\u00e1 existente em cada regi\u00e3o\u201d, afirmou Paulo C\u00e2mara.<\/p>\n<p class=\"x_MsoNormal\">Nas unidades de Olinda e Caruaru os trabalhos j\u00e1 come\u00e7aram. O Brites de Albuquerque ganhar\u00e1 mais 41 leitos, sendo 40 para interna\u00e7\u00e3o cl\u00ednica e um para estabiliza\u00e7\u00e3o de pacientes. No Hospital Mestre Vitalino, sediado em Caruaru, o Governo do Estado vai ofertar 76 leitos de interna\u00e7\u00e3o cl\u00ednica, 26 leitos de tratamento semi-intensivo e dois leitos de estabiliza\u00e7\u00e3o, totalizando 104 novas vagas para v\u00edtimas da pandemia.<\/p>\n<p class=\"x_MsoNormal\">Em Serra Talhada, o hospital de campanha come\u00e7ar\u00e1 a ser implantado a partir da pr\u00f3xima segunda-feira (11). A unidade contar\u00e1 com 95 vagas, sendo 72 para interna\u00e7\u00e3o cl\u00ednica e 22 para tratamento semi-intensivo, al\u00e9m de um leito de estabiliza\u00e7\u00e3o de pacientes. J\u00e1 a unidade de Petrolina vai ofertar 74 vagas cl\u00ednicas e 26 para pessoas que necessitam de tratamento semi-intensivo. Tamb\u00e9m haver\u00e1 duas vagas para estabiliza\u00e7\u00e3o, totalizando, efetivamente, 102 vagas espec\u00edficas para tratamento da Covid-19.<\/p>\n<p class=\"x_MsoNormal\">\u201cOs pr\u00f3ximos dias ser\u00e3o duros. A Covid-19 tem avan\u00e7ado e precisaremos estar ainda mais firmes para salvar vidas e garantir a sa\u00fade dos pernambucanos e pernambucanas\u201d, refor\u00e7ou o governador, citando uma pesquisa divulgada esta semana pela Unesp que aponta o isolamento social \u2013 promovido at\u00e9 agora com a\u00e7\u00f5es restritivas em Pernambuco, com o apoio de grande parte da popula\u00e7\u00e3o \u2013 como respons\u00e1vel por salvar mais de tr\u00eas mil vidas no Estado.\u00a0\u201cPor isso, pe\u00e7o mais uma vez que fiquem em casa. O isolamento social \u00e9, seguramente, o melhor instrumento para salvarmos mais vidas\u201d, concluiu Paulo C\u00e2mara.<\/p>\n<\/div>\n<\/div>\n<\/div>\n<\/div>\n<\/div>\n<\/div>\n<\/div>\n<\/div>\n<\/div>\n<\/div>\n","protected":false},"excerpt":{"rendered":"<p>blogfolhadosertao.com &#8211;\u00a0 Al\u00e9m da imlanta\u00e7\u00e3o dos hospitais de campanha em Caruaru, Serra Talhada e Petrolina, o governo tamb\u00e9m ampliar\u00e1 a\u00a0\u00a0maternidade Brites de Albuquerque, em Olinda, transformada em hospital de refer\u00eancia para\u00a0 o covid-19. Trata-se de um investimento de R$5 milh\u00f5es. Com um investimento de aproximadamente R$ 5 milh\u00f5es, o Governo de Pernambuco deu in\u00edcio \u00e0 instala\u00e7\u00e3o de mais tr\u00eas hospitais de campanha. As unidades ser\u00e3o implantadas nas cidades de Caruaru (Agreste), Serra Talhada (Sert\u00e3o do Paje\u00fa) e Petrolina (Sert\u00e3o do S\u00e3o Francisco). Al\u00e9m disso, a maternidade Brites de Albuquerque, em Olinda, transformada em hospital de refer\u00eancia para Covid-19, passar\u00e1 por uma amplia\u00e7\u00e3o da sua estrutura. Assim, ser\u00e3o ofertadas pelo Estado, no total, 342 novas vagas para pacientes do novo coronav\u00edrus.&hellip; <\/p>\n","protected":false},"author":1,"featured_media":252771,"comment_status":"closed","ping_status":"closed","sticky":false,"template":"","format":"standard","meta":{"_acf_changed":false,"footnotes":""},"categories":[4],"tags":[],"class_list":["post-256829","post","type-post","status-publish","format-standard","has-post-thumbnail","hentry","category-saude"],"acf":[],"yoast_head":"<!-- This site is optimized with the Yoast SEO plugin v27.4 - https:\/\/yoast.com\/product\/yoast-seo-wordpress\/ -->\n<title>Governo de Pernambuco refor\u00e7a combate ao novo coronav\u00edrus com a constru\u00e7\u00e3o de tr\u00eas hospitais de campanha no interior - Blog do Farn\u00e9sio<\/title>\n<meta name=\"robots\" content=\"index, follow, max-snippet:-1, max-image-preview:large, max-video-preview:-1\" \/>\n<link rel=\"canonical\" href=\"https:\/\/blogdofarnesio.com.br\/?p=256829\" \/>\n<meta property=\"og:locale\" content=\"pt_BR\" \/>\n<meta property=\"og:type\" content=\"article\" \/>\n<meta property=\"og:title\" content=\"Governo de Pernambuco refor\u00e7a combate ao novo coronav\u00edrus com a constru\u00e7\u00e3o de tr\u00eas hospitais de campanha no interior - Blog do Farn\u00e9sio\" \/>\n<meta property=\"og:description\" content=\"blogfolhadosertao.com &#8211;\u00a0 Al\u00e9m da imlanta\u00e7\u00e3o dos hospitais de campanha em Caruaru, Serra Talhada e Petrolina, o governo tamb\u00e9m ampliar\u00e1 a\u00a0\u00a0maternidade Brites de Albuquerque, em Olinda, transformada em hospital de refer\u00eancia para\u00a0 o covid-19. Trata-se de um investimento de R$5 milh\u00f5es. Com um investimento de aproximadamente R$ 5 milh\u00f5es, o Governo de Pernambuco deu in\u00edcio \u00e0 instala\u00e7\u00e3o de mais tr\u00eas hospitais de campanha. As unidades ser\u00e3o implantadas nas cidades de Caruaru (Agreste), Serra Talhada (Sert\u00e3o do Paje\u00fa) e Petrolina (Sert\u00e3o do S\u00e3o Francisco). Al\u00e9m disso, a maternidade Brites de Albuquerque, em Olinda, transformada em hospital de refer\u00eancia para Covid-19, passar\u00e1 por uma amplia\u00e7\u00e3o da sua estrutura. Assim, ser\u00e3o ofertadas pelo Estado, no total, 342 novas vagas para pacientes do novo coronav\u00edrus.&hellip;\" \/>\n<meta property=\"og:url\" content=\"https:\/\/blogdofarnesio.com.br\/?p=256829\" \/>\n<meta property=\"og:site_name\" content=\"Blog do Farn\u00e9sio\" \/>\n<meta property=\"article:publisher\" content=\"https:\/\/www.facebook.com\/BlogQuerSaberPolitica\/\" \/>\n<meta property=\"article:published_time\" content=\"2020-05-10T12:30:25+00:00\" \/>\n<meta property=\"og:image\" content=\"https:\/\/blogdofarnesio.com.br\/wp-content\/uploads\/2020\/03\/blogqsphospital-cti.jpg\" \/>\n\t<meta property=\"og:image:width\" content=\"700\" \/>\n\t<meta property=\"og:image:height\" content=\"450\" \/>\n\t<meta property=\"og:image:type\" content=\"image\/jpeg\" \/>\n<meta name=\"author\" content=\"Farn\u00e9sio\" \/>\n<meta name=\"twitter:card\" content=\"summary_large_image\" \/>\n<meta name=\"twitter:label1\" content=\"Escrito por\" \/>\n\t<meta name=\"twitter:data1\" content=\"Farn\u00e9sio\" \/>\n\t<meta name=\"twitter:label2\" content=\"Est. tempo de leitura\" \/>\n\t<meta name=\"twitter:data2\" content=\"2 minutos\" \/>\n<script type=\"application\/ld+json\" class=\"yoast-schema-graph\">{\"@context\":\"https:\\\/\\\/schema.org\",\"@graph\":[{\"@type\":\"Article\",\"@id\":\"https:\\\/\\\/blogdofarnesio.com.br\\\/?p=256829#article\",\"isPartOf\":{\"@id\":\"https:\\\/\\\/blogdofarnesio.com.br\\\/?p=256829\"},\"author\":{\"name\":\"Farn\u00e9sio\",\"@id\":\"https:\\\/\\\/blogdofarnesio.com.br\\\/#\\\/schema\\\/person\\\/301c4acf522bccbfdb45af95b5b906a1\"},\"headline\":\"Governo de Pernambuco refor\u00e7a combate ao novo coronav\u00edrus com a constru\u00e7\u00e3o de tr\u00eas hospitais de campanha no interior\",\"datePublished\":\"2020-05-10T12:30:25+00:00\",\"mainEntityOfPage\":{\"@id\":\"https:\\\/\\\/blogdofarnesio.com.br\\\/?p=256829\"},\"wordCount\":481,\"publisher\":{\"@id\":\"https:\\\/\\\/blogdofarnesio.com.br\\\/#organization\"},\"image\":{\"@id\":\"https:\\\/\\\/blogdofarnesio.com.br\\\/?p=256829#primaryimage\"},\"thumbnailUrl\":\"https:\\\/\\\/blogdofarnesio.com.br\\\/wp-content\\\/uploads\\\/2020\\\/03\\\/blogqsphospital-cti.jpg\",\"articleSection\":[\"Sa\u00fade\"],\"inLanguage\":\"pt-BR\"},{\"@type\":\"WebPage\",\"@id\":\"https:\\\/\\\/blogdofarnesio.com.br\\\/?p=256829\",\"url\":\"https:\\\/\\\/blogdofarnesio.com.br\\\/?p=256829\",\"name\":\"Governo de Pernambuco refor\u00e7a combate ao novo coronav\u00edrus com a constru\u00e7\u00e3o de tr\u00eas hospitais de campanha no interior - Blog do Farn\u00e9sio\",\"isPartOf\":{\"@id\":\"https:\\\/\\\/blogdofarnesio.com.br\\\/#website\"},\"primaryImageOfPage\":{\"@id\":\"https:\\\/\\\/blogdofarnesio.com.br\\\/?p=256829#primaryimage\"},\"image\":{\"@id\":\"https:\\\/\\\/blogdofarnesio.com.br\\\/?p=256829#primaryimage\"},\"thumbnailUrl\":\"https:\\\/\\\/blogdofarnesio.com.br\\\/wp-content\\\/uploads\\\/2020\\\/03\\\/blogqsphospital-cti.jpg\",\"datePublished\":\"2020-05-10T12:30:25+00:00\",\"breadcrumb\":{\"@id\":\"https:\\\/\\\/blogdofarnesio.com.br\\\/?p=256829#breadcrumb\"},\"inLanguage\":\"pt-BR\",\"potentialAction\":[{\"@type\":\"ReadAction\",\"target\":[\"https:\\\/\\\/blogdofarnesio.com.br\\\/?p=256829\"]}]},{\"@type\":\"ImageObject\",\"inLanguage\":\"pt-BR\",\"@id\":\"https:\\\/\\\/blogdofarnesio.com.br\\\/?p=256829#primaryimage\",\"url\":\"https:\\\/\\\/blogdofarnesio.com.br\\\/wp-content\\\/uploads\\\/2020\\\/03\\\/blogqsphospital-cti.jpg\",\"contentUrl\":\"https:\\\/\\\/blogdofarnesio.com.br\\\/wp-content\\\/uploads\\\/2020\\\/03\\\/blogqsphospital-cti.jpg\",\"width\":700,\"height\":450},{\"@type\":\"BreadcrumbList\",\"@id\":\"https:\\\/\\\/blogdofarnesio.com.br\\\/?p=256829#breadcrumb\",\"itemListElement\":[{\"@type\":\"ListItem\",\"position\":1,\"name\":\"In\u00edcio\",\"item\":\"https:\\\/\\\/blogdofarnesio.com.br\\\/\"},{\"@type\":\"ListItem\",\"position\":2,\"name\":\"Governo de Pernambuco refor\u00e7a combate ao novo coronav\u00edrus com a constru\u00e7\u00e3o de tr\u00eas hospitais de campanha no interior\"}]},{\"@type\":\"WebSite\",\"@id\":\"https:\\\/\\\/blogdofarnesio.com.br\\\/#website\",\"url\":\"https:\\\/\\\/blogdofarnesio.com.br\\\/\",\"name\":\"Blog do Farn\u00e9sio\",\"description\":\"Quer Saber Pol\u00edtica?\",\"publisher\":{\"@id\":\"https:\\\/\\\/blogdofarnesio.com.br\\\/#organization\"},\"potentialAction\":[{\"@type\":\"SearchAction\",\"target\":{\"@type\":\"EntryPoint\",\"urlTemplate\":\"https:\\\/\\\/blogdofarnesio.com.br\\\/?s={search_term_string}\"},\"query-input\":{\"@type\":\"PropertyValueSpecification\",\"valueRequired\":true,\"valueName\":\"search_term_string\"}}],\"inLanguage\":\"pt-BR\"},{\"@type\":\"Organization\",\"@id\":\"https:\\\/\\\/blogdofarnesio.com.br\\\/#organization\",\"name\":\"Blog do Farn\u00e9sio\",\"url\":\"https:\\\/\\\/blogdofarnesio.com.br\\\/\",\"logo\":{\"@type\":\"ImageObject\",\"inLanguage\":\"pt-BR\",\"@id\":\"https:\\\/\\\/blogdofarnesio.com.br\\\/#\\\/schema\\\/logo\\\/image\\\/\",\"url\":\"https:\\\/\\\/blogdofarnesio.com.br\\\/wp-content\\\/uploads\\\/2026\\\/03\\\/cropped-logo_new-1.png\",\"contentUrl\":\"https:\\\/\\\/blogdofarnesio.com.br\\\/wp-content\\\/uploads\\\/2026\\\/03\\\/cropped-logo_new-1.png\",\"width\":881,\"height\":685,\"caption\":\"Blog do Farn\u00e9sio\"},\"image\":{\"@id\":\"https:\\\/\\\/blogdofarnesio.com.br\\\/#\\\/schema\\\/logo\\\/image\\\/\"},\"sameAs\":[\"https:\\\/\\\/www.facebook.com\\\/BlogQuerSaberPolitica\\\/\"]},{\"@type\":\"Person\",\"@id\":\"https:\\\/\\\/blogdofarnesio.com.br\\\/#\\\/schema\\\/person\\\/301c4acf522bccbfdb45af95b5b906a1\",\"name\":\"Farn\u00e9sio\",\"image\":{\"@type\":\"ImageObject\",\"inLanguage\":\"pt-BR\",\"@id\":\"https:\\\/\\\/secure.gravatar.com\\\/avatar\\\/df0c9a14567c056f8ad6876ba5bbd1e3e2c48023eb6807342fc4663adf549f38?s=96&d=mm&r=g\",\"url\":\"https:\\\/\\\/secure.gravatar.com\\\/avatar\\\/df0c9a14567c056f8ad6876ba5bbd1e3e2c48023eb6807342fc4663adf549f38?s=96&d=mm&r=g\",\"contentUrl\":\"https:\\\/\\\/secure.gravatar.com\\\/avatar\\\/df0c9a14567c056f8ad6876ba5bbd1e3e2c48023eb6807342fc4663adf549f38?s=96&d=mm&r=g\",\"caption\":\"Farn\u00e9sio\"},\"sameAs\":[\"https:\\\/\\\/quersaberpolitica.com.br\"],\"url\":\"https:\\\/\\\/blogdofarnesio.com.br\\\/?author=1\"}]}<\/script>\n<!-- \/ Yoast SEO plugin. -->","yoast_head_json":{"title":"Governo de Pernambuco refor\u00e7a combate ao novo coronav\u00edrus com a constru\u00e7\u00e3o de tr\u00eas hospitais de campanha no interior - Blog do Farn\u00e9sio","robots":{"index":"index","follow":"follow","max-snippet":"max-snippet:-1","max-image-preview":"max-image-preview:large","max-video-preview":"max-video-preview:-1"},"canonical":"https:\/\/blogdofarnesio.com.br\/?p=256829","og_locale":"pt_BR","og_type":"article","og_title":"Governo de Pernambuco refor\u00e7a combate ao novo coronav\u00edrus com a constru\u00e7\u00e3o de tr\u00eas hospitais de campanha no interior - Blog do Farn\u00e9sio","og_description":"blogfolhadosertao.com &#8211;\u00a0 Al\u00e9m da imlanta\u00e7\u00e3o dos hospitais de campanha em Caruaru, Serra Talhada e Petrolina, o governo tamb\u00e9m ampliar\u00e1 a\u00a0\u00a0maternidade Brites de Albuquerque, em Olinda, transformada em hospital de refer\u00eancia para\u00a0 o covid-19. Trata-se de um investimento de R$5 milh\u00f5es. Com um investimento de aproximadamente R$ 5 milh\u00f5es, o Governo de Pernambuco deu in\u00edcio \u00e0 instala\u00e7\u00e3o de mais tr\u00eas hospitais de campanha. As unidades ser\u00e3o implantadas nas cidades de Caruaru (Agreste), Serra Talhada (Sert\u00e3o do Paje\u00fa) e Petrolina (Sert\u00e3o do S\u00e3o Francisco). Al\u00e9m disso, a maternidade Brites de Albuquerque, em Olinda, transformada em hospital de refer\u00eancia para Covid-19, passar\u00e1 por uma amplia\u00e7\u00e3o da sua estrutura. Assim, ser\u00e3o ofertadas pelo Estado, no total, 342 novas vagas para pacientes do novo coronav\u00edrus.&hellip;","og_url":"https:\/\/blogdofarnesio.com.br\/?p=256829","og_site_name":"Blog do Farn\u00e9sio","article_publisher":"https:\/\/www.facebook.com\/BlogQuerSaberPolitica\/","article_published_time":"2020-05-10T12:30:25+00:00","og_image":[{"width":700,"height":450,"url":"https:\/\/blogdofarnesio.com.br\/wp-content\/uploads\/2020\/03\/blogqsphospital-cti.jpg","type":"image\/jpeg"}],"author":"Farn\u00e9sio","twitter_card":"summary_large_image","twitter_misc":{"Escrito por":"Farn\u00e9sio","Est. tempo de leitura":"2 minutos"},"schema":{"@context":"https:\/\/schema.org","@graph":[{"@type":"Article","@id":"https:\/\/blogdofarnesio.com.br\/?p=256829#article","isPartOf":{"@id":"https:\/\/blogdofarnesio.com.br\/?p=256829"},"author":{"name":"Farn\u00e9sio","@id":"https:\/\/blogdofarnesio.com.br\/#\/schema\/person\/301c4acf522bccbfdb45af95b5b906a1"},"headline":"Governo de Pernambuco refor\u00e7a combate ao novo coronav\u00edrus com a constru\u00e7\u00e3o de tr\u00eas hospitais de campanha no interior","datePublished":"2020-05-10T12:30:25+00:00","mainEntityOfPage":{"@id":"https:\/\/blogdofarnesio.com.br\/?p=256829"},"wordCount":481,"publisher":{"@id":"https:\/\/blogdofarnesio.com.br\/#organization"},"image":{"@id":"https:\/\/blogdofarnesio.com.br\/?p=256829#primaryimage"},"thumbnailUrl":"https:\/\/blogdofarnesio.com.br\/wp-content\/uploads\/2020\/03\/blogqsphospital-cti.jpg","articleSection":["Sa\u00fade"],"inLanguage":"pt-BR"},{"@type":"WebPage","@id":"https:\/\/blogdofarnesio.com.br\/?p=256829","url":"https:\/\/blogdofarnesio.com.br\/?p=256829","name":"Governo de Pernambuco refor\u00e7a combate ao novo coronav\u00edrus com a constru\u00e7\u00e3o de tr\u00eas hospitais de campanha no interior - Blog do Farn\u00e9sio","isPartOf":{"@id":"https:\/\/blogdofarnesio.com.br\/#website"},"primaryImageOfPage":{"@id":"https:\/\/blogdofarnesio.com.br\/?p=256829#primaryimage"},"image":{"@id":"https:\/\/blogdofarnesio.com.br\/?p=256829#primaryimage"},"thumbnailUrl":"https:\/\/blogdofarnesio.com.br\/wp-content\/uploads\/2020\/03\/blogqsphospital-cti.jpg","datePublished":"2020-05-10T12:30:25+00:00","breadcrumb":{"@id":"https:\/\/blogdofarnesio.com.br\/?p=256829#breadcrumb"},"inLanguage":"pt-BR","potentialAction":[{"@type":"ReadAction","target":["https:\/\/blogdofarnesio.com.br\/?p=256829"]}]},{"@type":"ImageObject","inLanguage":"pt-BR","@id":"https:\/\/blogdofarnesio.com.br\/?p=256829#primaryimage","url":"https:\/\/blogdofarnesio.com.br\/wp-content\/uploads\/2020\/03\/blogqsphospital-cti.jpg","contentUrl":"https:\/\/blogdofarnesio.com.br\/wp-content\/uploads\/2020\/03\/blogqsphospital-cti.jpg","width":700,"height":450},{"@type":"BreadcrumbList","@id":"https:\/\/blogdofarnesio.com.br\/?p=256829#breadcrumb","itemListElement":[{"@type":"ListItem","position":1,"name":"In\u00edcio","item":"https:\/\/blogdofarnesio.com.br\/"},{"@type":"ListItem","position":2,"name":"Governo de Pernambuco refor\u00e7a combate ao novo coronav\u00edrus com a constru\u00e7\u00e3o de tr\u00eas hospitais de campanha no interior"}]},{"@type":"WebSite","@id":"https:\/\/blogdofarnesio.com.br\/#website","url":"https:\/\/blogdofarnesio.com.br\/","name":"Blog do Farn\u00e9sio","description":"Quer Saber Pol\u00edtica?","publisher":{"@id":"https:\/\/blogdofarnesio.com.br\/#organization"},"potentialAction":[{"@type":"SearchAction","target":{"@type":"EntryPoint","urlTemplate":"https:\/\/blogdofarnesio.com.br\/?s={search_term_string}"},"query-input":{"@type":"PropertyValueSpecification","valueRequired":true,"valueName":"search_term_string"}}],"inLanguage":"pt-BR"},{"@type":"Organization","@id":"https:\/\/blogdofarnesio.com.br\/#organization","name":"Blog do Farn\u00e9sio","url":"https:\/\/blogdofarnesio.com.br\/","logo":{"@type":"ImageObject","inLanguage":"pt-BR","@id":"https:\/\/blogdofarnesio.com.br\/#\/schema\/logo\/image\/","url":"https:\/\/blogdofarnesio.com.br\/wp-content\/uploads\/2026\/03\/cropped-logo_new-1.png","contentUrl":"https:\/\/blogdofarnesio.com.br\/wp-content\/uploads\/2026\/03\/cropped-logo_new-1.png","width":881,"height":685,"caption":"Blog do Farn\u00e9sio"},"image":{"@id":"https:\/\/blogdofarnesio.com.br\/#\/schema\/logo\/image\/"},"sameAs":["https:\/\/www.facebook.com\/BlogQuerSaberPolitica\/"]},{"@type":"Person","@id":"https:\/\/blogdofarnesio.com.br\/#\/schema\/person\/301c4acf522bccbfdb45af95b5b906a1","name":"Farn\u00e9sio","image":{"@type":"ImageObject","inLanguage":"pt-BR","@id":"https:\/\/secure.gravatar.com\/avatar\/df0c9a14567c056f8ad6876ba5bbd1e3e2c48023eb6807342fc4663adf549f38?s=96&d=mm&r=g","url":"https:\/\/secure.gravatar.com\/avatar\/df0c9a14567c056f8ad6876ba5bbd1e3e2c48023eb6807342fc4663adf549f38?s=96&d=mm&r=g","contentUrl":"https:\/\/secure.gravatar.com\/avatar\/df0c9a14567c056f8ad6876ba5bbd1e3e2c48023eb6807342fc4663adf549f38?s=96&d=mm&r=g","caption":"Farn\u00e9sio"},"sameAs":["https:\/\/quersaberpolitica.com.br"],"url":"https:\/\/blogdofarnesio.com.br\/?author=1"}]}},"_links":{"self":[{"href":"https:\/\/blogdofarnesio.com.br\/index.php?rest_route=\/wp\/v2\/posts\/256829","targetHints":{"allow":["GET"]}}],"collection":[{"href":"https:\/\/blogdofarnesio.com.br\/index.php?rest_route=\/wp\/v2\/posts"}],"about":[{"href":"https:\/\/blogdofarnesio.com.br\/index.php?rest_route=\/wp\/v2\/types\/post"}],"author":[{"embeddable":true,"href":"https:\/\/blogdofarnesio.com.br\/index.php?rest_route=\/wp\/v2\/users\/1"}],"replies":[{"embeddable":true,"href":"https:\/\/blogdofarnesio.com.br\/index.php?rest_route=%2Fwp%2Fv2%2Fcomments&post=256829"}],"version-history":[{"count":0,"href":"https:\/\/blogdofarnesio.com.br\/index.php?rest_route=\/wp\/v2\/posts\/256829\/revisions"}],"wp:featuredmedia":[{"embeddable":true,"href":"https:\/\/blogdofarnesio.com.br\/index.php?rest_route=\/wp\/v2\/media\/252771"}],"wp:attachment":[{"href":"https:\/\/blogdofarnesio.com.br\/index.php?rest_route=%2Fwp%2Fv2%2Fmedia&parent=256829"}],"wp:term":[{"taxonomy":"category","embeddable":true,"href":"https:\/\/blogdofarnesio.com.br\/index.php?rest_route=%2Fwp%2Fv2%2Fcategories&post=256829"},{"taxonomy":"post_tag","embeddable":true,"href":"https:\/\/blogdofarnesio.com.br\/index.php?rest_route=%2Fwp%2Fv2%2Ftags&post=256829"}],"curies":[{"name":"wp","href":"https:\/\/api.w.org\/{rel}","templated":true}]}}