{"id":256825,"date":"2020-05-10T10:00:30","date_gmt":"2020-05-10T13:00:30","guid":{"rendered":"http:\/\/quersaberpolitica.com.br\/2016\/?p=256825"},"modified":"2020-05-10T10:05:32","modified_gmt":"2020-05-10T13:05:32","slug":"explosao-da-casos-da-covid-19-em-petrolina-testes-rapidos-ontem-confirmaram-mais-19-pessoas-doentes","status":"publish","type":"post","link":"https:\/\/blogdofarnesio.com.br\/?p=256825","title":{"rendered":"Explos\u00e3o de casos da covid-19 em Petrolina; Testes r\u00e1pidos ontem confirmaram mais 19 pessoas doentes"},"content":{"rendered":"<p style=\"font-weight: 400;\">A Prefeitura de Petrolina continua intensificando os testes r\u00e1pidos para detectar novos casos da Covid-19, doen\u00e7a causada pelo novo coronav\u00edrus. S\u00f3 neste s\u00e1bado (9) foram realizados 235 testes, com 19 casos confirmados. S\u00e3o 15 mulheres (com idades entre 20 e 59 anos) e 4 homens (com idades entre 09 e 35 anos). Com isso, o n\u00famero de infectados vai a 86; destes, 68 casos confirmados atrav\u00e9s de testes r\u00e1pidos feitos pela prefeitura e 18 diagnosticados atrav\u00e9s do exame realizado pelo laborat\u00f3rio do Estado. Curas cl\u00ednicas somam 20, com dois \u00f3bitos.<\/p>\n<p style=\"font-weight: 400;\">Tamb\u00e9m neste s\u00e1bado, Petrolina registrou a morte de um homem de 36 anos, que estava internado na Unidade de Pronto Atendimento (UPA) e foi notificado como S\u00edndrome Respirat\u00f3ria Aguda Grave (SRAG). Ele tinha doen\u00e7a hematol\u00f3gica cr\u00f4nica e deu entrada na unidade nesta sexta-feira (8) com desconforto respirat\u00f3rio, v\u00f4mito e baixa satura\u00e7\u00e3o de oxig\u00eanio. O \u00f3bito ocorreu na tarde deste s\u00e1bado. Foi coletado o material biol\u00f3gico do paciente e enviado para o laborat\u00f3rio do governo do estado.\u00a0 A prefeitura aguarda o resultado para confirmar o tipo de s\u00edndrome respirat\u00f3ria.<\/p>\n<p style=\"font-weight: 400;\"><strong>SRAG<\/strong><\/p>\n<p style=\"font-weight: 400;\">O boletim com dados relacionados \u00e0 S\u00edndrome Respirat\u00f3ria Aguda Grave (SRAG) aponta que 30 casos s\u00e3o investigados e 30 foram descartados. Confirmados somam 9 casos, al\u00e9m de 1 \u00f3bito.<\/p>\n<p style=\"font-weight: 400;\"><strong>Internamentos<\/strong><\/p>\n<p style=\"font-weight: 400;\">Do total de pessoas confirmadas com o novo coronav\u00edrus em Petrolina, dois pacientes (de 48 e 50 anos) est\u00e3o internados \u2013 ambos na rede privada. Os demais pacientes confirmados e que ainda encontram-se com a doen\u00e7a est\u00e3o em isolamento domiciliar, com sintomasleves, sendo acompanhados pela equipe de sa\u00fade da rede municipal.<\/p>\n<p style=\"font-weight: 400;\"><strong>Bairros<\/strong><\/p>\n<p style=\"font-weight: 400;\">At\u00e9 o momento, al\u00e9m do Centro s\u00e3o 41 bairros e comunidades com casos confirmados da Covid-19 \u2013 14 novos. O centro e a Vila Eduardo continuam concentrando o maior n\u00famero de pessoas com o coronav\u00edrus: 12 infectados, sendo 6 em cada localidade.<\/p>\n<p style=\"font-weight: 400;\">Confira a lista atualizada de bairros e comunidades de Petrolina com casos confirmados da Covid-19:<\/p>\n<p style=\"font-weight: 400;\">BAIRRO | QUANTIDADE DE CASOS<\/p>\n<p style=\"font-weight: 400;\">Ant\u00f4nio Cassimiro: 01<\/p>\n<p style=\"font-weight: 400;\">Areia Branca: 04<\/p>\n<p style=\"font-weight: 400;\">Centro: 06<\/p>\n<p style=\"font-weight: 400;\">Cidade Universit\u00e1ria: 02<\/p>\n<p style=\"font-weight: 400;\">Cohab Massangano: 03<\/p>\n<p style=\"font-weight: 400;\">Cohab S\u00e3o Francisco: 01<\/p>\n<p style=\"font-weight: 400;\">Cohab VI: 02<\/p>\n<p style=\"font-weight: 400;\">Colina Imperial: 01<\/p>\n<p style=\"font-weight: 400;\">Dom Avelar: 01<\/p>\n<p style=\"font-weight: 400;\">Estrada da Tapera: 02<\/p>\n<p style=\"font-weight: 400;\">Gercino Coelho 01<\/p>\n<p style=\"font-weight: 400;\">Henrique Leite: 01<\/p>\n<p style=\"font-weight: 400;\">IPSEP 2: 01<\/p>\n<p style=\"font-weight: 400;\">Jardim Amazonas: 01<\/p>\n<p style=\"font-weight: 400;\">Jardim Guararapes: 03<\/p>\n<p style=\"font-weight: 400;\">Jardim Petr\u00f3polis: 01<\/p>\n<p style=\"font-weight: 400;\">Jardim S\u00e3o Paulo: 02<\/p>\n<p style=\"font-weight: 400;\">Jatob\u00e1: 02<\/p>\n<p style=\"font-weight: 400;\">Jo\u00e3o De Deus: 03<\/p>\n<p style=\"font-weight: 400;\">Jose e Maria: 01<\/p>\n<p style=\"font-weight: 400;\">Km 2: 02<\/p>\n<p style=\"font-weight: 400;\">Loteamento Recife: 05<\/p>\n<p style=\"font-weight: 400;\">Mandacaru: 02<\/p>\n<p style=\"font-weight: 400;\">Maria Auxiliadora: 01<\/p>\n<p style=\"font-weight: 400;\">Monsenhor Bernardino: 01<\/p>\n<p style=\"font-weight: 400;\">N-10: 02<\/p>\n<p style=\"font-weight: 400;\">N-11: 01<\/p>\n<p style=\"font-weight: 400;\">N-5: 01<\/p>\n<p style=\"font-weight: 400;\">Nova Petrolina: 02<\/p>\n<p style=\"font-weight: 400;\">Ouro Preto: 01<\/p>\n<p style=\"font-weight: 400;\">Pedra do Bode: 02<\/p>\n<p style=\"font-weight: 400;\">Pedrinhas: 01<\/p>\n<p style=\"font-weight: 400;\">Quati II: 01<\/p>\n<p style=\"font-weight: 400;\">Residencial Padre Cicero: 01<\/p>\n<p style=\"font-weight: 400;\">Rio Corrente: 01<\/p>\n<p style=\"font-weight: 400;\">Rio Jord\u00e3o: 02<\/p>\n<p style=\"font-weight: 400;\">S\u00e3o Gon\u00e7alo: 02<\/p>\n<p style=\"font-weight: 400;\">S\u00e3o Jorge: 02<\/p>\n<p style=\"font-weight: 400;\">S\u00e3o Jos\u00e9: 01<\/p>\n<p style=\"font-weight: 400;\">Vila Eduardo: 06<\/p>\n<p style=\"font-weight: 400;\">Vila Marcela 05<\/p>\n<p style=\"font-weight: 400;\">Vila Moc\u00f3: 04<\/p>\n<p style=\"font-weight: 400;\">Vivendas: 01<\/p>\n<p style=\"font-weight: 400;\">Total de casos:\u00a0<strong>86<\/strong><\/p>\n<p style=\"font-weight: 400;\">&#8212;&#8212;&#8212;&#8212;&#8212;&#8212;&#8212;&#8212;&#8212;&#8212;&#8212;&#8212;&#8212;&#8212;&#8212;<\/p>\n<p style=\"font-weight: 400;\">Fotos: Jonas Santos\/PMP<\/p>\n<p>Texto\u00a0: Duda Oliveira \u2013 Assessor de Comunica\u00e7\u00e3o<\/p>\n","protected":false},"excerpt":{"rendered":"<p>A Prefeitura de Petrolina continua intensificando os testes r\u00e1pidos para detectar novos casos da Covid-19, doen\u00e7a causada pelo novo coronav\u00edrus. S\u00f3 neste s\u00e1bado (9) foram realizados 235 testes, com 19 casos confirmados. S\u00e3o 15 mulheres (com idades entre 20 e 59 anos) e 4 homens (com idades entre 09 e 35 anos). Com isso, o n\u00famero de infectados vai a 86; destes, 68 casos confirmados atrav\u00e9s de testes r\u00e1pidos feitos pela prefeitura e 18 diagnosticados atrav\u00e9s do exame realizado pelo laborat\u00f3rio do Estado. Curas cl\u00ednicas somam 20, com dois \u00f3bitos. Tamb\u00e9m neste s\u00e1bado, Petrolina registrou a morte de um homem de 36 anos, que estava internado na Unidade de Pronto Atendimento (UPA) e foi notificado como S\u00edndrome Respirat\u00f3ria Aguda Grave&hellip; <\/p>\n","protected":false},"author":1,"featured_media":256820,"comment_status":"closed","ping_status":"closed","sticky":false,"template":"","format":"standard","meta":{"_acf_changed":false,"footnotes":""},"categories":[4],"tags":[],"class_list":["post-256825","post","type-post","status-publish","format-standard","has-post-thumbnail","hentry","category-saude"],"acf":[],"yoast_head":"<!-- This site is optimized with the Yoast SEO plugin v27.4 - https:\/\/yoast.com\/product\/yoast-seo-wordpress\/ -->\n<title>Explos\u00e3o de casos da covid-19 em Petrolina; Testes r\u00e1pidos ontem confirmaram mais 19 pessoas doentes - Blog do Farn\u00e9sio<\/title>\n<meta name=\"robots\" content=\"index, follow, max-snippet:-1, max-image-preview:large, max-video-preview:-1\" \/>\n<link rel=\"canonical\" href=\"https:\/\/blogdofarnesio.com.br\/?p=256825\" \/>\n<meta property=\"og:locale\" content=\"pt_BR\" \/>\n<meta property=\"og:type\" content=\"article\" \/>\n<meta property=\"og:title\" content=\"Explos\u00e3o de casos da covid-19 em Petrolina; Testes r\u00e1pidos ontem confirmaram mais 19 pessoas doentes - Blog do Farn\u00e9sio\" \/>\n<meta property=\"og:description\" content=\"A Prefeitura de Petrolina continua intensificando os testes r\u00e1pidos para detectar novos casos da Covid-19, doen\u00e7a causada pelo novo coronav\u00edrus. S\u00f3 neste s\u00e1bado (9) foram realizados 235 testes, com 19 casos confirmados. S\u00e3o 15 mulheres (com idades entre 20 e 59 anos) e 4 homens (com idades entre 09 e 35 anos). Com isso, o n\u00famero de infectados vai a 86; destes, 68 casos confirmados atrav\u00e9s de testes r\u00e1pidos feitos pela prefeitura e 18 diagnosticados atrav\u00e9s do exame realizado pelo laborat\u00f3rio do Estado. Curas cl\u00ednicas somam 20, com dois \u00f3bitos. Tamb\u00e9m neste s\u00e1bado, Petrolina registrou a morte de um homem de 36 anos, que estava internado na Unidade de Pronto Atendimento (UPA) e foi notificado como S\u00edndrome Respirat\u00f3ria Aguda Grave&hellip;\" \/>\n<meta property=\"og:url\" content=\"https:\/\/blogdofarnesio.com.br\/?p=256825\" \/>\n<meta property=\"og:site_name\" content=\"Blog do Farn\u00e9sio\" \/>\n<meta property=\"article:publisher\" content=\"https:\/\/www.facebook.com\/BlogQuerSaberPolitica\/\" \/>\n<meta property=\"article:published_time\" content=\"2020-05-10T13:00:30+00:00\" \/>\n<meta property=\"article:modified_time\" content=\"2020-05-10T13:05:32+00:00\" \/>\n<meta property=\"og:image\" content=\"https:\/\/blogdofarnesio.com.br\/wp-content\/uploads\/2020\/05\/blogqsppet-coranvirus-TESTES-R\u00c1PIDOS-PETROLINA-1-e1589064849350.jpg\" \/>\n\t<meta property=\"og:image:width\" content=\"680\" \/>\n\t<meta property=\"og:image:height\" content=\"453\" \/>\n\t<meta property=\"og:image:type\" content=\"image\/jpeg\" \/>\n<meta name=\"author\" content=\"Farn\u00e9sio\" \/>\n<meta name=\"twitter:card\" content=\"summary_large_image\" \/>\n<meta name=\"twitter:label1\" content=\"Escrito por\" \/>\n\t<meta name=\"twitter:data1\" content=\"Farn\u00e9sio\" \/>\n\t<meta name=\"twitter:label2\" content=\"Est. tempo de leitura\" \/>\n\t<meta name=\"twitter:data2\" content=\"2 minutos\" \/>\n<script type=\"application\/ld+json\" class=\"yoast-schema-graph\">{\"@context\":\"https:\\\/\\\/schema.org\",\"@graph\":[{\"@type\":\"Article\",\"@id\":\"https:\\\/\\\/blogdofarnesio.com.br\\\/?p=256825#article\",\"isPartOf\":{\"@id\":\"https:\\\/\\\/blogdofarnesio.com.br\\\/?p=256825\"},\"author\":{\"name\":\"Farn\u00e9sio\",\"@id\":\"https:\\\/\\\/blogdofarnesio.com.br\\\/#\\\/schema\\\/person\\\/301c4acf522bccbfdb45af95b5b906a1\"},\"headline\":\"Explos\u00e3o de casos da covid-19 em Petrolina; Testes r\u00e1pidos ontem confirmaram mais 19 pessoas doentes\",\"datePublished\":\"2020-05-10T13:00:30+00:00\",\"dateModified\":\"2020-05-10T13:05:32+00:00\",\"mainEntityOfPage\":{\"@id\":\"https:\\\/\\\/blogdofarnesio.com.br\\\/?p=256825\"},\"wordCount\":459,\"publisher\":{\"@id\":\"https:\\\/\\\/blogdofarnesio.com.br\\\/#organization\"},\"image\":{\"@id\":\"https:\\\/\\\/blogdofarnesio.com.br\\\/?p=256825#primaryimage\"},\"thumbnailUrl\":\"https:\\\/\\\/blogdofarnesio.com.br\\\/wp-content\\\/uploads\\\/2020\\\/05\\\/blogqsppet-coranvirus-TESTES-R\u00c1PIDOS-PETROLINA-1-e1589064849350.jpg\",\"articleSection\":[\"Sa\u00fade\"],\"inLanguage\":\"pt-BR\"},{\"@type\":\"WebPage\",\"@id\":\"https:\\\/\\\/blogdofarnesio.com.br\\\/?p=256825\",\"url\":\"https:\\\/\\\/blogdofarnesio.com.br\\\/?p=256825\",\"name\":\"Explos\u00e3o de casos da covid-19 em Petrolina; Testes r\u00e1pidos ontem confirmaram mais 19 pessoas doentes - Blog do Farn\u00e9sio\",\"isPartOf\":{\"@id\":\"https:\\\/\\\/blogdofarnesio.com.br\\\/#website\"},\"primaryImageOfPage\":{\"@id\":\"https:\\\/\\\/blogdofarnesio.com.br\\\/?p=256825#primaryimage\"},\"image\":{\"@id\":\"https:\\\/\\\/blogdofarnesio.com.br\\\/?p=256825#primaryimage\"},\"thumbnailUrl\":\"https:\\\/\\\/blogdofarnesio.com.br\\\/wp-content\\\/uploads\\\/2020\\\/05\\\/blogqsppet-coranvirus-TESTES-R\u00c1PIDOS-PETROLINA-1-e1589064849350.jpg\",\"datePublished\":\"2020-05-10T13:00:30+00:00\",\"dateModified\":\"2020-05-10T13:05:32+00:00\",\"breadcrumb\":{\"@id\":\"https:\\\/\\\/blogdofarnesio.com.br\\\/?p=256825#breadcrumb\"},\"inLanguage\":\"pt-BR\",\"potentialAction\":[{\"@type\":\"ReadAction\",\"target\":[\"https:\\\/\\\/blogdofarnesio.com.br\\\/?p=256825\"]}]},{\"@type\":\"ImageObject\",\"inLanguage\":\"pt-BR\",\"@id\":\"https:\\\/\\\/blogdofarnesio.com.br\\\/?p=256825#primaryimage\",\"url\":\"https:\\\/\\\/blogdofarnesio.com.br\\\/wp-content\\\/uploads\\\/2020\\\/05\\\/blogqsppet-coranvirus-TESTES-R\u00c1PIDOS-PETROLINA-1-e1589064849350.jpg\",\"contentUrl\":\"https:\\\/\\\/blogdofarnesio.com.br\\\/wp-content\\\/uploads\\\/2020\\\/05\\\/blogqsppet-coranvirus-TESTES-R\u00c1PIDOS-PETROLINA-1-e1589064849350.jpg\",\"width\":680,\"height\":453},{\"@type\":\"BreadcrumbList\",\"@id\":\"https:\\\/\\\/blogdofarnesio.com.br\\\/?p=256825#breadcrumb\",\"itemListElement\":[{\"@type\":\"ListItem\",\"position\":1,\"name\":\"In\u00edcio\",\"item\":\"https:\\\/\\\/blogdofarnesio.com.br\\\/\"},{\"@type\":\"ListItem\",\"position\":2,\"name\":\"Explos\u00e3o de casos da covid-19 em Petrolina; Testes r\u00e1pidos ontem confirmaram mais 19 pessoas doentes\"}]},{\"@type\":\"WebSite\",\"@id\":\"https:\\\/\\\/blogdofarnesio.com.br\\\/#website\",\"url\":\"https:\\\/\\\/blogdofarnesio.com.br\\\/\",\"name\":\"Blog do Farn\u00e9sio\",\"description\":\"Quer Saber Pol\u00edtica?\",\"publisher\":{\"@id\":\"https:\\\/\\\/blogdofarnesio.com.br\\\/#organization\"},\"potentialAction\":[{\"@type\":\"SearchAction\",\"target\":{\"@type\":\"EntryPoint\",\"urlTemplate\":\"https:\\\/\\\/blogdofarnesio.com.br\\\/?s={search_term_string}\"},\"query-input\":{\"@type\":\"PropertyValueSpecification\",\"valueRequired\":true,\"valueName\":\"search_term_string\"}}],\"inLanguage\":\"pt-BR\"},{\"@type\":\"Organization\",\"@id\":\"https:\\\/\\\/blogdofarnesio.com.br\\\/#organization\",\"name\":\"Blog do Farn\u00e9sio\",\"url\":\"https:\\\/\\\/blogdofarnesio.com.br\\\/\",\"logo\":{\"@type\":\"ImageObject\",\"inLanguage\":\"pt-BR\",\"@id\":\"https:\\\/\\\/blogdofarnesio.com.br\\\/#\\\/schema\\\/logo\\\/image\\\/\",\"url\":\"https:\\\/\\\/blogdofarnesio.com.br\\\/wp-content\\\/uploads\\\/2026\\\/03\\\/cropped-logo_new-1.png\",\"contentUrl\":\"https:\\\/\\\/blogdofarnesio.com.br\\\/wp-content\\\/uploads\\\/2026\\\/03\\\/cropped-logo_new-1.png\",\"width\":881,\"height\":685,\"caption\":\"Blog do Farn\u00e9sio\"},\"image\":{\"@id\":\"https:\\\/\\\/blogdofarnesio.com.br\\\/#\\\/schema\\\/logo\\\/image\\\/\"},\"sameAs\":[\"https:\\\/\\\/www.facebook.com\\\/BlogQuerSaberPolitica\\\/\"]},{\"@type\":\"Person\",\"@id\":\"https:\\\/\\\/blogdofarnesio.com.br\\\/#\\\/schema\\\/person\\\/301c4acf522bccbfdb45af95b5b906a1\",\"name\":\"Farn\u00e9sio\",\"image\":{\"@type\":\"ImageObject\",\"inLanguage\":\"pt-BR\",\"@id\":\"https:\\\/\\\/secure.gravatar.com\\\/avatar\\\/df0c9a14567c056f8ad6876ba5bbd1e3e2c48023eb6807342fc4663adf549f38?s=96&d=mm&r=g\",\"url\":\"https:\\\/\\\/secure.gravatar.com\\\/avatar\\\/df0c9a14567c056f8ad6876ba5bbd1e3e2c48023eb6807342fc4663adf549f38?s=96&d=mm&r=g\",\"contentUrl\":\"https:\\\/\\\/secure.gravatar.com\\\/avatar\\\/df0c9a14567c056f8ad6876ba5bbd1e3e2c48023eb6807342fc4663adf549f38?s=96&d=mm&r=g\",\"caption\":\"Farn\u00e9sio\"},\"sameAs\":[\"https:\\\/\\\/quersaberpolitica.com.br\"],\"url\":\"https:\\\/\\\/blogdofarnesio.com.br\\\/?author=1\"}]}<\/script>\n<!-- \/ Yoast SEO plugin. -->","yoast_head_json":{"title":"Explos\u00e3o de casos da covid-19 em Petrolina; Testes r\u00e1pidos ontem confirmaram mais 19 pessoas doentes - Blog do Farn\u00e9sio","robots":{"index":"index","follow":"follow","max-snippet":"max-snippet:-1","max-image-preview":"max-image-preview:large","max-video-preview":"max-video-preview:-1"},"canonical":"https:\/\/blogdofarnesio.com.br\/?p=256825","og_locale":"pt_BR","og_type":"article","og_title":"Explos\u00e3o de casos da covid-19 em Petrolina; Testes r\u00e1pidos ontem confirmaram mais 19 pessoas doentes - Blog do Farn\u00e9sio","og_description":"A Prefeitura de Petrolina continua intensificando os testes r\u00e1pidos para detectar novos casos da Covid-19, doen\u00e7a causada pelo novo coronav\u00edrus. S\u00f3 neste s\u00e1bado (9) foram realizados 235 testes, com 19 casos confirmados. S\u00e3o 15 mulheres (com idades entre 20 e 59 anos) e 4 homens (com idades entre 09 e 35 anos). Com isso, o n\u00famero de infectados vai a 86; destes, 68 casos confirmados atrav\u00e9s de testes r\u00e1pidos feitos pela prefeitura e 18 diagnosticados atrav\u00e9s do exame realizado pelo laborat\u00f3rio do Estado. Curas cl\u00ednicas somam 20, com dois \u00f3bitos. Tamb\u00e9m neste s\u00e1bado, Petrolina registrou a morte de um homem de 36 anos, que estava internado na Unidade de Pronto Atendimento (UPA) e foi notificado como S\u00edndrome Respirat\u00f3ria Aguda Grave&hellip;","og_url":"https:\/\/blogdofarnesio.com.br\/?p=256825","og_site_name":"Blog do Farn\u00e9sio","article_publisher":"https:\/\/www.facebook.com\/BlogQuerSaberPolitica\/","article_published_time":"2020-05-10T13:00:30+00:00","article_modified_time":"2020-05-10T13:05:32+00:00","og_image":[{"width":680,"height":453,"url":"https:\/\/blogdofarnesio.com.br\/wp-content\/uploads\/2020\/05\/blogqsppet-coranvirus-TESTES-R\u00c1PIDOS-PETROLINA-1-e1589064849350.jpg","type":"image\/jpeg"}],"author":"Farn\u00e9sio","twitter_card":"summary_large_image","twitter_misc":{"Escrito por":"Farn\u00e9sio","Est. tempo de leitura":"2 minutos"},"schema":{"@context":"https:\/\/schema.org","@graph":[{"@type":"Article","@id":"https:\/\/blogdofarnesio.com.br\/?p=256825#article","isPartOf":{"@id":"https:\/\/blogdofarnesio.com.br\/?p=256825"},"author":{"name":"Farn\u00e9sio","@id":"https:\/\/blogdofarnesio.com.br\/#\/schema\/person\/301c4acf522bccbfdb45af95b5b906a1"},"headline":"Explos\u00e3o de casos da covid-19 em Petrolina; Testes r\u00e1pidos ontem confirmaram mais 19 pessoas doentes","datePublished":"2020-05-10T13:00:30+00:00","dateModified":"2020-05-10T13:05:32+00:00","mainEntityOfPage":{"@id":"https:\/\/blogdofarnesio.com.br\/?p=256825"},"wordCount":459,"publisher":{"@id":"https:\/\/blogdofarnesio.com.br\/#organization"},"image":{"@id":"https:\/\/blogdofarnesio.com.br\/?p=256825#primaryimage"},"thumbnailUrl":"https:\/\/blogdofarnesio.com.br\/wp-content\/uploads\/2020\/05\/blogqsppet-coranvirus-TESTES-R\u00c1PIDOS-PETROLINA-1-e1589064849350.jpg","articleSection":["Sa\u00fade"],"inLanguage":"pt-BR"},{"@type":"WebPage","@id":"https:\/\/blogdofarnesio.com.br\/?p=256825","url":"https:\/\/blogdofarnesio.com.br\/?p=256825","name":"Explos\u00e3o de casos da covid-19 em Petrolina; Testes r\u00e1pidos ontem confirmaram mais 19 pessoas doentes - Blog do Farn\u00e9sio","isPartOf":{"@id":"https:\/\/blogdofarnesio.com.br\/#website"},"primaryImageOfPage":{"@id":"https:\/\/blogdofarnesio.com.br\/?p=256825#primaryimage"},"image":{"@id":"https:\/\/blogdofarnesio.com.br\/?p=256825#primaryimage"},"thumbnailUrl":"https:\/\/blogdofarnesio.com.br\/wp-content\/uploads\/2020\/05\/blogqsppet-coranvirus-TESTES-R\u00c1PIDOS-PETROLINA-1-e1589064849350.jpg","datePublished":"2020-05-10T13:00:30+00:00","dateModified":"2020-05-10T13:05:32+00:00","breadcrumb":{"@id":"https:\/\/blogdofarnesio.com.br\/?p=256825#breadcrumb"},"inLanguage":"pt-BR","potentialAction":[{"@type":"ReadAction","target":["https:\/\/blogdofarnesio.com.br\/?p=256825"]}]},{"@type":"ImageObject","inLanguage":"pt-BR","@id":"https:\/\/blogdofarnesio.com.br\/?p=256825#primaryimage","url":"https:\/\/blogdofarnesio.com.br\/wp-content\/uploads\/2020\/05\/blogqsppet-coranvirus-TESTES-R\u00c1PIDOS-PETROLINA-1-e1589064849350.jpg","contentUrl":"https:\/\/blogdofarnesio.com.br\/wp-content\/uploads\/2020\/05\/blogqsppet-coranvirus-TESTES-R\u00c1PIDOS-PETROLINA-1-e1589064849350.jpg","width":680,"height":453},{"@type":"BreadcrumbList","@id":"https:\/\/blogdofarnesio.com.br\/?p=256825#breadcrumb","itemListElement":[{"@type":"ListItem","position":1,"name":"In\u00edcio","item":"https:\/\/blogdofarnesio.com.br\/"},{"@type":"ListItem","position":2,"name":"Explos\u00e3o de casos da covid-19 em Petrolina; Testes r\u00e1pidos ontem confirmaram mais 19 pessoas doentes"}]},{"@type":"WebSite","@id":"https:\/\/blogdofarnesio.com.br\/#website","url":"https:\/\/blogdofarnesio.com.br\/","name":"Blog do Farn\u00e9sio","description":"Quer Saber Pol\u00edtica?","publisher":{"@id":"https:\/\/blogdofarnesio.com.br\/#organization"},"potentialAction":[{"@type":"SearchAction","target":{"@type":"EntryPoint","urlTemplate":"https:\/\/blogdofarnesio.com.br\/?s={search_term_string}"},"query-input":{"@type":"PropertyValueSpecification","valueRequired":true,"valueName":"search_term_string"}}],"inLanguage":"pt-BR"},{"@type":"Organization","@id":"https:\/\/blogdofarnesio.com.br\/#organization","name":"Blog do Farn\u00e9sio","url":"https:\/\/blogdofarnesio.com.br\/","logo":{"@type":"ImageObject","inLanguage":"pt-BR","@id":"https:\/\/blogdofarnesio.com.br\/#\/schema\/logo\/image\/","url":"https:\/\/blogdofarnesio.com.br\/wp-content\/uploads\/2026\/03\/cropped-logo_new-1.png","contentUrl":"https:\/\/blogdofarnesio.com.br\/wp-content\/uploads\/2026\/03\/cropped-logo_new-1.png","width":881,"height":685,"caption":"Blog do Farn\u00e9sio"},"image":{"@id":"https:\/\/blogdofarnesio.com.br\/#\/schema\/logo\/image\/"},"sameAs":["https:\/\/www.facebook.com\/BlogQuerSaberPolitica\/"]},{"@type":"Person","@id":"https:\/\/blogdofarnesio.com.br\/#\/schema\/person\/301c4acf522bccbfdb45af95b5b906a1","name":"Farn\u00e9sio","image":{"@type":"ImageObject","inLanguage":"pt-BR","@id":"https:\/\/secure.gravatar.com\/avatar\/df0c9a14567c056f8ad6876ba5bbd1e3e2c48023eb6807342fc4663adf549f38?s=96&d=mm&r=g","url":"https:\/\/secure.gravatar.com\/avatar\/df0c9a14567c056f8ad6876ba5bbd1e3e2c48023eb6807342fc4663adf549f38?s=96&d=mm&r=g","contentUrl":"https:\/\/secure.gravatar.com\/avatar\/df0c9a14567c056f8ad6876ba5bbd1e3e2c48023eb6807342fc4663adf549f38?s=96&d=mm&r=g","caption":"Farn\u00e9sio"},"sameAs":["https:\/\/quersaberpolitica.com.br"],"url":"https:\/\/blogdofarnesio.com.br\/?author=1"}]}},"_links":{"self":[{"href":"https:\/\/blogdofarnesio.com.br\/index.php?rest_route=\/wp\/v2\/posts\/256825","targetHints":{"allow":["GET"]}}],"collection":[{"href":"https:\/\/blogdofarnesio.com.br\/index.php?rest_route=\/wp\/v2\/posts"}],"about":[{"href":"https:\/\/blogdofarnesio.com.br\/index.php?rest_route=\/wp\/v2\/types\/post"}],"author":[{"embeddable":true,"href":"https:\/\/blogdofarnesio.com.br\/index.php?rest_route=\/wp\/v2\/users\/1"}],"replies":[{"embeddable":true,"href":"https:\/\/blogdofarnesio.com.br\/index.php?rest_route=%2Fwp%2Fv2%2Fcomments&post=256825"}],"version-history":[{"count":0,"href":"https:\/\/blogdofarnesio.com.br\/index.php?rest_route=\/wp\/v2\/posts\/256825\/revisions"}],"wp:featuredmedia":[{"embeddable":true,"href":"https:\/\/blogdofarnesio.com.br\/index.php?rest_route=\/wp\/v2\/media\/256820"}],"wp:attachment":[{"href":"https:\/\/blogdofarnesio.com.br\/index.php?rest_route=%2Fwp%2Fv2%2Fmedia&parent=256825"}],"wp:term":[{"taxonomy":"category","embeddable":true,"href":"https:\/\/blogdofarnesio.com.br\/index.php?rest_route=%2Fwp%2Fv2%2Fcategories&post=256825"},{"taxonomy":"post_tag","embeddable":true,"href":"https:\/\/blogdofarnesio.com.br\/index.php?rest_route=%2Fwp%2Fv2%2Ftags&post=256825"}],"curies":[{"name":"wp","href":"https:\/\/api.w.org\/{rel}","templated":true}]}}