{"id":256767,"date":"2020-05-11T07:41:35","date_gmt":"2020-05-11T10:41:35","guid":{"rendered":"http:\/\/quersaberpolitica.com.br\/2016\/?p=256767"},"modified":"2020-05-10T17:38:22","modified_gmt":"2020-05-10T20:38:22","slug":"juazeiro-intensifica-atendimento-remoto-as-familias-cadastradas-no-programa-crianca-feliz-e-nos-servicos-de-convivencia-e-fortalecimento-de-vinculos","status":"publish","type":"post","link":"https:\/\/blogdofarnesio.com.br\/?p=256767","title":{"rendered":"Juazeiro intensifica atendimento remoto \u00e0s fam\u00edlias cadastradas no programa \u2018Crian\u00e7a Feliz\u2019 e nos Servi\u00e7os de Conviv\u00eancia e Fortalecimento de V\u00ednculos"},"content":{"rendered":"<p>A Prefeitura de Juazeiro, atrav\u00e9s da Secretaria de Desenvolvimento Social, Mulher e Diversidade (SEDES), intensificou o atendimento \u00e0s fam\u00edlias cadastradas no programa \u2018Crian\u00e7a Feliz\u2019 e aos idosos dos Servi\u00e7os de Conviv\u00eancia e Fortalecimento de V\u00ednculos. Com o suporte presencial suspenso como medida de prote\u00e7\u00e3o e preven\u00e7\u00e3o ao Covid-19, o acompanhamento est\u00e1 acontecendo por meio de liga\u00e7\u00f5es telef\u00f4nicas e realizado pela equipe dos Centros de Refer\u00eancia de Assist\u00eancia Social (CRAS) do munic\u00edpio.<\/p>\n<p>Atrav\u00e9s do contato telef\u00f4nico, os atendimentos remotos pretendem manter os v\u00ednculos entre os CRAS\u2019s e as fam\u00edlias oferecendo orienta\u00e7\u00f5es e estrat\u00e9gias de conviv\u00eancia com as crian\u00e7as nesse per\u00edodo de isolamento social, acompanhando tamb\u00e9m, as necessidades apresentadas pelos idosos. Al\u00e9m das atividades desempenhadas pelos assistentes e educadores sociais dos CRAS\u2019s de Juazeiro, os cadastrados nestes programas e servi\u00e7os podem procurar os Centros por telefone, para esclarecimento de d\u00favidas.<\/p>\n<p>Diante da suspens\u00e3o dos atendimentos presenciais como preven\u00e7\u00e3o \u00e0 Covid-19, a superintendente de Assist\u00eancia Social da SEDES, Francisca Bandeira, destaca a necessidade de adaptar as formas de acompanhamento sem que essas fam\u00edlias corram riscos de cont\u00e1gio. \u201cNeste momento de pandemia \u00e9 de suma import\u00e2ncia manter os v\u00ednculos familiares fortalecidos. Tanto o \u2018Crian\u00e7a Feliz\u2019 quanto os idosos acompanhados pelos Servi\u00e7os de Conviv\u00eancia continuar\u00e3o recebendo o amparo necess\u00e1rio atrav\u00e9s da Prefeitura de Juazeiro\u201d, afirma.<\/p>\n<p><strong>Lista de contatos para atendimento telef\u00f4nico:<\/strong><\/p>\n<p>CRAS Jo\u00e3o Paulo 3611-2212<\/p>\n<p>CRAS Malhada da Areia 3612-1564<\/p>\n<p>CRAS Quid\u00e9 3611-3058<\/p>\n<p>CRAS Tabuleiro 3614-1625<\/p>\n<p>CRAS Itaberaba 3613-1703<\/p>\n<p>Mayane Santos &#8211; Ascom PMJ<\/p>\n","protected":false},"excerpt":{"rendered":"<p>A Prefeitura de Juazeiro, atrav\u00e9s da Secretaria de Desenvolvimento Social, Mulher e Diversidade (SEDES), intensificou o atendimento \u00e0s fam\u00edlias cadastradas no programa \u2018Crian\u00e7a Feliz\u2019 e aos idosos dos Servi\u00e7os de Conviv\u00eancia e Fortalecimento de V\u00ednculos. Com o suporte presencial suspenso como medida de prote\u00e7\u00e3o e preven\u00e7\u00e3o ao Covid-19, o acompanhamento est\u00e1 acontecendo por meio de liga\u00e7\u00f5es telef\u00f4nicas e realizado pela equipe dos Centros de Refer\u00eancia de Assist\u00eancia Social (CRAS) do munic\u00edpio. Atrav\u00e9s do contato telef\u00f4nico, os atendimentos remotos pretendem manter os v\u00ednculos entre os CRAS\u2019s e as fam\u00edlias oferecendo orienta\u00e7\u00f5es e estrat\u00e9gias de conviv\u00eancia com as crian\u00e7as nesse per\u00edodo de isolamento social, acompanhando tamb\u00e9m, as necessidades apresentadas pelos idosos. Al\u00e9m das atividades desempenhadas pelos assistentes e educadores sociais dos CRAS\u2019s&hellip; <\/p>\n","protected":false},"author":1,"featured_media":256768,"comment_status":"closed","ping_status":"closed","sticky":false,"template":"","format":"standard","meta":{"_acf_changed":false,"footnotes":""},"categories":[22],"tags":[],"class_list":["post-256767","post","type-post","status-publish","format-standard","has-post-thumbnail","hentry","category-acao-social"],"acf":[],"yoast_head":"<!-- This site is optimized with the Yoast SEO plugin v27.4 - https:\/\/yoast.com\/product\/yoast-seo-wordpress\/ -->\n<title>Juazeiro intensifica atendimento remoto \u00e0s fam\u00edlias cadastradas no programa \u2018Crian\u00e7a Feliz\u2019 e nos Servi\u00e7os de Conviv\u00eancia e Fortalecimento de V\u00ednculos - Blog do Farn\u00e9sio<\/title>\n<meta name=\"robots\" content=\"index, follow, max-snippet:-1, max-image-preview:large, max-video-preview:-1\" \/>\n<link rel=\"canonical\" href=\"https:\/\/blogdofarnesio.com.br\/?p=256767\" \/>\n<meta property=\"og:locale\" content=\"pt_BR\" \/>\n<meta property=\"og:type\" content=\"article\" \/>\n<meta property=\"og:title\" content=\"Juazeiro intensifica atendimento remoto \u00e0s fam\u00edlias cadastradas no programa \u2018Crian\u00e7a Feliz\u2019 e nos Servi\u00e7os de Conviv\u00eancia e Fortalecimento de V\u00ednculos - Blog do Farn\u00e9sio\" \/>\n<meta property=\"og:description\" content=\"A Prefeitura de Juazeiro, atrav\u00e9s da Secretaria de Desenvolvimento Social, Mulher e Diversidade (SEDES), intensificou o atendimento \u00e0s fam\u00edlias cadastradas no programa \u2018Crian\u00e7a Feliz\u2019 e aos idosos dos Servi\u00e7os de Conviv\u00eancia e Fortalecimento de V\u00ednculos. Com o suporte presencial suspenso como medida de prote\u00e7\u00e3o e preven\u00e7\u00e3o ao Covid-19, o acompanhamento est\u00e1 acontecendo por meio de liga\u00e7\u00f5es telef\u00f4nicas e realizado pela equipe dos Centros de Refer\u00eancia de Assist\u00eancia Social (CRAS) do munic\u00edpio. Atrav\u00e9s do contato telef\u00f4nico, os atendimentos remotos pretendem manter os v\u00ednculos entre os CRAS\u2019s e as fam\u00edlias oferecendo orienta\u00e7\u00f5es e estrat\u00e9gias de conviv\u00eancia com as crian\u00e7as nesse per\u00edodo de isolamento social, acompanhando tamb\u00e9m, as necessidades apresentadas pelos idosos. Al\u00e9m das atividades desempenhadas pelos assistentes e educadores sociais dos CRAS\u2019s&hellip;\" \/>\n<meta property=\"og:url\" content=\"https:\/\/blogdofarnesio.com.br\/?p=256767\" \/>\n<meta property=\"og:site_name\" content=\"Blog do Farn\u00e9sio\" \/>\n<meta property=\"article:publisher\" content=\"https:\/\/www.facebook.com\/BlogQuerSaberPolitica\/\" \/>\n<meta property=\"article:published_time\" content=\"2020-05-11T10:41:35+00:00\" \/>\n<meta property=\"og:image\" content=\"https:\/\/blogdofarnesio.com.br\/wp-content\/uploads\/2020\/05\/blogqspjua-atendimento-remoto-\u00e0s-fam\u00edlias-do-\u2018Crian\u00e7a-Feliz\u2019-e1588969738625.jpeg\" \/>\n\t<meta property=\"og:image:width\" content=\"522\" \/>\n\t<meta property=\"og:image:height\" content=\"594\" \/>\n\t<meta property=\"og:image:type\" content=\"image\/jpeg\" \/>\n<meta name=\"author\" content=\"Farn\u00e9sio\" \/>\n<meta name=\"twitter:card\" content=\"summary_large_image\" \/>\n<meta name=\"twitter:label1\" content=\"Escrito por\" \/>\n\t<meta name=\"twitter:data1\" content=\"Farn\u00e9sio\" \/>\n\t<meta name=\"twitter:label2\" content=\"Est. tempo de leitura\" \/>\n\t<meta name=\"twitter:data2\" content=\"1 minuto\" \/>\n<script type=\"application\/ld+json\" class=\"yoast-schema-graph\">{\"@context\":\"https:\\\/\\\/schema.org\",\"@graph\":[{\"@type\":\"Article\",\"@id\":\"https:\\\/\\\/blogdofarnesio.com.br\\\/?p=256767#article\",\"isPartOf\":{\"@id\":\"https:\\\/\\\/blogdofarnesio.com.br\\\/?p=256767\"},\"author\":{\"name\":\"Farn\u00e9sio\",\"@id\":\"https:\\\/\\\/blogdofarnesio.com.br\\\/#\\\/schema\\\/person\\\/301c4acf522bccbfdb45af95b5b906a1\"},\"headline\":\"Juazeiro intensifica atendimento remoto \u00e0s fam\u00edlias cadastradas no programa \u2018Crian\u00e7a Feliz\u2019 e nos Servi\u00e7os de Conviv\u00eancia e Fortalecimento de V\u00ednculos\",\"datePublished\":\"2020-05-11T10:41:35+00:00\",\"mainEntityOfPage\":{\"@id\":\"https:\\\/\\\/blogdofarnesio.com.br\\\/?p=256767\"},\"wordCount\":305,\"publisher\":{\"@id\":\"https:\\\/\\\/blogdofarnesio.com.br\\\/#organization\"},\"image\":{\"@id\":\"https:\\\/\\\/blogdofarnesio.com.br\\\/?p=256767#primaryimage\"},\"thumbnailUrl\":\"https:\\\/\\\/blogdofarnesio.com.br\\\/wp-content\\\/uploads\\\/2020\\\/05\\\/blogqspjua-atendimento-remoto-\u00e0s-fam\u00edlias-do-\u2018Crian\u00e7a-Feliz\u2019-e1588969738625.jpeg\",\"articleSection\":[\"A\u00e7\u00e3o Social\"],\"inLanguage\":\"pt-BR\"},{\"@type\":\"WebPage\",\"@id\":\"https:\\\/\\\/blogdofarnesio.com.br\\\/?p=256767\",\"url\":\"https:\\\/\\\/blogdofarnesio.com.br\\\/?p=256767\",\"name\":\"Juazeiro intensifica atendimento remoto \u00e0s fam\u00edlias cadastradas no programa \u2018Crian\u00e7a Feliz\u2019 e nos Servi\u00e7os de Conviv\u00eancia e Fortalecimento de V\u00ednculos - Blog do Farn\u00e9sio\",\"isPartOf\":{\"@id\":\"https:\\\/\\\/blogdofarnesio.com.br\\\/#website\"},\"primaryImageOfPage\":{\"@id\":\"https:\\\/\\\/blogdofarnesio.com.br\\\/?p=256767#primaryimage\"},\"image\":{\"@id\":\"https:\\\/\\\/blogdofarnesio.com.br\\\/?p=256767#primaryimage\"},\"thumbnailUrl\":\"https:\\\/\\\/blogdofarnesio.com.br\\\/wp-content\\\/uploads\\\/2020\\\/05\\\/blogqspjua-atendimento-remoto-\u00e0s-fam\u00edlias-do-\u2018Crian\u00e7a-Feliz\u2019-e1588969738625.jpeg\",\"datePublished\":\"2020-05-11T10:41:35+00:00\",\"breadcrumb\":{\"@id\":\"https:\\\/\\\/blogdofarnesio.com.br\\\/?p=256767#breadcrumb\"},\"inLanguage\":\"pt-BR\",\"potentialAction\":[{\"@type\":\"ReadAction\",\"target\":[\"https:\\\/\\\/blogdofarnesio.com.br\\\/?p=256767\"]}]},{\"@type\":\"ImageObject\",\"inLanguage\":\"pt-BR\",\"@id\":\"https:\\\/\\\/blogdofarnesio.com.br\\\/?p=256767#primaryimage\",\"url\":\"https:\\\/\\\/blogdofarnesio.com.br\\\/wp-content\\\/uploads\\\/2020\\\/05\\\/blogqspjua-atendimento-remoto-\u00e0s-fam\u00edlias-do-\u2018Crian\u00e7a-Feliz\u2019-e1588969738625.jpeg\",\"contentUrl\":\"https:\\\/\\\/blogdofarnesio.com.br\\\/wp-content\\\/uploads\\\/2020\\\/05\\\/blogqspjua-atendimento-remoto-\u00e0s-fam\u00edlias-do-\u2018Crian\u00e7a-Feliz\u2019-e1588969738625.jpeg\",\"width\":522,\"height\":594},{\"@type\":\"BreadcrumbList\",\"@id\":\"https:\\\/\\\/blogdofarnesio.com.br\\\/?p=256767#breadcrumb\",\"itemListElement\":[{\"@type\":\"ListItem\",\"position\":1,\"name\":\"In\u00edcio\",\"item\":\"https:\\\/\\\/blogdofarnesio.com.br\\\/\"},{\"@type\":\"ListItem\",\"position\":2,\"name\":\"Juazeiro intensifica atendimento remoto \u00e0s fam\u00edlias cadastradas no programa \u2018Crian\u00e7a Feliz\u2019 e nos Servi\u00e7os de Conviv\u00eancia e Fortalecimento de V\u00ednculos\"}]},{\"@type\":\"WebSite\",\"@id\":\"https:\\\/\\\/blogdofarnesio.com.br\\\/#website\",\"url\":\"https:\\\/\\\/blogdofarnesio.com.br\\\/\",\"name\":\"Blog do Farn\u00e9sio\",\"description\":\"Quer Saber Pol\u00edtica?\",\"publisher\":{\"@id\":\"https:\\\/\\\/blogdofarnesio.com.br\\\/#organization\"},\"potentialAction\":[{\"@type\":\"SearchAction\",\"target\":{\"@type\":\"EntryPoint\",\"urlTemplate\":\"https:\\\/\\\/blogdofarnesio.com.br\\\/?s={search_term_string}\"},\"query-input\":{\"@type\":\"PropertyValueSpecification\",\"valueRequired\":true,\"valueName\":\"search_term_string\"}}],\"inLanguage\":\"pt-BR\"},{\"@type\":\"Organization\",\"@id\":\"https:\\\/\\\/blogdofarnesio.com.br\\\/#organization\",\"name\":\"Blog do Farn\u00e9sio\",\"url\":\"https:\\\/\\\/blogdofarnesio.com.br\\\/\",\"logo\":{\"@type\":\"ImageObject\",\"inLanguage\":\"pt-BR\",\"@id\":\"https:\\\/\\\/blogdofarnesio.com.br\\\/#\\\/schema\\\/logo\\\/image\\\/\",\"url\":\"https:\\\/\\\/blogdofarnesio.com.br\\\/wp-content\\\/uploads\\\/2026\\\/03\\\/cropped-logo_new-1.png\",\"contentUrl\":\"https:\\\/\\\/blogdofarnesio.com.br\\\/wp-content\\\/uploads\\\/2026\\\/03\\\/cropped-logo_new-1.png\",\"width\":881,\"height\":685,\"caption\":\"Blog do Farn\u00e9sio\"},\"image\":{\"@id\":\"https:\\\/\\\/blogdofarnesio.com.br\\\/#\\\/schema\\\/logo\\\/image\\\/\"},\"sameAs\":[\"https:\\\/\\\/www.facebook.com\\\/BlogQuerSaberPolitica\\\/\"]},{\"@type\":\"Person\",\"@id\":\"https:\\\/\\\/blogdofarnesio.com.br\\\/#\\\/schema\\\/person\\\/301c4acf522bccbfdb45af95b5b906a1\",\"name\":\"Farn\u00e9sio\",\"image\":{\"@type\":\"ImageObject\",\"inLanguage\":\"pt-BR\",\"@id\":\"https:\\\/\\\/secure.gravatar.com\\\/avatar\\\/df0c9a14567c056f8ad6876ba5bbd1e3e2c48023eb6807342fc4663adf549f38?s=96&d=mm&r=g\",\"url\":\"https:\\\/\\\/secure.gravatar.com\\\/avatar\\\/df0c9a14567c056f8ad6876ba5bbd1e3e2c48023eb6807342fc4663adf549f38?s=96&d=mm&r=g\",\"contentUrl\":\"https:\\\/\\\/secure.gravatar.com\\\/avatar\\\/df0c9a14567c056f8ad6876ba5bbd1e3e2c48023eb6807342fc4663adf549f38?s=96&d=mm&r=g\",\"caption\":\"Farn\u00e9sio\"},\"sameAs\":[\"https:\\\/\\\/quersaberpolitica.com.br\"],\"url\":\"https:\\\/\\\/blogdofarnesio.com.br\\\/?author=1\"}]}<\/script>\n<!-- \/ Yoast SEO plugin. -->","yoast_head_json":{"title":"Juazeiro intensifica atendimento remoto \u00e0s fam\u00edlias cadastradas no programa \u2018Crian\u00e7a Feliz\u2019 e nos Servi\u00e7os de Conviv\u00eancia e Fortalecimento de V\u00ednculos - Blog do Farn\u00e9sio","robots":{"index":"index","follow":"follow","max-snippet":"max-snippet:-1","max-image-preview":"max-image-preview:large","max-video-preview":"max-video-preview:-1"},"canonical":"https:\/\/blogdofarnesio.com.br\/?p=256767","og_locale":"pt_BR","og_type":"article","og_title":"Juazeiro intensifica atendimento remoto \u00e0s fam\u00edlias cadastradas no programa \u2018Crian\u00e7a Feliz\u2019 e nos Servi\u00e7os de Conviv\u00eancia e Fortalecimento de V\u00ednculos - Blog do Farn\u00e9sio","og_description":"A Prefeitura de Juazeiro, atrav\u00e9s da Secretaria de Desenvolvimento Social, Mulher e Diversidade (SEDES), intensificou o atendimento \u00e0s fam\u00edlias cadastradas no programa \u2018Crian\u00e7a Feliz\u2019 e aos idosos dos Servi\u00e7os de Conviv\u00eancia e Fortalecimento de V\u00ednculos. Com o suporte presencial suspenso como medida de prote\u00e7\u00e3o e preven\u00e7\u00e3o ao Covid-19, o acompanhamento est\u00e1 acontecendo por meio de liga\u00e7\u00f5es telef\u00f4nicas e realizado pela equipe dos Centros de Refer\u00eancia de Assist\u00eancia Social (CRAS) do munic\u00edpio. Atrav\u00e9s do contato telef\u00f4nico, os atendimentos remotos pretendem manter os v\u00ednculos entre os CRAS\u2019s e as fam\u00edlias oferecendo orienta\u00e7\u00f5es e estrat\u00e9gias de conviv\u00eancia com as crian\u00e7as nesse per\u00edodo de isolamento social, acompanhando tamb\u00e9m, as necessidades apresentadas pelos idosos. Al\u00e9m das atividades desempenhadas pelos assistentes e educadores sociais dos CRAS\u2019s&hellip;","og_url":"https:\/\/blogdofarnesio.com.br\/?p=256767","og_site_name":"Blog do Farn\u00e9sio","article_publisher":"https:\/\/www.facebook.com\/BlogQuerSaberPolitica\/","article_published_time":"2020-05-11T10:41:35+00:00","og_image":[{"width":522,"height":594,"url":"https:\/\/blogdofarnesio.com.br\/wp-content\/uploads\/2020\/05\/blogqspjua-atendimento-remoto-\u00e0s-fam\u00edlias-do-\u2018Crian\u00e7a-Feliz\u2019-e1588969738625.jpeg","type":"image\/jpeg"}],"author":"Farn\u00e9sio","twitter_card":"summary_large_image","twitter_misc":{"Escrito por":"Farn\u00e9sio","Est. tempo de leitura":"1 minuto"},"schema":{"@context":"https:\/\/schema.org","@graph":[{"@type":"Article","@id":"https:\/\/blogdofarnesio.com.br\/?p=256767#article","isPartOf":{"@id":"https:\/\/blogdofarnesio.com.br\/?p=256767"},"author":{"name":"Farn\u00e9sio","@id":"https:\/\/blogdofarnesio.com.br\/#\/schema\/person\/301c4acf522bccbfdb45af95b5b906a1"},"headline":"Juazeiro intensifica atendimento remoto \u00e0s fam\u00edlias cadastradas no programa \u2018Crian\u00e7a Feliz\u2019 e nos Servi\u00e7os de Conviv\u00eancia e Fortalecimento de V\u00ednculos","datePublished":"2020-05-11T10:41:35+00:00","mainEntityOfPage":{"@id":"https:\/\/blogdofarnesio.com.br\/?p=256767"},"wordCount":305,"publisher":{"@id":"https:\/\/blogdofarnesio.com.br\/#organization"},"image":{"@id":"https:\/\/blogdofarnesio.com.br\/?p=256767#primaryimage"},"thumbnailUrl":"https:\/\/blogdofarnesio.com.br\/wp-content\/uploads\/2020\/05\/blogqspjua-atendimento-remoto-\u00e0s-fam\u00edlias-do-\u2018Crian\u00e7a-Feliz\u2019-e1588969738625.jpeg","articleSection":["A\u00e7\u00e3o Social"],"inLanguage":"pt-BR"},{"@type":"WebPage","@id":"https:\/\/blogdofarnesio.com.br\/?p=256767","url":"https:\/\/blogdofarnesio.com.br\/?p=256767","name":"Juazeiro intensifica atendimento remoto \u00e0s fam\u00edlias cadastradas no programa \u2018Crian\u00e7a Feliz\u2019 e nos Servi\u00e7os de Conviv\u00eancia e Fortalecimento de V\u00ednculos - Blog do Farn\u00e9sio","isPartOf":{"@id":"https:\/\/blogdofarnesio.com.br\/#website"},"primaryImageOfPage":{"@id":"https:\/\/blogdofarnesio.com.br\/?p=256767#primaryimage"},"image":{"@id":"https:\/\/blogdofarnesio.com.br\/?p=256767#primaryimage"},"thumbnailUrl":"https:\/\/blogdofarnesio.com.br\/wp-content\/uploads\/2020\/05\/blogqspjua-atendimento-remoto-\u00e0s-fam\u00edlias-do-\u2018Crian\u00e7a-Feliz\u2019-e1588969738625.jpeg","datePublished":"2020-05-11T10:41:35+00:00","breadcrumb":{"@id":"https:\/\/blogdofarnesio.com.br\/?p=256767#breadcrumb"},"inLanguage":"pt-BR","potentialAction":[{"@type":"ReadAction","target":["https:\/\/blogdofarnesio.com.br\/?p=256767"]}]},{"@type":"ImageObject","inLanguage":"pt-BR","@id":"https:\/\/blogdofarnesio.com.br\/?p=256767#primaryimage","url":"https:\/\/blogdofarnesio.com.br\/wp-content\/uploads\/2020\/05\/blogqspjua-atendimento-remoto-\u00e0s-fam\u00edlias-do-\u2018Crian\u00e7a-Feliz\u2019-e1588969738625.jpeg","contentUrl":"https:\/\/blogdofarnesio.com.br\/wp-content\/uploads\/2020\/05\/blogqspjua-atendimento-remoto-\u00e0s-fam\u00edlias-do-\u2018Crian\u00e7a-Feliz\u2019-e1588969738625.jpeg","width":522,"height":594},{"@type":"BreadcrumbList","@id":"https:\/\/blogdofarnesio.com.br\/?p=256767#breadcrumb","itemListElement":[{"@type":"ListItem","position":1,"name":"In\u00edcio","item":"https:\/\/blogdofarnesio.com.br\/"},{"@type":"ListItem","position":2,"name":"Juazeiro intensifica atendimento remoto \u00e0s fam\u00edlias cadastradas no programa \u2018Crian\u00e7a Feliz\u2019 e nos Servi\u00e7os de Conviv\u00eancia e Fortalecimento de V\u00ednculos"}]},{"@type":"WebSite","@id":"https:\/\/blogdofarnesio.com.br\/#website","url":"https:\/\/blogdofarnesio.com.br\/","name":"Blog do Farn\u00e9sio","description":"Quer Saber Pol\u00edtica?","publisher":{"@id":"https:\/\/blogdofarnesio.com.br\/#organization"},"potentialAction":[{"@type":"SearchAction","target":{"@type":"EntryPoint","urlTemplate":"https:\/\/blogdofarnesio.com.br\/?s={search_term_string}"},"query-input":{"@type":"PropertyValueSpecification","valueRequired":true,"valueName":"search_term_string"}}],"inLanguage":"pt-BR"},{"@type":"Organization","@id":"https:\/\/blogdofarnesio.com.br\/#organization","name":"Blog do Farn\u00e9sio","url":"https:\/\/blogdofarnesio.com.br\/","logo":{"@type":"ImageObject","inLanguage":"pt-BR","@id":"https:\/\/blogdofarnesio.com.br\/#\/schema\/logo\/image\/","url":"https:\/\/blogdofarnesio.com.br\/wp-content\/uploads\/2026\/03\/cropped-logo_new-1.png","contentUrl":"https:\/\/blogdofarnesio.com.br\/wp-content\/uploads\/2026\/03\/cropped-logo_new-1.png","width":881,"height":685,"caption":"Blog do Farn\u00e9sio"},"image":{"@id":"https:\/\/blogdofarnesio.com.br\/#\/schema\/logo\/image\/"},"sameAs":["https:\/\/www.facebook.com\/BlogQuerSaberPolitica\/"]},{"@type":"Person","@id":"https:\/\/blogdofarnesio.com.br\/#\/schema\/person\/301c4acf522bccbfdb45af95b5b906a1","name":"Farn\u00e9sio","image":{"@type":"ImageObject","inLanguage":"pt-BR","@id":"https:\/\/secure.gravatar.com\/avatar\/df0c9a14567c056f8ad6876ba5bbd1e3e2c48023eb6807342fc4663adf549f38?s=96&d=mm&r=g","url":"https:\/\/secure.gravatar.com\/avatar\/df0c9a14567c056f8ad6876ba5bbd1e3e2c48023eb6807342fc4663adf549f38?s=96&d=mm&r=g","contentUrl":"https:\/\/secure.gravatar.com\/avatar\/df0c9a14567c056f8ad6876ba5bbd1e3e2c48023eb6807342fc4663adf549f38?s=96&d=mm&r=g","caption":"Farn\u00e9sio"},"sameAs":["https:\/\/quersaberpolitica.com.br"],"url":"https:\/\/blogdofarnesio.com.br\/?author=1"}]}},"_links":{"self":[{"href":"https:\/\/blogdofarnesio.com.br\/index.php?rest_route=\/wp\/v2\/posts\/256767","targetHints":{"allow":["GET"]}}],"collection":[{"href":"https:\/\/blogdofarnesio.com.br\/index.php?rest_route=\/wp\/v2\/posts"}],"about":[{"href":"https:\/\/blogdofarnesio.com.br\/index.php?rest_route=\/wp\/v2\/types\/post"}],"author":[{"embeddable":true,"href":"https:\/\/blogdofarnesio.com.br\/index.php?rest_route=\/wp\/v2\/users\/1"}],"replies":[{"embeddable":true,"href":"https:\/\/blogdofarnesio.com.br\/index.php?rest_route=%2Fwp%2Fv2%2Fcomments&post=256767"}],"version-history":[{"count":0,"href":"https:\/\/blogdofarnesio.com.br\/index.php?rest_route=\/wp\/v2\/posts\/256767\/revisions"}],"wp:featuredmedia":[{"embeddable":true,"href":"https:\/\/blogdofarnesio.com.br\/index.php?rest_route=\/wp\/v2\/media\/256768"}],"wp:attachment":[{"href":"https:\/\/blogdofarnesio.com.br\/index.php?rest_route=%2Fwp%2Fv2%2Fmedia&parent=256767"}],"wp:term":[{"taxonomy":"category","embeddable":true,"href":"https:\/\/blogdofarnesio.com.br\/index.php?rest_route=%2Fwp%2Fv2%2Fcategories&post=256767"},{"taxonomy":"post_tag","embeddable":true,"href":"https:\/\/blogdofarnesio.com.br\/index.php?rest_route=%2Fwp%2Fv2%2Ftags&post=256767"}],"curies":[{"name":"wp","href":"https:\/\/api.w.org\/{rel}","templated":true}]}}