{"id":256305,"date":"2020-05-03T17:02:57","date_gmt":"2020-05-03T20:02:57","guid":{"rendered":"http:\/\/quersaberpolitica.com.br\/2016\/?p=256305"},"modified":"2020-05-03T16:21:55","modified_gmt":"2020-05-03T19:21:55","slug":"eduardo-bolsonaro-diz-que-moro-nao-era-ministro-era-espiao","status":"publish","type":"post","link":"https:\/\/blogdofarnesio.com.br\/2020\/05\/eduardo-bolsonaro-diz-que-moro-nao-era-ministro-era-espiao\/","title":{"rendered":"Eduardo Bolsonaro diz que \u2018Moro n\u00e3o era ministro, era espi\u00e3o\u2019"},"content":{"rendered":"<header>\n<p class=\"author\"><a class=\"author url fn\" title=\"Posts de Nathan Victor\" href=\"https:\/\/www.poder360.com.br\/author\/nathan-victor\/\" rel=\"author\">NATHAN VICTOR &#8211;\u00a0<\/a><\/p>\n<\/header>\n<div class=\"content wp js-mediator-article\" data-ga-ano=\"2020\" data-ga-categoria=\"Brasil\" data-ga-autor=\"Nathan Victor\">\n<p>O deputado\u00a0<a href=\"https:\/\/eleicoes.poder360.com.br\/candidato\/378949#2018\" target=\"_blank\" rel=\"noopener noreferrer\">Eduardo Bolsonaro<\/a>\u00a0(PSL-SP) afirmou neste domingo (3.mai.2020) que o ex-ministro da Justi\u00e7a e Seguran\u00e7a P\u00fablica Sergio Moro era 1\u00a0<em>\u201cespi\u00e3o\u201d<\/em>\u00a0do governo.<\/p>\n<p>Por meio de seu perfil no\u00a0<a href=\"https:\/\/twitter.com\/BolsonaroSP\" target=\"_blank\" rel=\"noopener noreferrer\">Twitter<\/a>, o congressista se referiu ao\u00a0<a href=\"https:\/\/www.poder360.com.br\/justica\/sergio-moro-fala-por-8-horas-e-reafirma-acusacoes-contra-bolsonaro\/\" target=\"_blank\" rel=\"noopener noreferrer\">depoimento do ex-ministro, de mais de 8 horas<\/a>, em que ele prestava contas sobre\u00a0<a href=\"https:\/\/www.poder360.com.br\/governo\/leia-a-integra-e-assista-ao-discurso-de-demissao-de-sergio-moro\/\" target=\"_blank\" rel=\"noopener noreferrer\">acusa\u00e7\u00f5es<\/a> de que o presidente Jair Bolsonaro teria tentando interferir no trabalho da PF (Pol\u00edcia Federal) a partir da indica\u00e7\u00e3o de Alexandre Ramagem para a dire\u00e7\u00e3o geral do \u00f3rg\u00e3o. Ramagem \u00e9 amigo da fam\u00edlia do presidente.<\/p>\n<div class=\"enviar\">\n<div class=\"container\">\n<div class=\"row\">\n<section class=\"col lg12\">\n<div class=\"row\">\n<section class=\"mod-newsletter full clearfix\">\n<div class=\"col lg6 xs12 no-padding-xs\">\n<h1><\/h1>\n<\/div>\n<\/section>\n<\/div>\n<\/section>\n<\/div>\n<\/div>\n<\/div>\n<p><em>\u201cRealmente \u00e9 preciso muito tempo dando depoimentos a delegados amigos para ver se acham algo contra Bolsonaro\u201d<\/em>, destacou o deputado.<\/p>\n<div id=\"attachment_472737\" class=\"wp-caption aligncenter\" style=\"width: 680px;\"><img loading=\"lazy\" decoding=\"async\" class=\"b-lazy b-loaded\" src=\"https:\/\/static.poder360.com.br\/2020\/05\/TT-Eduardo-Moro.png\" width=\"680\" height=\"304\" \/><\/p>\n<p class=\"wp-caption-text\"><span class=\"creditos\" title=\"Cr\u00e9ditos da imagem\">reprodu\u00e7\u00e3o\/Twitter \u2013 @BolsonaroSP \u2013 3.mai.2020<\/span><\/p>\n<\/div>\n<h2>CR\u00cdTICA A DECIS\u00c3O DE MORAES<\/h2>\n<p>Na sequ\u00eancia de publica\u00e7\u00f5es, o filho do presidente Jair Bolsonaro aproveitou para compartilhar 1 artigo do portal\u00a0<em>Consultor Jur\u00eddico<\/em>\u00a0em que o advogado Ives Gandra Martins comenta\u00a0<a href=\"https:\/\/www.poder360.com.br\/justica\/alexandre-de-moraes-suspende-a-posse-de-alexandre-ramagem-na-chefia-da-pf\/\" target=\"_blank\" rel=\"noopener noreferrer\">decis\u00e3o<\/a>\u00a0do ministro Alexandre de Moraes que barrou a nomea\u00e7\u00e3o de Alexandre Ramagem para a dire\u00e7\u00e3o da PF (Pol\u00edcia Federal).<\/p>\n<p><em>\u201cN\u00e3o consigo encontrar nenhum dispositivo que justifique a 1 ministro da Suprema Corte impedir a posse de 1 agente do Poder Executivo, por mera acusa\u00e7\u00e3o de 1 ex-participante do governo, sem que houvesse qualquer condena\u00e7\u00e3o ou processo judicial a justificar\u201d<\/em>, escreve o magistrado em sua an\u00e1lise.<\/p>\n<p>Eduardo endossou a opini\u00e3o do advogado, que \u00e9 pr\u00f3ximo do governo e conhecido pelo posicionamento conservador. Chamou a decis\u00e3o de Moraes de interfer\u00eancia.<\/p>\n<div id=\"attachment_472751\" class=\"wp-caption aligncenter\"><img decoding=\"async\" class=\"b-lazy\" src=\"https:\/\/www.poder360.com.br\/wp-content\/themes\/poder360\/images\/lazy-destaque-post.png\" data-src=\"\/\/static.poder360.com.br\/2020\/05\/Eduardo-Ives.png\" \/><\/p>\n<p class=\"wp-caption-text\"><span class=\"creditos\" title=\"Cr\u00e9ditos da imagem\">reprodu\u00e7\u00e3o\/Twitter \u2013 @BolsonaroSP \u2013 3.mai.2020<\/span><\/p>\n<\/div>\n<\/div>\n<footer>\n<div class=\"mod mod-trust-project\">\n<div class=\"logo-trust row text-center-xs\">\n<div class=\"col lg9 xs12\">\n<h3>O Poder360 integra o<\/h3>\n<p><a title=\"Trust Project\" href=\"https:\/\/thetrustproject.org\/\" target=\"_blank\" rel=\"noopener noreferrer\"><img decoding=\"async\" src=\"https:\/\/www.poder360.com.br\/wp-content\/themes\/poder360\/css\/svg\/src\/sprite_trust-project.svg\" \/><\/a><\/div>\n<div class=\"col lg3 xs12 no-padding-xs\"><a class=\"saiba-mais\" href=\"https:\/\/www.poder360.com.br\/quem-somos\/\" target=\"_blank\" rel=\"noopener noreferrer\">Saiba mais\u203a<\/a><\/div>\n<\/div>\n<\/div>\n<div class=\"mod mod-authors\">\n<div class=\"hr col lg3\"><\/div>\n<h3 class=\"titulo-default\">Autores<\/h3>\n<p class=\"author clearfix\"><a class=\"link-author\" href=\"https:\/\/www.poder360.com.br\/author\/nathan-victor\/\">NATHAN VICTOR<\/a><\/p>\n<\/div>\n<\/footer>\n","protected":false},"excerpt":{"rendered":"<p>NATHAN VICTOR &#8211;\u00a0 O deputado\u00a0Eduardo Bolsonaro\u00a0(PSL-SP) afirmou neste domingo (3.mai.2020) que o ex-ministro da Justi\u00e7a e Seguran\u00e7a P\u00fablica Sergio Moro era 1\u00a0\u201cespi\u00e3o\u201d\u00a0do governo. Por meio de seu perfil no\u00a0Twitter, o congressista se referiu ao\u00a0depoimento do ex-ministro, de mais de 8 horas, em que ele prestava contas sobre\u00a0acusa\u00e7\u00f5es de que o presidente Jair Bolsonaro teria tentando interferir no trabalho da PF (Pol\u00edcia Federal) a partir da indica\u00e7\u00e3o de Alexandre Ramagem para a dire\u00e7\u00e3o geral do \u00f3rg\u00e3o. Ramagem \u00e9 amigo da fam\u00edlia do presidente. \u201cRealmente \u00e9 preciso muito tempo dando depoimentos a delegados amigos para ver se acham algo contra Bolsonaro\u201d, destacou o deputado. reprodu\u00e7\u00e3o\/Twitter \u2013 @BolsonaroSP \u2013 3.mai.2020 CR\u00cdTICA A DECIS\u00c3O DE MORAES Na sequ\u00eancia de publica\u00e7\u00f5es, o filho do presidente&hellip; <\/p>\n","protected":false},"author":1,"featured_media":228069,"comment_status":"closed","ping_status":"closed","sticky":false,"template":"","format":"standard","meta":{"_acf_changed":false,"footnotes":""},"categories":[1],"tags":[],"class_list":["post-256305","post","type-post","status-publish","format-standard","has-post-thumbnail","hentry","category-politica"],"acf":[],"yoast_head":"<!-- This site is optimized with the Yoast SEO plugin v27.5 - https:\/\/yoast.com\/product\/yoast-seo-wordpress\/ -->\n<title>Eduardo Bolsonaro diz que \u2018Moro n\u00e3o era ministro, era espi\u00e3o\u2019 - Blog do Farn\u00e9sio<\/title>\n<meta name=\"robots\" content=\"index, follow, max-snippet:-1, max-image-preview:large, max-video-preview:-1\" \/>\n<link rel=\"canonical\" href=\"https:\/\/blogdofarnesio.com.br\/2020\/05\/eduardo-bolsonaro-diz-que-moro-nao-era-ministro-era-espiao\/\" \/>\n<meta property=\"og:locale\" content=\"pt_BR\" \/>\n<meta property=\"og:type\" content=\"article\" \/>\n<meta property=\"og:title\" content=\"Eduardo Bolsonaro diz que \u2018Moro n\u00e3o era ministro, era espi\u00e3o\u2019 - Blog do Farn\u00e9sio\" \/>\n<meta property=\"og:description\" content=\"NATHAN VICTOR &#8211;\u00a0 O deputado\u00a0Eduardo Bolsonaro\u00a0(PSL-SP) afirmou neste domingo (3.mai.2020) que o ex-ministro da Justi\u00e7a e Seguran\u00e7a P\u00fablica Sergio Moro era 1\u00a0\u201cespi\u00e3o\u201d\u00a0do governo. Por meio de seu perfil no\u00a0Twitter, o congressista se referiu ao\u00a0depoimento do ex-ministro, de mais de 8 horas, em que ele prestava contas sobre\u00a0acusa\u00e7\u00f5es de que o presidente Jair Bolsonaro teria tentando interferir no trabalho da PF (Pol\u00edcia Federal) a partir da indica\u00e7\u00e3o de Alexandre Ramagem para a dire\u00e7\u00e3o geral do \u00f3rg\u00e3o. Ramagem \u00e9 amigo da fam\u00edlia do presidente. \u201cRealmente \u00e9 preciso muito tempo dando depoimentos a delegados amigos para ver se acham algo contra Bolsonaro\u201d, destacou o deputado. reprodu\u00e7\u00e3o\/Twitter \u2013 @BolsonaroSP \u2013 3.mai.2020 CR\u00cdTICA A DECIS\u00c3O DE MORAES Na sequ\u00eancia de publica\u00e7\u00f5es, o filho do presidente&hellip;\" \/>\n<meta property=\"og:url\" content=\"https:\/\/blogdofarnesio.com.br\/2020\/05\/eduardo-bolsonaro-diz-que-moro-nao-era-ministro-era-espiao\/\" \/>\n<meta property=\"og:site_name\" content=\"Blog do Farn\u00e9sio\" \/>\n<meta property=\"article:publisher\" content=\"https:\/\/www.facebook.com\/BlogQuerSaberPolitica\/\" \/>\n<meta property=\"article:published_time\" content=\"2020-05-03T20:02:57+00:00\" \/>\n<meta property=\"og:image\" content=\"https:\/\/blogdofarnesio.com.br\/wp-content\/uploads\/2019\/05\/blogqspEduardo-Bolsonaro-1-1-868x644.jpg\" \/>\n\t<meta property=\"og:image:width\" content=\"868\" \/>\n\t<meta property=\"og:image:height\" content=\"644\" \/>\n\t<meta property=\"og:image:type\" content=\"image\/jpeg\" \/>\n<meta name=\"author\" content=\"Farn\u00e9sio\" \/>\n<meta name=\"twitter:card\" content=\"summary_large_image\" \/>\n<meta name=\"twitter:label1\" content=\"Escrito por\" \/>\n\t<meta name=\"twitter:data1\" content=\"Farn\u00e9sio\" \/>\n\t<meta name=\"twitter:label2\" content=\"Est. tempo de leitura\" \/>\n\t<meta name=\"twitter:data2\" content=\"1 minuto\" \/>\n<script type=\"application\/ld+json\" class=\"yoast-schema-graph\">{\"@context\":\"https:\\\/\\\/schema.org\",\"@graph\":[{\"@type\":\"Article\",\"@id\":\"https:\\\/\\\/blogdofarnesio.com.br\\\/2020\\\/05\\\/eduardo-bolsonaro-diz-que-moro-nao-era-ministro-era-espiao\\\/#article\",\"isPartOf\":{\"@id\":\"https:\\\/\\\/blogdofarnesio.com.br\\\/2020\\\/05\\\/eduardo-bolsonaro-diz-que-moro-nao-era-ministro-era-espiao\\\/\"},\"author\":{\"name\":\"Farn\u00e9sio\",\"@id\":\"https:\\\/\\\/blogdofarnesio.com.br\\\/#\\\/schema\\\/person\\\/301c4acf522bccbfdb45af95b5b906a1\"},\"headline\":\"Eduardo Bolsonaro diz que \u2018Moro n\u00e3o era ministro, era espi\u00e3o\u2019\",\"datePublished\":\"2020-05-03T20:02:57+00:00\",\"mainEntityOfPage\":{\"@id\":\"https:\\\/\\\/blogdofarnesio.com.br\\\/2020\\\/05\\\/eduardo-bolsonaro-diz-que-moro-nao-era-ministro-era-espiao\\\/\"},\"wordCount\":279,\"publisher\":{\"@id\":\"https:\\\/\\\/blogdofarnesio.com.br\\\/#organization\"},\"image\":{\"@id\":\"https:\\\/\\\/blogdofarnesio.com.br\\\/2020\\\/05\\\/eduardo-bolsonaro-diz-que-moro-nao-era-ministro-era-espiao\\\/#primaryimage\"},\"thumbnailUrl\":\"https:\\\/\\\/blogdofarnesio.com.br\\\/wp-content\\\/uploads\\\/2019\\\/05\\\/blogqspEduardo-Bolsonaro-1-1-868x644.jpg\",\"articleSection\":[\"Pol\u00edtica\"],\"inLanguage\":\"pt-BR\"},{\"@type\":\"WebPage\",\"@id\":\"https:\\\/\\\/blogdofarnesio.com.br\\\/2020\\\/05\\\/eduardo-bolsonaro-diz-que-moro-nao-era-ministro-era-espiao\\\/\",\"url\":\"https:\\\/\\\/blogdofarnesio.com.br\\\/2020\\\/05\\\/eduardo-bolsonaro-diz-que-moro-nao-era-ministro-era-espiao\\\/\",\"name\":\"Eduardo Bolsonaro diz que \u2018Moro n\u00e3o era ministro, era espi\u00e3o\u2019 - Blog do Farn\u00e9sio\",\"isPartOf\":{\"@id\":\"https:\\\/\\\/blogdofarnesio.com.br\\\/#website\"},\"primaryImageOfPage\":{\"@id\":\"https:\\\/\\\/blogdofarnesio.com.br\\\/2020\\\/05\\\/eduardo-bolsonaro-diz-que-moro-nao-era-ministro-era-espiao\\\/#primaryimage\"},\"image\":{\"@id\":\"https:\\\/\\\/blogdofarnesio.com.br\\\/2020\\\/05\\\/eduardo-bolsonaro-diz-que-moro-nao-era-ministro-era-espiao\\\/#primaryimage\"},\"thumbnailUrl\":\"https:\\\/\\\/blogdofarnesio.com.br\\\/wp-content\\\/uploads\\\/2019\\\/05\\\/blogqspEduardo-Bolsonaro-1-1-868x644.jpg\",\"datePublished\":\"2020-05-03T20:02:57+00:00\",\"breadcrumb\":{\"@id\":\"https:\\\/\\\/blogdofarnesio.com.br\\\/2020\\\/05\\\/eduardo-bolsonaro-diz-que-moro-nao-era-ministro-era-espiao\\\/#breadcrumb\"},\"inLanguage\":\"pt-BR\",\"potentialAction\":[{\"@type\":\"ReadAction\",\"target\":[\"https:\\\/\\\/blogdofarnesio.com.br\\\/2020\\\/05\\\/eduardo-bolsonaro-diz-que-moro-nao-era-ministro-era-espiao\\\/\"]}]},{\"@type\":\"ImageObject\",\"inLanguage\":\"pt-BR\",\"@id\":\"https:\\\/\\\/blogdofarnesio.com.br\\\/2020\\\/05\\\/eduardo-bolsonaro-diz-que-moro-nao-era-ministro-era-espiao\\\/#primaryimage\",\"url\":\"https:\\\/\\\/blogdofarnesio.com.br\\\/wp-content\\\/uploads\\\/2019\\\/05\\\/blogqspEduardo-Bolsonaro-1-1-868x644.jpg\",\"contentUrl\":\"https:\\\/\\\/blogdofarnesio.com.br\\\/wp-content\\\/uploads\\\/2019\\\/05\\\/blogqspEduardo-Bolsonaro-1-1-868x644.jpg\",\"width\":868,\"height\":644,\"caption\":\"Eduardo Bolsonaro no Centro Cultural Banco do Brasil (CCBB), em Bras\u00edlia, onde funciona o gabinete de transi\u00e7\u00e3o de governo.\"},{\"@type\":\"BreadcrumbList\",\"@id\":\"https:\\\/\\\/blogdofarnesio.com.br\\\/2020\\\/05\\\/eduardo-bolsonaro-diz-que-moro-nao-era-ministro-era-espiao\\\/#breadcrumb\",\"itemListElement\":[{\"@type\":\"ListItem\",\"position\":1,\"name\":\"In\u00edcio\",\"item\":\"https:\\\/\\\/blogdofarnesio.com.br\\\/\"},{\"@type\":\"ListItem\",\"position\":2,\"name\":\"Eduardo Bolsonaro diz que \u2018Moro n\u00e3o era ministro, era espi\u00e3o\u2019\"}]},{\"@type\":\"WebSite\",\"@id\":\"https:\\\/\\\/blogdofarnesio.com.br\\\/#website\",\"url\":\"https:\\\/\\\/blogdofarnesio.com.br\\\/\",\"name\":\"Blog do Farn\u00e9sio\",\"description\":\"Quer Saber Pol\u00edtica?\",\"publisher\":{\"@id\":\"https:\\\/\\\/blogdofarnesio.com.br\\\/#organization\"},\"potentialAction\":[{\"@type\":\"SearchAction\",\"target\":{\"@type\":\"EntryPoint\",\"urlTemplate\":\"https:\\\/\\\/blogdofarnesio.com.br\\\/?s={search_term_string}\"},\"query-input\":{\"@type\":\"PropertyValueSpecification\",\"valueRequired\":true,\"valueName\":\"search_term_string\"}}],\"inLanguage\":\"pt-BR\"},{\"@type\":\"Organization\",\"@id\":\"https:\\\/\\\/blogdofarnesio.com.br\\\/#organization\",\"name\":\"Blog do Farn\u00e9sio\",\"url\":\"https:\\\/\\\/blogdofarnesio.com.br\\\/\",\"logo\":{\"@type\":\"ImageObject\",\"inLanguage\":\"pt-BR\",\"@id\":\"https:\\\/\\\/blogdofarnesio.com.br\\\/#\\\/schema\\\/logo\\\/image\\\/\",\"url\":\"https:\\\/\\\/blogdofarnesio.com.br\\\/wp-content\\\/uploads\\\/2026\\\/03\\\/cropped-logo_new-1.png\",\"contentUrl\":\"https:\\\/\\\/blogdofarnesio.com.br\\\/wp-content\\\/uploads\\\/2026\\\/03\\\/cropped-logo_new-1.png\",\"width\":881,\"height\":685,\"caption\":\"Blog do Farn\u00e9sio\"},\"image\":{\"@id\":\"https:\\\/\\\/blogdofarnesio.com.br\\\/#\\\/schema\\\/logo\\\/image\\\/\"},\"sameAs\":[\"https:\\\/\\\/www.facebook.com\\\/BlogQuerSaberPolitica\\\/\"]},{\"@type\":\"Person\",\"@id\":\"https:\\\/\\\/blogdofarnesio.com.br\\\/#\\\/schema\\\/person\\\/301c4acf522bccbfdb45af95b5b906a1\",\"name\":\"Farn\u00e9sio\",\"image\":{\"@type\":\"ImageObject\",\"inLanguage\":\"pt-BR\",\"@id\":\"https:\\\/\\\/secure.gravatar.com\\\/avatar\\\/df0c9a14567c056f8ad6876ba5bbd1e3e2c48023eb6807342fc4663adf549f38?s=96&d=mm&r=g\",\"url\":\"https:\\\/\\\/secure.gravatar.com\\\/avatar\\\/df0c9a14567c056f8ad6876ba5bbd1e3e2c48023eb6807342fc4663adf549f38?s=96&d=mm&r=g\",\"contentUrl\":\"https:\\\/\\\/secure.gravatar.com\\\/avatar\\\/df0c9a14567c056f8ad6876ba5bbd1e3e2c48023eb6807342fc4663adf549f38?s=96&d=mm&r=g\",\"caption\":\"Farn\u00e9sio\"},\"sameAs\":[\"https:\\\/\\\/quersaberpolitica.com.br\"],\"url\":\"https:\\\/\\\/blogdofarnesio.com.br\\\/author\\\/farnesio\\\/\"}]}<\/script>\n<!-- \/ Yoast SEO plugin. -->","yoast_head_json":{"title":"Eduardo Bolsonaro diz que \u2018Moro n\u00e3o era ministro, era espi\u00e3o\u2019 - Blog do Farn\u00e9sio","robots":{"index":"index","follow":"follow","max-snippet":"max-snippet:-1","max-image-preview":"max-image-preview:large","max-video-preview":"max-video-preview:-1"},"canonical":"https:\/\/blogdofarnesio.com.br\/2020\/05\/eduardo-bolsonaro-diz-que-moro-nao-era-ministro-era-espiao\/","og_locale":"pt_BR","og_type":"article","og_title":"Eduardo Bolsonaro diz que \u2018Moro n\u00e3o era ministro, era espi\u00e3o\u2019 - Blog do Farn\u00e9sio","og_description":"NATHAN VICTOR &#8211;\u00a0 O deputado\u00a0Eduardo Bolsonaro\u00a0(PSL-SP) afirmou neste domingo (3.mai.2020) que o ex-ministro da Justi\u00e7a e Seguran\u00e7a P\u00fablica Sergio Moro era 1\u00a0\u201cespi\u00e3o\u201d\u00a0do governo. Por meio de seu perfil no\u00a0Twitter, o congressista se referiu ao\u00a0depoimento do ex-ministro, de mais de 8 horas, em que ele prestava contas sobre\u00a0acusa\u00e7\u00f5es de que o presidente Jair Bolsonaro teria tentando interferir no trabalho da PF (Pol\u00edcia Federal) a partir da indica\u00e7\u00e3o de Alexandre Ramagem para a dire\u00e7\u00e3o geral do \u00f3rg\u00e3o. Ramagem \u00e9 amigo da fam\u00edlia do presidente. \u201cRealmente \u00e9 preciso muito tempo dando depoimentos a delegados amigos para ver se acham algo contra Bolsonaro\u201d, destacou o deputado. reprodu\u00e7\u00e3o\/Twitter \u2013 @BolsonaroSP \u2013 3.mai.2020 CR\u00cdTICA A DECIS\u00c3O DE MORAES Na sequ\u00eancia de publica\u00e7\u00f5es, o filho do presidente&hellip;","og_url":"https:\/\/blogdofarnesio.com.br\/2020\/05\/eduardo-bolsonaro-diz-que-moro-nao-era-ministro-era-espiao\/","og_site_name":"Blog do Farn\u00e9sio","article_publisher":"https:\/\/www.facebook.com\/BlogQuerSaberPolitica\/","article_published_time":"2020-05-03T20:02:57+00:00","og_image":[{"width":868,"height":644,"url":"https:\/\/blogdofarnesio.com.br\/wp-content\/uploads\/2019\/05\/blogqspEduardo-Bolsonaro-1-1-868x644.jpg","type":"image\/jpeg"}],"author":"Farn\u00e9sio","twitter_card":"summary_large_image","twitter_misc":{"Escrito por":"Farn\u00e9sio","Est. tempo de leitura":"1 minuto"},"schema":{"@context":"https:\/\/schema.org","@graph":[{"@type":"Article","@id":"https:\/\/blogdofarnesio.com.br\/2020\/05\/eduardo-bolsonaro-diz-que-moro-nao-era-ministro-era-espiao\/#article","isPartOf":{"@id":"https:\/\/blogdofarnesio.com.br\/2020\/05\/eduardo-bolsonaro-diz-que-moro-nao-era-ministro-era-espiao\/"},"author":{"name":"Farn\u00e9sio","@id":"https:\/\/blogdofarnesio.com.br\/#\/schema\/person\/301c4acf522bccbfdb45af95b5b906a1"},"headline":"Eduardo Bolsonaro diz que \u2018Moro n\u00e3o era ministro, era espi\u00e3o\u2019","datePublished":"2020-05-03T20:02:57+00:00","mainEntityOfPage":{"@id":"https:\/\/blogdofarnesio.com.br\/2020\/05\/eduardo-bolsonaro-diz-que-moro-nao-era-ministro-era-espiao\/"},"wordCount":279,"publisher":{"@id":"https:\/\/blogdofarnesio.com.br\/#organization"},"image":{"@id":"https:\/\/blogdofarnesio.com.br\/2020\/05\/eduardo-bolsonaro-diz-que-moro-nao-era-ministro-era-espiao\/#primaryimage"},"thumbnailUrl":"https:\/\/blogdofarnesio.com.br\/wp-content\/uploads\/2019\/05\/blogqspEduardo-Bolsonaro-1-1-868x644.jpg","articleSection":["Pol\u00edtica"],"inLanguage":"pt-BR"},{"@type":"WebPage","@id":"https:\/\/blogdofarnesio.com.br\/2020\/05\/eduardo-bolsonaro-diz-que-moro-nao-era-ministro-era-espiao\/","url":"https:\/\/blogdofarnesio.com.br\/2020\/05\/eduardo-bolsonaro-diz-que-moro-nao-era-ministro-era-espiao\/","name":"Eduardo Bolsonaro diz que \u2018Moro n\u00e3o era ministro, era espi\u00e3o\u2019 - Blog do Farn\u00e9sio","isPartOf":{"@id":"https:\/\/blogdofarnesio.com.br\/#website"},"primaryImageOfPage":{"@id":"https:\/\/blogdofarnesio.com.br\/2020\/05\/eduardo-bolsonaro-diz-que-moro-nao-era-ministro-era-espiao\/#primaryimage"},"image":{"@id":"https:\/\/blogdofarnesio.com.br\/2020\/05\/eduardo-bolsonaro-diz-que-moro-nao-era-ministro-era-espiao\/#primaryimage"},"thumbnailUrl":"https:\/\/blogdofarnesio.com.br\/wp-content\/uploads\/2019\/05\/blogqspEduardo-Bolsonaro-1-1-868x644.jpg","datePublished":"2020-05-03T20:02:57+00:00","breadcrumb":{"@id":"https:\/\/blogdofarnesio.com.br\/2020\/05\/eduardo-bolsonaro-diz-que-moro-nao-era-ministro-era-espiao\/#breadcrumb"},"inLanguage":"pt-BR","potentialAction":[{"@type":"ReadAction","target":["https:\/\/blogdofarnesio.com.br\/2020\/05\/eduardo-bolsonaro-diz-que-moro-nao-era-ministro-era-espiao\/"]}]},{"@type":"ImageObject","inLanguage":"pt-BR","@id":"https:\/\/blogdofarnesio.com.br\/2020\/05\/eduardo-bolsonaro-diz-que-moro-nao-era-ministro-era-espiao\/#primaryimage","url":"https:\/\/blogdofarnesio.com.br\/wp-content\/uploads\/2019\/05\/blogqspEduardo-Bolsonaro-1-1-868x644.jpg","contentUrl":"https:\/\/blogdofarnesio.com.br\/wp-content\/uploads\/2019\/05\/blogqspEduardo-Bolsonaro-1-1-868x644.jpg","width":868,"height":644,"caption":"Eduardo Bolsonaro no Centro Cultural Banco do Brasil (CCBB), em Bras\u00edlia, onde funciona o gabinete de transi\u00e7\u00e3o de governo."},{"@type":"BreadcrumbList","@id":"https:\/\/blogdofarnesio.com.br\/2020\/05\/eduardo-bolsonaro-diz-que-moro-nao-era-ministro-era-espiao\/#breadcrumb","itemListElement":[{"@type":"ListItem","position":1,"name":"In\u00edcio","item":"https:\/\/blogdofarnesio.com.br\/"},{"@type":"ListItem","position":2,"name":"Eduardo Bolsonaro diz que \u2018Moro n\u00e3o era ministro, era espi\u00e3o\u2019"}]},{"@type":"WebSite","@id":"https:\/\/blogdofarnesio.com.br\/#website","url":"https:\/\/blogdofarnesio.com.br\/","name":"Blog do Farn\u00e9sio","description":"Quer Saber Pol\u00edtica?","publisher":{"@id":"https:\/\/blogdofarnesio.com.br\/#organization"},"potentialAction":[{"@type":"SearchAction","target":{"@type":"EntryPoint","urlTemplate":"https:\/\/blogdofarnesio.com.br\/?s={search_term_string}"},"query-input":{"@type":"PropertyValueSpecification","valueRequired":true,"valueName":"search_term_string"}}],"inLanguage":"pt-BR"},{"@type":"Organization","@id":"https:\/\/blogdofarnesio.com.br\/#organization","name":"Blog do Farn\u00e9sio","url":"https:\/\/blogdofarnesio.com.br\/","logo":{"@type":"ImageObject","inLanguage":"pt-BR","@id":"https:\/\/blogdofarnesio.com.br\/#\/schema\/logo\/image\/","url":"https:\/\/blogdofarnesio.com.br\/wp-content\/uploads\/2026\/03\/cropped-logo_new-1.png","contentUrl":"https:\/\/blogdofarnesio.com.br\/wp-content\/uploads\/2026\/03\/cropped-logo_new-1.png","width":881,"height":685,"caption":"Blog do Farn\u00e9sio"},"image":{"@id":"https:\/\/blogdofarnesio.com.br\/#\/schema\/logo\/image\/"},"sameAs":["https:\/\/www.facebook.com\/BlogQuerSaberPolitica\/"]},{"@type":"Person","@id":"https:\/\/blogdofarnesio.com.br\/#\/schema\/person\/301c4acf522bccbfdb45af95b5b906a1","name":"Farn\u00e9sio","image":{"@type":"ImageObject","inLanguage":"pt-BR","@id":"https:\/\/secure.gravatar.com\/avatar\/df0c9a14567c056f8ad6876ba5bbd1e3e2c48023eb6807342fc4663adf549f38?s=96&d=mm&r=g","url":"https:\/\/secure.gravatar.com\/avatar\/df0c9a14567c056f8ad6876ba5bbd1e3e2c48023eb6807342fc4663adf549f38?s=96&d=mm&r=g","contentUrl":"https:\/\/secure.gravatar.com\/avatar\/df0c9a14567c056f8ad6876ba5bbd1e3e2c48023eb6807342fc4663adf549f38?s=96&d=mm&r=g","caption":"Farn\u00e9sio"},"sameAs":["https:\/\/quersaberpolitica.com.br"],"url":"https:\/\/blogdofarnesio.com.br\/author\/farnesio\/"}]}},"_links":{"self":[{"href":"https:\/\/blogdofarnesio.com.br\/wp-json\/wp\/v2\/posts\/256305","targetHints":{"allow":["GET"]}}],"collection":[{"href":"https:\/\/blogdofarnesio.com.br\/wp-json\/wp\/v2\/posts"}],"about":[{"href":"https:\/\/blogdofarnesio.com.br\/wp-json\/wp\/v2\/types\/post"}],"author":[{"embeddable":true,"href":"https:\/\/blogdofarnesio.com.br\/wp-json\/wp\/v2\/users\/1"}],"replies":[{"embeddable":true,"href":"https:\/\/blogdofarnesio.com.br\/wp-json\/wp\/v2\/comments?post=256305"}],"version-history":[{"count":0,"href":"https:\/\/blogdofarnesio.com.br\/wp-json\/wp\/v2\/posts\/256305\/revisions"}],"wp:featuredmedia":[{"embeddable":true,"href":"https:\/\/blogdofarnesio.com.br\/wp-json\/wp\/v2\/media\/228069"}],"wp:attachment":[{"href":"https:\/\/blogdofarnesio.com.br\/wp-json\/wp\/v2\/media?parent=256305"}],"wp:term":[{"taxonomy":"category","embeddable":true,"href":"https:\/\/blogdofarnesio.com.br\/wp-json\/wp\/v2\/categories?post=256305"},{"taxonomy":"post_tag","embeddable":true,"href":"https:\/\/blogdofarnesio.com.br\/wp-json\/wp\/v2\/tags?post=256305"}],"curies":[{"name":"wp","href":"https:\/\/api.w.org\/{rel}","templated":true}]}}