{"id":256300,"date":"2020-05-04T09:20:51","date_gmt":"2020-05-04T12:20:51","guid":{"rendered":"http:\/\/quersaberpolitica.com.br\/2016\/?p=256300"},"modified":"2020-05-03T16:06:11","modified_gmt":"2020-05-03T19:06:11","slug":"brasileiro-cria-ventilador-pulmonar-usando-pneu-e-limpador-de-para-brisa","status":"publish","type":"post","link":"https:\/\/blogdofarnesio.com.br\/?p=256300","title":{"rendered":"Brasileiro cria ventilador pulmonar usando pneu e limpador de para-brisa"},"content":{"rendered":"<h1 class=\"mb-3\"><a class=\"font-weight-bold text-primary small\" style=\"font-size: 16px;\" title=\"FolhaPress\" href=\"mailto:FolhaPress\">FolhaPress &#8211;\u00a0<\/a><\/h1>\n<div class=\"abas\">\n<div id=\"pills-tabContent\" class=\"tab-content\">\n<div id=\"abanoticia\" class=\"tab-pane fade show active\" role=\"tabpanel\" aria-labelledby=\"noticia-tab\">\n<div class=\"news_body\">\n<div class=\"font_change\">\n<div class=\"d-block\">\n<div>&#8220;A gente percebeu que era necess\u00e1rio fazer um fusquinha, n\u00e3o um carro com freio ABS&#8221;. Com essa frase Marcos M\u00e9ndez, 29, explica o conceito que guiou a equipe no desenvolvimento de um ventilador pulmonar emergencial de baixo custo e que se prop\u00f5e a atender regi\u00f5es com pouco acesso \u00e0 tecnologia.<\/p>\n<\/div>\n<div>O OpenVentilator, como foi batizado o equipamento da cooperativa PopSolutions, j\u00e1 passou por simuladores e agora tenta conseguir marcar um teste com animais. O foco, claro, \u00e9 auxiliar pacientes com quadro grave de infec\u00e7\u00e3o por coronav\u00edrus.<\/div>\n<div><\/div>\n<div>Os respiradores pulmonares s\u00e3o equipamentos que, em situa\u00e7\u00f5es de emerg\u00eancia e terapia intensiva, podem manter os pacientes vivos. Insufici\u00eancia respirat\u00f3ria \u00e9 a principal causa de morte por Covid-19 e tamb\u00e9m indicador de subnotifica\u00e7\u00e3o de casos.<\/p>\n<\/div>\n<div>Com objetivo de ser um respirador &#8220;de guerra&#8221;, o projeto foi desenvolvido de maneira open source, ou seja, completamente aberta, todos os seus detalhes est\u00e3o dispon\u00edveis para consulta online. Sua equipe envolve cerca de 250 pessoas de 17 nacionalidades diferentes.<\/p>\n<\/div>\n<div>O brasileiro trabalha em uma oficina de mec\u00e2nica hospitalar, com o pai. Foi observando a din\u00e2mica dos aparelhos que chegavam para conserto na sua casa que percebeu que o problema da medicina nacional \u00e9, muitas vezes, a falta de pe\u00e7as, j\u00e1 que estas s\u00e3o, em sua maioria, importadas.<\/p>\n<\/div>\n<div>&#8220;A gente se limitou a fazer ele 100% com materiais encontrados em [lojas como] Leroy Merlin, lojas de ferragem, mec\u00e2nicas, e o m\u00ednimo poss\u00edvel de partes em impressora 3D&#8221;, explica.<\/p>\n<\/div>\n<div>Nenhuma pe\u00e7a do projeto foi importada; todas foram desenvolvidas pela equipe. A v\u00e1lvula pneum\u00e1tica foi criada por colaboradores na Argentina; o sistema de exaust\u00e3o e v\u00e1lvula transdutora foi parceria entre um americano e um holand\u00eas; um indiano auxiliou na estrutura do chassi.<\/p>\n<\/div>\n<div>Veio do Uruguai a solu\u00e7\u00e3o para usar pe\u00e7as de autom\u00f3vel, por exemplo o motor do limpador de para-brisa, para o controle inspirat\u00f3rio e respirat\u00f3rio. A fonte de alimenta\u00e7\u00e3o \u00e9 a de um computador comum e a estrutura tamb\u00e9m usa canos de PVC e pe\u00e7as de acr\u00edlico.<\/p>\n<\/div>\n<div>Ap\u00f3s consultar 12 fornecedores no estado de S\u00e3o Paulo, M\u00e9ndez descobriu que n\u00e3o havia pronta entrega de ambu -o equipamento que expande e contrai com o ar que vai ao pulm\u00e3o do paciente, como os usados em ambul\u00e2ncias para auxiliar na respira\u00e7\u00e3o.<\/p>\n<\/div>\n<div>&#8220;Vimos que seria um gargalo&#8221;. Tampouco poderiam pressupor a disponibilidade de ar comprimido. Resolveu o problema fabricando um fole e usando uma c\u00e2mara de pneu de carro.<\/p>\n<\/div>\n<div>O objetivo, portanto, nunca foi criar um equipamento com telas touchscreem, como os vistos nas UTIs de hospitais de alto padr\u00e3o do pa\u00eds.<\/p>\n<\/div>\n<div>E se voc\u00ea est\u00e1 numa cidade pequena, no interior de um estado, bem isolado, e precisa reproduzir isso, sem a estrutura de uma cidade grande, sem empresas de eletr\u00f4nica? A filosofia [do projeto] \u00e9 para reproduzir na \u00c1frica, n\u00e3o s\u00f3 aqui no Brasil&#8221;, diz.<\/p>\n<\/div>\n<div>Atualmente, segundo dados do Cadastro Nacional de Estabelecimentos de Sa\u00fade, apenas uma em cada dez cidades do Brasil tem vagas de UTI (unidade de terapia intensiva, para onde v\u00e3o os casos mais graves da Covid-19).<\/p>\n<\/div>\n<div>Uma quantidade ainda menor -apenas 8,6% dos 5.570 munic\u00edpios do pa\u00eds- tem UTIs do SUS (Sistema \u00danico de Sa\u00fade). No estado de S\u00e3o Paulo, um paciente com coronav\u00edrus pode precisar viajar 82 km para conseguir um leito.<\/p>\n<\/div>\n<div>No Brasil, a Folha de S.Paulo revelou a falta de respiradores e de equipamentos de prote\u00e7\u00e3o e para combate da Covid-19 dentro de hospitais, em laborat\u00f3rios e at\u00e9 em obras da constru\u00e7\u00e3o civil.<\/p>\n<\/div>\n<div>Tamb\u00e9m mostrou que, escassos no mercado, ventiladores pulmonares s\u00e3o vendidos a pre\u00e7os superfaturados no mercado ilegal.<\/p>\n<\/div>\n<div>&#8220;Como fazer uma produ\u00e7\u00e3o em escala se n\u00e3o temos pe\u00e7as para produzir em escala? O problema n\u00e3o \u00e9 de engenharia \u00e9 de escala&#8221;, explica o brasileiro sobre a import\u00e2ncia de ter um equipamento 100% produzido pela equipe, sem a compra de pe\u00e7as prontas.<\/p>\n<\/div>\n<div>Um ponto de aten\u00e7\u00e3o do projeto, claro, foi criar um aparelho que fosse seguro ao paciente.<\/p>\n<\/div>\n<div>\u00danica grande fornecedora de filtro N95, o necess\u00e1rio para impedir a dissemina\u00e7\u00e3o do novo v\u00edrus, a 3M tem sede nos Estados Unidos. O presidente Donald Trump quer impedir que a empresa exporte m\u00e1scaras e filtros, como os usados em ventiladores, para outros pa\u00edses.<\/p>\n<\/div>\n<div>Para evitar que o ar infectado expirado pelo paciente seja liberado na atmosfera, a equipe desenvolveu um sistema com \u00e1gua sanit\u00e1ria na qual o v\u00edrus fica retido no l\u00edquido.<\/p>\n<\/div>\n<div>O projeto tamb\u00e9m disp\u00f5es de v\u00e1lvulas para ajuste da frequ\u00eancia respirat\u00f3ria e de limita\u00e7\u00e3o da press\u00e3o (como a Peep), que n\u00e3o s\u00f3 controlam quanto ar \u00e9 inspirado e expirado pelo paciente, mas tamb\u00e9m impedem les\u00f5es mais graves no pulm\u00e3o.<\/p>\n<\/div>\n<div>As partes foram desenhadas inteiramente pela equipe (os projetos est\u00e3o dispon\u00edveis na internet), usando l\u00e1tex ou silicone de artesanato, itens encontrados a partir de R$ 30 por quilo em lojas especializadas \u2013quantidade suficiente para produzir cerca de dez v\u00e1lvulas, segundo M\u00e9ndez.<\/p>\n<\/div>\n<div>Uma das inspira\u00e7\u00f5es do projeto foram os ventiladores pulmonares da d\u00e9cada de 1950, quando n\u00e3o havia tecnologia avan\u00e7ada de computa\u00e7\u00e3o para sensores precisos e telas de controle complexas.<\/p>\n<\/div>\n<div>A analogia que o desenvolvedor faz para o uso primordial do equipamento \u00e9 com um m\u00e9dico de guerra que precisa operar um paciente em um campo de batalha. N\u00e3o \u00e0 toa a vers\u00e3o final do equipamento chama-se Spartan (uma alus\u00e3o a Esparta, cidade grega conhecida pelo pode\u00edro militar na Gr\u00e9cia Antiga).<\/p>\n<\/div>\n<div>\u00c9 poss\u00edvel, no entanto, acoplar sistemas eletr\u00f4nicos mais complexos, como um Ardu\u00edno (empresa de desenvolvimento de software aberto que apoia o projeto), caso haja disponibilidade.<\/p>\n<\/div>\n<div>M\u00e9ndez afirma que, se produzido com base em acr\u00edlico (como o prot\u00f3tipo atual), um equipamento custa em torno de R$ 500, mais a m\u00e3o de obra. O pre\u00e7o seria quatro vezes maior, segundo ele, para acrescentar itens de eletr\u00f4nica como sensores e monitores.<\/p>\n<\/div>\n<div>Ele defende que a pandemia de coronav\u00edrus aponta para uma mudan\u00e7a de paradigma no sistema econ\u00f4mico capitalista.<\/div>\n<div>Por ser criado de forma aberta, com todos os seus detalhes liberados na internet, M\u00e9ndez pede que qualquer profissional ou pesquisador da \u00e1rea entre em contato com a equipe, analise o projeto e aponte erros ou falhas.<\/p>\n<\/div>\n<div>No futuro, sonha construir uma estrutura inteira de UTI de maneira colaborativa.<\/div>\n<div>&#8220;A \u00fanica forma de dar oportunidade para o um cara isolado de uma cidade do interior fabricar isso e salvar uma vida \u00e9 se o projeto for open source, sem lucro por tr\u00e1s&#8221;, declara.<\/div>\n<\/div>\n<\/div>\n<\/div>\n<\/div>\n<\/div>\n<\/div>\n","protected":false},"excerpt":{"rendered":"<p>FolhaPress &#8211;\u00a0 &#8220;A gente percebeu que era necess\u00e1rio fazer um fusquinha, n\u00e3o um carro com freio ABS&#8221;. Com essa frase Marcos M\u00e9ndez, 29, explica o conceito que guiou a equipe no desenvolvimento de um ventilador pulmonar emergencial de baixo custo e que se prop\u00f5e a atender regi\u00f5es com pouco acesso \u00e0 tecnologia. O OpenVentilator, como foi batizado o equipamento da cooperativa PopSolutions, j\u00e1 passou por simuladores e agora tenta conseguir marcar um teste com animais. O foco, claro, \u00e9 auxiliar pacientes com quadro grave de infec\u00e7\u00e3o por coronav\u00edrus. Os respiradores pulmonares s\u00e3o equipamentos que, em situa\u00e7\u00f5es de emerg\u00eancia e terapia intensiva, podem manter os pacientes vivos. Insufici\u00eancia respirat\u00f3ria \u00e9 a principal causa de morte por Covid-19 e tamb\u00e9m indicador de&hellip; <\/p>\n","protected":false},"author":1,"featured_media":256301,"comment_status":"closed","ping_status":"closed","sticky":false,"template":"","format":"standard","meta":{"_acf_changed":false,"footnotes":""},"categories":[51,4],"tags":[],"class_list":["post-256300","post","type-post","status-publish","format-standard","has-post-thumbnail","hentry","category-pesquisa","category-saude"],"acf":[],"yoast_head":"<!-- This site is optimized with the Yoast SEO plugin v27.4 - https:\/\/yoast.com\/product\/yoast-seo-wordpress\/ -->\n<title>Brasileiro cria ventilador pulmonar usando pneu e limpador de para-brisa - Blog do Farn\u00e9sio<\/title>\n<meta name=\"robots\" content=\"index, follow, max-snippet:-1, max-image-preview:large, max-video-preview:-1\" \/>\n<link rel=\"canonical\" href=\"https:\/\/blogdofarnesio.com.br\/?p=256300\" \/>\n<meta property=\"og:locale\" content=\"pt_BR\" \/>\n<meta property=\"og:type\" content=\"article\" \/>\n<meta property=\"og:title\" content=\"Brasileiro cria ventilador pulmonar usando pneu e limpador de para-brisa - Blog do Farn\u00e9sio\" \/>\n<meta property=\"og:description\" content=\"FolhaPress &#8211;\u00a0 &#8220;A gente percebeu que era necess\u00e1rio fazer um fusquinha, n\u00e3o um carro com freio ABS&#8221;. Com essa frase Marcos M\u00e9ndez, 29, explica o conceito que guiou a equipe no desenvolvimento de um ventilador pulmonar emergencial de baixo custo e que se prop\u00f5e a atender regi\u00f5es com pouco acesso \u00e0 tecnologia. O OpenVentilator, como foi batizado o equipamento da cooperativa PopSolutions, j\u00e1 passou por simuladores e agora tenta conseguir marcar um teste com animais. O foco, claro, \u00e9 auxiliar pacientes com quadro grave de infec\u00e7\u00e3o por coronav\u00edrus. Os respiradores pulmonares s\u00e3o equipamentos que, em situa\u00e7\u00f5es de emerg\u00eancia e terapia intensiva, podem manter os pacientes vivos. Insufici\u00eancia respirat\u00f3ria \u00e9 a principal causa de morte por Covid-19 e tamb\u00e9m indicador de&hellip;\" \/>\n<meta property=\"og:url\" content=\"https:\/\/blogdofarnesio.com.br\/?p=256300\" \/>\n<meta property=\"og:site_name\" content=\"Blog do Farn\u00e9sio\" \/>\n<meta property=\"article:publisher\" content=\"https:\/\/www.facebook.com\/BlogQuerSaberPolitica\/\" \/>\n<meta property=\"article:published_time\" content=\"2020-05-04T12:20:51+00:00\" \/>\n<meta property=\"og:image\" content=\"https:\/\/blogdofarnesio.com.br\/wp-content\/uploads\/2020\/05\/blogqspcoronavirus-respirador-ventilador-pulmonar-Foto-Divulga\u00e7\u00e3o-Marcos-M\u00e9ndez.jpg\" \/>\n\t<meta property=\"og:image:width\" content=\"700\" \/>\n\t<meta property=\"og:image:height\" content=\"450\" \/>\n\t<meta property=\"og:image:type\" content=\"image\/jpeg\" \/>\n<meta name=\"author\" content=\"Farn\u00e9sio\" \/>\n<meta name=\"twitter:card\" content=\"summary_large_image\" \/>\n<meta name=\"twitter:label1\" content=\"Escrito por\" \/>\n\t<meta name=\"twitter:data1\" content=\"Farn\u00e9sio\" \/>\n\t<meta name=\"twitter:label2\" content=\"Est. tempo de leitura\" \/>\n\t<meta name=\"twitter:data2\" content=\"6 minutos\" \/>\n<script type=\"application\/ld+json\" class=\"yoast-schema-graph\">{\"@context\":\"https:\\\/\\\/schema.org\",\"@graph\":[{\"@type\":\"Article\",\"@id\":\"https:\\\/\\\/blogdofarnesio.com.br\\\/?p=256300#article\",\"isPartOf\":{\"@id\":\"https:\\\/\\\/blogdofarnesio.com.br\\\/?p=256300\"},\"author\":{\"name\":\"Farn\u00e9sio\",\"@id\":\"https:\\\/\\\/blogdofarnesio.com.br\\\/#\\\/schema\\\/person\\\/301c4acf522bccbfdb45af95b5b906a1\"},\"headline\":\"Brasileiro cria ventilador pulmonar usando pneu e limpador de para-brisa\",\"datePublished\":\"2020-05-04T12:20:51+00:00\",\"mainEntityOfPage\":{\"@id\":\"https:\\\/\\\/blogdofarnesio.com.br\\\/?p=256300\"},\"wordCount\":1149,\"publisher\":{\"@id\":\"https:\\\/\\\/blogdofarnesio.com.br\\\/#organization\"},\"image\":{\"@id\":\"https:\\\/\\\/blogdofarnesio.com.br\\\/?p=256300#primaryimage\"},\"thumbnailUrl\":\"https:\\\/\\\/blogdofarnesio.com.br\\\/wp-content\\\/uploads\\\/2020\\\/05\\\/blogqspcoronavirus-respirador-ventilador-pulmonar-Foto-Divulga\u00e7\u00e3o-Marcos-M\u00e9ndez.jpg\",\"articleSection\":[\"Pesquisa\",\"Sa\u00fade\"],\"inLanguage\":\"pt-BR\"},{\"@type\":\"WebPage\",\"@id\":\"https:\\\/\\\/blogdofarnesio.com.br\\\/?p=256300\",\"url\":\"https:\\\/\\\/blogdofarnesio.com.br\\\/?p=256300\",\"name\":\"Brasileiro cria ventilador pulmonar usando pneu e limpador de para-brisa - Blog do Farn\u00e9sio\",\"isPartOf\":{\"@id\":\"https:\\\/\\\/blogdofarnesio.com.br\\\/#website\"},\"primaryImageOfPage\":{\"@id\":\"https:\\\/\\\/blogdofarnesio.com.br\\\/?p=256300#primaryimage\"},\"image\":{\"@id\":\"https:\\\/\\\/blogdofarnesio.com.br\\\/?p=256300#primaryimage\"},\"thumbnailUrl\":\"https:\\\/\\\/blogdofarnesio.com.br\\\/wp-content\\\/uploads\\\/2020\\\/05\\\/blogqspcoronavirus-respirador-ventilador-pulmonar-Foto-Divulga\u00e7\u00e3o-Marcos-M\u00e9ndez.jpg\",\"datePublished\":\"2020-05-04T12:20:51+00:00\",\"breadcrumb\":{\"@id\":\"https:\\\/\\\/blogdofarnesio.com.br\\\/?p=256300#breadcrumb\"},\"inLanguage\":\"pt-BR\",\"potentialAction\":[{\"@type\":\"ReadAction\",\"target\":[\"https:\\\/\\\/blogdofarnesio.com.br\\\/?p=256300\"]}]},{\"@type\":\"ImageObject\",\"inLanguage\":\"pt-BR\",\"@id\":\"https:\\\/\\\/blogdofarnesio.com.br\\\/?p=256300#primaryimage\",\"url\":\"https:\\\/\\\/blogdofarnesio.com.br\\\/wp-content\\\/uploads\\\/2020\\\/05\\\/blogqspcoronavirus-respirador-ventilador-pulmonar-Foto-Divulga\u00e7\u00e3o-Marcos-M\u00e9ndez.jpg\",\"contentUrl\":\"https:\\\/\\\/blogdofarnesio.com.br\\\/wp-content\\\/uploads\\\/2020\\\/05\\\/blogqspcoronavirus-respirador-ventilador-pulmonar-Foto-Divulga\u00e7\u00e3o-Marcos-M\u00e9ndez.jpg\",\"width\":700,\"height\":450},{\"@type\":\"BreadcrumbList\",\"@id\":\"https:\\\/\\\/blogdofarnesio.com.br\\\/?p=256300#breadcrumb\",\"itemListElement\":[{\"@type\":\"ListItem\",\"position\":1,\"name\":\"In\u00edcio\",\"item\":\"https:\\\/\\\/blogdofarnesio.com.br\\\/\"},{\"@type\":\"ListItem\",\"position\":2,\"name\":\"Brasileiro cria ventilador pulmonar usando pneu e limpador de para-brisa\"}]},{\"@type\":\"WebSite\",\"@id\":\"https:\\\/\\\/blogdofarnesio.com.br\\\/#website\",\"url\":\"https:\\\/\\\/blogdofarnesio.com.br\\\/\",\"name\":\"Blog do Farn\u00e9sio\",\"description\":\"Quer Saber Pol\u00edtica?\",\"publisher\":{\"@id\":\"https:\\\/\\\/blogdofarnesio.com.br\\\/#organization\"},\"potentialAction\":[{\"@type\":\"SearchAction\",\"target\":{\"@type\":\"EntryPoint\",\"urlTemplate\":\"https:\\\/\\\/blogdofarnesio.com.br\\\/?s={search_term_string}\"},\"query-input\":{\"@type\":\"PropertyValueSpecification\",\"valueRequired\":true,\"valueName\":\"search_term_string\"}}],\"inLanguage\":\"pt-BR\"},{\"@type\":\"Organization\",\"@id\":\"https:\\\/\\\/blogdofarnesio.com.br\\\/#organization\",\"name\":\"Blog do Farn\u00e9sio\",\"url\":\"https:\\\/\\\/blogdofarnesio.com.br\\\/\",\"logo\":{\"@type\":\"ImageObject\",\"inLanguage\":\"pt-BR\",\"@id\":\"https:\\\/\\\/blogdofarnesio.com.br\\\/#\\\/schema\\\/logo\\\/image\\\/\",\"url\":\"https:\\\/\\\/blogdofarnesio.com.br\\\/wp-content\\\/uploads\\\/2026\\\/03\\\/cropped-logo_new-1.png\",\"contentUrl\":\"https:\\\/\\\/blogdofarnesio.com.br\\\/wp-content\\\/uploads\\\/2026\\\/03\\\/cropped-logo_new-1.png\",\"width\":881,\"height\":685,\"caption\":\"Blog do Farn\u00e9sio\"},\"image\":{\"@id\":\"https:\\\/\\\/blogdofarnesio.com.br\\\/#\\\/schema\\\/logo\\\/image\\\/\"},\"sameAs\":[\"https:\\\/\\\/www.facebook.com\\\/BlogQuerSaberPolitica\\\/\"]},{\"@type\":\"Person\",\"@id\":\"https:\\\/\\\/blogdofarnesio.com.br\\\/#\\\/schema\\\/person\\\/301c4acf522bccbfdb45af95b5b906a1\",\"name\":\"Farn\u00e9sio\",\"image\":{\"@type\":\"ImageObject\",\"inLanguage\":\"pt-BR\",\"@id\":\"https:\\\/\\\/secure.gravatar.com\\\/avatar\\\/df0c9a14567c056f8ad6876ba5bbd1e3e2c48023eb6807342fc4663adf549f38?s=96&d=mm&r=g\",\"url\":\"https:\\\/\\\/secure.gravatar.com\\\/avatar\\\/df0c9a14567c056f8ad6876ba5bbd1e3e2c48023eb6807342fc4663adf549f38?s=96&d=mm&r=g\",\"contentUrl\":\"https:\\\/\\\/secure.gravatar.com\\\/avatar\\\/df0c9a14567c056f8ad6876ba5bbd1e3e2c48023eb6807342fc4663adf549f38?s=96&d=mm&r=g\",\"caption\":\"Farn\u00e9sio\"},\"sameAs\":[\"https:\\\/\\\/quersaberpolitica.com.br\"],\"url\":\"https:\\\/\\\/blogdofarnesio.com.br\\\/?author=1\"}]}<\/script>\n<!-- \/ Yoast SEO plugin. -->","yoast_head_json":{"title":"Brasileiro cria ventilador pulmonar usando pneu e limpador de para-brisa - Blog do Farn\u00e9sio","robots":{"index":"index","follow":"follow","max-snippet":"max-snippet:-1","max-image-preview":"max-image-preview:large","max-video-preview":"max-video-preview:-1"},"canonical":"https:\/\/blogdofarnesio.com.br\/?p=256300","og_locale":"pt_BR","og_type":"article","og_title":"Brasileiro cria ventilador pulmonar usando pneu e limpador de para-brisa - Blog do Farn\u00e9sio","og_description":"FolhaPress &#8211;\u00a0 &#8220;A gente percebeu que era necess\u00e1rio fazer um fusquinha, n\u00e3o um carro com freio ABS&#8221;. Com essa frase Marcos M\u00e9ndez, 29, explica o conceito que guiou a equipe no desenvolvimento de um ventilador pulmonar emergencial de baixo custo e que se prop\u00f5e a atender regi\u00f5es com pouco acesso \u00e0 tecnologia. O OpenVentilator, como foi batizado o equipamento da cooperativa PopSolutions, j\u00e1 passou por simuladores e agora tenta conseguir marcar um teste com animais. O foco, claro, \u00e9 auxiliar pacientes com quadro grave de infec\u00e7\u00e3o por coronav\u00edrus. Os respiradores pulmonares s\u00e3o equipamentos que, em situa\u00e7\u00f5es de emerg\u00eancia e terapia intensiva, podem manter os pacientes vivos. Insufici\u00eancia respirat\u00f3ria \u00e9 a principal causa de morte por Covid-19 e tamb\u00e9m indicador de&hellip;","og_url":"https:\/\/blogdofarnesio.com.br\/?p=256300","og_site_name":"Blog do Farn\u00e9sio","article_publisher":"https:\/\/www.facebook.com\/BlogQuerSaberPolitica\/","article_published_time":"2020-05-04T12:20:51+00:00","og_image":[{"width":700,"height":450,"url":"https:\/\/blogdofarnesio.com.br\/wp-content\/uploads\/2020\/05\/blogqspcoronavirus-respirador-ventilador-pulmonar-Foto-Divulga\u00e7\u00e3o-Marcos-M\u00e9ndez.jpg","type":"image\/jpeg"}],"author":"Farn\u00e9sio","twitter_card":"summary_large_image","twitter_misc":{"Escrito por":"Farn\u00e9sio","Est. tempo de leitura":"6 minutos"},"schema":{"@context":"https:\/\/schema.org","@graph":[{"@type":"Article","@id":"https:\/\/blogdofarnesio.com.br\/?p=256300#article","isPartOf":{"@id":"https:\/\/blogdofarnesio.com.br\/?p=256300"},"author":{"name":"Farn\u00e9sio","@id":"https:\/\/blogdofarnesio.com.br\/#\/schema\/person\/301c4acf522bccbfdb45af95b5b906a1"},"headline":"Brasileiro cria ventilador pulmonar usando pneu e limpador de para-brisa","datePublished":"2020-05-04T12:20:51+00:00","mainEntityOfPage":{"@id":"https:\/\/blogdofarnesio.com.br\/?p=256300"},"wordCount":1149,"publisher":{"@id":"https:\/\/blogdofarnesio.com.br\/#organization"},"image":{"@id":"https:\/\/blogdofarnesio.com.br\/?p=256300#primaryimage"},"thumbnailUrl":"https:\/\/blogdofarnesio.com.br\/wp-content\/uploads\/2020\/05\/blogqspcoronavirus-respirador-ventilador-pulmonar-Foto-Divulga\u00e7\u00e3o-Marcos-M\u00e9ndez.jpg","articleSection":["Pesquisa","Sa\u00fade"],"inLanguage":"pt-BR"},{"@type":"WebPage","@id":"https:\/\/blogdofarnesio.com.br\/?p=256300","url":"https:\/\/blogdofarnesio.com.br\/?p=256300","name":"Brasileiro cria ventilador pulmonar usando pneu e limpador de para-brisa - Blog do Farn\u00e9sio","isPartOf":{"@id":"https:\/\/blogdofarnesio.com.br\/#website"},"primaryImageOfPage":{"@id":"https:\/\/blogdofarnesio.com.br\/?p=256300#primaryimage"},"image":{"@id":"https:\/\/blogdofarnesio.com.br\/?p=256300#primaryimage"},"thumbnailUrl":"https:\/\/blogdofarnesio.com.br\/wp-content\/uploads\/2020\/05\/blogqspcoronavirus-respirador-ventilador-pulmonar-Foto-Divulga\u00e7\u00e3o-Marcos-M\u00e9ndez.jpg","datePublished":"2020-05-04T12:20:51+00:00","breadcrumb":{"@id":"https:\/\/blogdofarnesio.com.br\/?p=256300#breadcrumb"},"inLanguage":"pt-BR","potentialAction":[{"@type":"ReadAction","target":["https:\/\/blogdofarnesio.com.br\/?p=256300"]}]},{"@type":"ImageObject","inLanguage":"pt-BR","@id":"https:\/\/blogdofarnesio.com.br\/?p=256300#primaryimage","url":"https:\/\/blogdofarnesio.com.br\/wp-content\/uploads\/2020\/05\/blogqspcoronavirus-respirador-ventilador-pulmonar-Foto-Divulga\u00e7\u00e3o-Marcos-M\u00e9ndez.jpg","contentUrl":"https:\/\/blogdofarnesio.com.br\/wp-content\/uploads\/2020\/05\/blogqspcoronavirus-respirador-ventilador-pulmonar-Foto-Divulga\u00e7\u00e3o-Marcos-M\u00e9ndez.jpg","width":700,"height":450},{"@type":"BreadcrumbList","@id":"https:\/\/blogdofarnesio.com.br\/?p=256300#breadcrumb","itemListElement":[{"@type":"ListItem","position":1,"name":"In\u00edcio","item":"https:\/\/blogdofarnesio.com.br\/"},{"@type":"ListItem","position":2,"name":"Brasileiro cria ventilador pulmonar usando pneu e limpador de para-brisa"}]},{"@type":"WebSite","@id":"https:\/\/blogdofarnesio.com.br\/#website","url":"https:\/\/blogdofarnesio.com.br\/","name":"Blog do Farn\u00e9sio","description":"Quer Saber Pol\u00edtica?","publisher":{"@id":"https:\/\/blogdofarnesio.com.br\/#organization"},"potentialAction":[{"@type":"SearchAction","target":{"@type":"EntryPoint","urlTemplate":"https:\/\/blogdofarnesio.com.br\/?s={search_term_string}"},"query-input":{"@type":"PropertyValueSpecification","valueRequired":true,"valueName":"search_term_string"}}],"inLanguage":"pt-BR"},{"@type":"Organization","@id":"https:\/\/blogdofarnesio.com.br\/#organization","name":"Blog do Farn\u00e9sio","url":"https:\/\/blogdofarnesio.com.br\/","logo":{"@type":"ImageObject","inLanguage":"pt-BR","@id":"https:\/\/blogdofarnesio.com.br\/#\/schema\/logo\/image\/","url":"https:\/\/blogdofarnesio.com.br\/wp-content\/uploads\/2026\/03\/cropped-logo_new-1.png","contentUrl":"https:\/\/blogdofarnesio.com.br\/wp-content\/uploads\/2026\/03\/cropped-logo_new-1.png","width":881,"height":685,"caption":"Blog do Farn\u00e9sio"},"image":{"@id":"https:\/\/blogdofarnesio.com.br\/#\/schema\/logo\/image\/"},"sameAs":["https:\/\/www.facebook.com\/BlogQuerSaberPolitica\/"]},{"@type":"Person","@id":"https:\/\/blogdofarnesio.com.br\/#\/schema\/person\/301c4acf522bccbfdb45af95b5b906a1","name":"Farn\u00e9sio","image":{"@type":"ImageObject","inLanguage":"pt-BR","@id":"https:\/\/secure.gravatar.com\/avatar\/df0c9a14567c056f8ad6876ba5bbd1e3e2c48023eb6807342fc4663adf549f38?s=96&d=mm&r=g","url":"https:\/\/secure.gravatar.com\/avatar\/df0c9a14567c056f8ad6876ba5bbd1e3e2c48023eb6807342fc4663adf549f38?s=96&d=mm&r=g","contentUrl":"https:\/\/secure.gravatar.com\/avatar\/df0c9a14567c056f8ad6876ba5bbd1e3e2c48023eb6807342fc4663adf549f38?s=96&d=mm&r=g","caption":"Farn\u00e9sio"},"sameAs":["https:\/\/quersaberpolitica.com.br"],"url":"https:\/\/blogdofarnesio.com.br\/?author=1"}]}},"_links":{"self":[{"href":"https:\/\/blogdofarnesio.com.br\/index.php?rest_route=\/wp\/v2\/posts\/256300","targetHints":{"allow":["GET"]}}],"collection":[{"href":"https:\/\/blogdofarnesio.com.br\/index.php?rest_route=\/wp\/v2\/posts"}],"about":[{"href":"https:\/\/blogdofarnesio.com.br\/index.php?rest_route=\/wp\/v2\/types\/post"}],"author":[{"embeddable":true,"href":"https:\/\/blogdofarnesio.com.br\/index.php?rest_route=\/wp\/v2\/users\/1"}],"replies":[{"embeddable":true,"href":"https:\/\/blogdofarnesio.com.br\/index.php?rest_route=%2Fwp%2Fv2%2Fcomments&post=256300"}],"version-history":[{"count":0,"href":"https:\/\/blogdofarnesio.com.br\/index.php?rest_route=\/wp\/v2\/posts\/256300\/revisions"}],"wp:featuredmedia":[{"embeddable":true,"href":"https:\/\/blogdofarnesio.com.br\/index.php?rest_route=\/wp\/v2\/media\/256301"}],"wp:attachment":[{"href":"https:\/\/blogdofarnesio.com.br\/index.php?rest_route=%2Fwp%2Fv2%2Fmedia&parent=256300"}],"wp:term":[{"taxonomy":"category","embeddable":true,"href":"https:\/\/blogdofarnesio.com.br\/index.php?rest_route=%2Fwp%2Fv2%2Fcategories&post=256300"},{"taxonomy":"post_tag","embeddable":true,"href":"https:\/\/blogdofarnesio.com.br\/index.php?rest_route=%2Fwp%2Fv2%2Ftags&post=256300"}],"curies":[{"name":"wp","href":"https:\/\/api.w.org\/{rel}","templated":true}]}}