{"id":256293,"date":"2020-05-04T08:02:23","date_gmt":"2020-05-04T11:02:23","guid":{"rendered":"http:\/\/quersaberpolitica.com.br\/2016\/?p=256293"},"modified":"2020-05-03T15:34:48","modified_gmt":"2020-05-03T18:34:48","slug":"caixa-amplia-horario-de-atendimento-a-partir-desta-segunda-feira","status":"publish","type":"post","link":"https:\/\/blogdofarnesio.com.br\/?p=256293","title":{"rendered":"Caixa amplia hor\u00e1rio de atendimento a partir desta segunda-feira"},"content":{"rendered":"<div class=\"article-header\">\n<div class=\"content\">\n<p><a href=\"https:\/\/jc.ne10.uol.com.br\/autor\/jc\/\">JC &#8211;<\/a><\/p>\n<\/div>\n<\/div>\n<div class=\"article-content\">\n<div class=\"row justify-content-center\">\n<div class=\"col-md-9\">\n<div id=\"textContent\">\n<div id=\"textContentCount\">\n<p class=\"texto\">O presidente da Caixa Econ\u00f4mica Federal, Pedro Guimar\u00e3es, disse neste s\u00e1bado (2), em entrevista coletiva, esperar que na pr\u00f3xima semana as ag\u00eancias da institui\u00e7\u00e3o \u201csejam mais r\u00e1pidas e eficientes\u201d no pagamento do aux\u00edlio emergencial do governo federal. Na \u00faltima semana, as filas se multiplicaram por todo o Pa\u00eds, gerando aglomera\u00e7\u00f5es, que est\u00e3o proibidas para conter a contamina\u00e7\u00e3o pelo\u00a0<a href=\"https:\/\/jc.ne10.uol.com.br\/tags\/coronavirus\/\" target=\"_blank\" rel=\"noopener noreferrer\">coronav\u00edrus<\/a>. As ag\u00eancias da Caixa devem abrir \u00e0s 8h da manh\u00e3 desta segunda (4), para realizar o pagamento para quem nasceu at\u00e9 outubro. Na ter\u00e7a (5), recebem os que nasceram em novembro e dezembro. As pessoas interessadas em receber o aux\u00edlio emergencial podem se cadastrar at\u00e9 o dia 3 de julho.<\/p>\n<p class=\"texto\">Ainda na coletiva, Guimar\u00e3es afirmou que os benefici\u00e1rios do Bolsa Fam\u00edlia devem receber a segunda parcela do aux\u00edlio emergencial nos \u00faltimos 15 dias \u00fateis do m\u00eas, mas argumentou que as datas ainda ser\u00e3o definidas.<\/p>\n<p class=\"texto\">A Caixa abriu 902 ag\u00eancias neste s\u00e1bado (02) pagando o benef\u00edcio a cerca de 2 milh\u00f5es de pessoas. Do total de atendidos at\u00e9 o in\u00edcio da tarde, cerca de 900 mil contaram com a ajuda de funcion\u00e1rios do banco para gerar o c\u00f3digo no aplicativo Caixa Tem, procedimento necess\u00e1rio para a retirar o dinheiro, depositado em contas sociais digitais, nos caixas autom\u00e1ticos.<\/p>\n<p class=\"texto\">Pedro Guimar\u00e3es ressaltou que a expectativa \u00e9 de ter menos filas, \u201cembora tenha a folha de pagamento sendo paga\u201d nos primeiros dias da semana. O presidente da institui\u00e7\u00e3o revelou que a Caixa contratou mais de 3 mil vigilantes, que estar\u00e3o nas ag\u00eancias nesta segunda-feira (04) para conter confus\u00f5es. Outros 4 mil funcion\u00e1rios da institui\u00e7\u00e3o v\u00e3o participar do atendimento ao p\u00fablico. O telefone de informa\u00e7\u00f5es sobre o aux\u00edlio emergencial \u00e9 111.<\/p>\n<p class=\"texto\">A Caixa informou que 50 milh\u00f5es de pessoas receberam a primeira parcela do aux\u00edlio, totalizando pagamentos de R$ 35,5 bilh\u00f5es<\/p>\n<\/div>\n<\/div>\n<\/div>\n<\/div>\n<\/div>\n","protected":false},"excerpt":{"rendered":"<p>JC &#8211; O presidente da Caixa Econ\u00f4mica Federal, Pedro Guimar\u00e3es, disse neste s\u00e1bado (2), em entrevista coletiva, esperar que na pr\u00f3xima semana as ag\u00eancias da institui\u00e7\u00e3o \u201csejam mais r\u00e1pidas e eficientes\u201d no pagamento do aux\u00edlio emergencial do governo federal. Na \u00faltima semana, as filas se multiplicaram por todo o Pa\u00eds, gerando aglomera\u00e7\u00f5es, que est\u00e3o proibidas para conter a contamina\u00e7\u00e3o pelo\u00a0coronav\u00edrus. As ag\u00eancias da Caixa devem abrir \u00e0s 8h da manh\u00e3 desta segunda (4), para realizar o pagamento para quem nasceu at\u00e9 outubro. Na ter\u00e7a (5), recebem os que nasceram em novembro e dezembro. As pessoas interessadas em receber o aux\u00edlio emergencial podem se cadastrar at\u00e9 o dia 3 de julho. Ainda na coletiva, Guimar\u00e3es afirmou que os benefici\u00e1rios do Bolsa&hellip; <\/p>\n","protected":false},"author":1,"featured_media":256294,"comment_status":"closed","ping_status":"closed","sticky":false,"template":"","format":"standard","meta":{"_acf_changed":false,"footnotes":""},"categories":[1],"tags":[],"class_list":["post-256293","post","type-post","status-publish","format-standard","has-post-thumbnail","hentry","category-politica"],"acf":[],"yoast_head":"<!-- This site is optimized with the Yoast SEO plugin v27.4 - https:\/\/yoast.com\/product\/yoast-seo-wordpress\/ -->\n<title>Caixa amplia hor\u00e1rio de atendimento a partir desta segunda-feira - Blog do Farn\u00e9sio<\/title>\n<meta name=\"robots\" content=\"index, follow, max-snippet:-1, max-image-preview:large, max-video-preview:-1\" \/>\n<link rel=\"canonical\" href=\"https:\/\/blogdofarnesio.com.br\/?p=256293\" \/>\n<meta property=\"og:locale\" content=\"pt_BR\" \/>\n<meta property=\"og:type\" content=\"article\" \/>\n<meta property=\"og:title\" content=\"Caixa amplia hor\u00e1rio de atendimento a partir desta segunda-feira - Blog do Farn\u00e9sio\" \/>\n<meta property=\"og:description\" content=\"JC &#8211; O presidente da Caixa Econ\u00f4mica Federal, Pedro Guimar\u00e3es, disse neste s\u00e1bado (2), em entrevista coletiva, esperar que na pr\u00f3xima semana as ag\u00eancias da institui\u00e7\u00e3o \u201csejam mais r\u00e1pidas e eficientes\u201d no pagamento do aux\u00edlio emergencial do governo federal. Na \u00faltima semana, as filas se multiplicaram por todo o Pa\u00eds, gerando aglomera\u00e7\u00f5es, que est\u00e3o proibidas para conter a contamina\u00e7\u00e3o pelo\u00a0coronav\u00edrus. As ag\u00eancias da Caixa devem abrir \u00e0s 8h da manh\u00e3 desta segunda (4), para realizar o pagamento para quem nasceu at\u00e9 outubro. Na ter\u00e7a (5), recebem os que nasceram em novembro e dezembro. As pessoas interessadas em receber o aux\u00edlio emergencial podem se cadastrar at\u00e9 o dia 3 de julho. Ainda na coletiva, Guimar\u00e3es afirmou que os benefici\u00e1rios do Bolsa&hellip;\" \/>\n<meta property=\"og:url\" content=\"https:\/\/blogdofarnesio.com.br\/?p=256293\" \/>\n<meta property=\"og:site_name\" content=\"Blog do Farn\u00e9sio\" \/>\n<meta property=\"article:publisher\" content=\"https:\/\/www.facebook.com\/BlogQuerSaberPolitica\/\" \/>\n<meta property=\"article:published_time\" content=\"2020-05-04T11:02:23+00:00\" \/>\n<meta property=\"og:image\" content=\"https:\/\/blogdofarnesio.com.br\/wp-content\/uploads\/2020\/05\/blogqspcaixa-pres-pedro-guimar\u00e3es-Foto-Wilson-Dias-Ag\u00eancia-Brasil.jpg\" \/>\n\t<meta property=\"og:image:width\" content=\"748\" \/>\n\t<meta property=\"og:image:height\" content=\"410\" \/>\n\t<meta property=\"og:image:type\" content=\"image\/jpeg\" \/>\n<meta name=\"author\" content=\"Farn\u00e9sio\" \/>\n<meta name=\"twitter:card\" content=\"summary_large_image\" \/>\n<meta name=\"twitter:label1\" content=\"Escrito por\" \/>\n\t<meta name=\"twitter:data1\" content=\"Farn\u00e9sio\" \/>\n\t<meta name=\"twitter:label2\" content=\"Est. tempo de leitura\" \/>\n\t<meta name=\"twitter:data2\" content=\"2 minutos\" \/>\n<script type=\"application\/ld+json\" class=\"yoast-schema-graph\">{\"@context\":\"https:\\\/\\\/schema.org\",\"@graph\":[{\"@type\":\"Article\",\"@id\":\"https:\\\/\\\/blogdofarnesio.com.br\\\/?p=256293#article\",\"isPartOf\":{\"@id\":\"https:\\\/\\\/blogdofarnesio.com.br\\\/?p=256293\"},\"author\":{\"name\":\"Farn\u00e9sio\",\"@id\":\"https:\\\/\\\/blogdofarnesio.com.br\\\/#\\\/schema\\\/person\\\/301c4acf522bccbfdb45af95b5b906a1\"},\"headline\":\"Caixa amplia hor\u00e1rio de atendimento a partir desta segunda-feira\",\"datePublished\":\"2020-05-04T11:02:23+00:00\",\"mainEntityOfPage\":{\"@id\":\"https:\\\/\\\/blogdofarnesio.com.br\\\/?p=256293\"},\"wordCount\":335,\"publisher\":{\"@id\":\"https:\\\/\\\/blogdofarnesio.com.br\\\/#organization\"},\"image\":{\"@id\":\"https:\\\/\\\/blogdofarnesio.com.br\\\/?p=256293#primaryimage\"},\"thumbnailUrl\":\"https:\\\/\\\/blogdofarnesio.com.br\\\/wp-content\\\/uploads\\\/2020\\\/05\\\/blogqspcaixa-pres-pedro-guimar\u00e3es-Foto-Wilson-Dias-Ag\u00eancia-Brasil.jpg\",\"articleSection\":[\"Pol\u00edtica\"],\"inLanguage\":\"pt-BR\"},{\"@type\":\"WebPage\",\"@id\":\"https:\\\/\\\/blogdofarnesio.com.br\\\/?p=256293\",\"url\":\"https:\\\/\\\/blogdofarnesio.com.br\\\/?p=256293\",\"name\":\"Caixa amplia hor\u00e1rio de atendimento a partir desta segunda-feira - Blog do Farn\u00e9sio\",\"isPartOf\":{\"@id\":\"https:\\\/\\\/blogdofarnesio.com.br\\\/#website\"},\"primaryImageOfPage\":{\"@id\":\"https:\\\/\\\/blogdofarnesio.com.br\\\/?p=256293#primaryimage\"},\"image\":{\"@id\":\"https:\\\/\\\/blogdofarnesio.com.br\\\/?p=256293#primaryimage\"},\"thumbnailUrl\":\"https:\\\/\\\/blogdofarnesio.com.br\\\/wp-content\\\/uploads\\\/2020\\\/05\\\/blogqspcaixa-pres-pedro-guimar\u00e3es-Foto-Wilson-Dias-Ag\u00eancia-Brasil.jpg\",\"datePublished\":\"2020-05-04T11:02:23+00:00\",\"breadcrumb\":{\"@id\":\"https:\\\/\\\/blogdofarnesio.com.br\\\/?p=256293#breadcrumb\"},\"inLanguage\":\"pt-BR\",\"potentialAction\":[{\"@type\":\"ReadAction\",\"target\":[\"https:\\\/\\\/blogdofarnesio.com.br\\\/?p=256293\"]}]},{\"@type\":\"ImageObject\",\"inLanguage\":\"pt-BR\",\"@id\":\"https:\\\/\\\/blogdofarnesio.com.br\\\/?p=256293#primaryimage\",\"url\":\"https:\\\/\\\/blogdofarnesio.com.br\\\/wp-content\\\/uploads\\\/2020\\\/05\\\/blogqspcaixa-pres-pedro-guimar\u00e3es-Foto-Wilson-Dias-Ag\u00eancia-Brasil.jpg\",\"contentUrl\":\"https:\\\/\\\/blogdofarnesio.com.br\\\/wp-content\\\/uploads\\\/2020\\\/05\\\/blogqspcaixa-pres-pedro-guimar\u00e3es-Foto-Wilson-Dias-Ag\u00eancia-Brasil.jpg\",\"width\":748,\"height\":410},{\"@type\":\"BreadcrumbList\",\"@id\":\"https:\\\/\\\/blogdofarnesio.com.br\\\/?p=256293#breadcrumb\",\"itemListElement\":[{\"@type\":\"ListItem\",\"position\":1,\"name\":\"In\u00edcio\",\"item\":\"https:\\\/\\\/blogdofarnesio.com.br\\\/\"},{\"@type\":\"ListItem\",\"position\":2,\"name\":\"Caixa amplia hor\u00e1rio de atendimento a partir desta segunda-feira\"}]},{\"@type\":\"WebSite\",\"@id\":\"https:\\\/\\\/blogdofarnesio.com.br\\\/#website\",\"url\":\"https:\\\/\\\/blogdofarnesio.com.br\\\/\",\"name\":\"Blog do Farn\u00e9sio\",\"description\":\"Quer Saber Pol\u00edtica?\",\"publisher\":{\"@id\":\"https:\\\/\\\/blogdofarnesio.com.br\\\/#organization\"},\"potentialAction\":[{\"@type\":\"SearchAction\",\"target\":{\"@type\":\"EntryPoint\",\"urlTemplate\":\"https:\\\/\\\/blogdofarnesio.com.br\\\/?s={search_term_string}\"},\"query-input\":{\"@type\":\"PropertyValueSpecification\",\"valueRequired\":true,\"valueName\":\"search_term_string\"}}],\"inLanguage\":\"pt-BR\"},{\"@type\":\"Organization\",\"@id\":\"https:\\\/\\\/blogdofarnesio.com.br\\\/#organization\",\"name\":\"Blog do Farn\u00e9sio\",\"url\":\"https:\\\/\\\/blogdofarnesio.com.br\\\/\",\"logo\":{\"@type\":\"ImageObject\",\"inLanguage\":\"pt-BR\",\"@id\":\"https:\\\/\\\/blogdofarnesio.com.br\\\/#\\\/schema\\\/logo\\\/image\\\/\",\"url\":\"https:\\\/\\\/blogdofarnesio.com.br\\\/wp-content\\\/uploads\\\/2026\\\/03\\\/cropped-logo_new-1.png\",\"contentUrl\":\"https:\\\/\\\/blogdofarnesio.com.br\\\/wp-content\\\/uploads\\\/2026\\\/03\\\/cropped-logo_new-1.png\",\"width\":881,\"height\":685,\"caption\":\"Blog do Farn\u00e9sio\"},\"image\":{\"@id\":\"https:\\\/\\\/blogdofarnesio.com.br\\\/#\\\/schema\\\/logo\\\/image\\\/\"},\"sameAs\":[\"https:\\\/\\\/www.facebook.com\\\/BlogQuerSaberPolitica\\\/\"]},{\"@type\":\"Person\",\"@id\":\"https:\\\/\\\/blogdofarnesio.com.br\\\/#\\\/schema\\\/person\\\/301c4acf522bccbfdb45af95b5b906a1\",\"name\":\"Farn\u00e9sio\",\"image\":{\"@type\":\"ImageObject\",\"inLanguage\":\"pt-BR\",\"@id\":\"https:\\\/\\\/secure.gravatar.com\\\/avatar\\\/df0c9a14567c056f8ad6876ba5bbd1e3e2c48023eb6807342fc4663adf549f38?s=96&d=mm&r=g\",\"url\":\"https:\\\/\\\/secure.gravatar.com\\\/avatar\\\/df0c9a14567c056f8ad6876ba5bbd1e3e2c48023eb6807342fc4663adf549f38?s=96&d=mm&r=g\",\"contentUrl\":\"https:\\\/\\\/secure.gravatar.com\\\/avatar\\\/df0c9a14567c056f8ad6876ba5bbd1e3e2c48023eb6807342fc4663adf549f38?s=96&d=mm&r=g\",\"caption\":\"Farn\u00e9sio\"},\"sameAs\":[\"https:\\\/\\\/quersaberpolitica.com.br\"],\"url\":\"https:\\\/\\\/blogdofarnesio.com.br\\\/?author=1\"}]}<\/script>\n<!-- \/ Yoast SEO plugin. -->","yoast_head_json":{"title":"Caixa amplia hor\u00e1rio de atendimento a partir desta segunda-feira - Blog do Farn\u00e9sio","robots":{"index":"index","follow":"follow","max-snippet":"max-snippet:-1","max-image-preview":"max-image-preview:large","max-video-preview":"max-video-preview:-1"},"canonical":"https:\/\/blogdofarnesio.com.br\/?p=256293","og_locale":"pt_BR","og_type":"article","og_title":"Caixa amplia hor\u00e1rio de atendimento a partir desta segunda-feira - Blog do Farn\u00e9sio","og_description":"JC &#8211; O presidente da Caixa Econ\u00f4mica Federal, Pedro Guimar\u00e3es, disse neste s\u00e1bado (2), em entrevista coletiva, esperar que na pr\u00f3xima semana as ag\u00eancias da institui\u00e7\u00e3o \u201csejam mais r\u00e1pidas e eficientes\u201d no pagamento do aux\u00edlio emergencial do governo federal. Na \u00faltima semana, as filas se multiplicaram por todo o Pa\u00eds, gerando aglomera\u00e7\u00f5es, que est\u00e3o proibidas para conter a contamina\u00e7\u00e3o pelo\u00a0coronav\u00edrus. As ag\u00eancias da Caixa devem abrir \u00e0s 8h da manh\u00e3 desta segunda (4), para realizar o pagamento para quem nasceu at\u00e9 outubro. Na ter\u00e7a (5), recebem os que nasceram em novembro e dezembro. As pessoas interessadas em receber o aux\u00edlio emergencial podem se cadastrar at\u00e9 o dia 3 de julho. Ainda na coletiva, Guimar\u00e3es afirmou que os benefici\u00e1rios do Bolsa&hellip;","og_url":"https:\/\/blogdofarnesio.com.br\/?p=256293","og_site_name":"Blog do Farn\u00e9sio","article_publisher":"https:\/\/www.facebook.com\/BlogQuerSaberPolitica\/","article_published_time":"2020-05-04T11:02:23+00:00","og_image":[{"width":748,"height":410,"url":"https:\/\/blogdofarnesio.com.br\/wp-content\/uploads\/2020\/05\/blogqspcaixa-pres-pedro-guimar\u00e3es-Foto-Wilson-Dias-Ag\u00eancia-Brasil.jpg","type":"image\/jpeg"}],"author":"Farn\u00e9sio","twitter_card":"summary_large_image","twitter_misc":{"Escrito por":"Farn\u00e9sio","Est. tempo de leitura":"2 minutos"},"schema":{"@context":"https:\/\/schema.org","@graph":[{"@type":"Article","@id":"https:\/\/blogdofarnesio.com.br\/?p=256293#article","isPartOf":{"@id":"https:\/\/blogdofarnesio.com.br\/?p=256293"},"author":{"name":"Farn\u00e9sio","@id":"https:\/\/blogdofarnesio.com.br\/#\/schema\/person\/301c4acf522bccbfdb45af95b5b906a1"},"headline":"Caixa amplia hor\u00e1rio de atendimento a partir desta segunda-feira","datePublished":"2020-05-04T11:02:23+00:00","mainEntityOfPage":{"@id":"https:\/\/blogdofarnesio.com.br\/?p=256293"},"wordCount":335,"publisher":{"@id":"https:\/\/blogdofarnesio.com.br\/#organization"},"image":{"@id":"https:\/\/blogdofarnesio.com.br\/?p=256293#primaryimage"},"thumbnailUrl":"https:\/\/blogdofarnesio.com.br\/wp-content\/uploads\/2020\/05\/blogqspcaixa-pres-pedro-guimar\u00e3es-Foto-Wilson-Dias-Ag\u00eancia-Brasil.jpg","articleSection":["Pol\u00edtica"],"inLanguage":"pt-BR"},{"@type":"WebPage","@id":"https:\/\/blogdofarnesio.com.br\/?p=256293","url":"https:\/\/blogdofarnesio.com.br\/?p=256293","name":"Caixa amplia hor\u00e1rio de atendimento a partir desta segunda-feira - Blog do Farn\u00e9sio","isPartOf":{"@id":"https:\/\/blogdofarnesio.com.br\/#website"},"primaryImageOfPage":{"@id":"https:\/\/blogdofarnesio.com.br\/?p=256293#primaryimage"},"image":{"@id":"https:\/\/blogdofarnesio.com.br\/?p=256293#primaryimage"},"thumbnailUrl":"https:\/\/blogdofarnesio.com.br\/wp-content\/uploads\/2020\/05\/blogqspcaixa-pres-pedro-guimar\u00e3es-Foto-Wilson-Dias-Ag\u00eancia-Brasil.jpg","datePublished":"2020-05-04T11:02:23+00:00","breadcrumb":{"@id":"https:\/\/blogdofarnesio.com.br\/?p=256293#breadcrumb"},"inLanguage":"pt-BR","potentialAction":[{"@type":"ReadAction","target":["https:\/\/blogdofarnesio.com.br\/?p=256293"]}]},{"@type":"ImageObject","inLanguage":"pt-BR","@id":"https:\/\/blogdofarnesio.com.br\/?p=256293#primaryimage","url":"https:\/\/blogdofarnesio.com.br\/wp-content\/uploads\/2020\/05\/blogqspcaixa-pres-pedro-guimar\u00e3es-Foto-Wilson-Dias-Ag\u00eancia-Brasil.jpg","contentUrl":"https:\/\/blogdofarnesio.com.br\/wp-content\/uploads\/2020\/05\/blogqspcaixa-pres-pedro-guimar\u00e3es-Foto-Wilson-Dias-Ag\u00eancia-Brasil.jpg","width":748,"height":410},{"@type":"BreadcrumbList","@id":"https:\/\/blogdofarnesio.com.br\/?p=256293#breadcrumb","itemListElement":[{"@type":"ListItem","position":1,"name":"In\u00edcio","item":"https:\/\/blogdofarnesio.com.br\/"},{"@type":"ListItem","position":2,"name":"Caixa amplia hor\u00e1rio de atendimento a partir desta segunda-feira"}]},{"@type":"WebSite","@id":"https:\/\/blogdofarnesio.com.br\/#website","url":"https:\/\/blogdofarnesio.com.br\/","name":"Blog do Farn\u00e9sio","description":"Quer Saber Pol\u00edtica?","publisher":{"@id":"https:\/\/blogdofarnesio.com.br\/#organization"},"potentialAction":[{"@type":"SearchAction","target":{"@type":"EntryPoint","urlTemplate":"https:\/\/blogdofarnesio.com.br\/?s={search_term_string}"},"query-input":{"@type":"PropertyValueSpecification","valueRequired":true,"valueName":"search_term_string"}}],"inLanguage":"pt-BR"},{"@type":"Organization","@id":"https:\/\/blogdofarnesio.com.br\/#organization","name":"Blog do Farn\u00e9sio","url":"https:\/\/blogdofarnesio.com.br\/","logo":{"@type":"ImageObject","inLanguage":"pt-BR","@id":"https:\/\/blogdofarnesio.com.br\/#\/schema\/logo\/image\/","url":"https:\/\/blogdofarnesio.com.br\/wp-content\/uploads\/2026\/03\/cropped-logo_new-1.png","contentUrl":"https:\/\/blogdofarnesio.com.br\/wp-content\/uploads\/2026\/03\/cropped-logo_new-1.png","width":881,"height":685,"caption":"Blog do Farn\u00e9sio"},"image":{"@id":"https:\/\/blogdofarnesio.com.br\/#\/schema\/logo\/image\/"},"sameAs":["https:\/\/www.facebook.com\/BlogQuerSaberPolitica\/"]},{"@type":"Person","@id":"https:\/\/blogdofarnesio.com.br\/#\/schema\/person\/301c4acf522bccbfdb45af95b5b906a1","name":"Farn\u00e9sio","image":{"@type":"ImageObject","inLanguage":"pt-BR","@id":"https:\/\/secure.gravatar.com\/avatar\/df0c9a14567c056f8ad6876ba5bbd1e3e2c48023eb6807342fc4663adf549f38?s=96&d=mm&r=g","url":"https:\/\/secure.gravatar.com\/avatar\/df0c9a14567c056f8ad6876ba5bbd1e3e2c48023eb6807342fc4663adf549f38?s=96&d=mm&r=g","contentUrl":"https:\/\/secure.gravatar.com\/avatar\/df0c9a14567c056f8ad6876ba5bbd1e3e2c48023eb6807342fc4663adf549f38?s=96&d=mm&r=g","caption":"Farn\u00e9sio"},"sameAs":["https:\/\/quersaberpolitica.com.br"],"url":"https:\/\/blogdofarnesio.com.br\/?author=1"}]}},"_links":{"self":[{"href":"https:\/\/blogdofarnesio.com.br\/index.php?rest_route=\/wp\/v2\/posts\/256293","targetHints":{"allow":["GET"]}}],"collection":[{"href":"https:\/\/blogdofarnesio.com.br\/index.php?rest_route=\/wp\/v2\/posts"}],"about":[{"href":"https:\/\/blogdofarnesio.com.br\/index.php?rest_route=\/wp\/v2\/types\/post"}],"author":[{"embeddable":true,"href":"https:\/\/blogdofarnesio.com.br\/index.php?rest_route=\/wp\/v2\/users\/1"}],"replies":[{"embeddable":true,"href":"https:\/\/blogdofarnesio.com.br\/index.php?rest_route=%2Fwp%2Fv2%2Fcomments&post=256293"}],"version-history":[{"count":0,"href":"https:\/\/blogdofarnesio.com.br\/index.php?rest_route=\/wp\/v2\/posts\/256293\/revisions"}],"wp:featuredmedia":[{"embeddable":true,"href":"https:\/\/blogdofarnesio.com.br\/index.php?rest_route=\/wp\/v2\/media\/256294"}],"wp:attachment":[{"href":"https:\/\/blogdofarnesio.com.br\/index.php?rest_route=%2Fwp%2Fv2%2Fmedia&parent=256293"}],"wp:term":[{"taxonomy":"category","embeddable":true,"href":"https:\/\/blogdofarnesio.com.br\/index.php?rest_route=%2Fwp%2Fv2%2Fcategories&post=256293"},{"taxonomy":"post_tag","embeddable":true,"href":"https:\/\/blogdofarnesio.com.br\/index.php?rest_route=%2Fwp%2Fv2%2Ftags&post=256293"}],"curies":[{"name":"wp","href":"https:\/\/api.w.org\/{rel}","templated":true}]}}