{"id":256276,"date":"2020-05-03T11:30:48","date_gmt":"2020-05-03T14:30:48","guid":{"rendered":"http:\/\/quersaberpolitica.com.br\/2016\/?p=256276"},"modified":"2020-05-03T10:02:08","modified_gmt":"2020-05-03T13:02:08","slug":"ex-ministro-sergio-moro-presta-depoimento-de-mais-de-8-horas-na-pf-em-curitiba","status":"publish","type":"post","link":"https:\/\/blogdofarnesio.com.br\/?p=256276","title":{"rendered":"Ex-ministro Sergio Moro presta depoimento de mais de 8 horas na PF, em Curitiba"},"content":{"rendered":"<div class=\"row content-head non-featured \">\n<div class=\"title\"><\/div>\n<div class=\"medium-centered subtitle\">\n<h2 class=\"content-head__subtitle\">O inqu\u00e9rito investiga a acusa\u00e7\u00e3o de Moro de que o presidente Jair Bolsonaro tentou interferir politicamente nas investiga\u00e7\u00f5es da PF. Bolsonaro disse que as den\u00fancias s\u00e3o infundadas e nega que tenha buscado saber sobre investiga\u00e7\u00f5es e inqu\u00e9ritos em andamento.<\/h2>\n<\/div>\n<\/div>\n<div class=\"content__signa-share\">\n<div class=\"content__signature\">\n<div class=\"content-publication-data\">\n<div class=\"content-publication-data__text\">\n<p class=\"content-publication-data__from\" title=\"G1 PR\">Por G1 PR\u00a0\u2014 Curitiba<\/p>\n<\/div>\n<\/div>\n<\/div>\n<div class=\"content__share-bar\"><\/div>\n<\/div>\n<div class=\"mc-article-body\">\n<article>\n<div class=\"mc-column content-media content-video\" data-block-type=\"backstage-video\" data-block-id=\"0\">\n<div class=\"content-media__container\">\n<div class=\"content-video__bigger-player-description-fixer\">\n<article class=\"content-video\">\n<section class=\"content-video__video-container\">\n<div class=\"content-video__video\">\n<div class=\"content-video__placeholder\" data-video-id=\"8527882\"><img loading=\"lazy\" decoding=\"async\" class=\"content-video__placeholder__thumb aligncenter\" title=\"Sergio Moro presta depoimento de mais de 8 horas e entrega provas contra Bolsonaro \u00e0 PF\" src=\"https:\/\/s03.video.glbimg.com\/x720\/8527882.jpg\" alt=\"Sergio Moro presta depoimento de mais de 8 horas e entrega provas contra Bolsonaro \u00e0 PF\" width=\"660\" height=\"371\" \/><\/div>\n<\/div>\n<\/section>\n<\/article>\n<\/div>\n<p class=\"content-media__description\">Sergio Moro presta depoimento de mais de 8 horas e entrega provas contra Bolsonaro \u00e0 PF<\/p>\n<\/div>\n<\/div>\n<div class=\"mc-column content-text active-extra-styles \" data-block-type=\"unstyled\" data-block-weight=\"56\" data-block-id=\"2\">\n<p class=\"content-text__container \" data-track-category=\"Link no Texto\" data-track-links=\"\">O ex-ministro da Justi\u00e7a e Seguran\u00e7a P\u00fablica Sergio Moro prestou depoimento de mais de oito horas neste s\u00e1bado (2) na Superintend\u00eancia da Pol\u00edcia Federal (PF), em Curitiba. O\u00a0<a href=\"https:\/\/g1.globo.com\/pr\/parana\/noticia\/2020\/05\/02\/ex-ministro-sergio-moro-chega-para-depor-a-policia-federal-em-curitiba.ghtml\">depoimento come\u00e7ou pouco depois das 14h\u00a0<\/a>e terminou por volta das 22h40. Moro deixou o pr\u00e9dio no come\u00e7o da madrugada deste domingo (3), pelos fundos, sem dar entrevista.<\/p>\n<\/div>\n<div class=\"wall protected-content\">\n<div class=\"mc-column content-text active-extra-styles \" data-block-type=\"unstyled\" data-block-weight=\"42\" data-block-id=\"3\">\n<p class=\"content-text__container \" data-track-category=\"Link no Texto\" data-track-links=\"\">No depoimento, ele foi questionado sobre as acusa\u00e7\u00f5es de que o presidente Jair Bolsonaro tentou interferir no trabalho da PF e em inqu\u00e9ritos relacionados a familiares. As acusa\u00e7\u00f5es foram feitas pelo ex-ministro quando ele anunciou sua sa\u00edda do governo,\u00a0<a href=\"https:\/\/g1.globo.com\/politica\/noticia\/2020\/04\/24\/sergio-moro-ministerio-da-justica-governo-bolsonaro-frases.ghtml\">h\u00e1 uma semana.<\/a><\/p>\n<\/div>\n<div class=\"mc-column content-text active-extra-styles \" data-block-type=\"unstyled\" data-block-weight=\"35\" data-block-id=\"5\">\n<p class=\"content-text__container \" data-track-category=\"Link no Texto\" data-track-links=\"\">O\u00a0<a href=\"https:\/\/g1.globo.com\/politica\/noticia\/2020\/04\/27\/celso-de-mello-autoriza-inquerito-no-stf-sobre-discurso-de-moro-com-acusacoes-a-bolsonaro.ghtml\">inqu\u00e9rito foi autorizado pelo Supremo Tribunal Federal (STF)\u00a0<\/a>para investigar se as acusa\u00e7\u00f5es de Moro s\u00e3o verdadeiras. Se n\u00e3o forem, o ex-ministro poder\u00e1 responder na Justi\u00e7a por denuncia\u00e7\u00e3o caluniosa e crimes contra a honra.<\/p>\n<\/div>\n<div class=\"mc-column content-text active-extra-styles \" data-block-type=\"unstyled\" data-block-weight=\"44\" data-block-id=\"6\">\n<p class=\"content-text__container \" data-track-category=\"Link no Texto\" data-track-links=\"\">O depoimento foi determinado pelo ministro Celso de Mello, relator do caso, e foi colhido presencialmente por delegados da PF e acompanhado pelos procuradores que tiveram autoriza\u00e7\u00e3o do ministro do STF. S\u00e3o eles: Jo\u00e3o Paulo Lordelo Guimar\u00e3es Tavares, Antonio Morimoto e Hebert Reis Mesquita.<\/p>\n<\/div>\n<div class=\"mc-column content-text active-extra-styles \" data-block-type=\"unstyled\" data-block-weight=\"28\" data-block-id=\"7\">\n<p class=\"content-text__container \" data-track-category=\"Link no Texto\" data-track-links=\"\">De acordo com informa\u00e7\u00f5es da\u00a0<strong>RPC<\/strong>, Moro foi ouvido em uma sala ampla com a dist\u00e2ncia recomendada por causa do coronav\u00edrus e com Equipamentos de Prote\u00e7\u00e3o Individual (EPIs).<\/p>\n<\/div>\n<div class=\"mc-column content-text active-extra-styles \" data-block-type=\"unstyled\" data-block-weight=\"16\" data-block-id=\"9\">\n<p class=\"content-text__container \" data-track-category=\"Link no Texto\" data-track-links=\"\">O depoimento foi conduzido pela delegada Christiane Correa Machado, chefe do Servi\u00e7o de Inqu\u00e9ritos Especiais (Sinq)<\/p>\n<\/div>\n<div class=\"mc-column content-media content-video\" data-block-type=\"backstage-video\" data-block-id=\"10\">\n<div class=\"content-media__container\">\n<div class=\"content-video__bigger-player-description-fixer\">\n<article class=\"content-video\">\n<section class=\"content-video__video-container\">\n<div class=\"content-video__video\">\n<div class=\"content-video__placeholder\" data-video-id=\"8527929\"><img loading=\"lazy\" decoding=\"async\" class=\"content-video__placeholder__thumb aligncenter\" title=\"Em depoimento \u00e0 PF, Moro reitera den\u00fancias e apresenta novas provas contra Bolsonaro\" src=\"https:\/\/s02.video.glbimg.com\/x720\/8527929.jpg\" alt=\"Em depoimento \u00e0 PF, Moro reitera den\u00fancias e apresenta novas provas contra Bolsonaro\" width=\"654\" height=\"368\" \/><\/div>\n<\/div>\n<\/section>\n<\/article>\n<\/div>\n<p class=\"content-media__description\">Em depoimento \u00e0 PF, Moro reitera den\u00fancias e apresenta novas provas contra Bolsonaro<\/p>\n<\/div>\n<\/div>\n<div class=\"mc-column content-text active-extra-styles\" data-block-type=\"raw\" data-block-weight=\"3\" data-block-id=\"11\">\n<div class=\"content-intertitle\">\n<h2>Acusa\u00e7\u00f5es de Moro<\/h2>\n<\/div>\n<\/div>\n<div class=\"mc-column content-text active-extra-styles \" data-block-type=\"unstyled\" data-block-weight=\"36\" data-block-id=\"12\">\n<p class=\"content-text__container \" data-track-category=\"Link no Texto\" data-track-links=\"\">Mensagens trocadas pelo ex-ministro e reveladas pelo Jornal Nacional mostram que a deputada federal Carla Zambelli (PSL-SP) tentou convencer Moro a permanecer no cargo, em meio \u00e0 pol\u00eamica envolvendo a troca de comando da Pol\u00edcia Federal.<\/p>\n<\/div>\n<div class=\"mc-column content-text active-extra-styles \" data-block-type=\"unstyled\" data-block-weight=\"36\" data-block-id=\"13\">\n<p class=\"content-text__container \" data-track-category=\"Link no Texto\" data-track-links=\"\">A parlamentar se ofereceu para tentar convencer o presidente da Rep\u00fablica a indic\u00e1-lo para uma vaga de ministro do STF. Moro deixou o governo ap\u00f3s Bolsonaro ter demitido o delegado Maur\u00edcio Valeixo do comando da PF.<\/p>\n<\/div>\n<div class=\"mc-column content-text active-extra-styles \" data-block-type=\"unstyled\" data-block-weight=\"38\" data-block-id=\"14\">\n<p class=\"content-text__container \" data-track-category=\"Link no Texto\" data-track-links=\"\">O pedido de redu\u00e7\u00e3o do prazo para que Moro fosse ouvido foi enviado ao STF na tarde de quinta-feira (30) por tr\u00eas parlamentares: o senador Alessandro Vieira (Cidadania-SE) e os deputados Tabata Amaral (PDT-SP) e Felipe Rigoni (PSB-ES).<\/p>\n<\/div>\n<div class=\"mc-column content-text active-extra-styles \" data-block-type=\"unstyled\" data-block-weight=\"83\" data-block-id=\"15\">\n<p class=\"content-text__container \" data-track-category=\"Link no Texto\" data-track-links=\"\">\u201cA gravidade das acusa\u00e7\u00f5es dirigidas ao presidente da Rep\u00fablica, em nosso entendimento, somada \u00e0 grave crise pol\u00edtica pela qual atravessa o pa\u00eds, leva a crer que o prazo de 60 (sessenta) dias para a realiza\u00e7\u00e3o da dilig\u00eancia em tela pode se demonstrar excessivo, mormente porque o prolongamento da crise pol\u00edtica resulta em preju\u00edzos para o combate \u00e0s concomitantes crises na Sa\u00fade e na Economia. Nesse sentido, a elasticidade do prazo concedido pode redundar em iminente risco de perecimento das provas\u201d, argumentaram os congressistas.<\/p>\n<\/div>\n<\/div>\n<\/article>\n<\/div>\n","protected":false},"excerpt":{"rendered":"<p>O inqu\u00e9rito investiga a acusa\u00e7\u00e3o de Moro de que o presidente Jair Bolsonaro tentou interferir politicamente nas investiga\u00e7\u00f5es da PF. Bolsonaro disse que as den\u00fancias s\u00e3o infundadas e nega que tenha buscado saber sobre investiga\u00e7\u00f5es e inqu\u00e9ritos em andamento. Por G1 PR\u00a0\u2014 Curitiba Sergio Moro presta depoimento de mais de 8 horas e entrega provas contra Bolsonaro \u00e0 PF O ex-ministro da Justi\u00e7a e Seguran\u00e7a P\u00fablica Sergio Moro prestou depoimento de mais de oito horas neste s\u00e1bado (2) na Superintend\u00eancia da Pol\u00edcia Federal (PF), em Curitiba. O\u00a0depoimento come\u00e7ou pouco depois das 14h\u00a0e terminou por volta das 22h40. Moro deixou o pr\u00e9dio no come\u00e7o da madrugada deste domingo (3), pelos fundos, sem dar entrevista. No depoimento, ele foi questionado sobre as&hellip; <\/p>\n","protected":false},"author":1,"featured_media":247251,"comment_status":"closed","ping_status":"closed","sticky":false,"template":"","format":"standard","meta":{"_acf_changed":false,"footnotes":""},"categories":[1],"tags":[],"class_list":["post-256276","post","type-post","status-publish","format-standard","has-post-thumbnail","hentry","category-politica"],"acf":[],"yoast_head":"<!-- This site is optimized with the Yoast SEO plugin v27.4 - https:\/\/yoast.com\/product\/yoast-seo-wordpress\/ -->\n<title>Ex-ministro Sergio Moro presta depoimento de mais de 8 horas na PF, em Curitiba - Blog do Farn\u00e9sio<\/title>\n<meta name=\"robots\" content=\"index, follow, max-snippet:-1, max-image-preview:large, max-video-preview:-1\" \/>\n<link rel=\"canonical\" href=\"https:\/\/blogdofarnesio.com.br\/?p=256276\" \/>\n<meta property=\"og:locale\" content=\"pt_BR\" \/>\n<meta property=\"og:type\" content=\"article\" \/>\n<meta property=\"og:title\" content=\"Ex-ministro Sergio Moro presta depoimento de mais de 8 horas na PF, em Curitiba - Blog do Farn\u00e9sio\" \/>\n<meta property=\"og:description\" content=\"O inqu\u00e9rito investiga a acusa\u00e7\u00e3o de Moro de que o presidente Jair Bolsonaro tentou interferir politicamente nas investiga\u00e7\u00f5es da PF. Bolsonaro disse que as den\u00fancias s\u00e3o infundadas e nega que tenha buscado saber sobre investiga\u00e7\u00f5es e inqu\u00e9ritos em andamento. Por G1 PR\u00a0\u2014 Curitiba Sergio Moro presta depoimento de mais de 8 horas e entrega provas contra Bolsonaro \u00e0 PF O ex-ministro da Justi\u00e7a e Seguran\u00e7a P\u00fablica Sergio Moro prestou depoimento de mais de oito horas neste s\u00e1bado (2) na Superintend\u00eancia da Pol\u00edcia Federal (PF), em Curitiba. O\u00a0depoimento come\u00e7ou pouco depois das 14h\u00a0e terminou por volta das 22h40. Moro deixou o pr\u00e9dio no come\u00e7o da madrugada deste domingo (3), pelos fundos, sem dar entrevista. No depoimento, ele foi questionado sobre as&hellip;\" \/>\n<meta property=\"og:url\" content=\"https:\/\/blogdofarnesio.com.br\/?p=256276\" \/>\n<meta property=\"og:site_name\" content=\"Blog do Farn\u00e9sio\" \/>\n<meta property=\"article:publisher\" content=\"https:\/\/www.facebook.com\/BlogQuerSaberPolitica\/\" \/>\n<meta property=\"article:published_time\" content=\"2020-05-03T14:30:48+00:00\" \/>\n<meta property=\"og:image\" content=\"https:\/\/blogdofarnesio.com.br\/wp-content\/uploads\/2020\/01\/bolsonaro-integralismo-moro--e1578245627584.jpg\" \/>\n\t<meta property=\"og:image:width\" content=\"624\" \/>\n\t<meta property=\"og:image:height\" content=\"439\" \/>\n\t<meta property=\"og:image:type\" content=\"image\/jpeg\" \/>\n<meta name=\"author\" content=\"Farn\u00e9sio\" \/>\n<meta name=\"twitter:card\" content=\"summary_large_image\" \/>\n<meta name=\"twitter:label1\" content=\"Escrito por\" \/>\n\t<meta name=\"twitter:data1\" content=\"Farn\u00e9sio\" \/>\n\t<meta name=\"twitter:label2\" content=\"Est. tempo de leitura\" \/>\n\t<meta name=\"twitter:data2\" content=\"3 minutos\" \/>\n<script type=\"application\/ld+json\" class=\"yoast-schema-graph\">{\"@context\":\"https:\\\/\\\/schema.org\",\"@graph\":[{\"@type\":\"Article\",\"@id\":\"https:\\\/\\\/blogdofarnesio.com.br\\\/?p=256276#article\",\"isPartOf\":{\"@id\":\"https:\\\/\\\/blogdofarnesio.com.br\\\/?p=256276\"},\"author\":{\"name\":\"Farn\u00e9sio\",\"@id\":\"https:\\\/\\\/blogdofarnesio.com.br\\\/#\\\/schema\\\/person\\\/301c4acf522bccbfdb45af95b5b906a1\"},\"headline\":\"Ex-ministro Sergio Moro presta depoimento de mais de 8 horas na PF, em Curitiba\",\"datePublished\":\"2020-05-03T14:30:48+00:00\",\"mainEntityOfPage\":{\"@id\":\"https:\\\/\\\/blogdofarnesio.com.br\\\/?p=256276\"},\"wordCount\":548,\"publisher\":{\"@id\":\"https:\\\/\\\/blogdofarnesio.com.br\\\/#organization\"},\"image\":{\"@id\":\"https:\\\/\\\/blogdofarnesio.com.br\\\/?p=256276#primaryimage\"},\"thumbnailUrl\":\"https:\\\/\\\/blogdofarnesio.com.br\\\/wp-content\\\/uploads\\\/2020\\\/01\\\/bolsonaro-integralismo-moro--e1578245627584.jpg\",\"articleSection\":[\"Pol\u00edtica\"],\"inLanguage\":\"pt-BR\"},{\"@type\":\"WebPage\",\"@id\":\"https:\\\/\\\/blogdofarnesio.com.br\\\/?p=256276\",\"url\":\"https:\\\/\\\/blogdofarnesio.com.br\\\/?p=256276\",\"name\":\"Ex-ministro Sergio Moro presta depoimento de mais de 8 horas na PF, em Curitiba - Blog do Farn\u00e9sio\",\"isPartOf\":{\"@id\":\"https:\\\/\\\/blogdofarnesio.com.br\\\/#website\"},\"primaryImageOfPage\":{\"@id\":\"https:\\\/\\\/blogdofarnesio.com.br\\\/?p=256276#primaryimage\"},\"image\":{\"@id\":\"https:\\\/\\\/blogdofarnesio.com.br\\\/?p=256276#primaryimage\"},\"thumbnailUrl\":\"https:\\\/\\\/blogdofarnesio.com.br\\\/wp-content\\\/uploads\\\/2020\\\/01\\\/bolsonaro-integralismo-moro--e1578245627584.jpg\",\"datePublished\":\"2020-05-03T14:30:48+00:00\",\"breadcrumb\":{\"@id\":\"https:\\\/\\\/blogdofarnesio.com.br\\\/?p=256276#breadcrumb\"},\"inLanguage\":\"pt-BR\",\"potentialAction\":[{\"@type\":\"ReadAction\",\"target\":[\"https:\\\/\\\/blogdofarnesio.com.br\\\/?p=256276\"]}]},{\"@type\":\"ImageObject\",\"inLanguage\":\"pt-BR\",\"@id\":\"https:\\\/\\\/blogdofarnesio.com.br\\\/?p=256276#primaryimage\",\"url\":\"https:\\\/\\\/blogdofarnesio.com.br\\\/wp-content\\\/uploads\\\/2020\\\/01\\\/bolsonaro-integralismo-moro--e1578245627584.jpg\",\"contentUrl\":\"https:\\\/\\\/blogdofarnesio.com.br\\\/wp-content\\\/uploads\\\/2020\\\/01\\\/bolsonaro-integralismo-moro--e1578245627584.jpg\",\"width\":624,\"height\":439},{\"@type\":\"BreadcrumbList\",\"@id\":\"https:\\\/\\\/blogdofarnesio.com.br\\\/?p=256276#breadcrumb\",\"itemListElement\":[{\"@type\":\"ListItem\",\"position\":1,\"name\":\"In\u00edcio\",\"item\":\"https:\\\/\\\/blogdofarnesio.com.br\\\/\"},{\"@type\":\"ListItem\",\"position\":2,\"name\":\"Ex-ministro Sergio Moro presta depoimento de mais de 8 horas na PF, em Curitiba\"}]},{\"@type\":\"WebSite\",\"@id\":\"https:\\\/\\\/blogdofarnesio.com.br\\\/#website\",\"url\":\"https:\\\/\\\/blogdofarnesio.com.br\\\/\",\"name\":\"Blog do Farn\u00e9sio\",\"description\":\"Quer Saber Pol\u00edtica?\",\"publisher\":{\"@id\":\"https:\\\/\\\/blogdofarnesio.com.br\\\/#organization\"},\"potentialAction\":[{\"@type\":\"SearchAction\",\"target\":{\"@type\":\"EntryPoint\",\"urlTemplate\":\"https:\\\/\\\/blogdofarnesio.com.br\\\/?s={search_term_string}\"},\"query-input\":{\"@type\":\"PropertyValueSpecification\",\"valueRequired\":true,\"valueName\":\"search_term_string\"}}],\"inLanguage\":\"pt-BR\"},{\"@type\":\"Organization\",\"@id\":\"https:\\\/\\\/blogdofarnesio.com.br\\\/#organization\",\"name\":\"Blog do Farn\u00e9sio\",\"url\":\"https:\\\/\\\/blogdofarnesio.com.br\\\/\",\"logo\":{\"@type\":\"ImageObject\",\"inLanguage\":\"pt-BR\",\"@id\":\"https:\\\/\\\/blogdofarnesio.com.br\\\/#\\\/schema\\\/logo\\\/image\\\/\",\"url\":\"https:\\\/\\\/blogdofarnesio.com.br\\\/wp-content\\\/uploads\\\/2026\\\/03\\\/cropped-logo_new-1.png\",\"contentUrl\":\"https:\\\/\\\/blogdofarnesio.com.br\\\/wp-content\\\/uploads\\\/2026\\\/03\\\/cropped-logo_new-1.png\",\"width\":881,\"height\":685,\"caption\":\"Blog do Farn\u00e9sio\"},\"image\":{\"@id\":\"https:\\\/\\\/blogdofarnesio.com.br\\\/#\\\/schema\\\/logo\\\/image\\\/\"},\"sameAs\":[\"https:\\\/\\\/www.facebook.com\\\/BlogQuerSaberPolitica\\\/\"]},{\"@type\":\"Person\",\"@id\":\"https:\\\/\\\/blogdofarnesio.com.br\\\/#\\\/schema\\\/person\\\/301c4acf522bccbfdb45af95b5b906a1\",\"name\":\"Farn\u00e9sio\",\"image\":{\"@type\":\"ImageObject\",\"inLanguage\":\"pt-BR\",\"@id\":\"https:\\\/\\\/secure.gravatar.com\\\/avatar\\\/df0c9a14567c056f8ad6876ba5bbd1e3e2c48023eb6807342fc4663adf549f38?s=96&d=mm&r=g\",\"url\":\"https:\\\/\\\/secure.gravatar.com\\\/avatar\\\/df0c9a14567c056f8ad6876ba5bbd1e3e2c48023eb6807342fc4663adf549f38?s=96&d=mm&r=g\",\"contentUrl\":\"https:\\\/\\\/secure.gravatar.com\\\/avatar\\\/df0c9a14567c056f8ad6876ba5bbd1e3e2c48023eb6807342fc4663adf549f38?s=96&d=mm&r=g\",\"caption\":\"Farn\u00e9sio\"},\"sameAs\":[\"https:\\\/\\\/quersaberpolitica.com.br\"],\"url\":\"https:\\\/\\\/blogdofarnesio.com.br\\\/?author=1\"}]}<\/script>\n<!-- \/ Yoast SEO plugin. -->","yoast_head_json":{"title":"Ex-ministro Sergio Moro presta depoimento de mais de 8 horas na PF, em Curitiba - Blog do Farn\u00e9sio","robots":{"index":"index","follow":"follow","max-snippet":"max-snippet:-1","max-image-preview":"max-image-preview:large","max-video-preview":"max-video-preview:-1"},"canonical":"https:\/\/blogdofarnesio.com.br\/?p=256276","og_locale":"pt_BR","og_type":"article","og_title":"Ex-ministro Sergio Moro presta depoimento de mais de 8 horas na PF, em Curitiba - Blog do Farn\u00e9sio","og_description":"O inqu\u00e9rito investiga a acusa\u00e7\u00e3o de Moro de que o presidente Jair Bolsonaro tentou interferir politicamente nas investiga\u00e7\u00f5es da PF. Bolsonaro disse que as den\u00fancias s\u00e3o infundadas e nega que tenha buscado saber sobre investiga\u00e7\u00f5es e inqu\u00e9ritos em andamento. Por G1 PR\u00a0\u2014 Curitiba Sergio Moro presta depoimento de mais de 8 horas e entrega provas contra Bolsonaro \u00e0 PF O ex-ministro da Justi\u00e7a e Seguran\u00e7a P\u00fablica Sergio Moro prestou depoimento de mais de oito horas neste s\u00e1bado (2) na Superintend\u00eancia da Pol\u00edcia Federal (PF), em Curitiba. O\u00a0depoimento come\u00e7ou pouco depois das 14h\u00a0e terminou por volta das 22h40. Moro deixou o pr\u00e9dio no come\u00e7o da madrugada deste domingo (3), pelos fundos, sem dar entrevista. No depoimento, ele foi questionado sobre as&hellip;","og_url":"https:\/\/blogdofarnesio.com.br\/?p=256276","og_site_name":"Blog do Farn\u00e9sio","article_publisher":"https:\/\/www.facebook.com\/BlogQuerSaberPolitica\/","article_published_time":"2020-05-03T14:30:48+00:00","og_image":[{"width":624,"height":439,"url":"https:\/\/blogdofarnesio.com.br\/wp-content\/uploads\/2020\/01\/bolsonaro-integralismo-moro--e1578245627584.jpg","type":"image\/jpeg"}],"author":"Farn\u00e9sio","twitter_card":"summary_large_image","twitter_misc":{"Escrito por":"Farn\u00e9sio","Est. tempo de leitura":"3 minutos"},"schema":{"@context":"https:\/\/schema.org","@graph":[{"@type":"Article","@id":"https:\/\/blogdofarnesio.com.br\/?p=256276#article","isPartOf":{"@id":"https:\/\/blogdofarnesio.com.br\/?p=256276"},"author":{"name":"Farn\u00e9sio","@id":"https:\/\/blogdofarnesio.com.br\/#\/schema\/person\/301c4acf522bccbfdb45af95b5b906a1"},"headline":"Ex-ministro Sergio Moro presta depoimento de mais de 8 horas na PF, em Curitiba","datePublished":"2020-05-03T14:30:48+00:00","mainEntityOfPage":{"@id":"https:\/\/blogdofarnesio.com.br\/?p=256276"},"wordCount":548,"publisher":{"@id":"https:\/\/blogdofarnesio.com.br\/#organization"},"image":{"@id":"https:\/\/blogdofarnesio.com.br\/?p=256276#primaryimage"},"thumbnailUrl":"https:\/\/blogdofarnesio.com.br\/wp-content\/uploads\/2020\/01\/bolsonaro-integralismo-moro--e1578245627584.jpg","articleSection":["Pol\u00edtica"],"inLanguage":"pt-BR"},{"@type":"WebPage","@id":"https:\/\/blogdofarnesio.com.br\/?p=256276","url":"https:\/\/blogdofarnesio.com.br\/?p=256276","name":"Ex-ministro Sergio Moro presta depoimento de mais de 8 horas na PF, em Curitiba - Blog do Farn\u00e9sio","isPartOf":{"@id":"https:\/\/blogdofarnesio.com.br\/#website"},"primaryImageOfPage":{"@id":"https:\/\/blogdofarnesio.com.br\/?p=256276#primaryimage"},"image":{"@id":"https:\/\/blogdofarnesio.com.br\/?p=256276#primaryimage"},"thumbnailUrl":"https:\/\/blogdofarnesio.com.br\/wp-content\/uploads\/2020\/01\/bolsonaro-integralismo-moro--e1578245627584.jpg","datePublished":"2020-05-03T14:30:48+00:00","breadcrumb":{"@id":"https:\/\/blogdofarnesio.com.br\/?p=256276#breadcrumb"},"inLanguage":"pt-BR","potentialAction":[{"@type":"ReadAction","target":["https:\/\/blogdofarnesio.com.br\/?p=256276"]}]},{"@type":"ImageObject","inLanguage":"pt-BR","@id":"https:\/\/blogdofarnesio.com.br\/?p=256276#primaryimage","url":"https:\/\/blogdofarnesio.com.br\/wp-content\/uploads\/2020\/01\/bolsonaro-integralismo-moro--e1578245627584.jpg","contentUrl":"https:\/\/blogdofarnesio.com.br\/wp-content\/uploads\/2020\/01\/bolsonaro-integralismo-moro--e1578245627584.jpg","width":624,"height":439},{"@type":"BreadcrumbList","@id":"https:\/\/blogdofarnesio.com.br\/?p=256276#breadcrumb","itemListElement":[{"@type":"ListItem","position":1,"name":"In\u00edcio","item":"https:\/\/blogdofarnesio.com.br\/"},{"@type":"ListItem","position":2,"name":"Ex-ministro Sergio Moro presta depoimento de mais de 8 horas na PF, em Curitiba"}]},{"@type":"WebSite","@id":"https:\/\/blogdofarnesio.com.br\/#website","url":"https:\/\/blogdofarnesio.com.br\/","name":"Blog do Farn\u00e9sio","description":"Quer Saber Pol\u00edtica?","publisher":{"@id":"https:\/\/blogdofarnesio.com.br\/#organization"},"potentialAction":[{"@type":"SearchAction","target":{"@type":"EntryPoint","urlTemplate":"https:\/\/blogdofarnesio.com.br\/?s={search_term_string}"},"query-input":{"@type":"PropertyValueSpecification","valueRequired":true,"valueName":"search_term_string"}}],"inLanguage":"pt-BR"},{"@type":"Organization","@id":"https:\/\/blogdofarnesio.com.br\/#organization","name":"Blog do Farn\u00e9sio","url":"https:\/\/blogdofarnesio.com.br\/","logo":{"@type":"ImageObject","inLanguage":"pt-BR","@id":"https:\/\/blogdofarnesio.com.br\/#\/schema\/logo\/image\/","url":"https:\/\/blogdofarnesio.com.br\/wp-content\/uploads\/2026\/03\/cropped-logo_new-1.png","contentUrl":"https:\/\/blogdofarnesio.com.br\/wp-content\/uploads\/2026\/03\/cropped-logo_new-1.png","width":881,"height":685,"caption":"Blog do Farn\u00e9sio"},"image":{"@id":"https:\/\/blogdofarnesio.com.br\/#\/schema\/logo\/image\/"},"sameAs":["https:\/\/www.facebook.com\/BlogQuerSaberPolitica\/"]},{"@type":"Person","@id":"https:\/\/blogdofarnesio.com.br\/#\/schema\/person\/301c4acf522bccbfdb45af95b5b906a1","name":"Farn\u00e9sio","image":{"@type":"ImageObject","inLanguage":"pt-BR","@id":"https:\/\/secure.gravatar.com\/avatar\/df0c9a14567c056f8ad6876ba5bbd1e3e2c48023eb6807342fc4663adf549f38?s=96&d=mm&r=g","url":"https:\/\/secure.gravatar.com\/avatar\/df0c9a14567c056f8ad6876ba5bbd1e3e2c48023eb6807342fc4663adf549f38?s=96&d=mm&r=g","contentUrl":"https:\/\/secure.gravatar.com\/avatar\/df0c9a14567c056f8ad6876ba5bbd1e3e2c48023eb6807342fc4663adf549f38?s=96&d=mm&r=g","caption":"Farn\u00e9sio"},"sameAs":["https:\/\/quersaberpolitica.com.br"],"url":"https:\/\/blogdofarnesio.com.br\/?author=1"}]}},"_links":{"self":[{"href":"https:\/\/blogdofarnesio.com.br\/index.php?rest_route=\/wp\/v2\/posts\/256276","targetHints":{"allow":["GET"]}}],"collection":[{"href":"https:\/\/blogdofarnesio.com.br\/index.php?rest_route=\/wp\/v2\/posts"}],"about":[{"href":"https:\/\/blogdofarnesio.com.br\/index.php?rest_route=\/wp\/v2\/types\/post"}],"author":[{"embeddable":true,"href":"https:\/\/blogdofarnesio.com.br\/index.php?rest_route=\/wp\/v2\/users\/1"}],"replies":[{"embeddable":true,"href":"https:\/\/blogdofarnesio.com.br\/index.php?rest_route=%2Fwp%2Fv2%2Fcomments&post=256276"}],"version-history":[{"count":0,"href":"https:\/\/blogdofarnesio.com.br\/index.php?rest_route=\/wp\/v2\/posts\/256276\/revisions"}],"wp:featuredmedia":[{"embeddable":true,"href":"https:\/\/blogdofarnesio.com.br\/index.php?rest_route=\/wp\/v2\/media\/247251"}],"wp:attachment":[{"href":"https:\/\/blogdofarnesio.com.br\/index.php?rest_route=%2Fwp%2Fv2%2Fmedia&parent=256276"}],"wp:term":[{"taxonomy":"category","embeddable":true,"href":"https:\/\/blogdofarnesio.com.br\/index.php?rest_route=%2Fwp%2Fv2%2Fcategories&post=256276"},{"taxonomy":"post_tag","embeddable":true,"href":"https:\/\/blogdofarnesio.com.br\/index.php?rest_route=%2Fwp%2Fv2%2Ftags&post=256276"}],"curies":[{"name":"wp","href":"https:\/\/api.w.org\/{rel}","templated":true}]}}