{"id":254994,"date":"2020-04-15T19:47:09","date_gmt":"2020-04-15T22:47:09","guid":{"rendered":"http:\/\/quersaberpolitica.com.br\/2016\/?p=254994"},"modified":"2020-04-15T19:47:49","modified_gmt":"2020-04-15T22:47:49","slug":"mais-dois-casos-sao-confirmados-em-petrolina-apos-testes-rapidos-que-comecaram-a-ser-aplicados-em-petrolina","status":"publish","type":"post","link":"https:\/\/blogdofarnesio.com.br\/2020\/04\/mais-dois-casos-sao-confirmados-em-petrolina-apos-testes-rapidos-que-comecaram-a-ser-aplicados-em-petrolina\/","title":{"rendered":"Mais dois casos s\u00e3o confirmados da Covid-19 em Petrolina, ap\u00f3s testes r\u00e1pidos que come\u00e7aram a ser aplicados em Petrolina"},"content":{"rendered":"<p style=\"font-weight: 400;\">Pessoas com suspeita de terem o novo coronav\u00edrus (Covid-19) come\u00e7aram a ser testadas nesta quarta-feira (15) em Petrolina.\u00a0 Os testes est\u00e3o sendo realizados em moradores que est\u00e3o com sintomas leves h\u00e1 mais de oito dias, como orienta o Minist\u00e9rio da Sa\u00fade. Os resultados dos testes r\u00e1pidos saem em at\u00e9 10 minutos.<\/p>\n<p style=\"font-weight: 400;\">Dos 9 testes realizados nesta quarta-feira, 2 deram positivo para Covid-19 e 7 foram descartados. Os casos positivados atrav\u00e9s dos testes r\u00e1pidos s\u00e3o duas pacientes, uma de 28 anos e a outra de 34. Ambas tiveram contato com pacientes de Petrolina que foram testados positivos pelo laborat\u00f3rio do estado. Um dos casos positivos j\u00e1 cumpriu o isolamento domiciliar de 14 dias e est\u00e1 sem sintomas &#8211; considerando cura cl\u00ednica, enquanto a outra paciente vai continuar em isolamento e sendo monitorada.<\/p>\n<p style=\"font-weight: 400;\">A Secretaria de Sa\u00fade informa que \u00e9 necess\u00e1rio refor\u00e7ar que o teste r\u00e1pido \u00e9 uma metodologia de triagem, n\u00e3o de diagn\u00f3stico. Os pacientes que apresentaram laudo positivo precisar\u00e3o cumprir as medidas de isolamento, durante 14 dias. J\u00e1 os que deram negativo, devem retornar \u00e0s suas atividades normais. A testagem em pessoas que vinham sendo monitoradas continua nos pr\u00f3ximos dias.<\/p>\n<p style=\"font-weight: 400;\"><strong>Boletim<\/strong><\/p>\n<p style=\"font-weight: 400;\">O boletim com dados dos testes realizados pelo laborat\u00f3rio do governo do estado continua com 6 casos confirmados para Covid-19, com um deles j\u00e1 recuperado. Em investiga\u00e7\u00e3o s\u00e3o 10 casos e descartados somam 17 casos. Nenhuma morte foi registrada.<\/p>\n<p style=\"font-weight: 400;\">Quanto aos dados relacionados \u00e0 S\u00edndrome Respirat\u00f3ria Aguda Grave (SRAG), o boletim aponta que 3 casos s\u00e3o investigados e 28 foram descartados. Confirmados somam 9 casos, al\u00e9m de 1 \u00f3bito. A Secretaria de Sa\u00fade continua monitorando todos os casos suspeitos e confirmados dessas doen\u00e7as.<\/p>\n<p style=\"font-weight: 400;\">&#8212;&#8212;&#8212;&#8212;&#8212;&#8212;&#8212;&#8212;&#8212;&#8212;&#8212;<\/p>\n<p style=\"font-weight: 400;\">Foto: Jonas Santos<\/p>\n<p>Texto\u00a0: Duda Oliveira \u2013 Assessor de Comunica\u00e7\u00e3o<\/p>\n","protected":false},"excerpt":{"rendered":"<p>Pessoas com suspeita de terem o novo coronav\u00edrus (Covid-19) come\u00e7aram a ser testadas nesta quarta-feira (15) em Petrolina.\u00a0 Os testes est\u00e3o sendo realizados em moradores que est\u00e3o com sintomas leves h\u00e1 mais de oito dias, como orienta o Minist\u00e9rio da Sa\u00fade. Os resultados dos testes r\u00e1pidos saem em at\u00e9 10 minutos. Dos 9 testes realizados nesta quarta-feira, 2 deram positivo para Covid-19 e 7 foram descartados. Os casos positivados atrav\u00e9s dos testes r\u00e1pidos s\u00e3o duas pacientes, uma de 28 anos e a outra de 34. Ambas tiveram contato com pacientes de Petrolina que foram testados positivos pelo laborat\u00f3rio do estado. Um dos casos positivos j\u00e1 cumpriu o isolamento domiciliar de 14 dias e est\u00e1 sem sintomas &#8211; considerando cura cl\u00ednica,&hellip; <\/p>\n","protected":false},"author":1,"featured_media":254858,"comment_status":"closed","ping_status":"closed","sticky":false,"template":"","format":"standard","meta":{"_acf_changed":false,"footnotes":""},"categories":[4],"tags":[],"class_list":["post-254994","post","type-post","status-publish","format-standard","has-post-thumbnail","hentry","category-saude"],"acf":[],"yoast_head":"<!-- This site is optimized with the Yoast SEO plugin v27.5 - https:\/\/yoast.com\/product\/yoast-seo-wordpress\/ -->\n<title>Mais dois casos s\u00e3o confirmados da Covid-19 em Petrolina, ap\u00f3s testes r\u00e1pidos que come\u00e7aram a ser aplicados em Petrolina - Blog do Farn\u00e9sio<\/title>\n<meta name=\"robots\" content=\"index, follow, max-snippet:-1, max-image-preview:large, max-video-preview:-1\" \/>\n<link rel=\"canonical\" href=\"https:\/\/blogdofarnesio.com.br\/2020\/04\/mais-dois-casos-sao-confirmados-em-petrolina-apos-testes-rapidos-que-comecaram-a-ser-aplicados-em-petrolina\/\" \/>\n<meta property=\"og:locale\" content=\"pt_BR\" \/>\n<meta property=\"og:type\" content=\"article\" \/>\n<meta property=\"og:title\" content=\"Mais dois casos s\u00e3o confirmados da Covid-19 em Petrolina, ap\u00f3s testes r\u00e1pidos que come\u00e7aram a ser aplicados em Petrolina - Blog do Farn\u00e9sio\" \/>\n<meta property=\"og:description\" content=\"Pessoas com suspeita de terem o novo coronav\u00edrus (Covid-19) come\u00e7aram a ser testadas nesta quarta-feira (15) em Petrolina.\u00a0 Os testes est\u00e3o sendo realizados em moradores que est\u00e3o com sintomas leves h\u00e1 mais de oito dias, como orienta o Minist\u00e9rio da Sa\u00fade. Os resultados dos testes r\u00e1pidos saem em at\u00e9 10 minutos. Dos 9 testes realizados nesta quarta-feira, 2 deram positivo para Covid-19 e 7 foram descartados. Os casos positivados atrav\u00e9s dos testes r\u00e1pidos s\u00e3o duas pacientes, uma de 28 anos e a outra de 34. Ambas tiveram contato com pacientes de Petrolina que foram testados positivos pelo laborat\u00f3rio do estado. Um dos casos positivos j\u00e1 cumpriu o isolamento domiciliar de 14 dias e est\u00e1 sem sintomas &#8211; considerando cura cl\u00ednica,&hellip;\" \/>\n<meta property=\"og:url\" content=\"https:\/\/blogdofarnesio.com.br\/2020\/04\/mais-dois-casos-sao-confirmados-em-petrolina-apos-testes-rapidos-que-comecaram-a-ser-aplicados-em-petrolina\/\" \/>\n<meta property=\"og:site_name\" content=\"Blog do Farn\u00e9sio\" \/>\n<meta property=\"article:publisher\" content=\"https:\/\/www.facebook.com\/BlogQuerSaberPolitica\/\" \/>\n<meta property=\"article:published_time\" content=\"2020-04-15T22:47:09+00:00\" \/>\n<meta property=\"article:modified_time\" content=\"2020-04-15T22:47:49+00:00\" \/>\n<meta property=\"og:image\" content=\"https:\/\/blogdofarnesio.com.br\/wp-content\/uploads\/2020\/04\/blogqspcoronavirus-testagem.jpg\" \/>\n\t<meta property=\"og:image:width\" content=\"380\" \/>\n\t<meta property=\"og:image:height\" content=\"280\" \/>\n\t<meta property=\"og:image:type\" content=\"image\/jpeg\" \/>\n<meta name=\"author\" content=\"Farn\u00e9sio\" \/>\n<meta name=\"twitter:card\" content=\"summary_large_image\" \/>\n<meta name=\"twitter:label1\" content=\"Escrito por\" \/>\n\t<meta name=\"twitter:data1\" content=\"Farn\u00e9sio\" \/>\n\t<meta name=\"twitter:label2\" content=\"Est. tempo de leitura\" \/>\n\t<meta name=\"twitter:data2\" content=\"1 minuto\" \/>\n<script type=\"application\/ld+json\" class=\"yoast-schema-graph\">{\"@context\":\"https:\\\/\\\/schema.org\",\"@graph\":[{\"@type\":\"Article\",\"@id\":\"https:\\\/\\\/blogdofarnesio.com.br\\\/2020\\\/04\\\/mais-dois-casos-sao-confirmados-em-petrolina-apos-testes-rapidos-que-comecaram-a-ser-aplicados-em-petrolina\\\/#article\",\"isPartOf\":{\"@id\":\"https:\\\/\\\/blogdofarnesio.com.br\\\/2020\\\/04\\\/mais-dois-casos-sao-confirmados-em-petrolina-apos-testes-rapidos-que-comecaram-a-ser-aplicados-em-petrolina\\\/\"},\"author\":{\"name\":\"Farn\u00e9sio\",\"@id\":\"https:\\\/\\\/blogdofarnesio.com.br\\\/#\\\/schema\\\/person\\\/301c4acf522bccbfdb45af95b5b906a1\"},\"headline\":\"Mais dois casos s\u00e3o confirmados da Covid-19 em Petrolina, ap\u00f3s testes r\u00e1pidos que come\u00e7aram a ser aplicados em Petrolina\",\"datePublished\":\"2020-04-15T22:47:09+00:00\",\"dateModified\":\"2020-04-15T22:47:49+00:00\",\"mainEntityOfPage\":{\"@id\":\"https:\\\/\\\/blogdofarnesio.com.br\\\/2020\\\/04\\\/mais-dois-casos-sao-confirmados-em-petrolina-apos-testes-rapidos-que-comecaram-a-ser-aplicados-em-petrolina\\\/\"},\"wordCount\":318,\"publisher\":{\"@id\":\"https:\\\/\\\/blogdofarnesio.com.br\\\/#organization\"},\"image\":{\"@id\":\"https:\\\/\\\/blogdofarnesio.com.br\\\/2020\\\/04\\\/mais-dois-casos-sao-confirmados-em-petrolina-apos-testes-rapidos-que-comecaram-a-ser-aplicados-em-petrolina\\\/#primaryimage\"},\"thumbnailUrl\":\"https:\\\/\\\/blogdofarnesio.com.br\\\/wp-content\\\/uploads\\\/2020\\\/04\\\/blogqspcoronavirus-testagem.jpg\",\"articleSection\":[\"Sa\u00fade\"],\"inLanguage\":\"pt-BR\"},{\"@type\":\"WebPage\",\"@id\":\"https:\\\/\\\/blogdofarnesio.com.br\\\/2020\\\/04\\\/mais-dois-casos-sao-confirmados-em-petrolina-apos-testes-rapidos-que-comecaram-a-ser-aplicados-em-petrolina\\\/\",\"url\":\"https:\\\/\\\/blogdofarnesio.com.br\\\/2020\\\/04\\\/mais-dois-casos-sao-confirmados-em-petrolina-apos-testes-rapidos-que-comecaram-a-ser-aplicados-em-petrolina\\\/\",\"name\":\"Mais dois casos s\u00e3o confirmados da Covid-19 em Petrolina, ap\u00f3s testes r\u00e1pidos que come\u00e7aram a ser aplicados em Petrolina - Blog do Farn\u00e9sio\",\"isPartOf\":{\"@id\":\"https:\\\/\\\/blogdofarnesio.com.br\\\/#website\"},\"primaryImageOfPage\":{\"@id\":\"https:\\\/\\\/blogdofarnesio.com.br\\\/2020\\\/04\\\/mais-dois-casos-sao-confirmados-em-petrolina-apos-testes-rapidos-que-comecaram-a-ser-aplicados-em-petrolina\\\/#primaryimage\"},\"image\":{\"@id\":\"https:\\\/\\\/blogdofarnesio.com.br\\\/2020\\\/04\\\/mais-dois-casos-sao-confirmados-em-petrolina-apos-testes-rapidos-que-comecaram-a-ser-aplicados-em-petrolina\\\/#primaryimage\"},\"thumbnailUrl\":\"https:\\\/\\\/blogdofarnesio.com.br\\\/wp-content\\\/uploads\\\/2020\\\/04\\\/blogqspcoronavirus-testagem.jpg\",\"datePublished\":\"2020-04-15T22:47:09+00:00\",\"dateModified\":\"2020-04-15T22:47:49+00:00\",\"breadcrumb\":{\"@id\":\"https:\\\/\\\/blogdofarnesio.com.br\\\/2020\\\/04\\\/mais-dois-casos-sao-confirmados-em-petrolina-apos-testes-rapidos-que-comecaram-a-ser-aplicados-em-petrolina\\\/#breadcrumb\"},\"inLanguage\":\"pt-BR\",\"potentialAction\":[{\"@type\":\"ReadAction\",\"target\":[\"https:\\\/\\\/blogdofarnesio.com.br\\\/2020\\\/04\\\/mais-dois-casos-sao-confirmados-em-petrolina-apos-testes-rapidos-que-comecaram-a-ser-aplicados-em-petrolina\\\/\"]}]},{\"@type\":\"ImageObject\",\"inLanguage\":\"pt-BR\",\"@id\":\"https:\\\/\\\/blogdofarnesio.com.br\\\/2020\\\/04\\\/mais-dois-casos-sao-confirmados-em-petrolina-apos-testes-rapidos-que-comecaram-a-ser-aplicados-em-petrolina\\\/#primaryimage\",\"url\":\"https:\\\/\\\/blogdofarnesio.com.br\\\/wp-content\\\/uploads\\\/2020\\\/04\\\/blogqspcoronavirus-testagem.jpg\",\"contentUrl\":\"https:\\\/\\\/blogdofarnesio.com.br\\\/wp-content\\\/uploads\\\/2020\\\/04\\\/blogqspcoronavirus-testagem.jpg\",\"width\":380,\"height\":280,\"caption\":\"Foto: Eco Diagn\u00f3stica \\\/ Divulga\u00e7\u00e3o\"},{\"@type\":\"BreadcrumbList\",\"@id\":\"https:\\\/\\\/blogdofarnesio.com.br\\\/2020\\\/04\\\/mais-dois-casos-sao-confirmados-em-petrolina-apos-testes-rapidos-que-comecaram-a-ser-aplicados-em-petrolina\\\/#breadcrumb\",\"itemListElement\":[{\"@type\":\"ListItem\",\"position\":1,\"name\":\"In\u00edcio\",\"item\":\"https:\\\/\\\/blogdofarnesio.com.br\\\/\"},{\"@type\":\"ListItem\",\"position\":2,\"name\":\"Mais dois casos s\u00e3o confirmados da Covid-19 em Petrolina, ap\u00f3s testes r\u00e1pidos que come\u00e7aram a ser aplicados em Petrolina\"}]},{\"@type\":\"WebSite\",\"@id\":\"https:\\\/\\\/blogdofarnesio.com.br\\\/#website\",\"url\":\"https:\\\/\\\/blogdofarnesio.com.br\\\/\",\"name\":\"Blog do Farn\u00e9sio\",\"description\":\"Quer Saber Pol\u00edtica?\",\"publisher\":{\"@id\":\"https:\\\/\\\/blogdofarnesio.com.br\\\/#organization\"},\"potentialAction\":[{\"@type\":\"SearchAction\",\"target\":{\"@type\":\"EntryPoint\",\"urlTemplate\":\"https:\\\/\\\/blogdofarnesio.com.br\\\/?s={search_term_string}\"},\"query-input\":{\"@type\":\"PropertyValueSpecification\",\"valueRequired\":true,\"valueName\":\"search_term_string\"}}],\"inLanguage\":\"pt-BR\"},{\"@type\":\"Organization\",\"@id\":\"https:\\\/\\\/blogdofarnesio.com.br\\\/#organization\",\"name\":\"Blog do Farn\u00e9sio\",\"url\":\"https:\\\/\\\/blogdofarnesio.com.br\\\/\",\"logo\":{\"@type\":\"ImageObject\",\"inLanguage\":\"pt-BR\",\"@id\":\"https:\\\/\\\/blogdofarnesio.com.br\\\/#\\\/schema\\\/logo\\\/image\\\/\",\"url\":\"https:\\\/\\\/blogdofarnesio.com.br\\\/wp-content\\\/uploads\\\/2026\\\/03\\\/cropped-logo_new-1.png\",\"contentUrl\":\"https:\\\/\\\/blogdofarnesio.com.br\\\/wp-content\\\/uploads\\\/2026\\\/03\\\/cropped-logo_new-1.png\",\"width\":881,\"height\":685,\"caption\":\"Blog do Farn\u00e9sio\"},\"image\":{\"@id\":\"https:\\\/\\\/blogdofarnesio.com.br\\\/#\\\/schema\\\/logo\\\/image\\\/\"},\"sameAs\":[\"https:\\\/\\\/www.facebook.com\\\/BlogQuerSaberPolitica\\\/\"]},{\"@type\":\"Person\",\"@id\":\"https:\\\/\\\/blogdofarnesio.com.br\\\/#\\\/schema\\\/person\\\/301c4acf522bccbfdb45af95b5b906a1\",\"name\":\"Farn\u00e9sio\",\"image\":{\"@type\":\"ImageObject\",\"inLanguage\":\"pt-BR\",\"@id\":\"https:\\\/\\\/secure.gravatar.com\\\/avatar\\\/df0c9a14567c056f8ad6876ba5bbd1e3e2c48023eb6807342fc4663adf549f38?s=96&d=mm&r=g\",\"url\":\"https:\\\/\\\/secure.gravatar.com\\\/avatar\\\/df0c9a14567c056f8ad6876ba5bbd1e3e2c48023eb6807342fc4663adf549f38?s=96&d=mm&r=g\",\"contentUrl\":\"https:\\\/\\\/secure.gravatar.com\\\/avatar\\\/df0c9a14567c056f8ad6876ba5bbd1e3e2c48023eb6807342fc4663adf549f38?s=96&d=mm&r=g\",\"caption\":\"Farn\u00e9sio\"},\"sameAs\":[\"https:\\\/\\\/quersaberpolitica.com.br\"],\"url\":\"https:\\\/\\\/blogdofarnesio.com.br\\\/author\\\/farnesio\\\/\"}]}<\/script>\n<!-- \/ Yoast SEO plugin. -->","yoast_head_json":{"title":"Mais dois casos s\u00e3o confirmados da Covid-19 em Petrolina, ap\u00f3s testes r\u00e1pidos que come\u00e7aram a ser aplicados em Petrolina - Blog do Farn\u00e9sio","robots":{"index":"index","follow":"follow","max-snippet":"max-snippet:-1","max-image-preview":"max-image-preview:large","max-video-preview":"max-video-preview:-1"},"canonical":"https:\/\/blogdofarnesio.com.br\/2020\/04\/mais-dois-casos-sao-confirmados-em-petrolina-apos-testes-rapidos-que-comecaram-a-ser-aplicados-em-petrolina\/","og_locale":"pt_BR","og_type":"article","og_title":"Mais dois casos s\u00e3o confirmados da Covid-19 em Petrolina, ap\u00f3s testes r\u00e1pidos que come\u00e7aram a ser aplicados em Petrolina - Blog do Farn\u00e9sio","og_description":"Pessoas com suspeita de terem o novo coronav\u00edrus (Covid-19) come\u00e7aram a ser testadas nesta quarta-feira (15) em Petrolina.\u00a0 Os testes est\u00e3o sendo realizados em moradores que est\u00e3o com sintomas leves h\u00e1 mais de oito dias, como orienta o Minist\u00e9rio da Sa\u00fade. Os resultados dos testes r\u00e1pidos saem em at\u00e9 10 minutos. Dos 9 testes realizados nesta quarta-feira, 2 deram positivo para Covid-19 e 7 foram descartados. Os casos positivados atrav\u00e9s dos testes r\u00e1pidos s\u00e3o duas pacientes, uma de 28 anos e a outra de 34. Ambas tiveram contato com pacientes de Petrolina que foram testados positivos pelo laborat\u00f3rio do estado. Um dos casos positivos j\u00e1 cumpriu o isolamento domiciliar de 14 dias e est\u00e1 sem sintomas &#8211; considerando cura cl\u00ednica,&hellip;","og_url":"https:\/\/blogdofarnesio.com.br\/2020\/04\/mais-dois-casos-sao-confirmados-em-petrolina-apos-testes-rapidos-que-comecaram-a-ser-aplicados-em-petrolina\/","og_site_name":"Blog do Farn\u00e9sio","article_publisher":"https:\/\/www.facebook.com\/BlogQuerSaberPolitica\/","article_published_time":"2020-04-15T22:47:09+00:00","article_modified_time":"2020-04-15T22:47:49+00:00","og_image":[{"width":380,"height":280,"url":"https:\/\/blogdofarnesio.com.br\/wp-content\/uploads\/2020\/04\/blogqspcoronavirus-testagem.jpg","type":"image\/jpeg"}],"author":"Farn\u00e9sio","twitter_card":"summary_large_image","twitter_misc":{"Escrito por":"Farn\u00e9sio","Est. tempo de leitura":"1 minuto"},"schema":{"@context":"https:\/\/schema.org","@graph":[{"@type":"Article","@id":"https:\/\/blogdofarnesio.com.br\/2020\/04\/mais-dois-casos-sao-confirmados-em-petrolina-apos-testes-rapidos-que-comecaram-a-ser-aplicados-em-petrolina\/#article","isPartOf":{"@id":"https:\/\/blogdofarnesio.com.br\/2020\/04\/mais-dois-casos-sao-confirmados-em-petrolina-apos-testes-rapidos-que-comecaram-a-ser-aplicados-em-petrolina\/"},"author":{"name":"Farn\u00e9sio","@id":"https:\/\/blogdofarnesio.com.br\/#\/schema\/person\/301c4acf522bccbfdb45af95b5b906a1"},"headline":"Mais dois casos s\u00e3o confirmados da Covid-19 em Petrolina, ap\u00f3s testes r\u00e1pidos que come\u00e7aram a ser aplicados em Petrolina","datePublished":"2020-04-15T22:47:09+00:00","dateModified":"2020-04-15T22:47:49+00:00","mainEntityOfPage":{"@id":"https:\/\/blogdofarnesio.com.br\/2020\/04\/mais-dois-casos-sao-confirmados-em-petrolina-apos-testes-rapidos-que-comecaram-a-ser-aplicados-em-petrolina\/"},"wordCount":318,"publisher":{"@id":"https:\/\/blogdofarnesio.com.br\/#organization"},"image":{"@id":"https:\/\/blogdofarnesio.com.br\/2020\/04\/mais-dois-casos-sao-confirmados-em-petrolina-apos-testes-rapidos-que-comecaram-a-ser-aplicados-em-petrolina\/#primaryimage"},"thumbnailUrl":"https:\/\/blogdofarnesio.com.br\/wp-content\/uploads\/2020\/04\/blogqspcoronavirus-testagem.jpg","articleSection":["Sa\u00fade"],"inLanguage":"pt-BR"},{"@type":"WebPage","@id":"https:\/\/blogdofarnesio.com.br\/2020\/04\/mais-dois-casos-sao-confirmados-em-petrolina-apos-testes-rapidos-que-comecaram-a-ser-aplicados-em-petrolina\/","url":"https:\/\/blogdofarnesio.com.br\/2020\/04\/mais-dois-casos-sao-confirmados-em-petrolina-apos-testes-rapidos-que-comecaram-a-ser-aplicados-em-petrolina\/","name":"Mais dois casos s\u00e3o confirmados da Covid-19 em Petrolina, ap\u00f3s testes r\u00e1pidos que come\u00e7aram a ser aplicados em Petrolina - Blog do Farn\u00e9sio","isPartOf":{"@id":"https:\/\/blogdofarnesio.com.br\/#website"},"primaryImageOfPage":{"@id":"https:\/\/blogdofarnesio.com.br\/2020\/04\/mais-dois-casos-sao-confirmados-em-petrolina-apos-testes-rapidos-que-comecaram-a-ser-aplicados-em-petrolina\/#primaryimage"},"image":{"@id":"https:\/\/blogdofarnesio.com.br\/2020\/04\/mais-dois-casos-sao-confirmados-em-petrolina-apos-testes-rapidos-que-comecaram-a-ser-aplicados-em-petrolina\/#primaryimage"},"thumbnailUrl":"https:\/\/blogdofarnesio.com.br\/wp-content\/uploads\/2020\/04\/blogqspcoronavirus-testagem.jpg","datePublished":"2020-04-15T22:47:09+00:00","dateModified":"2020-04-15T22:47:49+00:00","breadcrumb":{"@id":"https:\/\/blogdofarnesio.com.br\/2020\/04\/mais-dois-casos-sao-confirmados-em-petrolina-apos-testes-rapidos-que-comecaram-a-ser-aplicados-em-petrolina\/#breadcrumb"},"inLanguage":"pt-BR","potentialAction":[{"@type":"ReadAction","target":["https:\/\/blogdofarnesio.com.br\/2020\/04\/mais-dois-casos-sao-confirmados-em-petrolina-apos-testes-rapidos-que-comecaram-a-ser-aplicados-em-petrolina\/"]}]},{"@type":"ImageObject","inLanguage":"pt-BR","@id":"https:\/\/blogdofarnesio.com.br\/2020\/04\/mais-dois-casos-sao-confirmados-em-petrolina-apos-testes-rapidos-que-comecaram-a-ser-aplicados-em-petrolina\/#primaryimage","url":"https:\/\/blogdofarnesio.com.br\/wp-content\/uploads\/2020\/04\/blogqspcoronavirus-testagem.jpg","contentUrl":"https:\/\/blogdofarnesio.com.br\/wp-content\/uploads\/2020\/04\/blogqspcoronavirus-testagem.jpg","width":380,"height":280,"caption":"Foto: Eco Diagn\u00f3stica \/ Divulga\u00e7\u00e3o"},{"@type":"BreadcrumbList","@id":"https:\/\/blogdofarnesio.com.br\/2020\/04\/mais-dois-casos-sao-confirmados-em-petrolina-apos-testes-rapidos-que-comecaram-a-ser-aplicados-em-petrolina\/#breadcrumb","itemListElement":[{"@type":"ListItem","position":1,"name":"In\u00edcio","item":"https:\/\/blogdofarnesio.com.br\/"},{"@type":"ListItem","position":2,"name":"Mais dois casos s\u00e3o confirmados da Covid-19 em Petrolina, ap\u00f3s testes r\u00e1pidos que come\u00e7aram a ser aplicados em Petrolina"}]},{"@type":"WebSite","@id":"https:\/\/blogdofarnesio.com.br\/#website","url":"https:\/\/blogdofarnesio.com.br\/","name":"Blog do Farn\u00e9sio","description":"Quer Saber Pol\u00edtica?","publisher":{"@id":"https:\/\/blogdofarnesio.com.br\/#organization"},"potentialAction":[{"@type":"SearchAction","target":{"@type":"EntryPoint","urlTemplate":"https:\/\/blogdofarnesio.com.br\/?s={search_term_string}"},"query-input":{"@type":"PropertyValueSpecification","valueRequired":true,"valueName":"search_term_string"}}],"inLanguage":"pt-BR"},{"@type":"Organization","@id":"https:\/\/blogdofarnesio.com.br\/#organization","name":"Blog do Farn\u00e9sio","url":"https:\/\/blogdofarnesio.com.br\/","logo":{"@type":"ImageObject","inLanguage":"pt-BR","@id":"https:\/\/blogdofarnesio.com.br\/#\/schema\/logo\/image\/","url":"https:\/\/blogdofarnesio.com.br\/wp-content\/uploads\/2026\/03\/cropped-logo_new-1.png","contentUrl":"https:\/\/blogdofarnesio.com.br\/wp-content\/uploads\/2026\/03\/cropped-logo_new-1.png","width":881,"height":685,"caption":"Blog do Farn\u00e9sio"},"image":{"@id":"https:\/\/blogdofarnesio.com.br\/#\/schema\/logo\/image\/"},"sameAs":["https:\/\/www.facebook.com\/BlogQuerSaberPolitica\/"]},{"@type":"Person","@id":"https:\/\/blogdofarnesio.com.br\/#\/schema\/person\/301c4acf522bccbfdb45af95b5b906a1","name":"Farn\u00e9sio","image":{"@type":"ImageObject","inLanguage":"pt-BR","@id":"https:\/\/secure.gravatar.com\/avatar\/df0c9a14567c056f8ad6876ba5bbd1e3e2c48023eb6807342fc4663adf549f38?s=96&d=mm&r=g","url":"https:\/\/secure.gravatar.com\/avatar\/df0c9a14567c056f8ad6876ba5bbd1e3e2c48023eb6807342fc4663adf549f38?s=96&d=mm&r=g","contentUrl":"https:\/\/secure.gravatar.com\/avatar\/df0c9a14567c056f8ad6876ba5bbd1e3e2c48023eb6807342fc4663adf549f38?s=96&d=mm&r=g","caption":"Farn\u00e9sio"},"sameAs":["https:\/\/quersaberpolitica.com.br"],"url":"https:\/\/blogdofarnesio.com.br\/author\/farnesio\/"}]}},"_links":{"self":[{"href":"https:\/\/blogdofarnesio.com.br\/wp-json\/wp\/v2\/posts\/254994","targetHints":{"allow":["GET"]}}],"collection":[{"href":"https:\/\/blogdofarnesio.com.br\/wp-json\/wp\/v2\/posts"}],"about":[{"href":"https:\/\/blogdofarnesio.com.br\/wp-json\/wp\/v2\/types\/post"}],"author":[{"embeddable":true,"href":"https:\/\/blogdofarnesio.com.br\/wp-json\/wp\/v2\/users\/1"}],"replies":[{"embeddable":true,"href":"https:\/\/blogdofarnesio.com.br\/wp-json\/wp\/v2\/comments?post=254994"}],"version-history":[{"count":0,"href":"https:\/\/blogdofarnesio.com.br\/wp-json\/wp\/v2\/posts\/254994\/revisions"}],"wp:featuredmedia":[{"embeddable":true,"href":"https:\/\/blogdofarnesio.com.br\/wp-json\/wp\/v2\/media\/254858"}],"wp:attachment":[{"href":"https:\/\/blogdofarnesio.com.br\/wp-json\/wp\/v2\/media?parent=254994"}],"wp:term":[{"taxonomy":"category","embeddable":true,"href":"https:\/\/blogdofarnesio.com.br\/wp-json\/wp\/v2\/categories?post=254994"},{"taxonomy":"post_tag","embeddable":true,"href":"https:\/\/blogdofarnesio.com.br\/wp-json\/wp\/v2\/tags?post=254994"}],"curies":[{"name":"wp","href":"https:\/\/api.w.org\/{rel}","templated":true}]}}