{"id":253679,"date":"2020-03-30T13:00:46","date_gmt":"2020-03-30T16:00:46","guid":{"rendered":"http:\/\/quersaberpolitica.com.br\/2016\/?p=253679"},"modified":"2020-03-30T10:13:42","modified_gmt":"2020-03-30T13:13:42","slug":"acompanhe-os-trabalhos-da-sesp-para-esta-segunda-feira-30-em-juazeiro-2","status":"publish","type":"post","link":"https:\/\/blogdofarnesio.com.br\/?p=253679","title":{"rendered":"Acompanhe os trabalhos da SESP para esta segunda-feira (30) em Juazeiro"},"content":{"rendered":"<p>A Secretaria de Servi\u00e7os P\u00fablicos (SESP) informa \u00e0 popula\u00e7\u00e3o juazeirense a programa\u00e7\u00e3o dos trabalhos relacionados \u00e0 ilumina\u00e7\u00e3o e limpeza dos espa\u00e7os p\u00fablicos para esta segunda-feira (30). As equipes de mutir\u00e3o de limpeza trabalham no Arco da ponte (Centro), Rua Elizabete Safira (Centro), Pra\u00e7a Am\u00e9rico Tanuri (Centen\u00e1rio), Avenida Benedito Almeida (Piranga), Programa Cuidar da Gente \u2013 Residenciais Juazeiro I, II e III; j\u00e1 as equipes de varri\u00e7\u00e3o atende ao bairros Alagadi\u00e7o, Alto da Maravilha, Santo Ant\u00f4nio, \u00e1rea central, Cajueiro, Maria Gorete, Morada do Rio, Residencial Dr. Humberto Martins, avenidas de grande fluxo de ve\u00edculos e pedestres.<\/p>\n<p>As equipes de parques e jardins realizam podas e coletas de \u00e1rvores na Quadra F \u2013 bairro Castelo Branco. Quanto \u00e0 ilumina\u00e7\u00e3o atende aos bairros: Jo\u00e3o Paulo II, Dom Thomaz, Jo\u00e3o XXIII, Codevasf, Jardim Vit\u00f3ria, Angari, Argemiro, Quid\u00e9, Residencial Brisa da Serra, e a instala\u00e7\u00e3o da LED, na Rua Oscar Ribeiro (Centro).<\/p>\n<p>O setor de manuten\u00e7\u00e3o e m\u00e1quinas realiza a manuten\u00e7\u00e3o nas cal\u00e7adas da Orla I (Angari); manuten\u00e7\u00e3o nos canteiros do Arco da Ponte (Centro); escava\u00e7\u00f5es para coloca\u00e7\u00e3o de bases para torres de ilumina\u00e7\u00e3o na BR 235; manuten\u00e7\u00e3o na fonte de \u00e1gua da Pra\u00e7a da Imaculada Concei\u00e7\u00e3o (Centro); patrolamento no acesso do Residencial Juazeiro I, II e III ao bairro Itaberaba; patrolamento nas margens da BR 235 (Itaberaba); limpeza pr\u00f3xima Avenida Irm\u00e3 Dulce (Alto da Alian\u00e7a); limpeza no canal do Jacar\u00e9 (Monte Castelo).<\/p>\n<p>Qualquer solicita\u00e7\u00e3o de atendimento deve ser realizada pelo telefone (74) 3612 5411, e \u00e9 necess\u00e1rio que a pessoa forne\u00e7a o endere\u00e7o completo e o n\u00famero do telefone para que possa ser realizado o registro de protocolo.<\/p>\n","protected":false},"excerpt":{"rendered":"<p>A Secretaria de Servi\u00e7os P\u00fablicos (SESP) informa \u00e0 popula\u00e7\u00e3o juazeirense a programa\u00e7\u00e3o dos trabalhos relacionados \u00e0 ilumina\u00e7\u00e3o e limpeza dos espa\u00e7os p\u00fablicos para esta segunda-feira (30). As equipes de mutir\u00e3o de limpeza trabalham no Arco da ponte (Centro), Rua Elizabete Safira (Centro), Pra\u00e7a Am\u00e9rico Tanuri (Centen\u00e1rio), Avenida Benedito Almeida (Piranga), Programa Cuidar da Gente \u2013 Residenciais Juazeiro I, II e III; j\u00e1 as equipes de varri\u00e7\u00e3o atende ao bairros Alagadi\u00e7o, Alto da Maravilha, Santo Ant\u00f4nio, \u00e1rea central, Cajueiro, Maria Gorete, Morada do Rio, Residencial Dr. Humberto Martins, avenidas de grande fluxo de ve\u00edculos e pedestres. As equipes de parques e jardins realizam podas e coletas de \u00e1rvores na Quadra F \u2013 bairro Castelo Branco. Quanto \u00e0 ilumina\u00e7\u00e3o atende aos bairros:&hellip; <\/p>\n","protected":false},"author":1,"featured_media":253680,"comment_status":"closed","ping_status":"closed","sticky":false,"template":"","format":"standard","meta":{"_acf_changed":false,"footnotes":""},"categories":[29],"tags":[],"class_list":["post-253679","post","type-post","status-publish","format-standard","has-post-thumbnail","hentry","category-meio-ambiente"],"acf":[],"yoast_head":"<!-- This site is optimized with the Yoast SEO plugin v27.4 - https:\/\/yoast.com\/product\/yoast-seo-wordpress\/ -->\n<title>Acompanhe os trabalhos da SESP para esta segunda-feira (30) em Juazeiro - Blog do Farn\u00e9sio<\/title>\n<meta name=\"robots\" content=\"index, follow, max-snippet:-1, max-image-preview:large, max-video-preview:-1\" \/>\n<link rel=\"canonical\" href=\"https:\/\/blogdofarnesio.com.br\/?p=253679\" \/>\n<meta property=\"og:locale\" content=\"pt_BR\" \/>\n<meta property=\"og:type\" content=\"article\" \/>\n<meta property=\"og:title\" content=\"Acompanhe os trabalhos da SESP para esta segunda-feira (30) em Juazeiro - Blog do Farn\u00e9sio\" \/>\n<meta property=\"og:description\" content=\"A Secretaria de Servi\u00e7os P\u00fablicos (SESP) informa \u00e0 popula\u00e7\u00e3o juazeirense a programa\u00e7\u00e3o dos trabalhos relacionados \u00e0 ilumina\u00e7\u00e3o e limpeza dos espa\u00e7os p\u00fablicos para esta segunda-feira (30). As equipes de mutir\u00e3o de limpeza trabalham no Arco da ponte (Centro), Rua Elizabete Safira (Centro), Pra\u00e7a Am\u00e9rico Tanuri (Centen\u00e1rio), Avenida Benedito Almeida (Piranga), Programa Cuidar da Gente \u2013 Residenciais Juazeiro I, II e III; j\u00e1 as equipes de varri\u00e7\u00e3o atende ao bairros Alagadi\u00e7o, Alto da Maravilha, Santo Ant\u00f4nio, \u00e1rea central, Cajueiro, Maria Gorete, Morada do Rio, Residencial Dr. Humberto Martins, avenidas de grande fluxo de ve\u00edculos e pedestres. As equipes de parques e jardins realizam podas e coletas de \u00e1rvores na Quadra F \u2013 bairro Castelo Branco. Quanto \u00e0 ilumina\u00e7\u00e3o atende aos bairros:&hellip;\" \/>\n<meta property=\"og:url\" content=\"https:\/\/blogdofarnesio.com.br\/?p=253679\" \/>\n<meta property=\"og:site_name\" content=\"Blog do Farn\u00e9sio\" \/>\n<meta property=\"article:publisher\" content=\"https:\/\/www.facebook.com\/BlogQuerSaberPolitica\/\" \/>\n<meta property=\"article:published_time\" content=\"2020-03-30T16:00:46+00:00\" \/>\n<meta property=\"og:image\" content=\"https:\/\/blogdofarnesio.com.br\/wp-content\/uploads\/2020\/03\/Programa\u00e7\u00e3o-Sesp-30-03-e1585573983715.jpg\" \/>\n\t<meta property=\"og:image:width\" content=\"637\" \/>\n\t<meta property=\"og:image:height\" content=\"578\" \/>\n\t<meta property=\"og:image:type\" content=\"image\/jpeg\" \/>\n<meta name=\"author\" content=\"Farn\u00e9sio\" \/>\n<meta name=\"twitter:card\" content=\"summary_large_image\" \/>\n<meta name=\"twitter:label1\" content=\"Escrito por\" \/>\n\t<meta name=\"twitter:data1\" content=\"Farn\u00e9sio\" \/>\n\t<meta name=\"twitter:label2\" content=\"Est. tempo de leitura\" \/>\n\t<meta name=\"twitter:data2\" content=\"1 minuto\" \/>\n<script type=\"application\/ld+json\" class=\"yoast-schema-graph\">{\"@context\":\"https:\\\/\\\/schema.org\",\"@graph\":[{\"@type\":\"Article\",\"@id\":\"https:\\\/\\\/blogdofarnesio.com.br\\\/?p=253679#article\",\"isPartOf\":{\"@id\":\"https:\\\/\\\/blogdofarnesio.com.br\\\/?p=253679\"},\"author\":{\"name\":\"Farn\u00e9sio\",\"@id\":\"https:\\\/\\\/blogdofarnesio.com.br\\\/#\\\/schema\\\/person\\\/301c4acf522bccbfdb45af95b5b906a1\"},\"headline\":\"Acompanhe os trabalhos da SESP para esta segunda-feira (30) em Juazeiro\",\"datePublished\":\"2020-03-30T16:00:46+00:00\",\"mainEntityOfPage\":{\"@id\":\"https:\\\/\\\/blogdofarnesio.com.br\\\/?p=253679\"},\"wordCount\":300,\"publisher\":{\"@id\":\"https:\\\/\\\/blogdofarnesio.com.br\\\/#organization\"},\"image\":{\"@id\":\"https:\\\/\\\/blogdofarnesio.com.br\\\/?p=253679#primaryimage\"},\"thumbnailUrl\":\"https:\\\/\\\/blogdofarnesio.com.br\\\/wp-content\\\/uploads\\\/2020\\\/03\\\/Programa\u00e7\u00e3o-Sesp-30-03-e1585573983715.jpg\",\"articleSection\":[\"Meio Ambiente\"],\"inLanguage\":\"pt-BR\"},{\"@type\":\"WebPage\",\"@id\":\"https:\\\/\\\/blogdofarnesio.com.br\\\/?p=253679\",\"url\":\"https:\\\/\\\/blogdofarnesio.com.br\\\/?p=253679\",\"name\":\"Acompanhe os trabalhos da SESP para esta segunda-feira (30) em Juazeiro - Blog do Farn\u00e9sio\",\"isPartOf\":{\"@id\":\"https:\\\/\\\/blogdofarnesio.com.br\\\/#website\"},\"primaryImageOfPage\":{\"@id\":\"https:\\\/\\\/blogdofarnesio.com.br\\\/?p=253679#primaryimage\"},\"image\":{\"@id\":\"https:\\\/\\\/blogdofarnesio.com.br\\\/?p=253679#primaryimage\"},\"thumbnailUrl\":\"https:\\\/\\\/blogdofarnesio.com.br\\\/wp-content\\\/uploads\\\/2020\\\/03\\\/Programa\u00e7\u00e3o-Sesp-30-03-e1585573983715.jpg\",\"datePublished\":\"2020-03-30T16:00:46+00:00\",\"breadcrumb\":{\"@id\":\"https:\\\/\\\/blogdofarnesio.com.br\\\/?p=253679#breadcrumb\"},\"inLanguage\":\"pt-BR\",\"potentialAction\":[{\"@type\":\"ReadAction\",\"target\":[\"https:\\\/\\\/blogdofarnesio.com.br\\\/?p=253679\"]}]},{\"@type\":\"ImageObject\",\"inLanguage\":\"pt-BR\",\"@id\":\"https:\\\/\\\/blogdofarnesio.com.br\\\/?p=253679#primaryimage\",\"url\":\"https:\\\/\\\/blogdofarnesio.com.br\\\/wp-content\\\/uploads\\\/2020\\\/03\\\/Programa\u00e7\u00e3o-Sesp-30-03-e1585573983715.jpg\",\"contentUrl\":\"https:\\\/\\\/blogdofarnesio.com.br\\\/wp-content\\\/uploads\\\/2020\\\/03\\\/Programa\u00e7\u00e3o-Sesp-30-03-e1585573983715.jpg\",\"width\":637,\"height\":578},{\"@type\":\"BreadcrumbList\",\"@id\":\"https:\\\/\\\/blogdofarnesio.com.br\\\/?p=253679#breadcrumb\",\"itemListElement\":[{\"@type\":\"ListItem\",\"position\":1,\"name\":\"In\u00edcio\",\"item\":\"https:\\\/\\\/blogdofarnesio.com.br\\\/\"},{\"@type\":\"ListItem\",\"position\":2,\"name\":\"Acompanhe os trabalhos da SESP para esta segunda-feira (30) em Juazeiro\"}]},{\"@type\":\"WebSite\",\"@id\":\"https:\\\/\\\/blogdofarnesio.com.br\\\/#website\",\"url\":\"https:\\\/\\\/blogdofarnesio.com.br\\\/\",\"name\":\"Blog do Farn\u00e9sio\",\"description\":\"Quer Saber Pol\u00edtica?\",\"publisher\":{\"@id\":\"https:\\\/\\\/blogdofarnesio.com.br\\\/#organization\"},\"potentialAction\":[{\"@type\":\"SearchAction\",\"target\":{\"@type\":\"EntryPoint\",\"urlTemplate\":\"https:\\\/\\\/blogdofarnesio.com.br\\\/?s={search_term_string}\"},\"query-input\":{\"@type\":\"PropertyValueSpecification\",\"valueRequired\":true,\"valueName\":\"search_term_string\"}}],\"inLanguage\":\"pt-BR\"},{\"@type\":\"Organization\",\"@id\":\"https:\\\/\\\/blogdofarnesio.com.br\\\/#organization\",\"name\":\"Blog do Farn\u00e9sio\",\"url\":\"https:\\\/\\\/blogdofarnesio.com.br\\\/\",\"logo\":{\"@type\":\"ImageObject\",\"inLanguage\":\"pt-BR\",\"@id\":\"https:\\\/\\\/blogdofarnesio.com.br\\\/#\\\/schema\\\/logo\\\/image\\\/\",\"url\":\"https:\\\/\\\/blogdofarnesio.com.br\\\/wp-content\\\/uploads\\\/2026\\\/03\\\/cropped-logo_new-1.png\",\"contentUrl\":\"https:\\\/\\\/blogdofarnesio.com.br\\\/wp-content\\\/uploads\\\/2026\\\/03\\\/cropped-logo_new-1.png\",\"width\":881,\"height\":685,\"caption\":\"Blog do Farn\u00e9sio\"},\"image\":{\"@id\":\"https:\\\/\\\/blogdofarnesio.com.br\\\/#\\\/schema\\\/logo\\\/image\\\/\"},\"sameAs\":[\"https:\\\/\\\/www.facebook.com\\\/BlogQuerSaberPolitica\\\/\"]},{\"@type\":\"Person\",\"@id\":\"https:\\\/\\\/blogdofarnesio.com.br\\\/#\\\/schema\\\/person\\\/301c4acf522bccbfdb45af95b5b906a1\",\"name\":\"Farn\u00e9sio\",\"image\":{\"@type\":\"ImageObject\",\"inLanguage\":\"pt-BR\",\"@id\":\"https:\\\/\\\/secure.gravatar.com\\\/avatar\\\/df0c9a14567c056f8ad6876ba5bbd1e3e2c48023eb6807342fc4663adf549f38?s=96&d=mm&r=g\",\"url\":\"https:\\\/\\\/secure.gravatar.com\\\/avatar\\\/df0c9a14567c056f8ad6876ba5bbd1e3e2c48023eb6807342fc4663adf549f38?s=96&d=mm&r=g\",\"contentUrl\":\"https:\\\/\\\/secure.gravatar.com\\\/avatar\\\/df0c9a14567c056f8ad6876ba5bbd1e3e2c48023eb6807342fc4663adf549f38?s=96&d=mm&r=g\",\"caption\":\"Farn\u00e9sio\"},\"sameAs\":[\"https:\\\/\\\/quersaberpolitica.com.br\"],\"url\":\"https:\\\/\\\/blogdofarnesio.com.br\\\/?author=1\"}]}<\/script>\n<!-- \/ Yoast SEO plugin. -->","yoast_head_json":{"title":"Acompanhe os trabalhos da SESP para esta segunda-feira (30) em Juazeiro - Blog do Farn\u00e9sio","robots":{"index":"index","follow":"follow","max-snippet":"max-snippet:-1","max-image-preview":"max-image-preview:large","max-video-preview":"max-video-preview:-1"},"canonical":"https:\/\/blogdofarnesio.com.br\/?p=253679","og_locale":"pt_BR","og_type":"article","og_title":"Acompanhe os trabalhos da SESP para esta segunda-feira (30) em Juazeiro - Blog do Farn\u00e9sio","og_description":"A Secretaria de Servi\u00e7os P\u00fablicos (SESP) informa \u00e0 popula\u00e7\u00e3o juazeirense a programa\u00e7\u00e3o dos trabalhos relacionados \u00e0 ilumina\u00e7\u00e3o e limpeza dos espa\u00e7os p\u00fablicos para esta segunda-feira (30). As equipes de mutir\u00e3o de limpeza trabalham no Arco da ponte (Centro), Rua Elizabete Safira (Centro), Pra\u00e7a Am\u00e9rico Tanuri (Centen\u00e1rio), Avenida Benedito Almeida (Piranga), Programa Cuidar da Gente \u2013 Residenciais Juazeiro I, II e III; j\u00e1 as equipes de varri\u00e7\u00e3o atende ao bairros Alagadi\u00e7o, Alto da Maravilha, Santo Ant\u00f4nio, \u00e1rea central, Cajueiro, Maria Gorete, Morada do Rio, Residencial Dr. Humberto Martins, avenidas de grande fluxo de ve\u00edculos e pedestres. As equipes de parques e jardins realizam podas e coletas de \u00e1rvores na Quadra F \u2013 bairro Castelo Branco. Quanto \u00e0 ilumina\u00e7\u00e3o atende aos bairros:&hellip;","og_url":"https:\/\/blogdofarnesio.com.br\/?p=253679","og_site_name":"Blog do Farn\u00e9sio","article_publisher":"https:\/\/www.facebook.com\/BlogQuerSaberPolitica\/","article_published_time":"2020-03-30T16:00:46+00:00","og_image":[{"width":637,"height":578,"url":"https:\/\/blogdofarnesio.com.br\/wp-content\/uploads\/2020\/03\/Programa\u00e7\u00e3o-Sesp-30-03-e1585573983715.jpg","type":"image\/jpeg"}],"author":"Farn\u00e9sio","twitter_card":"summary_large_image","twitter_misc":{"Escrito por":"Farn\u00e9sio","Est. tempo de leitura":"1 minuto"},"schema":{"@context":"https:\/\/schema.org","@graph":[{"@type":"Article","@id":"https:\/\/blogdofarnesio.com.br\/?p=253679#article","isPartOf":{"@id":"https:\/\/blogdofarnesio.com.br\/?p=253679"},"author":{"name":"Farn\u00e9sio","@id":"https:\/\/blogdofarnesio.com.br\/#\/schema\/person\/301c4acf522bccbfdb45af95b5b906a1"},"headline":"Acompanhe os trabalhos da SESP para esta segunda-feira (30) em Juazeiro","datePublished":"2020-03-30T16:00:46+00:00","mainEntityOfPage":{"@id":"https:\/\/blogdofarnesio.com.br\/?p=253679"},"wordCount":300,"publisher":{"@id":"https:\/\/blogdofarnesio.com.br\/#organization"},"image":{"@id":"https:\/\/blogdofarnesio.com.br\/?p=253679#primaryimage"},"thumbnailUrl":"https:\/\/blogdofarnesio.com.br\/wp-content\/uploads\/2020\/03\/Programa\u00e7\u00e3o-Sesp-30-03-e1585573983715.jpg","articleSection":["Meio Ambiente"],"inLanguage":"pt-BR"},{"@type":"WebPage","@id":"https:\/\/blogdofarnesio.com.br\/?p=253679","url":"https:\/\/blogdofarnesio.com.br\/?p=253679","name":"Acompanhe os trabalhos da SESP para esta segunda-feira (30) em Juazeiro - Blog do Farn\u00e9sio","isPartOf":{"@id":"https:\/\/blogdofarnesio.com.br\/#website"},"primaryImageOfPage":{"@id":"https:\/\/blogdofarnesio.com.br\/?p=253679#primaryimage"},"image":{"@id":"https:\/\/blogdofarnesio.com.br\/?p=253679#primaryimage"},"thumbnailUrl":"https:\/\/blogdofarnesio.com.br\/wp-content\/uploads\/2020\/03\/Programa\u00e7\u00e3o-Sesp-30-03-e1585573983715.jpg","datePublished":"2020-03-30T16:00:46+00:00","breadcrumb":{"@id":"https:\/\/blogdofarnesio.com.br\/?p=253679#breadcrumb"},"inLanguage":"pt-BR","potentialAction":[{"@type":"ReadAction","target":["https:\/\/blogdofarnesio.com.br\/?p=253679"]}]},{"@type":"ImageObject","inLanguage":"pt-BR","@id":"https:\/\/blogdofarnesio.com.br\/?p=253679#primaryimage","url":"https:\/\/blogdofarnesio.com.br\/wp-content\/uploads\/2020\/03\/Programa\u00e7\u00e3o-Sesp-30-03-e1585573983715.jpg","contentUrl":"https:\/\/blogdofarnesio.com.br\/wp-content\/uploads\/2020\/03\/Programa\u00e7\u00e3o-Sesp-30-03-e1585573983715.jpg","width":637,"height":578},{"@type":"BreadcrumbList","@id":"https:\/\/blogdofarnesio.com.br\/?p=253679#breadcrumb","itemListElement":[{"@type":"ListItem","position":1,"name":"In\u00edcio","item":"https:\/\/blogdofarnesio.com.br\/"},{"@type":"ListItem","position":2,"name":"Acompanhe os trabalhos da SESP para esta segunda-feira (30) em Juazeiro"}]},{"@type":"WebSite","@id":"https:\/\/blogdofarnesio.com.br\/#website","url":"https:\/\/blogdofarnesio.com.br\/","name":"Blog do Farn\u00e9sio","description":"Quer Saber Pol\u00edtica?","publisher":{"@id":"https:\/\/blogdofarnesio.com.br\/#organization"},"potentialAction":[{"@type":"SearchAction","target":{"@type":"EntryPoint","urlTemplate":"https:\/\/blogdofarnesio.com.br\/?s={search_term_string}"},"query-input":{"@type":"PropertyValueSpecification","valueRequired":true,"valueName":"search_term_string"}}],"inLanguage":"pt-BR"},{"@type":"Organization","@id":"https:\/\/blogdofarnesio.com.br\/#organization","name":"Blog do Farn\u00e9sio","url":"https:\/\/blogdofarnesio.com.br\/","logo":{"@type":"ImageObject","inLanguage":"pt-BR","@id":"https:\/\/blogdofarnesio.com.br\/#\/schema\/logo\/image\/","url":"https:\/\/blogdofarnesio.com.br\/wp-content\/uploads\/2026\/03\/cropped-logo_new-1.png","contentUrl":"https:\/\/blogdofarnesio.com.br\/wp-content\/uploads\/2026\/03\/cropped-logo_new-1.png","width":881,"height":685,"caption":"Blog do Farn\u00e9sio"},"image":{"@id":"https:\/\/blogdofarnesio.com.br\/#\/schema\/logo\/image\/"},"sameAs":["https:\/\/www.facebook.com\/BlogQuerSaberPolitica\/"]},{"@type":"Person","@id":"https:\/\/blogdofarnesio.com.br\/#\/schema\/person\/301c4acf522bccbfdb45af95b5b906a1","name":"Farn\u00e9sio","image":{"@type":"ImageObject","inLanguage":"pt-BR","@id":"https:\/\/secure.gravatar.com\/avatar\/df0c9a14567c056f8ad6876ba5bbd1e3e2c48023eb6807342fc4663adf549f38?s=96&d=mm&r=g","url":"https:\/\/secure.gravatar.com\/avatar\/df0c9a14567c056f8ad6876ba5bbd1e3e2c48023eb6807342fc4663adf549f38?s=96&d=mm&r=g","contentUrl":"https:\/\/secure.gravatar.com\/avatar\/df0c9a14567c056f8ad6876ba5bbd1e3e2c48023eb6807342fc4663adf549f38?s=96&d=mm&r=g","caption":"Farn\u00e9sio"},"sameAs":["https:\/\/quersaberpolitica.com.br"],"url":"https:\/\/blogdofarnesio.com.br\/?author=1"}]}},"_links":{"self":[{"href":"https:\/\/blogdofarnesio.com.br\/index.php?rest_route=\/wp\/v2\/posts\/253679","targetHints":{"allow":["GET"]}}],"collection":[{"href":"https:\/\/blogdofarnesio.com.br\/index.php?rest_route=\/wp\/v2\/posts"}],"about":[{"href":"https:\/\/blogdofarnesio.com.br\/index.php?rest_route=\/wp\/v2\/types\/post"}],"author":[{"embeddable":true,"href":"https:\/\/blogdofarnesio.com.br\/index.php?rest_route=\/wp\/v2\/users\/1"}],"replies":[{"embeddable":true,"href":"https:\/\/blogdofarnesio.com.br\/index.php?rest_route=%2Fwp%2Fv2%2Fcomments&post=253679"}],"version-history":[{"count":0,"href":"https:\/\/blogdofarnesio.com.br\/index.php?rest_route=\/wp\/v2\/posts\/253679\/revisions"}],"wp:featuredmedia":[{"embeddable":true,"href":"https:\/\/blogdofarnesio.com.br\/index.php?rest_route=\/wp\/v2\/media\/253680"}],"wp:attachment":[{"href":"https:\/\/blogdofarnesio.com.br\/index.php?rest_route=%2Fwp%2Fv2%2Fmedia&parent=253679"}],"wp:term":[{"taxonomy":"category","embeddable":true,"href":"https:\/\/blogdofarnesio.com.br\/index.php?rest_route=%2Fwp%2Fv2%2Fcategories&post=253679"},{"taxonomy":"post_tag","embeddable":true,"href":"https:\/\/blogdofarnesio.com.br\/index.php?rest_route=%2Fwp%2Fv2%2Ftags&post=253679"}],"curies":[{"name":"wp","href":"https:\/\/api.w.org\/{rel}","templated":true}]}}