{"id":252753,"date":"2020-03-18T17:20:11","date_gmt":"2020-03-18T20:20:11","guid":{"rendered":"http:\/\/quersaberpolitica.com.br\/2016\/?p=252753"},"modified":"2020-03-18T14:43:17","modified_gmt":"2020-03-18T17:43:17","slug":"em-casa-nova-prefeito-proibe-visita-as-dunas-e-controla-visitantes","status":"publish","type":"post","link":"https:\/\/blogdofarnesio.com.br\/?p=252753","title":{"rendered":"Em Casa Nova Prefeito pro\u00edbe visita \u00e0s Dunas e controla visitantes"},"content":{"rendered":"<div>Em um longo decreto, com 22 artigos, datado desta ter\u00e7a-feira, 17 de abril, prevendo desde o retorno ao servi\u00e7o de todos os servidores da sa\u00fade que estejam de f\u00e9rias at\u00e9 a proibi\u00e7\u00e3o de visita \u00e0s Dunas do Velho Chico, assinado depois de uma reuni\u00e3o entre representantes da Igreja, Vereadores, Secret\u00e1rios, Sindicatos de Trabalhadores e Patronais, o prefeito Wilker Torres deu seguimento \u00e0s determina\u00e7\u00f5es na \u00e1rea do munic\u00edpio de Casa Nova destinadas a impedir a ocorr\u00eancia da COVID 19.<\/div>\n<div>\n<p>O prefeito lembrou que, por determina\u00e7\u00e3o sua, a Secretaria de Educa\u00e7\u00e3o j\u00e1 havia adiado o in\u00edcio do ano letivo e falou que \u201ccidades pr\u00f3ximas j\u00e1 registram ocorr\u00eancias da doen\u00e7a, declarada pandemia e \u00e9 nosso dever zelar pela sa\u00fade da popula\u00e7\u00e3o, mesmo tendo de restringir direitos individuais, entre eles o de ir e vir, em benef\u00edcio de direitos comunit\u00e1rios\u201d.<\/p>\n<p>O Decreto 634\/2020, fala das tr\u00eas fases da doen\u00e7a, determina a suspens\u00e3o de todos os eventos p\u00fablicos, sejam eles religiosos, pol\u00edticos ou festivos; cancela a viagem de todos os servidores da prefeitura para cidades onde haja ocorr\u00eancia de casos do COVID 19; suspende reuni\u00f5es salvo para atender excepcional interesse p\u00fablico; determina a volta dos funcion\u00e1rios de f\u00e9rias e \u00e0queles com mais de 60 anos permite o trabalho em casa.<\/p>\n<p>Al\u00e9m destas determina\u00e7\u00f5es voltadas para a popula\u00e7\u00e3o de Casa Nova, o Prefeito determina que todos os cidad\u00e3os que tenham voltado de localidades onde h\u00e1 incid\u00eancia da doen\u00e7a sejam colocados em isolamento familiar, que passageiros de voos oriundos de S\u00e3o Paulo que estejam na cidade, dever\u00e3o fornecer dados \u00e0 Secretaria de Sa\u00fade para serem monitorados.<\/p>\n<p>Ainda h\u00e1 determina\u00e7\u00e3o sobre servidores com sintomas, isolamento e recomenda\u00e7\u00e3o de proibi\u00e7\u00f5es \u00e0s escolas e academias.<\/p>\n<p>Ao final cria o Comit\u00ea de Opera\u00e7\u00f5es de Emerg\u00eancia em Sa\u00fade P\u00fablica \u2013 COE, formado peta Secret\u00e1ria Municipal de Sa\u00fade, pelo Chefe de Gabinete do Prefeito, pela Assessoria de Comunica\u00e7\u00e3o, pelo Procurador-Geral do Munic\u00edpio, pelo Diretor Clinico do Hospital Municipal. Coordenadora de Vigil\u00e2ncia Sanit\u00e1ria.<\/p>\n<p>Coordenadora de Epidemiologia, pela Secret\u00e1ria Municipal de Assist\u00eancia Social, pela Secret\u00e1ria Municipal de Educa\u00e7\u00e3o, e por mais dois representantes, de \u00f3rg\u00e3os do Estado, se assim o desejam e se possu\u00edrem pessoal dispon\u00edvel para tanto, para garantir monitoramento de a\u00e7\u00f5es preven\u00e7\u00e3o.<\/p>\n<p>O Decreto come\u00e7a a vigorar nesta ter\u00e7a-feira, 17\/03, incluindo a emerg\u00eancia municipal, ter\u00e1 validade por 15 dias, podendo ser prorrogado de conformidade com o est\u00e1gio de evolu\u00e7\u00e3o do COVID-19.<\/p>\n<\/div>\n","protected":false},"excerpt":{"rendered":"<p>Em um longo decreto, com 22 artigos, datado desta ter\u00e7a-feira, 17 de abril, prevendo desde o retorno ao servi\u00e7o de todos os servidores da sa\u00fade que estejam de f\u00e9rias at\u00e9 a proibi\u00e7\u00e3o de visita \u00e0s Dunas do Velho Chico, assinado depois de uma reuni\u00e3o entre representantes da Igreja, Vereadores, Secret\u00e1rios, Sindicatos de Trabalhadores e Patronais, o prefeito Wilker Torres deu seguimento \u00e0s determina\u00e7\u00f5es na \u00e1rea do munic\u00edpio de Casa Nova destinadas a impedir a ocorr\u00eancia da COVID 19. O prefeito lembrou que, por determina\u00e7\u00e3o sua, a Secretaria de Educa\u00e7\u00e3o j\u00e1 havia adiado o in\u00edcio do ano letivo e falou que \u201ccidades pr\u00f3ximas j\u00e1 registram ocorr\u00eancias da doen\u00e7a, declarada pandemia e \u00e9 nosso dever zelar pela sa\u00fade da popula\u00e7\u00e3o, mesmo tendo&hellip; <\/p>\n","protected":false},"author":1,"featured_media":249876,"comment_status":"closed","ping_status":"closed","sticky":false,"template":"","format":"standard","meta":{"_acf_changed":false,"footnotes":""},"categories":[11],"tags":[],"class_list":["post-252753","post","type-post","status-publish","format-standard","has-post-thumbnail","hentry","category-turismo"],"acf":[],"yoast_head":"<!-- This site is optimized with the Yoast SEO plugin v27.4 - https:\/\/yoast.com\/product\/yoast-seo-wordpress\/ -->\n<title>Em Casa Nova Prefeito pro\u00edbe visita \u00e0s Dunas e controla visitantes - Blog do Farn\u00e9sio<\/title>\n<meta name=\"robots\" content=\"index, follow, max-snippet:-1, max-image-preview:large, max-video-preview:-1\" \/>\n<link rel=\"canonical\" href=\"https:\/\/blogdofarnesio.com.br\/?p=252753\" \/>\n<meta property=\"og:locale\" content=\"pt_BR\" \/>\n<meta property=\"og:type\" content=\"article\" \/>\n<meta property=\"og:title\" content=\"Em Casa Nova Prefeito pro\u00edbe visita \u00e0s Dunas e controla visitantes - Blog do Farn\u00e9sio\" \/>\n<meta property=\"og:description\" content=\"Em um longo decreto, com 22 artigos, datado desta ter\u00e7a-feira, 17 de abril, prevendo desde o retorno ao servi\u00e7o de todos os servidores da sa\u00fade que estejam de f\u00e9rias at\u00e9 a proibi\u00e7\u00e3o de visita \u00e0s Dunas do Velho Chico, assinado depois de uma reuni\u00e3o entre representantes da Igreja, Vereadores, Secret\u00e1rios, Sindicatos de Trabalhadores e Patronais, o prefeito Wilker Torres deu seguimento \u00e0s determina\u00e7\u00f5es na \u00e1rea do munic\u00edpio de Casa Nova destinadas a impedir a ocorr\u00eancia da COVID 19. O prefeito lembrou que, por determina\u00e7\u00e3o sua, a Secretaria de Educa\u00e7\u00e3o j\u00e1 havia adiado o in\u00edcio do ano letivo e falou que \u201ccidades pr\u00f3ximas j\u00e1 registram ocorr\u00eancias da doen\u00e7a, declarada pandemia e \u00e9 nosso dever zelar pela sa\u00fade da popula\u00e7\u00e3o, mesmo tendo&hellip;\" \/>\n<meta property=\"og:url\" content=\"https:\/\/blogdofarnesio.com.br\/?p=252753\" \/>\n<meta property=\"og:site_name\" content=\"Blog do Farn\u00e9sio\" \/>\n<meta property=\"article:publisher\" content=\"https:\/\/www.facebook.com\/BlogQuerSaberPolitica\/\" \/>\n<meta property=\"article:published_time\" content=\"2020-03-18T20:20:11+00:00\" \/>\n<meta property=\"og:image\" content=\"https:\/\/blogdofarnesio.com.br\/wp-content\/uploads\/2020\/02\/blogqspcasa-nova-dunas-bombeiros-civis-e-dois-quadriciclos-para-a-PM-e1581344318715.jpg\" \/>\n\t<meta property=\"og:image:width\" content=\"640\" \/>\n\t<meta property=\"og:image:height\" content=\"326\" \/>\n\t<meta property=\"og:image:type\" content=\"image\/jpeg\" \/>\n<meta name=\"author\" content=\"Farn\u00e9sio\" \/>\n<meta name=\"twitter:card\" content=\"summary_large_image\" \/>\n<meta name=\"twitter:label1\" content=\"Escrito por\" \/>\n\t<meta name=\"twitter:data1\" content=\"Farn\u00e9sio\" \/>\n\t<meta name=\"twitter:label2\" content=\"Est. tempo de leitura\" \/>\n\t<meta name=\"twitter:data2\" content=\"2 minutos\" \/>\n<script type=\"application\/ld+json\" class=\"yoast-schema-graph\">{\"@context\":\"https:\\\/\\\/schema.org\",\"@graph\":[{\"@type\":\"Article\",\"@id\":\"https:\\\/\\\/blogdofarnesio.com.br\\\/?p=252753#article\",\"isPartOf\":{\"@id\":\"https:\\\/\\\/blogdofarnesio.com.br\\\/?p=252753\"},\"author\":{\"name\":\"Farn\u00e9sio\",\"@id\":\"https:\\\/\\\/blogdofarnesio.com.br\\\/#\\\/schema\\\/person\\\/301c4acf522bccbfdb45af95b5b906a1\"},\"headline\":\"Em Casa Nova Prefeito pro\u00edbe visita \u00e0s Dunas e controla visitantes\",\"datePublished\":\"2020-03-18T20:20:11+00:00\",\"mainEntityOfPage\":{\"@id\":\"https:\\\/\\\/blogdofarnesio.com.br\\\/?p=252753\"},\"wordCount\":455,\"publisher\":{\"@id\":\"https:\\\/\\\/blogdofarnesio.com.br\\\/#organization\"},\"image\":{\"@id\":\"https:\\\/\\\/blogdofarnesio.com.br\\\/?p=252753#primaryimage\"},\"thumbnailUrl\":\"https:\\\/\\\/blogdofarnesio.com.br\\\/wp-content\\\/uploads\\\/2020\\\/02\\\/blogqspcasa-nova-dunas-bombeiros-civis-e-dois-quadriciclos-para-a-PM-e1581344318715.jpg\",\"articleSection\":[\"Turismo\"],\"inLanguage\":\"pt-BR\"},{\"@type\":\"WebPage\",\"@id\":\"https:\\\/\\\/blogdofarnesio.com.br\\\/?p=252753\",\"url\":\"https:\\\/\\\/blogdofarnesio.com.br\\\/?p=252753\",\"name\":\"Em Casa Nova Prefeito pro\u00edbe visita \u00e0s Dunas e controla visitantes - Blog do Farn\u00e9sio\",\"isPartOf\":{\"@id\":\"https:\\\/\\\/blogdofarnesio.com.br\\\/#website\"},\"primaryImageOfPage\":{\"@id\":\"https:\\\/\\\/blogdofarnesio.com.br\\\/?p=252753#primaryimage\"},\"image\":{\"@id\":\"https:\\\/\\\/blogdofarnesio.com.br\\\/?p=252753#primaryimage\"},\"thumbnailUrl\":\"https:\\\/\\\/blogdofarnesio.com.br\\\/wp-content\\\/uploads\\\/2020\\\/02\\\/blogqspcasa-nova-dunas-bombeiros-civis-e-dois-quadriciclos-para-a-PM-e1581344318715.jpg\",\"datePublished\":\"2020-03-18T20:20:11+00:00\",\"breadcrumb\":{\"@id\":\"https:\\\/\\\/blogdofarnesio.com.br\\\/?p=252753#breadcrumb\"},\"inLanguage\":\"pt-BR\",\"potentialAction\":[{\"@type\":\"ReadAction\",\"target\":[\"https:\\\/\\\/blogdofarnesio.com.br\\\/?p=252753\"]}]},{\"@type\":\"ImageObject\",\"inLanguage\":\"pt-BR\",\"@id\":\"https:\\\/\\\/blogdofarnesio.com.br\\\/?p=252753#primaryimage\",\"url\":\"https:\\\/\\\/blogdofarnesio.com.br\\\/wp-content\\\/uploads\\\/2020\\\/02\\\/blogqspcasa-nova-dunas-bombeiros-civis-e-dois-quadriciclos-para-a-PM-e1581344318715.jpg\",\"contentUrl\":\"https:\\\/\\\/blogdofarnesio.com.br\\\/wp-content\\\/uploads\\\/2020\\\/02\\\/blogqspcasa-nova-dunas-bombeiros-civis-e-dois-quadriciclos-para-a-PM-e1581344318715.jpg\",\"width\":640,\"height\":326},{\"@type\":\"BreadcrumbList\",\"@id\":\"https:\\\/\\\/blogdofarnesio.com.br\\\/?p=252753#breadcrumb\",\"itemListElement\":[{\"@type\":\"ListItem\",\"position\":1,\"name\":\"In\u00edcio\",\"item\":\"https:\\\/\\\/blogdofarnesio.com.br\\\/\"},{\"@type\":\"ListItem\",\"position\":2,\"name\":\"Em Casa Nova Prefeito pro\u00edbe visita \u00e0s Dunas e controla visitantes\"}]},{\"@type\":\"WebSite\",\"@id\":\"https:\\\/\\\/blogdofarnesio.com.br\\\/#website\",\"url\":\"https:\\\/\\\/blogdofarnesio.com.br\\\/\",\"name\":\"Blog do Farn\u00e9sio\",\"description\":\"Quer Saber Pol\u00edtica?\",\"publisher\":{\"@id\":\"https:\\\/\\\/blogdofarnesio.com.br\\\/#organization\"},\"potentialAction\":[{\"@type\":\"SearchAction\",\"target\":{\"@type\":\"EntryPoint\",\"urlTemplate\":\"https:\\\/\\\/blogdofarnesio.com.br\\\/?s={search_term_string}\"},\"query-input\":{\"@type\":\"PropertyValueSpecification\",\"valueRequired\":true,\"valueName\":\"search_term_string\"}}],\"inLanguage\":\"pt-BR\"},{\"@type\":\"Organization\",\"@id\":\"https:\\\/\\\/blogdofarnesio.com.br\\\/#organization\",\"name\":\"Blog do Farn\u00e9sio\",\"url\":\"https:\\\/\\\/blogdofarnesio.com.br\\\/\",\"logo\":{\"@type\":\"ImageObject\",\"inLanguage\":\"pt-BR\",\"@id\":\"https:\\\/\\\/blogdofarnesio.com.br\\\/#\\\/schema\\\/logo\\\/image\\\/\",\"url\":\"https:\\\/\\\/blogdofarnesio.com.br\\\/wp-content\\\/uploads\\\/2026\\\/03\\\/cropped-logo_new-1.png\",\"contentUrl\":\"https:\\\/\\\/blogdofarnesio.com.br\\\/wp-content\\\/uploads\\\/2026\\\/03\\\/cropped-logo_new-1.png\",\"width\":881,\"height\":685,\"caption\":\"Blog do Farn\u00e9sio\"},\"image\":{\"@id\":\"https:\\\/\\\/blogdofarnesio.com.br\\\/#\\\/schema\\\/logo\\\/image\\\/\"},\"sameAs\":[\"https:\\\/\\\/www.facebook.com\\\/BlogQuerSaberPolitica\\\/\"]},{\"@type\":\"Person\",\"@id\":\"https:\\\/\\\/blogdofarnesio.com.br\\\/#\\\/schema\\\/person\\\/301c4acf522bccbfdb45af95b5b906a1\",\"name\":\"Farn\u00e9sio\",\"image\":{\"@type\":\"ImageObject\",\"inLanguage\":\"pt-BR\",\"@id\":\"https:\\\/\\\/secure.gravatar.com\\\/avatar\\\/df0c9a14567c056f8ad6876ba5bbd1e3e2c48023eb6807342fc4663adf549f38?s=96&d=mm&r=g\",\"url\":\"https:\\\/\\\/secure.gravatar.com\\\/avatar\\\/df0c9a14567c056f8ad6876ba5bbd1e3e2c48023eb6807342fc4663adf549f38?s=96&d=mm&r=g\",\"contentUrl\":\"https:\\\/\\\/secure.gravatar.com\\\/avatar\\\/df0c9a14567c056f8ad6876ba5bbd1e3e2c48023eb6807342fc4663adf549f38?s=96&d=mm&r=g\",\"caption\":\"Farn\u00e9sio\"},\"sameAs\":[\"https:\\\/\\\/quersaberpolitica.com.br\"],\"url\":\"https:\\\/\\\/blogdofarnesio.com.br\\\/?author=1\"}]}<\/script>\n<!-- \/ Yoast SEO plugin. -->","yoast_head_json":{"title":"Em Casa Nova Prefeito pro\u00edbe visita \u00e0s Dunas e controla visitantes - Blog do Farn\u00e9sio","robots":{"index":"index","follow":"follow","max-snippet":"max-snippet:-1","max-image-preview":"max-image-preview:large","max-video-preview":"max-video-preview:-1"},"canonical":"https:\/\/blogdofarnesio.com.br\/?p=252753","og_locale":"pt_BR","og_type":"article","og_title":"Em Casa Nova Prefeito pro\u00edbe visita \u00e0s Dunas e controla visitantes - Blog do Farn\u00e9sio","og_description":"Em um longo decreto, com 22 artigos, datado desta ter\u00e7a-feira, 17 de abril, prevendo desde o retorno ao servi\u00e7o de todos os servidores da sa\u00fade que estejam de f\u00e9rias at\u00e9 a proibi\u00e7\u00e3o de visita \u00e0s Dunas do Velho Chico, assinado depois de uma reuni\u00e3o entre representantes da Igreja, Vereadores, Secret\u00e1rios, Sindicatos de Trabalhadores e Patronais, o prefeito Wilker Torres deu seguimento \u00e0s determina\u00e7\u00f5es na \u00e1rea do munic\u00edpio de Casa Nova destinadas a impedir a ocorr\u00eancia da COVID 19. O prefeito lembrou que, por determina\u00e7\u00e3o sua, a Secretaria de Educa\u00e7\u00e3o j\u00e1 havia adiado o in\u00edcio do ano letivo e falou que \u201ccidades pr\u00f3ximas j\u00e1 registram ocorr\u00eancias da doen\u00e7a, declarada pandemia e \u00e9 nosso dever zelar pela sa\u00fade da popula\u00e7\u00e3o, mesmo tendo&hellip;","og_url":"https:\/\/blogdofarnesio.com.br\/?p=252753","og_site_name":"Blog do Farn\u00e9sio","article_publisher":"https:\/\/www.facebook.com\/BlogQuerSaberPolitica\/","article_published_time":"2020-03-18T20:20:11+00:00","og_image":[{"width":640,"height":326,"url":"https:\/\/blogdofarnesio.com.br\/wp-content\/uploads\/2020\/02\/blogqspcasa-nova-dunas-bombeiros-civis-e-dois-quadriciclos-para-a-PM-e1581344318715.jpg","type":"image\/jpeg"}],"author":"Farn\u00e9sio","twitter_card":"summary_large_image","twitter_misc":{"Escrito por":"Farn\u00e9sio","Est. tempo de leitura":"2 minutos"},"schema":{"@context":"https:\/\/schema.org","@graph":[{"@type":"Article","@id":"https:\/\/blogdofarnesio.com.br\/?p=252753#article","isPartOf":{"@id":"https:\/\/blogdofarnesio.com.br\/?p=252753"},"author":{"name":"Farn\u00e9sio","@id":"https:\/\/blogdofarnesio.com.br\/#\/schema\/person\/301c4acf522bccbfdb45af95b5b906a1"},"headline":"Em Casa Nova Prefeito pro\u00edbe visita \u00e0s Dunas e controla visitantes","datePublished":"2020-03-18T20:20:11+00:00","mainEntityOfPage":{"@id":"https:\/\/blogdofarnesio.com.br\/?p=252753"},"wordCount":455,"publisher":{"@id":"https:\/\/blogdofarnesio.com.br\/#organization"},"image":{"@id":"https:\/\/blogdofarnesio.com.br\/?p=252753#primaryimage"},"thumbnailUrl":"https:\/\/blogdofarnesio.com.br\/wp-content\/uploads\/2020\/02\/blogqspcasa-nova-dunas-bombeiros-civis-e-dois-quadriciclos-para-a-PM-e1581344318715.jpg","articleSection":["Turismo"],"inLanguage":"pt-BR"},{"@type":"WebPage","@id":"https:\/\/blogdofarnesio.com.br\/?p=252753","url":"https:\/\/blogdofarnesio.com.br\/?p=252753","name":"Em Casa Nova Prefeito pro\u00edbe visita \u00e0s Dunas e controla visitantes - Blog do Farn\u00e9sio","isPartOf":{"@id":"https:\/\/blogdofarnesio.com.br\/#website"},"primaryImageOfPage":{"@id":"https:\/\/blogdofarnesio.com.br\/?p=252753#primaryimage"},"image":{"@id":"https:\/\/blogdofarnesio.com.br\/?p=252753#primaryimage"},"thumbnailUrl":"https:\/\/blogdofarnesio.com.br\/wp-content\/uploads\/2020\/02\/blogqspcasa-nova-dunas-bombeiros-civis-e-dois-quadriciclos-para-a-PM-e1581344318715.jpg","datePublished":"2020-03-18T20:20:11+00:00","breadcrumb":{"@id":"https:\/\/blogdofarnesio.com.br\/?p=252753#breadcrumb"},"inLanguage":"pt-BR","potentialAction":[{"@type":"ReadAction","target":["https:\/\/blogdofarnesio.com.br\/?p=252753"]}]},{"@type":"ImageObject","inLanguage":"pt-BR","@id":"https:\/\/blogdofarnesio.com.br\/?p=252753#primaryimage","url":"https:\/\/blogdofarnesio.com.br\/wp-content\/uploads\/2020\/02\/blogqspcasa-nova-dunas-bombeiros-civis-e-dois-quadriciclos-para-a-PM-e1581344318715.jpg","contentUrl":"https:\/\/blogdofarnesio.com.br\/wp-content\/uploads\/2020\/02\/blogqspcasa-nova-dunas-bombeiros-civis-e-dois-quadriciclos-para-a-PM-e1581344318715.jpg","width":640,"height":326},{"@type":"BreadcrumbList","@id":"https:\/\/blogdofarnesio.com.br\/?p=252753#breadcrumb","itemListElement":[{"@type":"ListItem","position":1,"name":"In\u00edcio","item":"https:\/\/blogdofarnesio.com.br\/"},{"@type":"ListItem","position":2,"name":"Em Casa Nova Prefeito pro\u00edbe visita \u00e0s Dunas e controla visitantes"}]},{"@type":"WebSite","@id":"https:\/\/blogdofarnesio.com.br\/#website","url":"https:\/\/blogdofarnesio.com.br\/","name":"Blog do Farn\u00e9sio","description":"Quer Saber Pol\u00edtica?","publisher":{"@id":"https:\/\/blogdofarnesio.com.br\/#organization"},"potentialAction":[{"@type":"SearchAction","target":{"@type":"EntryPoint","urlTemplate":"https:\/\/blogdofarnesio.com.br\/?s={search_term_string}"},"query-input":{"@type":"PropertyValueSpecification","valueRequired":true,"valueName":"search_term_string"}}],"inLanguage":"pt-BR"},{"@type":"Organization","@id":"https:\/\/blogdofarnesio.com.br\/#organization","name":"Blog do Farn\u00e9sio","url":"https:\/\/blogdofarnesio.com.br\/","logo":{"@type":"ImageObject","inLanguage":"pt-BR","@id":"https:\/\/blogdofarnesio.com.br\/#\/schema\/logo\/image\/","url":"https:\/\/blogdofarnesio.com.br\/wp-content\/uploads\/2026\/03\/cropped-logo_new-1.png","contentUrl":"https:\/\/blogdofarnesio.com.br\/wp-content\/uploads\/2026\/03\/cropped-logo_new-1.png","width":881,"height":685,"caption":"Blog do Farn\u00e9sio"},"image":{"@id":"https:\/\/blogdofarnesio.com.br\/#\/schema\/logo\/image\/"},"sameAs":["https:\/\/www.facebook.com\/BlogQuerSaberPolitica\/"]},{"@type":"Person","@id":"https:\/\/blogdofarnesio.com.br\/#\/schema\/person\/301c4acf522bccbfdb45af95b5b906a1","name":"Farn\u00e9sio","image":{"@type":"ImageObject","inLanguage":"pt-BR","@id":"https:\/\/secure.gravatar.com\/avatar\/df0c9a14567c056f8ad6876ba5bbd1e3e2c48023eb6807342fc4663adf549f38?s=96&d=mm&r=g","url":"https:\/\/secure.gravatar.com\/avatar\/df0c9a14567c056f8ad6876ba5bbd1e3e2c48023eb6807342fc4663adf549f38?s=96&d=mm&r=g","contentUrl":"https:\/\/secure.gravatar.com\/avatar\/df0c9a14567c056f8ad6876ba5bbd1e3e2c48023eb6807342fc4663adf549f38?s=96&d=mm&r=g","caption":"Farn\u00e9sio"},"sameAs":["https:\/\/quersaberpolitica.com.br"],"url":"https:\/\/blogdofarnesio.com.br\/?author=1"}]}},"_links":{"self":[{"href":"https:\/\/blogdofarnesio.com.br\/index.php?rest_route=\/wp\/v2\/posts\/252753","targetHints":{"allow":["GET"]}}],"collection":[{"href":"https:\/\/blogdofarnesio.com.br\/index.php?rest_route=\/wp\/v2\/posts"}],"about":[{"href":"https:\/\/blogdofarnesio.com.br\/index.php?rest_route=\/wp\/v2\/types\/post"}],"author":[{"embeddable":true,"href":"https:\/\/blogdofarnesio.com.br\/index.php?rest_route=\/wp\/v2\/users\/1"}],"replies":[{"embeddable":true,"href":"https:\/\/blogdofarnesio.com.br\/index.php?rest_route=%2Fwp%2Fv2%2Fcomments&post=252753"}],"version-history":[{"count":0,"href":"https:\/\/blogdofarnesio.com.br\/index.php?rest_route=\/wp\/v2\/posts\/252753\/revisions"}],"wp:featuredmedia":[{"embeddable":true,"href":"https:\/\/blogdofarnesio.com.br\/index.php?rest_route=\/wp\/v2\/media\/249876"}],"wp:attachment":[{"href":"https:\/\/blogdofarnesio.com.br\/index.php?rest_route=%2Fwp%2Fv2%2Fmedia&parent=252753"}],"wp:term":[{"taxonomy":"category","embeddable":true,"href":"https:\/\/blogdofarnesio.com.br\/index.php?rest_route=%2Fwp%2Fv2%2Fcategories&post=252753"},{"taxonomy":"post_tag","embeddable":true,"href":"https:\/\/blogdofarnesio.com.br\/index.php?rest_route=%2Fwp%2Fv2%2Ftags&post=252753"}],"curies":[{"name":"wp","href":"https:\/\/api.w.org\/{rel}","templated":true}]}}