{"id":252313,"date":"2020-03-12T15:40:35","date_gmt":"2020-03-12T18:40:35","guid":{"rendered":"http:\/\/quersaberpolitica.com.br\/2016\/?p=252313"},"modified":"2020-03-12T13:43:57","modified_gmt":"2020-03-12T16:43:57","slug":"medicos-aprovados-em-processo-seletivo-para-residencia-em-saude-da-familia-e-comunidade-sao-recepcionados-em-juazeiro","status":"publish","type":"post","link":"https:\/\/blogdofarnesio.com.br\/?p=252313","title":{"rendered":"M\u00e9dicos aprovados em Processo Seletivo para Resid\u00eancia em Sa\u00fade da Fam\u00edlia e Comunidade s\u00e3o recepcionados em Juazeiro"},"content":{"rendered":"<p>Nesta quarta-feira (11), os m\u00e9dicos aprovados no Processo Seletivo para Resid\u00eancia de Fam\u00edlia e Comunidade foram recepcionados pela coordena\u00e7\u00e3o do programa formada pela Prefeitura de Juazeiro, atrav\u00e9s da Secretaria da Sa\u00fade e pela Faculdade Est\u00e1cio. Os profissionais tiveram um primeiro momento sobre suas atribui\u00e7\u00f5es e aprendizados que ter\u00e3o durante a resid\u00eancia nas unidades de sa\u00fade.<\/p>\n<p>O objetivo do programa \u00e9 qualificar os profissionais para atendimento nas Unidades B\u00e1sicas de Sa\u00fade, voltada \u00e0 assist\u00eancia a sa\u00fade da fam\u00edlia e comunidade. Os m\u00e9dicos ir\u00e3o atuar na unidade dos bairros Argemiro, Jo\u00e3o Paulo II e Tabuleiro, nas comunidades de Mandacaru I (distrito de Mandacaru), Goiabeira e Capim de Raiz (distrito do Junco\/Salitre). De acordo a coordenadora do programa pela Secretaria da Sa\u00fade, a mestra em sa\u00fade da fam\u00edlia, Allana Moreira, os profissionais tamb\u00e9m ter\u00e3o experi\u00eancia nos Centros de Aten\u00e7\u00e3o Psicossociais (CAPS) e na rede especializada de Juazeiro.<\/p>\n<p>\u201cFoi com muita alegria que recebemos estes profissionais. A proposta \u00e9 que os residentes aprendam ao longo destes dois anos a especialidade da Medicina de Sa\u00fade da Fam\u00edlia e Comunidade. Eles se propuseram a ser cl\u00ednicos qualificados e \u00e9 preciso o envolvimento com o ambiente e as pessoas de onde ir\u00e3o atuar, usando ferramenta de cuidado que aumenta a resolutividade\u201d, explicou Allana Moreira.<\/p>\n<p>Eduardo Lucena, m\u00e9dico formado pela UNIVASF, fala sobre a escolha por esta resid\u00eancia. \u201cJuazeiro apresenta um cen\u00e1rio bem significativo. Aqui que eu tive meu primeiro emprego e poder fazer a resid\u00eancia nessa cidade \u00e9 trazer algo melhor para as pessoas daqui. Foi isso que me fez decidir por Resid\u00eancia em Sa\u00fade da Fam\u00edlia e Comunidade e fiquei muito feliz pela aprova\u00e7\u00e3o. Eu estou com expectativa muito boa, cheio de energia e empolgado para fazer o melhor na aten\u00e7\u00e3o prim\u00e1ria da cidade\u201d, acrescentou.<\/p>\n<p>A assessora de Planejamento da SESAU, Luciana Florintino, descreve a import\u00e2ncia destes profissionais na rede da aten\u00e7\u00e3o prim\u00e1ria de Juazeiro. \u201cN\u00f3s somos campo de est\u00e1gio e resid\u00eancia para estes profissionais. \u00c9 de um significado \u00edmpar ter em nossa rede seis profissionais dedicados a atender as pessoas na aten\u00e7\u00e3o prim\u00e1ria e ao mesmo tempo se qualificarem como m\u00e9dicos em Sa\u00fade da Fam\u00edlia e Comunidade\u201d pontuou.<\/p>\n","protected":false},"excerpt":{"rendered":"<p>Nesta quarta-feira (11), os m\u00e9dicos aprovados no Processo Seletivo para Resid\u00eancia de Fam\u00edlia e Comunidade foram recepcionados pela coordena\u00e7\u00e3o do programa formada pela Prefeitura de Juazeiro, atrav\u00e9s da Secretaria da Sa\u00fade e pela Faculdade Est\u00e1cio. Os profissionais tiveram um primeiro momento sobre suas atribui\u00e7\u00f5es e aprendizados que ter\u00e3o durante a resid\u00eancia nas unidades de sa\u00fade. O objetivo do programa \u00e9 qualificar os profissionais para atendimento nas Unidades B\u00e1sicas de Sa\u00fade, voltada \u00e0 assist\u00eancia a sa\u00fade da fam\u00edlia e comunidade. Os m\u00e9dicos ir\u00e3o atuar na unidade dos bairros Argemiro, Jo\u00e3o Paulo II e Tabuleiro, nas comunidades de Mandacaru I (distrito de Mandacaru), Goiabeira e Capim de Raiz (distrito do Junco\/Salitre). De acordo a coordenadora do programa pela Secretaria da Sa\u00fade, a&hellip; <\/p>\n","protected":false},"author":1,"featured_media":252314,"comment_status":"closed","ping_status":"closed","sticky":false,"template":"","format":"standard","meta":{"_acf_changed":false,"footnotes":""},"categories":[4],"tags":[],"class_list":["post-252313","post","type-post","status-publish","format-standard","has-post-thumbnail","hentry","category-saude"],"acf":[],"yoast_head":"<!-- This site is optimized with the Yoast SEO plugin v27.4 - https:\/\/yoast.com\/product\/yoast-seo-wordpress\/ -->\n<title>M\u00e9dicos aprovados em Processo Seletivo para Resid\u00eancia em Sa\u00fade da Fam\u00edlia e Comunidade s\u00e3o recepcionados em Juazeiro - Blog do Farn\u00e9sio<\/title>\n<meta name=\"robots\" content=\"index, follow, max-snippet:-1, max-image-preview:large, max-video-preview:-1\" \/>\n<link rel=\"canonical\" href=\"https:\/\/blogdofarnesio.com.br\/?p=252313\" \/>\n<meta property=\"og:locale\" content=\"pt_BR\" \/>\n<meta property=\"og:type\" content=\"article\" \/>\n<meta property=\"og:title\" content=\"M\u00e9dicos aprovados em Processo Seletivo para Resid\u00eancia em Sa\u00fade da Fam\u00edlia e Comunidade s\u00e3o recepcionados em Juazeiro - Blog do Farn\u00e9sio\" \/>\n<meta property=\"og:description\" content=\"Nesta quarta-feira (11), os m\u00e9dicos aprovados no Processo Seletivo para Resid\u00eancia de Fam\u00edlia e Comunidade foram recepcionados pela coordena\u00e7\u00e3o do programa formada pela Prefeitura de Juazeiro, atrav\u00e9s da Secretaria da Sa\u00fade e pela Faculdade Est\u00e1cio. Os profissionais tiveram um primeiro momento sobre suas atribui\u00e7\u00f5es e aprendizados que ter\u00e3o durante a resid\u00eancia nas unidades de sa\u00fade. O objetivo do programa \u00e9 qualificar os profissionais para atendimento nas Unidades B\u00e1sicas de Sa\u00fade, voltada \u00e0 assist\u00eancia a sa\u00fade da fam\u00edlia e comunidade. Os m\u00e9dicos ir\u00e3o atuar na unidade dos bairros Argemiro, Jo\u00e3o Paulo II e Tabuleiro, nas comunidades de Mandacaru I (distrito de Mandacaru), Goiabeira e Capim de Raiz (distrito do Junco\/Salitre). De acordo a coordenadora do programa pela Secretaria da Sa\u00fade, a&hellip;\" \/>\n<meta property=\"og:url\" content=\"https:\/\/blogdofarnesio.com.br\/?p=252313\" \/>\n<meta property=\"og:site_name\" content=\"Blog do Farn\u00e9sio\" \/>\n<meta property=\"article:publisher\" content=\"https:\/\/www.facebook.com\/BlogQuerSaberPolitica\/\" \/>\n<meta property=\"article:published_time\" content=\"2020-03-12T18:40:35+00:00\" \/>\n<meta property=\"og:image\" content=\"https:\/\/blogdofarnesio.com.br\/wp-content\/uploads\/2020\/03\/blogqspjua-m\u00e9dicos-residentes-e1584031375510.jpeg\" \/>\n\t<meta property=\"og:image:width\" content=\"614\" \/>\n\t<meta property=\"og:image:height\" content=\"439\" \/>\n\t<meta property=\"og:image:type\" content=\"image\/jpeg\" \/>\n<meta name=\"author\" content=\"Farn\u00e9sio\" \/>\n<meta name=\"twitter:card\" content=\"summary_large_image\" \/>\n<meta name=\"twitter:label1\" content=\"Escrito por\" \/>\n\t<meta name=\"twitter:data1\" content=\"Farn\u00e9sio\" \/>\n\t<meta name=\"twitter:label2\" content=\"Est. tempo de leitura\" \/>\n\t<meta name=\"twitter:data2\" content=\"2 minutos\" \/>\n<script type=\"application\/ld+json\" class=\"yoast-schema-graph\">{\"@context\":\"https:\\\/\\\/schema.org\",\"@graph\":[{\"@type\":\"Article\",\"@id\":\"https:\\\/\\\/blogdofarnesio.com.br\\\/?p=252313#article\",\"isPartOf\":{\"@id\":\"https:\\\/\\\/blogdofarnesio.com.br\\\/?p=252313\"},\"author\":{\"name\":\"Farn\u00e9sio\",\"@id\":\"https:\\\/\\\/blogdofarnesio.com.br\\\/#\\\/schema\\\/person\\\/301c4acf522bccbfdb45af95b5b906a1\"},\"headline\":\"M\u00e9dicos aprovados em Processo Seletivo para Resid\u00eancia em Sa\u00fade da Fam\u00edlia e Comunidade s\u00e3o recepcionados em Juazeiro\",\"datePublished\":\"2020-03-12T18:40:35+00:00\",\"mainEntityOfPage\":{\"@id\":\"https:\\\/\\\/blogdofarnesio.com.br\\\/?p=252313\"},\"wordCount\":420,\"publisher\":{\"@id\":\"https:\\\/\\\/blogdofarnesio.com.br\\\/#organization\"},\"image\":{\"@id\":\"https:\\\/\\\/blogdofarnesio.com.br\\\/?p=252313#primaryimage\"},\"thumbnailUrl\":\"https:\\\/\\\/blogdofarnesio.com.br\\\/wp-content\\\/uploads\\\/2020\\\/03\\\/blogqspjua-m\u00e9dicos-residentes-e1584031375510.jpeg\",\"articleSection\":[\"Sa\u00fade\"],\"inLanguage\":\"pt-BR\"},{\"@type\":\"WebPage\",\"@id\":\"https:\\\/\\\/blogdofarnesio.com.br\\\/?p=252313\",\"url\":\"https:\\\/\\\/blogdofarnesio.com.br\\\/?p=252313\",\"name\":\"M\u00e9dicos aprovados em Processo Seletivo para Resid\u00eancia em Sa\u00fade da Fam\u00edlia e Comunidade s\u00e3o recepcionados em Juazeiro - Blog do Farn\u00e9sio\",\"isPartOf\":{\"@id\":\"https:\\\/\\\/blogdofarnesio.com.br\\\/#website\"},\"primaryImageOfPage\":{\"@id\":\"https:\\\/\\\/blogdofarnesio.com.br\\\/?p=252313#primaryimage\"},\"image\":{\"@id\":\"https:\\\/\\\/blogdofarnesio.com.br\\\/?p=252313#primaryimage\"},\"thumbnailUrl\":\"https:\\\/\\\/blogdofarnesio.com.br\\\/wp-content\\\/uploads\\\/2020\\\/03\\\/blogqspjua-m\u00e9dicos-residentes-e1584031375510.jpeg\",\"datePublished\":\"2020-03-12T18:40:35+00:00\",\"breadcrumb\":{\"@id\":\"https:\\\/\\\/blogdofarnesio.com.br\\\/?p=252313#breadcrumb\"},\"inLanguage\":\"pt-BR\",\"potentialAction\":[{\"@type\":\"ReadAction\",\"target\":[\"https:\\\/\\\/blogdofarnesio.com.br\\\/?p=252313\"]}]},{\"@type\":\"ImageObject\",\"inLanguage\":\"pt-BR\",\"@id\":\"https:\\\/\\\/blogdofarnesio.com.br\\\/?p=252313#primaryimage\",\"url\":\"https:\\\/\\\/blogdofarnesio.com.br\\\/wp-content\\\/uploads\\\/2020\\\/03\\\/blogqspjua-m\u00e9dicos-residentes-e1584031375510.jpeg\",\"contentUrl\":\"https:\\\/\\\/blogdofarnesio.com.br\\\/wp-content\\\/uploads\\\/2020\\\/03\\\/blogqspjua-m\u00e9dicos-residentes-e1584031375510.jpeg\",\"width\":614,\"height\":439},{\"@type\":\"BreadcrumbList\",\"@id\":\"https:\\\/\\\/blogdofarnesio.com.br\\\/?p=252313#breadcrumb\",\"itemListElement\":[{\"@type\":\"ListItem\",\"position\":1,\"name\":\"In\u00edcio\",\"item\":\"https:\\\/\\\/blogdofarnesio.com.br\\\/\"},{\"@type\":\"ListItem\",\"position\":2,\"name\":\"M\u00e9dicos aprovados em Processo Seletivo para Resid\u00eancia em Sa\u00fade da Fam\u00edlia e Comunidade s\u00e3o recepcionados em Juazeiro\"}]},{\"@type\":\"WebSite\",\"@id\":\"https:\\\/\\\/blogdofarnesio.com.br\\\/#website\",\"url\":\"https:\\\/\\\/blogdofarnesio.com.br\\\/\",\"name\":\"Blog do Farn\u00e9sio\",\"description\":\"Quer Saber Pol\u00edtica?\",\"publisher\":{\"@id\":\"https:\\\/\\\/blogdofarnesio.com.br\\\/#organization\"},\"potentialAction\":[{\"@type\":\"SearchAction\",\"target\":{\"@type\":\"EntryPoint\",\"urlTemplate\":\"https:\\\/\\\/blogdofarnesio.com.br\\\/?s={search_term_string}\"},\"query-input\":{\"@type\":\"PropertyValueSpecification\",\"valueRequired\":true,\"valueName\":\"search_term_string\"}}],\"inLanguage\":\"pt-BR\"},{\"@type\":\"Organization\",\"@id\":\"https:\\\/\\\/blogdofarnesio.com.br\\\/#organization\",\"name\":\"Blog do Farn\u00e9sio\",\"url\":\"https:\\\/\\\/blogdofarnesio.com.br\\\/\",\"logo\":{\"@type\":\"ImageObject\",\"inLanguage\":\"pt-BR\",\"@id\":\"https:\\\/\\\/blogdofarnesio.com.br\\\/#\\\/schema\\\/logo\\\/image\\\/\",\"url\":\"https:\\\/\\\/blogdofarnesio.com.br\\\/wp-content\\\/uploads\\\/2026\\\/03\\\/cropped-logo_new-1.png\",\"contentUrl\":\"https:\\\/\\\/blogdofarnesio.com.br\\\/wp-content\\\/uploads\\\/2026\\\/03\\\/cropped-logo_new-1.png\",\"width\":881,\"height\":685,\"caption\":\"Blog do Farn\u00e9sio\"},\"image\":{\"@id\":\"https:\\\/\\\/blogdofarnesio.com.br\\\/#\\\/schema\\\/logo\\\/image\\\/\"},\"sameAs\":[\"https:\\\/\\\/www.facebook.com\\\/BlogQuerSaberPolitica\\\/\"]},{\"@type\":\"Person\",\"@id\":\"https:\\\/\\\/blogdofarnesio.com.br\\\/#\\\/schema\\\/person\\\/301c4acf522bccbfdb45af95b5b906a1\",\"name\":\"Farn\u00e9sio\",\"image\":{\"@type\":\"ImageObject\",\"inLanguage\":\"pt-BR\",\"@id\":\"https:\\\/\\\/secure.gravatar.com\\\/avatar\\\/df0c9a14567c056f8ad6876ba5bbd1e3e2c48023eb6807342fc4663adf549f38?s=96&d=mm&r=g\",\"url\":\"https:\\\/\\\/secure.gravatar.com\\\/avatar\\\/df0c9a14567c056f8ad6876ba5bbd1e3e2c48023eb6807342fc4663adf549f38?s=96&d=mm&r=g\",\"contentUrl\":\"https:\\\/\\\/secure.gravatar.com\\\/avatar\\\/df0c9a14567c056f8ad6876ba5bbd1e3e2c48023eb6807342fc4663adf549f38?s=96&d=mm&r=g\",\"caption\":\"Farn\u00e9sio\"},\"sameAs\":[\"https:\\\/\\\/quersaberpolitica.com.br\"],\"url\":\"https:\\\/\\\/blogdofarnesio.com.br\\\/?author=1\"}]}<\/script>\n<!-- \/ Yoast SEO plugin. -->","yoast_head_json":{"title":"M\u00e9dicos aprovados em Processo Seletivo para Resid\u00eancia em Sa\u00fade da Fam\u00edlia e Comunidade s\u00e3o recepcionados em Juazeiro - Blog do Farn\u00e9sio","robots":{"index":"index","follow":"follow","max-snippet":"max-snippet:-1","max-image-preview":"max-image-preview:large","max-video-preview":"max-video-preview:-1"},"canonical":"https:\/\/blogdofarnesio.com.br\/?p=252313","og_locale":"pt_BR","og_type":"article","og_title":"M\u00e9dicos aprovados em Processo Seletivo para Resid\u00eancia em Sa\u00fade da Fam\u00edlia e Comunidade s\u00e3o recepcionados em Juazeiro - Blog do Farn\u00e9sio","og_description":"Nesta quarta-feira (11), os m\u00e9dicos aprovados no Processo Seletivo para Resid\u00eancia de Fam\u00edlia e Comunidade foram recepcionados pela coordena\u00e7\u00e3o do programa formada pela Prefeitura de Juazeiro, atrav\u00e9s da Secretaria da Sa\u00fade e pela Faculdade Est\u00e1cio. Os profissionais tiveram um primeiro momento sobre suas atribui\u00e7\u00f5es e aprendizados que ter\u00e3o durante a resid\u00eancia nas unidades de sa\u00fade. O objetivo do programa \u00e9 qualificar os profissionais para atendimento nas Unidades B\u00e1sicas de Sa\u00fade, voltada \u00e0 assist\u00eancia a sa\u00fade da fam\u00edlia e comunidade. Os m\u00e9dicos ir\u00e3o atuar na unidade dos bairros Argemiro, Jo\u00e3o Paulo II e Tabuleiro, nas comunidades de Mandacaru I (distrito de Mandacaru), Goiabeira e Capim de Raiz (distrito do Junco\/Salitre). De acordo a coordenadora do programa pela Secretaria da Sa\u00fade, a&hellip;","og_url":"https:\/\/blogdofarnesio.com.br\/?p=252313","og_site_name":"Blog do Farn\u00e9sio","article_publisher":"https:\/\/www.facebook.com\/BlogQuerSaberPolitica\/","article_published_time":"2020-03-12T18:40:35+00:00","og_image":[{"width":614,"height":439,"url":"https:\/\/blogdofarnesio.com.br\/wp-content\/uploads\/2020\/03\/blogqspjua-m\u00e9dicos-residentes-e1584031375510.jpeg","type":"image\/jpeg"}],"author":"Farn\u00e9sio","twitter_card":"summary_large_image","twitter_misc":{"Escrito por":"Farn\u00e9sio","Est. tempo de leitura":"2 minutos"},"schema":{"@context":"https:\/\/schema.org","@graph":[{"@type":"Article","@id":"https:\/\/blogdofarnesio.com.br\/?p=252313#article","isPartOf":{"@id":"https:\/\/blogdofarnesio.com.br\/?p=252313"},"author":{"name":"Farn\u00e9sio","@id":"https:\/\/blogdofarnesio.com.br\/#\/schema\/person\/301c4acf522bccbfdb45af95b5b906a1"},"headline":"M\u00e9dicos aprovados em Processo Seletivo para Resid\u00eancia em Sa\u00fade da Fam\u00edlia e Comunidade s\u00e3o recepcionados em Juazeiro","datePublished":"2020-03-12T18:40:35+00:00","mainEntityOfPage":{"@id":"https:\/\/blogdofarnesio.com.br\/?p=252313"},"wordCount":420,"publisher":{"@id":"https:\/\/blogdofarnesio.com.br\/#organization"},"image":{"@id":"https:\/\/blogdofarnesio.com.br\/?p=252313#primaryimage"},"thumbnailUrl":"https:\/\/blogdofarnesio.com.br\/wp-content\/uploads\/2020\/03\/blogqspjua-m\u00e9dicos-residentes-e1584031375510.jpeg","articleSection":["Sa\u00fade"],"inLanguage":"pt-BR"},{"@type":"WebPage","@id":"https:\/\/blogdofarnesio.com.br\/?p=252313","url":"https:\/\/blogdofarnesio.com.br\/?p=252313","name":"M\u00e9dicos aprovados em Processo Seletivo para Resid\u00eancia em Sa\u00fade da Fam\u00edlia e Comunidade s\u00e3o recepcionados em Juazeiro - Blog do Farn\u00e9sio","isPartOf":{"@id":"https:\/\/blogdofarnesio.com.br\/#website"},"primaryImageOfPage":{"@id":"https:\/\/blogdofarnesio.com.br\/?p=252313#primaryimage"},"image":{"@id":"https:\/\/blogdofarnesio.com.br\/?p=252313#primaryimage"},"thumbnailUrl":"https:\/\/blogdofarnesio.com.br\/wp-content\/uploads\/2020\/03\/blogqspjua-m\u00e9dicos-residentes-e1584031375510.jpeg","datePublished":"2020-03-12T18:40:35+00:00","breadcrumb":{"@id":"https:\/\/blogdofarnesio.com.br\/?p=252313#breadcrumb"},"inLanguage":"pt-BR","potentialAction":[{"@type":"ReadAction","target":["https:\/\/blogdofarnesio.com.br\/?p=252313"]}]},{"@type":"ImageObject","inLanguage":"pt-BR","@id":"https:\/\/blogdofarnesio.com.br\/?p=252313#primaryimage","url":"https:\/\/blogdofarnesio.com.br\/wp-content\/uploads\/2020\/03\/blogqspjua-m\u00e9dicos-residentes-e1584031375510.jpeg","contentUrl":"https:\/\/blogdofarnesio.com.br\/wp-content\/uploads\/2020\/03\/blogqspjua-m\u00e9dicos-residentes-e1584031375510.jpeg","width":614,"height":439},{"@type":"BreadcrumbList","@id":"https:\/\/blogdofarnesio.com.br\/?p=252313#breadcrumb","itemListElement":[{"@type":"ListItem","position":1,"name":"In\u00edcio","item":"https:\/\/blogdofarnesio.com.br\/"},{"@type":"ListItem","position":2,"name":"M\u00e9dicos aprovados em Processo Seletivo para Resid\u00eancia em Sa\u00fade da Fam\u00edlia e Comunidade s\u00e3o recepcionados em Juazeiro"}]},{"@type":"WebSite","@id":"https:\/\/blogdofarnesio.com.br\/#website","url":"https:\/\/blogdofarnesio.com.br\/","name":"Blog do Farn\u00e9sio","description":"Quer Saber Pol\u00edtica?","publisher":{"@id":"https:\/\/blogdofarnesio.com.br\/#organization"},"potentialAction":[{"@type":"SearchAction","target":{"@type":"EntryPoint","urlTemplate":"https:\/\/blogdofarnesio.com.br\/?s={search_term_string}"},"query-input":{"@type":"PropertyValueSpecification","valueRequired":true,"valueName":"search_term_string"}}],"inLanguage":"pt-BR"},{"@type":"Organization","@id":"https:\/\/blogdofarnesio.com.br\/#organization","name":"Blog do Farn\u00e9sio","url":"https:\/\/blogdofarnesio.com.br\/","logo":{"@type":"ImageObject","inLanguage":"pt-BR","@id":"https:\/\/blogdofarnesio.com.br\/#\/schema\/logo\/image\/","url":"https:\/\/blogdofarnesio.com.br\/wp-content\/uploads\/2026\/03\/cropped-logo_new-1.png","contentUrl":"https:\/\/blogdofarnesio.com.br\/wp-content\/uploads\/2026\/03\/cropped-logo_new-1.png","width":881,"height":685,"caption":"Blog do Farn\u00e9sio"},"image":{"@id":"https:\/\/blogdofarnesio.com.br\/#\/schema\/logo\/image\/"},"sameAs":["https:\/\/www.facebook.com\/BlogQuerSaberPolitica\/"]},{"@type":"Person","@id":"https:\/\/blogdofarnesio.com.br\/#\/schema\/person\/301c4acf522bccbfdb45af95b5b906a1","name":"Farn\u00e9sio","image":{"@type":"ImageObject","inLanguage":"pt-BR","@id":"https:\/\/secure.gravatar.com\/avatar\/df0c9a14567c056f8ad6876ba5bbd1e3e2c48023eb6807342fc4663adf549f38?s=96&d=mm&r=g","url":"https:\/\/secure.gravatar.com\/avatar\/df0c9a14567c056f8ad6876ba5bbd1e3e2c48023eb6807342fc4663adf549f38?s=96&d=mm&r=g","contentUrl":"https:\/\/secure.gravatar.com\/avatar\/df0c9a14567c056f8ad6876ba5bbd1e3e2c48023eb6807342fc4663adf549f38?s=96&d=mm&r=g","caption":"Farn\u00e9sio"},"sameAs":["https:\/\/quersaberpolitica.com.br"],"url":"https:\/\/blogdofarnesio.com.br\/?author=1"}]}},"_links":{"self":[{"href":"https:\/\/blogdofarnesio.com.br\/index.php?rest_route=\/wp\/v2\/posts\/252313","targetHints":{"allow":["GET"]}}],"collection":[{"href":"https:\/\/blogdofarnesio.com.br\/index.php?rest_route=\/wp\/v2\/posts"}],"about":[{"href":"https:\/\/blogdofarnesio.com.br\/index.php?rest_route=\/wp\/v2\/types\/post"}],"author":[{"embeddable":true,"href":"https:\/\/blogdofarnesio.com.br\/index.php?rest_route=\/wp\/v2\/users\/1"}],"replies":[{"embeddable":true,"href":"https:\/\/blogdofarnesio.com.br\/index.php?rest_route=%2Fwp%2Fv2%2Fcomments&post=252313"}],"version-history":[{"count":0,"href":"https:\/\/blogdofarnesio.com.br\/index.php?rest_route=\/wp\/v2\/posts\/252313\/revisions"}],"wp:featuredmedia":[{"embeddable":true,"href":"https:\/\/blogdofarnesio.com.br\/index.php?rest_route=\/wp\/v2\/media\/252314"}],"wp:attachment":[{"href":"https:\/\/blogdofarnesio.com.br\/index.php?rest_route=%2Fwp%2Fv2%2Fmedia&parent=252313"}],"wp:term":[{"taxonomy":"category","embeddable":true,"href":"https:\/\/blogdofarnesio.com.br\/index.php?rest_route=%2Fwp%2Fv2%2Fcategories&post=252313"},{"taxonomy":"post_tag","embeddable":true,"href":"https:\/\/blogdofarnesio.com.br\/index.php?rest_route=%2Fwp%2Fv2%2Ftags&post=252313"}],"curies":[{"name":"wp","href":"https:\/\/api.w.org\/{rel}","templated":true}]}}