{"id":252311,"date":"2020-03-12T16:00:34","date_gmt":"2020-03-12T19:00:34","guid":{"rendered":"http:\/\/quersaberpolitica.com.br\/2016\/?p=252311"},"modified":"2020-03-12T13:52:20","modified_gmt":"2020-03-12T16:52:20","slug":"primeiros-casos-de-coronavirus-sao-confirmados-em-pernambuco","status":"publish","type":"post","link":"https:\/\/blogdofarnesio.com.br\/2020\/03\/primeiros-casos-de-coronavirus-sao-confirmados-em-pernambuco\/","title":{"rendered":"Primeiros casos de coronavirus s\u00e3o confirmados em Pernambuco"},"content":{"rendered":"<div class=\"content-media\" data-block-type=\"backstage-photo\">\n<figure>\n<div class=\"&quot;GoogleActiveViewInnerContainer&quot;style=&quot;left:0px;top:0px;width:100%;height:100%;position:fixed;pointer-events:none;z-index:-9999;&quot;\">Os dois primeiros casos do novo <a href=\"https:\/\/g1.globo.com\/bemestar\/coronavirus\/\" target=\"_top\" rel=\"noopener noreferrer\">coronav\u00edrus\u00a0<\/a>(Sars-Cov-2) foram confirmados em\u00a0<a href=\"https:\/\/g1.globo.com\/pe\/pernambuco\/\" target=\"_top\" rel=\"noopener noreferrer\">Pernambuco<\/a>, ambos moradores do\u00a0<a href=\"https:\/\/g1.globo.com\/pe\/pernambuco\/cidade\/recife\/\" target=\"_top\" rel=\"noopener noreferrer\">Recife\u00a0<\/a>que estiveram juntos na It\u00e1lia, informou a Secretaria Estadual de Sa\u00fade (SES) nesta quinta-feira (12). Na quarta (11), a Organiza\u00e7\u00e3o Mundial da Sa\u00fade\u00a0<a href=\"https:\/\/g1.globo.com\/bemestar\/coronavirus\/noticia\/2020\/03\/11\/oms-declara-pandemia-de-coronavirus.ghtml\" target=\"_top\" rel=\"noopener noreferrer\">declarou a pandemia mundial de Covid-19<\/a>, doen\u00e7a causada pelo v\u00edrus.<\/div>\n<p>Na quarta-feira (11), o Minist\u00e9rio da Sa\u00fade (MS) confirmou\u00a0<a href=\"https:\/\/g1.globo.com\/bemestar\/coronavirus\/noticia\/2020\/03\/11\/brasil-tem-52-casos-confirmados-de-novo-coronavirus-aponta-painel-do-ministerio-da-saude.ghtml\" target=\"_top\" rel=\"noopener noreferrer\">52 casos da infec\u00e7\u00e3o no pa\u00eds<\/a>. Depois da divulga\u00e7\u00e3o do boletim, a Bahia\u00a0<a href=\"https:\/\/g1.globo.com\/ba\/bahia\/noticia\/2020\/03\/11\/secretaria-de-saude-confirma-3o-caso-de-coronavirus-na-bahia-paciente-teve-contato-com-2-caso.ghtml\" target=\"_top\" rel=\"noopener noreferrer\">divulgou que seu terceiro caso foi confirmado<\/a>\u00a0e, em S\u00e3o Paulo, o Hospital Albert Einstein confirmou<a href=\"https:\/\/g1.globo.com\/sp\/sao-paulo\/noticia\/2020\/03\/11\/hospital-albert-einstein-em-sp-confirma-mais-16-casos-de-coronavirus-nesta-quarta.ghtml\" target=\"_top\" rel=\"noopener noreferrer\">\u00a0mais 16 casos de pacientes infectados<\/a>\u00a0pelo novo coronav\u00edrus.<\/p>\n<p>Ainda no fim da noite da quarta, a Secretaria Estadual de Sa\u00fade do\u00a0<a href=\"https:\/\/g1.globo.com\/rs\/rio-grande-do-sul\/noticia\/2020\/03\/10\/rs-tem-primeiro-caso-confirmado-de-coronavirus-diz-secretaria-estadual-de-saude.ghtml\" target=\"_top\" rel=\"noopener noreferrer\">Rio Grande do Sul divulgou que mais dois casos foram confirmados<\/a>. Com isso, o total de confirma\u00e7\u00f5es no pa\u00eds pode ser de 73 casos.<\/p>\n<div class=\"content-media\" data-block-type=\"backstage-photo\">\n<figure class=\"content-media__container\"><figcaption class=\"content-media__description\">Al\u00e9m de Pernambuco, ao menos oito estados e o Distrito Federal j\u00e1 confirmaram casos da infec\u00e7\u00e3o. Nesta quinta-feira (12), foi publicada uma<a href=\"https:\/\/g1.globo.com\/bemestar\/coronavirus\/noticia\/2020\/03\/12\/ministerio-da-saude-define-regras-de-isolamento-e-quarentena-por-conta-do-coronavirus.ghtml\" target=\"_top\" rel=\"noopener noreferrer\">\u00a0portaria do Minist\u00e9rio da Sa\u00fade que define como ser\u00e3o feitos o isolamento<\/a>\u00a0e a quarentena para enfrentar a pandemia no pa\u00eds.<\/figcaption><\/figure>\n<\/div>\n<p>As confirma\u00e7\u00f5es em Pernambuco ocorreram atrav\u00e9s de exames realizados no Instituto Evandro Chagas, do\u00a0<a href=\"https:\/\/g1.globo.com\/pa\/para\/\" target=\"_top\" rel=\"noopener noreferrer\">Par\u00e1<\/a>. Os pacientes s\u00e3o uma mulher de 66 anos e um homem de 71 anos, que est\u00e3o internados em uma unidade particular de sa\u00fade do Recife. Ambos apresentaram febre, tosse e dor de cabe\u00e7a<\/p>\n<p>De acordo com a SES, o homem est\u00e1 na Unidade de Terapia Intensiva (UTI), mas o quadro de sa\u00fade \u00e9 considerado est\u00e1vel. A notifica\u00e7\u00e3o do casal foi feita no dia 5 de mar\u00e7o.<\/p>\n<p>&#8220;O fato de o senhor de 71 anos estar na UTI \u00e9 porque ele apresentou febre. Por isso, achamos melhor coloc\u00e1-lo numa unidade com maior monitoramento. Ele est\u00e1 est\u00e1vel, respirando espontaneamente&#8221;, disse o infectologista Dem\u00e9trius Montenegro.<\/figure>\n<figure><\/figure>\n<figure class=\"content-media__container\"><img decoding=\"async\" class=\"i-amphtml-fill-content i-amphtml-replaced-content\" src=\"https:\/\/s2-glbimg-com.cdn.ampproject.org\/i\/s\/s2.glbimg.com\/sQLjMwSP8Ize9EWX1IGKTkgTV_Y=\/0x0:650x1722\/695x0\/smart\/filters:strip_icc()\/i.s3.glbimg.com\/v1\/AUTH_59edd422c0c84a879bd37670ae4f538a\/internal_photos\/bs\/2020\/5\/G\/JXDyqGSiiRRNkYaG0vvA\/prevencao-coronavirus-v2.jpg\" sizes=\"(max-width: 360px) 312px, 100vw\" srcset=\"https:\/\/s2-glbimg-com.cdn.ampproject.org\/ii\/w680\/s\/s2.glbimg.com\/sQLjMwSP8Ize9EWX1IGKTkgTV_Y=\/0x0:650x1722\/695x0\/smart\/filters:strip_icc()\/i.s3.glbimg.com\/v1\/AUTH_59edd422c0c84a879bd37670ae4f538a\/internal_photos\/bs\/2020\/5\/G\/JXDyqGSiiRRNkYaG0vvA\/prevencao-coronavirus-v2.jpg 680w, https:\/\/s2-glbimg-com.cdn.ampproject.org\/ii\/w1200\/s\/s2.glbimg.com\/sQLjMwSP8Ize9EWX1IGKTkgTV_Y=\/0x0:650x1722\/695x0\/smart\/filters:strip_icc()\/i.s3.glbimg.com\/v1\/AUTH_59edd422c0c84a879bd37670ae4f538a\/internal_photos\/bs\/2020\/5\/G\/JXDyqGSiiRRNkYaG0vvA\/prevencao-coronavirus-v2.jpg 1200w\" alt=\"Dicas de preven\u00e7\u00e3o contra o coronav\u00edrus \u2014 Foto: Arte\/G1\" \/><figcaption class=\"content-media__description\">Dicas de preven\u00e7\u00e3o contra o coronav\u00edrus \u2014 Foto: Arte\/G1<\/figcaption><\/figure>\n<\/div>\n<p>&#8220;Dentre os<a href=\"https:\/\/g1.globo.com\/pe\/pernambuco\/noticia\/2020\/03\/11\/coronavirus-pernambuco-investiga-17-casos-suspeitos-e-tem-22-descartes.ghtml\" target=\"_top\" rel=\"noopener noreferrer\">\u00a039 casos suspeitos [no estado] divulgados na quarta (11)<\/a>, havia um paciente que entrou em contato com esses dois pacientes confirmados. Essa pessoa est\u00e1 em isolamento domiciliar. Ainda n\u00e3o temos a transmiss\u00e3o local confirmada. Todos os esfor\u00e7os se mant\u00eam na vigil\u00e2ncia&#8221;, declarou o secret\u00e1rio Estadual de Sa\u00fade, Andr\u00e9 Longo.<\/p>\n<p>De acordo com o secret\u00e1rio de Sa\u00fade do Recife, Jailson Correia, a pessoa que entrou em contato com o casal infectado \u00e9 uma mulher de 47 anos, que relatou sintomas como febre. Ela foi classificada como caso prov\u00e1vel na quarta (11).<\/p>\n<p>&#8220;N\u00f3s estamos numa fase em que temos confirma\u00e7\u00e3o de v\u00edrus importado e estamos monitorando de perto o caso de contato domiciliar&#8221;, afirmou Correia, que refor\u00e7ou a import\u00e2ncia de preven\u00e7\u00e3o. &#8220;A mais importante medida a ser tomada \u00e9 a lavagem de m\u00e3os. Se os cuidados valem para todos, valem em dobro para as pessoas acimas de 60 anos&#8221;, disse\u00a0<strong>(veja v\u00eddeo abaixo)<\/strong>.<\/p>\n<div class=\"content-media\">\n<div class=\"content-media__container\">\n<p><img decoding=\"async\" class=\"i-amphtml-fill-content i-amphtml-replaced-content\" src=\"https:\/\/s04-video-glbimg-com.cdn.ampproject.org\/i\/s\/s04.video.glbimg.com\/640x360\/8363975.jpg\" \/><iframe class=\"i-amphtml-fill-content\" src=\"https:\/\/s.videos.globo.com\/p3\/amp\/index.html?videosIDs=8363975&amp;adUnit=tvg_G1%2FSua_Regiao%3ENordeste%3EPernambuco&amp;adCustomData=tvg_pgStr%3Dg1%2Fpe%2Fpernambuco&amp;adCmsId=11413&amp;adAccountId=95377733&amp;ga_productUA=UA-296593-3&amp;ga_extras=%7B%22dimension1%22%3A%22amp%22%7D&amp;domain=g1.globo.com&amp;ambient=amp&amp;origin_url=https%3A%2F%2Fg1.globo.com%2Fpe%2Fpernambuco%2Fnoticia%2F2020%2F03%2F12%2Fprimeiros-casos-de-coronavirus-sao-confirmados-pela-secretaria-de-saude-de-pernambuco.ghtml#amp=1\" name=\"amp_iframe0\" frameborder=\"0\" sandbox=\"allow-scripts allow-same-origin allow-popups allow-popups-to-escape-sandbox allow-top-navigation\" data-mce-fragment=\"1\"><\/iframe><\/p>\n<p class=\"content-media__description\">Conhe\u00e7a os sintomas e as formas de se prevenir contra o novo coronav\u00edrus<\/p>\n<\/div>\n<\/div>\n<p>A ida do casal \u00e0 Europa foi no dia 17 de fevereiro e a volta ao Brasil foi no dia 29 do mesmo m\u00eas. &#8220;Tamb\u00e9m estamos monitorando os contatos dessa senhora [listada como prov\u00e1vel]. Esse monitoramento visa flagrar o desenvolvimento da cadeia de transmiss\u00e3o entre essas pessoas&#8221;, detalhou o secret\u00e1rio municipal de Sa\u00fade.<\/p>\n<p>O casal mora em Boa Viagem, na Zona Sul do Recife. A mulher de 47 anos mora no Pina, tamb\u00e9m na Zona Sul. N\u00e3o foi identificado outro contato dos dois idosos que apresente sintomas.<\/p>\n<p>&#8220;A gente espera que a popula\u00e7\u00e3o mantenha a calma. \u00c9 extremamente importante que as pessoas mantenham a tranquilidade e prestem aten\u00e7\u00e3o aos seus h\u00e1bitos de higiene com as m\u00e3os. Evitar co\u00e7ar os olhos, roer as unhas, colocar a m\u00e3o no nariz&#8221;, disse Dem\u00e9trius Montenegro.<\/p>\n<div class=\"show-table content-media content-media--normal\">\n<p class=\"mc-column show-table__title\">Novo coronav\u00edrus em Pernambuco<\/p>\n<div class=\"show-table__centralized\">\n<div class=\"show-table__container\">\n<table class=\"show-table__content show-table__content--highlight-top \">\n<tbody>\n<tr>\n<td>Situa\u00e7\u00e3o<\/td>\n<td>N\u00famero<\/td>\n<\/tr>\n<tr>\n<td>Confirmados<\/td>\n<td>2<\/td>\n<\/tr>\n<tr>\n<td>Prov\u00e1veis<\/td>\n<td>1<\/td>\n<\/tr>\n<tr>\n<td>Em investiga\u00e7\u00e3o<\/td>\n<td>14<\/td>\n<\/tr>\n<tr>\n<td>Descartados<\/td>\n<td>22<\/td>\n<\/tr>\n<tr>\n<td>Total<\/td>\n<td>39<\/td>\n<\/tr>\n<\/tbody>\n<\/table>\n<\/div>\n<div class=\"show-table__footer\">\n<div class=\"show-table__source\">Fonte: Secretaria Estadual de Sa\u00fade<\/div>\n<\/div>\n<\/div>\n<\/div>\n<p>Entre o dia 25 de fevereiro e 11 de mar\u00e7o, foram 39 casos notificados como suspeitos pelo governo de estadual. As duas crian\u00e7as que eram casos suspeitos de Covid-19 em Pernambuco tiveram negativos para a doen\u00e7a. At\u00e9 as 11h, n\u00e3o havia novas notifica\u00e7\u00f5es.<\/p>\n<p>De acordo com a Secretaria de Sa\u00fade de Pernambuco, os pacientes considerados suspeitos t\u00eam hist\u00f3rico de passagem pela\u00a0<a href=\"https:\/\/g1.globo.com\/tudo-sobre\/franca\/\" target=\"_top\" rel=\"noopener noreferrer\">Fran\u00e7a<\/a>,\u00a0<a href=\"https:\/\/g1.globo.com\/tudo-sobre\/inglaterra\/\" target=\"_top\" rel=\"noopener noreferrer\">Inglaterra<\/a>,\u00a0<a href=\"https:\/\/g1.globo.com\/tudo-sobre\/italia\/\" target=\"_top\" rel=\"noopener noreferrer\">It\u00e1lia<\/a>,\u00a0<a href=\"https:\/\/g1.globo.com\/tudo-sobre\/espanha\/\" target=\"_top\" rel=\"noopener noreferrer\">Espanha<\/a>,\u00a0<a href=\"https:\/\/g1.globo.com\/tudo-sobre\/alemanha\/\" target=\"_top\" rel=\"noopener noreferrer\">Alemanha<\/a>,\u00a0<a href=\"https:\/\/g1.globo.com\/tudo-sobre\/suica\/\" target=\"_top\" rel=\"noopener noreferrer\">Su\u00ed\u00e7a<\/a>,\u00a0<a href=\"https:\/\/g1.globo.com\/tudo-sobre\/holanda\/\" target=\"_top\" rel=\"noopener noreferrer\">Holanda<\/a>,\u00a0<a href=\"https:\/\/g1.globo.com\/tudo-sobre\/portugal\/\" target=\"_top\" rel=\"noopener noreferrer\">Portugal<\/a>,\u00a0<a href=\"https:\/\/g1.globo.com\/tudo-sobre\/emirados-arabes-unidos\/\" target=\"_top\" rel=\"noopener noreferrer\">Emirados \u00c1rabes<\/a>,\u00a0<a href=\"https:\/\/g1.globo.com\/tudo-sobre\/estados-unidos\/\" target=\"_top\" rel=\"noopener noreferrer\">Estados Unidos\u00a0<\/a>e\u00a0<a href=\"https:\/\/g1.globo.com\/tudo-sobre\/israel\/\" target=\"_top\" rel=\"noopener noreferrer\">Israel<\/a>.<\/p>\n<p>Com a confirma\u00e7\u00e3o de casos de Covid-19, foi instaurado um Comit\u00ea de Opera\u00e7\u00f5es de Emerg\u00eancia. &#8220;Nesse comit\u00ea, vamos coordenar os esfor\u00e7os em tempo real, com reuni\u00f5es di\u00e1rias, para acompanhar essa situa\u00e7\u00e3o din\u00e2mica, para passar informa\u00e7\u00f5es e tomar medidas de vigil\u00e2ncia e assist\u00eancia&#8221;, afirmou Andr\u00e9 Longo<\/p>\n","protected":false},"excerpt":{"rendered":"<p>Os dois primeiros casos do novo coronav\u00edrus\u00a0(Sars-Cov-2) foram confirmados em\u00a0Pernambuco, ambos moradores do\u00a0Recife\u00a0que estiveram juntos na It\u00e1lia, informou a Secretaria Estadual de Sa\u00fade (SES) nesta quinta-feira (12). Na quarta (11), a Organiza\u00e7\u00e3o Mundial da Sa\u00fade\u00a0declarou a pandemia mundial de Covid-19, doen\u00e7a causada pelo v\u00edrus. Na quarta-feira (11), o Minist\u00e9rio da Sa\u00fade (MS) confirmou\u00a052 casos da infec\u00e7\u00e3o no pa\u00eds. Depois da divulga\u00e7\u00e3o do boletim, a Bahia\u00a0divulgou que seu terceiro caso foi confirmado\u00a0e, em S\u00e3o Paulo, o Hospital Albert Einstein confirmou\u00a0mais 16 casos de pacientes infectados\u00a0pelo novo coronav\u00edrus. Ainda no fim da noite da quarta, a Secretaria Estadual de Sa\u00fade do\u00a0Rio Grande do Sul divulgou que mais dois casos foram confirmados. Com isso, o total de confirma\u00e7\u00f5es no pa\u00eds pode ser de&hellip; <\/p>\n","protected":false},"author":1,"featured_media":252321,"comment_status":"closed","ping_status":"closed","sticky":false,"template":"","format":"standard","meta":{"_acf_changed":false,"footnotes":""},"categories":[1],"tags":[],"class_list":["post-252311","post","type-post","status-publish","format-standard","has-post-thumbnail","hentry","category-politica"],"acf":[],"yoast_head":"<!-- This site is optimized with the Yoast SEO plugin v27.5 - https:\/\/yoast.com\/product\/yoast-seo-wordpress\/ -->\n<title>Primeiros casos de coronavirus s\u00e3o confirmados em Pernambuco - Blog do Farn\u00e9sio<\/title>\n<meta name=\"robots\" content=\"index, follow, max-snippet:-1, max-image-preview:large, max-video-preview:-1\" \/>\n<link rel=\"canonical\" href=\"https:\/\/blogdofarnesio.com.br\/2020\/03\/primeiros-casos-de-coronavirus-sao-confirmados-em-pernambuco\/\" \/>\n<meta property=\"og:locale\" content=\"pt_BR\" \/>\n<meta property=\"og:type\" content=\"article\" \/>\n<meta property=\"og:title\" content=\"Primeiros casos de coronavirus s\u00e3o confirmados em Pernambuco - Blog do Farn\u00e9sio\" \/>\n<meta property=\"og:description\" content=\"Os dois primeiros casos do novo coronav\u00edrus\u00a0(Sars-Cov-2) foram confirmados em\u00a0Pernambuco, ambos moradores do\u00a0Recife\u00a0que estiveram juntos na It\u00e1lia, informou a Secretaria Estadual de Sa\u00fade (SES) nesta quinta-feira (12). Na quarta (11), a Organiza\u00e7\u00e3o Mundial da Sa\u00fade\u00a0declarou a pandemia mundial de Covid-19, doen\u00e7a causada pelo v\u00edrus. Na quarta-feira (11), o Minist\u00e9rio da Sa\u00fade (MS) confirmou\u00a052 casos da infec\u00e7\u00e3o no pa\u00eds. Depois da divulga\u00e7\u00e3o do boletim, a Bahia\u00a0divulgou que seu terceiro caso foi confirmado\u00a0e, em S\u00e3o Paulo, o Hospital Albert Einstein confirmou\u00a0mais 16 casos de pacientes infectados\u00a0pelo novo coronav\u00edrus. Ainda no fim da noite da quarta, a Secretaria Estadual de Sa\u00fade do\u00a0Rio Grande do Sul divulgou que mais dois casos foram confirmados. Com isso, o total de confirma\u00e7\u00f5es no pa\u00eds pode ser de&hellip;\" \/>\n<meta property=\"og:url\" content=\"https:\/\/blogdofarnesio.com.br\/2020\/03\/primeiros-casos-de-coronavirus-sao-confirmados-em-pernambuco\/\" \/>\n<meta property=\"og:site_name\" content=\"Blog do Farn\u00e9sio\" \/>\n<meta property=\"article:publisher\" content=\"https:\/\/www.facebook.com\/BlogQuerSaberPolitica\/\" \/>\n<meta property=\"article:published_time\" content=\"2020-03-12T19:00:34+00:00\" \/>\n<meta property=\"og:image\" content=\"https:\/\/blogdofarnesio.com.br\/wp-content\/uploads\/2020\/03\/blogqspcoletiva-saude-coronavirus-g1pe-marina.jpeg\" \/>\n\t<meta property=\"og:image:width\" content=\"695\" \/>\n\t<meta property=\"og:image:height\" content=\"521\" \/>\n\t<meta property=\"og:image:type\" content=\"image\/jpeg\" \/>\n<meta name=\"author\" content=\"Farn\u00e9sio\" \/>\n<meta name=\"twitter:card\" content=\"summary_large_image\" \/>\n<meta name=\"twitter:label1\" content=\"Escrito por\" \/>\n\t<meta name=\"twitter:data1\" content=\"Farn\u00e9sio\" \/>\n\t<meta name=\"twitter:label2\" content=\"Est. tempo de leitura\" \/>\n\t<meta name=\"twitter:data2\" content=\"4 minutos\" \/>\n<script type=\"application\/ld+json\" class=\"yoast-schema-graph\">{\"@context\":\"https:\\\/\\\/schema.org\",\"@graph\":[{\"@type\":\"Article\",\"@id\":\"https:\\\/\\\/blogdofarnesio.com.br\\\/2020\\\/03\\\/primeiros-casos-de-coronavirus-sao-confirmados-em-pernambuco\\\/#article\",\"isPartOf\":{\"@id\":\"https:\\\/\\\/blogdofarnesio.com.br\\\/2020\\\/03\\\/primeiros-casos-de-coronavirus-sao-confirmados-em-pernambuco\\\/\"},\"author\":{\"name\":\"Farn\u00e9sio\",\"@id\":\"https:\\\/\\\/blogdofarnesio.com.br\\\/#\\\/schema\\\/person\\\/301c4acf522bccbfdb45af95b5b906a1\"},\"headline\":\"Primeiros casos de coronavirus s\u00e3o confirmados em Pernambuco\",\"datePublished\":\"2020-03-12T19:00:34+00:00\",\"mainEntityOfPage\":{\"@id\":\"https:\\\/\\\/blogdofarnesio.com.br\\\/2020\\\/03\\\/primeiros-casos-de-coronavirus-sao-confirmados-em-pernambuco\\\/\"},\"wordCount\":818,\"publisher\":{\"@id\":\"https:\\\/\\\/blogdofarnesio.com.br\\\/#organization\"},\"image\":{\"@id\":\"https:\\\/\\\/blogdofarnesio.com.br\\\/2020\\\/03\\\/primeiros-casos-de-coronavirus-sao-confirmados-em-pernambuco\\\/#primaryimage\"},\"thumbnailUrl\":\"https:\\\/\\\/blogdofarnesio.com.br\\\/wp-content\\\/uploads\\\/2020\\\/03\\\/blogqspcoletiva-saude-coronavirus-g1pe-marina.jpeg\",\"articleSection\":[\"Pol\u00edtica\"],\"inLanguage\":\"pt-BR\"},{\"@type\":\"WebPage\",\"@id\":\"https:\\\/\\\/blogdofarnesio.com.br\\\/2020\\\/03\\\/primeiros-casos-de-coronavirus-sao-confirmados-em-pernambuco\\\/\",\"url\":\"https:\\\/\\\/blogdofarnesio.com.br\\\/2020\\\/03\\\/primeiros-casos-de-coronavirus-sao-confirmados-em-pernambuco\\\/\",\"name\":\"Primeiros casos de coronavirus s\u00e3o confirmados em Pernambuco - Blog do Farn\u00e9sio\",\"isPartOf\":{\"@id\":\"https:\\\/\\\/blogdofarnesio.com.br\\\/#website\"},\"primaryImageOfPage\":{\"@id\":\"https:\\\/\\\/blogdofarnesio.com.br\\\/2020\\\/03\\\/primeiros-casos-de-coronavirus-sao-confirmados-em-pernambuco\\\/#primaryimage\"},\"image\":{\"@id\":\"https:\\\/\\\/blogdofarnesio.com.br\\\/2020\\\/03\\\/primeiros-casos-de-coronavirus-sao-confirmados-em-pernambuco\\\/#primaryimage\"},\"thumbnailUrl\":\"https:\\\/\\\/blogdofarnesio.com.br\\\/wp-content\\\/uploads\\\/2020\\\/03\\\/blogqspcoletiva-saude-coronavirus-g1pe-marina.jpeg\",\"datePublished\":\"2020-03-12T19:00:34+00:00\",\"breadcrumb\":{\"@id\":\"https:\\\/\\\/blogdofarnesio.com.br\\\/2020\\\/03\\\/primeiros-casos-de-coronavirus-sao-confirmados-em-pernambuco\\\/#breadcrumb\"},\"inLanguage\":\"pt-BR\",\"potentialAction\":[{\"@type\":\"ReadAction\",\"target\":[\"https:\\\/\\\/blogdofarnesio.com.br\\\/2020\\\/03\\\/primeiros-casos-de-coronavirus-sao-confirmados-em-pernambuco\\\/\"]}]},{\"@type\":\"ImageObject\",\"inLanguage\":\"pt-BR\",\"@id\":\"https:\\\/\\\/blogdofarnesio.com.br\\\/2020\\\/03\\\/primeiros-casos-de-coronavirus-sao-confirmados-em-pernambuco\\\/#primaryimage\",\"url\":\"https:\\\/\\\/blogdofarnesio.com.br\\\/wp-content\\\/uploads\\\/2020\\\/03\\\/blogqspcoletiva-saude-coronavirus-g1pe-marina.jpeg\",\"contentUrl\":\"https:\\\/\\\/blogdofarnesio.com.br\\\/wp-content\\\/uploads\\\/2020\\\/03\\\/blogqspcoletiva-saude-coronavirus-g1pe-marina.jpeg\",\"width\":695,\"height\":521},{\"@type\":\"BreadcrumbList\",\"@id\":\"https:\\\/\\\/blogdofarnesio.com.br\\\/2020\\\/03\\\/primeiros-casos-de-coronavirus-sao-confirmados-em-pernambuco\\\/#breadcrumb\",\"itemListElement\":[{\"@type\":\"ListItem\",\"position\":1,\"name\":\"In\u00edcio\",\"item\":\"https:\\\/\\\/blogdofarnesio.com.br\\\/\"},{\"@type\":\"ListItem\",\"position\":2,\"name\":\"Primeiros casos de coronavirus s\u00e3o confirmados em Pernambuco\"}]},{\"@type\":\"WebSite\",\"@id\":\"https:\\\/\\\/blogdofarnesio.com.br\\\/#website\",\"url\":\"https:\\\/\\\/blogdofarnesio.com.br\\\/\",\"name\":\"Blog do Farn\u00e9sio\",\"description\":\"Quer Saber Pol\u00edtica?\",\"publisher\":{\"@id\":\"https:\\\/\\\/blogdofarnesio.com.br\\\/#organization\"},\"potentialAction\":[{\"@type\":\"SearchAction\",\"target\":{\"@type\":\"EntryPoint\",\"urlTemplate\":\"https:\\\/\\\/blogdofarnesio.com.br\\\/?s={search_term_string}\"},\"query-input\":{\"@type\":\"PropertyValueSpecification\",\"valueRequired\":true,\"valueName\":\"search_term_string\"}}],\"inLanguage\":\"pt-BR\"},{\"@type\":\"Organization\",\"@id\":\"https:\\\/\\\/blogdofarnesio.com.br\\\/#organization\",\"name\":\"Blog do Farn\u00e9sio\",\"url\":\"https:\\\/\\\/blogdofarnesio.com.br\\\/\",\"logo\":{\"@type\":\"ImageObject\",\"inLanguage\":\"pt-BR\",\"@id\":\"https:\\\/\\\/blogdofarnesio.com.br\\\/#\\\/schema\\\/logo\\\/image\\\/\",\"url\":\"https:\\\/\\\/blogdofarnesio.com.br\\\/wp-content\\\/uploads\\\/2026\\\/03\\\/cropped-logo_new-1.png\",\"contentUrl\":\"https:\\\/\\\/blogdofarnesio.com.br\\\/wp-content\\\/uploads\\\/2026\\\/03\\\/cropped-logo_new-1.png\",\"width\":881,\"height\":685,\"caption\":\"Blog do Farn\u00e9sio\"},\"image\":{\"@id\":\"https:\\\/\\\/blogdofarnesio.com.br\\\/#\\\/schema\\\/logo\\\/image\\\/\"},\"sameAs\":[\"https:\\\/\\\/www.facebook.com\\\/BlogQuerSaberPolitica\\\/\"]},{\"@type\":\"Person\",\"@id\":\"https:\\\/\\\/blogdofarnesio.com.br\\\/#\\\/schema\\\/person\\\/301c4acf522bccbfdb45af95b5b906a1\",\"name\":\"Farn\u00e9sio\",\"image\":{\"@type\":\"ImageObject\",\"inLanguage\":\"pt-BR\",\"@id\":\"https:\\\/\\\/secure.gravatar.com\\\/avatar\\\/df0c9a14567c056f8ad6876ba5bbd1e3e2c48023eb6807342fc4663adf549f38?s=96&d=mm&r=g\",\"url\":\"https:\\\/\\\/secure.gravatar.com\\\/avatar\\\/df0c9a14567c056f8ad6876ba5bbd1e3e2c48023eb6807342fc4663adf549f38?s=96&d=mm&r=g\",\"contentUrl\":\"https:\\\/\\\/secure.gravatar.com\\\/avatar\\\/df0c9a14567c056f8ad6876ba5bbd1e3e2c48023eb6807342fc4663adf549f38?s=96&d=mm&r=g\",\"caption\":\"Farn\u00e9sio\"},\"sameAs\":[\"https:\\\/\\\/quersaberpolitica.com.br\"],\"url\":\"https:\\\/\\\/blogdofarnesio.com.br\\\/author\\\/farnesio\\\/\"}]}<\/script>\n<!-- \/ Yoast SEO plugin. -->","yoast_head_json":{"title":"Primeiros casos de coronavirus s\u00e3o confirmados em Pernambuco - Blog do Farn\u00e9sio","robots":{"index":"index","follow":"follow","max-snippet":"max-snippet:-1","max-image-preview":"max-image-preview:large","max-video-preview":"max-video-preview:-1"},"canonical":"https:\/\/blogdofarnesio.com.br\/2020\/03\/primeiros-casos-de-coronavirus-sao-confirmados-em-pernambuco\/","og_locale":"pt_BR","og_type":"article","og_title":"Primeiros casos de coronavirus s\u00e3o confirmados em Pernambuco - Blog do Farn\u00e9sio","og_description":"Os dois primeiros casos do novo coronav\u00edrus\u00a0(Sars-Cov-2) foram confirmados em\u00a0Pernambuco, ambos moradores do\u00a0Recife\u00a0que estiveram juntos na It\u00e1lia, informou a Secretaria Estadual de Sa\u00fade (SES) nesta quinta-feira (12). Na quarta (11), a Organiza\u00e7\u00e3o Mundial da Sa\u00fade\u00a0declarou a pandemia mundial de Covid-19, doen\u00e7a causada pelo v\u00edrus. Na quarta-feira (11), o Minist\u00e9rio da Sa\u00fade (MS) confirmou\u00a052 casos da infec\u00e7\u00e3o no pa\u00eds. Depois da divulga\u00e7\u00e3o do boletim, a Bahia\u00a0divulgou que seu terceiro caso foi confirmado\u00a0e, em S\u00e3o Paulo, o Hospital Albert Einstein confirmou\u00a0mais 16 casos de pacientes infectados\u00a0pelo novo coronav\u00edrus. Ainda no fim da noite da quarta, a Secretaria Estadual de Sa\u00fade do\u00a0Rio Grande do Sul divulgou que mais dois casos foram confirmados. Com isso, o total de confirma\u00e7\u00f5es no pa\u00eds pode ser de&hellip;","og_url":"https:\/\/blogdofarnesio.com.br\/2020\/03\/primeiros-casos-de-coronavirus-sao-confirmados-em-pernambuco\/","og_site_name":"Blog do Farn\u00e9sio","article_publisher":"https:\/\/www.facebook.com\/BlogQuerSaberPolitica\/","article_published_time":"2020-03-12T19:00:34+00:00","og_image":[{"width":695,"height":521,"url":"https:\/\/blogdofarnesio.com.br\/wp-content\/uploads\/2020\/03\/blogqspcoletiva-saude-coronavirus-g1pe-marina.jpeg","type":"image\/jpeg"}],"author":"Farn\u00e9sio","twitter_card":"summary_large_image","twitter_misc":{"Escrito por":"Farn\u00e9sio","Est. tempo de leitura":"4 minutos"},"schema":{"@context":"https:\/\/schema.org","@graph":[{"@type":"Article","@id":"https:\/\/blogdofarnesio.com.br\/2020\/03\/primeiros-casos-de-coronavirus-sao-confirmados-em-pernambuco\/#article","isPartOf":{"@id":"https:\/\/blogdofarnesio.com.br\/2020\/03\/primeiros-casos-de-coronavirus-sao-confirmados-em-pernambuco\/"},"author":{"name":"Farn\u00e9sio","@id":"https:\/\/blogdofarnesio.com.br\/#\/schema\/person\/301c4acf522bccbfdb45af95b5b906a1"},"headline":"Primeiros casos de coronavirus s\u00e3o confirmados em Pernambuco","datePublished":"2020-03-12T19:00:34+00:00","mainEntityOfPage":{"@id":"https:\/\/blogdofarnesio.com.br\/2020\/03\/primeiros-casos-de-coronavirus-sao-confirmados-em-pernambuco\/"},"wordCount":818,"publisher":{"@id":"https:\/\/blogdofarnesio.com.br\/#organization"},"image":{"@id":"https:\/\/blogdofarnesio.com.br\/2020\/03\/primeiros-casos-de-coronavirus-sao-confirmados-em-pernambuco\/#primaryimage"},"thumbnailUrl":"https:\/\/blogdofarnesio.com.br\/wp-content\/uploads\/2020\/03\/blogqspcoletiva-saude-coronavirus-g1pe-marina.jpeg","articleSection":["Pol\u00edtica"],"inLanguage":"pt-BR"},{"@type":"WebPage","@id":"https:\/\/blogdofarnesio.com.br\/2020\/03\/primeiros-casos-de-coronavirus-sao-confirmados-em-pernambuco\/","url":"https:\/\/blogdofarnesio.com.br\/2020\/03\/primeiros-casos-de-coronavirus-sao-confirmados-em-pernambuco\/","name":"Primeiros casos de coronavirus s\u00e3o confirmados em Pernambuco - Blog do Farn\u00e9sio","isPartOf":{"@id":"https:\/\/blogdofarnesio.com.br\/#website"},"primaryImageOfPage":{"@id":"https:\/\/blogdofarnesio.com.br\/2020\/03\/primeiros-casos-de-coronavirus-sao-confirmados-em-pernambuco\/#primaryimage"},"image":{"@id":"https:\/\/blogdofarnesio.com.br\/2020\/03\/primeiros-casos-de-coronavirus-sao-confirmados-em-pernambuco\/#primaryimage"},"thumbnailUrl":"https:\/\/blogdofarnesio.com.br\/wp-content\/uploads\/2020\/03\/blogqspcoletiva-saude-coronavirus-g1pe-marina.jpeg","datePublished":"2020-03-12T19:00:34+00:00","breadcrumb":{"@id":"https:\/\/blogdofarnesio.com.br\/2020\/03\/primeiros-casos-de-coronavirus-sao-confirmados-em-pernambuco\/#breadcrumb"},"inLanguage":"pt-BR","potentialAction":[{"@type":"ReadAction","target":["https:\/\/blogdofarnesio.com.br\/2020\/03\/primeiros-casos-de-coronavirus-sao-confirmados-em-pernambuco\/"]}]},{"@type":"ImageObject","inLanguage":"pt-BR","@id":"https:\/\/blogdofarnesio.com.br\/2020\/03\/primeiros-casos-de-coronavirus-sao-confirmados-em-pernambuco\/#primaryimage","url":"https:\/\/blogdofarnesio.com.br\/wp-content\/uploads\/2020\/03\/blogqspcoletiva-saude-coronavirus-g1pe-marina.jpeg","contentUrl":"https:\/\/blogdofarnesio.com.br\/wp-content\/uploads\/2020\/03\/blogqspcoletiva-saude-coronavirus-g1pe-marina.jpeg","width":695,"height":521},{"@type":"BreadcrumbList","@id":"https:\/\/blogdofarnesio.com.br\/2020\/03\/primeiros-casos-de-coronavirus-sao-confirmados-em-pernambuco\/#breadcrumb","itemListElement":[{"@type":"ListItem","position":1,"name":"In\u00edcio","item":"https:\/\/blogdofarnesio.com.br\/"},{"@type":"ListItem","position":2,"name":"Primeiros casos de coronavirus s\u00e3o confirmados em Pernambuco"}]},{"@type":"WebSite","@id":"https:\/\/blogdofarnesio.com.br\/#website","url":"https:\/\/blogdofarnesio.com.br\/","name":"Blog do Farn\u00e9sio","description":"Quer Saber Pol\u00edtica?","publisher":{"@id":"https:\/\/blogdofarnesio.com.br\/#organization"},"potentialAction":[{"@type":"SearchAction","target":{"@type":"EntryPoint","urlTemplate":"https:\/\/blogdofarnesio.com.br\/?s={search_term_string}"},"query-input":{"@type":"PropertyValueSpecification","valueRequired":true,"valueName":"search_term_string"}}],"inLanguage":"pt-BR"},{"@type":"Organization","@id":"https:\/\/blogdofarnesio.com.br\/#organization","name":"Blog do Farn\u00e9sio","url":"https:\/\/blogdofarnesio.com.br\/","logo":{"@type":"ImageObject","inLanguage":"pt-BR","@id":"https:\/\/blogdofarnesio.com.br\/#\/schema\/logo\/image\/","url":"https:\/\/blogdofarnesio.com.br\/wp-content\/uploads\/2026\/03\/cropped-logo_new-1.png","contentUrl":"https:\/\/blogdofarnesio.com.br\/wp-content\/uploads\/2026\/03\/cropped-logo_new-1.png","width":881,"height":685,"caption":"Blog do Farn\u00e9sio"},"image":{"@id":"https:\/\/blogdofarnesio.com.br\/#\/schema\/logo\/image\/"},"sameAs":["https:\/\/www.facebook.com\/BlogQuerSaberPolitica\/"]},{"@type":"Person","@id":"https:\/\/blogdofarnesio.com.br\/#\/schema\/person\/301c4acf522bccbfdb45af95b5b906a1","name":"Farn\u00e9sio","image":{"@type":"ImageObject","inLanguage":"pt-BR","@id":"https:\/\/secure.gravatar.com\/avatar\/df0c9a14567c056f8ad6876ba5bbd1e3e2c48023eb6807342fc4663adf549f38?s=96&d=mm&r=g","url":"https:\/\/secure.gravatar.com\/avatar\/df0c9a14567c056f8ad6876ba5bbd1e3e2c48023eb6807342fc4663adf549f38?s=96&d=mm&r=g","contentUrl":"https:\/\/secure.gravatar.com\/avatar\/df0c9a14567c056f8ad6876ba5bbd1e3e2c48023eb6807342fc4663adf549f38?s=96&d=mm&r=g","caption":"Farn\u00e9sio"},"sameAs":["https:\/\/quersaberpolitica.com.br"],"url":"https:\/\/blogdofarnesio.com.br\/author\/farnesio\/"}]}},"_links":{"self":[{"href":"https:\/\/blogdofarnesio.com.br\/wp-json\/wp\/v2\/posts\/252311","targetHints":{"allow":["GET"]}}],"collection":[{"href":"https:\/\/blogdofarnesio.com.br\/wp-json\/wp\/v2\/posts"}],"about":[{"href":"https:\/\/blogdofarnesio.com.br\/wp-json\/wp\/v2\/types\/post"}],"author":[{"embeddable":true,"href":"https:\/\/blogdofarnesio.com.br\/wp-json\/wp\/v2\/users\/1"}],"replies":[{"embeddable":true,"href":"https:\/\/blogdofarnesio.com.br\/wp-json\/wp\/v2\/comments?post=252311"}],"version-history":[{"count":0,"href":"https:\/\/blogdofarnesio.com.br\/wp-json\/wp\/v2\/posts\/252311\/revisions"}],"wp:featuredmedia":[{"embeddable":true,"href":"https:\/\/blogdofarnesio.com.br\/wp-json\/wp\/v2\/media\/252321"}],"wp:attachment":[{"href":"https:\/\/blogdofarnesio.com.br\/wp-json\/wp\/v2\/media?parent=252311"}],"wp:term":[{"taxonomy":"category","embeddable":true,"href":"https:\/\/blogdofarnesio.com.br\/wp-json\/wp\/v2\/categories?post=252311"},{"taxonomy":"post_tag","embeddable":true,"href":"https:\/\/blogdofarnesio.com.br\/wp-json\/wp\/v2\/tags?post=252311"}],"curies":[{"name":"wp","href":"https:\/\/api.w.org\/{rel}","templated":true}]}}