{"id":251917,"date":"2020-03-09T14:21:42","date_gmt":"2020-03-09T17:21:42","guid":{"rendered":"http:\/\/quersaberpolitica.com.br\/2016\/?p=251917"},"modified":"2020-03-08T18:45:42","modified_gmt":"2020-03-08T21:45:42","slug":"rede-municipal-de-ensino-lanca-projeto-dia-d-da-matematica-para-alunos-do-6o-ao-9o-ano-em-juazeiro","status":"publish","type":"post","link":"https:\/\/blogdofarnesio.com.br\/?p=251917","title":{"rendered":"Rede municipal de ensino lan\u00e7a projeto &#8216;Dia D da Matem\u00e1tica&#8217; para alunos do 6\u00ba ao 9\u00ba ano em Juazeiro"},"content":{"rendered":"<p>Durante a 1\u00aa forma\u00e7\u00e3o do ano para os professores de Matem\u00e1tica, realizada quinta-feira (05), na Escola de Forma\u00e7\u00e3o dos Educadores (EFEJ) foi lan\u00e7ado o projeto &#8216;Dia D da Matem\u00e1tica&#8217;, que ser\u00e1 desenvolvido com os alunos de 6\u00ba ao 9\u00ba ano nas escolas da rede municipal de ensino de Juazeiro.<\/p>\n<p>De acordo com a formadora de Matem\u00e1tica, Marcira Fernandes, o objetivo do projeto \u00e9 mostrar para os estudantes que a aprendizagem da matem\u00e1tica pode ser mais atrativa, visual e criativa. \u201cA ideia \u00e9 fazer com que, cada vez menos, a disciplina de Matem\u00e1tica seja vista como um \u2018bicho de sete cabe\u00e7as\u2019 pelos alunos. Vamos realizar gincanas, para trabalhar de forma l\u00fadica com os conte\u00fados matem\u00e1ticos, tornando a aprendizagem mais leve e divertida\u201d, explicou a formadora.<\/p>\n<p>A diretora de ensino da SEDUC, Clemilda Dias informou que a culmin\u00e2ncia do projeto ser\u00e1 no dia 06 maio em todas as escolas da rede municipal dos anos finais (6\u00ba ao 9\u00ba ano). \u201cEscolhemos esta data por ser a comemora\u00e7\u00e3o do \u2018Dia Nacional da Matem\u00e1tica\u2019, institu\u00eddo oficialmente em 2013, atrav\u00e9s da Lei 12.835, em homenagem a Malba Tahan, um grande escritor, matem\u00e1tico e educador brasileiro\u201d, explicou.<\/p>\n<p>A diretora ressaltou que o projeto \u00e9 muito interessante e que os alunos v\u00e3o gostar das atividades que ser\u00e3o desenvolvidas. \u201cDurante as aulas ser\u00e3o utilizados\u00a0diversos recursos did\u00e1tico-pedag\u00f3gicos que levam o estudante a construir a base do seu pensamento l\u00f3gico-matem\u00e1tico de forma competente, relacionando ideias, descobrindo regularidades e padr\u00f5es, estimulando a curiosidade, o esp\u00edrito de investiga\u00e7\u00e3o e a criatividade na solu\u00e7\u00e3o de problemas. Eles\u00a0v\u00e3o aprender os conte\u00fados da matem\u00e1tica brincando\u201d, finalizou.<\/p>\n","protected":false},"excerpt":{"rendered":"<p>Durante a 1\u00aa forma\u00e7\u00e3o do ano para os professores de Matem\u00e1tica, realizada quinta-feira (05), na Escola de Forma\u00e7\u00e3o dos Educadores (EFEJ) foi lan\u00e7ado o projeto &#8216;Dia D da Matem\u00e1tica&#8217;, que ser\u00e1 desenvolvido com os alunos de 6\u00ba ao 9\u00ba ano nas escolas da rede municipal de ensino de Juazeiro. De acordo com a formadora de Matem\u00e1tica, Marcira Fernandes, o objetivo do projeto \u00e9 mostrar para os estudantes que a aprendizagem da matem\u00e1tica pode ser mais atrativa, visual e criativa. \u201cA ideia \u00e9 fazer com que, cada vez menos, a disciplina de Matem\u00e1tica seja vista como um \u2018bicho de sete cabe\u00e7as\u2019 pelos alunos. Vamos realizar gincanas, para trabalhar de forma l\u00fadica com os conte\u00fados matem\u00e1ticos, tornando a aprendizagem mais leve e&hellip; <\/p>\n","protected":false},"author":1,"featured_media":251918,"comment_status":"closed","ping_status":"closed","sticky":false,"template":"","format":"standard","meta":{"_acf_changed":false,"footnotes":""},"categories":[6],"tags":[],"class_list":["post-251917","post","type-post","status-publish","format-standard","has-post-thumbnail","hentry","category-educacao"],"acf":[],"yoast_head":"<!-- This site is optimized with the Yoast SEO plugin v27.4 - https:\/\/yoast.com\/product\/yoast-seo-wordpress\/ -->\n<title>Rede municipal de ensino lan\u00e7a projeto &#039;Dia D da Matem\u00e1tica&#039; para alunos do 6\u00ba ao 9\u00ba ano em Juazeiro - Blog do Farn\u00e9sio<\/title>\n<meta name=\"robots\" content=\"index, follow, max-snippet:-1, max-image-preview:large, max-video-preview:-1\" \/>\n<link rel=\"canonical\" href=\"https:\/\/blogdofarnesio.com.br\/?p=251917\" \/>\n<meta property=\"og:locale\" content=\"pt_BR\" \/>\n<meta property=\"og:type\" content=\"article\" \/>\n<meta property=\"og:title\" content=\"Rede municipal de ensino lan\u00e7a projeto &#039;Dia D da Matem\u00e1tica&#039; para alunos do 6\u00ba ao 9\u00ba ano em Juazeiro - Blog do Farn\u00e9sio\" \/>\n<meta property=\"og:description\" content=\"Durante a 1\u00aa forma\u00e7\u00e3o do ano para os professores de Matem\u00e1tica, realizada quinta-feira (05), na Escola de Forma\u00e7\u00e3o dos Educadores (EFEJ) foi lan\u00e7ado o projeto &#8216;Dia D da Matem\u00e1tica&#8217;, que ser\u00e1 desenvolvido com os alunos de 6\u00ba ao 9\u00ba ano nas escolas da rede municipal de ensino de Juazeiro. De acordo com a formadora de Matem\u00e1tica, Marcira Fernandes, o objetivo do projeto \u00e9 mostrar para os estudantes que a aprendizagem da matem\u00e1tica pode ser mais atrativa, visual e criativa. \u201cA ideia \u00e9 fazer com que, cada vez menos, a disciplina de Matem\u00e1tica seja vista como um \u2018bicho de sete cabe\u00e7as\u2019 pelos alunos. Vamos realizar gincanas, para trabalhar de forma l\u00fadica com os conte\u00fados matem\u00e1ticos, tornando a aprendizagem mais leve e&hellip;\" \/>\n<meta property=\"og:url\" content=\"https:\/\/blogdofarnesio.com.br\/?p=251917\" \/>\n<meta property=\"og:site_name\" content=\"Blog do Farn\u00e9sio\" \/>\n<meta property=\"article:publisher\" content=\"https:\/\/www.facebook.com\/BlogQuerSaberPolitica\/\" \/>\n<meta property=\"article:published_time\" content=\"2020-03-09T17:21:42+00:00\" \/>\n<meta property=\"og:image\" content=\"https:\/\/blogdofarnesio.com.br\/wp-content\/uploads\/2020\/03\/blogqspjua-Forma\u00e7\u00e3o-matem\u00e1tica-e1583530526710.jpeg\" \/>\n\t<meta property=\"og:image:width\" content=\"624\" \/>\n\t<meta property=\"og:image:height\" content=\"296\" \/>\n\t<meta property=\"og:image:type\" content=\"image\/jpeg\" \/>\n<meta name=\"author\" content=\"Farn\u00e9sio\" \/>\n<meta name=\"twitter:card\" content=\"summary_large_image\" \/>\n<meta name=\"twitter:label1\" content=\"Escrito por\" \/>\n\t<meta name=\"twitter:data1\" content=\"Farn\u00e9sio\" \/>\n\t<meta name=\"twitter:label2\" content=\"Est. tempo de leitura\" \/>\n\t<meta name=\"twitter:data2\" content=\"1 minuto\" \/>\n<script type=\"application\/ld+json\" class=\"yoast-schema-graph\">{\"@context\":\"https:\\\/\\\/schema.org\",\"@graph\":[{\"@type\":\"Article\",\"@id\":\"https:\\\/\\\/blogdofarnesio.com.br\\\/?p=251917#article\",\"isPartOf\":{\"@id\":\"https:\\\/\\\/blogdofarnesio.com.br\\\/?p=251917\"},\"author\":{\"name\":\"Farn\u00e9sio\",\"@id\":\"https:\\\/\\\/blogdofarnesio.com.br\\\/#\\\/schema\\\/person\\\/301c4acf522bccbfdb45af95b5b906a1\"},\"headline\":\"Rede municipal de ensino lan\u00e7a projeto &#8216;Dia D da Matem\u00e1tica&#8217; para alunos do 6\u00ba ao 9\u00ba ano em Juazeiro\",\"datePublished\":\"2020-03-09T17:21:42+00:00\",\"mainEntityOfPage\":{\"@id\":\"https:\\\/\\\/blogdofarnesio.com.br\\\/?p=251917\"},\"wordCount\":301,\"publisher\":{\"@id\":\"https:\\\/\\\/blogdofarnesio.com.br\\\/#organization\"},\"image\":{\"@id\":\"https:\\\/\\\/blogdofarnesio.com.br\\\/?p=251917#primaryimage\"},\"thumbnailUrl\":\"https:\\\/\\\/blogdofarnesio.com.br\\\/wp-content\\\/uploads\\\/2020\\\/03\\\/blogqspjua-Forma\u00e7\u00e3o-matem\u00e1tica-e1583530526710.jpeg\",\"articleSection\":[\"Educa\u00e7\u00e3o\"],\"inLanguage\":\"pt-BR\"},{\"@type\":\"WebPage\",\"@id\":\"https:\\\/\\\/blogdofarnesio.com.br\\\/?p=251917\",\"url\":\"https:\\\/\\\/blogdofarnesio.com.br\\\/?p=251917\",\"name\":\"Rede municipal de ensino lan\u00e7a projeto 'Dia D da Matem\u00e1tica' para alunos do 6\u00ba ao 9\u00ba ano em Juazeiro - Blog do Farn\u00e9sio\",\"isPartOf\":{\"@id\":\"https:\\\/\\\/blogdofarnesio.com.br\\\/#website\"},\"primaryImageOfPage\":{\"@id\":\"https:\\\/\\\/blogdofarnesio.com.br\\\/?p=251917#primaryimage\"},\"image\":{\"@id\":\"https:\\\/\\\/blogdofarnesio.com.br\\\/?p=251917#primaryimage\"},\"thumbnailUrl\":\"https:\\\/\\\/blogdofarnesio.com.br\\\/wp-content\\\/uploads\\\/2020\\\/03\\\/blogqspjua-Forma\u00e7\u00e3o-matem\u00e1tica-e1583530526710.jpeg\",\"datePublished\":\"2020-03-09T17:21:42+00:00\",\"breadcrumb\":{\"@id\":\"https:\\\/\\\/blogdofarnesio.com.br\\\/?p=251917#breadcrumb\"},\"inLanguage\":\"pt-BR\",\"potentialAction\":[{\"@type\":\"ReadAction\",\"target\":[\"https:\\\/\\\/blogdofarnesio.com.br\\\/?p=251917\"]}]},{\"@type\":\"ImageObject\",\"inLanguage\":\"pt-BR\",\"@id\":\"https:\\\/\\\/blogdofarnesio.com.br\\\/?p=251917#primaryimage\",\"url\":\"https:\\\/\\\/blogdofarnesio.com.br\\\/wp-content\\\/uploads\\\/2020\\\/03\\\/blogqspjua-Forma\u00e7\u00e3o-matem\u00e1tica-e1583530526710.jpeg\",\"contentUrl\":\"https:\\\/\\\/blogdofarnesio.com.br\\\/wp-content\\\/uploads\\\/2020\\\/03\\\/blogqspjua-Forma\u00e7\u00e3o-matem\u00e1tica-e1583530526710.jpeg\",\"width\":624,\"height\":296},{\"@type\":\"BreadcrumbList\",\"@id\":\"https:\\\/\\\/blogdofarnesio.com.br\\\/?p=251917#breadcrumb\",\"itemListElement\":[{\"@type\":\"ListItem\",\"position\":1,\"name\":\"In\u00edcio\",\"item\":\"https:\\\/\\\/blogdofarnesio.com.br\\\/\"},{\"@type\":\"ListItem\",\"position\":2,\"name\":\"Rede municipal de ensino lan\u00e7a projeto &#8216;Dia D da Matem\u00e1tica&#8217; para alunos do 6\u00ba ao 9\u00ba ano em Juazeiro\"}]},{\"@type\":\"WebSite\",\"@id\":\"https:\\\/\\\/blogdofarnesio.com.br\\\/#website\",\"url\":\"https:\\\/\\\/blogdofarnesio.com.br\\\/\",\"name\":\"Blog do Farn\u00e9sio\",\"description\":\"Quer Saber Pol\u00edtica?\",\"publisher\":{\"@id\":\"https:\\\/\\\/blogdofarnesio.com.br\\\/#organization\"},\"potentialAction\":[{\"@type\":\"SearchAction\",\"target\":{\"@type\":\"EntryPoint\",\"urlTemplate\":\"https:\\\/\\\/blogdofarnesio.com.br\\\/?s={search_term_string}\"},\"query-input\":{\"@type\":\"PropertyValueSpecification\",\"valueRequired\":true,\"valueName\":\"search_term_string\"}}],\"inLanguage\":\"pt-BR\"},{\"@type\":\"Organization\",\"@id\":\"https:\\\/\\\/blogdofarnesio.com.br\\\/#organization\",\"name\":\"Blog do Farn\u00e9sio\",\"url\":\"https:\\\/\\\/blogdofarnesio.com.br\\\/\",\"logo\":{\"@type\":\"ImageObject\",\"inLanguage\":\"pt-BR\",\"@id\":\"https:\\\/\\\/blogdofarnesio.com.br\\\/#\\\/schema\\\/logo\\\/image\\\/\",\"url\":\"https:\\\/\\\/blogdofarnesio.com.br\\\/wp-content\\\/uploads\\\/2026\\\/03\\\/cropped-logo_new-1.png\",\"contentUrl\":\"https:\\\/\\\/blogdofarnesio.com.br\\\/wp-content\\\/uploads\\\/2026\\\/03\\\/cropped-logo_new-1.png\",\"width\":881,\"height\":685,\"caption\":\"Blog do Farn\u00e9sio\"},\"image\":{\"@id\":\"https:\\\/\\\/blogdofarnesio.com.br\\\/#\\\/schema\\\/logo\\\/image\\\/\"},\"sameAs\":[\"https:\\\/\\\/www.facebook.com\\\/BlogQuerSaberPolitica\\\/\"]},{\"@type\":\"Person\",\"@id\":\"https:\\\/\\\/blogdofarnesio.com.br\\\/#\\\/schema\\\/person\\\/301c4acf522bccbfdb45af95b5b906a1\",\"name\":\"Farn\u00e9sio\",\"image\":{\"@type\":\"ImageObject\",\"inLanguage\":\"pt-BR\",\"@id\":\"https:\\\/\\\/secure.gravatar.com\\\/avatar\\\/df0c9a14567c056f8ad6876ba5bbd1e3e2c48023eb6807342fc4663adf549f38?s=96&d=mm&r=g\",\"url\":\"https:\\\/\\\/secure.gravatar.com\\\/avatar\\\/df0c9a14567c056f8ad6876ba5bbd1e3e2c48023eb6807342fc4663adf549f38?s=96&d=mm&r=g\",\"contentUrl\":\"https:\\\/\\\/secure.gravatar.com\\\/avatar\\\/df0c9a14567c056f8ad6876ba5bbd1e3e2c48023eb6807342fc4663adf549f38?s=96&d=mm&r=g\",\"caption\":\"Farn\u00e9sio\"},\"sameAs\":[\"https:\\\/\\\/quersaberpolitica.com.br\"],\"url\":\"https:\\\/\\\/blogdofarnesio.com.br\\\/?author=1\"}]}<\/script>\n<!-- \/ Yoast SEO plugin. -->","yoast_head_json":{"title":"Rede municipal de ensino lan\u00e7a projeto 'Dia D da Matem\u00e1tica' para alunos do 6\u00ba ao 9\u00ba ano em Juazeiro - Blog do Farn\u00e9sio","robots":{"index":"index","follow":"follow","max-snippet":"max-snippet:-1","max-image-preview":"max-image-preview:large","max-video-preview":"max-video-preview:-1"},"canonical":"https:\/\/blogdofarnesio.com.br\/?p=251917","og_locale":"pt_BR","og_type":"article","og_title":"Rede municipal de ensino lan\u00e7a projeto 'Dia D da Matem\u00e1tica' para alunos do 6\u00ba ao 9\u00ba ano em Juazeiro - Blog do Farn\u00e9sio","og_description":"Durante a 1\u00aa forma\u00e7\u00e3o do ano para os professores de Matem\u00e1tica, realizada quinta-feira (05), na Escola de Forma\u00e7\u00e3o dos Educadores (EFEJ) foi lan\u00e7ado o projeto &#8216;Dia D da Matem\u00e1tica&#8217;, que ser\u00e1 desenvolvido com os alunos de 6\u00ba ao 9\u00ba ano nas escolas da rede municipal de ensino de Juazeiro. De acordo com a formadora de Matem\u00e1tica, Marcira Fernandes, o objetivo do projeto \u00e9 mostrar para os estudantes que a aprendizagem da matem\u00e1tica pode ser mais atrativa, visual e criativa. \u201cA ideia \u00e9 fazer com que, cada vez menos, a disciplina de Matem\u00e1tica seja vista como um \u2018bicho de sete cabe\u00e7as\u2019 pelos alunos. Vamos realizar gincanas, para trabalhar de forma l\u00fadica com os conte\u00fados matem\u00e1ticos, tornando a aprendizagem mais leve e&hellip;","og_url":"https:\/\/blogdofarnesio.com.br\/?p=251917","og_site_name":"Blog do Farn\u00e9sio","article_publisher":"https:\/\/www.facebook.com\/BlogQuerSaberPolitica\/","article_published_time":"2020-03-09T17:21:42+00:00","og_image":[{"width":624,"height":296,"url":"https:\/\/blogdofarnesio.com.br\/wp-content\/uploads\/2020\/03\/blogqspjua-Forma\u00e7\u00e3o-matem\u00e1tica-e1583530526710.jpeg","type":"image\/jpeg"}],"author":"Farn\u00e9sio","twitter_card":"summary_large_image","twitter_misc":{"Escrito por":"Farn\u00e9sio","Est. tempo de leitura":"1 minuto"},"schema":{"@context":"https:\/\/schema.org","@graph":[{"@type":"Article","@id":"https:\/\/blogdofarnesio.com.br\/?p=251917#article","isPartOf":{"@id":"https:\/\/blogdofarnesio.com.br\/?p=251917"},"author":{"name":"Farn\u00e9sio","@id":"https:\/\/blogdofarnesio.com.br\/#\/schema\/person\/301c4acf522bccbfdb45af95b5b906a1"},"headline":"Rede municipal de ensino lan\u00e7a projeto &#8216;Dia D da Matem\u00e1tica&#8217; para alunos do 6\u00ba ao 9\u00ba ano em Juazeiro","datePublished":"2020-03-09T17:21:42+00:00","mainEntityOfPage":{"@id":"https:\/\/blogdofarnesio.com.br\/?p=251917"},"wordCount":301,"publisher":{"@id":"https:\/\/blogdofarnesio.com.br\/#organization"},"image":{"@id":"https:\/\/blogdofarnesio.com.br\/?p=251917#primaryimage"},"thumbnailUrl":"https:\/\/blogdofarnesio.com.br\/wp-content\/uploads\/2020\/03\/blogqspjua-Forma\u00e7\u00e3o-matem\u00e1tica-e1583530526710.jpeg","articleSection":["Educa\u00e7\u00e3o"],"inLanguage":"pt-BR"},{"@type":"WebPage","@id":"https:\/\/blogdofarnesio.com.br\/?p=251917","url":"https:\/\/blogdofarnesio.com.br\/?p=251917","name":"Rede municipal de ensino lan\u00e7a projeto 'Dia D da Matem\u00e1tica' para alunos do 6\u00ba ao 9\u00ba ano em Juazeiro - Blog do Farn\u00e9sio","isPartOf":{"@id":"https:\/\/blogdofarnesio.com.br\/#website"},"primaryImageOfPage":{"@id":"https:\/\/blogdofarnesio.com.br\/?p=251917#primaryimage"},"image":{"@id":"https:\/\/blogdofarnesio.com.br\/?p=251917#primaryimage"},"thumbnailUrl":"https:\/\/blogdofarnesio.com.br\/wp-content\/uploads\/2020\/03\/blogqspjua-Forma\u00e7\u00e3o-matem\u00e1tica-e1583530526710.jpeg","datePublished":"2020-03-09T17:21:42+00:00","breadcrumb":{"@id":"https:\/\/blogdofarnesio.com.br\/?p=251917#breadcrumb"},"inLanguage":"pt-BR","potentialAction":[{"@type":"ReadAction","target":["https:\/\/blogdofarnesio.com.br\/?p=251917"]}]},{"@type":"ImageObject","inLanguage":"pt-BR","@id":"https:\/\/blogdofarnesio.com.br\/?p=251917#primaryimage","url":"https:\/\/blogdofarnesio.com.br\/wp-content\/uploads\/2020\/03\/blogqspjua-Forma\u00e7\u00e3o-matem\u00e1tica-e1583530526710.jpeg","contentUrl":"https:\/\/blogdofarnesio.com.br\/wp-content\/uploads\/2020\/03\/blogqspjua-Forma\u00e7\u00e3o-matem\u00e1tica-e1583530526710.jpeg","width":624,"height":296},{"@type":"BreadcrumbList","@id":"https:\/\/blogdofarnesio.com.br\/?p=251917#breadcrumb","itemListElement":[{"@type":"ListItem","position":1,"name":"In\u00edcio","item":"https:\/\/blogdofarnesio.com.br\/"},{"@type":"ListItem","position":2,"name":"Rede municipal de ensino lan\u00e7a projeto &#8216;Dia D da Matem\u00e1tica&#8217; para alunos do 6\u00ba ao 9\u00ba ano em Juazeiro"}]},{"@type":"WebSite","@id":"https:\/\/blogdofarnesio.com.br\/#website","url":"https:\/\/blogdofarnesio.com.br\/","name":"Blog do Farn\u00e9sio","description":"Quer Saber Pol\u00edtica?","publisher":{"@id":"https:\/\/blogdofarnesio.com.br\/#organization"},"potentialAction":[{"@type":"SearchAction","target":{"@type":"EntryPoint","urlTemplate":"https:\/\/blogdofarnesio.com.br\/?s={search_term_string}"},"query-input":{"@type":"PropertyValueSpecification","valueRequired":true,"valueName":"search_term_string"}}],"inLanguage":"pt-BR"},{"@type":"Organization","@id":"https:\/\/blogdofarnesio.com.br\/#organization","name":"Blog do Farn\u00e9sio","url":"https:\/\/blogdofarnesio.com.br\/","logo":{"@type":"ImageObject","inLanguage":"pt-BR","@id":"https:\/\/blogdofarnesio.com.br\/#\/schema\/logo\/image\/","url":"https:\/\/blogdofarnesio.com.br\/wp-content\/uploads\/2026\/03\/cropped-logo_new-1.png","contentUrl":"https:\/\/blogdofarnesio.com.br\/wp-content\/uploads\/2026\/03\/cropped-logo_new-1.png","width":881,"height":685,"caption":"Blog do Farn\u00e9sio"},"image":{"@id":"https:\/\/blogdofarnesio.com.br\/#\/schema\/logo\/image\/"},"sameAs":["https:\/\/www.facebook.com\/BlogQuerSaberPolitica\/"]},{"@type":"Person","@id":"https:\/\/blogdofarnesio.com.br\/#\/schema\/person\/301c4acf522bccbfdb45af95b5b906a1","name":"Farn\u00e9sio","image":{"@type":"ImageObject","inLanguage":"pt-BR","@id":"https:\/\/secure.gravatar.com\/avatar\/df0c9a14567c056f8ad6876ba5bbd1e3e2c48023eb6807342fc4663adf549f38?s=96&d=mm&r=g","url":"https:\/\/secure.gravatar.com\/avatar\/df0c9a14567c056f8ad6876ba5bbd1e3e2c48023eb6807342fc4663adf549f38?s=96&d=mm&r=g","contentUrl":"https:\/\/secure.gravatar.com\/avatar\/df0c9a14567c056f8ad6876ba5bbd1e3e2c48023eb6807342fc4663adf549f38?s=96&d=mm&r=g","caption":"Farn\u00e9sio"},"sameAs":["https:\/\/quersaberpolitica.com.br"],"url":"https:\/\/blogdofarnesio.com.br\/?author=1"}]}},"_links":{"self":[{"href":"https:\/\/blogdofarnesio.com.br\/index.php?rest_route=\/wp\/v2\/posts\/251917","targetHints":{"allow":["GET"]}}],"collection":[{"href":"https:\/\/blogdofarnesio.com.br\/index.php?rest_route=\/wp\/v2\/posts"}],"about":[{"href":"https:\/\/blogdofarnesio.com.br\/index.php?rest_route=\/wp\/v2\/types\/post"}],"author":[{"embeddable":true,"href":"https:\/\/blogdofarnesio.com.br\/index.php?rest_route=\/wp\/v2\/users\/1"}],"replies":[{"embeddable":true,"href":"https:\/\/blogdofarnesio.com.br\/index.php?rest_route=%2Fwp%2Fv2%2Fcomments&post=251917"}],"version-history":[{"count":0,"href":"https:\/\/blogdofarnesio.com.br\/index.php?rest_route=\/wp\/v2\/posts\/251917\/revisions"}],"wp:featuredmedia":[{"embeddable":true,"href":"https:\/\/blogdofarnesio.com.br\/index.php?rest_route=\/wp\/v2\/media\/251918"}],"wp:attachment":[{"href":"https:\/\/blogdofarnesio.com.br\/index.php?rest_route=%2Fwp%2Fv2%2Fmedia&parent=251917"}],"wp:term":[{"taxonomy":"category","embeddable":true,"href":"https:\/\/blogdofarnesio.com.br\/index.php?rest_route=%2Fwp%2Fv2%2Fcategories&post=251917"},{"taxonomy":"post_tag","embeddable":true,"href":"https:\/\/blogdofarnesio.com.br\/index.php?rest_route=%2Fwp%2Fv2%2Ftags&post=251917"}],"curies":[{"name":"wp","href":"https:\/\/api.w.org\/{rel}","templated":true}]}}