{"id":251723,"date":"2020-03-05T07:20:04","date_gmt":"2020-03-05T10:20:04","guid":{"rendered":"http:\/\/quersaberpolitica.com.br\/2016\/?p=251723"},"modified":"2020-03-04T19:33:00","modified_gmt":"2020-03-04T22:33:00","slug":"equipe-de-obstetricia-do-hospital-materno-infantil-de-juazeiro-realiza-parto-com-arvore-da-vida-e-demonstra-dedicacao-e-amor-pela-profissao","status":"publish","type":"post","link":"https:\/\/blogdofarnesio.com.br\/2020\/03\/equipe-de-obstetricia-do-hospital-materno-infantil-de-juazeiro-realiza-parto-com-arvore-da-vida-e-demonstra-dedicacao-e-amor-pela-profissao\/","title":{"rendered":"Equipe de obstetr\u00edcia do Hospital Materno Infantil de Juazeiro realiza parto com \u2018\u00c1rvore da Vida\u2019 e demonstra dedica\u00e7\u00e3o e amor pela profiss\u00e3o"},"content":{"rendered":"<p>Ter\u00e7a-feira, (04) um registro realizado pela equipe de obstetr\u00edcia do Hospital Materno Infantil de Juazeiro, durante um parto, marcou o dia para a m\u00e3e Marciana Rodrigues dos Santos. O momento foi registrado com a chamada \u2018\u00c1rvore da vida\u2019 &#8211; quando a placenta fica intacta e ao ser colocada sobre o papel adquire formato de uma \u00e1rvore.<\/p>\n<p>A microempreendedora n\u00e3o sabia o que era a placenta e nem a import\u00e2ncia dela durante a gesta\u00e7\u00e3o. \u201cFiquei muito surpresa. Meu parto foi muito r\u00e1pido e, assim que meu filho nasceu, a equipe ficou falando da placenta, que estava intacta, linda e que ia fazer uma registro para que eu pudesse levar para casa. Quando recebi aquela impress\u00e3o no papel, confesso que me emocionei, realmente \u00e9 em formato de uma \u00e1rvore. Esta \u00e9 uma recorda\u00e7\u00e3o a mais que terei do meu filho e sem d\u00favida irei plastificar e colocar em uma moldura para mostrar a ele o abrigo que teve durante os nove meses em minha barriga\u201d, descreveu Marciana Rodrigues.<\/p>\n<p>A enfermeira obst\u00e9trica e coordenadora de enfermagem do HMIJ, Waldirene Cunha, explica que \u201ccomo \u00e9 um \u00f3rg\u00e3o que lembra uma \u00e1rvore, nos referimos a ela como \u2018\u00c1rvore da vida\u2019, por isso registramos essa pintura em papel para que as m\u00e3es paridas tenham essa lembran\u00e7a afetuosa de um momento t\u00e3o importante em sua vida. \u00c9 uma forma humanizada da mam\u00e3e guardar mais uma lembran\u00e7a f\u00edsica do nascimento do seu filho\u201d, explicou.<\/p>\n<p>Refer\u00eancia no atendimento obst\u00e9trico de baixa e m\u00e9dia complexidade, o Hospital Materno Infantil recebe as pacientes e acompanha toda a evolu\u00e7\u00e3o do pr\u00e9 e p\u00f3s-parto e recebe toda quinta-feira \u00e0s 9h30 gestantes e casais que queiram conhecer o hospital atrav\u00e9s do projeto \u2018Boas Vindas\u2019. Durante a visita guiada conhecem o local da triagem, sala de parto, visitam os quartos e t\u00eam um momento para tirar d\u00favidas a partir de uma roda de conversa durante a visita.<\/p>\n<p>A principal fun\u00e7\u00e3o da placenta \u00e9 realizar a comunica\u00e7\u00e3o entre o corpo da m\u00e3e e o feto, facilitando a troca de nutrientes para proteger e sustentar a gravidez. Al\u00e9m de filtrar o sangue da gestante eliminando tudo que \u00e9 nocivo, transporta oxig\u00eanio, glicose, c\u00e1lcio, \u00e1gua, entre outras subst\u00e2ncias, para o beb\u00ea. J\u00e1 no caminho contr\u00e1rio, \u00e9 ela quem retira o g\u00e1s carb\u00f4nico e outros dejetos, que s\u00e3o eliminados pelo organismo da m\u00e3e. \u00c9 a placenta, ainda, que estimula outros horm\u00f4nios da gesta\u00e7\u00e3o, como o estrog\u00eanio, a progesterona e o lactog\u00eanio, fundamental para a produ\u00e7\u00e3o de leite.<\/p>\n","protected":false},"excerpt":{"rendered":"<p>Ter\u00e7a-feira, (04) um registro realizado pela equipe de obstetr\u00edcia do Hospital Materno Infantil de Juazeiro, durante um parto, marcou o dia para a m\u00e3e Marciana Rodrigues dos Santos. O momento foi registrado com a chamada \u2018\u00c1rvore da vida\u2019 &#8211; quando a placenta fica intacta e ao ser colocada sobre o papel adquire formato de uma \u00e1rvore. A microempreendedora n\u00e3o sabia o que era a placenta e nem a import\u00e2ncia dela durante a gesta\u00e7\u00e3o. \u201cFiquei muito surpresa. Meu parto foi muito r\u00e1pido e, assim que meu filho nasceu, a equipe ficou falando da placenta, que estava intacta, linda e que ia fazer uma registro para que eu pudesse levar para casa. Quando recebi aquela impress\u00e3o no papel, confesso que me emocionei,&hellip; <\/p>\n","protected":false},"author":1,"featured_media":251725,"comment_status":"closed","ping_status":"closed","sticky":false,"template":"","format":"standard","meta":{"_acf_changed":false,"footnotes":""},"categories":[1],"tags":[],"class_list":["post-251723","post","type-post","status-publish","format-standard","has-post-thumbnail","hentry","category-politica"],"acf":[],"yoast_head":"<!-- This site is optimized with the Yoast SEO plugin v27.5 - https:\/\/yoast.com\/product\/yoast-seo-wordpress\/ -->\n<title>Equipe de obstetr\u00edcia do Hospital Materno Infantil de Juazeiro realiza parto com \u2018\u00c1rvore da Vida\u2019 e demonstra dedica\u00e7\u00e3o e amor pela profiss\u00e3o - Blog do Farn\u00e9sio<\/title>\n<meta name=\"robots\" content=\"index, follow, max-snippet:-1, max-image-preview:large, max-video-preview:-1\" \/>\n<link rel=\"canonical\" href=\"https:\/\/blogdofarnesio.com.br\/2020\/03\/equipe-de-obstetricia-do-hospital-materno-infantil-de-juazeiro-realiza-parto-com-arvore-da-vida-e-demonstra-dedicacao-e-amor-pela-profissao\/\" \/>\n<meta property=\"og:locale\" content=\"pt_BR\" \/>\n<meta property=\"og:type\" content=\"article\" \/>\n<meta property=\"og:title\" content=\"Equipe de obstetr\u00edcia do Hospital Materno Infantil de Juazeiro realiza parto com \u2018\u00c1rvore da Vida\u2019 e demonstra dedica\u00e7\u00e3o e amor pela profiss\u00e3o - Blog do Farn\u00e9sio\" \/>\n<meta property=\"og:description\" content=\"Ter\u00e7a-feira, (04) um registro realizado pela equipe de obstetr\u00edcia do Hospital Materno Infantil de Juazeiro, durante um parto, marcou o dia para a m\u00e3e Marciana Rodrigues dos Santos. O momento foi registrado com a chamada \u2018\u00c1rvore da vida\u2019 &#8211; quando a placenta fica intacta e ao ser colocada sobre o papel adquire formato de uma \u00e1rvore. A microempreendedora n\u00e3o sabia o que era a placenta e nem a import\u00e2ncia dela durante a gesta\u00e7\u00e3o. \u201cFiquei muito surpresa. Meu parto foi muito r\u00e1pido e, assim que meu filho nasceu, a equipe ficou falando da placenta, que estava intacta, linda e que ia fazer uma registro para que eu pudesse levar para casa. Quando recebi aquela impress\u00e3o no papel, confesso que me emocionei,&hellip;\" \/>\n<meta property=\"og:url\" content=\"https:\/\/blogdofarnesio.com.br\/2020\/03\/equipe-de-obstetricia-do-hospital-materno-infantil-de-juazeiro-realiza-parto-com-arvore-da-vida-e-demonstra-dedicacao-e-amor-pela-profissao\/\" \/>\n<meta property=\"og:site_name\" content=\"Blog do Farn\u00e9sio\" \/>\n<meta property=\"article:publisher\" content=\"https:\/\/www.facebook.com\/BlogQuerSaberPolitica\/\" \/>\n<meta property=\"article:published_time\" content=\"2020-03-05T10:20:04+00:00\" \/>\n<meta property=\"og:image\" content=\"https:\/\/blogdofarnesio.com.br\/wp-content\/uploads\/2020\/03\/blogqspjua-gravidez-parto-2-e1583361153969.jpeg\" \/>\n\t<meta property=\"og:image:width\" content=\"624\" \/>\n\t<meta property=\"og:image:height\" content=\"468\" \/>\n\t<meta property=\"og:image:type\" content=\"image\/jpeg\" \/>\n<meta name=\"author\" content=\"Farn\u00e9sio\" \/>\n<meta name=\"twitter:card\" content=\"summary_large_image\" \/>\n<meta name=\"twitter:label1\" content=\"Escrito por\" \/>\n\t<meta name=\"twitter:data1\" content=\"Farn\u00e9sio\" \/>\n\t<meta name=\"twitter:label2\" content=\"Est. tempo de leitura\" \/>\n\t<meta name=\"twitter:data2\" content=\"2 minutos\" \/>\n<script type=\"application\/ld+json\" class=\"yoast-schema-graph\">{\"@context\":\"https:\\\/\\\/schema.org\",\"@graph\":[{\"@type\":\"Article\",\"@id\":\"https:\\\/\\\/blogdofarnesio.com.br\\\/2020\\\/03\\\/equipe-de-obstetricia-do-hospital-materno-infantil-de-juazeiro-realiza-parto-com-arvore-da-vida-e-demonstra-dedicacao-e-amor-pela-profissao\\\/#article\",\"isPartOf\":{\"@id\":\"https:\\\/\\\/blogdofarnesio.com.br\\\/2020\\\/03\\\/equipe-de-obstetricia-do-hospital-materno-infantil-de-juazeiro-realiza-parto-com-arvore-da-vida-e-demonstra-dedicacao-e-amor-pela-profissao\\\/\"},\"author\":{\"name\":\"Farn\u00e9sio\",\"@id\":\"https:\\\/\\\/blogdofarnesio.com.br\\\/#\\\/schema\\\/person\\\/301c4acf522bccbfdb45af95b5b906a1\"},\"headline\":\"Equipe de obstetr\u00edcia do Hospital Materno Infantil de Juazeiro realiza parto com \u2018\u00c1rvore da Vida\u2019 e demonstra dedica\u00e7\u00e3o e amor pela profiss\u00e3o\",\"datePublished\":\"2020-03-05T10:20:04+00:00\",\"mainEntityOfPage\":{\"@id\":\"https:\\\/\\\/blogdofarnesio.com.br\\\/2020\\\/03\\\/equipe-de-obstetricia-do-hospital-materno-infantil-de-juazeiro-realiza-parto-com-arvore-da-vida-e-demonstra-dedicacao-e-amor-pela-profissao\\\/\"},\"wordCount\":467,\"publisher\":{\"@id\":\"https:\\\/\\\/blogdofarnesio.com.br\\\/#organization\"},\"image\":{\"@id\":\"https:\\\/\\\/blogdofarnesio.com.br\\\/2020\\\/03\\\/equipe-de-obstetricia-do-hospital-materno-infantil-de-juazeiro-realiza-parto-com-arvore-da-vida-e-demonstra-dedicacao-e-amor-pela-profissao\\\/#primaryimage\"},\"thumbnailUrl\":\"https:\\\/\\\/blogdofarnesio.com.br\\\/wp-content\\\/uploads\\\/2020\\\/03\\\/blogqspjua-gravidez-parto-2-e1583361153969.jpeg\",\"articleSection\":[\"Pol\u00edtica\"],\"inLanguage\":\"pt-BR\"},{\"@type\":\"WebPage\",\"@id\":\"https:\\\/\\\/blogdofarnesio.com.br\\\/2020\\\/03\\\/equipe-de-obstetricia-do-hospital-materno-infantil-de-juazeiro-realiza-parto-com-arvore-da-vida-e-demonstra-dedicacao-e-amor-pela-profissao\\\/\",\"url\":\"https:\\\/\\\/blogdofarnesio.com.br\\\/2020\\\/03\\\/equipe-de-obstetricia-do-hospital-materno-infantil-de-juazeiro-realiza-parto-com-arvore-da-vida-e-demonstra-dedicacao-e-amor-pela-profissao\\\/\",\"name\":\"Equipe de obstetr\u00edcia do Hospital Materno Infantil de Juazeiro realiza parto com \u2018\u00c1rvore da Vida\u2019 e demonstra dedica\u00e7\u00e3o e amor pela profiss\u00e3o - Blog do Farn\u00e9sio\",\"isPartOf\":{\"@id\":\"https:\\\/\\\/blogdofarnesio.com.br\\\/#website\"},\"primaryImageOfPage\":{\"@id\":\"https:\\\/\\\/blogdofarnesio.com.br\\\/2020\\\/03\\\/equipe-de-obstetricia-do-hospital-materno-infantil-de-juazeiro-realiza-parto-com-arvore-da-vida-e-demonstra-dedicacao-e-amor-pela-profissao\\\/#primaryimage\"},\"image\":{\"@id\":\"https:\\\/\\\/blogdofarnesio.com.br\\\/2020\\\/03\\\/equipe-de-obstetricia-do-hospital-materno-infantil-de-juazeiro-realiza-parto-com-arvore-da-vida-e-demonstra-dedicacao-e-amor-pela-profissao\\\/#primaryimage\"},\"thumbnailUrl\":\"https:\\\/\\\/blogdofarnesio.com.br\\\/wp-content\\\/uploads\\\/2020\\\/03\\\/blogqspjua-gravidez-parto-2-e1583361153969.jpeg\",\"datePublished\":\"2020-03-05T10:20:04+00:00\",\"breadcrumb\":{\"@id\":\"https:\\\/\\\/blogdofarnesio.com.br\\\/2020\\\/03\\\/equipe-de-obstetricia-do-hospital-materno-infantil-de-juazeiro-realiza-parto-com-arvore-da-vida-e-demonstra-dedicacao-e-amor-pela-profissao\\\/#breadcrumb\"},\"inLanguage\":\"pt-BR\",\"potentialAction\":[{\"@type\":\"ReadAction\",\"target\":[\"https:\\\/\\\/blogdofarnesio.com.br\\\/2020\\\/03\\\/equipe-de-obstetricia-do-hospital-materno-infantil-de-juazeiro-realiza-parto-com-arvore-da-vida-e-demonstra-dedicacao-e-amor-pela-profissao\\\/\"]}]},{\"@type\":\"ImageObject\",\"inLanguage\":\"pt-BR\",\"@id\":\"https:\\\/\\\/blogdofarnesio.com.br\\\/2020\\\/03\\\/equipe-de-obstetricia-do-hospital-materno-infantil-de-juazeiro-realiza-parto-com-arvore-da-vida-e-demonstra-dedicacao-e-amor-pela-profissao\\\/#primaryimage\",\"url\":\"https:\\\/\\\/blogdofarnesio.com.br\\\/wp-content\\\/uploads\\\/2020\\\/03\\\/blogqspjua-gravidez-parto-2-e1583361153969.jpeg\",\"contentUrl\":\"https:\\\/\\\/blogdofarnesio.com.br\\\/wp-content\\\/uploads\\\/2020\\\/03\\\/blogqspjua-gravidez-parto-2-e1583361153969.jpeg\",\"width\":624,\"height\":468},{\"@type\":\"BreadcrumbList\",\"@id\":\"https:\\\/\\\/blogdofarnesio.com.br\\\/2020\\\/03\\\/equipe-de-obstetricia-do-hospital-materno-infantil-de-juazeiro-realiza-parto-com-arvore-da-vida-e-demonstra-dedicacao-e-amor-pela-profissao\\\/#breadcrumb\",\"itemListElement\":[{\"@type\":\"ListItem\",\"position\":1,\"name\":\"In\u00edcio\",\"item\":\"https:\\\/\\\/blogdofarnesio.com.br\\\/\"},{\"@type\":\"ListItem\",\"position\":2,\"name\":\"Equipe de obstetr\u00edcia do Hospital Materno Infantil de Juazeiro realiza parto com \u2018\u00c1rvore da Vida\u2019 e demonstra dedica\u00e7\u00e3o e amor pela profiss\u00e3o\"}]},{\"@type\":\"WebSite\",\"@id\":\"https:\\\/\\\/blogdofarnesio.com.br\\\/#website\",\"url\":\"https:\\\/\\\/blogdofarnesio.com.br\\\/\",\"name\":\"Blog do Farn\u00e9sio\",\"description\":\"Quer Saber Pol\u00edtica?\",\"publisher\":{\"@id\":\"https:\\\/\\\/blogdofarnesio.com.br\\\/#organization\"},\"potentialAction\":[{\"@type\":\"SearchAction\",\"target\":{\"@type\":\"EntryPoint\",\"urlTemplate\":\"https:\\\/\\\/blogdofarnesio.com.br\\\/?s={search_term_string}\"},\"query-input\":{\"@type\":\"PropertyValueSpecification\",\"valueRequired\":true,\"valueName\":\"search_term_string\"}}],\"inLanguage\":\"pt-BR\"},{\"@type\":\"Organization\",\"@id\":\"https:\\\/\\\/blogdofarnesio.com.br\\\/#organization\",\"name\":\"Blog do Farn\u00e9sio\",\"url\":\"https:\\\/\\\/blogdofarnesio.com.br\\\/\",\"logo\":{\"@type\":\"ImageObject\",\"inLanguage\":\"pt-BR\",\"@id\":\"https:\\\/\\\/blogdofarnesio.com.br\\\/#\\\/schema\\\/logo\\\/image\\\/\",\"url\":\"https:\\\/\\\/blogdofarnesio.com.br\\\/wp-content\\\/uploads\\\/2026\\\/03\\\/cropped-logo_new-1.png\",\"contentUrl\":\"https:\\\/\\\/blogdofarnesio.com.br\\\/wp-content\\\/uploads\\\/2026\\\/03\\\/cropped-logo_new-1.png\",\"width\":881,\"height\":685,\"caption\":\"Blog do Farn\u00e9sio\"},\"image\":{\"@id\":\"https:\\\/\\\/blogdofarnesio.com.br\\\/#\\\/schema\\\/logo\\\/image\\\/\"},\"sameAs\":[\"https:\\\/\\\/www.facebook.com\\\/BlogQuerSaberPolitica\\\/\"]},{\"@type\":\"Person\",\"@id\":\"https:\\\/\\\/blogdofarnesio.com.br\\\/#\\\/schema\\\/person\\\/301c4acf522bccbfdb45af95b5b906a1\",\"name\":\"Farn\u00e9sio\",\"image\":{\"@type\":\"ImageObject\",\"inLanguage\":\"pt-BR\",\"@id\":\"https:\\\/\\\/secure.gravatar.com\\\/avatar\\\/df0c9a14567c056f8ad6876ba5bbd1e3e2c48023eb6807342fc4663adf549f38?s=96&d=mm&r=g\",\"url\":\"https:\\\/\\\/secure.gravatar.com\\\/avatar\\\/df0c9a14567c056f8ad6876ba5bbd1e3e2c48023eb6807342fc4663adf549f38?s=96&d=mm&r=g\",\"contentUrl\":\"https:\\\/\\\/secure.gravatar.com\\\/avatar\\\/df0c9a14567c056f8ad6876ba5bbd1e3e2c48023eb6807342fc4663adf549f38?s=96&d=mm&r=g\",\"caption\":\"Farn\u00e9sio\"},\"sameAs\":[\"https:\\\/\\\/quersaberpolitica.com.br\"],\"url\":\"https:\\\/\\\/blogdofarnesio.com.br\\\/author\\\/farnesio\\\/\"}]}<\/script>\n<!-- \/ Yoast SEO plugin. -->","yoast_head_json":{"title":"Equipe de obstetr\u00edcia do Hospital Materno Infantil de Juazeiro realiza parto com \u2018\u00c1rvore da Vida\u2019 e demonstra dedica\u00e7\u00e3o e amor pela profiss\u00e3o - Blog do Farn\u00e9sio","robots":{"index":"index","follow":"follow","max-snippet":"max-snippet:-1","max-image-preview":"max-image-preview:large","max-video-preview":"max-video-preview:-1"},"canonical":"https:\/\/blogdofarnesio.com.br\/2020\/03\/equipe-de-obstetricia-do-hospital-materno-infantil-de-juazeiro-realiza-parto-com-arvore-da-vida-e-demonstra-dedicacao-e-amor-pela-profissao\/","og_locale":"pt_BR","og_type":"article","og_title":"Equipe de obstetr\u00edcia do Hospital Materno Infantil de Juazeiro realiza parto com \u2018\u00c1rvore da Vida\u2019 e demonstra dedica\u00e7\u00e3o e amor pela profiss\u00e3o - Blog do Farn\u00e9sio","og_description":"Ter\u00e7a-feira, (04) um registro realizado pela equipe de obstetr\u00edcia do Hospital Materno Infantil de Juazeiro, durante um parto, marcou o dia para a m\u00e3e Marciana Rodrigues dos Santos. O momento foi registrado com a chamada \u2018\u00c1rvore da vida\u2019 &#8211; quando a placenta fica intacta e ao ser colocada sobre o papel adquire formato de uma \u00e1rvore. A microempreendedora n\u00e3o sabia o que era a placenta e nem a import\u00e2ncia dela durante a gesta\u00e7\u00e3o. \u201cFiquei muito surpresa. Meu parto foi muito r\u00e1pido e, assim que meu filho nasceu, a equipe ficou falando da placenta, que estava intacta, linda e que ia fazer uma registro para que eu pudesse levar para casa. Quando recebi aquela impress\u00e3o no papel, confesso que me emocionei,&hellip;","og_url":"https:\/\/blogdofarnesio.com.br\/2020\/03\/equipe-de-obstetricia-do-hospital-materno-infantil-de-juazeiro-realiza-parto-com-arvore-da-vida-e-demonstra-dedicacao-e-amor-pela-profissao\/","og_site_name":"Blog do Farn\u00e9sio","article_publisher":"https:\/\/www.facebook.com\/BlogQuerSaberPolitica\/","article_published_time":"2020-03-05T10:20:04+00:00","og_image":[{"width":624,"height":468,"url":"https:\/\/blogdofarnesio.com.br\/wp-content\/uploads\/2020\/03\/blogqspjua-gravidez-parto-2-e1583361153969.jpeg","type":"image\/jpeg"}],"author":"Farn\u00e9sio","twitter_card":"summary_large_image","twitter_misc":{"Escrito por":"Farn\u00e9sio","Est. tempo de leitura":"2 minutos"},"schema":{"@context":"https:\/\/schema.org","@graph":[{"@type":"Article","@id":"https:\/\/blogdofarnesio.com.br\/2020\/03\/equipe-de-obstetricia-do-hospital-materno-infantil-de-juazeiro-realiza-parto-com-arvore-da-vida-e-demonstra-dedicacao-e-amor-pela-profissao\/#article","isPartOf":{"@id":"https:\/\/blogdofarnesio.com.br\/2020\/03\/equipe-de-obstetricia-do-hospital-materno-infantil-de-juazeiro-realiza-parto-com-arvore-da-vida-e-demonstra-dedicacao-e-amor-pela-profissao\/"},"author":{"name":"Farn\u00e9sio","@id":"https:\/\/blogdofarnesio.com.br\/#\/schema\/person\/301c4acf522bccbfdb45af95b5b906a1"},"headline":"Equipe de obstetr\u00edcia do Hospital Materno Infantil de Juazeiro realiza parto com \u2018\u00c1rvore da Vida\u2019 e demonstra dedica\u00e7\u00e3o e amor pela profiss\u00e3o","datePublished":"2020-03-05T10:20:04+00:00","mainEntityOfPage":{"@id":"https:\/\/blogdofarnesio.com.br\/2020\/03\/equipe-de-obstetricia-do-hospital-materno-infantil-de-juazeiro-realiza-parto-com-arvore-da-vida-e-demonstra-dedicacao-e-amor-pela-profissao\/"},"wordCount":467,"publisher":{"@id":"https:\/\/blogdofarnesio.com.br\/#organization"},"image":{"@id":"https:\/\/blogdofarnesio.com.br\/2020\/03\/equipe-de-obstetricia-do-hospital-materno-infantil-de-juazeiro-realiza-parto-com-arvore-da-vida-e-demonstra-dedicacao-e-amor-pela-profissao\/#primaryimage"},"thumbnailUrl":"https:\/\/blogdofarnesio.com.br\/wp-content\/uploads\/2020\/03\/blogqspjua-gravidez-parto-2-e1583361153969.jpeg","articleSection":["Pol\u00edtica"],"inLanguage":"pt-BR"},{"@type":"WebPage","@id":"https:\/\/blogdofarnesio.com.br\/2020\/03\/equipe-de-obstetricia-do-hospital-materno-infantil-de-juazeiro-realiza-parto-com-arvore-da-vida-e-demonstra-dedicacao-e-amor-pela-profissao\/","url":"https:\/\/blogdofarnesio.com.br\/2020\/03\/equipe-de-obstetricia-do-hospital-materno-infantil-de-juazeiro-realiza-parto-com-arvore-da-vida-e-demonstra-dedicacao-e-amor-pela-profissao\/","name":"Equipe de obstetr\u00edcia do Hospital Materno Infantil de Juazeiro realiza parto com \u2018\u00c1rvore da Vida\u2019 e demonstra dedica\u00e7\u00e3o e amor pela profiss\u00e3o - Blog do Farn\u00e9sio","isPartOf":{"@id":"https:\/\/blogdofarnesio.com.br\/#website"},"primaryImageOfPage":{"@id":"https:\/\/blogdofarnesio.com.br\/2020\/03\/equipe-de-obstetricia-do-hospital-materno-infantil-de-juazeiro-realiza-parto-com-arvore-da-vida-e-demonstra-dedicacao-e-amor-pela-profissao\/#primaryimage"},"image":{"@id":"https:\/\/blogdofarnesio.com.br\/2020\/03\/equipe-de-obstetricia-do-hospital-materno-infantil-de-juazeiro-realiza-parto-com-arvore-da-vida-e-demonstra-dedicacao-e-amor-pela-profissao\/#primaryimage"},"thumbnailUrl":"https:\/\/blogdofarnesio.com.br\/wp-content\/uploads\/2020\/03\/blogqspjua-gravidez-parto-2-e1583361153969.jpeg","datePublished":"2020-03-05T10:20:04+00:00","breadcrumb":{"@id":"https:\/\/blogdofarnesio.com.br\/2020\/03\/equipe-de-obstetricia-do-hospital-materno-infantil-de-juazeiro-realiza-parto-com-arvore-da-vida-e-demonstra-dedicacao-e-amor-pela-profissao\/#breadcrumb"},"inLanguage":"pt-BR","potentialAction":[{"@type":"ReadAction","target":["https:\/\/blogdofarnesio.com.br\/2020\/03\/equipe-de-obstetricia-do-hospital-materno-infantil-de-juazeiro-realiza-parto-com-arvore-da-vida-e-demonstra-dedicacao-e-amor-pela-profissao\/"]}]},{"@type":"ImageObject","inLanguage":"pt-BR","@id":"https:\/\/blogdofarnesio.com.br\/2020\/03\/equipe-de-obstetricia-do-hospital-materno-infantil-de-juazeiro-realiza-parto-com-arvore-da-vida-e-demonstra-dedicacao-e-amor-pela-profissao\/#primaryimage","url":"https:\/\/blogdofarnesio.com.br\/wp-content\/uploads\/2020\/03\/blogqspjua-gravidez-parto-2-e1583361153969.jpeg","contentUrl":"https:\/\/blogdofarnesio.com.br\/wp-content\/uploads\/2020\/03\/blogqspjua-gravidez-parto-2-e1583361153969.jpeg","width":624,"height":468},{"@type":"BreadcrumbList","@id":"https:\/\/blogdofarnesio.com.br\/2020\/03\/equipe-de-obstetricia-do-hospital-materno-infantil-de-juazeiro-realiza-parto-com-arvore-da-vida-e-demonstra-dedicacao-e-amor-pela-profissao\/#breadcrumb","itemListElement":[{"@type":"ListItem","position":1,"name":"In\u00edcio","item":"https:\/\/blogdofarnesio.com.br\/"},{"@type":"ListItem","position":2,"name":"Equipe de obstetr\u00edcia do Hospital Materno Infantil de Juazeiro realiza parto com \u2018\u00c1rvore da Vida\u2019 e demonstra dedica\u00e7\u00e3o e amor pela profiss\u00e3o"}]},{"@type":"WebSite","@id":"https:\/\/blogdofarnesio.com.br\/#website","url":"https:\/\/blogdofarnesio.com.br\/","name":"Blog do Farn\u00e9sio","description":"Quer Saber Pol\u00edtica?","publisher":{"@id":"https:\/\/blogdofarnesio.com.br\/#organization"},"potentialAction":[{"@type":"SearchAction","target":{"@type":"EntryPoint","urlTemplate":"https:\/\/blogdofarnesio.com.br\/?s={search_term_string}"},"query-input":{"@type":"PropertyValueSpecification","valueRequired":true,"valueName":"search_term_string"}}],"inLanguage":"pt-BR"},{"@type":"Organization","@id":"https:\/\/blogdofarnesio.com.br\/#organization","name":"Blog do Farn\u00e9sio","url":"https:\/\/blogdofarnesio.com.br\/","logo":{"@type":"ImageObject","inLanguage":"pt-BR","@id":"https:\/\/blogdofarnesio.com.br\/#\/schema\/logo\/image\/","url":"https:\/\/blogdofarnesio.com.br\/wp-content\/uploads\/2026\/03\/cropped-logo_new-1.png","contentUrl":"https:\/\/blogdofarnesio.com.br\/wp-content\/uploads\/2026\/03\/cropped-logo_new-1.png","width":881,"height":685,"caption":"Blog do Farn\u00e9sio"},"image":{"@id":"https:\/\/blogdofarnesio.com.br\/#\/schema\/logo\/image\/"},"sameAs":["https:\/\/www.facebook.com\/BlogQuerSaberPolitica\/"]},{"@type":"Person","@id":"https:\/\/blogdofarnesio.com.br\/#\/schema\/person\/301c4acf522bccbfdb45af95b5b906a1","name":"Farn\u00e9sio","image":{"@type":"ImageObject","inLanguage":"pt-BR","@id":"https:\/\/secure.gravatar.com\/avatar\/df0c9a14567c056f8ad6876ba5bbd1e3e2c48023eb6807342fc4663adf549f38?s=96&d=mm&r=g","url":"https:\/\/secure.gravatar.com\/avatar\/df0c9a14567c056f8ad6876ba5bbd1e3e2c48023eb6807342fc4663adf549f38?s=96&d=mm&r=g","contentUrl":"https:\/\/secure.gravatar.com\/avatar\/df0c9a14567c056f8ad6876ba5bbd1e3e2c48023eb6807342fc4663adf549f38?s=96&d=mm&r=g","caption":"Farn\u00e9sio"},"sameAs":["https:\/\/quersaberpolitica.com.br"],"url":"https:\/\/blogdofarnesio.com.br\/author\/farnesio\/"}]}},"_links":{"self":[{"href":"https:\/\/blogdofarnesio.com.br\/wp-json\/wp\/v2\/posts\/251723","targetHints":{"allow":["GET"]}}],"collection":[{"href":"https:\/\/blogdofarnesio.com.br\/wp-json\/wp\/v2\/posts"}],"about":[{"href":"https:\/\/blogdofarnesio.com.br\/wp-json\/wp\/v2\/types\/post"}],"author":[{"embeddable":true,"href":"https:\/\/blogdofarnesio.com.br\/wp-json\/wp\/v2\/users\/1"}],"replies":[{"embeddable":true,"href":"https:\/\/blogdofarnesio.com.br\/wp-json\/wp\/v2\/comments?post=251723"}],"version-history":[{"count":0,"href":"https:\/\/blogdofarnesio.com.br\/wp-json\/wp\/v2\/posts\/251723\/revisions"}],"wp:featuredmedia":[{"embeddable":true,"href":"https:\/\/blogdofarnesio.com.br\/wp-json\/wp\/v2\/media\/251725"}],"wp:attachment":[{"href":"https:\/\/blogdofarnesio.com.br\/wp-json\/wp\/v2\/media?parent=251723"}],"wp:term":[{"taxonomy":"category","embeddable":true,"href":"https:\/\/blogdofarnesio.com.br\/wp-json\/wp\/v2\/categories?post=251723"},{"taxonomy":"post_tag","embeddable":true,"href":"https:\/\/blogdofarnesio.com.br\/wp-json\/wp\/v2\/tags?post=251723"}],"curies":[{"name":"wp","href":"https:\/\/api.w.org\/{rel}","templated":true}]}}