{"id":251675,"date":"2020-03-04T16:21:56","date_gmt":"2020-03-04T19:21:56","guid":{"rendered":"http:\/\/quersaberpolitica.com.br\/2016\/?p=251675"},"modified":"2020-03-04T15:02:04","modified_gmt":"2020-03-04T18:02:04","slug":"programa-caravana-do-sorriso-e-instituido-com-atendimentos-odontologicos-nos-residenciais-em-juazeiro","status":"publish","type":"post","link":"https:\/\/blogdofarnesio.com.br\/?p=251675","title":{"rendered":"Programa Caravana do Sorriso \u00e9 institu\u00eddo com atendimentos odontol\u00f3gicos nos residenciais em Juazeiro"},"content":{"rendered":"<p>Implantado pela Prefeitura de Juazeiro, atrav\u00e9s da Secretaria da Sa\u00fade desde agosto de 2019, o Programa\u00a0Caravana do Sorriso leva assist\u00eancia odontol\u00f3gica aos moradores dos residenciais em Juazeiro e\u00a0j\u00e1 atendeu mais de 2.400 pessoas. Durante todo este m\u00eas de mar\u00e7o, o Caravana do Sorriso estar\u00e1 atendendo \u00e0s necessidades odontol\u00f3gicas dos moradores do Residencial Doutor Humberto. Os moradores podem se dirigir ao consult\u00f3rio montado no local e agendar o atendimento.<\/p>\n<p>Coordenado pelo dentista da rede de sa\u00fade municipal Isaac Mello, o programa Caravana do Sorriso funciona durante um m\u00eas ou at\u00e9 mais, a depender da necessidade, em cada residencial. Os servi\u00e7os ofertados s\u00e3o: extra\u00e7\u00e3o, restaura\u00e7\u00e3o simples, limpeza, raspagem e aplica\u00e7\u00e3o de fl\u00faor. Por dia s\u00e3o atendidas 20 pessoas e destas, 15 s\u00e3o para procedimentos e 5 vagas s\u00e3o reservadas para retorno. Os atendimentos acontecem de segunda a quinta-feira. Para ser atendido pelo programa \u00e9 necess\u00e1rio residir no residencial onde a caravana estiver.<\/p>\n<p>Os atendimentos para a Caravana do Sorriso s\u00e3o agendados e, neste primeiro momento, somente um morador por resid\u00eancia pode ser atendido, mas o objetivo do programa \u00e9 atender \u00e0s demandas de todos os moradores. A cada duas semanas a agenda \u00e9 reaberta e quem n\u00e3o foi contemplado com a primeira marca\u00e7\u00e3o, pode fazer na segunda marca\u00e7\u00e3o.<\/p>\n<p>Para agendar o atendimento \u00e9 preciso estar munido de comprovante de resid\u00eancia e cart\u00e3o do SUS atualizado. O programa j\u00e1 esteve no Residencial Praia do Rodeadouro, Morada do Salitre, Mairi, S\u00e3o Francisco e durante todo este m\u00eas de mar\u00e7o estar\u00e1 atendendo no Residencial Dr Humberto.<\/p>\n<p>De acordo com o coordenador Isaac Mello, o programa foi premiado pela Caixa Econ\u00f4mica Federal em 2017 por melhores pr\u00e1ticas do ano. \u201cO prefeito Paulo Bomfim trouxe o programa para o munic\u00edpio para fortalecer a assist\u00eancia odontol\u00f3gica dentro dos pr\u00f3prios residenciais, onde existia uma demanda reprimida destes moradores do Minha Casa Minha Vida. Os atendimentos s\u00e3o realizados diariamente e agora estamos iniciando os atendimentos \u00a0no quinto residencial\u201d, explicou.<\/p>\n<p>Para a secret\u00e1ria da Sa\u00fade, Fab\u00edola Ribeiro, este \u00e9 mais um programa que visa fortalecer a assist\u00eancia prestada na rede de sa\u00fade p\u00fablica municipal. \u201cSem d\u00favida alguma \u00e9 um programa que s\u00f3 vem a somar e assistir melhor \u00e0s necessidades dos moradores dentro dos pr\u00f3prios residenciais\u201d, destacou.<\/p>\n<p>D\u00e9bora Sousa\/SESAU<\/p>\n","protected":false},"excerpt":{"rendered":"<p>Implantado pela Prefeitura de Juazeiro, atrav\u00e9s da Secretaria da Sa\u00fade desde agosto de 2019, o Programa\u00a0Caravana do Sorriso leva assist\u00eancia odontol\u00f3gica aos moradores dos residenciais em Juazeiro e\u00a0j\u00e1 atendeu mais de 2.400 pessoas. Durante todo este m\u00eas de mar\u00e7o, o Caravana do Sorriso estar\u00e1 atendendo \u00e0s necessidades odontol\u00f3gicas dos moradores do Residencial Doutor Humberto. Os moradores podem se dirigir ao consult\u00f3rio montado no local e agendar o atendimento. Coordenado pelo dentista da rede de sa\u00fade municipal Isaac Mello, o programa Caravana do Sorriso funciona durante um m\u00eas ou at\u00e9 mais, a depender da necessidade, em cada residencial. Os servi\u00e7os ofertados s\u00e3o: extra\u00e7\u00e3o, restaura\u00e7\u00e3o simples, limpeza, raspagem e aplica\u00e7\u00e3o de fl\u00faor. Por dia s\u00e3o atendidas 20 pessoas e destas, 15 s\u00e3o&hellip; <\/p>\n","protected":false},"author":1,"featured_media":251676,"comment_status":"closed","ping_status":"closed","sticky":false,"template":"","format":"standard","meta":{"_acf_changed":false,"footnotes":""},"categories":[4],"tags":[],"class_list":["post-251675","post","type-post","status-publish","format-standard","has-post-thumbnail","hentry","category-saude"],"acf":[],"yoast_head":"<!-- This site is optimized with the Yoast SEO plugin v27.4 - https:\/\/yoast.com\/product\/yoast-seo-wordpress\/ -->\n<title>Programa Caravana do Sorriso \u00e9 institu\u00eddo com atendimentos odontol\u00f3gicos nos residenciais em Juazeiro - Blog do Farn\u00e9sio<\/title>\n<meta name=\"robots\" content=\"index, follow, max-snippet:-1, max-image-preview:large, max-video-preview:-1\" \/>\n<link rel=\"canonical\" href=\"https:\/\/blogdofarnesio.com.br\/?p=251675\" \/>\n<meta property=\"og:locale\" content=\"pt_BR\" \/>\n<meta property=\"og:type\" content=\"article\" \/>\n<meta property=\"og:title\" content=\"Programa Caravana do Sorriso \u00e9 institu\u00eddo com atendimentos odontol\u00f3gicos nos residenciais em Juazeiro - Blog do Farn\u00e9sio\" \/>\n<meta property=\"og:description\" content=\"Implantado pela Prefeitura de Juazeiro, atrav\u00e9s da Secretaria da Sa\u00fade desde agosto de 2019, o Programa\u00a0Caravana do Sorriso leva assist\u00eancia odontol\u00f3gica aos moradores dos residenciais em Juazeiro e\u00a0j\u00e1 atendeu mais de 2.400 pessoas. Durante todo este m\u00eas de mar\u00e7o, o Caravana do Sorriso estar\u00e1 atendendo \u00e0s necessidades odontol\u00f3gicas dos moradores do Residencial Doutor Humberto. Os moradores podem se dirigir ao consult\u00f3rio montado no local e agendar o atendimento. Coordenado pelo dentista da rede de sa\u00fade municipal Isaac Mello, o programa Caravana do Sorriso funciona durante um m\u00eas ou at\u00e9 mais, a depender da necessidade, em cada residencial. Os servi\u00e7os ofertados s\u00e3o: extra\u00e7\u00e3o, restaura\u00e7\u00e3o simples, limpeza, raspagem e aplica\u00e7\u00e3o de fl\u00faor. Por dia s\u00e3o atendidas 20 pessoas e destas, 15 s\u00e3o&hellip;\" \/>\n<meta property=\"og:url\" content=\"https:\/\/blogdofarnesio.com.br\/?p=251675\" \/>\n<meta property=\"og:site_name\" content=\"Blog do Farn\u00e9sio\" \/>\n<meta property=\"article:publisher\" content=\"https:\/\/www.facebook.com\/BlogQuerSaberPolitica\/\" \/>\n<meta property=\"article:published_time\" content=\"2020-03-04T19:21:56+00:00\" \/>\n<meta property=\"og:image\" content=\"https:\/\/blogdofarnesio.com.br\/wp-content\/uploads\/2020\/03\/blogqspjua-dentista-Caravana-do-Sorriso-e1583342600883.jpeg\" \/>\n\t<meta property=\"og:image:width\" content=\"632\" \/>\n\t<meta property=\"og:image:height\" content=\"474\" \/>\n\t<meta property=\"og:image:type\" content=\"image\/jpeg\" \/>\n<meta name=\"author\" content=\"Farn\u00e9sio\" \/>\n<meta name=\"twitter:card\" content=\"summary_large_image\" \/>\n<meta name=\"twitter:label1\" content=\"Escrito por\" \/>\n\t<meta name=\"twitter:data1\" content=\"Farn\u00e9sio\" \/>\n\t<meta name=\"twitter:label2\" content=\"Est. tempo de leitura\" \/>\n\t<meta name=\"twitter:data2\" content=\"2 minutos\" \/>\n<script type=\"application\/ld+json\" class=\"yoast-schema-graph\">{\"@context\":\"https:\\\/\\\/schema.org\",\"@graph\":[{\"@type\":\"Article\",\"@id\":\"https:\\\/\\\/blogdofarnesio.com.br\\\/?p=251675#article\",\"isPartOf\":{\"@id\":\"https:\\\/\\\/blogdofarnesio.com.br\\\/?p=251675\"},\"author\":{\"name\":\"Farn\u00e9sio\",\"@id\":\"https:\\\/\\\/blogdofarnesio.com.br\\\/#\\\/schema\\\/person\\\/301c4acf522bccbfdb45af95b5b906a1\"},\"headline\":\"Programa Caravana do Sorriso \u00e9 institu\u00eddo com atendimentos odontol\u00f3gicos nos residenciais em Juazeiro\",\"datePublished\":\"2020-03-04T19:21:56+00:00\",\"mainEntityOfPage\":{\"@id\":\"https:\\\/\\\/blogdofarnesio.com.br\\\/?p=251675\"},\"wordCount\":419,\"publisher\":{\"@id\":\"https:\\\/\\\/blogdofarnesio.com.br\\\/#organization\"},\"image\":{\"@id\":\"https:\\\/\\\/blogdofarnesio.com.br\\\/?p=251675#primaryimage\"},\"thumbnailUrl\":\"https:\\\/\\\/blogdofarnesio.com.br\\\/wp-content\\\/uploads\\\/2020\\\/03\\\/blogqspjua-dentista-Caravana-do-Sorriso-e1583342600883.jpeg\",\"articleSection\":[\"Sa\u00fade\"],\"inLanguage\":\"pt-BR\"},{\"@type\":\"WebPage\",\"@id\":\"https:\\\/\\\/blogdofarnesio.com.br\\\/?p=251675\",\"url\":\"https:\\\/\\\/blogdofarnesio.com.br\\\/?p=251675\",\"name\":\"Programa Caravana do Sorriso \u00e9 institu\u00eddo com atendimentos odontol\u00f3gicos nos residenciais em Juazeiro - Blog do Farn\u00e9sio\",\"isPartOf\":{\"@id\":\"https:\\\/\\\/blogdofarnesio.com.br\\\/#website\"},\"primaryImageOfPage\":{\"@id\":\"https:\\\/\\\/blogdofarnesio.com.br\\\/?p=251675#primaryimage\"},\"image\":{\"@id\":\"https:\\\/\\\/blogdofarnesio.com.br\\\/?p=251675#primaryimage\"},\"thumbnailUrl\":\"https:\\\/\\\/blogdofarnesio.com.br\\\/wp-content\\\/uploads\\\/2020\\\/03\\\/blogqspjua-dentista-Caravana-do-Sorriso-e1583342600883.jpeg\",\"datePublished\":\"2020-03-04T19:21:56+00:00\",\"breadcrumb\":{\"@id\":\"https:\\\/\\\/blogdofarnesio.com.br\\\/?p=251675#breadcrumb\"},\"inLanguage\":\"pt-BR\",\"potentialAction\":[{\"@type\":\"ReadAction\",\"target\":[\"https:\\\/\\\/blogdofarnesio.com.br\\\/?p=251675\"]}]},{\"@type\":\"ImageObject\",\"inLanguage\":\"pt-BR\",\"@id\":\"https:\\\/\\\/blogdofarnesio.com.br\\\/?p=251675#primaryimage\",\"url\":\"https:\\\/\\\/blogdofarnesio.com.br\\\/wp-content\\\/uploads\\\/2020\\\/03\\\/blogqspjua-dentista-Caravana-do-Sorriso-e1583342600883.jpeg\",\"contentUrl\":\"https:\\\/\\\/blogdofarnesio.com.br\\\/wp-content\\\/uploads\\\/2020\\\/03\\\/blogqspjua-dentista-Caravana-do-Sorriso-e1583342600883.jpeg\",\"width\":632,\"height\":474},{\"@type\":\"BreadcrumbList\",\"@id\":\"https:\\\/\\\/blogdofarnesio.com.br\\\/?p=251675#breadcrumb\",\"itemListElement\":[{\"@type\":\"ListItem\",\"position\":1,\"name\":\"In\u00edcio\",\"item\":\"https:\\\/\\\/blogdofarnesio.com.br\\\/\"},{\"@type\":\"ListItem\",\"position\":2,\"name\":\"Programa Caravana do Sorriso \u00e9 institu\u00eddo com atendimentos odontol\u00f3gicos nos residenciais em Juazeiro\"}]},{\"@type\":\"WebSite\",\"@id\":\"https:\\\/\\\/blogdofarnesio.com.br\\\/#website\",\"url\":\"https:\\\/\\\/blogdofarnesio.com.br\\\/\",\"name\":\"Blog do Farn\u00e9sio\",\"description\":\"Quer Saber Pol\u00edtica?\",\"publisher\":{\"@id\":\"https:\\\/\\\/blogdofarnesio.com.br\\\/#organization\"},\"potentialAction\":[{\"@type\":\"SearchAction\",\"target\":{\"@type\":\"EntryPoint\",\"urlTemplate\":\"https:\\\/\\\/blogdofarnesio.com.br\\\/?s={search_term_string}\"},\"query-input\":{\"@type\":\"PropertyValueSpecification\",\"valueRequired\":true,\"valueName\":\"search_term_string\"}}],\"inLanguage\":\"pt-BR\"},{\"@type\":\"Organization\",\"@id\":\"https:\\\/\\\/blogdofarnesio.com.br\\\/#organization\",\"name\":\"Blog do Farn\u00e9sio\",\"url\":\"https:\\\/\\\/blogdofarnesio.com.br\\\/\",\"logo\":{\"@type\":\"ImageObject\",\"inLanguage\":\"pt-BR\",\"@id\":\"https:\\\/\\\/blogdofarnesio.com.br\\\/#\\\/schema\\\/logo\\\/image\\\/\",\"url\":\"https:\\\/\\\/blogdofarnesio.com.br\\\/wp-content\\\/uploads\\\/2026\\\/03\\\/cropped-logo_new-1.png\",\"contentUrl\":\"https:\\\/\\\/blogdofarnesio.com.br\\\/wp-content\\\/uploads\\\/2026\\\/03\\\/cropped-logo_new-1.png\",\"width\":881,\"height\":685,\"caption\":\"Blog do Farn\u00e9sio\"},\"image\":{\"@id\":\"https:\\\/\\\/blogdofarnesio.com.br\\\/#\\\/schema\\\/logo\\\/image\\\/\"},\"sameAs\":[\"https:\\\/\\\/www.facebook.com\\\/BlogQuerSaberPolitica\\\/\"]},{\"@type\":\"Person\",\"@id\":\"https:\\\/\\\/blogdofarnesio.com.br\\\/#\\\/schema\\\/person\\\/301c4acf522bccbfdb45af95b5b906a1\",\"name\":\"Farn\u00e9sio\",\"image\":{\"@type\":\"ImageObject\",\"inLanguage\":\"pt-BR\",\"@id\":\"https:\\\/\\\/secure.gravatar.com\\\/avatar\\\/df0c9a14567c056f8ad6876ba5bbd1e3e2c48023eb6807342fc4663adf549f38?s=96&d=mm&r=g\",\"url\":\"https:\\\/\\\/secure.gravatar.com\\\/avatar\\\/df0c9a14567c056f8ad6876ba5bbd1e3e2c48023eb6807342fc4663adf549f38?s=96&d=mm&r=g\",\"contentUrl\":\"https:\\\/\\\/secure.gravatar.com\\\/avatar\\\/df0c9a14567c056f8ad6876ba5bbd1e3e2c48023eb6807342fc4663adf549f38?s=96&d=mm&r=g\",\"caption\":\"Farn\u00e9sio\"},\"sameAs\":[\"https:\\\/\\\/quersaberpolitica.com.br\"],\"url\":\"https:\\\/\\\/blogdofarnesio.com.br\\\/?author=1\"}]}<\/script>\n<!-- \/ Yoast SEO plugin. -->","yoast_head_json":{"title":"Programa Caravana do Sorriso \u00e9 institu\u00eddo com atendimentos odontol\u00f3gicos nos residenciais em Juazeiro - Blog do Farn\u00e9sio","robots":{"index":"index","follow":"follow","max-snippet":"max-snippet:-1","max-image-preview":"max-image-preview:large","max-video-preview":"max-video-preview:-1"},"canonical":"https:\/\/blogdofarnesio.com.br\/?p=251675","og_locale":"pt_BR","og_type":"article","og_title":"Programa Caravana do Sorriso \u00e9 institu\u00eddo com atendimentos odontol\u00f3gicos nos residenciais em Juazeiro - Blog do Farn\u00e9sio","og_description":"Implantado pela Prefeitura de Juazeiro, atrav\u00e9s da Secretaria da Sa\u00fade desde agosto de 2019, o Programa\u00a0Caravana do Sorriso leva assist\u00eancia odontol\u00f3gica aos moradores dos residenciais em Juazeiro e\u00a0j\u00e1 atendeu mais de 2.400 pessoas. Durante todo este m\u00eas de mar\u00e7o, o Caravana do Sorriso estar\u00e1 atendendo \u00e0s necessidades odontol\u00f3gicas dos moradores do Residencial Doutor Humberto. Os moradores podem se dirigir ao consult\u00f3rio montado no local e agendar o atendimento. Coordenado pelo dentista da rede de sa\u00fade municipal Isaac Mello, o programa Caravana do Sorriso funciona durante um m\u00eas ou at\u00e9 mais, a depender da necessidade, em cada residencial. Os servi\u00e7os ofertados s\u00e3o: extra\u00e7\u00e3o, restaura\u00e7\u00e3o simples, limpeza, raspagem e aplica\u00e7\u00e3o de fl\u00faor. Por dia s\u00e3o atendidas 20 pessoas e destas, 15 s\u00e3o&hellip;","og_url":"https:\/\/blogdofarnesio.com.br\/?p=251675","og_site_name":"Blog do Farn\u00e9sio","article_publisher":"https:\/\/www.facebook.com\/BlogQuerSaberPolitica\/","article_published_time":"2020-03-04T19:21:56+00:00","og_image":[{"width":632,"height":474,"url":"https:\/\/blogdofarnesio.com.br\/wp-content\/uploads\/2020\/03\/blogqspjua-dentista-Caravana-do-Sorriso-e1583342600883.jpeg","type":"image\/jpeg"}],"author":"Farn\u00e9sio","twitter_card":"summary_large_image","twitter_misc":{"Escrito por":"Farn\u00e9sio","Est. tempo de leitura":"2 minutos"},"schema":{"@context":"https:\/\/schema.org","@graph":[{"@type":"Article","@id":"https:\/\/blogdofarnesio.com.br\/?p=251675#article","isPartOf":{"@id":"https:\/\/blogdofarnesio.com.br\/?p=251675"},"author":{"name":"Farn\u00e9sio","@id":"https:\/\/blogdofarnesio.com.br\/#\/schema\/person\/301c4acf522bccbfdb45af95b5b906a1"},"headline":"Programa Caravana do Sorriso \u00e9 institu\u00eddo com atendimentos odontol\u00f3gicos nos residenciais em Juazeiro","datePublished":"2020-03-04T19:21:56+00:00","mainEntityOfPage":{"@id":"https:\/\/blogdofarnesio.com.br\/?p=251675"},"wordCount":419,"publisher":{"@id":"https:\/\/blogdofarnesio.com.br\/#organization"},"image":{"@id":"https:\/\/blogdofarnesio.com.br\/?p=251675#primaryimage"},"thumbnailUrl":"https:\/\/blogdofarnesio.com.br\/wp-content\/uploads\/2020\/03\/blogqspjua-dentista-Caravana-do-Sorriso-e1583342600883.jpeg","articleSection":["Sa\u00fade"],"inLanguage":"pt-BR"},{"@type":"WebPage","@id":"https:\/\/blogdofarnesio.com.br\/?p=251675","url":"https:\/\/blogdofarnesio.com.br\/?p=251675","name":"Programa Caravana do Sorriso \u00e9 institu\u00eddo com atendimentos odontol\u00f3gicos nos residenciais em Juazeiro - Blog do Farn\u00e9sio","isPartOf":{"@id":"https:\/\/blogdofarnesio.com.br\/#website"},"primaryImageOfPage":{"@id":"https:\/\/blogdofarnesio.com.br\/?p=251675#primaryimage"},"image":{"@id":"https:\/\/blogdofarnesio.com.br\/?p=251675#primaryimage"},"thumbnailUrl":"https:\/\/blogdofarnesio.com.br\/wp-content\/uploads\/2020\/03\/blogqspjua-dentista-Caravana-do-Sorriso-e1583342600883.jpeg","datePublished":"2020-03-04T19:21:56+00:00","breadcrumb":{"@id":"https:\/\/blogdofarnesio.com.br\/?p=251675#breadcrumb"},"inLanguage":"pt-BR","potentialAction":[{"@type":"ReadAction","target":["https:\/\/blogdofarnesio.com.br\/?p=251675"]}]},{"@type":"ImageObject","inLanguage":"pt-BR","@id":"https:\/\/blogdofarnesio.com.br\/?p=251675#primaryimage","url":"https:\/\/blogdofarnesio.com.br\/wp-content\/uploads\/2020\/03\/blogqspjua-dentista-Caravana-do-Sorriso-e1583342600883.jpeg","contentUrl":"https:\/\/blogdofarnesio.com.br\/wp-content\/uploads\/2020\/03\/blogqspjua-dentista-Caravana-do-Sorriso-e1583342600883.jpeg","width":632,"height":474},{"@type":"BreadcrumbList","@id":"https:\/\/blogdofarnesio.com.br\/?p=251675#breadcrumb","itemListElement":[{"@type":"ListItem","position":1,"name":"In\u00edcio","item":"https:\/\/blogdofarnesio.com.br\/"},{"@type":"ListItem","position":2,"name":"Programa Caravana do Sorriso \u00e9 institu\u00eddo com atendimentos odontol\u00f3gicos nos residenciais em Juazeiro"}]},{"@type":"WebSite","@id":"https:\/\/blogdofarnesio.com.br\/#website","url":"https:\/\/blogdofarnesio.com.br\/","name":"Blog do Farn\u00e9sio","description":"Quer Saber Pol\u00edtica?","publisher":{"@id":"https:\/\/blogdofarnesio.com.br\/#organization"},"potentialAction":[{"@type":"SearchAction","target":{"@type":"EntryPoint","urlTemplate":"https:\/\/blogdofarnesio.com.br\/?s={search_term_string}"},"query-input":{"@type":"PropertyValueSpecification","valueRequired":true,"valueName":"search_term_string"}}],"inLanguage":"pt-BR"},{"@type":"Organization","@id":"https:\/\/blogdofarnesio.com.br\/#organization","name":"Blog do Farn\u00e9sio","url":"https:\/\/blogdofarnesio.com.br\/","logo":{"@type":"ImageObject","inLanguage":"pt-BR","@id":"https:\/\/blogdofarnesio.com.br\/#\/schema\/logo\/image\/","url":"https:\/\/blogdofarnesio.com.br\/wp-content\/uploads\/2026\/03\/cropped-logo_new-1.png","contentUrl":"https:\/\/blogdofarnesio.com.br\/wp-content\/uploads\/2026\/03\/cropped-logo_new-1.png","width":881,"height":685,"caption":"Blog do Farn\u00e9sio"},"image":{"@id":"https:\/\/blogdofarnesio.com.br\/#\/schema\/logo\/image\/"},"sameAs":["https:\/\/www.facebook.com\/BlogQuerSaberPolitica\/"]},{"@type":"Person","@id":"https:\/\/blogdofarnesio.com.br\/#\/schema\/person\/301c4acf522bccbfdb45af95b5b906a1","name":"Farn\u00e9sio","image":{"@type":"ImageObject","inLanguage":"pt-BR","@id":"https:\/\/secure.gravatar.com\/avatar\/df0c9a14567c056f8ad6876ba5bbd1e3e2c48023eb6807342fc4663adf549f38?s=96&d=mm&r=g","url":"https:\/\/secure.gravatar.com\/avatar\/df0c9a14567c056f8ad6876ba5bbd1e3e2c48023eb6807342fc4663adf549f38?s=96&d=mm&r=g","contentUrl":"https:\/\/secure.gravatar.com\/avatar\/df0c9a14567c056f8ad6876ba5bbd1e3e2c48023eb6807342fc4663adf549f38?s=96&d=mm&r=g","caption":"Farn\u00e9sio"},"sameAs":["https:\/\/quersaberpolitica.com.br"],"url":"https:\/\/blogdofarnesio.com.br\/?author=1"}]}},"_links":{"self":[{"href":"https:\/\/blogdofarnesio.com.br\/index.php?rest_route=\/wp\/v2\/posts\/251675","targetHints":{"allow":["GET"]}}],"collection":[{"href":"https:\/\/blogdofarnesio.com.br\/index.php?rest_route=\/wp\/v2\/posts"}],"about":[{"href":"https:\/\/blogdofarnesio.com.br\/index.php?rest_route=\/wp\/v2\/types\/post"}],"author":[{"embeddable":true,"href":"https:\/\/blogdofarnesio.com.br\/index.php?rest_route=\/wp\/v2\/users\/1"}],"replies":[{"embeddable":true,"href":"https:\/\/blogdofarnesio.com.br\/index.php?rest_route=%2Fwp%2Fv2%2Fcomments&post=251675"}],"version-history":[{"count":0,"href":"https:\/\/blogdofarnesio.com.br\/index.php?rest_route=\/wp\/v2\/posts\/251675\/revisions"}],"wp:featuredmedia":[{"embeddable":true,"href":"https:\/\/blogdofarnesio.com.br\/index.php?rest_route=\/wp\/v2\/media\/251676"}],"wp:attachment":[{"href":"https:\/\/blogdofarnesio.com.br\/index.php?rest_route=%2Fwp%2Fv2%2Fmedia&parent=251675"}],"wp:term":[{"taxonomy":"category","embeddable":true,"href":"https:\/\/blogdofarnesio.com.br\/index.php?rest_route=%2Fwp%2Fv2%2Fcategories&post=251675"},{"taxonomy":"post_tag","embeddable":true,"href":"https:\/\/blogdofarnesio.com.br\/index.php?rest_route=%2Fwp%2Fv2%2Ftags&post=251675"}],"curies":[{"name":"wp","href":"https:\/\/api.w.org\/{rel}","templated":true}]}}