{"id":250200,"date":"2020-02-14T11:32:47","date_gmt":"2020-02-14T14:32:47","guid":{"rendered":"http:\/\/quersaberpolitica.com.br\/2016\/?p=250200"},"modified":"2020-02-14T08:42:05","modified_gmt":"2020-02-14T11:42:05","slug":"fies-2020-encerra-nesta-sexta-inscricoes-para-a-selecao-do-1o-semestre","status":"publish","type":"post","link":"https:\/\/blogdofarnesio.com.br\/?p=250200","title":{"rendered":"Fies 2020 encerra nesta sexta inscri\u00e7\u00f5es para a sele\u00e7\u00e3o do 1\u00ba semestre"},"content":{"rendered":"<div class=\"row content-head non-featured \">\n<div class=\"title\">\n<h1 class=\"content-head__title\"><span style=\"font-size: 16px;\">G1 &#8211;\u00a0<\/span><\/h1>\n<\/div>\n<\/div>\n<div class=\"mc-article-body\">\n<article>\n<div class=\"mc-column content-text active-extra-styles active-capital-letter\" data-block-type=\"unstyled\" data-block-weight=\"48\" data-block-id=\"1\">\n<p class=\"content-text__container theme-color-primary-first-letter\" data-track-category=\"Link no Texto\" data-track-links=\"\">As inscri\u00e7\u00f5es para o Fundo de Financiamento Estudantil (<a href=\"https:\/\/g1.globo.com\/tudo-sobre\/fies\/\">Fies<\/a>) e para o Programa de Financiamento Estudantil (P-Fies) do primeiro semestre de 2020 se encerram nesta sexta-feira (14). Os interessados poder\u00e3o se candidatar at\u00e9 as 23h59. A data foi prorrogada pelo Minist\u00e9rio da Educa\u00e7\u00e3o (<a href=\"https:\/\/g1.globo.com\/tudo-sobre\/ministerio-da-educacao\/\">MEC<\/a>) na quarta-feira (12). No primeiro semestre, s\u00e3o ofertados 70 mil contratos a juro zero. J\u00e1 no segundo semestre de 2020, ser\u00e3o oferecidos 30 mil novos contratos.<\/p>\n<\/div>\n<div class=\"wall protected-content\">\n<div class=\"mc-column content-text active-extra-styles \" data-block-type=\"unstyled\" data-block-weight=\"14\" data-block-id=\"4\">\n<p class=\"content-text__container \" data-track-category=\"Link no Texto\" data-track-links=\"\">Estudantes que fizeram o Enem a partir de 2010 podem se candidatar ao financiamento.<\/p>\n<\/div>\n<div class=\"row medium-uncollapsed content-media content-photo\" data-block-type=\"backstage-photo\" data-block-id=\"5\">\n<div class=\"mc-column content-media__container\">\n<div class=\"progressive-img can-open-lightbox\" data-min-size=\"1008x446\" data-min-size-url=\"https:\/\/s2.glbimg.com\/SW-r8MEc6j96qTmcqRTh9oM0eIk=\/0x0:1855x821\/1008x0\/smart\/filters:strip_icc()\/i.s3.glbimg.com\/v1\/AUTH_59edd422c0c84a879bd37670ae4f538a\/internal_photos\/bs\/2020\/1\/4\/mzGlmkQIqqMsUX2MAUJA\/capturar.png\" data-max-size=\"1600x708\" data-max-size-url=\"https:\/\/s2.glbimg.com\/6vOOOQ7y6qu0ipQ5hcW8Y1NF_2c=\/0x0:1855x821\/1600x0\/smart\/filters:strip_icc()\/i.s3.glbimg.com\/v1\/AUTH_59edd422c0c84a879bd37670ae4f538a\/internal_photos\/bs\/2020\/1\/4\/mzGlmkQIqqMsUX2MAUJA\/capturar.png\" data-media-index=\"0\">\n<div class=\"placeholder-container\"><\/div>\n<p><img decoding=\"async\" class=\"progressive-draft\" title=\"Fies teve inscri\u00e7\u00f5es prorrogadas at\u00e9 a sexta-feira(14) \u2014 Foto: Reprodu\u00e7\u00e3o site Fies\" src=\"data:image\/jpeg;base64,\/9j\/4AAQSkZJRgABAQAAAQABAAD\/2wBDAAMCAgMCAgMDAwMEAwMEBQgFBQQEBQoHBwYIDAoMDAsKCwsNDhIQDQ4RDgsLEBYQERMUFRUVDA8XGBYUGBIUFRT\/2wBDAQMEBAUEBQkFBQkUDQsNFBQUFBQUFBQUFBQUFBQUFBQUFBQUFBQUFBQUFBQUFBQUFBQUFBQUFBQUFBQUFBQUFBT\/wgARCAALABkDASIAAhEBAxEB\/8QAFwABAQEBAAAAAAAAAAAAAAAABQcGCP\/EABYBAQEBAAAAAAAAAAAAAAAAAAIAAf\/aAAwDAQACEAMQAAABqefrnP8AAVGdp4P\/xAAdEAACAQQDAAAAAAAAAAAAAAADBAUAAQIUBgcT\/9oACAEBAAEFAoRSKkz8shAAFeEPZXQZpWLVjs+wGCBYG+x7bBK\/\/8QAGhEAAQUBAAAAAAAAAAAAAAAAAgABAzGhEv\/aAAgBAwEBPwHkqDURTx2w6v\/EABgRAQADAQAAAAAAAAAAAAAAAAEAAgNB\/9oACAECAQE\/AVZWjp2f\/8QAKBAAAQMDAgMJAAAAAAAAAAAAAQACAwQSExEiBRQyISMxNFFicZPR\/9oACAEBAAY\/Aq1nJQSYH2m+ma31\/E9tBw+nzEewAIPipIM5G6M27fg6rysP2xqV9PFjdMbnnU9pU9ji0lviE\/vXdIXWV\/\/EAB0QAQACAgMBAQAAAAAAAAAAAAERMQAhEEFRYYH\/2gAIAQEAAT8hCME0BLRFk\/GNOFRtHZDuYrG5+uya7Ke+8dCriUl3r9canTNmq3jzmHXPCf\/aAAwDAQACAAMAAAAQVU\/\/xAAbEQACAQUAAAAAAAAAAAAAAAABEQBBYXGBof\/aAAgBAwEBPxAkCQTkuOKGnejU\/8QAGBEAAwEBAAAAAAAAAAAAAAAAAAERIcH\/2gAIAQIBAT8Q1Ol2Mp0\/\/8QAHxABAAICAQUBAAAAAAAAAAAAAREhADFBUWFxwfDx\/9oACAEBAAE\/ELmoL2CIBS2LzNFHSBvQjSlIS06YvTCvjNqsJgEmnefWe8Gn1WkoWSL1RvBWiVaohsJOzFAYJBCko4e5bn6Of\/\/Z\" alt=\"Fies teve inscri\u00e7\u00f5es prorrogadas at\u00e9 a sexta-feira(14) \u2014 Foto: Reprodu\u00e7\u00e3o site Fies\" \/><picture><source srcset=\"https:\/\/s2.glbimg.com\/C_ZPpyw5JAtyE8NikaI21rqb6Ng=\/0x0:1855x821\/600x0\/smart\/filters:strip_icc()\/i.s3.glbimg.com\/v1\/AUTH_59edd422c0c84a879bd37670ae4f538a\/internal_photos\/bs\/2020\/1\/4\/mzGlmkQIqqMsUX2MAUJA\/capturar.png 1x, https:\/\/s2.glbimg.com\/vIYgDkgdgzVnLenY2P4t9y4V9qw=\/0x0:1855x821\/1200x0\/smart\/filters:strip_icc()\/i.s3.glbimg.com\/v1\/AUTH_59edd422c0c84a879bd37670ae4f538a\/internal_photos\/bs\/2020\/1\/4\/mzGlmkQIqqMsUX2MAUJA\/capturar.png 2x\" media=\"(max-width: 1024px)\" data-src=\"https:\/\/s2.glbimg.com\/C_ZPpyw5JAtyE8NikaI21rqb6Ng=\/0x0:1855x821\/600x0\/smart\/filters:strip_icc()\/i.s3.glbimg.com\/v1\/AUTH_59edd422c0c84a879bd37670ae4f538a\/internal_photos\/bs\/2020\/1\/4\/mzGlmkQIqqMsUX2MAUJA\/capturar.png 1x, https:\/\/s2.glbimg.com\/vIYgDkgdgzVnLenY2P4t9y4V9qw=\/0x0:1855x821\/1200x0\/smart\/filters:strip_icc()\/i.s3.glbimg.com\/v1\/AUTH_59edd422c0c84a879bd37670ae4f538a\/internal_photos\/bs\/2020\/1\/4\/mzGlmkQIqqMsUX2MAUJA\/capturar.png 2x\" \/><source srcset=\"https:\/\/s2.glbimg.com\/uRZnjMotWyJeTmt32aTd20qjlAc=\/0x0:1855x821\/640x0\/smart\/filters:strip_icc()\/i.s3.glbimg.com\/v1\/AUTH_59edd422c0c84a879bd37670ae4f538a\/internal_photos\/bs\/2020\/1\/4\/mzGlmkQIqqMsUX2MAUJA\/capturar.png 1x, https:\/\/s2.glbimg.com\/Uy9bkAUDtLc8UA00txlGZv6kpzg=\/0x0:1855x821\/1280x0\/smart\/filters:strip_icc()\/i.s3.glbimg.com\/v1\/AUTH_59edd422c0c84a879bd37670ae4f538a\/internal_photos\/bs\/2020\/1\/4\/mzGlmkQIqqMsUX2MAUJA\/capturar.png 2x\" media=\"(max-width: 1280px)\" data-src=\"https:\/\/s2.glbimg.com\/uRZnjMotWyJeTmt32aTd20qjlAc=\/0x0:1855x821\/640x0\/smart\/filters:strip_icc()\/i.s3.glbimg.com\/v1\/AUTH_59edd422c0c84a879bd37670ae4f538a\/internal_photos\/bs\/2020\/1\/4\/mzGlmkQIqqMsUX2MAUJA\/capturar.png 1x, https:\/\/s2.glbimg.com\/Uy9bkAUDtLc8UA00txlGZv6kpzg=\/0x0:1855x821\/1280x0\/smart\/filters:strip_icc()\/i.s3.glbimg.com\/v1\/AUTH_59edd422c0c84a879bd37670ae4f538a\/internal_photos\/bs\/2020\/1\/4\/mzGlmkQIqqMsUX2MAUJA\/capturar.png 2x\" \/><source srcset=\"https:\/\/s2.glbimg.com\/44Xb-3psViu-PiW-id7Wfy8x6Mo=\/0x0:1855x821\/984x0\/smart\/filters:strip_icc()\/i.s3.glbimg.com\/v1\/AUTH_59edd422c0c84a879bd37670ae4f538a\/internal_photos\/bs\/2020\/1\/4\/mzGlmkQIqqMsUX2MAUJA\/capturar.png 1x, https:\/\/s2.glbimg.com\/OE3AnYPqrk8BIgDUtNI4iQpk7c8=\/0x0:1855x821\/1968x0\/smart\/filters:strip_icc()\/i.s3.glbimg.com\/v1\/AUTH_59edd422c0c84a879bd37670ae4f538a\/internal_photos\/bs\/2020\/1\/4\/mzGlmkQIqqMsUX2MAUJA\/capturar.png 2x\" media=\"(max-width: 1360px)\" data-src=\"https:\/\/s2.glbimg.com\/44Xb-3psViu-PiW-id7Wfy8x6Mo=\/0x0:1855x821\/984x0\/smart\/filters:strip_icc()\/i.s3.glbimg.com\/v1\/AUTH_59edd422c0c84a879bd37670ae4f538a\/internal_photos\/bs\/2020\/1\/4\/mzGlmkQIqqMsUX2MAUJA\/capturar.png 1x, https:\/\/s2.glbimg.com\/OE3AnYPqrk8BIgDUtNI4iQpk7c8=\/0x0:1855x821\/1968x0\/smart\/filters:strip_icc()\/i.s3.glbimg.com\/v1\/AUTH_59edd422c0c84a879bd37670ae4f538a\/internal_photos\/bs\/2020\/1\/4\/mzGlmkQIqqMsUX2MAUJA\/capturar.png 2x\" \/><source srcset=\"https:\/\/s2.glbimg.com\/UmQf3TI41q0BzC6vWp1Idi8cWnI=\/0x0:1855x821\/1000x0\/smart\/filters:strip_icc()\/i.s3.glbimg.com\/v1\/AUTH_59edd422c0c84a879bd37670ae4f538a\/internal_photos\/bs\/2020\/1\/4\/mzGlmkQIqqMsUX2MAUJA\/capturar.png 1x, https:\/\/s2.glbimg.com\/SfkYnZwVX3CTWFiNywiIQ-rPlFU=\/0x0:1855x821\/2000x0\/smart\/filters:strip_icc()\/i.s3.glbimg.com\/v1\/AUTH_59edd422c0c84a879bd37670ae4f538a\/internal_photos\/bs\/2020\/1\/4\/mzGlmkQIqqMsUX2MAUJA\/capturar.png 2x\" media=\"(min-width: 1361px)\" data-src=\"https:\/\/s2.glbimg.com\/UmQf3TI41q0BzC6vWp1Idi8cWnI=\/0x0:1855x821\/1000x0\/smart\/filters:strip_icc()\/i.s3.glbimg.com\/v1\/AUTH_59edd422c0c84a879bd37670ae4f538a\/internal_photos\/bs\/2020\/1\/4\/mzGlmkQIqqMsUX2MAUJA\/capturar.png 1x, https:\/\/s2.glbimg.com\/SfkYnZwVX3CTWFiNywiIQ-rPlFU=\/0x0:1855x821\/2000x0\/smart\/filters:strip_icc()\/i.s3.glbimg.com\/v1\/AUTH_59edd422c0c84a879bd37670ae4f538a\/internal_photos\/bs\/2020\/1\/4\/mzGlmkQIqqMsUX2MAUJA\/capturar.png 2x\" \/><source srcset=\"https:\/\/s2.glbimg.com\/44Xb-3psViu-PiW-id7Wfy8x6Mo=\/0x0:1855x821\/984x0\/smart\/filters:strip_icc()\/i.s3.glbimg.com\/v1\/AUTH_59edd422c0c84a879bd37670ae4f538a\/internal_photos\/bs\/2020\/1\/4\/mzGlmkQIqqMsUX2MAUJA\/capturar.png\" data-src=\"https:\/\/s2.glbimg.com\/44Xb-3psViu-PiW-id7Wfy8x6Mo=\/0x0:1855x821\/984x0\/smart\/filters:strip_icc()\/i.s3.glbimg.com\/v1\/AUTH_59edd422c0c84a879bd37670ae4f538a\/internal_photos\/bs\/2020\/1\/4\/mzGlmkQIqqMsUX2MAUJA\/capturar.png\" \/><img decoding=\"async\" class=\"image content-media__image progressive-loaded\" title=\"Fies teve inscri\u00e7\u00f5es prorrogadas at\u00e9 a sexta-feira(14) \u2014 Foto: Reprodu\u00e7\u00e3o site Fies\" src=\"https:\/\/s2.glbimg.com\/44Xb-3psViu-PiW-id7Wfy8x6Mo=\/0x0:1855x821\/984x0\/smart\/filters:strip_icc()\/i.s3.glbimg.com\/v1\/AUTH_59edd422c0c84a879bd37670ae4f538a\/internal_photos\/bs\/2020\/1\/4\/mzGlmkQIqqMsUX2MAUJA\/capturar.png\" alt=\"Fies teve inscri\u00e7\u00f5es prorrogadas at\u00e9 a sexta-feira(14) \u2014 Foto: Reprodu\u00e7\u00e3o site Fies\" data-src=\"https:\/\/s2.glbimg.com\/44Xb-3psViu-PiW-id7Wfy8x6Mo=\/0x0:1855x821\/984x0\/smart\/filters:strip_icc()\/i.s3.glbimg.com\/v1\/AUTH_59edd422c0c84a879bd37670ae4f538a\/internal_photos\/bs\/2020\/1\/4\/mzGlmkQIqqMsUX2MAUJA\/capturar.png\" \/><\/picture><\/div>\n<p class=\"content-media__description \">Fies teve inscri\u00e7\u00f5es prorrogadas at\u00e9 a sexta-feira(14) \u2014 Foto: Reprodu\u00e7\u00e3o site Fies<\/p>\n<\/div>\n<\/div>\n<div class=\"mc-column content-text active-extra-styles\" data-block-type=\"raw\" data-block-weight=\"5\" data-block-id=\"6\">\n<div class=\"content-intertitle\">\n<h2>Diferen\u00e7a entre Fies e P-fies<\/h2>\n<\/div>\n<\/div>\n<div class=\"mc-column content-text active-extra-styles \" data-block-type=\"unstyled\" data-block-weight=\"31\" data-block-id=\"7\">\n<p class=\"content-text__container \" data-track-category=\"Link no Texto\" data-track-links=\"\">Na modalidade\u00a0<strong>Fies<\/strong>, s\u00e3o oferecidas vagas com juro zero para os estudantes com uma renda per capita mensal familiar de at\u00e9 tr\u00eas sal\u00e1rios m\u00ednimos (R$ 3.135 \u2013 pelo sal\u00e1rio m\u00ednimo nacional).<\/p>\n<\/div>\n<div class=\"mc-column content-text active-extra-styles \" data-block-type=\"unstyled\" data-block-weight=\"46\" data-block-id=\"8\">\n<p class=\"content-text__container \" data-track-category=\"Link no Texto\" data-track-links=\"\">J\u00e1 a modalidade\u00a0<strong>P-Fies<\/strong>\u00a0se destina a estudantes com renda per capita mensal familiar de at\u00e9 cinco sal\u00e1rios m\u00ednimos (R$ 5.225 \u2013 pelo sal\u00e1rio m\u00ednimo nacional). Eles podem receber um empr\u00e9stimo a juros relativamente baixos, variando de acordo com o banco que atua como agente financeiro.<\/p>\n<\/div>\n<div class=\"mc-column content-text active-extra-styles \" data-block-type=\"unstyled\" data-block-weight=\"35\" data-block-id=\"9\">\n<p class=\"content-text__container \" data-track-category=\"Link no Texto\" data-track-links=\"\">Vale lembrar que, em dezembro de 2019,\u00a0<a href=\"https:\/\/g1.globo.com\/educacao\/noticia\/2019\/12\/27\/mec-muda-regras-para-o-fies-e-p-fies-e-reduz-numero-de-vagas-a-partir-de-2021.ghtml\">o governo anunciou mudan\u00e7as nos dois programas<\/a>, mas elas s\u00f3 ser\u00e3o v\u00e1lidas no segundo semestre deste ano para o P-Fies e a partir de 2021 para o Fies.<\/p>\n<\/div>\n<div class=\"mc-column content-text active-extra-styles\" data-block-type=\"raw\" data-block-weight=\"5\" data-block-id=\"11\">\n<div class=\"content-intertitle\">\n<h2>Como se inscrever no Fies<\/h2>\n<\/div>\n<\/div>\n<div class=\"mc-column content-text active-extra-styles \" data-block-type=\"unstyled\" data-block-weight=\"9\" data-block-id=\"12\">\n<p class=\"content-text__container \" data-track-category=\"Link no Texto\" data-track-links=\"\">As inscri\u00e7\u00f5es s\u00e3o feitas pela internet no endere\u00e7o:\u00a0<a href=\"http:\/\/fies.mec.gov.br\/\" target=\"_blank\" rel=\"noopener noreferrer\">http:\/\/fies.mec.gov.br\/<\/a><\/p>\n<\/div>\n<div class=\"mc-column content-text active-extra-styles \" data-block-type=\"unstyled\" data-block-weight=\"15\" data-block-id=\"13\">\n<p class=\"content-text__container \" data-track-category=\"Link no Texto\" data-track-links=\"\">Basta inserir CPF, data de nascimento e o c\u00f3digo de verifica\u00e7\u00e3o que aparece na tela<\/p>\n<\/div>\n<div class=\"mc-column content-text active-extra-styles \" data-block-type=\"unstyled\" data-block-weight=\"25\" data-block-id=\"14\">\n<p class=\"content-text__container \" data-track-category=\"Link no Texto\" data-track-links=\"\">O candidato n\u00e3o pode ter zerado a reda\u00e7\u00e3o e tem que ter tirado mais que 450 nas provas do Exame Nacional do Ensino M\u00e9dio (Enem)<\/p>\n<\/div>\n<div class=\"mc-column content-text active-extra-styles \" data-block-type=\"unstyled\" data-block-weight=\"26\" data-block-id=\"15\">\n<p class=\"content-text__container \" data-track-category=\"Link no Texto\" data-track-links=\"\">De acordo com o Minist\u00e9rio da Educa\u00e7\u00e3o (MEC), ser\u00e3o oferecidos<strong>\u00a070 mil contratos para o Fies,<\/strong>\u00a0enquanto para o P-Fies n\u00e3o h\u00e1 limite pr\u00e9-estabelecido de vagas.<\/p>\n<\/div>\n<div class=\"mc-column content-text active-extra-styles\" data-block-type=\"raw\" data-block-weight=\"7\" data-block-id=\"16\">\n<div class=\"content-intertitle\">\n<h2>Cronograma do primeiro semestre do Fies 2020:<\/h2>\n<\/div>\n<\/div>\n<div class=\"mc-column content-text active-extra-styles\" data-block-type=\"raw\" data-block-weight=\"31\" data-block-id=\"17\">\n<ul class=\"content-unordered-list\">\n<li><strong>Pr\u00e9-sele\u00e7\u00e3o:\u00a0<\/strong>26 de fevereiro<\/li>\n<li><strong>Complementa\u00e7\u00e3o da inscri\u00e7\u00e3o na modalidade Fies:\u00a0<\/strong>27 de fevereiro a 2 de mar\u00e7o de 2020<\/li>\n<li><strong>Chamada da lista de espera:<\/strong>\u00a026 de fevereiro a 31 de mar\u00e7o<\/li>\n<\/ul>\n<\/div>\n<div class=\"mc-column content-text active-extra-styles\" data-block-type=\"raw\" data-block-weight=\"3\" data-block-id=\"18\">\n<div class=\"content-intertitle\">\n<h2>V\u00eddeos sobre Fies<\/h2>\n<\/div>\n<\/div>\n<div class=\"mc-column content-media content-video\" data-block-type=\"backstage-video\" data-block-id=\"19\">\n<div class=\"content-media__container\">\n<div class=\"content-video__bigger-player-description-fixer content-media__container--loaded\">\n<div class=\"content-video__placeholder\" data-video-id=\"8312859\"><img decoding=\"async\" class=\"content-video__placeholder__thumb\" title=\"Estudantes t\u00eam dificuldades para pagar o Fies\" src=\"https:\/\/s04.video.glbimg.com\/x720\/8312859.jpg\" alt=\"Estudantes t\u00eam dificuldades para pagar o Fies\" \/><\/div>\n<\/div>\n<p class=\"content-media__description\">Estudantes t\u00eam dificuldades para pagar o Fies<\/p>\n<\/div>\n<\/div>\n<div class=\"mc-column content-media content-video\" data-block-type=\"backstage-video\" data-block-id=\"20\">\n<div class=\"content-media__container\">\n<div class=\"content-video__bigger-player-description-fixer content-media__container--loaded\">\n<div class=\"content-video__height\"><\/div>\n<div class=\"content-video__placeholder\" data-video-id=\"8070808\"><img decoding=\"async\" class=\"content-video__placeholder__thumb\" title=\"Antes do Fies, o aluno deve planejar as finan\u00e7as pessoais\" src=\"https:\/\/s01.video.glbimg.com\/x720\/8070808.jpg\" alt=\"Antes do Fies, o aluno deve planejar as finan\u00e7as pessoais\" \/><\/div>\n<\/div>\n<p class=\"content-media__description\">Antes do Fies, o aluno deve planejar as finan\u00e7as pessoais<\/p>\n<\/div>\n<\/div>\n<div data-track-category=\"multicontent\" data-track-action=\"ultimo chunk conteudo\" data-track-noninteraction=\"false\" data-track-scroll=\"view\">\n<div class=\"mc-column content-media content-video\" data-block-type=\"backstage-video\" data-block-id=\"22\">\n<div class=\"content-media__container\">\n<div class=\"content-video__bigger-player-description-fixer content-media__container--loaded\">\n<div class=\"content-video__height\"><\/div>\n<div class=\"content-video__placeholder\" data-video-id=\"8196763\"><img decoding=\"async\" class=\"content-video__placeholder__thumb\" title=\"MEC publica resolu\u00e7\u00e3o que altera regras do Fies\" src=\"https:\/\/s04.video.glbimg.com\/x720\/8196763.jpg\" alt=\"MEC publica resolu\u00e7\u00e3o que altera regras do Fies\" \/><\/div>\n<\/div>\n<p class=\"content-media__description\">MEC publica resolu\u00e7\u00e3o que altera regras do Fies<\/p>\n<\/div>\n<\/div>\n<\/div>\n<\/div>\n<\/article>\n<\/div>\n","protected":false},"excerpt":{"rendered":"<p>G1 &#8211;\u00a0 As inscri\u00e7\u00f5es para o Fundo de Financiamento Estudantil (Fies) e para o Programa de Financiamento Estudantil (P-Fies) do primeiro semestre de 2020 se encerram nesta sexta-feira (14). Os interessados poder\u00e3o se candidatar at\u00e9 as 23h59. A data foi prorrogada pelo Minist\u00e9rio da Educa\u00e7\u00e3o (MEC) na quarta-feira (12). No primeiro semestre, s\u00e3o ofertados 70 mil contratos a juro zero. J\u00e1 no segundo semestre de 2020, ser\u00e3o oferecidos 30 mil novos contratos. Estudantes que fizeram o Enem a partir de 2010 podem se candidatar ao financiamento. Fies teve inscri\u00e7\u00f5es prorrogadas at\u00e9 a sexta-feira(14) \u2014 Foto: Reprodu\u00e7\u00e3o site Fies Diferen\u00e7a entre Fies e P-fies Na modalidade\u00a0Fies, s\u00e3o oferecidas vagas com juro zero para os estudantes com uma renda per capita mensal&hellip; <\/p>\n","protected":false},"author":1,"featured_media":136515,"comment_status":"closed","ping_status":"closed","sticky":false,"template":"","format":"standard","meta":{"_acf_changed":false,"footnotes":""},"categories":[6],"tags":[],"class_list":["post-250200","post","type-post","status-publish","format-standard","has-post-thumbnail","hentry","category-educacao"],"acf":[],"yoast_head":"<!-- This site is optimized with the Yoast SEO plugin v27.4 - https:\/\/yoast.com\/product\/yoast-seo-wordpress\/ -->\n<title>Fies 2020 encerra nesta sexta inscri\u00e7\u00f5es para a sele\u00e7\u00e3o do 1\u00ba semestre - Blog do Farn\u00e9sio<\/title>\n<meta name=\"robots\" content=\"index, follow, max-snippet:-1, max-image-preview:large, max-video-preview:-1\" \/>\n<link rel=\"canonical\" href=\"https:\/\/blogdofarnesio.com.br\/?p=250200\" \/>\n<meta property=\"og:locale\" content=\"pt_BR\" \/>\n<meta property=\"og:type\" content=\"article\" \/>\n<meta property=\"og:title\" content=\"Fies 2020 encerra nesta sexta inscri\u00e7\u00f5es para a sele\u00e7\u00e3o do 1\u00ba semestre - Blog do Farn\u00e9sio\" \/>\n<meta property=\"og:description\" content=\"G1 &#8211;\u00a0 As inscri\u00e7\u00f5es para o Fundo de Financiamento Estudantil (Fies) e para o Programa de Financiamento Estudantil (P-Fies) do primeiro semestre de 2020 se encerram nesta sexta-feira (14). Os interessados poder\u00e3o se candidatar at\u00e9 as 23h59. A data foi prorrogada pelo Minist\u00e9rio da Educa\u00e7\u00e3o (MEC) na quarta-feira (12). No primeiro semestre, s\u00e3o ofertados 70 mil contratos a juro zero. J\u00e1 no segundo semestre de 2020, ser\u00e3o oferecidos 30 mil novos contratos. Estudantes que fizeram o Enem a partir de 2010 podem se candidatar ao financiamento. Fies teve inscri\u00e7\u00f5es prorrogadas at\u00e9 a sexta-feira(14) \u2014 Foto: Reprodu\u00e7\u00e3o site Fies Diferen\u00e7a entre Fies e P-fies Na modalidade\u00a0Fies, s\u00e3o oferecidas vagas com juro zero para os estudantes com uma renda per capita mensal&hellip;\" \/>\n<meta property=\"og:url\" content=\"https:\/\/blogdofarnesio.com.br\/?p=250200\" \/>\n<meta property=\"og:site_name\" content=\"Blog do Farn\u00e9sio\" \/>\n<meta property=\"article:publisher\" content=\"https:\/\/www.facebook.com\/BlogQuerSaberPolitica\/\" \/>\n<meta property=\"article:published_time\" content=\"2020-02-14T14:32:47+00:00\" \/>\n<meta property=\"og:image\" content=\"https:\/\/blogdofarnesio.com.br\/wp-content\/uploads\/2016\/01\/blogqsp-fies-11.jpg\" \/>\n\t<meta property=\"og:image:width\" content=\"662\" \/>\n\t<meta property=\"og:image:height\" content=\"322\" \/>\n\t<meta property=\"og:image:type\" content=\"image\/jpeg\" \/>\n<meta name=\"author\" content=\"Farn\u00e9sio\" \/>\n<meta name=\"twitter:card\" content=\"summary_large_image\" \/>\n<meta name=\"twitter:label1\" content=\"Escrito por\" \/>\n\t<meta name=\"twitter:data1\" content=\"Farn\u00e9sio\" \/>\n\t<meta name=\"twitter:label2\" content=\"Est. tempo de leitura\" \/>\n\t<meta name=\"twitter:data2\" content=\"2 minutos\" \/>\n<script type=\"application\/ld+json\" class=\"yoast-schema-graph\">{\"@context\":\"https:\\\/\\\/schema.org\",\"@graph\":[{\"@type\":\"Article\",\"@id\":\"https:\\\/\\\/blogdofarnesio.com.br\\\/?p=250200#article\",\"isPartOf\":{\"@id\":\"https:\\\/\\\/blogdofarnesio.com.br\\\/?p=250200\"},\"author\":{\"name\":\"Farn\u00e9sio\",\"@id\":\"https:\\\/\\\/blogdofarnesio.com.br\\\/#\\\/schema\\\/person\\\/301c4acf522bccbfdb45af95b5b906a1\"},\"headline\":\"Fies 2020 encerra nesta sexta inscri\u00e7\u00f5es para a sele\u00e7\u00e3o do 1\u00ba semestre\",\"datePublished\":\"2020-02-14T14:32:47+00:00\",\"mainEntityOfPage\":{\"@id\":\"https:\\\/\\\/blogdofarnesio.com.br\\\/?p=250200\"},\"wordCount\":400,\"publisher\":{\"@id\":\"https:\\\/\\\/blogdofarnesio.com.br\\\/#organization\"},\"image\":{\"@id\":\"https:\\\/\\\/blogdofarnesio.com.br\\\/?p=250200#primaryimage\"},\"thumbnailUrl\":\"https:\\\/\\\/blogdofarnesio.com.br\\\/wp-content\\\/uploads\\\/2016\\\/01\\\/blogqsp-fies-11.jpg\",\"articleSection\":[\"Educa\u00e7\u00e3o\"],\"inLanguage\":\"pt-BR\"},{\"@type\":\"WebPage\",\"@id\":\"https:\\\/\\\/blogdofarnesio.com.br\\\/?p=250200\",\"url\":\"https:\\\/\\\/blogdofarnesio.com.br\\\/?p=250200\",\"name\":\"Fies 2020 encerra nesta sexta inscri\u00e7\u00f5es para a sele\u00e7\u00e3o do 1\u00ba semestre - Blog do Farn\u00e9sio\",\"isPartOf\":{\"@id\":\"https:\\\/\\\/blogdofarnesio.com.br\\\/#website\"},\"primaryImageOfPage\":{\"@id\":\"https:\\\/\\\/blogdofarnesio.com.br\\\/?p=250200#primaryimage\"},\"image\":{\"@id\":\"https:\\\/\\\/blogdofarnesio.com.br\\\/?p=250200#primaryimage\"},\"thumbnailUrl\":\"https:\\\/\\\/blogdofarnesio.com.br\\\/wp-content\\\/uploads\\\/2016\\\/01\\\/blogqsp-fies-11.jpg\",\"datePublished\":\"2020-02-14T14:32:47+00:00\",\"breadcrumb\":{\"@id\":\"https:\\\/\\\/blogdofarnesio.com.br\\\/?p=250200#breadcrumb\"},\"inLanguage\":\"pt-BR\",\"potentialAction\":[{\"@type\":\"ReadAction\",\"target\":[\"https:\\\/\\\/blogdofarnesio.com.br\\\/?p=250200\"]}]},{\"@type\":\"ImageObject\",\"inLanguage\":\"pt-BR\",\"@id\":\"https:\\\/\\\/blogdofarnesio.com.br\\\/?p=250200#primaryimage\",\"url\":\"https:\\\/\\\/blogdofarnesio.com.br\\\/wp-content\\\/uploads\\\/2016\\\/01\\\/blogqsp-fies-11.jpg\",\"contentUrl\":\"https:\\\/\\\/blogdofarnesio.com.br\\\/wp-content\\\/uploads\\\/2016\\\/01\\\/blogqsp-fies-11.jpg\",\"width\":662,\"height\":322},{\"@type\":\"BreadcrumbList\",\"@id\":\"https:\\\/\\\/blogdofarnesio.com.br\\\/?p=250200#breadcrumb\",\"itemListElement\":[{\"@type\":\"ListItem\",\"position\":1,\"name\":\"In\u00edcio\",\"item\":\"https:\\\/\\\/blogdofarnesio.com.br\\\/\"},{\"@type\":\"ListItem\",\"position\":2,\"name\":\"Fies 2020 encerra nesta sexta inscri\u00e7\u00f5es para a sele\u00e7\u00e3o do 1\u00ba semestre\"}]},{\"@type\":\"WebSite\",\"@id\":\"https:\\\/\\\/blogdofarnesio.com.br\\\/#website\",\"url\":\"https:\\\/\\\/blogdofarnesio.com.br\\\/\",\"name\":\"Blog do Farn\u00e9sio\",\"description\":\"Quer Saber Pol\u00edtica?\",\"publisher\":{\"@id\":\"https:\\\/\\\/blogdofarnesio.com.br\\\/#organization\"},\"potentialAction\":[{\"@type\":\"SearchAction\",\"target\":{\"@type\":\"EntryPoint\",\"urlTemplate\":\"https:\\\/\\\/blogdofarnesio.com.br\\\/?s={search_term_string}\"},\"query-input\":{\"@type\":\"PropertyValueSpecification\",\"valueRequired\":true,\"valueName\":\"search_term_string\"}}],\"inLanguage\":\"pt-BR\"},{\"@type\":\"Organization\",\"@id\":\"https:\\\/\\\/blogdofarnesio.com.br\\\/#organization\",\"name\":\"Blog do Farn\u00e9sio\",\"url\":\"https:\\\/\\\/blogdofarnesio.com.br\\\/\",\"logo\":{\"@type\":\"ImageObject\",\"inLanguage\":\"pt-BR\",\"@id\":\"https:\\\/\\\/blogdofarnesio.com.br\\\/#\\\/schema\\\/logo\\\/image\\\/\",\"url\":\"https:\\\/\\\/blogdofarnesio.com.br\\\/wp-content\\\/uploads\\\/2026\\\/03\\\/cropped-logo_new-1.png\",\"contentUrl\":\"https:\\\/\\\/blogdofarnesio.com.br\\\/wp-content\\\/uploads\\\/2026\\\/03\\\/cropped-logo_new-1.png\",\"width\":881,\"height\":685,\"caption\":\"Blog do Farn\u00e9sio\"},\"image\":{\"@id\":\"https:\\\/\\\/blogdofarnesio.com.br\\\/#\\\/schema\\\/logo\\\/image\\\/\"},\"sameAs\":[\"https:\\\/\\\/www.facebook.com\\\/BlogQuerSaberPolitica\\\/\"]},{\"@type\":\"Person\",\"@id\":\"https:\\\/\\\/blogdofarnesio.com.br\\\/#\\\/schema\\\/person\\\/301c4acf522bccbfdb45af95b5b906a1\",\"name\":\"Farn\u00e9sio\",\"image\":{\"@type\":\"ImageObject\",\"inLanguage\":\"pt-BR\",\"@id\":\"https:\\\/\\\/secure.gravatar.com\\\/avatar\\\/df0c9a14567c056f8ad6876ba5bbd1e3e2c48023eb6807342fc4663adf549f38?s=96&d=mm&r=g\",\"url\":\"https:\\\/\\\/secure.gravatar.com\\\/avatar\\\/df0c9a14567c056f8ad6876ba5bbd1e3e2c48023eb6807342fc4663adf549f38?s=96&d=mm&r=g\",\"contentUrl\":\"https:\\\/\\\/secure.gravatar.com\\\/avatar\\\/df0c9a14567c056f8ad6876ba5bbd1e3e2c48023eb6807342fc4663adf549f38?s=96&d=mm&r=g\",\"caption\":\"Farn\u00e9sio\"},\"sameAs\":[\"https:\\\/\\\/quersaberpolitica.com.br\"],\"url\":\"https:\\\/\\\/blogdofarnesio.com.br\\\/?author=1\"}]}<\/script>\n<!-- \/ Yoast SEO plugin. -->","yoast_head_json":{"title":"Fies 2020 encerra nesta sexta inscri\u00e7\u00f5es para a sele\u00e7\u00e3o do 1\u00ba semestre - Blog do Farn\u00e9sio","robots":{"index":"index","follow":"follow","max-snippet":"max-snippet:-1","max-image-preview":"max-image-preview:large","max-video-preview":"max-video-preview:-1"},"canonical":"https:\/\/blogdofarnesio.com.br\/?p=250200","og_locale":"pt_BR","og_type":"article","og_title":"Fies 2020 encerra nesta sexta inscri\u00e7\u00f5es para a sele\u00e7\u00e3o do 1\u00ba semestre - Blog do Farn\u00e9sio","og_description":"G1 &#8211;\u00a0 As inscri\u00e7\u00f5es para o Fundo de Financiamento Estudantil (Fies) e para o Programa de Financiamento Estudantil (P-Fies) do primeiro semestre de 2020 se encerram nesta sexta-feira (14). Os interessados poder\u00e3o se candidatar at\u00e9 as 23h59. A data foi prorrogada pelo Minist\u00e9rio da Educa\u00e7\u00e3o (MEC) na quarta-feira (12). No primeiro semestre, s\u00e3o ofertados 70 mil contratos a juro zero. J\u00e1 no segundo semestre de 2020, ser\u00e3o oferecidos 30 mil novos contratos. Estudantes que fizeram o Enem a partir de 2010 podem se candidatar ao financiamento. Fies teve inscri\u00e7\u00f5es prorrogadas at\u00e9 a sexta-feira(14) \u2014 Foto: Reprodu\u00e7\u00e3o site Fies Diferen\u00e7a entre Fies e P-fies Na modalidade\u00a0Fies, s\u00e3o oferecidas vagas com juro zero para os estudantes com uma renda per capita mensal&hellip;","og_url":"https:\/\/blogdofarnesio.com.br\/?p=250200","og_site_name":"Blog do Farn\u00e9sio","article_publisher":"https:\/\/www.facebook.com\/BlogQuerSaberPolitica\/","article_published_time":"2020-02-14T14:32:47+00:00","og_image":[{"width":662,"height":322,"url":"https:\/\/blogdofarnesio.com.br\/wp-content\/uploads\/2016\/01\/blogqsp-fies-11.jpg","type":"image\/jpeg"}],"author":"Farn\u00e9sio","twitter_card":"summary_large_image","twitter_misc":{"Escrito por":"Farn\u00e9sio","Est. tempo de leitura":"2 minutos"},"schema":{"@context":"https:\/\/schema.org","@graph":[{"@type":"Article","@id":"https:\/\/blogdofarnesio.com.br\/?p=250200#article","isPartOf":{"@id":"https:\/\/blogdofarnesio.com.br\/?p=250200"},"author":{"name":"Farn\u00e9sio","@id":"https:\/\/blogdofarnesio.com.br\/#\/schema\/person\/301c4acf522bccbfdb45af95b5b906a1"},"headline":"Fies 2020 encerra nesta sexta inscri\u00e7\u00f5es para a sele\u00e7\u00e3o do 1\u00ba semestre","datePublished":"2020-02-14T14:32:47+00:00","mainEntityOfPage":{"@id":"https:\/\/blogdofarnesio.com.br\/?p=250200"},"wordCount":400,"publisher":{"@id":"https:\/\/blogdofarnesio.com.br\/#organization"},"image":{"@id":"https:\/\/blogdofarnesio.com.br\/?p=250200#primaryimage"},"thumbnailUrl":"https:\/\/blogdofarnesio.com.br\/wp-content\/uploads\/2016\/01\/blogqsp-fies-11.jpg","articleSection":["Educa\u00e7\u00e3o"],"inLanguage":"pt-BR"},{"@type":"WebPage","@id":"https:\/\/blogdofarnesio.com.br\/?p=250200","url":"https:\/\/blogdofarnesio.com.br\/?p=250200","name":"Fies 2020 encerra nesta sexta inscri\u00e7\u00f5es para a sele\u00e7\u00e3o do 1\u00ba semestre - Blog do Farn\u00e9sio","isPartOf":{"@id":"https:\/\/blogdofarnesio.com.br\/#website"},"primaryImageOfPage":{"@id":"https:\/\/blogdofarnesio.com.br\/?p=250200#primaryimage"},"image":{"@id":"https:\/\/blogdofarnesio.com.br\/?p=250200#primaryimage"},"thumbnailUrl":"https:\/\/blogdofarnesio.com.br\/wp-content\/uploads\/2016\/01\/blogqsp-fies-11.jpg","datePublished":"2020-02-14T14:32:47+00:00","breadcrumb":{"@id":"https:\/\/blogdofarnesio.com.br\/?p=250200#breadcrumb"},"inLanguage":"pt-BR","potentialAction":[{"@type":"ReadAction","target":["https:\/\/blogdofarnesio.com.br\/?p=250200"]}]},{"@type":"ImageObject","inLanguage":"pt-BR","@id":"https:\/\/blogdofarnesio.com.br\/?p=250200#primaryimage","url":"https:\/\/blogdofarnesio.com.br\/wp-content\/uploads\/2016\/01\/blogqsp-fies-11.jpg","contentUrl":"https:\/\/blogdofarnesio.com.br\/wp-content\/uploads\/2016\/01\/blogqsp-fies-11.jpg","width":662,"height":322},{"@type":"BreadcrumbList","@id":"https:\/\/blogdofarnesio.com.br\/?p=250200#breadcrumb","itemListElement":[{"@type":"ListItem","position":1,"name":"In\u00edcio","item":"https:\/\/blogdofarnesio.com.br\/"},{"@type":"ListItem","position":2,"name":"Fies 2020 encerra nesta sexta inscri\u00e7\u00f5es para a sele\u00e7\u00e3o do 1\u00ba semestre"}]},{"@type":"WebSite","@id":"https:\/\/blogdofarnesio.com.br\/#website","url":"https:\/\/blogdofarnesio.com.br\/","name":"Blog do Farn\u00e9sio","description":"Quer Saber Pol\u00edtica?","publisher":{"@id":"https:\/\/blogdofarnesio.com.br\/#organization"},"potentialAction":[{"@type":"SearchAction","target":{"@type":"EntryPoint","urlTemplate":"https:\/\/blogdofarnesio.com.br\/?s={search_term_string}"},"query-input":{"@type":"PropertyValueSpecification","valueRequired":true,"valueName":"search_term_string"}}],"inLanguage":"pt-BR"},{"@type":"Organization","@id":"https:\/\/blogdofarnesio.com.br\/#organization","name":"Blog do Farn\u00e9sio","url":"https:\/\/blogdofarnesio.com.br\/","logo":{"@type":"ImageObject","inLanguage":"pt-BR","@id":"https:\/\/blogdofarnesio.com.br\/#\/schema\/logo\/image\/","url":"https:\/\/blogdofarnesio.com.br\/wp-content\/uploads\/2026\/03\/cropped-logo_new-1.png","contentUrl":"https:\/\/blogdofarnesio.com.br\/wp-content\/uploads\/2026\/03\/cropped-logo_new-1.png","width":881,"height":685,"caption":"Blog do Farn\u00e9sio"},"image":{"@id":"https:\/\/blogdofarnesio.com.br\/#\/schema\/logo\/image\/"},"sameAs":["https:\/\/www.facebook.com\/BlogQuerSaberPolitica\/"]},{"@type":"Person","@id":"https:\/\/blogdofarnesio.com.br\/#\/schema\/person\/301c4acf522bccbfdb45af95b5b906a1","name":"Farn\u00e9sio","image":{"@type":"ImageObject","inLanguage":"pt-BR","@id":"https:\/\/secure.gravatar.com\/avatar\/df0c9a14567c056f8ad6876ba5bbd1e3e2c48023eb6807342fc4663adf549f38?s=96&d=mm&r=g","url":"https:\/\/secure.gravatar.com\/avatar\/df0c9a14567c056f8ad6876ba5bbd1e3e2c48023eb6807342fc4663adf549f38?s=96&d=mm&r=g","contentUrl":"https:\/\/secure.gravatar.com\/avatar\/df0c9a14567c056f8ad6876ba5bbd1e3e2c48023eb6807342fc4663adf549f38?s=96&d=mm&r=g","caption":"Farn\u00e9sio"},"sameAs":["https:\/\/quersaberpolitica.com.br"],"url":"https:\/\/blogdofarnesio.com.br\/?author=1"}]}},"_links":{"self":[{"href":"https:\/\/blogdofarnesio.com.br\/index.php?rest_route=\/wp\/v2\/posts\/250200","targetHints":{"allow":["GET"]}}],"collection":[{"href":"https:\/\/blogdofarnesio.com.br\/index.php?rest_route=\/wp\/v2\/posts"}],"about":[{"href":"https:\/\/blogdofarnesio.com.br\/index.php?rest_route=\/wp\/v2\/types\/post"}],"author":[{"embeddable":true,"href":"https:\/\/blogdofarnesio.com.br\/index.php?rest_route=\/wp\/v2\/users\/1"}],"replies":[{"embeddable":true,"href":"https:\/\/blogdofarnesio.com.br\/index.php?rest_route=%2Fwp%2Fv2%2Fcomments&post=250200"}],"version-history":[{"count":0,"href":"https:\/\/blogdofarnesio.com.br\/index.php?rest_route=\/wp\/v2\/posts\/250200\/revisions"}],"wp:featuredmedia":[{"embeddable":true,"href":"https:\/\/blogdofarnesio.com.br\/index.php?rest_route=\/wp\/v2\/media\/136515"}],"wp:attachment":[{"href":"https:\/\/blogdofarnesio.com.br\/index.php?rest_route=%2Fwp%2Fv2%2Fmedia&parent=250200"}],"wp:term":[{"taxonomy":"category","embeddable":true,"href":"https:\/\/blogdofarnesio.com.br\/index.php?rest_route=%2Fwp%2Fv2%2Fcategories&post=250200"},{"taxonomy":"post_tag","embeddable":true,"href":"https:\/\/blogdofarnesio.com.br\/index.php?rest_route=%2Fwp%2Fv2%2Ftags&post=250200"}],"curies":[{"name":"wp","href":"https:\/\/api.w.org\/{rel}","templated":true}]}}