{"id":250198,"date":"2020-02-14T09:00:09","date_gmt":"2020-02-14T12:00:09","guid":{"rendered":"http:\/\/quersaberpolitica.com.br\/2016\/?p=250198"},"modified":"2020-02-14T08:47:13","modified_gmt":"2020-02-14T11:47:13","slug":"pf-apreende-e-queima-mais-de-mil-quilos-de-maconha-no-sertao-de-pernambuco","status":"publish","type":"post","link":"https:\/\/blogdofarnesio.com.br\/?p=250198","title":{"rendered":"PF apreende e queima mais de mil quilos de maconha no Sert\u00e3o de Pernambuco"},"content":{"rendered":"<div class=\"credito-foto\"><\/div>\n<div class=\"campo-subassinatura\">\n<p><span class=\"nome-subassinatura\">Marcelo Apr\u00edgio\/<strong>Jconline &#8211;\u00a0<\/strong><\/span><\/p>\n<\/div>\n<div id=\"noticia_corpodanoticia\" class=\"t13 manipularFonte\">\n<p>A Pol\u00edcia Federal (PF), em a\u00e7\u00e3o conjunta com a Pol\u00edcia Militar (PM), apreendeu e incinerou 50 sacos de\u00a0<strong>maconha<\/strong> pronta para consumo nessa quinta-feira (13) na Zona Rural de Floresta, no Sert\u00e3o de Pernambuco. Os policiais tamb\u00e9m encontraram um quilo de haxixe, nome dado \u00e0 maconha potencializada.<\/p>\n<p>De acordo com a PF, cada saco de maconha tinha cerca de 20,5 quilos, que, somados, totalizavam aproximadamente 1.030 quilos. Os policiais disseram ainda que a droga foi encontrada escondida embaixo de um umbuzeiro.<\/p>\n<p>A PF tamb\u00e9m informou que as opera\u00e7\u00f5es de erradica\u00e7\u00e3o de maconha em Pernambuco t\u00eam tirado o tempo de produ\u00e7\u00e3o da droga, o que tem levado a importa\u00e7\u00e3o da maconha para o Paraguai. A mudan\u00e7a tem sido mostrada pelo aumento de apreens\u00f5es feitas pela pol\u00edcia no pa\u00eds vizinho.<\/p>\n<h2>Menos viol\u00eancia<\/h2>\n<p>Ainda segundo a PF, as opera\u00e7\u00f5es tamb\u00e9m t\u00eam diminu\u00eddo o n\u00famero de crimes ligados ao tr\u00e1fico na regi\u00e3o, como assaltos, homic\u00eddios e guerra entre grupos criminosos. &#8220;Cada ponto de venda de droga desabastecido, significa um foco a menos de viol\u00eancia&#8221;, disse a PF em nota.<\/p>\n<\/div>\n","protected":false},"excerpt":{"rendered":"<p>Marcelo Apr\u00edgio\/Jconline &#8211;\u00a0 A Pol\u00edcia Federal (PF), em a\u00e7\u00e3o conjunta com a Pol\u00edcia Militar (PM), apreendeu e incinerou 50 sacos de\u00a0maconha pronta para consumo nessa quinta-feira (13) na Zona Rural de Floresta, no Sert\u00e3o de Pernambuco. Os policiais tamb\u00e9m encontraram um quilo de haxixe, nome dado \u00e0 maconha potencializada. De acordo com a PF, cada saco de maconha tinha cerca de 20,5 quilos, que, somados, totalizavam aproximadamente 1.030 quilos. Os policiais disseram ainda que a droga foi encontrada escondida embaixo de um umbuzeiro. A PF tamb\u00e9m informou que as opera\u00e7\u00f5es de erradica\u00e7\u00e3o de maconha em Pernambuco t\u00eam tirado o tempo de produ\u00e7\u00e3o da droga, o que tem levado a importa\u00e7\u00e3o da maconha para o Paraguai. A mudan\u00e7a tem sido mostrada&hellip; <\/p>\n","protected":false},"author":1,"featured_media":227729,"comment_status":"closed","ping_status":"closed","sticky":false,"template":"","format":"standard","meta":{"_acf_changed":false,"footnotes":""},"categories":[9],"tags":[],"class_list":["post-250198","post","type-post","status-publish","format-standard","has-post-thumbnail","hentry","category-policia"],"acf":[],"yoast_head":"<!-- This site is optimized with the Yoast SEO plugin v27.4 - https:\/\/yoast.com\/product\/yoast-seo-wordpress\/ -->\n<title>PF apreende e queima mais de mil quilos de maconha no Sert\u00e3o de Pernambuco - Blog do Farn\u00e9sio<\/title>\n<meta name=\"robots\" content=\"index, follow, max-snippet:-1, max-image-preview:large, max-video-preview:-1\" \/>\n<link rel=\"canonical\" href=\"https:\/\/blogdofarnesio.com.br\/?p=250198\" \/>\n<meta property=\"og:locale\" content=\"pt_BR\" \/>\n<meta property=\"og:type\" content=\"article\" \/>\n<meta property=\"og:title\" content=\"PF apreende e queima mais de mil quilos de maconha no Sert\u00e3o de Pernambuco - Blog do Farn\u00e9sio\" \/>\n<meta property=\"og:description\" content=\"Marcelo Apr\u00edgio\/Jconline &#8211;\u00a0 A Pol\u00edcia Federal (PF), em a\u00e7\u00e3o conjunta com a Pol\u00edcia Militar (PM), apreendeu e incinerou 50 sacos de\u00a0maconha pronta para consumo nessa quinta-feira (13) na Zona Rural de Floresta, no Sert\u00e3o de Pernambuco. Os policiais tamb\u00e9m encontraram um quilo de haxixe, nome dado \u00e0 maconha potencializada. De acordo com a PF, cada saco de maconha tinha cerca de 20,5 quilos, que, somados, totalizavam aproximadamente 1.030 quilos. Os policiais disseram ainda que a droga foi encontrada escondida embaixo de um umbuzeiro. A PF tamb\u00e9m informou que as opera\u00e7\u00f5es de erradica\u00e7\u00e3o de maconha em Pernambuco t\u00eam tirado o tempo de produ\u00e7\u00e3o da droga, o que tem levado a importa\u00e7\u00e3o da maconha para o Paraguai. A mudan\u00e7a tem sido mostrada&hellip;\" \/>\n<meta property=\"og:url\" content=\"https:\/\/blogdofarnesio.com.br\/?p=250198\" \/>\n<meta property=\"og:site_name\" content=\"Blog do Farn\u00e9sio\" \/>\n<meta property=\"article:publisher\" content=\"https:\/\/www.facebook.com\/BlogQuerSaberPolitica\/\" \/>\n<meta property=\"article:published_time\" content=\"2020-02-14T12:00:09+00:00\" \/>\n<meta property=\"og:image\" content=\"https:\/\/blogdofarnesio.com.br\/wp-content\/uploads\/2019\/05\/blogqspjaguararimaconha.jpg\" \/>\n\t<meta property=\"og:image:width\" content=\"380\" \/>\n\t<meta property=\"og:image:height\" content=\"280\" \/>\n\t<meta property=\"og:image:type\" content=\"image\/jpeg\" \/>\n<meta name=\"author\" content=\"Farn\u00e9sio\" \/>\n<meta name=\"twitter:card\" content=\"summary_large_image\" \/>\n<meta name=\"twitter:label1\" content=\"Escrito por\" \/>\n\t<meta name=\"twitter:data1\" content=\"Farn\u00e9sio\" \/>\n\t<meta name=\"twitter:label2\" content=\"Est. tempo de leitura\" \/>\n\t<meta name=\"twitter:data2\" content=\"1 minuto\" \/>\n<script type=\"application\/ld+json\" class=\"yoast-schema-graph\">{\"@context\":\"https:\\\/\\\/schema.org\",\"@graph\":[{\"@type\":\"Article\",\"@id\":\"https:\\\/\\\/blogdofarnesio.com.br\\\/?p=250198#article\",\"isPartOf\":{\"@id\":\"https:\\\/\\\/blogdofarnesio.com.br\\\/?p=250198\"},\"author\":{\"name\":\"Farn\u00e9sio\",\"@id\":\"https:\\\/\\\/blogdofarnesio.com.br\\\/#\\\/schema\\\/person\\\/301c4acf522bccbfdb45af95b5b906a1\"},\"headline\":\"PF apreende e queima mais de mil quilos de maconha no Sert\u00e3o de Pernambuco\",\"datePublished\":\"2020-02-14T12:00:09+00:00\",\"mainEntityOfPage\":{\"@id\":\"https:\\\/\\\/blogdofarnesio.com.br\\\/?p=250198\"},\"wordCount\":215,\"publisher\":{\"@id\":\"https:\\\/\\\/blogdofarnesio.com.br\\\/#organization\"},\"image\":{\"@id\":\"https:\\\/\\\/blogdofarnesio.com.br\\\/?p=250198#primaryimage\"},\"thumbnailUrl\":\"https:\\\/\\\/blogdofarnesio.com.br\\\/wp-content\\\/uploads\\\/2019\\\/05\\\/blogqspjaguararimaconha.jpg\",\"articleSection\":[\"Pol\u00edcia\"],\"inLanguage\":\"pt-BR\"},{\"@type\":\"WebPage\",\"@id\":\"https:\\\/\\\/blogdofarnesio.com.br\\\/?p=250198\",\"url\":\"https:\\\/\\\/blogdofarnesio.com.br\\\/?p=250198\",\"name\":\"PF apreende e queima mais de mil quilos de maconha no Sert\u00e3o de Pernambuco - Blog do Farn\u00e9sio\",\"isPartOf\":{\"@id\":\"https:\\\/\\\/blogdofarnesio.com.br\\\/#website\"},\"primaryImageOfPage\":{\"@id\":\"https:\\\/\\\/blogdofarnesio.com.br\\\/?p=250198#primaryimage\"},\"image\":{\"@id\":\"https:\\\/\\\/blogdofarnesio.com.br\\\/?p=250198#primaryimage\"},\"thumbnailUrl\":\"https:\\\/\\\/blogdofarnesio.com.br\\\/wp-content\\\/uploads\\\/2019\\\/05\\\/blogqspjaguararimaconha.jpg\",\"datePublished\":\"2020-02-14T12:00:09+00:00\",\"breadcrumb\":{\"@id\":\"https:\\\/\\\/blogdofarnesio.com.br\\\/?p=250198#breadcrumb\"},\"inLanguage\":\"pt-BR\",\"potentialAction\":[{\"@type\":\"ReadAction\",\"target\":[\"https:\\\/\\\/blogdofarnesio.com.br\\\/?p=250198\"]}]},{\"@type\":\"ImageObject\",\"inLanguage\":\"pt-BR\",\"@id\":\"https:\\\/\\\/blogdofarnesio.com.br\\\/?p=250198#primaryimage\",\"url\":\"https:\\\/\\\/blogdofarnesio.com.br\\\/wp-content\\\/uploads\\\/2019\\\/05\\\/blogqspjaguararimaconha.jpg\",\"contentUrl\":\"https:\\\/\\\/blogdofarnesio.com.br\\\/wp-content\\\/uploads\\\/2019\\\/05\\\/blogqspjaguararimaconha.jpg\",\"width\":380,\"height\":280,\"caption\":\"Imagem Ilustrativa\"},{\"@type\":\"BreadcrumbList\",\"@id\":\"https:\\\/\\\/blogdofarnesio.com.br\\\/?p=250198#breadcrumb\",\"itemListElement\":[{\"@type\":\"ListItem\",\"position\":1,\"name\":\"In\u00edcio\",\"item\":\"https:\\\/\\\/blogdofarnesio.com.br\\\/\"},{\"@type\":\"ListItem\",\"position\":2,\"name\":\"PF apreende e queima mais de mil quilos de maconha no Sert\u00e3o de Pernambuco\"}]},{\"@type\":\"WebSite\",\"@id\":\"https:\\\/\\\/blogdofarnesio.com.br\\\/#website\",\"url\":\"https:\\\/\\\/blogdofarnesio.com.br\\\/\",\"name\":\"Blog do Farn\u00e9sio\",\"description\":\"Quer Saber Pol\u00edtica?\",\"publisher\":{\"@id\":\"https:\\\/\\\/blogdofarnesio.com.br\\\/#organization\"},\"potentialAction\":[{\"@type\":\"SearchAction\",\"target\":{\"@type\":\"EntryPoint\",\"urlTemplate\":\"https:\\\/\\\/blogdofarnesio.com.br\\\/?s={search_term_string}\"},\"query-input\":{\"@type\":\"PropertyValueSpecification\",\"valueRequired\":true,\"valueName\":\"search_term_string\"}}],\"inLanguage\":\"pt-BR\"},{\"@type\":\"Organization\",\"@id\":\"https:\\\/\\\/blogdofarnesio.com.br\\\/#organization\",\"name\":\"Blog do Farn\u00e9sio\",\"url\":\"https:\\\/\\\/blogdofarnesio.com.br\\\/\",\"logo\":{\"@type\":\"ImageObject\",\"inLanguage\":\"pt-BR\",\"@id\":\"https:\\\/\\\/blogdofarnesio.com.br\\\/#\\\/schema\\\/logo\\\/image\\\/\",\"url\":\"https:\\\/\\\/blogdofarnesio.com.br\\\/wp-content\\\/uploads\\\/2026\\\/03\\\/cropped-logo_new-1.png\",\"contentUrl\":\"https:\\\/\\\/blogdofarnesio.com.br\\\/wp-content\\\/uploads\\\/2026\\\/03\\\/cropped-logo_new-1.png\",\"width\":881,\"height\":685,\"caption\":\"Blog do Farn\u00e9sio\"},\"image\":{\"@id\":\"https:\\\/\\\/blogdofarnesio.com.br\\\/#\\\/schema\\\/logo\\\/image\\\/\"},\"sameAs\":[\"https:\\\/\\\/www.facebook.com\\\/BlogQuerSaberPolitica\\\/\"]},{\"@type\":\"Person\",\"@id\":\"https:\\\/\\\/blogdofarnesio.com.br\\\/#\\\/schema\\\/person\\\/301c4acf522bccbfdb45af95b5b906a1\",\"name\":\"Farn\u00e9sio\",\"image\":{\"@type\":\"ImageObject\",\"inLanguage\":\"pt-BR\",\"@id\":\"https:\\\/\\\/secure.gravatar.com\\\/avatar\\\/df0c9a14567c056f8ad6876ba5bbd1e3e2c48023eb6807342fc4663adf549f38?s=96&d=mm&r=g\",\"url\":\"https:\\\/\\\/secure.gravatar.com\\\/avatar\\\/df0c9a14567c056f8ad6876ba5bbd1e3e2c48023eb6807342fc4663adf549f38?s=96&d=mm&r=g\",\"contentUrl\":\"https:\\\/\\\/secure.gravatar.com\\\/avatar\\\/df0c9a14567c056f8ad6876ba5bbd1e3e2c48023eb6807342fc4663adf549f38?s=96&d=mm&r=g\",\"caption\":\"Farn\u00e9sio\"},\"sameAs\":[\"https:\\\/\\\/quersaberpolitica.com.br\"],\"url\":\"https:\\\/\\\/blogdofarnesio.com.br\\\/?author=1\"}]}<\/script>\n<!-- \/ Yoast SEO plugin. -->","yoast_head_json":{"title":"PF apreende e queima mais de mil quilos de maconha no Sert\u00e3o de Pernambuco - Blog do Farn\u00e9sio","robots":{"index":"index","follow":"follow","max-snippet":"max-snippet:-1","max-image-preview":"max-image-preview:large","max-video-preview":"max-video-preview:-1"},"canonical":"https:\/\/blogdofarnesio.com.br\/?p=250198","og_locale":"pt_BR","og_type":"article","og_title":"PF apreende e queima mais de mil quilos de maconha no Sert\u00e3o de Pernambuco - Blog do Farn\u00e9sio","og_description":"Marcelo Apr\u00edgio\/Jconline &#8211;\u00a0 A Pol\u00edcia Federal (PF), em a\u00e7\u00e3o conjunta com a Pol\u00edcia Militar (PM), apreendeu e incinerou 50 sacos de\u00a0maconha pronta para consumo nessa quinta-feira (13) na Zona Rural de Floresta, no Sert\u00e3o de Pernambuco. Os policiais tamb\u00e9m encontraram um quilo de haxixe, nome dado \u00e0 maconha potencializada. De acordo com a PF, cada saco de maconha tinha cerca de 20,5 quilos, que, somados, totalizavam aproximadamente 1.030 quilos. Os policiais disseram ainda que a droga foi encontrada escondida embaixo de um umbuzeiro. A PF tamb\u00e9m informou que as opera\u00e7\u00f5es de erradica\u00e7\u00e3o de maconha em Pernambuco t\u00eam tirado o tempo de produ\u00e7\u00e3o da droga, o que tem levado a importa\u00e7\u00e3o da maconha para o Paraguai. A mudan\u00e7a tem sido mostrada&hellip;","og_url":"https:\/\/blogdofarnesio.com.br\/?p=250198","og_site_name":"Blog do Farn\u00e9sio","article_publisher":"https:\/\/www.facebook.com\/BlogQuerSaberPolitica\/","article_published_time":"2020-02-14T12:00:09+00:00","og_image":[{"width":380,"height":280,"url":"https:\/\/blogdofarnesio.com.br\/wp-content\/uploads\/2019\/05\/blogqspjaguararimaconha.jpg","type":"image\/jpeg"}],"author":"Farn\u00e9sio","twitter_card":"summary_large_image","twitter_misc":{"Escrito por":"Farn\u00e9sio","Est. tempo de leitura":"1 minuto"},"schema":{"@context":"https:\/\/schema.org","@graph":[{"@type":"Article","@id":"https:\/\/blogdofarnesio.com.br\/?p=250198#article","isPartOf":{"@id":"https:\/\/blogdofarnesio.com.br\/?p=250198"},"author":{"name":"Farn\u00e9sio","@id":"https:\/\/blogdofarnesio.com.br\/#\/schema\/person\/301c4acf522bccbfdb45af95b5b906a1"},"headline":"PF apreende e queima mais de mil quilos de maconha no Sert\u00e3o de Pernambuco","datePublished":"2020-02-14T12:00:09+00:00","mainEntityOfPage":{"@id":"https:\/\/blogdofarnesio.com.br\/?p=250198"},"wordCount":215,"publisher":{"@id":"https:\/\/blogdofarnesio.com.br\/#organization"},"image":{"@id":"https:\/\/blogdofarnesio.com.br\/?p=250198#primaryimage"},"thumbnailUrl":"https:\/\/blogdofarnesio.com.br\/wp-content\/uploads\/2019\/05\/blogqspjaguararimaconha.jpg","articleSection":["Pol\u00edcia"],"inLanguage":"pt-BR"},{"@type":"WebPage","@id":"https:\/\/blogdofarnesio.com.br\/?p=250198","url":"https:\/\/blogdofarnesio.com.br\/?p=250198","name":"PF apreende e queima mais de mil quilos de maconha no Sert\u00e3o de Pernambuco - Blog do Farn\u00e9sio","isPartOf":{"@id":"https:\/\/blogdofarnesio.com.br\/#website"},"primaryImageOfPage":{"@id":"https:\/\/blogdofarnesio.com.br\/?p=250198#primaryimage"},"image":{"@id":"https:\/\/blogdofarnesio.com.br\/?p=250198#primaryimage"},"thumbnailUrl":"https:\/\/blogdofarnesio.com.br\/wp-content\/uploads\/2019\/05\/blogqspjaguararimaconha.jpg","datePublished":"2020-02-14T12:00:09+00:00","breadcrumb":{"@id":"https:\/\/blogdofarnesio.com.br\/?p=250198#breadcrumb"},"inLanguage":"pt-BR","potentialAction":[{"@type":"ReadAction","target":["https:\/\/blogdofarnesio.com.br\/?p=250198"]}]},{"@type":"ImageObject","inLanguage":"pt-BR","@id":"https:\/\/blogdofarnesio.com.br\/?p=250198#primaryimage","url":"https:\/\/blogdofarnesio.com.br\/wp-content\/uploads\/2019\/05\/blogqspjaguararimaconha.jpg","contentUrl":"https:\/\/blogdofarnesio.com.br\/wp-content\/uploads\/2019\/05\/blogqspjaguararimaconha.jpg","width":380,"height":280,"caption":"Imagem Ilustrativa"},{"@type":"BreadcrumbList","@id":"https:\/\/blogdofarnesio.com.br\/?p=250198#breadcrumb","itemListElement":[{"@type":"ListItem","position":1,"name":"In\u00edcio","item":"https:\/\/blogdofarnesio.com.br\/"},{"@type":"ListItem","position":2,"name":"PF apreende e queima mais de mil quilos de maconha no Sert\u00e3o de Pernambuco"}]},{"@type":"WebSite","@id":"https:\/\/blogdofarnesio.com.br\/#website","url":"https:\/\/blogdofarnesio.com.br\/","name":"Blog do Farn\u00e9sio","description":"Quer Saber Pol\u00edtica?","publisher":{"@id":"https:\/\/blogdofarnesio.com.br\/#organization"},"potentialAction":[{"@type":"SearchAction","target":{"@type":"EntryPoint","urlTemplate":"https:\/\/blogdofarnesio.com.br\/?s={search_term_string}"},"query-input":{"@type":"PropertyValueSpecification","valueRequired":true,"valueName":"search_term_string"}}],"inLanguage":"pt-BR"},{"@type":"Organization","@id":"https:\/\/blogdofarnesio.com.br\/#organization","name":"Blog do Farn\u00e9sio","url":"https:\/\/blogdofarnesio.com.br\/","logo":{"@type":"ImageObject","inLanguage":"pt-BR","@id":"https:\/\/blogdofarnesio.com.br\/#\/schema\/logo\/image\/","url":"https:\/\/blogdofarnesio.com.br\/wp-content\/uploads\/2026\/03\/cropped-logo_new-1.png","contentUrl":"https:\/\/blogdofarnesio.com.br\/wp-content\/uploads\/2026\/03\/cropped-logo_new-1.png","width":881,"height":685,"caption":"Blog do Farn\u00e9sio"},"image":{"@id":"https:\/\/blogdofarnesio.com.br\/#\/schema\/logo\/image\/"},"sameAs":["https:\/\/www.facebook.com\/BlogQuerSaberPolitica\/"]},{"@type":"Person","@id":"https:\/\/blogdofarnesio.com.br\/#\/schema\/person\/301c4acf522bccbfdb45af95b5b906a1","name":"Farn\u00e9sio","image":{"@type":"ImageObject","inLanguage":"pt-BR","@id":"https:\/\/secure.gravatar.com\/avatar\/df0c9a14567c056f8ad6876ba5bbd1e3e2c48023eb6807342fc4663adf549f38?s=96&d=mm&r=g","url":"https:\/\/secure.gravatar.com\/avatar\/df0c9a14567c056f8ad6876ba5bbd1e3e2c48023eb6807342fc4663adf549f38?s=96&d=mm&r=g","contentUrl":"https:\/\/secure.gravatar.com\/avatar\/df0c9a14567c056f8ad6876ba5bbd1e3e2c48023eb6807342fc4663adf549f38?s=96&d=mm&r=g","caption":"Farn\u00e9sio"},"sameAs":["https:\/\/quersaberpolitica.com.br"],"url":"https:\/\/blogdofarnesio.com.br\/?author=1"}]}},"_links":{"self":[{"href":"https:\/\/blogdofarnesio.com.br\/index.php?rest_route=\/wp\/v2\/posts\/250198","targetHints":{"allow":["GET"]}}],"collection":[{"href":"https:\/\/blogdofarnesio.com.br\/index.php?rest_route=\/wp\/v2\/posts"}],"about":[{"href":"https:\/\/blogdofarnesio.com.br\/index.php?rest_route=\/wp\/v2\/types\/post"}],"author":[{"embeddable":true,"href":"https:\/\/blogdofarnesio.com.br\/index.php?rest_route=\/wp\/v2\/users\/1"}],"replies":[{"embeddable":true,"href":"https:\/\/blogdofarnesio.com.br\/index.php?rest_route=%2Fwp%2Fv2%2Fcomments&post=250198"}],"version-history":[{"count":0,"href":"https:\/\/blogdofarnesio.com.br\/index.php?rest_route=\/wp\/v2\/posts\/250198\/revisions"}],"wp:featuredmedia":[{"embeddable":true,"href":"https:\/\/blogdofarnesio.com.br\/index.php?rest_route=\/wp\/v2\/media\/227729"}],"wp:attachment":[{"href":"https:\/\/blogdofarnesio.com.br\/index.php?rest_route=%2Fwp%2Fv2%2Fmedia&parent=250198"}],"wp:term":[{"taxonomy":"category","embeddable":true,"href":"https:\/\/blogdofarnesio.com.br\/index.php?rest_route=%2Fwp%2Fv2%2Fcategories&post=250198"},{"taxonomy":"post_tag","embeddable":true,"href":"https:\/\/blogdofarnesio.com.br\/index.php?rest_route=%2Fwp%2Fv2%2Ftags&post=250198"}],"curies":[{"name":"wp","href":"https:\/\/api.w.org\/{rel}","templated":true}]}}