{"id":250179,"date":"2020-02-14T08:03:02","date_gmt":"2020-02-14T11:03:02","guid":{"rendered":"http:\/\/quersaberpolitica.com.br\/2016\/?p=250179"},"modified":"2020-02-13T17:37:01","modified_gmt":"2020-02-13T20:37:01","slug":"o-encontro-de-lula-com-o-papa-francisco","status":"publish","type":"post","link":"https:\/\/blogdofarnesio.com.br\/?p=250179","title":{"rendered":"O encontro de Lula com o Papa Francisco"},"content":{"rendered":"<header class=\"entry-header\">\n<h1 class=\"entry-title\"><span style=\"font-size: 16px;\">O ex-presidente Lula postou fotos feitas por Ricardo Stucker de seu encontro com o Papa Francisco no Vaticano. Depois de ser condenado injustamente e ficar preso por mais de um ano, as coisas v\u00e3o ficando mais claras e justas para Lula.<\/span><\/h1>\n<\/header>\n<div class=\"entry-content\">\n<p>Veja o tu\u00edte:<\/p>\n<div class=\"SandboxRoot env-bp-350\" data-twitter-event-id=\"0\">\n<div id=\"twitter-widget-0\" class=\"EmbeddedTweet EmbeddedTweet--cta js-clickToOpenTarget\" lang=\"pt\" data-click-to-open-target=\"https:\/\/twitter.com\/LulaOficial\/status\/1227991234624598019\" data-iframe-title=\"Tweet do Twitter\" data-scribe=\"page:tweet\" data-twitter-event-id=\"1\">\n<div class=\"EmbeddedTweet-tweetContainer\">\n<div class=\"EmbeddedTweet-tweet\">\n<blockquote class=\"Tweet h-entry js-tweetIdInfo subject expanded\" cite=\"https:\/\/twitter.com\/LulaOficial\/status\/1227991234624598019\" data-tweet-id=\"1227991234624598019\" data-scribe=\"section:subject\">\n<div class=\"Tweet-header\">\n<p><a class=\"TweetAuthor-avatar Identity-avatar u-linkBlend\" href=\"https:\/\/twitter.com\/LulaOficial\" data-scribe=\"element:user_link\" aria-label=\"Lula (nome de tela: LulaOficial)\"><img decoding=\"async\" class=\"Avatar\" src=\"https:\/\/pbs.twimg.com\/profile_images\/1217527056755494912\/N3wvBsKK_normal.jpg\" alt=\"\" data-scribe=\"element:avatar\" data-src-2x=\"https:\/\/pbs.twimg.com\/profile_images\/1217527056755494912\/N3wvBsKK_bigger.jpg\" data-src-1x=\"https:\/\/pbs.twimg.com\/profile_images\/1217527056755494912\/N3wvBsKK_normal.jpg\" \/><\/a><\/p>\n<div class=\"TweetAuthor js-inViewportScribingTarget\" data-scribe=\"component:author\">\n<div class=\"TweetAuthor-nameScreenNameContainer\">\n<p><span class=\"TweetAuthor-decoratedName\"><span class=\"TweetAuthor-name Identity-name customisable-highlight\" title=\"Lula\" data-scribe=\"element:name\">Lula<\/span><\/span><\/p>\n<div class=\"Icon Icon--verified \" title=\"Conta Verificada\" role=\"img\" aria-label=\"Conta Verificada\"><\/div>\n<p><span class=\"TweetAuthor-decoratedName\"><span class=\"TweetAuthor-verifiedBadge\" data-scribe=\"element:verified_badge\"><b class=\"u-hiddenVisually\">\u2714<\/b><\/span><\/span><span class=\"TweetAuthor-screenName Identity-screenName\" dir=\"ltr\" title=\"@LulaOficial\" data-scribe=\"element:screen_name\">@LulaOficial<\/span><\/p>\n<\/div>\n<\/div>\n<div class=\"Tweet-brand\">\n<div class=\"Icon Icon--twitter \" title=\"Ver no Twitter\" role=\"presentation\" aria-label=\"Ver no Twitter\"><\/div>\n<\/div>\n<\/div>\n<div class=\"Tweet-body e-entry-content\" data-scribe=\"component:tweet\">\n<div class=\"Tweet-target js-inViewportScribingTarget\"><\/div>\n<p class=\"Tweet-text e-entry-title\" dir=\"ltr\" lang=\"pt\">Encontro com o Papa Francisco para conversar sobre um mundo mais justo e fraterno.<br \/>\nFoto: Ricardo Stuckert<\/p>\n<div class=\"Tweet-card\">\n<article class=\"MediaCard customisable-border\" dir=\"ltr\" data-scribe=\"component:card\">\n<div class=\"MediaCard-mediaContainer MediaCard--roundedTop MediaCard--roundedBottom js-cspForcedStyle\" data-scribe=\"element:photo_grid\" data-style=\"padding-bottom: 50%\">\n<div class=\"MediaCard-mediaAsset ImageGrid ImageGrid--2\"><a class=\"ImageGrid-image ImageGrid-image-0 CroppedImage CroppedImage--fillHeight\" href=\"https:\/\/twitter.com\/LulaOficial\/status\/1227991234624598019\/photo\/1\"><img loading=\"lazy\" decoding=\"async\" class=\"CroppedImage-image js-cspForcedStyle aligncenter\" title=\"Ver imagem no Twitter\" src=\"https:\/\/pbs.twimg.com\/media\/EQqzgGDWAAAMXHT?format=jpg&amp;name=360x360\" alt=\"Ver imagem no Twitter\" width=\"543\" height=\"362\" data-image=\"https:\/\/pbs.twimg.com\/media\/EQqzgGDWAAAMXHT\" data-image-format=\"jpg\" data-style=\"left:-26%;\" \/><\/a><a class=\"ImageGrid-image ImageGrid-image-1 CroppedImage CroppedImage--fillHeight\" href=\"https:\/\/twitter.com\/LulaOficial\/status\/1227991234624598019\/photo\/1\"><img loading=\"lazy\" decoding=\"async\" class=\"CroppedImage-image js-cspForcedStyle aligncenter\" title=\"Ver imagem no Twitter\" src=\"https:\/\/pbs.twimg.com\/media\/EQqzgGEWAAAe8RG?format=jpg&amp;name=360x360\" alt=\"Ver imagem no Twitter\" width=\"541\" height=\"357\" data-image=\"https:\/\/pbs.twimg.com\/media\/EQqzgGEWAAAe8RG\" data-image-format=\"jpg\" data-style=\"left:-25%;\" \/><\/a><\/div>\n<\/div>\n<\/article>\n<\/div>\n<div class=\"TweetInfo\">\n<div class=\"TweetInfo-like\">\n<div data-scribe=\"element:heart\">\n<div class=\"Icon Icon--heart \" title=\"Curtiu\" role=\"img\" aria-label=\"Curtiu\"><\/div>\n<\/div>\n<p><a class=\"TweetInfo-heart\" title=\"Curtiu\" href=\"https:\/\/twitter.com\/intent\/like?tweet_id=1227991234624598019\" data-scribe=\"component:actions\"><span class=\"TweetInfo-heartStat\" data-scribe=\"element:heart_count\">42,6\u00a0mil<\/span><\/a><\/p>\n<\/div>\n<div class=\"TweetInfo-timeGeo\"><a class=\"u-linkBlend u-url customisable-highlight long-permalink\" href=\"https:\/\/twitter.com\/LulaOficial\/status\/1227991234624598019\" data-datetime=\"2020-02-13T16:21:39+0000\" data-scribe=\"element:full_timestamp\"><time class=\"dt-updated\" title=\"Hor\u00e1rio da publica\u00e7\u00e3o: 13 de fevereiro de 2020 16:21:39 (UTC)\" datetime=\"2020-02-13T16:21:39+0000\">13:21 &#8211; 13 de fev de 2020<\/time><\/a><\/div>\n<div class=\"tweet-InformationCircle\" data-scribe=\"element:notice\"><span class=\"u-hiddenVisually\"><a class=\"Icon Icon--informationCircleWhite js-inViewportScribingTarget\" title=\"Informa\u00e7\u00f5es e privacidade no Twitter Ads\" href=\"https:\/\/support.twitter.com\/articles\/20175256\">Informa\u00e7\u00f5es e privacidade no Twitter Ads<\/a><\/span><\/div>\n<div data-scribe=\"element:notice\"><\/div>\n<div data-scribe=\"element:notice\"><strong>Blogdoesmael<\/strong><\/div>\n<\/div>\n<\/div>\n<\/blockquote>\n<\/div>\n<\/div>\n<\/div>\n<\/div>\n<\/div>\n","protected":false},"excerpt":{"rendered":"<p>O ex-presidente Lula postou fotos feitas por Ricardo Stucker de seu encontro com o Papa Francisco no Vaticano. Depois de ser condenado injustamente e ficar preso por mais de um ano, as coisas v\u00e3o ficando mais claras e justas para Lula. Veja o tu\u00edte: Lula \u2714@LulaOficial Encontro com o Papa Francisco para conversar sobre um mundo mais justo e fraterno. Foto: Ricardo Stuckert 42,6\u00a0mil 13:21 &#8211; 13 de fev de 2020 Informa\u00e7\u00f5es e privacidade no Twitter Ads Blogdoesmael<\/p>\n","protected":false},"author":1,"featured_media":250180,"comment_status":"closed","ping_status":"closed","sticky":false,"template":"","format":"standard","meta":{"_acf_changed":false,"footnotes":""},"categories":[1],"tags":[],"class_list":["post-250179","post","type-post","status-publish","format-standard","has-post-thumbnail","hentry","category-politica"],"acf":[],"yoast_head":"<!-- This site is optimized with the Yoast SEO plugin v27.4 - https:\/\/yoast.com\/product\/yoast-seo-wordpress\/ -->\n<title>O encontro de Lula com o Papa Francisco - Blog do Farn\u00e9sio<\/title>\n<meta name=\"robots\" content=\"index, follow, max-snippet:-1, max-image-preview:large, max-video-preview:-1\" \/>\n<link rel=\"canonical\" href=\"https:\/\/blogdofarnesio.com.br\/?p=250179\" \/>\n<meta property=\"og:locale\" content=\"pt_BR\" \/>\n<meta property=\"og:type\" content=\"article\" \/>\n<meta property=\"og:title\" content=\"O encontro de Lula com o Papa Francisco - Blog do Farn\u00e9sio\" \/>\n<meta property=\"og:description\" content=\"O ex-presidente Lula postou fotos feitas por Ricardo Stucker de seu encontro com o Papa Francisco no Vaticano. Depois de ser condenado injustamente e ficar preso por mais de um ano, as coisas v\u00e3o ficando mais claras e justas para Lula. Veja o tu\u00edte: Lula \u2714@LulaOficial Encontro com o Papa Francisco para conversar sobre um mundo mais justo e fraterno. Foto: Ricardo Stuckert 42,6\u00a0mil 13:21 &#8211; 13 de fev de 2020 Informa\u00e7\u00f5es e privacidade no Twitter Ads Blogdoesmael\" \/>\n<meta property=\"og:url\" content=\"https:\/\/blogdofarnesio.com.br\/?p=250179\" \/>\n<meta property=\"og:site_name\" content=\"Blog do Farn\u00e9sio\" \/>\n<meta property=\"article:publisher\" content=\"https:\/\/www.facebook.com\/BlogQuerSaberPolitica\/\" \/>\n<meta property=\"article:published_time\" content=\"2020-02-14T11:03:02+00:00\" \/>\n<meta property=\"og:image\" content=\"https:\/\/blogdofarnesio.com.br\/wp-content\/uploads\/2020\/02\/blogqsppapa_lula-Esmael-Moraes.jpg\" \/>\n\t<meta property=\"og:image:width\" content=\"960\" \/>\n\t<meta property=\"og:image:height\" content=\"634\" \/>\n\t<meta property=\"og:image:type\" content=\"image\/jpeg\" \/>\n<meta name=\"author\" content=\"Farn\u00e9sio\" \/>\n<meta name=\"twitter:card\" content=\"summary_large_image\" \/>\n<meta name=\"twitter:label1\" content=\"Escrito por\" \/>\n\t<meta name=\"twitter:data1\" content=\"Farn\u00e9sio\" \/>\n<script type=\"application\/ld+json\" class=\"yoast-schema-graph\">{\"@context\":\"https:\\\/\\\/schema.org\",\"@graph\":[{\"@type\":\"Article\",\"@id\":\"https:\\\/\\\/blogdofarnesio.com.br\\\/?p=250179#article\",\"isPartOf\":{\"@id\":\"https:\\\/\\\/blogdofarnesio.com.br\\\/?p=250179\"},\"author\":{\"name\":\"Farn\u00e9sio\",\"@id\":\"https:\\\/\\\/blogdofarnesio.com.br\\\/#\\\/schema\\\/person\\\/301c4acf522bccbfdb45af95b5b906a1\"},\"headline\":\"O encontro de Lula com o Papa Francisco\",\"datePublished\":\"2020-02-14T11:03:02+00:00\",\"mainEntityOfPage\":{\"@id\":\"https:\\\/\\\/blogdofarnesio.com.br\\\/?p=250179\"},\"wordCount\":86,\"publisher\":{\"@id\":\"https:\\\/\\\/blogdofarnesio.com.br\\\/#organization\"},\"image\":{\"@id\":\"https:\\\/\\\/blogdofarnesio.com.br\\\/?p=250179#primaryimage\"},\"thumbnailUrl\":\"https:\\\/\\\/blogdofarnesio.com.br\\\/wp-content\\\/uploads\\\/2020\\\/02\\\/blogqsppapa_lula-Esmael-Moraes.jpg\",\"articleSection\":[\"Pol\u00edtica\"],\"inLanguage\":\"pt-BR\"},{\"@type\":\"WebPage\",\"@id\":\"https:\\\/\\\/blogdofarnesio.com.br\\\/?p=250179\",\"url\":\"https:\\\/\\\/blogdofarnesio.com.br\\\/?p=250179\",\"name\":\"O encontro de Lula com o Papa Francisco - Blog do Farn\u00e9sio\",\"isPartOf\":{\"@id\":\"https:\\\/\\\/blogdofarnesio.com.br\\\/#website\"},\"primaryImageOfPage\":{\"@id\":\"https:\\\/\\\/blogdofarnesio.com.br\\\/?p=250179#primaryimage\"},\"image\":{\"@id\":\"https:\\\/\\\/blogdofarnesio.com.br\\\/?p=250179#primaryimage\"},\"thumbnailUrl\":\"https:\\\/\\\/blogdofarnesio.com.br\\\/wp-content\\\/uploads\\\/2020\\\/02\\\/blogqsppapa_lula-Esmael-Moraes.jpg\",\"datePublished\":\"2020-02-14T11:03:02+00:00\",\"breadcrumb\":{\"@id\":\"https:\\\/\\\/blogdofarnesio.com.br\\\/?p=250179#breadcrumb\"},\"inLanguage\":\"pt-BR\",\"potentialAction\":[{\"@type\":\"ReadAction\",\"target\":[\"https:\\\/\\\/blogdofarnesio.com.br\\\/?p=250179\"]}]},{\"@type\":\"ImageObject\",\"inLanguage\":\"pt-BR\",\"@id\":\"https:\\\/\\\/blogdofarnesio.com.br\\\/?p=250179#primaryimage\",\"url\":\"https:\\\/\\\/blogdofarnesio.com.br\\\/wp-content\\\/uploads\\\/2020\\\/02\\\/blogqsppapa_lula-Esmael-Moraes.jpg\",\"contentUrl\":\"https:\\\/\\\/blogdofarnesio.com.br\\\/wp-content\\\/uploads\\\/2020\\\/02\\\/blogqsppapa_lula-Esmael-Moraes.jpg\",\"width\":960,\"height\":634,\"caption\":\"fotos Ricardo Stucker\"},{\"@type\":\"BreadcrumbList\",\"@id\":\"https:\\\/\\\/blogdofarnesio.com.br\\\/?p=250179#breadcrumb\",\"itemListElement\":[{\"@type\":\"ListItem\",\"position\":1,\"name\":\"In\u00edcio\",\"item\":\"https:\\\/\\\/blogdofarnesio.com.br\\\/\"},{\"@type\":\"ListItem\",\"position\":2,\"name\":\"O encontro de Lula com o Papa Francisco\"}]},{\"@type\":\"WebSite\",\"@id\":\"https:\\\/\\\/blogdofarnesio.com.br\\\/#website\",\"url\":\"https:\\\/\\\/blogdofarnesio.com.br\\\/\",\"name\":\"Blog do Farn\u00e9sio\",\"description\":\"Quer Saber Pol\u00edtica?\",\"publisher\":{\"@id\":\"https:\\\/\\\/blogdofarnesio.com.br\\\/#organization\"},\"potentialAction\":[{\"@type\":\"SearchAction\",\"target\":{\"@type\":\"EntryPoint\",\"urlTemplate\":\"https:\\\/\\\/blogdofarnesio.com.br\\\/?s={search_term_string}\"},\"query-input\":{\"@type\":\"PropertyValueSpecification\",\"valueRequired\":true,\"valueName\":\"search_term_string\"}}],\"inLanguage\":\"pt-BR\"},{\"@type\":\"Organization\",\"@id\":\"https:\\\/\\\/blogdofarnesio.com.br\\\/#organization\",\"name\":\"Blog do Farn\u00e9sio\",\"url\":\"https:\\\/\\\/blogdofarnesio.com.br\\\/\",\"logo\":{\"@type\":\"ImageObject\",\"inLanguage\":\"pt-BR\",\"@id\":\"https:\\\/\\\/blogdofarnesio.com.br\\\/#\\\/schema\\\/logo\\\/image\\\/\",\"url\":\"https:\\\/\\\/blogdofarnesio.com.br\\\/wp-content\\\/uploads\\\/2026\\\/03\\\/cropped-logo_new-1.png\",\"contentUrl\":\"https:\\\/\\\/blogdofarnesio.com.br\\\/wp-content\\\/uploads\\\/2026\\\/03\\\/cropped-logo_new-1.png\",\"width\":881,\"height\":685,\"caption\":\"Blog do Farn\u00e9sio\"},\"image\":{\"@id\":\"https:\\\/\\\/blogdofarnesio.com.br\\\/#\\\/schema\\\/logo\\\/image\\\/\"},\"sameAs\":[\"https:\\\/\\\/www.facebook.com\\\/BlogQuerSaberPolitica\\\/\"]},{\"@type\":\"Person\",\"@id\":\"https:\\\/\\\/blogdofarnesio.com.br\\\/#\\\/schema\\\/person\\\/301c4acf522bccbfdb45af95b5b906a1\",\"name\":\"Farn\u00e9sio\",\"image\":{\"@type\":\"ImageObject\",\"inLanguage\":\"pt-BR\",\"@id\":\"https:\\\/\\\/secure.gravatar.com\\\/avatar\\\/df0c9a14567c056f8ad6876ba5bbd1e3e2c48023eb6807342fc4663adf549f38?s=96&d=mm&r=g\",\"url\":\"https:\\\/\\\/secure.gravatar.com\\\/avatar\\\/df0c9a14567c056f8ad6876ba5bbd1e3e2c48023eb6807342fc4663adf549f38?s=96&d=mm&r=g\",\"contentUrl\":\"https:\\\/\\\/secure.gravatar.com\\\/avatar\\\/df0c9a14567c056f8ad6876ba5bbd1e3e2c48023eb6807342fc4663adf549f38?s=96&d=mm&r=g\",\"caption\":\"Farn\u00e9sio\"},\"sameAs\":[\"https:\\\/\\\/quersaberpolitica.com.br\"],\"url\":\"https:\\\/\\\/blogdofarnesio.com.br\\\/?author=1\"}]}<\/script>\n<!-- \/ Yoast SEO plugin. -->","yoast_head_json":{"title":"O encontro de Lula com o Papa Francisco - Blog do Farn\u00e9sio","robots":{"index":"index","follow":"follow","max-snippet":"max-snippet:-1","max-image-preview":"max-image-preview:large","max-video-preview":"max-video-preview:-1"},"canonical":"https:\/\/blogdofarnesio.com.br\/?p=250179","og_locale":"pt_BR","og_type":"article","og_title":"O encontro de Lula com o Papa Francisco - Blog do Farn\u00e9sio","og_description":"O ex-presidente Lula postou fotos feitas por Ricardo Stucker de seu encontro com o Papa Francisco no Vaticano. Depois de ser condenado injustamente e ficar preso por mais de um ano, as coisas v\u00e3o ficando mais claras e justas para Lula. Veja o tu\u00edte: Lula \u2714@LulaOficial Encontro com o Papa Francisco para conversar sobre um mundo mais justo e fraterno. Foto: Ricardo Stuckert 42,6\u00a0mil 13:21 &#8211; 13 de fev de 2020 Informa\u00e7\u00f5es e privacidade no Twitter Ads Blogdoesmael","og_url":"https:\/\/blogdofarnesio.com.br\/?p=250179","og_site_name":"Blog do Farn\u00e9sio","article_publisher":"https:\/\/www.facebook.com\/BlogQuerSaberPolitica\/","article_published_time":"2020-02-14T11:03:02+00:00","og_image":[{"width":960,"height":634,"url":"https:\/\/blogdofarnesio.com.br\/wp-content\/uploads\/2020\/02\/blogqsppapa_lula-Esmael-Moraes.jpg","type":"image\/jpeg"}],"author":"Farn\u00e9sio","twitter_card":"summary_large_image","twitter_misc":{"Escrito por":"Farn\u00e9sio"},"schema":{"@context":"https:\/\/schema.org","@graph":[{"@type":"Article","@id":"https:\/\/blogdofarnesio.com.br\/?p=250179#article","isPartOf":{"@id":"https:\/\/blogdofarnesio.com.br\/?p=250179"},"author":{"name":"Farn\u00e9sio","@id":"https:\/\/blogdofarnesio.com.br\/#\/schema\/person\/301c4acf522bccbfdb45af95b5b906a1"},"headline":"O encontro de Lula com o Papa Francisco","datePublished":"2020-02-14T11:03:02+00:00","mainEntityOfPage":{"@id":"https:\/\/blogdofarnesio.com.br\/?p=250179"},"wordCount":86,"publisher":{"@id":"https:\/\/blogdofarnesio.com.br\/#organization"},"image":{"@id":"https:\/\/blogdofarnesio.com.br\/?p=250179#primaryimage"},"thumbnailUrl":"https:\/\/blogdofarnesio.com.br\/wp-content\/uploads\/2020\/02\/blogqsppapa_lula-Esmael-Moraes.jpg","articleSection":["Pol\u00edtica"],"inLanguage":"pt-BR"},{"@type":"WebPage","@id":"https:\/\/blogdofarnesio.com.br\/?p=250179","url":"https:\/\/blogdofarnesio.com.br\/?p=250179","name":"O encontro de Lula com o Papa Francisco - Blog do Farn\u00e9sio","isPartOf":{"@id":"https:\/\/blogdofarnesio.com.br\/#website"},"primaryImageOfPage":{"@id":"https:\/\/blogdofarnesio.com.br\/?p=250179#primaryimage"},"image":{"@id":"https:\/\/blogdofarnesio.com.br\/?p=250179#primaryimage"},"thumbnailUrl":"https:\/\/blogdofarnesio.com.br\/wp-content\/uploads\/2020\/02\/blogqsppapa_lula-Esmael-Moraes.jpg","datePublished":"2020-02-14T11:03:02+00:00","breadcrumb":{"@id":"https:\/\/blogdofarnesio.com.br\/?p=250179#breadcrumb"},"inLanguage":"pt-BR","potentialAction":[{"@type":"ReadAction","target":["https:\/\/blogdofarnesio.com.br\/?p=250179"]}]},{"@type":"ImageObject","inLanguage":"pt-BR","@id":"https:\/\/blogdofarnesio.com.br\/?p=250179#primaryimage","url":"https:\/\/blogdofarnesio.com.br\/wp-content\/uploads\/2020\/02\/blogqsppapa_lula-Esmael-Moraes.jpg","contentUrl":"https:\/\/blogdofarnesio.com.br\/wp-content\/uploads\/2020\/02\/blogqsppapa_lula-Esmael-Moraes.jpg","width":960,"height":634,"caption":"fotos Ricardo Stucker"},{"@type":"BreadcrumbList","@id":"https:\/\/blogdofarnesio.com.br\/?p=250179#breadcrumb","itemListElement":[{"@type":"ListItem","position":1,"name":"In\u00edcio","item":"https:\/\/blogdofarnesio.com.br\/"},{"@type":"ListItem","position":2,"name":"O encontro de Lula com o Papa Francisco"}]},{"@type":"WebSite","@id":"https:\/\/blogdofarnesio.com.br\/#website","url":"https:\/\/blogdofarnesio.com.br\/","name":"Blog do Farn\u00e9sio","description":"Quer Saber Pol\u00edtica?","publisher":{"@id":"https:\/\/blogdofarnesio.com.br\/#organization"},"potentialAction":[{"@type":"SearchAction","target":{"@type":"EntryPoint","urlTemplate":"https:\/\/blogdofarnesio.com.br\/?s={search_term_string}"},"query-input":{"@type":"PropertyValueSpecification","valueRequired":true,"valueName":"search_term_string"}}],"inLanguage":"pt-BR"},{"@type":"Organization","@id":"https:\/\/blogdofarnesio.com.br\/#organization","name":"Blog do Farn\u00e9sio","url":"https:\/\/blogdofarnesio.com.br\/","logo":{"@type":"ImageObject","inLanguage":"pt-BR","@id":"https:\/\/blogdofarnesio.com.br\/#\/schema\/logo\/image\/","url":"https:\/\/blogdofarnesio.com.br\/wp-content\/uploads\/2026\/03\/cropped-logo_new-1.png","contentUrl":"https:\/\/blogdofarnesio.com.br\/wp-content\/uploads\/2026\/03\/cropped-logo_new-1.png","width":881,"height":685,"caption":"Blog do Farn\u00e9sio"},"image":{"@id":"https:\/\/blogdofarnesio.com.br\/#\/schema\/logo\/image\/"},"sameAs":["https:\/\/www.facebook.com\/BlogQuerSaberPolitica\/"]},{"@type":"Person","@id":"https:\/\/blogdofarnesio.com.br\/#\/schema\/person\/301c4acf522bccbfdb45af95b5b906a1","name":"Farn\u00e9sio","image":{"@type":"ImageObject","inLanguage":"pt-BR","@id":"https:\/\/secure.gravatar.com\/avatar\/df0c9a14567c056f8ad6876ba5bbd1e3e2c48023eb6807342fc4663adf549f38?s=96&d=mm&r=g","url":"https:\/\/secure.gravatar.com\/avatar\/df0c9a14567c056f8ad6876ba5bbd1e3e2c48023eb6807342fc4663adf549f38?s=96&d=mm&r=g","contentUrl":"https:\/\/secure.gravatar.com\/avatar\/df0c9a14567c056f8ad6876ba5bbd1e3e2c48023eb6807342fc4663adf549f38?s=96&d=mm&r=g","caption":"Farn\u00e9sio"},"sameAs":["https:\/\/quersaberpolitica.com.br"],"url":"https:\/\/blogdofarnesio.com.br\/?author=1"}]}},"_links":{"self":[{"href":"https:\/\/blogdofarnesio.com.br\/index.php?rest_route=\/wp\/v2\/posts\/250179","targetHints":{"allow":["GET"]}}],"collection":[{"href":"https:\/\/blogdofarnesio.com.br\/index.php?rest_route=\/wp\/v2\/posts"}],"about":[{"href":"https:\/\/blogdofarnesio.com.br\/index.php?rest_route=\/wp\/v2\/types\/post"}],"author":[{"embeddable":true,"href":"https:\/\/blogdofarnesio.com.br\/index.php?rest_route=\/wp\/v2\/users\/1"}],"replies":[{"embeddable":true,"href":"https:\/\/blogdofarnesio.com.br\/index.php?rest_route=%2Fwp%2Fv2%2Fcomments&post=250179"}],"version-history":[{"count":0,"href":"https:\/\/blogdofarnesio.com.br\/index.php?rest_route=\/wp\/v2\/posts\/250179\/revisions"}],"wp:featuredmedia":[{"embeddable":true,"href":"https:\/\/blogdofarnesio.com.br\/index.php?rest_route=\/wp\/v2\/media\/250180"}],"wp:attachment":[{"href":"https:\/\/blogdofarnesio.com.br\/index.php?rest_route=%2Fwp%2Fv2%2Fmedia&parent=250179"}],"wp:term":[{"taxonomy":"category","embeddable":true,"href":"https:\/\/blogdofarnesio.com.br\/index.php?rest_route=%2Fwp%2Fv2%2Fcategories&post=250179"},{"taxonomy":"post_tag","embeddable":true,"href":"https:\/\/blogdofarnesio.com.br\/index.php?rest_route=%2Fwp%2Fv2%2Ftags&post=250179"}],"curies":[{"name":"wp","href":"https:\/\/api.w.org\/{rel}","templated":true}]}}