{"id":250170,"date":"2020-02-14T07:42:24","date_gmt":"2020-02-14T10:42:24","guid":{"rendered":"http:\/\/quersaberpolitica.com.br\/2016\/?p=250170"},"modified":"2020-02-13T16:06:34","modified_gmt":"2020-02-13T19:06:34","slug":"vereadores-do-prefeito-negam-pedido-de-informacoes-sobre-locacao-de-veiculos-ao-colega-paulo-valgueiro","status":"publish","type":"post","link":"https:\/\/blogdofarnesio.com.br\/?p=250170","title":{"rendered":"Vereadores do prefeito negam pedido de informa\u00e7\u00f5es sobre loca\u00e7\u00e3o de ve\u00edculos ao colega Paulo Valgueiro"},"content":{"rendered":"<p style=\"font-weight: 400;\">A sess\u00e3o deliberativa da C\u00e2mara de Vereadores de Petrolina come\u00e7ou sob tens\u00e3o nesta quinta-feira (13). J\u00e1 no in\u00edcio da reuni\u00e3o, durante o ritual de leitura das proposi\u00e7\u00f5es, o l\u00edder da bancada do prefeito, Aero Cruz, usou o microfone para avisar que seus colegas de parlamento estavam orientados a rejeitar o requerimento n\u00ba 031\/2020 apresentado pelo vereador Paulo Valgueiro, l\u00edder da Bancada de Oposi\u00e7\u00e3o.<\/p>\n<p style=\"font-weight: 400;\">No documento, Paulo Valgueiro, cumprindo as formalidades regimentais, na forma do inciso IX do art. 12 da Lei Org\u00e2nica Municipal, solicitou do Prefeito de Petrolina, Miguel de Souza Coelho Le\u00e3o, informa\u00e7\u00f5es referentes a todos os contratos, de pessoa f\u00edsica ou jur\u00eddica, destinados a presta\u00e7\u00e3o de servi\u00e7os de loca\u00e7\u00e3o de ve\u00edculos, com e sem motorista, para suprir as necessidades das Secretarias, Autarquias e demais \u00d3rg\u00e3os da Prefeitura Municipal de Petrolina. O requerimento foi negado pela bancada do prefeito com 15 votos contra 5 dos vereadores oposicionistas.<\/p>\n<p style=\"font-weight: 400;\">Valgueiro declarou que j\u00e1 n\u00e3o esperava outra atitude dos vereadores. Segundo ele, o excesso de blindagem \u00e9 a prova de que algo de errado existe nessas contrata\u00e7\u00f5es. \u201cAlgo de muito nebuloso deve existir para o prefeito n\u00e3o querer explicar para o povo de Petrolina a forma de como s\u00e3o feitas essas contrata\u00e7\u00f5es de ve\u00edculos. S\u00e3o v\u00e1rias den\u00fancias que est\u00e3o chegando sobre o pre\u00e7o, a qualidade e o desvio de fun\u00e7\u00e3o e finalidade dos ve\u00edculos locados. Isso \u00e9 sinal que algo de podre est\u00e1 sendo escondido\u201d, disse o vereador durante seu pronunciamento ap\u00f3s a rejei\u00e7\u00e3o do requerimento.<\/p>\n<p style=\"font-weight: 400;\">Existem ve\u00edculos que est\u00e3o \u00e0 servi\u00e7o dos \u00f3rg\u00e3os da Prefeitura (SESAU \u2013 SEDU \u2013 SEGEAD \u2013 GABINETE DO PREFEITO \u2013 ASSESSORIA DE GOVERNO \u2013 SECULTE \u2013 SEPI \u2013 SEINFRA \u2013 SEDESDH \u2013 SEDEAG \u2013 SEDURBS \u2013 ARMUP \u2013 AMMA \u2013 AMMPLA \u2013 AGE) desde 2017 e at\u00e9 agora as informa\u00e7\u00f5es n\u00e3o constam no Portal da Transpar\u00eancia da Prefeitura.<\/p>\n<p style=\"font-weight: 400;\">O vereador solicitou as c\u00f3pias completas dos processos licitat\u00f3rios realizados para as referidas contrata\u00e7\u00f5es, dos contratos, identifica\u00e7\u00e3o da autoridade respons\u00e1vel por cada contrato, a rela\u00e7\u00e3o de ve\u00edculos, a descri\u00e7\u00e3o de modelo, placa, c\u00f3pias dos CRLV\u2019s, Secretaria ou \u00f3rg\u00e3o para qual est\u00e1 destinado, dos processos de pagamentos.<\/p>\n<p style=\"font-weight: 400;\">Pede ainda, detalhamento das receitas e despesas or\u00e7adas, empenhadas, liquidadas e pagas, com reprodu\u00e7\u00f5es dos empenhos, liquida\u00e7\u00e3o, notas fiscais e pagamentos, documentos estes que deveriam estar dispon\u00edveis no Portal da Transpar\u00eancia, acess\u00edveis para consulta. \u201cSe negaram informa\u00e7\u00f5es sobre um tr\u00e2mite com o dinheiro p\u00fablico, \u00e9 sinal que tem maracutaia, desvio de finalidade, desvio de recurso e uma s\u00e9rie de outras irregularidades que precisam ser escondidas da sociedade petrolinense. Vamos continuar cobrando a transpar\u00eancia.\u201d, conclui Paulo Valgueiro.<\/p>\n<p><strong>M\u00f4nia Ramos\/ Jornalista<\/strong><\/p>\n<p><strong><em>Assessoria de Imprensa\u00a0<\/em><\/strong><\/p>\n","protected":false},"excerpt":{"rendered":"<p>A sess\u00e3o deliberativa da C\u00e2mara de Vereadores de Petrolina come\u00e7ou sob tens\u00e3o nesta quinta-feira (13). J\u00e1 no in\u00edcio da reuni\u00e3o, durante o ritual de leitura das proposi\u00e7\u00f5es, o l\u00edder da bancada do prefeito, Aero Cruz, usou o microfone para avisar que seus colegas de parlamento estavam orientados a rejeitar o requerimento n\u00ba 031\/2020 apresentado pelo vereador Paulo Valgueiro, l\u00edder da Bancada de Oposi\u00e7\u00e3o. No documento, Paulo Valgueiro, cumprindo as formalidades regimentais, na forma do inciso IX do art. 12 da Lei Org\u00e2nica Municipal, solicitou do Prefeito de Petrolina, Miguel de Souza Coelho Le\u00e3o, informa\u00e7\u00f5es referentes a todos os contratos, de pessoa f\u00edsica ou jur\u00eddica, destinados a presta\u00e7\u00e3o de servi\u00e7os de loca\u00e7\u00e3o de ve\u00edculos, com e sem motorista, para suprir as&hellip; <\/p>\n","protected":false},"author":1,"featured_media":200367,"comment_status":"closed","ping_status":"closed","sticky":false,"template":"","format":"standard","meta":{"_acf_changed":false,"footnotes":""},"categories":[1],"tags":[],"class_list":["post-250170","post","type-post","status-publish","format-standard","has-post-thumbnail","hentry","category-politica"],"acf":[],"yoast_head":"<!-- This site is optimized with the Yoast SEO plugin v27.4 - https:\/\/yoast.com\/product\/yoast-seo-wordpress\/ -->\n<title>Vereadores do prefeito negam pedido de informa\u00e7\u00f5es sobre loca\u00e7\u00e3o de ve\u00edculos ao colega Paulo Valgueiro - Blog do Farn\u00e9sio<\/title>\n<meta name=\"robots\" content=\"index, follow, max-snippet:-1, max-image-preview:large, max-video-preview:-1\" \/>\n<link rel=\"canonical\" href=\"https:\/\/blogdofarnesio.com.br\/?p=250170\" \/>\n<meta property=\"og:locale\" content=\"pt_BR\" \/>\n<meta property=\"og:type\" content=\"article\" \/>\n<meta property=\"og:title\" content=\"Vereadores do prefeito negam pedido de informa\u00e7\u00f5es sobre loca\u00e7\u00e3o de ve\u00edculos ao colega Paulo Valgueiro - Blog do Farn\u00e9sio\" \/>\n<meta property=\"og:description\" content=\"A sess\u00e3o deliberativa da C\u00e2mara de Vereadores de Petrolina come\u00e7ou sob tens\u00e3o nesta quinta-feira (13). J\u00e1 no in\u00edcio da reuni\u00e3o, durante o ritual de leitura das proposi\u00e7\u00f5es, o l\u00edder da bancada do prefeito, Aero Cruz, usou o microfone para avisar que seus colegas de parlamento estavam orientados a rejeitar o requerimento n\u00ba 031\/2020 apresentado pelo vereador Paulo Valgueiro, l\u00edder da Bancada de Oposi\u00e7\u00e3o. No documento, Paulo Valgueiro, cumprindo as formalidades regimentais, na forma do inciso IX do art. 12 da Lei Org\u00e2nica Municipal, solicitou do Prefeito de Petrolina, Miguel de Souza Coelho Le\u00e3o, informa\u00e7\u00f5es referentes a todos os contratos, de pessoa f\u00edsica ou jur\u00eddica, destinados a presta\u00e7\u00e3o de servi\u00e7os de loca\u00e7\u00e3o de ve\u00edculos, com e sem motorista, para suprir as&hellip;\" \/>\n<meta property=\"og:url\" content=\"https:\/\/blogdofarnesio.com.br\/?p=250170\" \/>\n<meta property=\"og:site_name\" content=\"Blog do Farn\u00e9sio\" \/>\n<meta property=\"article:publisher\" content=\"https:\/\/www.facebook.com\/BlogQuerSaberPolitica\/\" \/>\n<meta property=\"article:published_time\" content=\"2020-02-14T10:42:24+00:00\" \/>\n<meta property=\"og:image\" content=\"https:\/\/blogdofarnesio.com.br\/wp-content\/uploads\/2018\/06\/blogqsp-camara-petrolina.jpg\" \/>\n\t<meta property=\"og:image:width\" content=\"448\" \/>\n\t<meta property=\"og:image:height\" content=\"298\" \/>\n\t<meta property=\"og:image:type\" content=\"image\/jpeg\" \/>\n<meta name=\"author\" content=\"Farn\u00e9sio\" \/>\n<meta name=\"twitter:card\" content=\"summary_large_image\" \/>\n<meta name=\"twitter:label1\" content=\"Escrito por\" \/>\n\t<meta name=\"twitter:data1\" content=\"Farn\u00e9sio\" \/>\n\t<meta name=\"twitter:label2\" content=\"Est. tempo de leitura\" \/>\n\t<meta name=\"twitter:data2\" content=\"2 minutos\" \/>\n<script type=\"application\/ld+json\" class=\"yoast-schema-graph\">{\"@context\":\"https:\\\/\\\/schema.org\",\"@graph\":[{\"@type\":\"Article\",\"@id\":\"https:\\\/\\\/blogdofarnesio.com.br\\\/?p=250170#article\",\"isPartOf\":{\"@id\":\"https:\\\/\\\/blogdofarnesio.com.br\\\/?p=250170\"},\"author\":{\"name\":\"Farn\u00e9sio\",\"@id\":\"https:\\\/\\\/blogdofarnesio.com.br\\\/#\\\/schema\\\/person\\\/301c4acf522bccbfdb45af95b5b906a1\"},\"headline\":\"Vereadores do prefeito negam pedido de informa\u00e7\u00f5es sobre loca\u00e7\u00e3o de ve\u00edculos ao colega Paulo Valgueiro\",\"datePublished\":\"2020-02-14T10:42:24+00:00\",\"mainEntityOfPage\":{\"@id\":\"https:\\\/\\\/blogdofarnesio.com.br\\\/?p=250170\"},\"wordCount\":489,\"publisher\":{\"@id\":\"https:\\\/\\\/blogdofarnesio.com.br\\\/#organization\"},\"image\":{\"@id\":\"https:\\\/\\\/blogdofarnesio.com.br\\\/?p=250170#primaryimage\"},\"thumbnailUrl\":\"https:\\\/\\\/blogdofarnesio.com.br\\\/wp-content\\\/uploads\\\/2018\\\/06\\\/blogqsp-camara-petrolina.jpg\",\"articleSection\":[\"Pol\u00edtica\"],\"inLanguage\":\"pt-BR\"},{\"@type\":\"WebPage\",\"@id\":\"https:\\\/\\\/blogdofarnesio.com.br\\\/?p=250170\",\"url\":\"https:\\\/\\\/blogdofarnesio.com.br\\\/?p=250170\",\"name\":\"Vereadores do prefeito negam pedido de informa\u00e7\u00f5es sobre loca\u00e7\u00e3o de ve\u00edculos ao colega Paulo Valgueiro - Blog do Farn\u00e9sio\",\"isPartOf\":{\"@id\":\"https:\\\/\\\/blogdofarnesio.com.br\\\/#website\"},\"primaryImageOfPage\":{\"@id\":\"https:\\\/\\\/blogdofarnesio.com.br\\\/?p=250170#primaryimage\"},\"image\":{\"@id\":\"https:\\\/\\\/blogdofarnesio.com.br\\\/?p=250170#primaryimage\"},\"thumbnailUrl\":\"https:\\\/\\\/blogdofarnesio.com.br\\\/wp-content\\\/uploads\\\/2018\\\/06\\\/blogqsp-camara-petrolina.jpg\",\"datePublished\":\"2020-02-14T10:42:24+00:00\",\"breadcrumb\":{\"@id\":\"https:\\\/\\\/blogdofarnesio.com.br\\\/?p=250170#breadcrumb\"},\"inLanguage\":\"pt-BR\",\"potentialAction\":[{\"@type\":\"ReadAction\",\"target\":[\"https:\\\/\\\/blogdofarnesio.com.br\\\/?p=250170\"]}]},{\"@type\":\"ImageObject\",\"inLanguage\":\"pt-BR\",\"@id\":\"https:\\\/\\\/blogdofarnesio.com.br\\\/?p=250170#primaryimage\",\"url\":\"https:\\\/\\\/blogdofarnesio.com.br\\\/wp-content\\\/uploads\\\/2018\\\/06\\\/blogqsp-camara-petrolina.jpg\",\"contentUrl\":\"https:\\\/\\\/blogdofarnesio.com.br\\\/wp-content\\\/uploads\\\/2018\\\/06\\\/blogqsp-camara-petrolina.jpg\",\"width\":448,\"height\":298,\"caption\":\"????????????????????????????????????\"},{\"@type\":\"BreadcrumbList\",\"@id\":\"https:\\\/\\\/blogdofarnesio.com.br\\\/?p=250170#breadcrumb\",\"itemListElement\":[{\"@type\":\"ListItem\",\"position\":1,\"name\":\"In\u00edcio\",\"item\":\"https:\\\/\\\/blogdofarnesio.com.br\\\/\"},{\"@type\":\"ListItem\",\"position\":2,\"name\":\"Vereadores do prefeito negam pedido de informa\u00e7\u00f5es sobre loca\u00e7\u00e3o de ve\u00edculos ao colega Paulo Valgueiro\"}]},{\"@type\":\"WebSite\",\"@id\":\"https:\\\/\\\/blogdofarnesio.com.br\\\/#website\",\"url\":\"https:\\\/\\\/blogdofarnesio.com.br\\\/\",\"name\":\"Blog do Farn\u00e9sio\",\"description\":\"Quer Saber Pol\u00edtica?\",\"publisher\":{\"@id\":\"https:\\\/\\\/blogdofarnesio.com.br\\\/#organization\"},\"potentialAction\":[{\"@type\":\"SearchAction\",\"target\":{\"@type\":\"EntryPoint\",\"urlTemplate\":\"https:\\\/\\\/blogdofarnesio.com.br\\\/?s={search_term_string}\"},\"query-input\":{\"@type\":\"PropertyValueSpecification\",\"valueRequired\":true,\"valueName\":\"search_term_string\"}}],\"inLanguage\":\"pt-BR\"},{\"@type\":\"Organization\",\"@id\":\"https:\\\/\\\/blogdofarnesio.com.br\\\/#organization\",\"name\":\"Blog do Farn\u00e9sio\",\"url\":\"https:\\\/\\\/blogdofarnesio.com.br\\\/\",\"logo\":{\"@type\":\"ImageObject\",\"inLanguage\":\"pt-BR\",\"@id\":\"https:\\\/\\\/blogdofarnesio.com.br\\\/#\\\/schema\\\/logo\\\/image\\\/\",\"url\":\"https:\\\/\\\/blogdofarnesio.com.br\\\/wp-content\\\/uploads\\\/2026\\\/03\\\/cropped-logo_new-1.png\",\"contentUrl\":\"https:\\\/\\\/blogdofarnesio.com.br\\\/wp-content\\\/uploads\\\/2026\\\/03\\\/cropped-logo_new-1.png\",\"width\":881,\"height\":685,\"caption\":\"Blog do Farn\u00e9sio\"},\"image\":{\"@id\":\"https:\\\/\\\/blogdofarnesio.com.br\\\/#\\\/schema\\\/logo\\\/image\\\/\"},\"sameAs\":[\"https:\\\/\\\/www.facebook.com\\\/BlogQuerSaberPolitica\\\/\"]},{\"@type\":\"Person\",\"@id\":\"https:\\\/\\\/blogdofarnesio.com.br\\\/#\\\/schema\\\/person\\\/301c4acf522bccbfdb45af95b5b906a1\",\"name\":\"Farn\u00e9sio\",\"image\":{\"@type\":\"ImageObject\",\"inLanguage\":\"pt-BR\",\"@id\":\"https:\\\/\\\/secure.gravatar.com\\\/avatar\\\/df0c9a14567c056f8ad6876ba5bbd1e3e2c48023eb6807342fc4663adf549f38?s=96&d=mm&r=g\",\"url\":\"https:\\\/\\\/secure.gravatar.com\\\/avatar\\\/df0c9a14567c056f8ad6876ba5bbd1e3e2c48023eb6807342fc4663adf549f38?s=96&d=mm&r=g\",\"contentUrl\":\"https:\\\/\\\/secure.gravatar.com\\\/avatar\\\/df0c9a14567c056f8ad6876ba5bbd1e3e2c48023eb6807342fc4663adf549f38?s=96&d=mm&r=g\",\"caption\":\"Farn\u00e9sio\"},\"sameAs\":[\"https:\\\/\\\/quersaberpolitica.com.br\"],\"url\":\"https:\\\/\\\/blogdofarnesio.com.br\\\/?author=1\"}]}<\/script>\n<!-- \/ Yoast SEO plugin. -->","yoast_head_json":{"title":"Vereadores do prefeito negam pedido de informa\u00e7\u00f5es sobre loca\u00e7\u00e3o de ve\u00edculos ao colega Paulo Valgueiro - Blog do Farn\u00e9sio","robots":{"index":"index","follow":"follow","max-snippet":"max-snippet:-1","max-image-preview":"max-image-preview:large","max-video-preview":"max-video-preview:-1"},"canonical":"https:\/\/blogdofarnesio.com.br\/?p=250170","og_locale":"pt_BR","og_type":"article","og_title":"Vereadores do prefeito negam pedido de informa\u00e7\u00f5es sobre loca\u00e7\u00e3o de ve\u00edculos ao colega Paulo Valgueiro - Blog do Farn\u00e9sio","og_description":"A sess\u00e3o deliberativa da C\u00e2mara de Vereadores de Petrolina come\u00e7ou sob tens\u00e3o nesta quinta-feira (13). J\u00e1 no in\u00edcio da reuni\u00e3o, durante o ritual de leitura das proposi\u00e7\u00f5es, o l\u00edder da bancada do prefeito, Aero Cruz, usou o microfone para avisar que seus colegas de parlamento estavam orientados a rejeitar o requerimento n\u00ba 031\/2020 apresentado pelo vereador Paulo Valgueiro, l\u00edder da Bancada de Oposi\u00e7\u00e3o. No documento, Paulo Valgueiro, cumprindo as formalidades regimentais, na forma do inciso IX do art. 12 da Lei Org\u00e2nica Municipal, solicitou do Prefeito de Petrolina, Miguel de Souza Coelho Le\u00e3o, informa\u00e7\u00f5es referentes a todos os contratos, de pessoa f\u00edsica ou jur\u00eddica, destinados a presta\u00e7\u00e3o de servi\u00e7os de loca\u00e7\u00e3o de ve\u00edculos, com e sem motorista, para suprir as&hellip;","og_url":"https:\/\/blogdofarnesio.com.br\/?p=250170","og_site_name":"Blog do Farn\u00e9sio","article_publisher":"https:\/\/www.facebook.com\/BlogQuerSaberPolitica\/","article_published_time":"2020-02-14T10:42:24+00:00","og_image":[{"width":448,"height":298,"url":"https:\/\/blogdofarnesio.com.br\/wp-content\/uploads\/2018\/06\/blogqsp-camara-petrolina.jpg","type":"image\/jpeg"}],"author":"Farn\u00e9sio","twitter_card":"summary_large_image","twitter_misc":{"Escrito por":"Farn\u00e9sio","Est. tempo de leitura":"2 minutos"},"schema":{"@context":"https:\/\/schema.org","@graph":[{"@type":"Article","@id":"https:\/\/blogdofarnesio.com.br\/?p=250170#article","isPartOf":{"@id":"https:\/\/blogdofarnesio.com.br\/?p=250170"},"author":{"name":"Farn\u00e9sio","@id":"https:\/\/blogdofarnesio.com.br\/#\/schema\/person\/301c4acf522bccbfdb45af95b5b906a1"},"headline":"Vereadores do prefeito negam pedido de informa\u00e7\u00f5es sobre loca\u00e7\u00e3o de ve\u00edculos ao colega Paulo Valgueiro","datePublished":"2020-02-14T10:42:24+00:00","mainEntityOfPage":{"@id":"https:\/\/blogdofarnesio.com.br\/?p=250170"},"wordCount":489,"publisher":{"@id":"https:\/\/blogdofarnesio.com.br\/#organization"},"image":{"@id":"https:\/\/blogdofarnesio.com.br\/?p=250170#primaryimage"},"thumbnailUrl":"https:\/\/blogdofarnesio.com.br\/wp-content\/uploads\/2018\/06\/blogqsp-camara-petrolina.jpg","articleSection":["Pol\u00edtica"],"inLanguage":"pt-BR"},{"@type":"WebPage","@id":"https:\/\/blogdofarnesio.com.br\/?p=250170","url":"https:\/\/blogdofarnesio.com.br\/?p=250170","name":"Vereadores do prefeito negam pedido de informa\u00e7\u00f5es sobre loca\u00e7\u00e3o de ve\u00edculos ao colega Paulo Valgueiro - Blog do Farn\u00e9sio","isPartOf":{"@id":"https:\/\/blogdofarnesio.com.br\/#website"},"primaryImageOfPage":{"@id":"https:\/\/blogdofarnesio.com.br\/?p=250170#primaryimage"},"image":{"@id":"https:\/\/blogdofarnesio.com.br\/?p=250170#primaryimage"},"thumbnailUrl":"https:\/\/blogdofarnesio.com.br\/wp-content\/uploads\/2018\/06\/blogqsp-camara-petrolina.jpg","datePublished":"2020-02-14T10:42:24+00:00","breadcrumb":{"@id":"https:\/\/blogdofarnesio.com.br\/?p=250170#breadcrumb"},"inLanguage":"pt-BR","potentialAction":[{"@type":"ReadAction","target":["https:\/\/blogdofarnesio.com.br\/?p=250170"]}]},{"@type":"ImageObject","inLanguage":"pt-BR","@id":"https:\/\/blogdofarnesio.com.br\/?p=250170#primaryimage","url":"https:\/\/blogdofarnesio.com.br\/wp-content\/uploads\/2018\/06\/blogqsp-camara-petrolina.jpg","contentUrl":"https:\/\/blogdofarnesio.com.br\/wp-content\/uploads\/2018\/06\/blogqsp-camara-petrolina.jpg","width":448,"height":298,"caption":"????????????????????????????????????"},{"@type":"BreadcrumbList","@id":"https:\/\/blogdofarnesio.com.br\/?p=250170#breadcrumb","itemListElement":[{"@type":"ListItem","position":1,"name":"In\u00edcio","item":"https:\/\/blogdofarnesio.com.br\/"},{"@type":"ListItem","position":2,"name":"Vereadores do prefeito negam pedido de informa\u00e7\u00f5es sobre loca\u00e7\u00e3o de ve\u00edculos ao colega Paulo Valgueiro"}]},{"@type":"WebSite","@id":"https:\/\/blogdofarnesio.com.br\/#website","url":"https:\/\/blogdofarnesio.com.br\/","name":"Blog do Farn\u00e9sio","description":"Quer Saber Pol\u00edtica?","publisher":{"@id":"https:\/\/blogdofarnesio.com.br\/#organization"},"potentialAction":[{"@type":"SearchAction","target":{"@type":"EntryPoint","urlTemplate":"https:\/\/blogdofarnesio.com.br\/?s={search_term_string}"},"query-input":{"@type":"PropertyValueSpecification","valueRequired":true,"valueName":"search_term_string"}}],"inLanguage":"pt-BR"},{"@type":"Organization","@id":"https:\/\/blogdofarnesio.com.br\/#organization","name":"Blog do Farn\u00e9sio","url":"https:\/\/blogdofarnesio.com.br\/","logo":{"@type":"ImageObject","inLanguage":"pt-BR","@id":"https:\/\/blogdofarnesio.com.br\/#\/schema\/logo\/image\/","url":"https:\/\/blogdofarnesio.com.br\/wp-content\/uploads\/2026\/03\/cropped-logo_new-1.png","contentUrl":"https:\/\/blogdofarnesio.com.br\/wp-content\/uploads\/2026\/03\/cropped-logo_new-1.png","width":881,"height":685,"caption":"Blog do Farn\u00e9sio"},"image":{"@id":"https:\/\/blogdofarnesio.com.br\/#\/schema\/logo\/image\/"},"sameAs":["https:\/\/www.facebook.com\/BlogQuerSaberPolitica\/"]},{"@type":"Person","@id":"https:\/\/blogdofarnesio.com.br\/#\/schema\/person\/301c4acf522bccbfdb45af95b5b906a1","name":"Farn\u00e9sio","image":{"@type":"ImageObject","inLanguage":"pt-BR","@id":"https:\/\/secure.gravatar.com\/avatar\/df0c9a14567c056f8ad6876ba5bbd1e3e2c48023eb6807342fc4663adf549f38?s=96&d=mm&r=g","url":"https:\/\/secure.gravatar.com\/avatar\/df0c9a14567c056f8ad6876ba5bbd1e3e2c48023eb6807342fc4663adf549f38?s=96&d=mm&r=g","contentUrl":"https:\/\/secure.gravatar.com\/avatar\/df0c9a14567c056f8ad6876ba5bbd1e3e2c48023eb6807342fc4663adf549f38?s=96&d=mm&r=g","caption":"Farn\u00e9sio"},"sameAs":["https:\/\/quersaberpolitica.com.br"],"url":"https:\/\/blogdofarnesio.com.br\/?author=1"}]}},"_links":{"self":[{"href":"https:\/\/blogdofarnesio.com.br\/index.php?rest_route=\/wp\/v2\/posts\/250170","targetHints":{"allow":["GET"]}}],"collection":[{"href":"https:\/\/blogdofarnesio.com.br\/index.php?rest_route=\/wp\/v2\/posts"}],"about":[{"href":"https:\/\/blogdofarnesio.com.br\/index.php?rest_route=\/wp\/v2\/types\/post"}],"author":[{"embeddable":true,"href":"https:\/\/blogdofarnesio.com.br\/index.php?rest_route=\/wp\/v2\/users\/1"}],"replies":[{"embeddable":true,"href":"https:\/\/blogdofarnesio.com.br\/index.php?rest_route=%2Fwp%2Fv2%2Fcomments&post=250170"}],"version-history":[{"count":0,"href":"https:\/\/blogdofarnesio.com.br\/index.php?rest_route=\/wp\/v2\/posts\/250170\/revisions"}],"wp:featuredmedia":[{"embeddable":true,"href":"https:\/\/blogdofarnesio.com.br\/index.php?rest_route=\/wp\/v2\/media\/200367"}],"wp:attachment":[{"href":"https:\/\/blogdofarnesio.com.br\/index.php?rest_route=%2Fwp%2Fv2%2Fmedia&parent=250170"}],"wp:term":[{"taxonomy":"category","embeddable":true,"href":"https:\/\/blogdofarnesio.com.br\/index.php?rest_route=%2Fwp%2Fv2%2Fcategories&post=250170"},{"taxonomy":"post_tag","embeddable":true,"href":"https:\/\/blogdofarnesio.com.br\/index.php?rest_route=%2Fwp%2Fv2%2Ftags&post=250170"}],"curies":[{"name":"wp","href":"https:\/\/api.w.org\/{rel}","templated":true}]}}