{"id":249937,"date":"2020-02-11T11:03:47","date_gmt":"2020-02-11T14:03:47","guid":{"rendered":"http:\/\/quersaberpolitica.com.br\/2016\/?p=249937"},"modified":"2020-02-11T08:27:12","modified_gmt":"2020-02-11T11:27:12","slug":"em-disputa-com-a-familia-irmao-de-eduardo-campos-pede-protecao-de-vida-a-policia-federal","status":"publish","type":"post","link":"https:\/\/blogdofarnesio.com.br\/?p=249937","title":{"rendered":"Em disputa com a fam\u00edlia, irm\u00e3o de Eduardo Campos pede prote\u00e7\u00e3o de vida \u00e0 Pol\u00edcia Federal"},"content":{"rendered":"<p>Em mensagem enviada ao blog do Magno, o presidente da Funda\u00e7\u00e3o Joaquim Nabuco, Ant\u00f4nio Campos, o Tonca, irm\u00e3o do ex-governador Eduardo Campos, informou, ontem \u00e0 noite, que ir\u00e1 hoje, \u00e0s 11 horas, \u00e0 sede da Pol\u00edcia Federal, protocolar pedido de prote\u00e7\u00e3o de vida. Segundo ele, mensagens estranhas das mais variadas formas est\u00e3o chegando ao seu conhecimento desde a data em que o jornal O Estado de S\u00e3o Paulo trouxe ampla reportagem sobre a briga no seio da fam\u00edlia Campos.<\/p>\n<p>&#8220;Hoje de manh\u00e3, estarei pedindo seguran\u00e7a de vida \u00e0 Pol\u00edcia Federal e comunicando amea\u00e7as ao Minist\u00e9rio P\u00fablico Federal. Est\u00e3o tentando me intimidar como testemunha&#8221;, afirmou.<\/p>\n","protected":false},"excerpt":{"rendered":"<p>Em mensagem enviada ao blog do Magno, o presidente da Funda\u00e7\u00e3o Joaquim Nabuco, Ant\u00f4nio Campos, o Tonca, irm\u00e3o do ex-governador Eduardo Campos, informou, ontem \u00e0 noite, que ir\u00e1 hoje, \u00e0s 11 horas, \u00e0 sede da Pol\u00edcia Federal, protocolar pedido de prote\u00e7\u00e3o de vida. Segundo ele, mensagens estranhas das mais variadas formas est\u00e3o chegando ao seu conhecimento desde a data em que o jornal O Estado de S\u00e3o Paulo trouxe ampla reportagem sobre a briga no seio da fam\u00edlia Campos. &#8220;Hoje de manh\u00e3, estarei pedindo seguran\u00e7a de vida \u00e0 Pol\u00edcia Federal e comunicando amea\u00e7as ao Minist\u00e9rio P\u00fablico Federal. Est\u00e3o tentando me intimidar como testemunha&#8221;, afirmou.<\/p>\n","protected":false},"author":1,"featured_media":170161,"comment_status":"closed","ping_status":"closed","sticky":false,"template":"","format":"standard","meta":{"_acf_changed":false,"footnotes":""},"categories":[1],"tags":[],"class_list":["post-249937","post","type-post","status-publish","format-standard","has-post-thumbnail","hentry","category-politica"],"acf":[],"yoast_head":"<!-- This site is optimized with the Yoast SEO plugin v27.4 - https:\/\/yoast.com\/product\/yoast-seo-wordpress\/ -->\n<title>Em disputa com a fam\u00edlia, irm\u00e3o de Eduardo Campos pede prote\u00e7\u00e3o de vida \u00e0 Pol\u00edcia Federal - Blog do Farn\u00e9sio<\/title>\n<meta name=\"robots\" content=\"index, follow, max-snippet:-1, max-image-preview:large, max-video-preview:-1\" \/>\n<link rel=\"canonical\" href=\"https:\/\/blogdofarnesio.com.br\/?p=249937\" \/>\n<meta property=\"og:locale\" content=\"pt_BR\" \/>\n<meta property=\"og:type\" content=\"article\" \/>\n<meta property=\"og:title\" content=\"Em disputa com a fam\u00edlia, irm\u00e3o de Eduardo Campos pede prote\u00e7\u00e3o de vida \u00e0 Pol\u00edcia Federal - Blog do Farn\u00e9sio\" \/>\n<meta property=\"og:description\" content=\"Em mensagem enviada ao blog do Magno, o presidente da Funda\u00e7\u00e3o Joaquim Nabuco, Ant\u00f4nio Campos, o Tonca, irm\u00e3o do ex-governador Eduardo Campos, informou, ontem \u00e0 noite, que ir\u00e1 hoje, \u00e0s 11 horas, \u00e0 sede da Pol\u00edcia Federal, protocolar pedido de prote\u00e7\u00e3o de vida. Segundo ele, mensagens estranhas das mais variadas formas est\u00e3o chegando ao seu conhecimento desde a data em que o jornal O Estado de S\u00e3o Paulo trouxe ampla reportagem sobre a briga no seio da fam\u00edlia Campos. &#8220;Hoje de manh\u00e3, estarei pedindo seguran\u00e7a de vida \u00e0 Pol\u00edcia Federal e comunicando amea\u00e7as ao Minist\u00e9rio P\u00fablico Federal. Est\u00e3o tentando me intimidar como testemunha&#8221;, afirmou.\" \/>\n<meta property=\"og:url\" content=\"https:\/\/blogdofarnesio.com.br\/?p=249937\" \/>\n<meta property=\"og:site_name\" content=\"Blog do Farn\u00e9sio\" \/>\n<meta property=\"article:publisher\" content=\"https:\/\/www.facebook.com\/BlogQuerSaberPolitica\/\" \/>\n<meta property=\"article:published_time\" content=\"2020-02-11T14:03:47+00:00\" \/>\n<meta property=\"og:image\" content=\"https:\/\/blogdofarnesio.com.br\/wp-content\/uploads\/2017\/06\/blogqsp-Ant\u00f4nio-Campos.jpg\" \/>\n\t<meta property=\"og:image:width\" content=\"750\" \/>\n\t<meta property=\"og:image:height\" content=\"422\" \/>\n\t<meta property=\"og:image:type\" content=\"image\/jpeg\" \/>\n<meta name=\"author\" content=\"Farn\u00e9sio\" \/>\n<meta name=\"twitter:card\" content=\"summary_large_image\" \/>\n<meta name=\"twitter:label1\" content=\"Escrito por\" \/>\n\t<meta name=\"twitter:data1\" content=\"Farn\u00e9sio\" \/>\n\t<meta name=\"twitter:label2\" content=\"Est. tempo de leitura\" \/>\n\t<meta name=\"twitter:data2\" content=\"1 minuto\" \/>\n<script type=\"application\/ld+json\" class=\"yoast-schema-graph\">{\"@context\":\"https:\\\/\\\/schema.org\",\"@graph\":[{\"@type\":\"Article\",\"@id\":\"https:\\\/\\\/blogdofarnesio.com.br\\\/?p=249937#article\",\"isPartOf\":{\"@id\":\"https:\\\/\\\/blogdofarnesio.com.br\\\/?p=249937\"},\"author\":{\"name\":\"Farn\u00e9sio\",\"@id\":\"https:\\\/\\\/blogdofarnesio.com.br\\\/#\\\/schema\\\/person\\\/301c4acf522bccbfdb45af95b5b906a1\"},\"headline\":\"Em disputa com a fam\u00edlia, irm\u00e3o de Eduardo Campos pede prote\u00e7\u00e3o de vida \u00e0 Pol\u00edcia Federal\",\"datePublished\":\"2020-02-11T14:03:47+00:00\",\"mainEntityOfPage\":{\"@id\":\"https:\\\/\\\/blogdofarnesio.com.br\\\/?p=249937\"},\"wordCount\":133,\"publisher\":{\"@id\":\"https:\\\/\\\/blogdofarnesio.com.br\\\/#organization\"},\"image\":{\"@id\":\"https:\\\/\\\/blogdofarnesio.com.br\\\/?p=249937#primaryimage\"},\"thumbnailUrl\":\"https:\\\/\\\/blogdofarnesio.com.br\\\/wp-content\\\/uploads\\\/2017\\\/06\\\/blogqsp-Ant\u00f4nio-Campos.jpg\",\"articleSection\":[\"Pol\u00edtica\"],\"inLanguage\":\"pt-BR\"},{\"@type\":\"WebPage\",\"@id\":\"https:\\\/\\\/blogdofarnesio.com.br\\\/?p=249937\",\"url\":\"https:\\\/\\\/blogdofarnesio.com.br\\\/?p=249937\",\"name\":\"Em disputa com a fam\u00edlia, irm\u00e3o de Eduardo Campos pede prote\u00e7\u00e3o de vida \u00e0 Pol\u00edcia Federal - Blog do Farn\u00e9sio\",\"isPartOf\":{\"@id\":\"https:\\\/\\\/blogdofarnesio.com.br\\\/#website\"},\"primaryImageOfPage\":{\"@id\":\"https:\\\/\\\/blogdofarnesio.com.br\\\/?p=249937#primaryimage\"},\"image\":{\"@id\":\"https:\\\/\\\/blogdofarnesio.com.br\\\/?p=249937#primaryimage\"},\"thumbnailUrl\":\"https:\\\/\\\/blogdofarnesio.com.br\\\/wp-content\\\/uploads\\\/2017\\\/06\\\/blogqsp-Ant\u00f4nio-Campos.jpg\",\"datePublished\":\"2020-02-11T14:03:47+00:00\",\"breadcrumb\":{\"@id\":\"https:\\\/\\\/blogdofarnesio.com.br\\\/?p=249937#breadcrumb\"},\"inLanguage\":\"pt-BR\",\"potentialAction\":[{\"@type\":\"ReadAction\",\"target\":[\"https:\\\/\\\/blogdofarnesio.com.br\\\/?p=249937\"]}]},{\"@type\":\"ImageObject\",\"inLanguage\":\"pt-BR\",\"@id\":\"https:\\\/\\\/blogdofarnesio.com.br\\\/?p=249937#primaryimage\",\"url\":\"https:\\\/\\\/blogdofarnesio.com.br\\\/wp-content\\\/uploads\\\/2017\\\/06\\\/blogqsp-Ant\u00f4nio-Campos.jpg\",\"contentUrl\":\"https:\\\/\\\/blogdofarnesio.com.br\\\/wp-content\\\/uploads\\\/2017\\\/06\\\/blogqsp-Ant\u00f4nio-Campos.jpg\",\"width\":750,\"height\":422},{\"@type\":\"BreadcrumbList\",\"@id\":\"https:\\\/\\\/blogdofarnesio.com.br\\\/?p=249937#breadcrumb\",\"itemListElement\":[{\"@type\":\"ListItem\",\"position\":1,\"name\":\"In\u00edcio\",\"item\":\"https:\\\/\\\/blogdofarnesio.com.br\\\/\"},{\"@type\":\"ListItem\",\"position\":2,\"name\":\"Em disputa com a fam\u00edlia, irm\u00e3o de Eduardo Campos pede prote\u00e7\u00e3o de vida \u00e0 Pol\u00edcia Federal\"}]},{\"@type\":\"WebSite\",\"@id\":\"https:\\\/\\\/blogdofarnesio.com.br\\\/#website\",\"url\":\"https:\\\/\\\/blogdofarnesio.com.br\\\/\",\"name\":\"Blog do Farn\u00e9sio\",\"description\":\"Quer Saber Pol\u00edtica?\",\"publisher\":{\"@id\":\"https:\\\/\\\/blogdofarnesio.com.br\\\/#organization\"},\"potentialAction\":[{\"@type\":\"SearchAction\",\"target\":{\"@type\":\"EntryPoint\",\"urlTemplate\":\"https:\\\/\\\/blogdofarnesio.com.br\\\/?s={search_term_string}\"},\"query-input\":{\"@type\":\"PropertyValueSpecification\",\"valueRequired\":true,\"valueName\":\"search_term_string\"}}],\"inLanguage\":\"pt-BR\"},{\"@type\":\"Organization\",\"@id\":\"https:\\\/\\\/blogdofarnesio.com.br\\\/#organization\",\"name\":\"Blog do Farn\u00e9sio\",\"url\":\"https:\\\/\\\/blogdofarnesio.com.br\\\/\",\"logo\":{\"@type\":\"ImageObject\",\"inLanguage\":\"pt-BR\",\"@id\":\"https:\\\/\\\/blogdofarnesio.com.br\\\/#\\\/schema\\\/logo\\\/image\\\/\",\"url\":\"https:\\\/\\\/blogdofarnesio.com.br\\\/wp-content\\\/uploads\\\/2026\\\/03\\\/cropped-logo_new-1.png\",\"contentUrl\":\"https:\\\/\\\/blogdofarnesio.com.br\\\/wp-content\\\/uploads\\\/2026\\\/03\\\/cropped-logo_new-1.png\",\"width\":881,\"height\":685,\"caption\":\"Blog do Farn\u00e9sio\"},\"image\":{\"@id\":\"https:\\\/\\\/blogdofarnesio.com.br\\\/#\\\/schema\\\/logo\\\/image\\\/\"},\"sameAs\":[\"https:\\\/\\\/www.facebook.com\\\/BlogQuerSaberPolitica\\\/\"]},{\"@type\":\"Person\",\"@id\":\"https:\\\/\\\/blogdofarnesio.com.br\\\/#\\\/schema\\\/person\\\/301c4acf522bccbfdb45af95b5b906a1\",\"name\":\"Farn\u00e9sio\",\"image\":{\"@type\":\"ImageObject\",\"inLanguage\":\"pt-BR\",\"@id\":\"https:\\\/\\\/secure.gravatar.com\\\/avatar\\\/df0c9a14567c056f8ad6876ba5bbd1e3e2c48023eb6807342fc4663adf549f38?s=96&d=mm&r=g\",\"url\":\"https:\\\/\\\/secure.gravatar.com\\\/avatar\\\/df0c9a14567c056f8ad6876ba5bbd1e3e2c48023eb6807342fc4663adf549f38?s=96&d=mm&r=g\",\"contentUrl\":\"https:\\\/\\\/secure.gravatar.com\\\/avatar\\\/df0c9a14567c056f8ad6876ba5bbd1e3e2c48023eb6807342fc4663adf549f38?s=96&d=mm&r=g\",\"caption\":\"Farn\u00e9sio\"},\"sameAs\":[\"https:\\\/\\\/quersaberpolitica.com.br\"],\"url\":\"https:\\\/\\\/blogdofarnesio.com.br\\\/?author=1\"}]}<\/script>\n<!-- \/ Yoast SEO plugin. -->","yoast_head_json":{"title":"Em disputa com a fam\u00edlia, irm\u00e3o de Eduardo Campos pede prote\u00e7\u00e3o de vida \u00e0 Pol\u00edcia Federal - Blog do Farn\u00e9sio","robots":{"index":"index","follow":"follow","max-snippet":"max-snippet:-1","max-image-preview":"max-image-preview:large","max-video-preview":"max-video-preview:-1"},"canonical":"https:\/\/blogdofarnesio.com.br\/?p=249937","og_locale":"pt_BR","og_type":"article","og_title":"Em disputa com a fam\u00edlia, irm\u00e3o de Eduardo Campos pede prote\u00e7\u00e3o de vida \u00e0 Pol\u00edcia Federal - Blog do Farn\u00e9sio","og_description":"Em mensagem enviada ao blog do Magno, o presidente da Funda\u00e7\u00e3o Joaquim Nabuco, Ant\u00f4nio Campos, o Tonca, irm\u00e3o do ex-governador Eduardo Campos, informou, ontem \u00e0 noite, que ir\u00e1 hoje, \u00e0s 11 horas, \u00e0 sede da Pol\u00edcia Federal, protocolar pedido de prote\u00e7\u00e3o de vida. Segundo ele, mensagens estranhas das mais variadas formas est\u00e3o chegando ao seu conhecimento desde a data em que o jornal O Estado de S\u00e3o Paulo trouxe ampla reportagem sobre a briga no seio da fam\u00edlia Campos. &#8220;Hoje de manh\u00e3, estarei pedindo seguran\u00e7a de vida \u00e0 Pol\u00edcia Federal e comunicando amea\u00e7as ao Minist\u00e9rio P\u00fablico Federal. Est\u00e3o tentando me intimidar como testemunha&#8221;, afirmou.","og_url":"https:\/\/blogdofarnesio.com.br\/?p=249937","og_site_name":"Blog do Farn\u00e9sio","article_publisher":"https:\/\/www.facebook.com\/BlogQuerSaberPolitica\/","article_published_time":"2020-02-11T14:03:47+00:00","og_image":[{"width":750,"height":422,"url":"https:\/\/blogdofarnesio.com.br\/wp-content\/uploads\/2017\/06\/blogqsp-Ant\u00f4nio-Campos.jpg","type":"image\/jpeg"}],"author":"Farn\u00e9sio","twitter_card":"summary_large_image","twitter_misc":{"Escrito por":"Farn\u00e9sio","Est. tempo de leitura":"1 minuto"},"schema":{"@context":"https:\/\/schema.org","@graph":[{"@type":"Article","@id":"https:\/\/blogdofarnesio.com.br\/?p=249937#article","isPartOf":{"@id":"https:\/\/blogdofarnesio.com.br\/?p=249937"},"author":{"name":"Farn\u00e9sio","@id":"https:\/\/blogdofarnesio.com.br\/#\/schema\/person\/301c4acf522bccbfdb45af95b5b906a1"},"headline":"Em disputa com a fam\u00edlia, irm\u00e3o de Eduardo Campos pede prote\u00e7\u00e3o de vida \u00e0 Pol\u00edcia Federal","datePublished":"2020-02-11T14:03:47+00:00","mainEntityOfPage":{"@id":"https:\/\/blogdofarnesio.com.br\/?p=249937"},"wordCount":133,"publisher":{"@id":"https:\/\/blogdofarnesio.com.br\/#organization"},"image":{"@id":"https:\/\/blogdofarnesio.com.br\/?p=249937#primaryimage"},"thumbnailUrl":"https:\/\/blogdofarnesio.com.br\/wp-content\/uploads\/2017\/06\/blogqsp-Ant\u00f4nio-Campos.jpg","articleSection":["Pol\u00edtica"],"inLanguage":"pt-BR"},{"@type":"WebPage","@id":"https:\/\/blogdofarnesio.com.br\/?p=249937","url":"https:\/\/blogdofarnesio.com.br\/?p=249937","name":"Em disputa com a fam\u00edlia, irm\u00e3o de Eduardo Campos pede prote\u00e7\u00e3o de vida \u00e0 Pol\u00edcia Federal - Blog do Farn\u00e9sio","isPartOf":{"@id":"https:\/\/blogdofarnesio.com.br\/#website"},"primaryImageOfPage":{"@id":"https:\/\/blogdofarnesio.com.br\/?p=249937#primaryimage"},"image":{"@id":"https:\/\/blogdofarnesio.com.br\/?p=249937#primaryimage"},"thumbnailUrl":"https:\/\/blogdofarnesio.com.br\/wp-content\/uploads\/2017\/06\/blogqsp-Ant\u00f4nio-Campos.jpg","datePublished":"2020-02-11T14:03:47+00:00","breadcrumb":{"@id":"https:\/\/blogdofarnesio.com.br\/?p=249937#breadcrumb"},"inLanguage":"pt-BR","potentialAction":[{"@type":"ReadAction","target":["https:\/\/blogdofarnesio.com.br\/?p=249937"]}]},{"@type":"ImageObject","inLanguage":"pt-BR","@id":"https:\/\/blogdofarnesio.com.br\/?p=249937#primaryimage","url":"https:\/\/blogdofarnesio.com.br\/wp-content\/uploads\/2017\/06\/blogqsp-Ant\u00f4nio-Campos.jpg","contentUrl":"https:\/\/blogdofarnesio.com.br\/wp-content\/uploads\/2017\/06\/blogqsp-Ant\u00f4nio-Campos.jpg","width":750,"height":422},{"@type":"BreadcrumbList","@id":"https:\/\/blogdofarnesio.com.br\/?p=249937#breadcrumb","itemListElement":[{"@type":"ListItem","position":1,"name":"In\u00edcio","item":"https:\/\/blogdofarnesio.com.br\/"},{"@type":"ListItem","position":2,"name":"Em disputa com a fam\u00edlia, irm\u00e3o de Eduardo Campos pede prote\u00e7\u00e3o de vida \u00e0 Pol\u00edcia Federal"}]},{"@type":"WebSite","@id":"https:\/\/blogdofarnesio.com.br\/#website","url":"https:\/\/blogdofarnesio.com.br\/","name":"Blog do Farn\u00e9sio","description":"Quer Saber Pol\u00edtica?","publisher":{"@id":"https:\/\/blogdofarnesio.com.br\/#organization"},"potentialAction":[{"@type":"SearchAction","target":{"@type":"EntryPoint","urlTemplate":"https:\/\/blogdofarnesio.com.br\/?s={search_term_string}"},"query-input":{"@type":"PropertyValueSpecification","valueRequired":true,"valueName":"search_term_string"}}],"inLanguage":"pt-BR"},{"@type":"Organization","@id":"https:\/\/blogdofarnesio.com.br\/#organization","name":"Blog do Farn\u00e9sio","url":"https:\/\/blogdofarnesio.com.br\/","logo":{"@type":"ImageObject","inLanguage":"pt-BR","@id":"https:\/\/blogdofarnesio.com.br\/#\/schema\/logo\/image\/","url":"https:\/\/blogdofarnesio.com.br\/wp-content\/uploads\/2026\/03\/cropped-logo_new-1.png","contentUrl":"https:\/\/blogdofarnesio.com.br\/wp-content\/uploads\/2026\/03\/cropped-logo_new-1.png","width":881,"height":685,"caption":"Blog do Farn\u00e9sio"},"image":{"@id":"https:\/\/blogdofarnesio.com.br\/#\/schema\/logo\/image\/"},"sameAs":["https:\/\/www.facebook.com\/BlogQuerSaberPolitica\/"]},{"@type":"Person","@id":"https:\/\/blogdofarnesio.com.br\/#\/schema\/person\/301c4acf522bccbfdb45af95b5b906a1","name":"Farn\u00e9sio","image":{"@type":"ImageObject","inLanguage":"pt-BR","@id":"https:\/\/secure.gravatar.com\/avatar\/df0c9a14567c056f8ad6876ba5bbd1e3e2c48023eb6807342fc4663adf549f38?s=96&d=mm&r=g","url":"https:\/\/secure.gravatar.com\/avatar\/df0c9a14567c056f8ad6876ba5bbd1e3e2c48023eb6807342fc4663adf549f38?s=96&d=mm&r=g","contentUrl":"https:\/\/secure.gravatar.com\/avatar\/df0c9a14567c056f8ad6876ba5bbd1e3e2c48023eb6807342fc4663adf549f38?s=96&d=mm&r=g","caption":"Farn\u00e9sio"},"sameAs":["https:\/\/quersaberpolitica.com.br"],"url":"https:\/\/blogdofarnesio.com.br\/?author=1"}]}},"_links":{"self":[{"href":"https:\/\/blogdofarnesio.com.br\/index.php?rest_route=\/wp\/v2\/posts\/249937","targetHints":{"allow":["GET"]}}],"collection":[{"href":"https:\/\/blogdofarnesio.com.br\/index.php?rest_route=\/wp\/v2\/posts"}],"about":[{"href":"https:\/\/blogdofarnesio.com.br\/index.php?rest_route=\/wp\/v2\/types\/post"}],"author":[{"embeddable":true,"href":"https:\/\/blogdofarnesio.com.br\/index.php?rest_route=\/wp\/v2\/users\/1"}],"replies":[{"embeddable":true,"href":"https:\/\/blogdofarnesio.com.br\/index.php?rest_route=%2Fwp%2Fv2%2Fcomments&post=249937"}],"version-history":[{"count":0,"href":"https:\/\/blogdofarnesio.com.br\/index.php?rest_route=\/wp\/v2\/posts\/249937\/revisions"}],"wp:featuredmedia":[{"embeddable":true,"href":"https:\/\/blogdofarnesio.com.br\/index.php?rest_route=\/wp\/v2\/media\/170161"}],"wp:attachment":[{"href":"https:\/\/blogdofarnesio.com.br\/index.php?rest_route=%2Fwp%2Fv2%2Fmedia&parent=249937"}],"wp:term":[{"taxonomy":"category","embeddable":true,"href":"https:\/\/blogdofarnesio.com.br\/index.php?rest_route=%2Fwp%2Fv2%2Fcategories&post=249937"},{"taxonomy":"post_tag","embeddable":true,"href":"https:\/\/blogdofarnesio.com.br\/index.php?rest_route=%2Fwp%2Fv2%2Ftags&post=249937"}],"curies":[{"name":"wp","href":"https:\/\/api.w.org\/{rel}","templated":true}]}}