{"id":249426,"date":"2020-02-04T12:00:14","date_gmt":"2020-02-04T15:00:14","guid":{"rendered":"http:\/\/quersaberpolitica.com.br\/2016\/?p=249426"},"modified":"2020-02-04T10:47:49","modified_gmt":"2020-02-04T13:47:49","slug":"listao-do-prouni-sai-terca-feira-programa-teve-782-mil-inscritos%ef%bb%bf","status":"publish","type":"post","link":"https:\/\/blogdofarnesio.com.br\/?p=249426","title":{"rendered":"List\u00e3o do Prouni sai nesta ter\u00e7a-feira. Programa teve 782 mil inscritos\ufeff"},"content":{"rendered":"<header>Nesta ter\u00e7a-feira (4), o Minist\u00e9rio da Educa\u00e7\u00e3o (MEC) promete divulgar os nomes dos contemplados com bolsas do Programa Universidade para Todos (Prouni), cujas inscri\u00e7\u00f5es acabaram no \u00faltimo s\u00e1bado (01). Na disputa est\u00e3o 782.497 pessoas que concorrem a 252.534 bolsas, sendo 122.432 integrais e 130.102, parciais (50%). No total o Prouni registrou 1.507.807 inscri\u00e7\u00f5es, segundo balan\u00e7o divulgado pelo MEC na manh\u00e3 desta segunda-feira (03).<\/header>\n<div id=\"texto-noticia\">\n<p>Direito foi o curso com o maior n\u00famero de inscri\u00e7\u00f5es, 137.507, seguido de administra\u00e7\u00e3o (121.871) e enfermagem (102.902). Por\u00e9m a gradua\u00e7\u00e3o mais concorrida \u00e9 medicina, com 54 candidatos por vaga. Depois aparecem artes c\u00eanicas (50) e comunica\u00e7\u00e3o social \u2013 cinema (41).<\/p>\n<h1>POR ESTADO<\/h1>\n<p>S\u00e3o Paulo liderou, no Pa\u00eds, o maior n\u00famero de inscri\u00e7\u00f5es e de inscritos: 262.850 e 143.583, respectivamente. Minas Gerais (165.475 inscri\u00e7\u00f5es e 91.058 inscritos) e Bahia (115.183 inscri\u00e7\u00f5es e 63.202 inscritos) aparecem em seguida. Com a menor quantidade de inscri\u00e7\u00f5es e concorrentes est\u00e1 Roraima: 2.855 inscri\u00e7\u00f5es e 1.566 inscritos.<\/p>\n<p>Por regi\u00e3o, o Sudeste aparece em primeiro lugar no n\u00famero de inscri\u00e7\u00f5es e inscritos: 544.787 e 283.869, respectivamente. Em seguida vem o Nordeste (502.428 inscri\u00e7\u00f5es e 259.346 inscritos) e Norte (178.545 inscri\u00e7\u00f5es e 91.898 inscritos). As com menores quantidades foram Sul (171.091 inscri\u00e7\u00f5es e 89.750 inscritos) e Centro-Oeste (110.045 inscri\u00e7\u00f5es e 57.535 inscritos).<\/p>\n<h2>Cronograma<\/h2>\n<p>04 de fevereiro \u2013 Resultado da 1\u00aa chamada<br \/>\n04\/02 a 11\/02 \u2013 Comprova\u00e7\u00e3o de informa\u00e7\u00f5es da 1\u00aa chamada<br \/>\n18\/02 \u2013 Resultado da 2\u00aa chamada<br \/>\n18\/02 a 28\/02 \u2013 Comprova\u00e7\u00e3o de informa\u00e7\u00f5es da 2\u00aa chamada<br \/>\n06\/03 a 09\/03 \u2013 Prazo para participar da Lista de Espera<br \/>\n12\/03 \u2013 Divulga\u00e7\u00e3o da Lista de Espera<br \/>\n13\/03 a 16\/03 \u2013 Comparecimento dos candidatos para entrega da documenta\u00e7\u00e3o<\/p>\n<p><strong>Blog do fera<\/strong><\/p>\n<\/div>\n","protected":false},"excerpt":{"rendered":"<p>Nesta ter\u00e7a-feira (4), o Minist\u00e9rio da Educa\u00e7\u00e3o (MEC) promete divulgar os nomes dos contemplados com bolsas do Programa Universidade para Todos (Prouni), cujas inscri\u00e7\u00f5es acabaram no \u00faltimo s\u00e1bado (01). Na disputa est\u00e3o 782.497 pessoas que concorrem a 252.534 bolsas, sendo 122.432 integrais e 130.102, parciais (50%). No total o Prouni registrou 1.507.807 inscri\u00e7\u00f5es, segundo balan\u00e7o divulgado pelo MEC na manh\u00e3 desta segunda-feira (03). Direito foi o curso com o maior n\u00famero de inscri\u00e7\u00f5es, 137.507, seguido de administra\u00e7\u00e3o (121.871) e enfermagem (102.902). Por\u00e9m a gradua\u00e7\u00e3o mais concorrida \u00e9 medicina, com 54 candidatos por vaga. Depois aparecem artes c\u00eanicas (50) e comunica\u00e7\u00e3o social \u2013 cinema (41). POR ESTADO S\u00e3o Paulo liderou, no Pa\u00eds, o maior n\u00famero de inscri\u00e7\u00f5es e de inscritos: 262.850&hellip; <\/p>\n","protected":false},"author":1,"featured_media":241529,"comment_status":"closed","ping_status":"closed","sticky":false,"template":"","format":"standard","meta":{"_acf_changed":false,"footnotes":""},"categories":[6],"tags":[],"class_list":["post-249426","post","type-post","status-publish","format-standard","has-post-thumbnail","hentry","category-educacao"],"acf":[],"yoast_head":"<!-- This site is optimized with the Yoast SEO plugin v27.4 - https:\/\/yoast.com\/product\/yoast-seo-wordpress\/ -->\n<title>List\u00e3o do Prouni sai nesta ter\u00e7a-feira. Programa teve 782 mil inscritos\ufeff - Blog do Farn\u00e9sio<\/title>\n<meta name=\"robots\" content=\"index, follow, max-snippet:-1, max-image-preview:large, max-video-preview:-1\" \/>\n<link rel=\"canonical\" href=\"https:\/\/blogdofarnesio.com.br\/?p=249426\" \/>\n<meta property=\"og:locale\" content=\"pt_BR\" \/>\n<meta property=\"og:type\" content=\"article\" \/>\n<meta property=\"og:title\" content=\"List\u00e3o do Prouni sai nesta ter\u00e7a-feira. Programa teve 782 mil inscritos\ufeff - Blog do Farn\u00e9sio\" \/>\n<meta property=\"og:description\" content=\"Nesta ter\u00e7a-feira (4), o Minist\u00e9rio da Educa\u00e7\u00e3o (MEC) promete divulgar os nomes dos contemplados com bolsas do Programa Universidade para Todos (Prouni), cujas inscri\u00e7\u00f5es acabaram no \u00faltimo s\u00e1bado (01). Na disputa est\u00e3o 782.497 pessoas que concorrem a 252.534 bolsas, sendo 122.432 integrais e 130.102, parciais (50%). No total o Prouni registrou 1.507.807 inscri\u00e7\u00f5es, segundo balan\u00e7o divulgado pelo MEC na manh\u00e3 desta segunda-feira (03). Direito foi o curso com o maior n\u00famero de inscri\u00e7\u00f5es, 137.507, seguido de administra\u00e7\u00e3o (121.871) e enfermagem (102.902). Por\u00e9m a gradua\u00e7\u00e3o mais concorrida \u00e9 medicina, com 54 candidatos por vaga. Depois aparecem artes c\u00eanicas (50) e comunica\u00e7\u00e3o social \u2013 cinema (41). POR ESTADO S\u00e3o Paulo liderou, no Pa\u00eds, o maior n\u00famero de inscri\u00e7\u00f5es e de inscritos: 262.850&hellip;\" \/>\n<meta property=\"og:url\" content=\"https:\/\/blogdofarnesio.com.br\/?p=249426\" \/>\n<meta property=\"og:site_name\" content=\"Blog do Farn\u00e9sio\" \/>\n<meta property=\"article:publisher\" content=\"https:\/\/www.facebook.com\/BlogQuerSaberPolitica\/\" \/>\n<meta property=\"article:published_time\" content=\"2020-02-04T15:00:14+00:00\" \/>\n<meta property=\"og:image\" content=\"https:\/\/blogdofarnesio.com.br\/wp-content\/uploads\/2019\/10\/blogqspENEM2019.png\" \/>\n\t<meta property=\"og:image:width\" content=\"640\" \/>\n\t<meta property=\"og:image:height\" content=\"427\" \/>\n\t<meta property=\"og:image:type\" content=\"image\/png\" \/>\n<meta name=\"author\" content=\"Farn\u00e9sio\" \/>\n<meta name=\"twitter:card\" content=\"summary_large_image\" \/>\n<meta name=\"twitter:label1\" content=\"Escrito por\" \/>\n\t<meta name=\"twitter:data1\" content=\"Farn\u00e9sio\" \/>\n\t<meta name=\"twitter:label2\" content=\"Est. tempo de leitura\" \/>\n\t<meta name=\"twitter:data2\" content=\"1 minuto\" \/>\n<script type=\"application\/ld+json\" class=\"yoast-schema-graph\">{\"@context\":\"https:\\\/\\\/schema.org\",\"@graph\":[{\"@type\":\"Article\",\"@id\":\"https:\\\/\\\/blogdofarnesio.com.br\\\/?p=249426#article\",\"isPartOf\":{\"@id\":\"https:\\\/\\\/blogdofarnesio.com.br\\\/?p=249426\"},\"author\":{\"name\":\"Farn\u00e9sio\",\"@id\":\"https:\\\/\\\/blogdofarnesio.com.br\\\/#\\\/schema\\\/person\\\/301c4acf522bccbfdb45af95b5b906a1\"},\"headline\":\"List\u00e3o do Prouni sai nesta ter\u00e7a-feira. Programa teve 782 mil inscritos\ufeff\",\"datePublished\":\"2020-02-04T15:00:14+00:00\",\"mainEntityOfPage\":{\"@id\":\"https:\\\/\\\/blogdofarnesio.com.br\\\/?p=249426\"},\"wordCount\":266,\"publisher\":{\"@id\":\"https:\\\/\\\/blogdofarnesio.com.br\\\/#organization\"},\"image\":{\"@id\":\"https:\\\/\\\/blogdofarnesio.com.br\\\/?p=249426#primaryimage\"},\"thumbnailUrl\":\"https:\\\/\\\/blogdofarnesio.com.br\\\/wp-content\\\/uploads\\\/2019\\\/10\\\/blogqspENEM2019.png\",\"articleSection\":[\"Educa\u00e7\u00e3o\"],\"inLanguage\":\"pt-BR\"},{\"@type\":\"WebPage\",\"@id\":\"https:\\\/\\\/blogdofarnesio.com.br\\\/?p=249426\",\"url\":\"https:\\\/\\\/blogdofarnesio.com.br\\\/?p=249426\",\"name\":\"List\u00e3o do Prouni sai nesta ter\u00e7a-feira. Programa teve 782 mil inscritos\ufeff - Blog do Farn\u00e9sio\",\"isPartOf\":{\"@id\":\"https:\\\/\\\/blogdofarnesio.com.br\\\/#website\"},\"primaryImageOfPage\":{\"@id\":\"https:\\\/\\\/blogdofarnesio.com.br\\\/?p=249426#primaryimage\"},\"image\":{\"@id\":\"https:\\\/\\\/blogdofarnesio.com.br\\\/?p=249426#primaryimage\"},\"thumbnailUrl\":\"https:\\\/\\\/blogdofarnesio.com.br\\\/wp-content\\\/uploads\\\/2019\\\/10\\\/blogqspENEM2019.png\",\"datePublished\":\"2020-02-04T15:00:14+00:00\",\"breadcrumb\":{\"@id\":\"https:\\\/\\\/blogdofarnesio.com.br\\\/?p=249426#breadcrumb\"},\"inLanguage\":\"pt-BR\",\"potentialAction\":[{\"@type\":\"ReadAction\",\"target\":[\"https:\\\/\\\/blogdofarnesio.com.br\\\/?p=249426\"]}]},{\"@type\":\"ImageObject\",\"inLanguage\":\"pt-BR\",\"@id\":\"https:\\\/\\\/blogdofarnesio.com.br\\\/?p=249426#primaryimage\",\"url\":\"https:\\\/\\\/blogdofarnesio.com.br\\\/wp-content\\\/uploads\\\/2019\\\/10\\\/blogqspENEM2019.png\",\"contentUrl\":\"https:\\\/\\\/blogdofarnesio.com.br\\\/wp-content\\\/uploads\\\/2019\\\/10\\\/blogqspENEM2019.png\",\"width\":640,\"height\":427},{\"@type\":\"BreadcrumbList\",\"@id\":\"https:\\\/\\\/blogdofarnesio.com.br\\\/?p=249426#breadcrumb\",\"itemListElement\":[{\"@type\":\"ListItem\",\"position\":1,\"name\":\"In\u00edcio\",\"item\":\"https:\\\/\\\/blogdofarnesio.com.br\\\/\"},{\"@type\":\"ListItem\",\"position\":2,\"name\":\"List\u00e3o do Prouni sai nesta ter\u00e7a-feira. Programa teve 782 mil inscritos\ufeff\"}]},{\"@type\":\"WebSite\",\"@id\":\"https:\\\/\\\/blogdofarnesio.com.br\\\/#website\",\"url\":\"https:\\\/\\\/blogdofarnesio.com.br\\\/\",\"name\":\"Blog do Farn\u00e9sio\",\"description\":\"Quer Saber Pol\u00edtica?\",\"publisher\":{\"@id\":\"https:\\\/\\\/blogdofarnesio.com.br\\\/#organization\"},\"potentialAction\":[{\"@type\":\"SearchAction\",\"target\":{\"@type\":\"EntryPoint\",\"urlTemplate\":\"https:\\\/\\\/blogdofarnesio.com.br\\\/?s={search_term_string}\"},\"query-input\":{\"@type\":\"PropertyValueSpecification\",\"valueRequired\":true,\"valueName\":\"search_term_string\"}}],\"inLanguage\":\"pt-BR\"},{\"@type\":\"Organization\",\"@id\":\"https:\\\/\\\/blogdofarnesio.com.br\\\/#organization\",\"name\":\"Blog do Farn\u00e9sio\",\"url\":\"https:\\\/\\\/blogdofarnesio.com.br\\\/\",\"logo\":{\"@type\":\"ImageObject\",\"inLanguage\":\"pt-BR\",\"@id\":\"https:\\\/\\\/blogdofarnesio.com.br\\\/#\\\/schema\\\/logo\\\/image\\\/\",\"url\":\"https:\\\/\\\/blogdofarnesio.com.br\\\/wp-content\\\/uploads\\\/2026\\\/03\\\/cropped-logo_new-1.png\",\"contentUrl\":\"https:\\\/\\\/blogdofarnesio.com.br\\\/wp-content\\\/uploads\\\/2026\\\/03\\\/cropped-logo_new-1.png\",\"width\":881,\"height\":685,\"caption\":\"Blog do Farn\u00e9sio\"},\"image\":{\"@id\":\"https:\\\/\\\/blogdofarnesio.com.br\\\/#\\\/schema\\\/logo\\\/image\\\/\"},\"sameAs\":[\"https:\\\/\\\/www.facebook.com\\\/BlogQuerSaberPolitica\\\/\"]},{\"@type\":\"Person\",\"@id\":\"https:\\\/\\\/blogdofarnesio.com.br\\\/#\\\/schema\\\/person\\\/301c4acf522bccbfdb45af95b5b906a1\",\"name\":\"Farn\u00e9sio\",\"image\":{\"@type\":\"ImageObject\",\"inLanguage\":\"pt-BR\",\"@id\":\"https:\\\/\\\/secure.gravatar.com\\\/avatar\\\/df0c9a14567c056f8ad6876ba5bbd1e3e2c48023eb6807342fc4663adf549f38?s=96&d=mm&r=g\",\"url\":\"https:\\\/\\\/secure.gravatar.com\\\/avatar\\\/df0c9a14567c056f8ad6876ba5bbd1e3e2c48023eb6807342fc4663adf549f38?s=96&d=mm&r=g\",\"contentUrl\":\"https:\\\/\\\/secure.gravatar.com\\\/avatar\\\/df0c9a14567c056f8ad6876ba5bbd1e3e2c48023eb6807342fc4663adf549f38?s=96&d=mm&r=g\",\"caption\":\"Farn\u00e9sio\"},\"sameAs\":[\"https:\\\/\\\/quersaberpolitica.com.br\"],\"url\":\"https:\\\/\\\/blogdofarnesio.com.br\\\/?author=1\"}]}<\/script>\n<!-- \/ Yoast SEO plugin. -->","yoast_head_json":{"title":"List\u00e3o do Prouni sai nesta ter\u00e7a-feira. Programa teve 782 mil inscritos\ufeff - Blog do Farn\u00e9sio","robots":{"index":"index","follow":"follow","max-snippet":"max-snippet:-1","max-image-preview":"max-image-preview:large","max-video-preview":"max-video-preview:-1"},"canonical":"https:\/\/blogdofarnesio.com.br\/?p=249426","og_locale":"pt_BR","og_type":"article","og_title":"List\u00e3o do Prouni sai nesta ter\u00e7a-feira. Programa teve 782 mil inscritos\ufeff - Blog do Farn\u00e9sio","og_description":"Nesta ter\u00e7a-feira (4), o Minist\u00e9rio da Educa\u00e7\u00e3o (MEC) promete divulgar os nomes dos contemplados com bolsas do Programa Universidade para Todos (Prouni), cujas inscri\u00e7\u00f5es acabaram no \u00faltimo s\u00e1bado (01). Na disputa est\u00e3o 782.497 pessoas que concorrem a 252.534 bolsas, sendo 122.432 integrais e 130.102, parciais (50%). No total o Prouni registrou 1.507.807 inscri\u00e7\u00f5es, segundo balan\u00e7o divulgado pelo MEC na manh\u00e3 desta segunda-feira (03). Direito foi o curso com o maior n\u00famero de inscri\u00e7\u00f5es, 137.507, seguido de administra\u00e7\u00e3o (121.871) e enfermagem (102.902). Por\u00e9m a gradua\u00e7\u00e3o mais concorrida \u00e9 medicina, com 54 candidatos por vaga. Depois aparecem artes c\u00eanicas (50) e comunica\u00e7\u00e3o social \u2013 cinema (41). POR ESTADO S\u00e3o Paulo liderou, no Pa\u00eds, o maior n\u00famero de inscri\u00e7\u00f5es e de inscritos: 262.850&hellip;","og_url":"https:\/\/blogdofarnesio.com.br\/?p=249426","og_site_name":"Blog do Farn\u00e9sio","article_publisher":"https:\/\/www.facebook.com\/BlogQuerSaberPolitica\/","article_published_time":"2020-02-04T15:00:14+00:00","og_image":[{"width":640,"height":427,"url":"https:\/\/blogdofarnesio.com.br\/wp-content\/uploads\/2019\/10\/blogqspENEM2019.png","type":"image\/png"}],"author":"Farn\u00e9sio","twitter_card":"summary_large_image","twitter_misc":{"Escrito por":"Farn\u00e9sio","Est. tempo de leitura":"1 minuto"},"schema":{"@context":"https:\/\/schema.org","@graph":[{"@type":"Article","@id":"https:\/\/blogdofarnesio.com.br\/?p=249426#article","isPartOf":{"@id":"https:\/\/blogdofarnesio.com.br\/?p=249426"},"author":{"name":"Farn\u00e9sio","@id":"https:\/\/blogdofarnesio.com.br\/#\/schema\/person\/301c4acf522bccbfdb45af95b5b906a1"},"headline":"List\u00e3o do Prouni sai nesta ter\u00e7a-feira. Programa teve 782 mil inscritos\ufeff","datePublished":"2020-02-04T15:00:14+00:00","mainEntityOfPage":{"@id":"https:\/\/blogdofarnesio.com.br\/?p=249426"},"wordCount":266,"publisher":{"@id":"https:\/\/blogdofarnesio.com.br\/#organization"},"image":{"@id":"https:\/\/blogdofarnesio.com.br\/?p=249426#primaryimage"},"thumbnailUrl":"https:\/\/blogdofarnesio.com.br\/wp-content\/uploads\/2019\/10\/blogqspENEM2019.png","articleSection":["Educa\u00e7\u00e3o"],"inLanguage":"pt-BR"},{"@type":"WebPage","@id":"https:\/\/blogdofarnesio.com.br\/?p=249426","url":"https:\/\/blogdofarnesio.com.br\/?p=249426","name":"List\u00e3o do Prouni sai nesta ter\u00e7a-feira. Programa teve 782 mil inscritos\ufeff - Blog do Farn\u00e9sio","isPartOf":{"@id":"https:\/\/blogdofarnesio.com.br\/#website"},"primaryImageOfPage":{"@id":"https:\/\/blogdofarnesio.com.br\/?p=249426#primaryimage"},"image":{"@id":"https:\/\/blogdofarnesio.com.br\/?p=249426#primaryimage"},"thumbnailUrl":"https:\/\/blogdofarnesio.com.br\/wp-content\/uploads\/2019\/10\/blogqspENEM2019.png","datePublished":"2020-02-04T15:00:14+00:00","breadcrumb":{"@id":"https:\/\/blogdofarnesio.com.br\/?p=249426#breadcrumb"},"inLanguage":"pt-BR","potentialAction":[{"@type":"ReadAction","target":["https:\/\/blogdofarnesio.com.br\/?p=249426"]}]},{"@type":"ImageObject","inLanguage":"pt-BR","@id":"https:\/\/blogdofarnesio.com.br\/?p=249426#primaryimage","url":"https:\/\/blogdofarnesio.com.br\/wp-content\/uploads\/2019\/10\/blogqspENEM2019.png","contentUrl":"https:\/\/blogdofarnesio.com.br\/wp-content\/uploads\/2019\/10\/blogqspENEM2019.png","width":640,"height":427},{"@type":"BreadcrumbList","@id":"https:\/\/blogdofarnesio.com.br\/?p=249426#breadcrumb","itemListElement":[{"@type":"ListItem","position":1,"name":"In\u00edcio","item":"https:\/\/blogdofarnesio.com.br\/"},{"@type":"ListItem","position":2,"name":"List\u00e3o do Prouni sai nesta ter\u00e7a-feira. Programa teve 782 mil inscritos\ufeff"}]},{"@type":"WebSite","@id":"https:\/\/blogdofarnesio.com.br\/#website","url":"https:\/\/blogdofarnesio.com.br\/","name":"Blog do Farn\u00e9sio","description":"Quer Saber Pol\u00edtica?","publisher":{"@id":"https:\/\/blogdofarnesio.com.br\/#organization"},"potentialAction":[{"@type":"SearchAction","target":{"@type":"EntryPoint","urlTemplate":"https:\/\/blogdofarnesio.com.br\/?s={search_term_string}"},"query-input":{"@type":"PropertyValueSpecification","valueRequired":true,"valueName":"search_term_string"}}],"inLanguage":"pt-BR"},{"@type":"Organization","@id":"https:\/\/blogdofarnesio.com.br\/#organization","name":"Blog do Farn\u00e9sio","url":"https:\/\/blogdofarnesio.com.br\/","logo":{"@type":"ImageObject","inLanguage":"pt-BR","@id":"https:\/\/blogdofarnesio.com.br\/#\/schema\/logo\/image\/","url":"https:\/\/blogdofarnesio.com.br\/wp-content\/uploads\/2026\/03\/cropped-logo_new-1.png","contentUrl":"https:\/\/blogdofarnesio.com.br\/wp-content\/uploads\/2026\/03\/cropped-logo_new-1.png","width":881,"height":685,"caption":"Blog do Farn\u00e9sio"},"image":{"@id":"https:\/\/blogdofarnesio.com.br\/#\/schema\/logo\/image\/"},"sameAs":["https:\/\/www.facebook.com\/BlogQuerSaberPolitica\/"]},{"@type":"Person","@id":"https:\/\/blogdofarnesio.com.br\/#\/schema\/person\/301c4acf522bccbfdb45af95b5b906a1","name":"Farn\u00e9sio","image":{"@type":"ImageObject","inLanguage":"pt-BR","@id":"https:\/\/secure.gravatar.com\/avatar\/df0c9a14567c056f8ad6876ba5bbd1e3e2c48023eb6807342fc4663adf549f38?s=96&d=mm&r=g","url":"https:\/\/secure.gravatar.com\/avatar\/df0c9a14567c056f8ad6876ba5bbd1e3e2c48023eb6807342fc4663adf549f38?s=96&d=mm&r=g","contentUrl":"https:\/\/secure.gravatar.com\/avatar\/df0c9a14567c056f8ad6876ba5bbd1e3e2c48023eb6807342fc4663adf549f38?s=96&d=mm&r=g","caption":"Farn\u00e9sio"},"sameAs":["https:\/\/quersaberpolitica.com.br"],"url":"https:\/\/blogdofarnesio.com.br\/?author=1"}]}},"_links":{"self":[{"href":"https:\/\/blogdofarnesio.com.br\/index.php?rest_route=\/wp\/v2\/posts\/249426","targetHints":{"allow":["GET"]}}],"collection":[{"href":"https:\/\/blogdofarnesio.com.br\/index.php?rest_route=\/wp\/v2\/posts"}],"about":[{"href":"https:\/\/blogdofarnesio.com.br\/index.php?rest_route=\/wp\/v2\/types\/post"}],"author":[{"embeddable":true,"href":"https:\/\/blogdofarnesio.com.br\/index.php?rest_route=\/wp\/v2\/users\/1"}],"replies":[{"embeddable":true,"href":"https:\/\/blogdofarnesio.com.br\/index.php?rest_route=%2Fwp%2Fv2%2Fcomments&post=249426"}],"version-history":[{"count":0,"href":"https:\/\/blogdofarnesio.com.br\/index.php?rest_route=\/wp\/v2\/posts\/249426\/revisions"}],"wp:featuredmedia":[{"embeddable":true,"href":"https:\/\/blogdofarnesio.com.br\/index.php?rest_route=\/wp\/v2\/media\/241529"}],"wp:attachment":[{"href":"https:\/\/blogdofarnesio.com.br\/index.php?rest_route=%2Fwp%2Fv2%2Fmedia&parent=249426"}],"wp:term":[{"taxonomy":"category","embeddable":true,"href":"https:\/\/blogdofarnesio.com.br\/index.php?rest_route=%2Fwp%2Fv2%2Fcategories&post=249426"},{"taxonomy":"post_tag","embeddable":true,"href":"https:\/\/blogdofarnesio.com.br\/index.php?rest_route=%2Fwp%2Fv2%2Ftags&post=249426"}],"curies":[{"name":"wp","href":"https:\/\/api.w.org\/{rel}","templated":true}]}}