{"id":249094,"date":"2020-01-31T08:01:44","date_gmt":"2020-01-31T11:01:44","guid":{"rendered":"http:\/\/quersaberpolitica.com.br\/2016\/?p=249094"},"modified":"2020-01-30T19:32:29","modified_gmt":"2020-01-30T22:32:29","slug":"curaca-se-prepara-para-receber-casais-da-especie-ararinha-azul","status":"publish","type":"post","link":"https:\/\/blogdofarnesio.com.br\/?p=249094","title":{"rendered":"Cura\u00e7\u00e1 se prepara para receber casais da esp\u00e9cie Ararinha Azul"},"content":{"rendered":"<p>Previsto para o dia 03 de mar\u00e7o de 2020, o Ref\u00fagio de Vida Silvestre situado dentro de uma \u00e1rea de prote\u00e7\u00e3o ambiental na zona rural de Cura\u00e7\u00e1 \u2013 BA, ir\u00e1 receber dezenas de casais da esp\u00e9cie \u2018Cyanopsitta spixii\u2019, mais conhecida como Ararinha Azul, para posteriormente iniciar o processo de reintrodu\u00e7\u00e3o da mesma na caatinga.<\/p>\n<p>Essa a\u00e7\u00e3o \u00e9 parte de um projeto que vem sendo desenvolvido h\u00e1 alguns anos com atividades de ecologia, manejo sustent\u00e1vel da fauna, flora e o cooperativismo com os agricultores e as comunidades circunvizinhas.<\/p>\n<p>Voltar\u00e3o para sua terra natal cerca de 50 exemplares da ararinha azul vindas de um cativeiro na ACTP (Association for the Conservation of Threatend Parrots) na Alemanha, que \u00e9 uma das parceiras do ICMBio (Institudo Chico Mendes de Prote\u00e7\u00e3o da Biodiversidade) que coordena o projeto.<\/p>\n<p>O evento ir\u00e1 mobilizar escolas, sindicatos, autoridades, imprensa e grupos culturais, saudando a chegada de um ilustre filho da terra que por consequ\u00eancia do tr\u00e1fico de animais e a explora\u00e7\u00e3o ilegal abandonou seu habitat natural h\u00e1 mais de 20 anos.<\/p>\n<p>ASCOM<\/p>\n","protected":false},"excerpt":{"rendered":"<p>Previsto para o dia 03 de mar\u00e7o de 2020, o Ref\u00fagio de Vida Silvestre situado dentro de uma \u00e1rea de prote\u00e7\u00e3o ambiental na zona rural de Cura\u00e7\u00e1 \u2013 BA, ir\u00e1 receber dezenas de casais da esp\u00e9cie \u2018Cyanopsitta spixii\u2019, mais conhecida como Ararinha Azul, para posteriormente iniciar o processo de reintrodu\u00e7\u00e3o da mesma na caatinga. Essa a\u00e7\u00e3o \u00e9 parte de um projeto que vem sendo desenvolvido h\u00e1 alguns anos com atividades de ecologia, manejo sustent\u00e1vel da fauna, flora e o cooperativismo com os agricultores e as comunidades circunvizinhas. Voltar\u00e3o para sua terra natal cerca de 50 exemplares da ararinha azul vindas de um cativeiro na ACTP (Association for the Conservation of Threatend Parrots) na Alemanha, que \u00e9 uma das parceiras do&hellip; <\/p>\n","protected":false},"author":1,"featured_media":154073,"comment_status":"closed","ping_status":"closed","sticky":false,"template":"","format":"standard","meta":{"_acf_changed":false,"footnotes":""},"categories":[27,29],"tags":[],"class_list":["post-249094","post","type-post","status-publish","format-standard","has-post-thumbnail","hentry","category-cidades","category-meio-ambiente"],"acf":[],"yoast_head":"<!-- This site is optimized with the Yoast SEO plugin v27.4 - https:\/\/yoast.com\/product\/yoast-seo-wordpress\/ -->\n<title>Cura\u00e7\u00e1 se prepara para receber casais da esp\u00e9cie Ararinha Azul - Blog do Farn\u00e9sio<\/title>\n<meta name=\"robots\" content=\"index, follow, max-snippet:-1, max-image-preview:large, max-video-preview:-1\" \/>\n<link rel=\"canonical\" href=\"https:\/\/blogdofarnesio.com.br\/?p=249094\" \/>\n<meta property=\"og:locale\" content=\"pt_BR\" \/>\n<meta property=\"og:type\" content=\"article\" \/>\n<meta property=\"og:title\" content=\"Cura\u00e7\u00e1 se prepara para receber casais da esp\u00e9cie Ararinha Azul - Blog do Farn\u00e9sio\" \/>\n<meta property=\"og:description\" content=\"Previsto para o dia 03 de mar\u00e7o de 2020, o Ref\u00fagio de Vida Silvestre situado dentro de uma \u00e1rea de prote\u00e7\u00e3o ambiental na zona rural de Cura\u00e7\u00e1 \u2013 BA, ir\u00e1 receber dezenas de casais da esp\u00e9cie \u2018Cyanopsitta spixii\u2019, mais conhecida como Ararinha Azul, para posteriormente iniciar o processo de reintrodu\u00e7\u00e3o da mesma na caatinga. Essa a\u00e7\u00e3o \u00e9 parte de um projeto que vem sendo desenvolvido h\u00e1 alguns anos com atividades de ecologia, manejo sustent\u00e1vel da fauna, flora e o cooperativismo com os agricultores e as comunidades circunvizinhas. Voltar\u00e3o para sua terra natal cerca de 50 exemplares da ararinha azul vindas de um cativeiro na ACTP (Association for the Conservation of Threatend Parrots) na Alemanha, que \u00e9 uma das parceiras do&hellip;\" \/>\n<meta property=\"og:url\" content=\"https:\/\/blogdofarnesio.com.br\/?p=249094\" \/>\n<meta property=\"og:site_name\" content=\"Blog do Farn\u00e9sio\" \/>\n<meta property=\"article:publisher\" content=\"https:\/\/www.facebook.com\/BlogQuerSaberPolitica\/\" \/>\n<meta property=\"article:published_time\" content=\"2020-01-31T11:01:44+00:00\" \/>\n<meta property=\"og:image\" content=\"https:\/\/blogdofarnesio.com.br\/wp-content\/uploads\/2017\/01\/blogqspcura\u00e7\u00e1Ararinha-azul.jpg\" \/>\n\t<meta property=\"og:image:width\" content=\"720\" \/>\n\t<meta property=\"og:image:height\" content=\"480\" \/>\n\t<meta property=\"og:image:type\" content=\"image\/jpeg\" \/>\n<meta name=\"author\" content=\"Farn\u00e9sio\" \/>\n<meta name=\"twitter:card\" content=\"summary_large_image\" \/>\n<meta name=\"twitter:label1\" content=\"Escrito por\" \/>\n\t<meta name=\"twitter:data1\" content=\"Farn\u00e9sio\" \/>\n\t<meta name=\"twitter:label2\" content=\"Est. tempo de leitura\" \/>\n\t<meta name=\"twitter:data2\" content=\"1 minuto\" \/>\n<script type=\"application\/ld+json\" class=\"yoast-schema-graph\">{\"@context\":\"https:\\\/\\\/schema.org\",\"@graph\":[{\"@type\":\"Article\",\"@id\":\"https:\\\/\\\/blogdofarnesio.com.br\\\/?p=249094#article\",\"isPartOf\":{\"@id\":\"https:\\\/\\\/blogdofarnesio.com.br\\\/?p=249094\"},\"author\":{\"name\":\"Farn\u00e9sio\",\"@id\":\"https:\\\/\\\/blogdofarnesio.com.br\\\/#\\\/schema\\\/person\\\/301c4acf522bccbfdb45af95b5b906a1\"},\"headline\":\"Cura\u00e7\u00e1 se prepara para receber casais da esp\u00e9cie Ararinha Azul\",\"datePublished\":\"2020-01-31T11:01:44+00:00\",\"mainEntityOfPage\":{\"@id\":\"https:\\\/\\\/blogdofarnesio.com.br\\\/?p=249094\"},\"wordCount\":189,\"publisher\":{\"@id\":\"https:\\\/\\\/blogdofarnesio.com.br\\\/#organization\"},\"image\":{\"@id\":\"https:\\\/\\\/blogdofarnesio.com.br\\\/?p=249094#primaryimage\"},\"thumbnailUrl\":\"https:\\\/\\\/blogdofarnesio.com.br\\\/wp-content\\\/uploads\\\/2017\\\/01\\\/blogqspcura\u00e7\u00e1Ararinha-azul.jpg\",\"articleSection\":[\"Cidades\",\"Meio Ambiente\"],\"inLanguage\":\"pt-BR\"},{\"@type\":\"WebPage\",\"@id\":\"https:\\\/\\\/blogdofarnesio.com.br\\\/?p=249094\",\"url\":\"https:\\\/\\\/blogdofarnesio.com.br\\\/?p=249094\",\"name\":\"Cura\u00e7\u00e1 se prepara para receber casais da esp\u00e9cie Ararinha Azul - Blog do Farn\u00e9sio\",\"isPartOf\":{\"@id\":\"https:\\\/\\\/blogdofarnesio.com.br\\\/#website\"},\"primaryImageOfPage\":{\"@id\":\"https:\\\/\\\/blogdofarnesio.com.br\\\/?p=249094#primaryimage\"},\"image\":{\"@id\":\"https:\\\/\\\/blogdofarnesio.com.br\\\/?p=249094#primaryimage\"},\"thumbnailUrl\":\"https:\\\/\\\/blogdofarnesio.com.br\\\/wp-content\\\/uploads\\\/2017\\\/01\\\/blogqspcura\u00e7\u00e1Ararinha-azul.jpg\",\"datePublished\":\"2020-01-31T11:01:44+00:00\",\"breadcrumb\":{\"@id\":\"https:\\\/\\\/blogdofarnesio.com.br\\\/?p=249094#breadcrumb\"},\"inLanguage\":\"pt-BR\",\"potentialAction\":[{\"@type\":\"ReadAction\",\"target\":[\"https:\\\/\\\/blogdofarnesio.com.br\\\/?p=249094\"]}]},{\"@type\":\"ImageObject\",\"inLanguage\":\"pt-BR\",\"@id\":\"https:\\\/\\\/blogdofarnesio.com.br\\\/?p=249094#primaryimage\",\"url\":\"https:\\\/\\\/blogdofarnesio.com.br\\\/wp-content\\\/uploads\\\/2017\\\/01\\\/blogqspcura\u00e7\u00e1Ararinha-azul.jpg\",\"contentUrl\":\"https:\\\/\\\/blogdofarnesio.com.br\\\/wp-content\\\/uploads\\\/2017\\\/01\\\/blogqspcura\u00e7\u00e1Ararinha-azul.jpg\",\"width\":720,\"height\":480,\"caption\":\"Ilustra\u00e7\u00e3o\"},{\"@type\":\"BreadcrumbList\",\"@id\":\"https:\\\/\\\/blogdofarnesio.com.br\\\/?p=249094#breadcrumb\",\"itemListElement\":[{\"@type\":\"ListItem\",\"position\":1,\"name\":\"In\u00edcio\",\"item\":\"https:\\\/\\\/blogdofarnesio.com.br\\\/\"},{\"@type\":\"ListItem\",\"position\":2,\"name\":\"Cura\u00e7\u00e1 se prepara para receber casais da esp\u00e9cie Ararinha Azul\"}]},{\"@type\":\"WebSite\",\"@id\":\"https:\\\/\\\/blogdofarnesio.com.br\\\/#website\",\"url\":\"https:\\\/\\\/blogdofarnesio.com.br\\\/\",\"name\":\"Blog do Farn\u00e9sio\",\"description\":\"Quer Saber Pol\u00edtica?\",\"publisher\":{\"@id\":\"https:\\\/\\\/blogdofarnesio.com.br\\\/#organization\"},\"potentialAction\":[{\"@type\":\"SearchAction\",\"target\":{\"@type\":\"EntryPoint\",\"urlTemplate\":\"https:\\\/\\\/blogdofarnesio.com.br\\\/?s={search_term_string}\"},\"query-input\":{\"@type\":\"PropertyValueSpecification\",\"valueRequired\":true,\"valueName\":\"search_term_string\"}}],\"inLanguage\":\"pt-BR\"},{\"@type\":\"Organization\",\"@id\":\"https:\\\/\\\/blogdofarnesio.com.br\\\/#organization\",\"name\":\"Blog do Farn\u00e9sio\",\"url\":\"https:\\\/\\\/blogdofarnesio.com.br\\\/\",\"logo\":{\"@type\":\"ImageObject\",\"inLanguage\":\"pt-BR\",\"@id\":\"https:\\\/\\\/blogdofarnesio.com.br\\\/#\\\/schema\\\/logo\\\/image\\\/\",\"url\":\"https:\\\/\\\/blogdofarnesio.com.br\\\/wp-content\\\/uploads\\\/2026\\\/03\\\/cropped-logo_new-1.png\",\"contentUrl\":\"https:\\\/\\\/blogdofarnesio.com.br\\\/wp-content\\\/uploads\\\/2026\\\/03\\\/cropped-logo_new-1.png\",\"width\":881,\"height\":685,\"caption\":\"Blog do Farn\u00e9sio\"},\"image\":{\"@id\":\"https:\\\/\\\/blogdofarnesio.com.br\\\/#\\\/schema\\\/logo\\\/image\\\/\"},\"sameAs\":[\"https:\\\/\\\/www.facebook.com\\\/BlogQuerSaberPolitica\\\/\"]},{\"@type\":\"Person\",\"@id\":\"https:\\\/\\\/blogdofarnesio.com.br\\\/#\\\/schema\\\/person\\\/301c4acf522bccbfdb45af95b5b906a1\",\"name\":\"Farn\u00e9sio\",\"image\":{\"@type\":\"ImageObject\",\"inLanguage\":\"pt-BR\",\"@id\":\"https:\\\/\\\/secure.gravatar.com\\\/avatar\\\/df0c9a14567c056f8ad6876ba5bbd1e3e2c48023eb6807342fc4663adf549f38?s=96&d=mm&r=g\",\"url\":\"https:\\\/\\\/secure.gravatar.com\\\/avatar\\\/df0c9a14567c056f8ad6876ba5bbd1e3e2c48023eb6807342fc4663adf549f38?s=96&d=mm&r=g\",\"contentUrl\":\"https:\\\/\\\/secure.gravatar.com\\\/avatar\\\/df0c9a14567c056f8ad6876ba5bbd1e3e2c48023eb6807342fc4663adf549f38?s=96&d=mm&r=g\",\"caption\":\"Farn\u00e9sio\"},\"sameAs\":[\"https:\\\/\\\/quersaberpolitica.com.br\"],\"url\":\"https:\\\/\\\/blogdofarnesio.com.br\\\/?author=1\"}]}<\/script>\n<!-- \/ Yoast SEO plugin. -->","yoast_head_json":{"title":"Cura\u00e7\u00e1 se prepara para receber casais da esp\u00e9cie Ararinha Azul - Blog do Farn\u00e9sio","robots":{"index":"index","follow":"follow","max-snippet":"max-snippet:-1","max-image-preview":"max-image-preview:large","max-video-preview":"max-video-preview:-1"},"canonical":"https:\/\/blogdofarnesio.com.br\/?p=249094","og_locale":"pt_BR","og_type":"article","og_title":"Cura\u00e7\u00e1 se prepara para receber casais da esp\u00e9cie Ararinha Azul - Blog do Farn\u00e9sio","og_description":"Previsto para o dia 03 de mar\u00e7o de 2020, o Ref\u00fagio de Vida Silvestre situado dentro de uma \u00e1rea de prote\u00e7\u00e3o ambiental na zona rural de Cura\u00e7\u00e1 \u2013 BA, ir\u00e1 receber dezenas de casais da esp\u00e9cie \u2018Cyanopsitta spixii\u2019, mais conhecida como Ararinha Azul, para posteriormente iniciar o processo de reintrodu\u00e7\u00e3o da mesma na caatinga. Essa a\u00e7\u00e3o \u00e9 parte de um projeto que vem sendo desenvolvido h\u00e1 alguns anos com atividades de ecologia, manejo sustent\u00e1vel da fauna, flora e o cooperativismo com os agricultores e as comunidades circunvizinhas. Voltar\u00e3o para sua terra natal cerca de 50 exemplares da ararinha azul vindas de um cativeiro na ACTP (Association for the Conservation of Threatend Parrots) na Alemanha, que \u00e9 uma das parceiras do&hellip;","og_url":"https:\/\/blogdofarnesio.com.br\/?p=249094","og_site_name":"Blog do Farn\u00e9sio","article_publisher":"https:\/\/www.facebook.com\/BlogQuerSaberPolitica\/","article_published_time":"2020-01-31T11:01:44+00:00","og_image":[{"width":720,"height":480,"url":"https:\/\/blogdofarnesio.com.br\/wp-content\/uploads\/2017\/01\/blogqspcura\u00e7\u00e1Ararinha-azul.jpg","type":"image\/jpeg"}],"author":"Farn\u00e9sio","twitter_card":"summary_large_image","twitter_misc":{"Escrito por":"Farn\u00e9sio","Est. tempo de leitura":"1 minuto"},"schema":{"@context":"https:\/\/schema.org","@graph":[{"@type":"Article","@id":"https:\/\/blogdofarnesio.com.br\/?p=249094#article","isPartOf":{"@id":"https:\/\/blogdofarnesio.com.br\/?p=249094"},"author":{"name":"Farn\u00e9sio","@id":"https:\/\/blogdofarnesio.com.br\/#\/schema\/person\/301c4acf522bccbfdb45af95b5b906a1"},"headline":"Cura\u00e7\u00e1 se prepara para receber casais da esp\u00e9cie Ararinha Azul","datePublished":"2020-01-31T11:01:44+00:00","mainEntityOfPage":{"@id":"https:\/\/blogdofarnesio.com.br\/?p=249094"},"wordCount":189,"publisher":{"@id":"https:\/\/blogdofarnesio.com.br\/#organization"},"image":{"@id":"https:\/\/blogdofarnesio.com.br\/?p=249094#primaryimage"},"thumbnailUrl":"https:\/\/blogdofarnesio.com.br\/wp-content\/uploads\/2017\/01\/blogqspcura\u00e7\u00e1Ararinha-azul.jpg","articleSection":["Cidades","Meio Ambiente"],"inLanguage":"pt-BR"},{"@type":"WebPage","@id":"https:\/\/blogdofarnesio.com.br\/?p=249094","url":"https:\/\/blogdofarnesio.com.br\/?p=249094","name":"Cura\u00e7\u00e1 se prepara para receber casais da esp\u00e9cie Ararinha Azul - Blog do Farn\u00e9sio","isPartOf":{"@id":"https:\/\/blogdofarnesio.com.br\/#website"},"primaryImageOfPage":{"@id":"https:\/\/blogdofarnesio.com.br\/?p=249094#primaryimage"},"image":{"@id":"https:\/\/blogdofarnesio.com.br\/?p=249094#primaryimage"},"thumbnailUrl":"https:\/\/blogdofarnesio.com.br\/wp-content\/uploads\/2017\/01\/blogqspcura\u00e7\u00e1Ararinha-azul.jpg","datePublished":"2020-01-31T11:01:44+00:00","breadcrumb":{"@id":"https:\/\/blogdofarnesio.com.br\/?p=249094#breadcrumb"},"inLanguage":"pt-BR","potentialAction":[{"@type":"ReadAction","target":["https:\/\/blogdofarnesio.com.br\/?p=249094"]}]},{"@type":"ImageObject","inLanguage":"pt-BR","@id":"https:\/\/blogdofarnesio.com.br\/?p=249094#primaryimage","url":"https:\/\/blogdofarnesio.com.br\/wp-content\/uploads\/2017\/01\/blogqspcura\u00e7\u00e1Ararinha-azul.jpg","contentUrl":"https:\/\/blogdofarnesio.com.br\/wp-content\/uploads\/2017\/01\/blogqspcura\u00e7\u00e1Ararinha-azul.jpg","width":720,"height":480,"caption":"Ilustra\u00e7\u00e3o"},{"@type":"BreadcrumbList","@id":"https:\/\/blogdofarnesio.com.br\/?p=249094#breadcrumb","itemListElement":[{"@type":"ListItem","position":1,"name":"In\u00edcio","item":"https:\/\/blogdofarnesio.com.br\/"},{"@type":"ListItem","position":2,"name":"Cura\u00e7\u00e1 se prepara para receber casais da esp\u00e9cie Ararinha Azul"}]},{"@type":"WebSite","@id":"https:\/\/blogdofarnesio.com.br\/#website","url":"https:\/\/blogdofarnesio.com.br\/","name":"Blog do Farn\u00e9sio","description":"Quer Saber Pol\u00edtica?","publisher":{"@id":"https:\/\/blogdofarnesio.com.br\/#organization"},"potentialAction":[{"@type":"SearchAction","target":{"@type":"EntryPoint","urlTemplate":"https:\/\/blogdofarnesio.com.br\/?s={search_term_string}"},"query-input":{"@type":"PropertyValueSpecification","valueRequired":true,"valueName":"search_term_string"}}],"inLanguage":"pt-BR"},{"@type":"Organization","@id":"https:\/\/blogdofarnesio.com.br\/#organization","name":"Blog do Farn\u00e9sio","url":"https:\/\/blogdofarnesio.com.br\/","logo":{"@type":"ImageObject","inLanguage":"pt-BR","@id":"https:\/\/blogdofarnesio.com.br\/#\/schema\/logo\/image\/","url":"https:\/\/blogdofarnesio.com.br\/wp-content\/uploads\/2026\/03\/cropped-logo_new-1.png","contentUrl":"https:\/\/blogdofarnesio.com.br\/wp-content\/uploads\/2026\/03\/cropped-logo_new-1.png","width":881,"height":685,"caption":"Blog do Farn\u00e9sio"},"image":{"@id":"https:\/\/blogdofarnesio.com.br\/#\/schema\/logo\/image\/"},"sameAs":["https:\/\/www.facebook.com\/BlogQuerSaberPolitica\/"]},{"@type":"Person","@id":"https:\/\/blogdofarnesio.com.br\/#\/schema\/person\/301c4acf522bccbfdb45af95b5b906a1","name":"Farn\u00e9sio","image":{"@type":"ImageObject","inLanguage":"pt-BR","@id":"https:\/\/secure.gravatar.com\/avatar\/df0c9a14567c056f8ad6876ba5bbd1e3e2c48023eb6807342fc4663adf549f38?s=96&d=mm&r=g","url":"https:\/\/secure.gravatar.com\/avatar\/df0c9a14567c056f8ad6876ba5bbd1e3e2c48023eb6807342fc4663adf549f38?s=96&d=mm&r=g","contentUrl":"https:\/\/secure.gravatar.com\/avatar\/df0c9a14567c056f8ad6876ba5bbd1e3e2c48023eb6807342fc4663adf549f38?s=96&d=mm&r=g","caption":"Farn\u00e9sio"},"sameAs":["https:\/\/quersaberpolitica.com.br"],"url":"https:\/\/blogdofarnesio.com.br\/?author=1"}]}},"_links":{"self":[{"href":"https:\/\/blogdofarnesio.com.br\/index.php?rest_route=\/wp\/v2\/posts\/249094","targetHints":{"allow":["GET"]}}],"collection":[{"href":"https:\/\/blogdofarnesio.com.br\/index.php?rest_route=\/wp\/v2\/posts"}],"about":[{"href":"https:\/\/blogdofarnesio.com.br\/index.php?rest_route=\/wp\/v2\/types\/post"}],"author":[{"embeddable":true,"href":"https:\/\/blogdofarnesio.com.br\/index.php?rest_route=\/wp\/v2\/users\/1"}],"replies":[{"embeddable":true,"href":"https:\/\/blogdofarnesio.com.br\/index.php?rest_route=%2Fwp%2Fv2%2Fcomments&post=249094"}],"version-history":[{"count":0,"href":"https:\/\/blogdofarnesio.com.br\/index.php?rest_route=\/wp\/v2\/posts\/249094\/revisions"}],"wp:featuredmedia":[{"embeddable":true,"href":"https:\/\/blogdofarnesio.com.br\/index.php?rest_route=\/wp\/v2\/media\/154073"}],"wp:attachment":[{"href":"https:\/\/blogdofarnesio.com.br\/index.php?rest_route=%2Fwp%2Fv2%2Fmedia&parent=249094"}],"wp:term":[{"taxonomy":"category","embeddable":true,"href":"https:\/\/blogdofarnesio.com.br\/index.php?rest_route=%2Fwp%2Fv2%2Fcategories&post=249094"},{"taxonomy":"post_tag","embeddable":true,"href":"https:\/\/blogdofarnesio.com.br\/index.php?rest_route=%2Fwp%2Fv2%2Ftags&post=249094"}],"curies":[{"name":"wp","href":"https:\/\/api.w.org\/{rel}","templated":true}]}}