{"id":24871,"date":"2013-01-28T08:00:36","date_gmt":"2013-01-28T11:00:36","guid":{"rendered":"http:\/\/www.quersaberpolitica.com.br\/?p=24871"},"modified":"2013-01-28T08:01:00","modified_gmt":"2013-01-28T11:01:00","slug":"reducao-do-custo-de-energia-na-bahia-para-consumidores-residenciais-sera-de-1896","status":"publish","type":"post","link":"https:\/\/blogdofarnesio.com.br\/?p=24871","title":{"rendered":"Redu\u00e7\u00e3o do custo de energia na Bahia para consumidores residenciais ser\u00e1 de 18,96%"},"content":{"rendered":"<p style=\"text-align: justify\"><a href=\"http:\/\/www.quersaberpolitica.com.br\/?attachment_id=24890\" rel=\"attachment wp-att-24890\"><img loading=\"lazy\" decoding=\"async\" class=\"alignleft size-full wp-image-24890\" title=\"blogqspbarragemsobradinho01 foto Farn\u00e9sio Silva20\" alt=\"\" src=\"http:\/\/www.quersaberpolitica.com.br\/2016\/wp-content\/uploads\/2013\/01\/blogqspbarragemsobradinho01-foto-Farn\u00e9sio-Silva201.jpg\" width=\"384\" height=\"264\" srcset=\"https:\/\/blogdofarnesio.com.br\/wp-content\/uploads\/2013\/01\/blogqspbarragemsobradinho01-foto-Farn\u00e9sio-Silva201.jpg 384w, https:\/\/blogdofarnesio.com.br\/wp-content\/uploads\/2013\/01\/blogqspbarragemsobradinho01-foto-Farn\u00e9sio-Silva201-300x206.jpg 300w\" sizes=\"auto, (max-width: 384px) 100vw, 384px\" \/><\/a>A ANEEL aprovou ontem (24), em reuni\u00e3o extraordin\u00e1ria, as novas tarifas que reduzir\u00e3o a conta de energia el\u00e9trica. Na Bahia, as contas cobradas pela Companhia de Eletricidade do Estado da Bahia (Coelba), para consumidores de baixa tens\u00e3o (residenciais), ser\u00e1 de 18,96%, isso porque A ANEEL estabelece uma tarifa diferente para cada distribuidora \u2013 em fun\u00e7\u00e3o das peculiaridades de cada concess\u00e3o.<\/p>\n<p style=\"text-align: justify\">A presidenta Dilma Rousseff, em pronunciamento ontem em rede nacional de r\u00e1dio e televis\u00e3o, anunciou que a partir de hoje a conta de luz dos brasileiros ter\u00e1 uma redu\u00e7\u00e3o de 18% para as resid\u00eancias e de at\u00e9 32% para as ind\u00fastrias, agricultura, com\u00e9rcio e servi\u00e7os.<\/p>\n<p style=\"text-align: justify\">Segundo o senador Walter Pinheiro, a redu\u00e7\u00e3o das contas de energia el\u00e9trica ser\u00e1 uma contribui\u00e7\u00e3o para o desenvolvimento do pa\u00eds, uma vez que acarretar\u00e1 em maior produtividade da ind\u00fastria, al\u00e9m de maior economia para as fam\u00edlias brasileiras. A redu\u00e7\u00e3o \u00e9 resultado da Lei n\u00ba 12.783\/2013, que promoveu a renova\u00e7\u00e3o das concess\u00f5es de transmiss\u00e3o e gera\u00e7\u00e3o de energia que venciam at\u00e9 2017, e das medidas provis\u00f3rias 591\/2012 e 605\/2013.<\/p>\n<p style=\"text-align: justify\">As novas tarifas entram em vigor a partir de hoje. De acordo com a ANEEL, a redu\u00e7\u00e3o do pre\u00e7o s\u00f3 deve ser percebida integralmente pelo consumidor ap\u00f3s um ciclo completo de cobran\u00e7a com as novas tarifas. Ou seja, no primeiro m\u00eas de vig\u00eancia, dependendo da data de vencimento da conta, parte do consumo utilizar\u00e1 a tarifa antiga e outra parte a nova tarifa, reduzida.<\/p>\n<p style=\"text-align: justify\">Como as novas tarifas valem a partir do dia 24 de janeiro, por exemplo, um consumidor que tem sua leitura feita no dia 10 de fevereiro, teria, em fevereiro, metade de sua energia faturada pela tarifa antiga e a outra metade pela nova tarifa. A partir de 25 de fevereiro todas as contas j\u00e1 perceber\u00e3o os benef\u00edcios completos da tarifa reduzida.<\/p>\n<p style=\"text-align: justify\">A Federa\u00e7\u00e3o das Ind\u00fastrias do Estado de S\u00e3o Paulo (Fiesp) e o Centro das Ind\u00fastrias do Estado de S\u00e3o Paulo (Ciesp) informaram que a economia m\u00e9dia anual no pa\u00eds passar\u00e1 de R$ 24 bilh\u00f5es para R$ 31,5 bilh\u00f5es com o desconto maior na conta de luz. Em um prazo de 30 anos, as entidades projetam que a economia passar\u00e1 de R$ 720 bilh\u00f5es para R$ 945 bilh\u00f5es.<\/p>\n","protected":false},"excerpt":{"rendered":"<p>A ANEEL aprovou ontem (24), em reuni\u00e3o extraordin\u00e1ria, as novas tarifas que reduzir\u00e3o a conta de energia el\u00e9trica. Na Bahia, as contas cobradas pela Companhia de Eletricidade do Estado da Bahia (Coelba), para consumidores de baixa tens\u00e3o (residenciais), ser\u00e1 de 18,96%, isso porque A ANEEL estabelece uma tarifa diferente para cada distribuidora \u2013 em fun\u00e7\u00e3o das peculiaridades de cada concess\u00e3o. A presidenta Dilma Rousseff, em pronunciamento ontem em rede nacional de r\u00e1dio e televis\u00e3o, anunciou que a partir de hoje a conta de luz dos brasileiros ter\u00e1 uma redu\u00e7\u00e3o de 18% para as resid\u00eancias e de at\u00e9 32% para as ind\u00fastrias, agricultura, com\u00e9rcio e servi\u00e7os. Segundo o senador Walter Pinheiro, a redu\u00e7\u00e3o das contas de energia el\u00e9trica ser\u00e1 uma contribui\u00e7\u00e3o&hellip; <\/p>\n","protected":false},"author":3,"featured_media":0,"comment_status":"open","ping_status":"open","sticky":false,"template":"","format":"standard","meta":{"_acf_changed":false,"footnotes":""},"categories":[20],"tags":[],"class_list":["post-24871","post","type-post","status-publish","format-standard","hentry","category-economia"],"acf":[],"yoast_head":"<!-- This site is optimized with the Yoast SEO plugin v27.4 - https:\/\/yoast.com\/product\/yoast-seo-wordpress\/ -->\n<title>Redu\u00e7\u00e3o do custo de energia na Bahia para consumidores residenciais ser\u00e1 de 18,96% - Blog do Farn\u00e9sio<\/title>\n<meta name=\"robots\" content=\"index, follow, max-snippet:-1, max-image-preview:large, max-video-preview:-1\" \/>\n<link rel=\"canonical\" href=\"https:\/\/blogdofarnesio.com.br\/?p=24871\" \/>\n<meta property=\"og:locale\" content=\"pt_BR\" \/>\n<meta property=\"og:type\" content=\"article\" \/>\n<meta property=\"og:title\" content=\"Redu\u00e7\u00e3o do custo de energia na Bahia para consumidores residenciais ser\u00e1 de 18,96% - Blog do Farn\u00e9sio\" \/>\n<meta property=\"og:description\" content=\"A ANEEL aprovou ontem (24), em reuni\u00e3o extraordin\u00e1ria, as novas tarifas que reduzir\u00e3o a conta de energia el\u00e9trica. Na Bahia, as contas cobradas pela Companhia de Eletricidade do Estado da Bahia (Coelba), para consumidores de baixa tens\u00e3o (residenciais), ser\u00e1 de 18,96%, isso porque A ANEEL estabelece uma tarifa diferente para cada distribuidora \u2013 em fun\u00e7\u00e3o das peculiaridades de cada concess\u00e3o. A presidenta Dilma Rousseff, em pronunciamento ontem em rede nacional de r\u00e1dio e televis\u00e3o, anunciou que a partir de hoje a conta de luz dos brasileiros ter\u00e1 uma redu\u00e7\u00e3o de 18% para as resid\u00eancias e de at\u00e9 32% para as ind\u00fastrias, agricultura, com\u00e9rcio e servi\u00e7os. Segundo o senador Walter Pinheiro, a redu\u00e7\u00e3o das contas de energia el\u00e9trica ser\u00e1 uma contribui\u00e7\u00e3o&hellip;\" \/>\n<meta property=\"og:url\" content=\"https:\/\/blogdofarnesio.com.br\/?p=24871\" \/>\n<meta property=\"og:site_name\" content=\"Blog do Farn\u00e9sio\" \/>\n<meta property=\"article:publisher\" content=\"https:\/\/www.facebook.com\/BlogQuerSaberPolitica\/\" \/>\n<meta property=\"article:published_time\" content=\"2013-01-28T11:00:36+00:00\" \/>\n<meta property=\"article:modified_time\" content=\"2013-01-28T11:01:00+00:00\" \/>\n<meta name=\"author\" content=\"teste\" \/>\n<meta name=\"twitter:card\" content=\"summary_large_image\" \/>\n<meta name=\"twitter:label1\" content=\"Escrito por\" \/>\n\t<meta name=\"twitter:data1\" content=\"teste\" \/>\n\t<meta name=\"twitter:label2\" content=\"Est. tempo de leitura\" \/>\n\t<meta name=\"twitter:data2\" content=\"2 minutos\" \/>\n<script type=\"application\/ld+json\" class=\"yoast-schema-graph\">{\"@context\":\"https:\\\/\\\/schema.org\",\"@graph\":[{\"@type\":\"Article\",\"@id\":\"https:\\\/\\\/blogdofarnesio.com.br\\\/?p=24871#article\",\"isPartOf\":{\"@id\":\"https:\\\/\\\/blogdofarnesio.com.br\\\/?p=24871\"},\"author\":{\"name\":\"teste\",\"@id\":\"https:\\\/\\\/blogdofarnesio.com.br\\\/#\\\/schema\\\/person\\\/dd1bf5eba40b687199ba45ca6b97dff9\"},\"headline\":\"Redu\u00e7\u00e3o do custo de energia na Bahia para consumidores residenciais ser\u00e1 de 18,96%\",\"datePublished\":\"2013-01-28T11:00:36+00:00\",\"dateModified\":\"2013-01-28T11:01:00+00:00\",\"mainEntityOfPage\":{\"@id\":\"https:\\\/\\\/blogdofarnesio.com.br\\\/?p=24871\"},\"wordCount\":406,\"commentCount\":1,\"publisher\":{\"@id\":\"https:\\\/\\\/blogdofarnesio.com.br\\\/#organization\"},\"articleSection\":[\"Economia\"],\"inLanguage\":\"pt-BR\",\"potentialAction\":[{\"@type\":\"CommentAction\",\"name\":\"Comment\",\"target\":[\"https:\\\/\\\/blogdofarnesio.com.br\\\/?p=24871#respond\"]}]},{\"@type\":\"WebPage\",\"@id\":\"https:\\\/\\\/blogdofarnesio.com.br\\\/?p=24871\",\"url\":\"https:\\\/\\\/blogdofarnesio.com.br\\\/?p=24871\",\"name\":\"Redu\u00e7\u00e3o do custo de energia na Bahia para consumidores residenciais ser\u00e1 de 18,96% - Blog do Farn\u00e9sio\",\"isPartOf\":{\"@id\":\"https:\\\/\\\/blogdofarnesio.com.br\\\/#website\"},\"datePublished\":\"2013-01-28T11:00:36+00:00\",\"dateModified\":\"2013-01-28T11:01:00+00:00\",\"breadcrumb\":{\"@id\":\"https:\\\/\\\/blogdofarnesio.com.br\\\/?p=24871#breadcrumb\"},\"inLanguage\":\"pt-BR\",\"potentialAction\":[{\"@type\":\"ReadAction\",\"target\":[\"https:\\\/\\\/blogdofarnesio.com.br\\\/?p=24871\"]}]},{\"@type\":\"BreadcrumbList\",\"@id\":\"https:\\\/\\\/blogdofarnesio.com.br\\\/?p=24871#breadcrumb\",\"itemListElement\":[{\"@type\":\"ListItem\",\"position\":1,\"name\":\"In\u00edcio\",\"item\":\"https:\\\/\\\/blogdofarnesio.com.br\\\/\"},{\"@type\":\"ListItem\",\"position\":2,\"name\":\"Redu\u00e7\u00e3o do custo de energia na Bahia para consumidores residenciais ser\u00e1 de 18,96%\"}]},{\"@type\":\"WebSite\",\"@id\":\"https:\\\/\\\/blogdofarnesio.com.br\\\/#website\",\"url\":\"https:\\\/\\\/blogdofarnesio.com.br\\\/\",\"name\":\"Blog do Farn\u00e9sio\",\"description\":\"Quer Saber Pol\u00edtica?\",\"publisher\":{\"@id\":\"https:\\\/\\\/blogdofarnesio.com.br\\\/#organization\"},\"potentialAction\":[{\"@type\":\"SearchAction\",\"target\":{\"@type\":\"EntryPoint\",\"urlTemplate\":\"https:\\\/\\\/blogdofarnesio.com.br\\\/?s={search_term_string}\"},\"query-input\":{\"@type\":\"PropertyValueSpecification\",\"valueRequired\":true,\"valueName\":\"search_term_string\"}}],\"inLanguage\":\"pt-BR\"},{\"@type\":\"Organization\",\"@id\":\"https:\\\/\\\/blogdofarnesio.com.br\\\/#organization\",\"name\":\"Blog do Farn\u00e9sio\",\"url\":\"https:\\\/\\\/blogdofarnesio.com.br\\\/\",\"logo\":{\"@type\":\"ImageObject\",\"inLanguage\":\"pt-BR\",\"@id\":\"https:\\\/\\\/blogdofarnesio.com.br\\\/#\\\/schema\\\/logo\\\/image\\\/\",\"url\":\"https:\\\/\\\/blogdofarnesio.com.br\\\/wp-content\\\/uploads\\\/2026\\\/03\\\/cropped-logo_new-1.png\",\"contentUrl\":\"https:\\\/\\\/blogdofarnesio.com.br\\\/wp-content\\\/uploads\\\/2026\\\/03\\\/cropped-logo_new-1.png\",\"width\":881,\"height\":685,\"caption\":\"Blog do Farn\u00e9sio\"},\"image\":{\"@id\":\"https:\\\/\\\/blogdofarnesio.com.br\\\/#\\\/schema\\\/logo\\\/image\\\/\"},\"sameAs\":[\"https:\\\/\\\/www.facebook.com\\\/BlogQuerSaberPolitica\\\/\"]},{\"@type\":\"Person\",\"@id\":\"https:\\\/\\\/blogdofarnesio.com.br\\\/#\\\/schema\\\/person\\\/dd1bf5eba40b687199ba45ca6b97dff9\",\"name\":\"teste\",\"image\":{\"@type\":\"ImageObject\",\"inLanguage\":\"pt-BR\",\"@id\":\"https:\\\/\\\/secure.gravatar.com\\\/avatar\\\/2172498d4914b51e1d89a0f97957b035ac4938723a5cac208135d389b6972a6d?s=96&d=mm&r=g\",\"url\":\"https:\\\/\\\/secure.gravatar.com\\\/avatar\\\/2172498d4914b51e1d89a0f97957b035ac4938723a5cac208135d389b6972a6d?s=96&d=mm&r=g\",\"contentUrl\":\"https:\\\/\\\/secure.gravatar.com\\\/avatar\\\/2172498d4914b51e1d89a0f97957b035ac4938723a5cac208135d389b6972a6d?s=96&d=mm&r=g\",\"caption\":\"teste\"},\"url\":\"https:\\\/\\\/blogdofarnesio.com.br\\\/?author=3\"}]}<\/script>\n<!-- \/ Yoast SEO plugin. -->","yoast_head_json":{"title":"Redu\u00e7\u00e3o do custo de energia na Bahia para consumidores residenciais ser\u00e1 de 18,96% - Blog do Farn\u00e9sio","robots":{"index":"index","follow":"follow","max-snippet":"max-snippet:-1","max-image-preview":"max-image-preview:large","max-video-preview":"max-video-preview:-1"},"canonical":"https:\/\/blogdofarnesio.com.br\/?p=24871","og_locale":"pt_BR","og_type":"article","og_title":"Redu\u00e7\u00e3o do custo de energia na Bahia para consumidores residenciais ser\u00e1 de 18,96% - Blog do Farn\u00e9sio","og_description":"A ANEEL aprovou ontem (24), em reuni\u00e3o extraordin\u00e1ria, as novas tarifas que reduzir\u00e3o a conta de energia el\u00e9trica. Na Bahia, as contas cobradas pela Companhia de Eletricidade do Estado da Bahia (Coelba), para consumidores de baixa tens\u00e3o (residenciais), ser\u00e1 de 18,96%, isso porque A ANEEL estabelece uma tarifa diferente para cada distribuidora \u2013 em fun\u00e7\u00e3o das peculiaridades de cada concess\u00e3o. A presidenta Dilma Rousseff, em pronunciamento ontem em rede nacional de r\u00e1dio e televis\u00e3o, anunciou que a partir de hoje a conta de luz dos brasileiros ter\u00e1 uma redu\u00e7\u00e3o de 18% para as resid\u00eancias e de at\u00e9 32% para as ind\u00fastrias, agricultura, com\u00e9rcio e servi\u00e7os. Segundo o senador Walter Pinheiro, a redu\u00e7\u00e3o das contas de energia el\u00e9trica ser\u00e1 uma contribui\u00e7\u00e3o&hellip;","og_url":"https:\/\/blogdofarnesio.com.br\/?p=24871","og_site_name":"Blog do Farn\u00e9sio","article_publisher":"https:\/\/www.facebook.com\/BlogQuerSaberPolitica\/","article_published_time":"2013-01-28T11:00:36+00:00","article_modified_time":"2013-01-28T11:01:00+00:00","author":"teste","twitter_card":"summary_large_image","twitter_misc":{"Escrito por":"teste","Est. tempo de leitura":"2 minutos"},"schema":{"@context":"https:\/\/schema.org","@graph":[{"@type":"Article","@id":"https:\/\/blogdofarnesio.com.br\/?p=24871#article","isPartOf":{"@id":"https:\/\/blogdofarnesio.com.br\/?p=24871"},"author":{"name":"teste","@id":"https:\/\/blogdofarnesio.com.br\/#\/schema\/person\/dd1bf5eba40b687199ba45ca6b97dff9"},"headline":"Redu\u00e7\u00e3o do custo de energia na Bahia para consumidores residenciais ser\u00e1 de 18,96%","datePublished":"2013-01-28T11:00:36+00:00","dateModified":"2013-01-28T11:01:00+00:00","mainEntityOfPage":{"@id":"https:\/\/blogdofarnesio.com.br\/?p=24871"},"wordCount":406,"commentCount":1,"publisher":{"@id":"https:\/\/blogdofarnesio.com.br\/#organization"},"articleSection":["Economia"],"inLanguage":"pt-BR","potentialAction":[{"@type":"CommentAction","name":"Comment","target":["https:\/\/blogdofarnesio.com.br\/?p=24871#respond"]}]},{"@type":"WebPage","@id":"https:\/\/blogdofarnesio.com.br\/?p=24871","url":"https:\/\/blogdofarnesio.com.br\/?p=24871","name":"Redu\u00e7\u00e3o do custo de energia na Bahia para consumidores residenciais ser\u00e1 de 18,96% - Blog do Farn\u00e9sio","isPartOf":{"@id":"https:\/\/blogdofarnesio.com.br\/#website"},"datePublished":"2013-01-28T11:00:36+00:00","dateModified":"2013-01-28T11:01:00+00:00","breadcrumb":{"@id":"https:\/\/blogdofarnesio.com.br\/?p=24871#breadcrumb"},"inLanguage":"pt-BR","potentialAction":[{"@type":"ReadAction","target":["https:\/\/blogdofarnesio.com.br\/?p=24871"]}]},{"@type":"BreadcrumbList","@id":"https:\/\/blogdofarnesio.com.br\/?p=24871#breadcrumb","itemListElement":[{"@type":"ListItem","position":1,"name":"In\u00edcio","item":"https:\/\/blogdofarnesio.com.br\/"},{"@type":"ListItem","position":2,"name":"Redu\u00e7\u00e3o do custo de energia na Bahia para consumidores residenciais ser\u00e1 de 18,96%"}]},{"@type":"WebSite","@id":"https:\/\/blogdofarnesio.com.br\/#website","url":"https:\/\/blogdofarnesio.com.br\/","name":"Blog do Farn\u00e9sio","description":"Quer Saber Pol\u00edtica?","publisher":{"@id":"https:\/\/blogdofarnesio.com.br\/#organization"},"potentialAction":[{"@type":"SearchAction","target":{"@type":"EntryPoint","urlTemplate":"https:\/\/blogdofarnesio.com.br\/?s={search_term_string}"},"query-input":{"@type":"PropertyValueSpecification","valueRequired":true,"valueName":"search_term_string"}}],"inLanguage":"pt-BR"},{"@type":"Organization","@id":"https:\/\/blogdofarnesio.com.br\/#organization","name":"Blog do Farn\u00e9sio","url":"https:\/\/blogdofarnesio.com.br\/","logo":{"@type":"ImageObject","inLanguage":"pt-BR","@id":"https:\/\/blogdofarnesio.com.br\/#\/schema\/logo\/image\/","url":"https:\/\/blogdofarnesio.com.br\/wp-content\/uploads\/2026\/03\/cropped-logo_new-1.png","contentUrl":"https:\/\/blogdofarnesio.com.br\/wp-content\/uploads\/2026\/03\/cropped-logo_new-1.png","width":881,"height":685,"caption":"Blog do Farn\u00e9sio"},"image":{"@id":"https:\/\/blogdofarnesio.com.br\/#\/schema\/logo\/image\/"},"sameAs":["https:\/\/www.facebook.com\/BlogQuerSaberPolitica\/"]},{"@type":"Person","@id":"https:\/\/blogdofarnesio.com.br\/#\/schema\/person\/dd1bf5eba40b687199ba45ca6b97dff9","name":"teste","image":{"@type":"ImageObject","inLanguage":"pt-BR","@id":"https:\/\/secure.gravatar.com\/avatar\/2172498d4914b51e1d89a0f97957b035ac4938723a5cac208135d389b6972a6d?s=96&d=mm&r=g","url":"https:\/\/secure.gravatar.com\/avatar\/2172498d4914b51e1d89a0f97957b035ac4938723a5cac208135d389b6972a6d?s=96&d=mm&r=g","contentUrl":"https:\/\/secure.gravatar.com\/avatar\/2172498d4914b51e1d89a0f97957b035ac4938723a5cac208135d389b6972a6d?s=96&d=mm&r=g","caption":"teste"},"url":"https:\/\/blogdofarnesio.com.br\/?author=3"}]}},"_links":{"self":[{"href":"https:\/\/blogdofarnesio.com.br\/index.php?rest_route=\/wp\/v2\/posts\/24871","targetHints":{"allow":["GET"]}}],"collection":[{"href":"https:\/\/blogdofarnesio.com.br\/index.php?rest_route=\/wp\/v2\/posts"}],"about":[{"href":"https:\/\/blogdofarnesio.com.br\/index.php?rest_route=\/wp\/v2\/types\/post"}],"author":[{"embeddable":true,"href":"https:\/\/blogdofarnesio.com.br\/index.php?rest_route=\/wp\/v2\/users\/3"}],"replies":[{"embeddable":true,"href":"https:\/\/blogdofarnesio.com.br\/index.php?rest_route=%2Fwp%2Fv2%2Fcomments&post=24871"}],"version-history":[{"count":0,"href":"https:\/\/blogdofarnesio.com.br\/index.php?rest_route=\/wp\/v2\/posts\/24871\/revisions"}],"wp:attachment":[{"href":"https:\/\/blogdofarnesio.com.br\/index.php?rest_route=%2Fwp%2Fv2%2Fmedia&parent=24871"}],"wp:term":[{"taxonomy":"category","embeddable":true,"href":"https:\/\/blogdofarnesio.com.br\/index.php?rest_route=%2Fwp%2Fv2%2Fcategories&post=24871"},{"taxonomy":"post_tag","embeddable":true,"href":"https:\/\/blogdofarnesio.com.br\/index.php?rest_route=%2Fwp%2Fv2%2Ftags&post=24871"}],"curies":[{"name":"wp","href":"https:\/\/api.w.org\/{rel}","templated":true}]}}