{"id":248008,"date":"2020-01-15T15:00:47","date_gmt":"2020-01-15T18:00:47","guid":{"rendered":"http:\/\/quersaberpolitica.com.br\/2016\/?p=248008"},"modified":"2020-01-15T14:54:34","modified_gmt":"2020-01-15T17:54:34","slug":"infraestrutura-e-servicos-publicos-inicia-operacao-tapa-buraco-nas-principais-avenidas-de-sobradinho-da-cidade","status":"publish","type":"post","link":"https:\/\/blogdofarnesio.com.br\/?p=248008","title":{"rendered":"Infraestrutura e Servi\u00e7os P\u00fablicos inicia opera\u00e7\u00e3o tapa buraco nas principais avenidas de Sobradinho da cidade"},"content":{"rendered":"<p>Devido as fortes chuvas que ca\u00edram nos \u00faltimos dias na cidade, a Prefeitura de Sobradinho, atrav\u00e9s da Secretaria de Infraestrutura e Servi\u00e7os P\u00fablicos iniciou a opera\u00e7\u00e3o tapa buraco.<\/p>\n<p>Inicialmente est\u00e3o sendo realizados servi\u00e7os na avenida Paulo Afonso, que liga os Bairros Santana, S\u00e3o Francisco e S\u00e3o Joaquim e na avenida lateral da quadra 2, logo ap\u00f3s, a avenida Jos\u00e9 Balbino de Souza receber\u00e1 os servi\u00e7os da opera\u00e7\u00e3o. Outros pontos da cidade que necessitem dos servi\u00e7os tamb\u00e9m ser\u00e3o contemplados.<\/p>\n<p>\u201cNos primeiros dias do ano, muitas chuvas ca\u00edram sobre nossa cidade, e a tend\u00eancia \u00e9 que comece a abrir buracos ao longo do pavimento. Assim que percebemos a situa\u00e7\u00e3o, destacamos equipes da SIESP para iniciar o trabalho da opera\u00e7\u00e3o tapa buraco, um servi\u00e7o de manuten\u00e7\u00e3o das vias, contribuindo diretamente com o tr\u00e1fego de nossa cidade\u201d, afirmou Moacir Torres, profissional respons\u00e1vel pela secretaria.<\/p>\n<p><strong>Ascom PMS<\/strong><\/p>\n","protected":false},"excerpt":{"rendered":"<p>Devido as fortes chuvas que ca\u00edram nos \u00faltimos dias na cidade, a Prefeitura de Sobradinho, atrav\u00e9s da Secretaria de Infraestrutura e Servi\u00e7os P\u00fablicos iniciou a opera\u00e7\u00e3o tapa buraco. Inicialmente est\u00e3o sendo realizados servi\u00e7os na avenida Paulo Afonso, que liga os Bairros Santana, S\u00e3o Francisco e S\u00e3o Joaquim e na avenida lateral da quadra 2, logo ap\u00f3s, a avenida Jos\u00e9 Balbino de Souza receber\u00e1 os servi\u00e7os da opera\u00e7\u00e3o. Outros pontos da cidade que necessitem dos servi\u00e7os tamb\u00e9m ser\u00e3o contemplados. \u201cNos primeiros dias do ano, muitas chuvas ca\u00edram sobre nossa cidade, e a tend\u00eancia \u00e9 que comece a abrir buracos ao longo do pavimento. Assim que percebemos a situa\u00e7\u00e3o, destacamos equipes da SIESP para iniciar o trabalho da opera\u00e7\u00e3o tapa buraco, um&hellip; <\/p>\n","protected":false},"author":1,"featured_media":248009,"comment_status":"closed","ping_status":"closed","sticky":false,"template":"","format":"standard","meta":{"_acf_changed":false,"footnotes":""},"categories":[1],"tags":[],"class_list":["post-248008","post","type-post","status-publish","format-standard","has-post-thumbnail","hentry","category-politica"],"acf":[],"yoast_head":"<!-- This site is optimized with the Yoast SEO plugin v27.4 - https:\/\/yoast.com\/product\/yoast-seo-wordpress\/ -->\n<title>Infraestrutura e Servi\u00e7os P\u00fablicos inicia opera\u00e7\u00e3o tapa buraco nas principais avenidas de Sobradinho da cidade - Blog do Farn\u00e9sio<\/title>\n<meta name=\"robots\" content=\"index, follow, max-snippet:-1, max-image-preview:large, max-video-preview:-1\" \/>\n<link rel=\"canonical\" href=\"https:\/\/blogdofarnesio.com.br\/?p=248008\" \/>\n<meta property=\"og:locale\" content=\"pt_BR\" \/>\n<meta property=\"og:type\" content=\"article\" \/>\n<meta property=\"og:title\" content=\"Infraestrutura e Servi\u00e7os P\u00fablicos inicia opera\u00e7\u00e3o tapa buraco nas principais avenidas de Sobradinho da cidade - Blog do Farn\u00e9sio\" \/>\n<meta property=\"og:description\" content=\"Devido as fortes chuvas que ca\u00edram nos \u00faltimos dias na cidade, a Prefeitura de Sobradinho, atrav\u00e9s da Secretaria de Infraestrutura e Servi\u00e7os P\u00fablicos iniciou a opera\u00e7\u00e3o tapa buraco. Inicialmente est\u00e3o sendo realizados servi\u00e7os na avenida Paulo Afonso, que liga os Bairros Santana, S\u00e3o Francisco e S\u00e3o Joaquim e na avenida lateral da quadra 2, logo ap\u00f3s, a avenida Jos\u00e9 Balbino de Souza receber\u00e1 os servi\u00e7os da opera\u00e7\u00e3o. Outros pontos da cidade que necessitem dos servi\u00e7os tamb\u00e9m ser\u00e3o contemplados. \u201cNos primeiros dias do ano, muitas chuvas ca\u00edram sobre nossa cidade, e a tend\u00eancia \u00e9 que comece a abrir buracos ao longo do pavimento. Assim que percebemos a situa\u00e7\u00e3o, destacamos equipes da SIESP para iniciar o trabalho da opera\u00e7\u00e3o tapa buraco, um&hellip;\" \/>\n<meta property=\"og:url\" content=\"https:\/\/blogdofarnesio.com.br\/?p=248008\" \/>\n<meta property=\"og:site_name\" content=\"Blog do Farn\u00e9sio\" \/>\n<meta property=\"article:publisher\" content=\"https:\/\/www.facebook.com\/BlogQuerSaberPolitica\/\" \/>\n<meta property=\"article:published_time\" content=\"2020-01-15T18:00:47+00:00\" \/>\n<meta property=\"og:image\" content=\"https:\/\/blogdofarnesio.com.br\/wp-content\/uploads\/2020\/01\/blogqspsobradinho-tapaburaco-limpeza-e1579110400233.jpg\" \/>\n\t<meta property=\"og:image:width\" content=\"660\" \/>\n\t<meta property=\"og:image:height\" content=\"440\" \/>\n\t<meta property=\"og:image:type\" content=\"image\/jpeg\" \/>\n<meta name=\"author\" content=\"Farn\u00e9sio\" \/>\n<meta name=\"twitter:card\" content=\"summary_large_image\" \/>\n<meta name=\"twitter:label1\" content=\"Escrito por\" \/>\n\t<meta name=\"twitter:data1\" content=\"Farn\u00e9sio\" \/>\n\t<meta name=\"twitter:label2\" content=\"Est. tempo de leitura\" \/>\n\t<meta name=\"twitter:data2\" content=\"1 minuto\" \/>\n<script type=\"application\/ld+json\" class=\"yoast-schema-graph\">{\"@context\":\"https:\\\/\\\/schema.org\",\"@graph\":[{\"@type\":\"Article\",\"@id\":\"https:\\\/\\\/blogdofarnesio.com.br\\\/?p=248008#article\",\"isPartOf\":{\"@id\":\"https:\\\/\\\/blogdofarnesio.com.br\\\/?p=248008\"},\"author\":{\"name\":\"Farn\u00e9sio\",\"@id\":\"https:\\\/\\\/blogdofarnesio.com.br\\\/#\\\/schema\\\/person\\\/301c4acf522bccbfdb45af95b5b906a1\"},\"headline\":\"Infraestrutura e Servi\u00e7os P\u00fablicos inicia opera\u00e7\u00e3o tapa buraco nas principais avenidas de Sobradinho da cidade\",\"datePublished\":\"2020-01-15T18:00:47+00:00\",\"mainEntityOfPage\":{\"@id\":\"https:\\\/\\\/blogdofarnesio.com.br\\\/?p=248008\"},\"wordCount\":181,\"publisher\":{\"@id\":\"https:\\\/\\\/blogdofarnesio.com.br\\\/#organization\"},\"image\":{\"@id\":\"https:\\\/\\\/blogdofarnesio.com.br\\\/?p=248008#primaryimage\"},\"thumbnailUrl\":\"https:\\\/\\\/blogdofarnesio.com.br\\\/wp-content\\\/uploads\\\/2020\\\/01\\\/blogqspsobradinho-tapaburaco-limpeza-e1579110400233.jpg\",\"articleSection\":[\"Pol\u00edtica\"],\"inLanguage\":\"pt-BR\"},{\"@type\":\"WebPage\",\"@id\":\"https:\\\/\\\/blogdofarnesio.com.br\\\/?p=248008\",\"url\":\"https:\\\/\\\/blogdofarnesio.com.br\\\/?p=248008\",\"name\":\"Infraestrutura e Servi\u00e7os P\u00fablicos inicia opera\u00e7\u00e3o tapa buraco nas principais avenidas de Sobradinho da cidade - Blog do Farn\u00e9sio\",\"isPartOf\":{\"@id\":\"https:\\\/\\\/blogdofarnesio.com.br\\\/#website\"},\"primaryImageOfPage\":{\"@id\":\"https:\\\/\\\/blogdofarnesio.com.br\\\/?p=248008#primaryimage\"},\"image\":{\"@id\":\"https:\\\/\\\/blogdofarnesio.com.br\\\/?p=248008#primaryimage\"},\"thumbnailUrl\":\"https:\\\/\\\/blogdofarnesio.com.br\\\/wp-content\\\/uploads\\\/2020\\\/01\\\/blogqspsobradinho-tapaburaco-limpeza-e1579110400233.jpg\",\"datePublished\":\"2020-01-15T18:00:47+00:00\",\"breadcrumb\":{\"@id\":\"https:\\\/\\\/blogdofarnesio.com.br\\\/?p=248008#breadcrumb\"},\"inLanguage\":\"pt-BR\",\"potentialAction\":[{\"@type\":\"ReadAction\",\"target\":[\"https:\\\/\\\/blogdofarnesio.com.br\\\/?p=248008\"]}]},{\"@type\":\"ImageObject\",\"inLanguage\":\"pt-BR\",\"@id\":\"https:\\\/\\\/blogdofarnesio.com.br\\\/?p=248008#primaryimage\",\"url\":\"https:\\\/\\\/blogdofarnesio.com.br\\\/wp-content\\\/uploads\\\/2020\\\/01\\\/blogqspsobradinho-tapaburaco-limpeza-e1579110400233.jpg\",\"contentUrl\":\"https:\\\/\\\/blogdofarnesio.com.br\\\/wp-content\\\/uploads\\\/2020\\\/01\\\/blogqspsobradinho-tapaburaco-limpeza-e1579110400233.jpg\",\"width\":660,\"height\":440},{\"@type\":\"BreadcrumbList\",\"@id\":\"https:\\\/\\\/blogdofarnesio.com.br\\\/?p=248008#breadcrumb\",\"itemListElement\":[{\"@type\":\"ListItem\",\"position\":1,\"name\":\"In\u00edcio\",\"item\":\"https:\\\/\\\/blogdofarnesio.com.br\\\/\"},{\"@type\":\"ListItem\",\"position\":2,\"name\":\"Infraestrutura e Servi\u00e7os P\u00fablicos inicia opera\u00e7\u00e3o tapa buraco nas principais avenidas de Sobradinho da cidade\"}]},{\"@type\":\"WebSite\",\"@id\":\"https:\\\/\\\/blogdofarnesio.com.br\\\/#website\",\"url\":\"https:\\\/\\\/blogdofarnesio.com.br\\\/\",\"name\":\"Blog do Farn\u00e9sio\",\"description\":\"Quer Saber Pol\u00edtica?\",\"publisher\":{\"@id\":\"https:\\\/\\\/blogdofarnesio.com.br\\\/#organization\"},\"potentialAction\":[{\"@type\":\"SearchAction\",\"target\":{\"@type\":\"EntryPoint\",\"urlTemplate\":\"https:\\\/\\\/blogdofarnesio.com.br\\\/?s={search_term_string}\"},\"query-input\":{\"@type\":\"PropertyValueSpecification\",\"valueRequired\":true,\"valueName\":\"search_term_string\"}}],\"inLanguage\":\"pt-BR\"},{\"@type\":\"Organization\",\"@id\":\"https:\\\/\\\/blogdofarnesio.com.br\\\/#organization\",\"name\":\"Blog do Farn\u00e9sio\",\"url\":\"https:\\\/\\\/blogdofarnesio.com.br\\\/\",\"logo\":{\"@type\":\"ImageObject\",\"inLanguage\":\"pt-BR\",\"@id\":\"https:\\\/\\\/blogdofarnesio.com.br\\\/#\\\/schema\\\/logo\\\/image\\\/\",\"url\":\"https:\\\/\\\/blogdofarnesio.com.br\\\/wp-content\\\/uploads\\\/2026\\\/03\\\/cropped-logo_new-1.png\",\"contentUrl\":\"https:\\\/\\\/blogdofarnesio.com.br\\\/wp-content\\\/uploads\\\/2026\\\/03\\\/cropped-logo_new-1.png\",\"width\":881,\"height\":685,\"caption\":\"Blog do Farn\u00e9sio\"},\"image\":{\"@id\":\"https:\\\/\\\/blogdofarnesio.com.br\\\/#\\\/schema\\\/logo\\\/image\\\/\"},\"sameAs\":[\"https:\\\/\\\/www.facebook.com\\\/BlogQuerSaberPolitica\\\/\"]},{\"@type\":\"Person\",\"@id\":\"https:\\\/\\\/blogdofarnesio.com.br\\\/#\\\/schema\\\/person\\\/301c4acf522bccbfdb45af95b5b906a1\",\"name\":\"Farn\u00e9sio\",\"image\":{\"@type\":\"ImageObject\",\"inLanguage\":\"pt-BR\",\"@id\":\"https:\\\/\\\/secure.gravatar.com\\\/avatar\\\/df0c9a14567c056f8ad6876ba5bbd1e3e2c48023eb6807342fc4663adf549f38?s=96&d=mm&r=g\",\"url\":\"https:\\\/\\\/secure.gravatar.com\\\/avatar\\\/df0c9a14567c056f8ad6876ba5bbd1e3e2c48023eb6807342fc4663adf549f38?s=96&d=mm&r=g\",\"contentUrl\":\"https:\\\/\\\/secure.gravatar.com\\\/avatar\\\/df0c9a14567c056f8ad6876ba5bbd1e3e2c48023eb6807342fc4663adf549f38?s=96&d=mm&r=g\",\"caption\":\"Farn\u00e9sio\"},\"sameAs\":[\"https:\\\/\\\/quersaberpolitica.com.br\"],\"url\":\"https:\\\/\\\/blogdofarnesio.com.br\\\/?author=1\"}]}<\/script>\n<!-- \/ Yoast SEO plugin. -->","yoast_head_json":{"title":"Infraestrutura e Servi\u00e7os P\u00fablicos inicia opera\u00e7\u00e3o tapa buraco nas principais avenidas de Sobradinho da cidade - Blog do Farn\u00e9sio","robots":{"index":"index","follow":"follow","max-snippet":"max-snippet:-1","max-image-preview":"max-image-preview:large","max-video-preview":"max-video-preview:-1"},"canonical":"https:\/\/blogdofarnesio.com.br\/?p=248008","og_locale":"pt_BR","og_type":"article","og_title":"Infraestrutura e Servi\u00e7os P\u00fablicos inicia opera\u00e7\u00e3o tapa buraco nas principais avenidas de Sobradinho da cidade - Blog do Farn\u00e9sio","og_description":"Devido as fortes chuvas que ca\u00edram nos \u00faltimos dias na cidade, a Prefeitura de Sobradinho, atrav\u00e9s da Secretaria de Infraestrutura e Servi\u00e7os P\u00fablicos iniciou a opera\u00e7\u00e3o tapa buraco. Inicialmente est\u00e3o sendo realizados servi\u00e7os na avenida Paulo Afonso, que liga os Bairros Santana, S\u00e3o Francisco e S\u00e3o Joaquim e na avenida lateral da quadra 2, logo ap\u00f3s, a avenida Jos\u00e9 Balbino de Souza receber\u00e1 os servi\u00e7os da opera\u00e7\u00e3o. Outros pontos da cidade que necessitem dos servi\u00e7os tamb\u00e9m ser\u00e3o contemplados. \u201cNos primeiros dias do ano, muitas chuvas ca\u00edram sobre nossa cidade, e a tend\u00eancia \u00e9 que comece a abrir buracos ao longo do pavimento. Assim que percebemos a situa\u00e7\u00e3o, destacamos equipes da SIESP para iniciar o trabalho da opera\u00e7\u00e3o tapa buraco, um&hellip;","og_url":"https:\/\/blogdofarnesio.com.br\/?p=248008","og_site_name":"Blog do Farn\u00e9sio","article_publisher":"https:\/\/www.facebook.com\/BlogQuerSaberPolitica\/","article_published_time":"2020-01-15T18:00:47+00:00","og_image":[{"width":660,"height":440,"url":"https:\/\/blogdofarnesio.com.br\/wp-content\/uploads\/2020\/01\/blogqspsobradinho-tapaburaco-limpeza-e1579110400233.jpg","type":"image\/jpeg"}],"author":"Farn\u00e9sio","twitter_card":"summary_large_image","twitter_misc":{"Escrito por":"Farn\u00e9sio","Est. tempo de leitura":"1 minuto"},"schema":{"@context":"https:\/\/schema.org","@graph":[{"@type":"Article","@id":"https:\/\/blogdofarnesio.com.br\/?p=248008#article","isPartOf":{"@id":"https:\/\/blogdofarnesio.com.br\/?p=248008"},"author":{"name":"Farn\u00e9sio","@id":"https:\/\/blogdofarnesio.com.br\/#\/schema\/person\/301c4acf522bccbfdb45af95b5b906a1"},"headline":"Infraestrutura e Servi\u00e7os P\u00fablicos inicia opera\u00e7\u00e3o tapa buraco nas principais avenidas de Sobradinho da cidade","datePublished":"2020-01-15T18:00:47+00:00","mainEntityOfPage":{"@id":"https:\/\/blogdofarnesio.com.br\/?p=248008"},"wordCount":181,"publisher":{"@id":"https:\/\/blogdofarnesio.com.br\/#organization"},"image":{"@id":"https:\/\/blogdofarnesio.com.br\/?p=248008#primaryimage"},"thumbnailUrl":"https:\/\/blogdofarnesio.com.br\/wp-content\/uploads\/2020\/01\/blogqspsobradinho-tapaburaco-limpeza-e1579110400233.jpg","articleSection":["Pol\u00edtica"],"inLanguage":"pt-BR"},{"@type":"WebPage","@id":"https:\/\/blogdofarnesio.com.br\/?p=248008","url":"https:\/\/blogdofarnesio.com.br\/?p=248008","name":"Infraestrutura e Servi\u00e7os P\u00fablicos inicia opera\u00e7\u00e3o tapa buraco nas principais avenidas de Sobradinho da cidade - Blog do Farn\u00e9sio","isPartOf":{"@id":"https:\/\/blogdofarnesio.com.br\/#website"},"primaryImageOfPage":{"@id":"https:\/\/blogdofarnesio.com.br\/?p=248008#primaryimage"},"image":{"@id":"https:\/\/blogdofarnesio.com.br\/?p=248008#primaryimage"},"thumbnailUrl":"https:\/\/blogdofarnesio.com.br\/wp-content\/uploads\/2020\/01\/blogqspsobradinho-tapaburaco-limpeza-e1579110400233.jpg","datePublished":"2020-01-15T18:00:47+00:00","breadcrumb":{"@id":"https:\/\/blogdofarnesio.com.br\/?p=248008#breadcrumb"},"inLanguage":"pt-BR","potentialAction":[{"@type":"ReadAction","target":["https:\/\/blogdofarnesio.com.br\/?p=248008"]}]},{"@type":"ImageObject","inLanguage":"pt-BR","@id":"https:\/\/blogdofarnesio.com.br\/?p=248008#primaryimage","url":"https:\/\/blogdofarnesio.com.br\/wp-content\/uploads\/2020\/01\/blogqspsobradinho-tapaburaco-limpeza-e1579110400233.jpg","contentUrl":"https:\/\/blogdofarnesio.com.br\/wp-content\/uploads\/2020\/01\/blogqspsobradinho-tapaburaco-limpeza-e1579110400233.jpg","width":660,"height":440},{"@type":"BreadcrumbList","@id":"https:\/\/blogdofarnesio.com.br\/?p=248008#breadcrumb","itemListElement":[{"@type":"ListItem","position":1,"name":"In\u00edcio","item":"https:\/\/blogdofarnesio.com.br\/"},{"@type":"ListItem","position":2,"name":"Infraestrutura e Servi\u00e7os P\u00fablicos inicia opera\u00e7\u00e3o tapa buraco nas principais avenidas de Sobradinho da cidade"}]},{"@type":"WebSite","@id":"https:\/\/blogdofarnesio.com.br\/#website","url":"https:\/\/blogdofarnesio.com.br\/","name":"Blog do Farn\u00e9sio","description":"Quer Saber Pol\u00edtica?","publisher":{"@id":"https:\/\/blogdofarnesio.com.br\/#organization"},"potentialAction":[{"@type":"SearchAction","target":{"@type":"EntryPoint","urlTemplate":"https:\/\/blogdofarnesio.com.br\/?s={search_term_string}"},"query-input":{"@type":"PropertyValueSpecification","valueRequired":true,"valueName":"search_term_string"}}],"inLanguage":"pt-BR"},{"@type":"Organization","@id":"https:\/\/blogdofarnesio.com.br\/#organization","name":"Blog do Farn\u00e9sio","url":"https:\/\/blogdofarnesio.com.br\/","logo":{"@type":"ImageObject","inLanguage":"pt-BR","@id":"https:\/\/blogdofarnesio.com.br\/#\/schema\/logo\/image\/","url":"https:\/\/blogdofarnesio.com.br\/wp-content\/uploads\/2026\/03\/cropped-logo_new-1.png","contentUrl":"https:\/\/blogdofarnesio.com.br\/wp-content\/uploads\/2026\/03\/cropped-logo_new-1.png","width":881,"height":685,"caption":"Blog do Farn\u00e9sio"},"image":{"@id":"https:\/\/blogdofarnesio.com.br\/#\/schema\/logo\/image\/"},"sameAs":["https:\/\/www.facebook.com\/BlogQuerSaberPolitica\/"]},{"@type":"Person","@id":"https:\/\/blogdofarnesio.com.br\/#\/schema\/person\/301c4acf522bccbfdb45af95b5b906a1","name":"Farn\u00e9sio","image":{"@type":"ImageObject","inLanguage":"pt-BR","@id":"https:\/\/secure.gravatar.com\/avatar\/df0c9a14567c056f8ad6876ba5bbd1e3e2c48023eb6807342fc4663adf549f38?s=96&d=mm&r=g","url":"https:\/\/secure.gravatar.com\/avatar\/df0c9a14567c056f8ad6876ba5bbd1e3e2c48023eb6807342fc4663adf549f38?s=96&d=mm&r=g","contentUrl":"https:\/\/secure.gravatar.com\/avatar\/df0c9a14567c056f8ad6876ba5bbd1e3e2c48023eb6807342fc4663adf549f38?s=96&d=mm&r=g","caption":"Farn\u00e9sio"},"sameAs":["https:\/\/quersaberpolitica.com.br"],"url":"https:\/\/blogdofarnesio.com.br\/?author=1"}]}},"_links":{"self":[{"href":"https:\/\/blogdofarnesio.com.br\/index.php?rest_route=\/wp\/v2\/posts\/248008","targetHints":{"allow":["GET"]}}],"collection":[{"href":"https:\/\/blogdofarnesio.com.br\/index.php?rest_route=\/wp\/v2\/posts"}],"about":[{"href":"https:\/\/blogdofarnesio.com.br\/index.php?rest_route=\/wp\/v2\/types\/post"}],"author":[{"embeddable":true,"href":"https:\/\/blogdofarnesio.com.br\/index.php?rest_route=\/wp\/v2\/users\/1"}],"replies":[{"embeddable":true,"href":"https:\/\/blogdofarnesio.com.br\/index.php?rest_route=%2Fwp%2Fv2%2Fcomments&post=248008"}],"version-history":[{"count":0,"href":"https:\/\/blogdofarnesio.com.br\/index.php?rest_route=\/wp\/v2\/posts\/248008\/revisions"}],"wp:featuredmedia":[{"embeddable":true,"href":"https:\/\/blogdofarnesio.com.br\/index.php?rest_route=\/wp\/v2\/media\/248009"}],"wp:attachment":[{"href":"https:\/\/blogdofarnesio.com.br\/index.php?rest_route=%2Fwp%2Fv2%2Fmedia&parent=248008"}],"wp:term":[{"taxonomy":"category","embeddable":true,"href":"https:\/\/blogdofarnesio.com.br\/index.php?rest_route=%2Fwp%2Fv2%2Fcategories&post=248008"},{"taxonomy":"post_tag","embeddable":true,"href":"https:\/\/blogdofarnesio.com.br\/index.php?rest_route=%2Fwp%2Fv2%2Ftags&post=248008"}],"curies":[{"name":"wp","href":"https:\/\/api.w.org\/{rel}","templated":true}]}}