{"id":247911,"date":"2020-01-15T14:40:46","date_gmt":"2020-01-15T17:40:46","guid":{"rendered":"http:\/\/quersaberpolitica.com.br\/2016\/?p=247911"},"modified":"2020-01-15T14:09:17","modified_gmt":"2020-01-15T17:09:17","slug":"prefeitura-realizara-mais-uma-feirinha-de-adocao-de-caes-e-gatos-em-petrolina","status":"publish","type":"post","link":"https:\/\/blogdofarnesio.com.br\/?p=247911","title":{"rendered":"Prefeitura realizar\u00e1 mais uma feirinha de ado\u00e7\u00e3o de c\u00e3es e gatos em Petrolina"},"content":{"rendered":"<p>A Prefeitura de Petrolina realizar\u00e1 mais uma edi\u00e7\u00e3o da feirinha de ado\u00e7\u00e3o de c\u00e3es e gatos. A a\u00e7\u00e3o acontecer\u00e1 no dia 26 de janeiro, na Pra\u00e7a da Sementeira, no bairro KM-2, das 8h \u00e0s 12h. Os interessados na ado\u00e7\u00e3o devem passar por cadastro com a equipe t\u00e9cnica do Centro de Controle de Zoonoses (CCZ), com apresenta\u00e7\u00e3o de documentos pessoais e comprovante de resid\u00eancia, al\u00e9m de ser maior de 18 anos.<\/p>\n<p>A coordenadora do \u00f3rg\u00e3o, Graziella Vasconcelos, ressalta que a ado\u00e7\u00e3o de c\u00e3es beneficia toda a sociedade, al\u00e9m da fam\u00edlia, mas \u00e9 preciso ter responsabilidade. \u201c<em>Ser\u00e3o levados para ado\u00e7\u00e3o animais castrados ou com guia de castra\u00e7\u00e3o (no caso de filhotes), ou seja, os animais que ainda n\u00e3o tiverem na idade, os tutores ter\u00e3o a castra\u00e7\u00e3o agendada no CCZ quando atingirem o tempo adequado. Com a ado\u00e7\u00e3o voc\u00ea colabora na diminui\u00e7\u00e3o do abandono e ajuda a combater os maus-tratos. Quem pretende adotar um animal, precisa saber que assumir\u00e1 uma responsabilidade sobre uma vida, durante toda a sua exist\u00eancia<\/em>\u201d, destaca Graziella.<\/p>\n<p>Uma estrutura vai ser montada para receber 15 animais. Vale lembrar que, al\u00e9m da feirinha, as ado\u00e7\u00f5es tamb\u00e9m podem ser feitas no pr\u00f3prio Centro de Controle de Zoonoses, localizado na Avenida Jatob\u00e1, no bairro Pedra do Bode, N\u00ba 01. O telefone para contato \u00e9 (87) 3867-4774.<\/p>\n<p>&#8212;&#8212;&#8212;&#8212;&#8212;&#8212;&#8212;&#8212;&#8212;&#8212;&#8212;&#8212;&#8212;&#8212;<\/p>\n<p>Duda Oliveira \u2013 Assessor de Comunica\u00e7\u00e3o da Secretaria de Sa\u00fade de Petrolina<\/p>\n","protected":false},"excerpt":{"rendered":"<p>A Prefeitura de Petrolina realizar\u00e1 mais uma edi\u00e7\u00e3o da feirinha de ado\u00e7\u00e3o de c\u00e3es e gatos. A a\u00e7\u00e3o acontecer\u00e1 no dia 26 de janeiro, na Pra\u00e7a da Sementeira, no bairro KM-2, das 8h \u00e0s 12h. Os interessados na ado\u00e7\u00e3o devem passar por cadastro com a equipe t\u00e9cnica do Centro de Controle de Zoonoses (CCZ), com apresenta\u00e7\u00e3o de documentos pessoais e comprovante de resid\u00eancia, al\u00e9m de ser maior de 18 anos. A coordenadora do \u00f3rg\u00e3o, Graziella Vasconcelos, ressalta que a ado\u00e7\u00e3o de c\u00e3es beneficia toda a sociedade, al\u00e9m da fam\u00edlia, mas \u00e9 preciso ter responsabilidade. \u201cSer\u00e3o levados para ado\u00e7\u00e3o animais castrados ou com guia de castra\u00e7\u00e3o (no caso de filhotes), ou seja, os animais que ainda n\u00e3o tiverem na idade, os&hellip; <\/p>\n","protected":false},"author":1,"featured_media":247913,"comment_status":"closed","ping_status":"closed","sticky":false,"template":"","format":"standard","meta":{"_acf_changed":false,"footnotes":""},"categories":[1],"tags":[],"class_list":["post-247911","post","type-post","status-publish","format-standard","has-post-thumbnail","hentry","category-politica"],"acf":[],"yoast_head":"<!-- This site is optimized with the Yoast SEO plugin v27.4 - https:\/\/yoast.com\/product\/yoast-seo-wordpress\/ -->\n<title>Prefeitura realizar\u00e1 mais uma feirinha de ado\u00e7\u00e3o de c\u00e3es e gatos em Petrolina - Blog do Farn\u00e9sio<\/title>\n<meta name=\"robots\" content=\"index, follow, max-snippet:-1, max-image-preview:large, max-video-preview:-1\" \/>\n<link rel=\"canonical\" href=\"https:\/\/blogdofarnesio.com.br\/?p=247911\" \/>\n<meta property=\"og:locale\" content=\"pt_BR\" \/>\n<meta property=\"og:type\" content=\"article\" \/>\n<meta property=\"og:title\" content=\"Prefeitura realizar\u00e1 mais uma feirinha de ado\u00e7\u00e3o de c\u00e3es e gatos em Petrolina - Blog do Farn\u00e9sio\" \/>\n<meta property=\"og:description\" content=\"A Prefeitura de Petrolina realizar\u00e1 mais uma edi\u00e7\u00e3o da feirinha de ado\u00e7\u00e3o de c\u00e3es e gatos. A a\u00e7\u00e3o acontecer\u00e1 no dia 26 de janeiro, na Pra\u00e7a da Sementeira, no bairro KM-2, das 8h \u00e0s 12h. Os interessados na ado\u00e7\u00e3o devem passar por cadastro com a equipe t\u00e9cnica do Centro de Controle de Zoonoses (CCZ), com apresenta\u00e7\u00e3o de documentos pessoais e comprovante de resid\u00eancia, al\u00e9m de ser maior de 18 anos. A coordenadora do \u00f3rg\u00e3o, Graziella Vasconcelos, ressalta que a ado\u00e7\u00e3o de c\u00e3es beneficia toda a sociedade, al\u00e9m da fam\u00edlia, mas \u00e9 preciso ter responsabilidade. \u201cSer\u00e3o levados para ado\u00e7\u00e3o animais castrados ou com guia de castra\u00e7\u00e3o (no caso de filhotes), ou seja, os animais que ainda n\u00e3o tiverem na idade, os&hellip;\" \/>\n<meta property=\"og:url\" content=\"https:\/\/blogdofarnesio.com.br\/?p=247911\" \/>\n<meta property=\"og:site_name\" content=\"Blog do Farn\u00e9sio\" \/>\n<meta property=\"article:publisher\" content=\"https:\/\/www.facebook.com\/BlogQuerSaberPolitica\/\" \/>\n<meta property=\"article:published_time\" content=\"2020-01-15T17:40:46+00:00\" \/>\n<meta property=\"og:image\" content=\"https:\/\/blogdofarnesio.com.br\/wp-content\/uploads\/2020\/01\/blogqsppet-feirinha-de-ado\u00e7\u00e3o-de-c\u00e3es-e-gatos-1.jpg\" \/>\n\t<meta property=\"og:image:width\" content=\"351\" \/>\n\t<meta property=\"og:image:height\" content=\"624\" \/>\n\t<meta property=\"og:image:type\" content=\"image\/jpeg\" \/>\n<meta name=\"author\" content=\"Farn\u00e9sio\" \/>\n<meta name=\"twitter:card\" content=\"summary_large_image\" \/>\n<meta name=\"twitter:label1\" content=\"Escrito por\" \/>\n\t<meta name=\"twitter:data1\" content=\"Farn\u00e9sio\" \/>\n\t<meta name=\"twitter:label2\" content=\"Est. tempo de leitura\" \/>\n\t<meta name=\"twitter:data2\" content=\"1 minuto\" \/>\n<script type=\"application\/ld+json\" class=\"yoast-schema-graph\">{\"@context\":\"https:\\\/\\\/schema.org\",\"@graph\":[{\"@type\":\"Article\",\"@id\":\"https:\\\/\\\/blogdofarnesio.com.br\\\/?p=247911#article\",\"isPartOf\":{\"@id\":\"https:\\\/\\\/blogdofarnesio.com.br\\\/?p=247911\"},\"author\":{\"name\":\"Farn\u00e9sio\",\"@id\":\"https:\\\/\\\/blogdofarnesio.com.br\\\/#\\\/schema\\\/person\\\/301c4acf522bccbfdb45af95b5b906a1\"},\"headline\":\"Prefeitura realizar\u00e1 mais uma feirinha de ado\u00e7\u00e3o de c\u00e3es e gatos em Petrolina\",\"datePublished\":\"2020-01-15T17:40:46+00:00\",\"mainEntityOfPage\":{\"@id\":\"https:\\\/\\\/blogdofarnesio.com.br\\\/?p=247911\"},\"wordCount\":264,\"publisher\":{\"@id\":\"https:\\\/\\\/blogdofarnesio.com.br\\\/#organization\"},\"image\":{\"@id\":\"https:\\\/\\\/blogdofarnesio.com.br\\\/?p=247911#primaryimage\"},\"thumbnailUrl\":\"https:\\\/\\\/blogdofarnesio.com.br\\\/wp-content\\\/uploads\\\/2020\\\/01\\\/blogqsppet-feirinha-de-ado\u00e7\u00e3o-de-c\u00e3es-e-gatos-1.jpg\",\"articleSection\":[\"Pol\u00edtica\"],\"inLanguage\":\"pt-BR\"},{\"@type\":\"WebPage\",\"@id\":\"https:\\\/\\\/blogdofarnesio.com.br\\\/?p=247911\",\"url\":\"https:\\\/\\\/blogdofarnesio.com.br\\\/?p=247911\",\"name\":\"Prefeitura realizar\u00e1 mais uma feirinha de ado\u00e7\u00e3o de c\u00e3es e gatos em Petrolina - Blog do Farn\u00e9sio\",\"isPartOf\":{\"@id\":\"https:\\\/\\\/blogdofarnesio.com.br\\\/#website\"},\"primaryImageOfPage\":{\"@id\":\"https:\\\/\\\/blogdofarnesio.com.br\\\/?p=247911#primaryimage\"},\"image\":{\"@id\":\"https:\\\/\\\/blogdofarnesio.com.br\\\/?p=247911#primaryimage\"},\"thumbnailUrl\":\"https:\\\/\\\/blogdofarnesio.com.br\\\/wp-content\\\/uploads\\\/2020\\\/01\\\/blogqsppet-feirinha-de-ado\u00e7\u00e3o-de-c\u00e3es-e-gatos-1.jpg\",\"datePublished\":\"2020-01-15T17:40:46+00:00\",\"breadcrumb\":{\"@id\":\"https:\\\/\\\/blogdofarnesio.com.br\\\/?p=247911#breadcrumb\"},\"inLanguage\":\"pt-BR\",\"potentialAction\":[{\"@type\":\"ReadAction\",\"target\":[\"https:\\\/\\\/blogdofarnesio.com.br\\\/?p=247911\"]}]},{\"@type\":\"ImageObject\",\"inLanguage\":\"pt-BR\",\"@id\":\"https:\\\/\\\/blogdofarnesio.com.br\\\/?p=247911#primaryimage\",\"url\":\"https:\\\/\\\/blogdofarnesio.com.br\\\/wp-content\\\/uploads\\\/2020\\\/01\\\/blogqsppet-feirinha-de-ado\u00e7\u00e3o-de-c\u00e3es-e-gatos-1.jpg\",\"contentUrl\":\"https:\\\/\\\/blogdofarnesio.com.br\\\/wp-content\\\/uploads\\\/2020\\\/01\\\/blogqsppet-feirinha-de-ado\u00e7\u00e3o-de-c\u00e3es-e-gatos-1.jpg\",\"width\":351,\"height\":624},{\"@type\":\"BreadcrumbList\",\"@id\":\"https:\\\/\\\/blogdofarnesio.com.br\\\/?p=247911#breadcrumb\",\"itemListElement\":[{\"@type\":\"ListItem\",\"position\":1,\"name\":\"In\u00edcio\",\"item\":\"https:\\\/\\\/blogdofarnesio.com.br\\\/\"},{\"@type\":\"ListItem\",\"position\":2,\"name\":\"Prefeitura realizar\u00e1 mais uma feirinha de ado\u00e7\u00e3o de c\u00e3es e gatos em Petrolina\"}]},{\"@type\":\"WebSite\",\"@id\":\"https:\\\/\\\/blogdofarnesio.com.br\\\/#website\",\"url\":\"https:\\\/\\\/blogdofarnesio.com.br\\\/\",\"name\":\"Blog do Farn\u00e9sio\",\"description\":\"Quer Saber Pol\u00edtica?\",\"publisher\":{\"@id\":\"https:\\\/\\\/blogdofarnesio.com.br\\\/#organization\"},\"potentialAction\":[{\"@type\":\"SearchAction\",\"target\":{\"@type\":\"EntryPoint\",\"urlTemplate\":\"https:\\\/\\\/blogdofarnesio.com.br\\\/?s={search_term_string}\"},\"query-input\":{\"@type\":\"PropertyValueSpecification\",\"valueRequired\":true,\"valueName\":\"search_term_string\"}}],\"inLanguage\":\"pt-BR\"},{\"@type\":\"Organization\",\"@id\":\"https:\\\/\\\/blogdofarnesio.com.br\\\/#organization\",\"name\":\"Blog do Farn\u00e9sio\",\"url\":\"https:\\\/\\\/blogdofarnesio.com.br\\\/\",\"logo\":{\"@type\":\"ImageObject\",\"inLanguage\":\"pt-BR\",\"@id\":\"https:\\\/\\\/blogdofarnesio.com.br\\\/#\\\/schema\\\/logo\\\/image\\\/\",\"url\":\"https:\\\/\\\/blogdofarnesio.com.br\\\/wp-content\\\/uploads\\\/2026\\\/03\\\/cropped-logo_new-1.png\",\"contentUrl\":\"https:\\\/\\\/blogdofarnesio.com.br\\\/wp-content\\\/uploads\\\/2026\\\/03\\\/cropped-logo_new-1.png\",\"width\":881,\"height\":685,\"caption\":\"Blog do Farn\u00e9sio\"},\"image\":{\"@id\":\"https:\\\/\\\/blogdofarnesio.com.br\\\/#\\\/schema\\\/logo\\\/image\\\/\"},\"sameAs\":[\"https:\\\/\\\/www.facebook.com\\\/BlogQuerSaberPolitica\\\/\"]},{\"@type\":\"Person\",\"@id\":\"https:\\\/\\\/blogdofarnesio.com.br\\\/#\\\/schema\\\/person\\\/301c4acf522bccbfdb45af95b5b906a1\",\"name\":\"Farn\u00e9sio\",\"image\":{\"@type\":\"ImageObject\",\"inLanguage\":\"pt-BR\",\"@id\":\"https:\\\/\\\/secure.gravatar.com\\\/avatar\\\/df0c9a14567c056f8ad6876ba5bbd1e3e2c48023eb6807342fc4663adf549f38?s=96&d=mm&r=g\",\"url\":\"https:\\\/\\\/secure.gravatar.com\\\/avatar\\\/df0c9a14567c056f8ad6876ba5bbd1e3e2c48023eb6807342fc4663adf549f38?s=96&d=mm&r=g\",\"contentUrl\":\"https:\\\/\\\/secure.gravatar.com\\\/avatar\\\/df0c9a14567c056f8ad6876ba5bbd1e3e2c48023eb6807342fc4663adf549f38?s=96&d=mm&r=g\",\"caption\":\"Farn\u00e9sio\"},\"sameAs\":[\"https:\\\/\\\/quersaberpolitica.com.br\"],\"url\":\"https:\\\/\\\/blogdofarnesio.com.br\\\/?author=1\"}]}<\/script>\n<!-- \/ Yoast SEO plugin. -->","yoast_head_json":{"title":"Prefeitura realizar\u00e1 mais uma feirinha de ado\u00e7\u00e3o de c\u00e3es e gatos em Petrolina - Blog do Farn\u00e9sio","robots":{"index":"index","follow":"follow","max-snippet":"max-snippet:-1","max-image-preview":"max-image-preview:large","max-video-preview":"max-video-preview:-1"},"canonical":"https:\/\/blogdofarnesio.com.br\/?p=247911","og_locale":"pt_BR","og_type":"article","og_title":"Prefeitura realizar\u00e1 mais uma feirinha de ado\u00e7\u00e3o de c\u00e3es e gatos em Petrolina - Blog do Farn\u00e9sio","og_description":"A Prefeitura de Petrolina realizar\u00e1 mais uma edi\u00e7\u00e3o da feirinha de ado\u00e7\u00e3o de c\u00e3es e gatos. A a\u00e7\u00e3o acontecer\u00e1 no dia 26 de janeiro, na Pra\u00e7a da Sementeira, no bairro KM-2, das 8h \u00e0s 12h. Os interessados na ado\u00e7\u00e3o devem passar por cadastro com a equipe t\u00e9cnica do Centro de Controle de Zoonoses (CCZ), com apresenta\u00e7\u00e3o de documentos pessoais e comprovante de resid\u00eancia, al\u00e9m de ser maior de 18 anos. A coordenadora do \u00f3rg\u00e3o, Graziella Vasconcelos, ressalta que a ado\u00e7\u00e3o de c\u00e3es beneficia toda a sociedade, al\u00e9m da fam\u00edlia, mas \u00e9 preciso ter responsabilidade. \u201cSer\u00e3o levados para ado\u00e7\u00e3o animais castrados ou com guia de castra\u00e7\u00e3o (no caso de filhotes), ou seja, os animais que ainda n\u00e3o tiverem na idade, os&hellip;","og_url":"https:\/\/blogdofarnesio.com.br\/?p=247911","og_site_name":"Blog do Farn\u00e9sio","article_publisher":"https:\/\/www.facebook.com\/BlogQuerSaberPolitica\/","article_published_time":"2020-01-15T17:40:46+00:00","og_image":[{"width":351,"height":624,"url":"https:\/\/blogdofarnesio.com.br\/wp-content\/uploads\/2020\/01\/blogqsppet-feirinha-de-ado\u00e7\u00e3o-de-c\u00e3es-e-gatos-1.jpg","type":"image\/jpeg"}],"author":"Farn\u00e9sio","twitter_card":"summary_large_image","twitter_misc":{"Escrito por":"Farn\u00e9sio","Est. tempo de leitura":"1 minuto"},"schema":{"@context":"https:\/\/schema.org","@graph":[{"@type":"Article","@id":"https:\/\/blogdofarnesio.com.br\/?p=247911#article","isPartOf":{"@id":"https:\/\/blogdofarnesio.com.br\/?p=247911"},"author":{"name":"Farn\u00e9sio","@id":"https:\/\/blogdofarnesio.com.br\/#\/schema\/person\/301c4acf522bccbfdb45af95b5b906a1"},"headline":"Prefeitura realizar\u00e1 mais uma feirinha de ado\u00e7\u00e3o de c\u00e3es e gatos em Petrolina","datePublished":"2020-01-15T17:40:46+00:00","mainEntityOfPage":{"@id":"https:\/\/blogdofarnesio.com.br\/?p=247911"},"wordCount":264,"publisher":{"@id":"https:\/\/blogdofarnesio.com.br\/#organization"},"image":{"@id":"https:\/\/blogdofarnesio.com.br\/?p=247911#primaryimage"},"thumbnailUrl":"https:\/\/blogdofarnesio.com.br\/wp-content\/uploads\/2020\/01\/blogqsppet-feirinha-de-ado\u00e7\u00e3o-de-c\u00e3es-e-gatos-1.jpg","articleSection":["Pol\u00edtica"],"inLanguage":"pt-BR"},{"@type":"WebPage","@id":"https:\/\/blogdofarnesio.com.br\/?p=247911","url":"https:\/\/blogdofarnesio.com.br\/?p=247911","name":"Prefeitura realizar\u00e1 mais uma feirinha de ado\u00e7\u00e3o de c\u00e3es e gatos em Petrolina - Blog do Farn\u00e9sio","isPartOf":{"@id":"https:\/\/blogdofarnesio.com.br\/#website"},"primaryImageOfPage":{"@id":"https:\/\/blogdofarnesio.com.br\/?p=247911#primaryimage"},"image":{"@id":"https:\/\/blogdofarnesio.com.br\/?p=247911#primaryimage"},"thumbnailUrl":"https:\/\/blogdofarnesio.com.br\/wp-content\/uploads\/2020\/01\/blogqsppet-feirinha-de-ado\u00e7\u00e3o-de-c\u00e3es-e-gatos-1.jpg","datePublished":"2020-01-15T17:40:46+00:00","breadcrumb":{"@id":"https:\/\/blogdofarnesio.com.br\/?p=247911#breadcrumb"},"inLanguage":"pt-BR","potentialAction":[{"@type":"ReadAction","target":["https:\/\/blogdofarnesio.com.br\/?p=247911"]}]},{"@type":"ImageObject","inLanguage":"pt-BR","@id":"https:\/\/blogdofarnesio.com.br\/?p=247911#primaryimage","url":"https:\/\/blogdofarnesio.com.br\/wp-content\/uploads\/2020\/01\/blogqsppet-feirinha-de-ado\u00e7\u00e3o-de-c\u00e3es-e-gatos-1.jpg","contentUrl":"https:\/\/blogdofarnesio.com.br\/wp-content\/uploads\/2020\/01\/blogqsppet-feirinha-de-ado\u00e7\u00e3o-de-c\u00e3es-e-gatos-1.jpg","width":351,"height":624},{"@type":"BreadcrumbList","@id":"https:\/\/blogdofarnesio.com.br\/?p=247911#breadcrumb","itemListElement":[{"@type":"ListItem","position":1,"name":"In\u00edcio","item":"https:\/\/blogdofarnesio.com.br\/"},{"@type":"ListItem","position":2,"name":"Prefeitura realizar\u00e1 mais uma feirinha de ado\u00e7\u00e3o de c\u00e3es e gatos em Petrolina"}]},{"@type":"WebSite","@id":"https:\/\/blogdofarnesio.com.br\/#website","url":"https:\/\/blogdofarnesio.com.br\/","name":"Blog do Farn\u00e9sio","description":"Quer Saber Pol\u00edtica?","publisher":{"@id":"https:\/\/blogdofarnesio.com.br\/#organization"},"potentialAction":[{"@type":"SearchAction","target":{"@type":"EntryPoint","urlTemplate":"https:\/\/blogdofarnesio.com.br\/?s={search_term_string}"},"query-input":{"@type":"PropertyValueSpecification","valueRequired":true,"valueName":"search_term_string"}}],"inLanguage":"pt-BR"},{"@type":"Organization","@id":"https:\/\/blogdofarnesio.com.br\/#organization","name":"Blog do Farn\u00e9sio","url":"https:\/\/blogdofarnesio.com.br\/","logo":{"@type":"ImageObject","inLanguage":"pt-BR","@id":"https:\/\/blogdofarnesio.com.br\/#\/schema\/logo\/image\/","url":"https:\/\/blogdofarnesio.com.br\/wp-content\/uploads\/2026\/03\/cropped-logo_new-1.png","contentUrl":"https:\/\/blogdofarnesio.com.br\/wp-content\/uploads\/2026\/03\/cropped-logo_new-1.png","width":881,"height":685,"caption":"Blog do Farn\u00e9sio"},"image":{"@id":"https:\/\/blogdofarnesio.com.br\/#\/schema\/logo\/image\/"},"sameAs":["https:\/\/www.facebook.com\/BlogQuerSaberPolitica\/"]},{"@type":"Person","@id":"https:\/\/blogdofarnesio.com.br\/#\/schema\/person\/301c4acf522bccbfdb45af95b5b906a1","name":"Farn\u00e9sio","image":{"@type":"ImageObject","inLanguage":"pt-BR","@id":"https:\/\/secure.gravatar.com\/avatar\/df0c9a14567c056f8ad6876ba5bbd1e3e2c48023eb6807342fc4663adf549f38?s=96&d=mm&r=g","url":"https:\/\/secure.gravatar.com\/avatar\/df0c9a14567c056f8ad6876ba5bbd1e3e2c48023eb6807342fc4663adf549f38?s=96&d=mm&r=g","contentUrl":"https:\/\/secure.gravatar.com\/avatar\/df0c9a14567c056f8ad6876ba5bbd1e3e2c48023eb6807342fc4663adf549f38?s=96&d=mm&r=g","caption":"Farn\u00e9sio"},"sameAs":["https:\/\/quersaberpolitica.com.br"],"url":"https:\/\/blogdofarnesio.com.br\/?author=1"}]}},"_links":{"self":[{"href":"https:\/\/blogdofarnesio.com.br\/index.php?rest_route=\/wp\/v2\/posts\/247911","targetHints":{"allow":["GET"]}}],"collection":[{"href":"https:\/\/blogdofarnesio.com.br\/index.php?rest_route=\/wp\/v2\/posts"}],"about":[{"href":"https:\/\/blogdofarnesio.com.br\/index.php?rest_route=\/wp\/v2\/types\/post"}],"author":[{"embeddable":true,"href":"https:\/\/blogdofarnesio.com.br\/index.php?rest_route=\/wp\/v2\/users\/1"}],"replies":[{"embeddable":true,"href":"https:\/\/blogdofarnesio.com.br\/index.php?rest_route=%2Fwp%2Fv2%2Fcomments&post=247911"}],"version-history":[{"count":0,"href":"https:\/\/blogdofarnesio.com.br\/index.php?rest_route=\/wp\/v2\/posts\/247911\/revisions"}],"wp:featuredmedia":[{"embeddable":true,"href":"https:\/\/blogdofarnesio.com.br\/index.php?rest_route=\/wp\/v2\/media\/247913"}],"wp:attachment":[{"href":"https:\/\/blogdofarnesio.com.br\/index.php?rest_route=%2Fwp%2Fv2%2Fmedia&parent=247911"}],"wp:term":[{"taxonomy":"category","embeddable":true,"href":"https:\/\/blogdofarnesio.com.br\/index.php?rest_route=%2Fwp%2Fv2%2Fcategories&post=247911"},{"taxonomy":"post_tag","embeddable":true,"href":"https:\/\/blogdofarnesio.com.br\/index.php?rest_route=%2Fwp%2Fv2%2Ftags&post=247911"}],"curies":[{"name":"wp","href":"https:\/\/api.w.org\/{rel}","templated":true}]}}