{"id":2451,"date":"2011-03-25T07:22:39","date_gmt":"2011-03-25T07:22:39","guid":{"rendered":"http:\/\/www.quersaberpolitica.com.br?p=2451"},"modified":"-0001-11-30T00:00:00","modified_gmt":"-0001-11-30T03:00:00","slug":"pedra-do-lord-o-nome-e-bonito-mas-a-situacao-esta-feia","status":"publish","type":"post","link":"https:\/\/blogdofarnesio.com.br\/?p=2451","title":{"rendered":"Pedra do Lord: O nome \u00e9 bonito, mas a situa\u00e7\u00e3o est\u00e1 feia!"},"content":{"rendered":"<p>&nbsp;<\/p>\n<p class=\"MsoNormal\" style=\"text-align: justify;\"><strong><span style=\"font-size: small;\"><span style=\"font-family: arial, helvetica, sans-serif;\">Pedra do Lord: O nome &eacute; bonito, mas a situa&ccedil;&atilde;o est&aacute; feia!<\/span><\/span><\/strong><\/p>\n<p class=\"MsoNormal\" style=\"text-align: justify;\"><strong><span style=\"font-size: small;\"><span style=\"font-family: arial, helvetica, sans-serif;\">&nbsp;<\/span><\/span><\/strong><\/p>\n<p class=\"MsoNormal\" style=\"text-align: justify;\">&nbsp;<\/p>\n<div>\n<div class=\"imgefeito\" style=\"float: right; margin-top: 5px; margin-bottom: 5px; margin-left: 10px; margin-right: 10px;\"><a rel=\"lightbox\" href=\"http:\/\/www.quersaberpolitica.com.br\/2016\/wp-content\/uploads\/2012\/12\/blogqsppedralordpraca.jpg\"><span style=\"font-size: small;\"><span style=\"font-family: arial, helvetica, sans-serif;\"><img loading=\"lazy\" decoding=\"async\" style=\"float: right; margin-top: 5px; margin-bottom: 5px; margin-left: 10px; margin-right: 10px;\" src=\"http:\/\/www.quersaberpolitica.com.br\/2016\/wp-content\/uploads\/2012\/12\/blogqsppedralordpraca.jpg\" alt=\"\" width=\"200\" height=\"150\" \/><br \/><span class=\"mais\">Ampliar<\/span><br \/><span class=\"desc\">Clique para ampliar<\/span><\/span><\/span><\/a><\/div>\n<div class=\"imgefeito\" style=\"float: left; margin-top: 5px; margin-bottom: 5px; margin-left: 10px; margin-right: 10px;\"><a rel=\"lightbox\" href=\"http:\/\/www.quersaberpolitica.com.br\/2016\/wp-content\/uploads\/2012\/12\/blogqsppedralord.jpg\"><span style=\"font-size: small;\"><span style=\"font-family: arial, helvetica, sans-serif;\"><img loading=\"lazy\" decoding=\"async\" style=\"float: left; margin-top: 5px; margin-bottom: 5px; margin-left: 10px; margin-right: 10px;\" src=\"http:\/\/www.quersaberpolitica.com.br\/2016\/wp-content\/uploads\/2012\/12\/blogqsppedralord.jpg\" alt=\"\" width=\"200\" height=\"150\" \/><br \/><span class=\"mais\">Ampliar<\/span><br \/><span class=\"desc\">Clique para ampliar<\/span><\/span><\/span><\/a><\/div>\n<p><span style=\"font-size: small;\"><span style=\"font-family: arial, helvetica, sans-serif;\">A pedido de representantes e de moradores do bairro Pedra do Lord, o vereador Z&eacute; Carlos Medeiros visitou a comunidade no final do ano de 2010, e constatou uma situa&ccedil;&atilde;o de abandono em todas as &aacute;reas no que se refere a servi&ccedil;os p&uacute;blicos. Ruas esburacadas, ilumina&ccedil;&atilde;o prec&aacute;ria, muito lixo, mato e esgotos em quase todas as ruas, pra&ccedil;as deterioradas, saneamento inacabado, animais soltos nas vias, inexist&ecirc;ncia de cal&ccedil;amento em algumas &aacute;reas, infesta&ccedil;&atilde;o de muri&ccedil;ocas, falta de placas indicativas de nomes nas ruas, sistema de drenagem das &aacute;guas pluviais permanentemente obstru&iacute;das, constante falta de &aacute;gua no bairro, inexist&ecirc;ncia de &aacute;reas de lazer apropriadas para crian&ccedil;as e jovens da comunidade, espa&ccedil;o obsoleto para funcionamento da Companhia de Pol&iacute;cia Militar, extenso e intenso matagal em todo o entorno do CAPS AD na divisa com o Palmares, al&eacute;m do n&atilde;o cumprimento do trajeto do transporte coletivo devido a uma grande cratera, que tornou-se lagoa, na via principal, de acesso ao bairro, prevista na rota, aumentando ainda mais o sofrimento vivido pelos moradores.<\/span><\/span><\/p>\n<\/div>\n<p>&nbsp;<\/p>\n<p class=\"MsoNormal\" style=\"text-align: justify;\"><span style=\"font-size: small;\"><span style=\"font-family: arial, helvetica, sans-serif;\">Depois dessa visita no final do ano passado, e das cobran&ccedil;as feitas pelo vereador Medeiros, o prefeito at&eacute; que ensaiou algum tipo de a&ccedil;&atilde;o ou servi&ccedil;o. Quais? Melhorou a ilumina&ccedil;&atilde;o p&uacute;blica, realizou uma limpeza meia-culpa, e tapou o buraco que impedia a passagem do &ocirc;nibus, e s&oacute;!<\/span><\/span><\/p>\n<p class=\"MsoNormal\" style=\"text-align: justify;\"><span style=\"font-size: small;\"><span style=\"font-family: arial, helvetica, sans-serif;\">Mas agora, ao retornar ao bairro, no dia 18 de mar&ccedil;o, nos deparamos com uma situa&ccedil;&atilde;o que poder&aacute; ser bem pior do que o foi constatado na primeira visita a comunidade. Al&eacute;m de observarmos os mesmos problemas, acrescidos dos juros oriundos da falta de manuten&ccedil;&atilde;o de servi&ccedil;os p&uacute;blicos, segundo o ex-presidente da associa&ccedil;&atilde;o de moradores &#8211; o Sr. Fabiano, a Pedra do Lord poder&aacute; ter outros preju&iacute;zos. S&atilde;o eles: A creche, implantada no bairro h&aacute; mais de vinte anos, deixaria de existir para ser absorvida pela creche Pr&oacute; Inf&acirc;ncia do Governo Federal que est&aacute; sendo constru&iacute;da no bairro vizinho e a Companhia de Pol&iacute;cia que funcionava em local prec&aacute;rio, mas pr&oacute;prio, foi transferida e hoje j&aacute; est&aacute; funcionando, em melhores instala&ccedil;&otilde;es, por&eacute;m alugada, no bairro Country Club, e se nada for feito essa situa&ccedil;&atilde;o poder&aacute; ser irrevers&iacute;vel, deixando a comunidade com mais esse preju&iacute;zo.<\/span><\/span><\/p>\n<p class=\"MsoNormal\" style=\"text-align: justify;\"><span style=\"font-size: small;\"><span style=\"font-family: arial, helvetica, sans-serif;\">Outros fatos que nos chamaram a aten&ccedil;&atilde;o d&atilde;o conta do grande lix&atilde;o que est&aacute; se formando pr&oacute;ximo ao CAPS AD no matagal j&aacute; mencionado e, conforme moradores e l&iacute;deres da comunidade, parte desse lixo vem de contribui&ccedil;&otilde;es de prepostos da pr&oacute;pria <strong>prefeitura de Juazeiro<\/strong> que decidiram fazer dali uma &aacute;rea de desova de capina, entulhos e outros res&iacute;duos; e mais: o crime ambiental, amplamente denunciado pela associa&ccedil;&atilde;o do bairro e pelo vereador Medeiros na Tribuna da C&acirc;mara, demonstrando que os condom&iacute;nios residenciais constru&iacute;dos no per&iacute;metro da comunidade, que favorecem o status da classe m&eacute;dia, evitando o seu &nbsp;&ecirc;xodo para cidades circunvizinhas, despejam todos os seus esgotos, sem tratamento, diretamente nas &aacute;guas do Rio S&atilde;o Francisco atrav&eacute;s de um canal cortado no fundo desses empreendimentos imobili&aacute;rios.&nbsp; Embora representem ganhos para nossa cidade atrav&eacute;s dos investimentos na constru&ccedil;&atilde;o civil, gerando emprego e renda na comunidade, n&atilde;o se pode deixar de observar que ribeirinhos, moradores e pescadores s&atilde;o impedidos de acessarem as margens do Velho Chico, para o seu lazer ou para o seu trabalho de pesca, porque as vias de acesso est&atilde;o inviabilizadas, tomadas pelo canal de esgoto e denso matagal, sendo que quando algum pescador, mesmo com todas as dificuldades presentes no ambiente, consegue alcan&ccedil;ar a margem do rio, &eacute; imediatamente impedido por seguran&ccedil;as dos condom&iacute;nios, de atracar sua embarca&ccedil;&atilde;o, ficando clara a privatiza&ccedil;&atilde;o da &aacute;rea de dom&iacute;nio p&uacute;blico.<\/span><\/span><\/p>\n<p class=\"MsoNormal\" style=\"text-align: justify;\"><span style=\"font-size: small;\"><span style=\"font-family: arial, helvetica, sans-serif;\">Portanto, &eacute; necess&aacute;rio que a prefeitura, as Secretarias de Meio Ambiente do munic&iacute;pio e do Estado, o IBAMA, o Minist&eacute;rio P&uacute;blico e demais autoridades constitu&iacute;das adotem provid&ecirc;ncias para garantir que n&atilde;o s&oacute; os deveres, mas que os direitos sejam realmente de todos, de verdade. &nbsp;&nbsp;<\/span><\/span><\/p>\n<p class=\"MsoNormal\" style=\"text-align: justify;\"><span style=\"font-size: small;\"><span style=\"font-family: arial, helvetica, sans-serif;\">A luta continua, at&eacute; porque <strong>O DEVER DO VEREADOR &Eacute; COBRAR, A OBRIGA&Ccedil;&Atilde;O DE FAZER &Eacute; DO PREFEITO.<\/strong><\/span><\/span><\/p>\n<p class=\"MsoNormal\" style=\"text-align: justify;\"><strong><span style=\"font-size: small;\"><span style=\"font-family: arial, helvetica, sans-serif;\">Atenciosamente, <\/span><\/span><\/strong><\/p>\n<p class=\"MsoNormal\" style=\"text-align: justify;\"><strong><span style=\"font-size: small;\"><span style=\"font-family: arial, helvetica, sans-serif;\">&nbsp;<\/span><\/span><\/strong><\/p>\n<p class=\"MsoNormal\" style=\"text-align: justify;\"><strong><span style=\"font-size: small;\"><span style=\"font-family: arial, helvetica, sans-serif;\">Z&eacute; Carlos Medeiros &ndash; Um vereador que trabalha de verdade.<\/span><\/span><\/strong><\/p>\n<p>&nbsp;<\/p>\n","protected":false},"excerpt":{"rendered":"<p>&nbsp; Pedra do Lord: O nome &eacute; bonito, mas a situa&ccedil;&atilde;o est&aacute; feia! &nbsp; &nbsp; AmpliarClique para ampliar AmpliarClique para ampliar A pedido de representantes e de moradores do bairro Pedra do Lord, o vereador Z&eacute; Carlos Medeiros visitou a comunidade no final do ano de 2010, e constatou uma situa&ccedil;&atilde;o de abandono em todas as &aacute;reas no que se refere a servi&ccedil;os p&uacute;blicos. Ruas esburacadas, ilumina&ccedil;&atilde;o prec&aacute;ria, muito lixo, mato e esgotos em quase todas as ruas, pra&ccedil;as deterioradas, saneamento inacabado, animais soltos nas vias, inexist&ecirc;ncia de cal&ccedil;amento em algumas &aacute;reas, infesta&ccedil;&atilde;o de muri&ccedil;ocas, falta de placas indicativas de nomes nas ruas, sistema de drenagem das &aacute;guas pluviais permanentemente obstru&iacute;das, constante falta de &aacute;gua no bairro, inexist&ecirc;ncia de &aacute;reas&hellip; <\/p>\n","protected":false},"author":0,"featured_media":0,"comment_status":"open","ping_status":"open","sticky":false,"template":"","format":"standard","meta":{"_acf_changed":false,"footnotes":""},"categories":[13],"tags":[],"class_list":["post-2451","post","type-post","status-publish","format-standard","hentry","category-fruticultura"],"acf":[],"yoast_head":"<!-- This site is optimized with the Yoast SEO plugin v27.4 - https:\/\/yoast.com\/product\/yoast-seo-wordpress\/ -->\n<title>Pedra do Lord: O nome \u00e9 bonito, mas a situa\u00e7\u00e3o est\u00e1 feia!  - Blog do Farn\u00e9sio<\/title>\n<meta name=\"robots\" content=\"index, follow, max-snippet:-1, max-image-preview:large, max-video-preview:-1\" \/>\n<link rel=\"canonical\" href=\"https:\/\/blogdofarnesio.com.br\/?p=2451\" \/>\n<meta property=\"og:locale\" content=\"pt_BR\" \/>\n<meta property=\"og:type\" content=\"article\" \/>\n<meta property=\"og:title\" content=\"Pedra do Lord: O nome \u00e9 bonito, mas a situa\u00e7\u00e3o est\u00e1 feia!  - Blog do Farn\u00e9sio\" \/>\n<meta property=\"og:description\" content=\"&nbsp; Pedra do Lord: O nome &eacute; bonito, mas a situa&ccedil;&atilde;o est&aacute; feia! &nbsp; &nbsp; AmpliarClique para ampliar AmpliarClique para ampliar A pedido de representantes e de moradores do bairro Pedra do Lord, o vereador Z&eacute; Carlos Medeiros visitou a comunidade no final do ano de 2010, e constatou uma situa&ccedil;&atilde;o de abandono em todas as &aacute;reas no que se refere a servi&ccedil;os p&uacute;blicos. Ruas esburacadas, ilumina&ccedil;&atilde;o prec&aacute;ria, muito lixo, mato e esgotos em quase todas as ruas, pra&ccedil;as deterioradas, saneamento inacabado, animais soltos nas vias, inexist&ecirc;ncia de cal&ccedil;amento em algumas &aacute;reas, infesta&ccedil;&atilde;o de muri&ccedil;ocas, falta de placas indicativas de nomes nas ruas, sistema de drenagem das &aacute;guas pluviais permanentemente obstru&iacute;das, constante falta de &aacute;gua no bairro, inexist&ecirc;ncia de &aacute;reas&hellip;\" \/>\n<meta property=\"og:url\" content=\"https:\/\/blogdofarnesio.com.br\/?p=2451\" \/>\n<meta property=\"og:site_name\" content=\"Blog do Farn\u00e9sio\" \/>\n<meta property=\"article:publisher\" content=\"https:\/\/www.facebook.com\/BlogQuerSaberPolitica\/\" \/>\n<meta property=\"article:published_time\" content=\"2011-03-25T07:22:39+00:00\" \/>\n<meta property=\"og:image\" content=\"http:\/\/www.quersaberpolitica.com.br\/2016\/wp-content\/uploads\/2012\/12\/blogqsppedralordpraca.jpg\" \/>\n<meta name=\"twitter:card\" content=\"summary_large_image\" \/>\n<meta name=\"twitter:label1\" content=\"Est. tempo de leitura\" \/>\n\t<meta name=\"twitter:data1\" content=\"4 minutos\" \/>\n<script type=\"application\/ld+json\" class=\"yoast-schema-graph\">{\"@context\":\"https:\\\/\\\/schema.org\",\"@graph\":[{\"@type\":\"Article\",\"@id\":\"https:\\\/\\\/blogdofarnesio.com.br\\\/?p=2451#article\",\"isPartOf\":{\"@id\":\"https:\\\/\\\/blogdofarnesio.com.br\\\/?p=2451\"},\"author\":{\"name\":\"\",\"@id\":\"\"},\"headline\":\"Pedra do Lord: O nome \u00e9 bonito, mas a situa\u00e7\u00e3o est\u00e1 feia!\",\"datePublished\":\"2011-03-25T07:22:39+00:00\",\"mainEntityOfPage\":{\"@id\":\"https:\\\/\\\/blogdofarnesio.com.br\\\/?p=2451\"},\"wordCount\":903,\"commentCount\":0,\"publisher\":{\"@id\":\"https:\\\/\\\/blogdofarnesio.com.br\\\/#organization\"},\"image\":{\"@id\":\"https:\\\/\\\/blogdofarnesio.com.br\\\/?p=2451#primaryimage\"},\"thumbnailUrl\":\"http:\\\/\\\/www.quersaberpolitica.com.br\\\/2016\\\/wp-content\\\/uploads\\\/2012\\\/12\\\/blogqsppedralordpraca.jpg\",\"articleSection\":[\"Fruticultura\"],\"inLanguage\":\"pt-BR\",\"potentialAction\":[{\"@type\":\"CommentAction\",\"name\":\"Comment\",\"target\":[\"https:\\\/\\\/blogdofarnesio.com.br\\\/?p=2451#respond\"]}]},{\"@type\":\"WebPage\",\"@id\":\"https:\\\/\\\/blogdofarnesio.com.br\\\/?p=2451\",\"url\":\"https:\\\/\\\/blogdofarnesio.com.br\\\/?p=2451\",\"name\":\"Pedra do Lord: O nome \u00e9 bonito, mas a situa\u00e7\u00e3o est\u00e1 feia! - Blog do Farn\u00e9sio\",\"isPartOf\":{\"@id\":\"https:\\\/\\\/blogdofarnesio.com.br\\\/#website\"},\"primaryImageOfPage\":{\"@id\":\"https:\\\/\\\/blogdofarnesio.com.br\\\/?p=2451#primaryimage\"},\"image\":{\"@id\":\"https:\\\/\\\/blogdofarnesio.com.br\\\/?p=2451#primaryimage\"},\"thumbnailUrl\":\"http:\\\/\\\/www.quersaberpolitica.com.br\\\/2016\\\/wp-content\\\/uploads\\\/2012\\\/12\\\/blogqsppedralordpraca.jpg\",\"datePublished\":\"2011-03-25T07:22:39+00:00\",\"breadcrumb\":{\"@id\":\"https:\\\/\\\/blogdofarnesio.com.br\\\/?p=2451#breadcrumb\"},\"inLanguage\":\"pt-BR\",\"potentialAction\":[{\"@type\":\"ReadAction\",\"target\":[\"https:\\\/\\\/blogdofarnesio.com.br\\\/?p=2451\"]}]},{\"@type\":\"ImageObject\",\"inLanguage\":\"pt-BR\",\"@id\":\"https:\\\/\\\/blogdofarnesio.com.br\\\/?p=2451#primaryimage\",\"url\":\"http:\\\/\\\/www.quersaberpolitica.com.br\\\/2016\\\/wp-content\\\/uploads\\\/2012\\\/12\\\/blogqsppedralordpraca.jpg\",\"contentUrl\":\"http:\\\/\\\/www.quersaberpolitica.com.br\\\/2016\\\/wp-content\\\/uploads\\\/2012\\\/12\\\/blogqsppedralordpraca.jpg\"},{\"@type\":\"BreadcrumbList\",\"@id\":\"https:\\\/\\\/blogdofarnesio.com.br\\\/?p=2451#breadcrumb\",\"itemListElement\":[{\"@type\":\"ListItem\",\"position\":1,\"name\":\"In\u00edcio\",\"item\":\"https:\\\/\\\/blogdofarnesio.com.br\\\/\"},{\"@type\":\"ListItem\",\"position\":2,\"name\":\"Pedra do Lord: O nome \u00e9 bonito, mas a situa\u00e7\u00e3o est\u00e1 feia!\"}]},{\"@type\":\"WebSite\",\"@id\":\"https:\\\/\\\/blogdofarnesio.com.br\\\/#website\",\"url\":\"https:\\\/\\\/blogdofarnesio.com.br\\\/\",\"name\":\"Blog do Farn\u00e9sio\",\"description\":\"Quer Saber Pol\u00edtica?\",\"publisher\":{\"@id\":\"https:\\\/\\\/blogdofarnesio.com.br\\\/#organization\"},\"potentialAction\":[{\"@type\":\"SearchAction\",\"target\":{\"@type\":\"EntryPoint\",\"urlTemplate\":\"https:\\\/\\\/blogdofarnesio.com.br\\\/?s={search_term_string}\"},\"query-input\":{\"@type\":\"PropertyValueSpecification\",\"valueRequired\":true,\"valueName\":\"search_term_string\"}}],\"inLanguage\":\"pt-BR\"},{\"@type\":\"Organization\",\"@id\":\"https:\\\/\\\/blogdofarnesio.com.br\\\/#organization\",\"name\":\"Blog do Farn\u00e9sio\",\"url\":\"https:\\\/\\\/blogdofarnesio.com.br\\\/\",\"logo\":{\"@type\":\"ImageObject\",\"inLanguage\":\"pt-BR\",\"@id\":\"https:\\\/\\\/blogdofarnesio.com.br\\\/#\\\/schema\\\/logo\\\/image\\\/\",\"url\":\"https:\\\/\\\/blogdofarnesio.com.br\\\/wp-content\\\/uploads\\\/2026\\\/03\\\/cropped-logo_new-1.png\",\"contentUrl\":\"https:\\\/\\\/blogdofarnesio.com.br\\\/wp-content\\\/uploads\\\/2026\\\/03\\\/cropped-logo_new-1.png\",\"width\":881,\"height\":685,\"caption\":\"Blog do Farn\u00e9sio\"},\"image\":{\"@id\":\"https:\\\/\\\/blogdofarnesio.com.br\\\/#\\\/schema\\\/logo\\\/image\\\/\"},\"sameAs\":[\"https:\\\/\\\/www.facebook.com\\\/BlogQuerSaberPolitica\\\/\"]}]}<\/script>\n<!-- \/ Yoast SEO plugin. -->","yoast_head_json":{"title":"Pedra do Lord: O nome \u00e9 bonito, mas a situa\u00e7\u00e3o est\u00e1 feia!  - Blog do Farn\u00e9sio","robots":{"index":"index","follow":"follow","max-snippet":"max-snippet:-1","max-image-preview":"max-image-preview:large","max-video-preview":"max-video-preview:-1"},"canonical":"https:\/\/blogdofarnesio.com.br\/?p=2451","og_locale":"pt_BR","og_type":"article","og_title":"Pedra do Lord: O nome \u00e9 bonito, mas a situa\u00e7\u00e3o est\u00e1 feia!  - Blog do Farn\u00e9sio","og_description":"&nbsp; Pedra do Lord: O nome &eacute; bonito, mas a situa&ccedil;&atilde;o est&aacute; feia! &nbsp; &nbsp; AmpliarClique para ampliar AmpliarClique para ampliar A pedido de representantes e de moradores do bairro Pedra do Lord, o vereador Z&eacute; Carlos Medeiros visitou a comunidade no final do ano de 2010, e constatou uma situa&ccedil;&atilde;o de abandono em todas as &aacute;reas no que se refere a servi&ccedil;os p&uacute;blicos. Ruas esburacadas, ilumina&ccedil;&atilde;o prec&aacute;ria, muito lixo, mato e esgotos em quase todas as ruas, pra&ccedil;as deterioradas, saneamento inacabado, animais soltos nas vias, inexist&ecirc;ncia de cal&ccedil;amento em algumas &aacute;reas, infesta&ccedil;&atilde;o de muri&ccedil;ocas, falta de placas indicativas de nomes nas ruas, sistema de drenagem das &aacute;guas pluviais permanentemente obstru&iacute;das, constante falta de &aacute;gua no bairro, inexist&ecirc;ncia de &aacute;reas&hellip;","og_url":"https:\/\/blogdofarnesio.com.br\/?p=2451","og_site_name":"Blog do Farn\u00e9sio","article_publisher":"https:\/\/www.facebook.com\/BlogQuerSaberPolitica\/","article_published_time":"2011-03-25T07:22:39+00:00","og_image":[{"url":"http:\/\/www.quersaberpolitica.com.br\/2016\/wp-content\/uploads\/2012\/12\/blogqsppedralordpraca.jpg","type":"","width":"","height":""}],"twitter_card":"summary_large_image","twitter_misc":{"Est. tempo de leitura":"4 minutos"},"schema":{"@context":"https:\/\/schema.org","@graph":[{"@type":"Article","@id":"https:\/\/blogdofarnesio.com.br\/?p=2451#article","isPartOf":{"@id":"https:\/\/blogdofarnesio.com.br\/?p=2451"},"author":{"name":"","@id":""},"headline":"Pedra do Lord: O nome \u00e9 bonito, mas a situa\u00e7\u00e3o est\u00e1 feia!","datePublished":"2011-03-25T07:22:39+00:00","mainEntityOfPage":{"@id":"https:\/\/blogdofarnesio.com.br\/?p=2451"},"wordCount":903,"commentCount":0,"publisher":{"@id":"https:\/\/blogdofarnesio.com.br\/#organization"},"image":{"@id":"https:\/\/blogdofarnesio.com.br\/?p=2451#primaryimage"},"thumbnailUrl":"http:\/\/www.quersaberpolitica.com.br\/2016\/wp-content\/uploads\/2012\/12\/blogqsppedralordpraca.jpg","articleSection":["Fruticultura"],"inLanguage":"pt-BR","potentialAction":[{"@type":"CommentAction","name":"Comment","target":["https:\/\/blogdofarnesio.com.br\/?p=2451#respond"]}]},{"@type":"WebPage","@id":"https:\/\/blogdofarnesio.com.br\/?p=2451","url":"https:\/\/blogdofarnesio.com.br\/?p=2451","name":"Pedra do Lord: O nome \u00e9 bonito, mas a situa\u00e7\u00e3o est\u00e1 feia! - Blog do Farn\u00e9sio","isPartOf":{"@id":"https:\/\/blogdofarnesio.com.br\/#website"},"primaryImageOfPage":{"@id":"https:\/\/blogdofarnesio.com.br\/?p=2451#primaryimage"},"image":{"@id":"https:\/\/blogdofarnesio.com.br\/?p=2451#primaryimage"},"thumbnailUrl":"http:\/\/www.quersaberpolitica.com.br\/2016\/wp-content\/uploads\/2012\/12\/blogqsppedralordpraca.jpg","datePublished":"2011-03-25T07:22:39+00:00","breadcrumb":{"@id":"https:\/\/blogdofarnesio.com.br\/?p=2451#breadcrumb"},"inLanguage":"pt-BR","potentialAction":[{"@type":"ReadAction","target":["https:\/\/blogdofarnesio.com.br\/?p=2451"]}]},{"@type":"ImageObject","inLanguage":"pt-BR","@id":"https:\/\/blogdofarnesio.com.br\/?p=2451#primaryimage","url":"http:\/\/www.quersaberpolitica.com.br\/2016\/wp-content\/uploads\/2012\/12\/blogqsppedralordpraca.jpg","contentUrl":"http:\/\/www.quersaberpolitica.com.br\/2016\/wp-content\/uploads\/2012\/12\/blogqsppedralordpraca.jpg"},{"@type":"BreadcrumbList","@id":"https:\/\/blogdofarnesio.com.br\/?p=2451#breadcrumb","itemListElement":[{"@type":"ListItem","position":1,"name":"In\u00edcio","item":"https:\/\/blogdofarnesio.com.br\/"},{"@type":"ListItem","position":2,"name":"Pedra do Lord: O nome \u00e9 bonito, mas a situa\u00e7\u00e3o est\u00e1 feia!"}]},{"@type":"WebSite","@id":"https:\/\/blogdofarnesio.com.br\/#website","url":"https:\/\/blogdofarnesio.com.br\/","name":"Blog do Farn\u00e9sio","description":"Quer Saber Pol\u00edtica?","publisher":{"@id":"https:\/\/blogdofarnesio.com.br\/#organization"},"potentialAction":[{"@type":"SearchAction","target":{"@type":"EntryPoint","urlTemplate":"https:\/\/blogdofarnesio.com.br\/?s={search_term_string}"},"query-input":{"@type":"PropertyValueSpecification","valueRequired":true,"valueName":"search_term_string"}}],"inLanguage":"pt-BR"},{"@type":"Organization","@id":"https:\/\/blogdofarnesio.com.br\/#organization","name":"Blog do Farn\u00e9sio","url":"https:\/\/blogdofarnesio.com.br\/","logo":{"@type":"ImageObject","inLanguage":"pt-BR","@id":"https:\/\/blogdofarnesio.com.br\/#\/schema\/logo\/image\/","url":"https:\/\/blogdofarnesio.com.br\/wp-content\/uploads\/2026\/03\/cropped-logo_new-1.png","contentUrl":"https:\/\/blogdofarnesio.com.br\/wp-content\/uploads\/2026\/03\/cropped-logo_new-1.png","width":881,"height":685,"caption":"Blog do Farn\u00e9sio"},"image":{"@id":"https:\/\/blogdofarnesio.com.br\/#\/schema\/logo\/image\/"},"sameAs":["https:\/\/www.facebook.com\/BlogQuerSaberPolitica\/"]}]}},"_links":{"self":[{"href":"https:\/\/blogdofarnesio.com.br\/index.php?rest_route=\/wp\/v2\/posts\/2451","targetHints":{"allow":["GET"]}}],"collection":[{"href":"https:\/\/blogdofarnesio.com.br\/index.php?rest_route=\/wp\/v2\/posts"}],"about":[{"href":"https:\/\/blogdofarnesio.com.br\/index.php?rest_route=\/wp\/v2\/types\/post"}],"replies":[{"embeddable":true,"href":"https:\/\/blogdofarnesio.com.br\/index.php?rest_route=%2Fwp%2Fv2%2Fcomments&post=2451"}],"version-history":[{"count":0,"href":"https:\/\/blogdofarnesio.com.br\/index.php?rest_route=\/wp\/v2\/posts\/2451\/revisions"}],"wp:attachment":[{"href":"https:\/\/blogdofarnesio.com.br\/index.php?rest_route=%2Fwp%2Fv2%2Fmedia&parent=2451"}],"wp:term":[{"taxonomy":"category","embeddable":true,"href":"https:\/\/blogdofarnesio.com.br\/index.php?rest_route=%2Fwp%2Fv2%2Fcategories&post=2451"},{"taxonomy":"post_tag","embeddable":true,"href":"https:\/\/blogdofarnesio.com.br\/index.php?rest_route=%2Fwp%2Fv2%2Ftags&post=2451"}],"curies":[{"name":"wp","href":"https:\/\/api.w.org\/{rel}","templated":true}]}}